{"id":66055,"date":"2026-09-01T18:01:59","date_gmt":"2026-09-01T17:01:59","guid":{"rendered":"https:\/\/algarve7.pt\/?p=66055"},"modified":"2026-09-01T18:02:04","modified_gmt":"2026-09-01T17:02:04","slug":"portimao-transforma-se-em-laboratorio-internacional-para-pensar-cidades-mais-resilientes-aos-sismos","status":"publish","type":"post","link":"https:\/\/algarve7.pt\/index.php\/2026\/09\/portimao-transforma-se-em-laboratorio-internacional-para-pensar-cidades-mais-resilientes-aos-sismos\/ambiente\/18\/01\/","title":{"rendered":"Portim\u00e3o transforma-se em laborat\u00f3rio internacional para pensar cidades mais resilientes aos sismos"},"content":{"rendered":"\n<p class=\"wp-block-paragraph\">Portim\u00e3o recebe, entre 1 e 5 de setembro de 2026, o workshop internacional \u201cLiving with Earthquakes \u2013 Learning from the historic town for a contemporary sustainable agenda\u201d, uma iniciativa acad\u00e9mica, em parceria com o ISMAT &#8211; Instituto Superior Manuel Teixeira Gomes, dedicada a estudar o impacto dos fen\u00f3menos s\u00edsmicos na arquitetura, no territ\u00f3rio e na evolu\u00e7\u00e3o das cidades hist\u00f3ricas e a refletir sobre estrat\u00e9gias para construir espa\u00e7os urbanos mais sustent\u00e1veis e resilientes.<\/p>\n\n\n\n<p class=\"wp-block-paragraph\">Promovido no \u00e2mbito de um Erasmus+ Blended Intensive Programme (BIP), o programa re\u00fane especialistas, estudantes e agentes locais num trabalho multidisciplinar que ter\u00e1 Portim\u00e3o como principal caso de estudo. A iniciativa \u00e9 coordenada por Ana Bordalo e Maria Rita Pais, envolvendo a Terr.A.ID, a ECATI, a Universidade Lus\u00f3fona e o CIAUD \u2013 Centro de Investiga\u00e7\u00e3o em Arquitetura, Urbanismo e Design da Faculdade de Arquitetura da Universidade de Lisboa, em parceria com institui\u00e7\u00f5es acad\u00e9micas nacionais e internacionais.<\/p>\n\n\n\n<p class=\"wp-block-paragraph\">A escolha de Portim\u00e3o est\u00e1 relacionada com a sua hist\u00f3ria urbana, cultural e territorial e com a forma como a cidade foi sendo moldada pela sua rela\u00e7\u00e3o com o rio Arade, o litoral e diferentes processos de transforma\u00e7\u00e3o ao longo dos s\u00e9culos.<\/p>\n\n\n\n<p class=\"wp-block-paragraph\">O centro hist\u00f3rico da cidade, marcado por uma malha urbana densa, edif\u00edcios de diferentes \u00e9pocas, com\u00e9rcio local, espa\u00e7os p\u00fablicos e uma forte rela\u00e7\u00e3o com a frente ribeirinha, ser\u00e1 analisado enquanto territ\u00f3rio onde arquitetura, paisagem, mem\u00f3ria e pr\u00e1ticas sociais se cruzam. O workshop ir\u00e1 explorar, em particular, a constru\u00e7\u00e3o e transforma\u00e7\u00e3o do espa\u00e7o urbano a diferentes escalas, procurando identificar estrat\u00e9gias para um futuro urbano mais sustent\u00e1vel e resiliente.<\/p>\n\n\n\n<p class=\"wp-block-paragraph\">Um dos pontos de partida do programa \u00e9 precisamente a rela\u00e7\u00e3o entre patrim\u00f3nio e resili\u00eancia. Em vez de olhar para os sismos apenas enquanto momentos de emerg\u00eancia e reconstru\u00e7\u00e3o, a iniciativa prop\u00f5e compreender de que forma estes acontecimentos transformaram paisagens, cidades e comunidades e como esse conhecimento hist\u00f3rico pode contribuir para uma cultura de preven\u00e7\u00e3o e adapta\u00e7\u00e3o.<\/p>\n\n\n\n<p class=\"wp-block-paragraph\">O programa contar\u00e1 ainda com contributos internacionais sobre reconstru\u00e7\u00e3o, patrim\u00f3nio e arquitetura, incluindo reflex\u00f5es sobre a reconstru\u00e7\u00e3o ap\u00f3s o sismo e tsunami de 2010 no Chile, bem como sobre a autenticidade, integridade e reconstru\u00e7\u00e3o da arquitetura hist\u00f3rica no Jap\u00e3o.<\/p>\n\n\n\n<p class=\"wp-block-paragraph\">Entre os especialistas envolvidos encontram-se Antonello Alici, professor associado de Hist\u00f3ria da Arquitetura na Polytechnic University of Marche e respons\u00e1vel por um programa internacional de investiga\u00e7\u00e3o sobre estrat\u00e9gias para regi\u00f5es sujeitas a risco s\u00edsmico; Dana Arnold, professora de Arte e Patrim\u00f3nio Cultural no Sainsbury Institute da University of East Anglia; Pablo Allard, arquiteto e antigo coordenador nacional da reconstru\u00e7\u00e3o urbana do Chile ap\u00f3s o sismo de 2010; e Simon Kaner, arque\u00f3logo e especialista em patrim\u00f3nio e pr\u00e9-hist\u00f3ria do Jap\u00e3o.<\/p>\n\n\n\n<p class=\"wp-block-paragraph\">Ao longo dos cinco dias, os participantes ir\u00e3o desenvolver trabalho de campo, an\u00e1lise espacial, mapeamento e investiga\u00e7\u00e3o urbana, trabalhando em grupos multidisciplinares com o objetivo de desenvolver propostas para o futuro do patrim\u00f3nio de Portim\u00e3o.<\/p>\n\n\n\n<p class=\"wp-block-paragraph\">A metodologia pretende cruzar diferentes dimens\u00f5es da cidade \u2013 f\u00edsica, hist\u00f3rica, social e cultural \u2013 e transformar a leitura do territ\u00f3rio em propostas concretas. Os resultados ser\u00e3o apresentados no Audit\u00f3rio do Museu de Portim\u00e3o, no dia 5 de setembro, depois de uma semana de trabalho conjunto entre estudantes, especialistas e comunidade local.<\/p>\n\n\n\n<p class=\"wp-block-paragraph\">Mais do que estudar os efeitos dos sismos sobre as cidades, o \u201cLiving with Earthquakes\u201d prop\u00f5e uma mudan\u00e7a de perspetiva: aprender com a hist\u00f3ria para antecipar desafios futuros. Atrav\u00e9s do di\u00e1logo entre arquitetura, urbanismo, patrim\u00f3nio, investiga\u00e7\u00e3o e comunidade, o programa procura contribuir para uma abordagem em que preven\u00e7\u00e3o, sustentabilidade, participa\u00e7\u00e3o e adapta\u00e7\u00e3o passam a fazer parte da constru\u00e7\u00e3o das cidades do futuro.<\/p>\n","protected":false},"excerpt":{"rendered":"<p>Portim\u00e3o recebe, entre 1 e 5 de setembro de 2026, o workshop internacional \u201cLiving with Earthquakes \u2013 Learning from the<\/p>\n","protected":false},"author":1,"featured_media":66056,"comment_status":"closed","ping_status":"closed","sticky":false,"template":"","format":"standard","meta":{"colormag_page_container_layout":"default_layout","colormag_page_sidebar_layout":"default_layout","_monsterinsights_skip_tracking":false,"_jetpack_newsletter_access":"","_jetpack_dont_email_post_to_subs":false,"_jetpack_newsletter_tier_id":0,"_jetpack_memberships_contains_paywalled_content":false,"_jetpack_feature_clip_id":0,"_jetpack_memberships_contains_paid_content":false,"footnotes":"","jetpack_publicize_message":"","jetpack_publicize_feature_enabled":true,"jetpack_social_post_already_shared":true,"jetpack_social_options":{"image_generator_settings":{"template":"highway","default_image_id":0,"font":"","enabled":false},"version":2},"jetpack_post_was_ever_published":false},"categories":[5],"tags":[36,32,659,72],"class_list":["post-66055","post","type-post","status-publish","format-standard","has-post-thumbnail","hentry","category-ambiente","tag-algarve","tag-ambiente","tag-ismat","tag-portimao"],"yoast_head":"<!-- This site is optimized with the Yoast SEO plugin v28.4 - https:\/\/yoast.com\/product\/yoast-seo-wordpress\/ -->\n<title>Portim\u00e3o transforma-se em laborat\u00f3rio internacional para pensar cidades mais resilientes aos sismos - Algarve 7<\/title>\n<meta name=\"description\" content=\"Portim\u00e3o transforma-se em laborat\u00f3rio internacional para pensar cidades mais resilientes aos sismos Ambiente\" \/>\n<meta name=\"robots\" content=\"index, follow, max-snippet:-1, max-image-preview:large, max-video-preview:-1\" \/>\n<link rel=\"canonical\" href=\"https:\/\/algarve7.pt\/index.php\/2026\/09\/portimao-transforma-se-em-laboratorio-internacional-para-pensar-cidades-mais-resilientes-aos-sismos\/ambiente\/18\/01\/\" \/>\n<meta property=\"og:locale\" content=\"pt_PT\" \/>\n<meta property=\"og:type\" content=\"article\" \/>\n<meta property=\"og:title\" content=\"Portim\u00e3o transforma-se em laborat\u00f3rio internacional para pensar cidades mais resilientes aos sismos - Algarve 7\" \/>\n<meta property=\"og:description\" content=\"Portim\u00e3o transforma-se em laborat\u00f3rio internacional para pensar cidades mais resilientes aos sismos Ambiente\" \/>\n<meta property=\"og:url\" content=\"https:\/\/algarve7.pt\/index.php\/2026\/09\/portimao-transforma-se-em-laboratorio-internacional-para-pensar-cidades-mais-resilientes-aos-sismos\/ambiente\/18\/01\/\" \/>\n<meta property=\"og:site_name\" content=\"Algarve 7\" \/>\n<meta property=\"article:publisher\" content=\"https:\/\/www.facebook.com\/algarve7\" \/>\n<meta property=\"article:author\" content=\"https:\/\/www.facebook.com\/algarve7\" \/>\n<meta property=\"article:published_time\" content=\"2026-09-01T17:01:59+00:00\" \/>\n<meta property=\"article:modified_time\" content=\"2026-09-01T17:02:04+00:00\" \/>\n<meta property=\"og:image\" content=\"https:\/\/algarve7.pt\/wp-content\/uploads\/2026\/09\/Captura-de-ecra-2026-09-01-as-18.00.59.png\" \/>\n\t<meta property=\"og:image:width\" content=\"969\" \/>\n\t<meta property=\"og:image:height\" content=\"650\" \/>\n\t<meta property=\"og:image:type\" content=\"image\/png\" \/>\n<meta name=\"author\" content=\"Algarve 7\" \/>\n<meta name=\"twitter:card\" content=\"summary_large_image\" \/>\n<meta name=\"twitter:creator\" content=\"@Algarvesete\" \/>\n<meta name=\"twitter:site\" content=\"@Algarvesete\" \/>\n<meta name=\"twitter:label1\" content=\"Escrito por\" \/>\n\t<meta name=\"twitter:data1\" content=\"Algarve 7\" \/>\n\t<meta name=\"twitter:label2\" content=\"Tempo estimado de leitura\" \/>\n\t<meta name=\"twitter:data2\" content=\"4 minutos\" \/>\n<script type=\"application\/ld+json\" class=\"yoast-schema-graph\">{\"@context\":\"https:\\\/\\\/schema.org\",\"@graph\":[{\"@type\":\"Article\",\"@id\":\"https:\\\/\\\/algarve7.pt\\\/index.php\\\/2026\\\/09\\\/portimao-transforma-se-em-laboratorio-internacional-para-pensar-cidades-mais-resilientes-aos-sismos\\\/ambiente\\\/18\\\/01\\\/#article\",\"isPartOf\":{\"@id\":\"https:\\\/\\\/algarve7.pt\\\/index.php\\\/2026\\\/09\\\/portimao-transforma-se-em-laboratorio-internacional-para-pensar-cidades-mais-resilientes-aos-sismos\\\/ambiente\\\/18\\\/01\\\/\"},\"author\":{\"name\":\"Algarve 7\",\"@id\":\"https:\\\/\\\/algarve7.pt\\\/#\\\/schema\\\/person\\\/23fa70681308e7b319a3204bcea45e0c\"},\"headline\":\"Portim\u00e3o transforma-se em laborat\u00f3rio internacional para pensar cidades mais resilientes aos sismos\",\"datePublished\":\"2026-09-01T17:01:59+00:00\",\"dateModified\":\"2026-09-01T17:02:04+00:00\",\"mainEntityOfPage\":{\"@id\":\"https:\\\/\\\/algarve7.pt\\\/index.php\\\/2026\\\/09\\\/portimao-transforma-se-em-laboratorio-internacional-para-pensar-cidades-mais-resilientes-aos-sismos\\\/ambiente\\\/18\\\/01\\\/\"},\"wordCount\":674,\"publisher\":{\"@id\":\"https:\\\/\\\/algarve7.pt\\\/#organization\"},\"image\":{\"@id\":\"https:\\\/\\\/algarve7.pt\\\/index.php\\\/2026\\\/09\\\/portimao-transforma-se-em-laboratorio-internacional-para-pensar-cidades-mais-resilientes-aos-sismos\\\/ambiente\\\/18\\\/01\\\/#primaryimage\"},\"thumbnailUrl\":\"https:\\\/\\\/algarve7.pt\\\/wp-content\\\/uploads\\\/2026\\\/09\\\/Captura-de-ecra-2026-09-01-as-18.00.59.png\",\"keywords\":[\"Algarve\",\"Ambiente\",\"ISMAT\",\"Portim\u00e3o\"],\"articleSection\":[\"Ambiente\"],\"inLanguage\":\"pt-PT\"},{\"@type\":\"WebPage\",\"@id\":\"https:\\\/\\\/algarve7.pt\\\/index.php\\\/2026\\\/09\\\/portimao-transforma-se-em-laboratorio-internacional-para-pensar-cidades-mais-resilientes-aos-sismos\\\/ambiente\\\/18\\\/01\\\/\",\"url\":\"https:\\\/\\\/algarve7.pt\\\/index.php\\\/2026\\\/09\\\/portimao-transforma-se-em-laboratorio-internacional-para-pensar-cidades-mais-resilientes-aos-sismos\\\/ambiente\\\/18\\\/01\\\/\",\"name\":\"Portim\u00e3o transforma-se em laborat\u00f3rio internacional para pensar cidades mais resilientes aos sismos - Algarve 7\",\"isPartOf\":{\"@id\":\"https:\\\/\\\/algarve7.pt\\\/#website\"},\"primaryImageOfPage\":{\"@id\":\"https:\\\/\\\/algarve7.pt\\\/index.php\\\/2026\\\/09\\\/portimao-transforma-se-em-laboratorio-internacional-para-pensar-cidades-mais-resilientes-aos-sismos\\\/ambiente\\\/18\\\/01\\\/#primaryimage\"},\"image\":{\"@id\":\"https:\\\/\\\/algarve7.pt\\\/index.php\\\/2026\\\/09\\\/portimao-transforma-se-em-laboratorio-internacional-para-pensar-cidades-mais-resilientes-aos-sismos\\\/ambiente\\\/18\\\/01\\\/#primaryimage\"},\"thumbnailUrl\":\"https:\\\/\\\/algarve7.pt\\\/wp-content\\\/uploads\\\/2026\\\/09\\\/Captura-de-ecra-2026-09-01-as-18.00.59.png\",\"datePublished\":\"2026-09-01T17:01:59+00:00\",\"dateModified\":\"2026-09-01T17:02:04+00:00\",\"description\":\"Portim\u00e3o transforma-se em laborat\u00f3rio internacional para pensar cidades mais resilientes aos sismos Ambiente\",\"breadcrumb\":{\"@id\":\"https:\\\/\\\/algarve7.pt\\\/index.php\\\/2026\\\/09\\\/portimao-transforma-se-em-laboratorio-internacional-para-pensar-cidades-mais-resilientes-aos-sismos\\\/ambiente\\\/18\\\/01\\\/#breadcrumb\"},\"inLanguage\":\"pt-PT\",\"potentialAction\":[{\"@type\":\"ReadAction\",\"target\":[\"https:\\\/\\\/algarve7.pt\\\/index.php\\\/2026\\\/09\\\/portimao-transforma-se-em-laboratorio-internacional-para-pensar-cidades-mais-resilientes-aos-sismos\\\/ambiente\\\/18\\\/01\\\/\"]}]},{\"@type\":\"ImageObject\",\"inLanguage\":\"pt-PT\",\"@id\":\"https:\\\/\\\/algarve7.pt\\\/index.php\\\/2026\\\/09\\\/portimao-transforma-se-em-laboratorio-internacional-para-pensar-cidades-mais-resilientes-aos-sismos\\\/ambiente\\\/18\\\/01\\\/#primaryimage\",\"url\":\"https:\\\/\\\/algarve7.pt\\\/wp-content\\\/uploads\\\/2026\\\/09\\\/Captura-de-ecra-2026-09-01-as-18.00.59.png\",\"contentUrl\":\"https:\\\/\\\/algarve7.pt\\\/wp-content\\\/uploads\\\/2026\\\/09\\\/Captura-de-ecra-2026-09-01-as-18.00.59.png\",\"width\":969,\"height\":650},{\"@type\":\"BreadcrumbList\",\"@id\":\"https:\\\/\\\/algarve7.pt\\\/index.php\\\/2026\\\/09\\\/portimao-transforma-se-em-laboratorio-internacional-para-pensar-cidades-mais-resilientes-aos-sismos\\\/ambiente\\\/18\\\/01\\\/#breadcrumb\",\"itemListElement\":[{\"@type\":\"ListItem\",\"position\":1,\"name\":\"In\u00edcio\",\"item\":\"https:\\\/\\\/algarve7.pt\\\/\"},{\"@type\":\"ListItem\",\"position\":2,\"name\":\"Portim\u00e3o transforma-se em laborat\u00f3rio internacional para pensar cidades mais resilientes aos sismos\"}]},{\"@type\":\"WebSite\",\"@id\":\"https:\\\/\\\/algarve7.pt\\\/#website\",\"url\":\"https:\\\/\\\/algarve7.pt\\\/\",\"name\":\"Algarve 7\",\"description\":\"Informa\u00e7\u00e3o sobre o Algarve\",\"publisher\":{\"@id\":\"https:\\\/\\\/algarve7.pt\\\/#organization\"},\"potentialAction\":[{\"@type\":\"SearchAction\",\"target\":{\"@type\":\"EntryPoint\",\"urlTemplate\":\"https:\\\/\\\/algarve7.pt\\\/?s={search_term_string}\"},\"query-input\":{\"@type\":\"PropertyValueSpecification\",\"valueRequired\":true,\"valueName\":\"search_term_string\"}}],\"inLanguage\":\"pt-PT\"},{\"@type\":\"Organization\",\"@id\":\"https:\\\/\\\/algarve7.pt\\\/#organization\",\"name\":\"Algarve 7\",\"url\":\"https:\\\/\\\/algarve7.pt\\\/\",\"logo\":{\"@type\":\"ImageObject\",\"inLanguage\":\"pt-PT\",\"@id\":\"https:\\\/\\\/algarve7.pt\\\/#\\\/schema\\\/logo\\\/image\\\/\",\"url\":\"https:\\\/\\\/algarve7.pt\\\/wp-content\\\/uploads\\\/2020\\\/10\\\/Logo-8.jpg\",\"contentUrl\":\"https:\\\/\\\/algarve7.pt\\\/wp-content\\\/uploads\\\/2020\\\/10\\\/Logo-8.jpg\",\"width\":1680,\"height\":1186,\"caption\":\"Algarve 7\"},\"image\":{\"@id\":\"https:\\\/\\\/algarve7.pt\\\/#\\\/schema\\\/logo\\\/image\\\/\"},\"sameAs\":[\"https:\\\/\\\/www.facebook.com\\\/algarve7\",\"https:\\\/\\\/x.com\\\/Algarvesete\",\"https:\\\/\\\/www.instagram.com\\\/jornalalgarve7\\\/\",\"https:\\\/\\\/www.linkedin.com\\\/company\\\/algarve7\",\"https:\\\/\\\/www.pinterest.pt\\\/geral0939\\\/_created\\\/\"]},{\"@type\":\"Person\",\"@id\":\"https:\\\/\\\/algarve7.pt\\\/#\\\/schema\\\/person\\\/23fa70681308e7b319a3204bcea45e0c\",\"name\":\"Algarve 7\",\"sameAs\":[\"https:\\\/\\\/algarve7.pt\",\"https:\\\/\\\/www.facebook.com\\\/algarve7\"],\"url\":\"https:\\\/\\\/algarve7.pt\\\/index.php\\\/author\\\/geralalgarve7-pt\\\/\"}]}<\/script>\n<!-- \/ Yoast SEO plugin. -->","yoast_head_json":{"title":"Portim\u00e3o transforma-se em laborat\u00f3rio internacional para pensar cidades mais resilientes aos sismos - Algarve 7","description":"Portim\u00e3o transforma-se em laborat\u00f3rio internacional para pensar cidades mais resilientes aos sismos Ambiente","robots":{"index":"index","follow":"follow","max-snippet":"max-snippet:-1","max-image-preview":"max-image-preview:large","max-video-preview":"max-video-preview:-1"},"canonical":"https:\/\/algarve7.pt\/index.php\/2026\/09\/portimao-transforma-se-em-laboratorio-internacional-para-pensar-cidades-mais-resilientes-aos-sismos\/ambiente\/18\/01\/","og_locale":"pt_PT","og_type":"article","og_title":"Portim\u00e3o transforma-se em laborat\u00f3rio internacional para pensar cidades mais resilientes aos sismos - Algarve 7","og_description":"Portim\u00e3o transforma-se em laborat\u00f3rio internacional para pensar cidades mais resilientes aos sismos Ambiente","og_url":"https:\/\/algarve7.pt\/index.php\/2026\/09\/portimao-transforma-se-em-laboratorio-internacional-para-pensar-cidades-mais-resilientes-aos-sismos\/ambiente\/18\/01\/","og_site_name":"Algarve 7","article_publisher":"https:\/\/www.facebook.com\/algarve7","article_author":"https:\/\/www.facebook.com\/algarve7","article_published_time":"2026-09-01T17:01:59+00:00","article_modified_time":"2026-09-01T17:02:04+00:00","og_image":[{"width":969,"height":650,"url":"https:\/\/algarve7.pt\/wp-content\/uploads\/2026\/09\/Captura-de-ecra-2026-09-01-as-18.00.59.png","type":"image\/png"}],"author":"Algarve 7","twitter_card":"summary_large_image","twitter_creator":"@Algarvesete","twitter_site":"@Algarvesete","twitter_misc":{"Escrito por":"Algarve 7","Tempo estimado de leitura":"4 minutos"},"schema":{"@context":"https:\/\/schema.org","@graph":[{"@type":"Article","@id":"https:\/\/algarve7.pt\/index.php\/2026\/09\/portimao-transforma-se-em-laboratorio-internacional-para-pensar-cidades-mais-resilientes-aos-sismos\/ambiente\/18\/01\/#article","isPartOf":{"@id":"https:\/\/algarve7.pt\/index.php\/2026\/09\/portimao-transforma-se-em-laboratorio-internacional-para-pensar-cidades-mais-resilientes-aos-sismos\/ambiente\/18\/01\/"},"author":{"name":"Algarve 7","@id":"https:\/\/algarve7.pt\/#\/schema\/person\/23fa70681308e7b319a3204bcea45e0c"},"headline":"Portim\u00e3o transforma-se em laborat\u00f3rio internacional para pensar cidades mais resilientes aos sismos","datePublished":"2026-09-01T17:01:59+00:00","dateModified":"2026-09-01T17:02:04+00:00","mainEntityOfPage":{"@id":"https:\/\/algarve7.pt\/index.php\/2026\/09\/portimao-transforma-se-em-laboratorio-internacional-para-pensar-cidades-mais-resilientes-aos-sismos\/ambiente\/18\/01\/"},"wordCount":674,"publisher":{"@id":"https:\/\/algarve7.pt\/#organization"},"image":{"@id":"https:\/\/algarve7.pt\/index.php\/2026\/09\/portimao-transforma-se-em-laboratorio-internacional-para-pensar-cidades-mais-resilientes-aos-sismos\/ambiente\/18\/01\/#primaryimage"},"thumbnailUrl":"https:\/\/algarve7.pt\/wp-content\/uploads\/2026\/09\/Captura-de-ecra-2026-09-01-as-18.00.59.png","keywords":["Algarve","Ambiente","ISMAT","Portim\u00e3o"],"articleSection":["Ambiente"],"inLanguage":"pt-PT"},{"@type":"WebPage","@id":"https:\/\/algarve7.pt\/index.php\/2026\/09\/portimao-transforma-se-em-laboratorio-internacional-para-pensar-cidades-mais-resilientes-aos-sismos\/ambiente\/18\/01\/","url":"https:\/\/algarve7.pt\/index.php\/2026\/09\/portimao-transforma-se-em-laboratorio-internacional-para-pensar-cidades-mais-resilientes-aos-sismos\/ambiente\/18\/01\/","name":"Portim\u00e3o transforma-se em laborat\u00f3rio internacional para pensar cidades mais resilientes aos sismos - Algarve 7","isPartOf":{"@id":"https:\/\/algarve7.pt\/#website"},"primaryImageOfPage":{"@id":"https:\/\/algarve7.pt\/index.php\/2026\/09\/portimao-transforma-se-em-laboratorio-internacional-para-pensar-cidades-mais-resilientes-aos-sismos\/ambiente\/18\/01\/#primaryimage"},"image":{"@id":"https:\/\/algarve7.pt\/index.php\/2026\/09\/portimao-transforma-se-em-laboratorio-internacional-para-pensar-cidades-mais-resilientes-aos-sismos\/ambiente\/18\/01\/#primaryimage"},"thumbnailUrl":"https:\/\/algarve7.pt\/wp-content\/uploads\/2026\/09\/Captura-de-ecra-2026-09-01-as-18.00.59.png","datePublished":"2026-09-01T17:01:59+00:00","dateModified":"2026-09-01T17:02:04+00:00","description":"Portim\u00e3o transforma-se em laborat\u00f3rio internacional para pensar cidades mais resilientes aos sismos Ambiente","breadcrumb":{"@id":"https:\/\/algarve7.pt\/index.php\/2026\/09\/portimao-transforma-se-em-laboratorio-internacional-para-pensar-cidades-mais-resilientes-aos-sismos\/ambiente\/18\/01\/#breadcrumb"},"inLanguage":"pt-PT","potentialAction":[{"@type":"ReadAction","target":["https:\/\/algarve7.pt\/index.php\/2026\/09\/portimao-transforma-se-em-laboratorio-internacional-para-pensar-cidades-mais-resilientes-aos-sismos\/ambiente\/18\/01\/"]}]},{"@type":"ImageObject","inLanguage":"pt-PT","@id":"https:\/\/algarve7.pt\/index.php\/2026\/09\/portimao-transforma-se-em-laboratorio-internacional-para-pensar-cidades-mais-resilientes-aos-sismos\/ambiente\/18\/01\/#primaryimage","url":"https:\/\/algarve7.pt\/wp-content\/uploads\/2026\/09\/Captura-de-ecra-2026-09-01-as-18.00.59.png","contentUrl":"https:\/\/algarve7.pt\/wp-content\/uploads\/2026\/09\/Captura-de-ecra-2026-09-01-as-18.00.59.png","width":969,"height":650},{"@type":"BreadcrumbList","@id":"https:\/\/algarve7.pt\/index.php\/2026\/09\/portimao-transforma-se-em-laboratorio-internacional-para-pensar-cidades-mais-resilientes-aos-sismos\/ambiente\/18\/01\/#breadcrumb","itemListElement":[{"@type":"ListItem","position":1,"name":"In\u00edcio","item":"https:\/\/algarve7.pt\/"},{"@type":"ListItem","position":2,"name":"Portim\u00e3o transforma-se em laborat\u00f3rio internacional para pensar cidades mais resilientes aos sismos"}]},{"@type":"WebSite","@id":"https:\/\/algarve7.pt\/#website","url":"https:\/\/algarve7.pt\/","name":"Algarve 7","description":"Informa\u00e7\u00e3o sobre o Algarve","publisher":{"@id":"https:\/\/algarve7.pt\/#organization"},"potentialAction":[{"@type":"SearchAction","target":{"@type":"EntryPoint","urlTemplate":"https:\/\/algarve7.pt\/?s={search_term_string}"},"query-input":{"@type":"PropertyValueSpecification","valueRequired":true,"valueName":"search_term_string"}}],"inLanguage":"pt-PT"},{"@type":"Organization","@id":"https:\/\/algarve7.pt\/#organization","name":"Algarve 7","url":"https:\/\/algarve7.pt\/","logo":{"@type":"ImageObject","inLanguage":"pt-PT","@id":"https:\/\/algarve7.pt\/#\/schema\/logo\/image\/","url":"https:\/\/algarve7.pt\/wp-content\/uploads\/2020\/10\/Logo-8.jpg","contentUrl":"https:\/\/algarve7.pt\/wp-content\/uploads\/2020\/10\/Logo-8.jpg","width":1680,"height":1186,"caption":"Algarve 7"},"image":{"@id":"https:\/\/algarve7.pt\/#\/schema\/logo\/image\/"},"sameAs":["https:\/\/www.facebook.com\/algarve7","https:\/\/x.com\/Algarvesete","https:\/\/www.instagram.com\/jornalalgarve7\/","https:\/\/www.linkedin.com\/company\/algarve7","https:\/\/www.pinterest.pt\/geral0939\/_created\/"]},{"@type":"Person","@id":"https:\/\/algarve7.pt\/#\/schema\/person\/23fa70681308e7b319a3204bcea45e0c","name":"Algarve 7","sameAs":["https:\/\/algarve7.pt","https:\/\/www.facebook.com\/algarve7"],"url":"https:\/\/algarve7.pt\/index.php\/author\/geralalgarve7-pt\/"}]}},"jetpack_publicize_connections":[],"jetpack_shortlink":"https:\/\/wp.me\/pcezmW-hbp","jetpack_sharing_enabled":true,"jetpack_featured_media_url":"https:\/\/algarve7.pt\/wp-content\/uploads\/2026\/09\/Captura-de-ecra-2026-09-01-as-18.00.59.png","_links":{"self":[{"href":"https:\/\/algarve7.pt\/index.php\/wp-json\/wp\/v2\/posts\/66055","targetHints":{"allow":["GET"]}}],"collection":[{"href":"https:\/\/algarve7.pt\/index.php\/wp-json\/wp\/v2\/posts"}],"about":[{"href":"https:\/\/algarve7.pt\/index.php\/wp-json\/wp\/v2\/types\/post"}],"author":[{"embeddable":true,"href":"https:\/\/algarve7.pt\/index.php\/wp-json\/wp\/v2\/users\/1"}],"replies":[{"embeddable":true,"href":"https:\/\/algarve7.pt\/index.php\/wp-json\/wp\/v2\/comments?post=66055"}],"version-history":[{"count":1,"href":"https:\/\/algarve7.pt\/index.php\/wp-json\/wp\/v2\/posts\/66055\/revisions"}],"predecessor-version":[{"id":66057,"href":"https:\/\/algarve7.pt\/index.php\/wp-json\/wp\/v2\/posts\/66055\/revisions\/66057"}],"wp:featuredmedia":[{"embeddable":true,"href":"https:\/\/algarve7.pt\/index.php\/wp-json\/wp\/v2\/media\/66056"}],"wp:attachment":[{"href":"https:\/\/algarve7.pt\/index.php\/wp-json\/wp\/v2\/media?parent=66055"}],"wp:term":[{"taxonomy":"category","embeddable":true,"href":"https:\/\/algarve7.pt\/index.php\/wp-json\/wp\/v2\/categories?post=66055"},{"taxonomy":"post_tag","embeddable":true,"href":"https:\/\/algarve7.pt\/index.php\/wp-json\/wp\/v2\/tags?post=66055"}],"curies":[{"name":"wp","href":"https:\/\/api.w.org\/{rel}","templated":true}]}}