{"id":66049,"date":"2026-09-03T07:40:00","date_gmt":"2026-09-03T06:40:00","guid":{"rendered":"https:\/\/algarve7.pt\/?p=66049"},"modified":"2026-09-01T17:44:51","modified_gmt":"2026-09-01T16:44:51","slug":"projeto-herois-da-fruta-abre-inscricoes-no-algarve","status":"publish","type":"post","link":"https:\/\/algarve7.pt\/index.php\/2026\/09\/projeto-herois-da-fruta-abre-inscricoes-no-algarve\/educacao\/07\/40\/","title":{"rendered":"Projeto \u201cHer\u00f3is da Fruta\u201d abre inscri\u00e7\u00f5es no Algarve"},"content":{"rendered":"\n<p class=\"wp-block-paragraph\">A Associa\u00e7\u00e3o Portuguesa Contra a Obesidade Infantil (APCOI) anunciou a abertura das inscri\u00e7\u00f5es para a nova edi\u00e7\u00e3o do programa escolar \u201cHer\u00f3is da Fruta\u201d, referente ao ano letivo 2026\/2027. Destinada a turmas do pr\u00e9-escolar e do 1.\u00ba ciclo de todo o pa\u00eds, incluindo as Regi\u00f5es Aut\u00f3nomas da Madeira e dos A\u00e7ores, a iniciativa que no \u00faltimo ano letivo 2025\/2026 registou a inscri\u00e7\u00e3o de 41.128 alunos, 2.034 turmas e 1.170 escolas tem como objetivo central promover h\u00e1bitos de alimenta\u00e7\u00e3o saud\u00e1vel nas rotinas di\u00e1rias das crian\u00e7as portuguesas.<\/p>\n\n\n\n<p class=\"wp-block-paragraph\">Desde o seu lan\u00e7amento em 2011, o projeto j\u00e1 impactou mais de 1 milh\u00e3o de alunos, consolidando-se como o maior programa de educa\u00e7\u00e3o alimentar em contexto escolar no pa\u00eds.<\/p>\n\n\n\n<p class=\"wp-block-paragraph\">A abertura desta nova edi\u00e7\u00e3o surge refor\u00e7ada pela recente publica\u00e7\u00e3o de um estudo independente na prestigiada revista cient\u00edfica internacional European Journal of Nutrition, conduzido por investigadores do Instituto de Sa\u00fade Ambiental da Faculdade de Medicina da Universidade de Lisboa (ISAMB\/FMUL). A investiga\u00e7\u00e3o verificou o efeito direto do m\u00e9todo &#8220;Her\u00f3is da Fruta&#8221; na altera\u00e7\u00e3o dos comportamentos alimentares das crian\u00e7as:<\/p>\n\n\n\n<p class=\"wp-block-paragraph\">44,6% de aumento no n\u00famero de alunos que passaram a cumprir as doses di\u00e1rias recomendadas de fruta e vegetais.<\/p>\n\n\n\n<p class=\"wp-block-paragraph\">52,8% das crian\u00e7as que consumiam pouca ou nenhuma fruta na escola passaram a ingeri-la regularmente.<\/p>\n\n\n\n<p class=\"wp-block-paragraph\">Redu\u00e7\u00e3o no consumo de snacks industriais e ultraprocessados nos lanches escolares em pelo menos metade dos alunos participantes.<\/p>\n\n\n\n<p class=\"wp-block-paragraph\">&nbsp;M\u00e1rio Silva, Presidente da APCOI afirma que &#8220;chegar a mais de um milh\u00e3o de crian\u00e7as ao longo destes 15 anos \u00e9 um orgulho enorme, mas a miss\u00e3o dos Her\u00f3is da Fruta n\u00e3o p\u00e1ra aqui.\u201d E acrescenta ainda \u201csabermos que o projeto Her\u00f3is da Fruta aumentou em quase 45% o consumo di\u00e1rio de fruta e vegetais das crian\u00e7as, d\u00e1-nos a certeza de que levar esta iniciativa a mais escolas \u00e9 um passo essencial para melhorar a literacia em sa\u00fade e nutri\u00e7\u00e3o em Portugal. Por isso, abrimos as inscri\u00e7\u00f5es para a nova edi\u00e7\u00e3o com o compromisso renovado de continuar a inspirar as novas gera\u00e7\u00f5es a fazerem escolhas alimentares mais saud\u00e1veis&#8221;.<\/p>\n\n\n\n<p class=\"wp-block-paragraph\">O m\u00e9todo \u201cHer\u00f3is da Fruta\u201d foi desenhado por uma equipa multidisciplinar de nutricionistas e educadores, estando totalmente alinhado com as orienta\u00e7\u00f5es da Organiza\u00e7\u00e3o Mundial da Sa\u00fade (OMS), da Dire\u00e7\u00e3o-Geral da Sa\u00fade (DGS) e da Dire\u00e7\u00e3o-Geral da Educa\u00e7\u00e3o (DGE). A sua aplica\u00e7\u00e3o em sala de aula \u00e9 simples e n\u00e3o sobrecarrega os curr\u00edculos escolares: exige apenas 5 a 15 minutos di\u00e1rios ao longo de 25 dias \u00fateis (5 semanas), utilizando m\u00fasicas e materiais l\u00fadico-pedag\u00f3gicos para incentivar o consumo di\u00e1rio da regra dos &#8220;5 ao dia\u201d.<\/p>\n\n\n\n<p class=\"wp-block-paragraph\">Na edi\u00e7\u00e3o 2026\/2027, todas as turmas participantes que completarem o desafio de 5 semanas ter\u00e3o direito a pr\u00e9mios garantidos.<\/p>\n\n\n\n<p class=\"wp-block-paragraph\">Podem inscrever-se turmas de estabelecimentos de ensino p\u00fablicos ou privados, incluindo jardins de inf\u00e2ncia, agrupamentos escolares, ATL, CATL e AAF. As inscri\u00e7\u00f5es s\u00e3o totalmente gratuitas e devem ser realizadas at\u00e9 ao dia 31 de outubro de 2026 atrav\u00e9s do formul\u00e1rio <a href=\"https:\/\/draft.blogger.com\/blog\/post\/edit\/8105133422413499227\/1459159120678271444#\" data-type=\"link\" data-id=\"https:\/\/draft.blogger.com\/blog\/post\/edit\/8105133422413499227\/1459159120678271444#\" target=\"_blank\" rel=\"noreferrer noopener\">heroisdafruta.com\/inscricao<\/a><\/p>\n","protected":false},"excerpt":{"rendered":"<p>A Associa\u00e7\u00e3o Portuguesa Contra a Obesidade Infantil (APCOI) anunciou a abertura das inscri\u00e7\u00f5es para a nova edi\u00e7\u00e3o do programa escolar<\/p>\n","protected":false},"author":1,"featured_media":66050,"comment_status":"closed","ping_status":"closed","sticky":false,"template":"","format":"standard","meta":{"colormag_page_container_layout":"default_layout","colormag_page_sidebar_layout":"default_layout","_monsterinsights_skip_tracking":false,"_jetpack_newsletter_access":"","_jetpack_dont_email_post_to_subs":false,"_jetpack_newsletter_tier_id":0,"_jetpack_memberships_contains_paywalled_content":false,"_jetpack_feature_clip_id":0,"_jetpack_memberships_contains_paid_content":false,"footnotes":"","jetpack_publicize_message":"","jetpack_publicize_feature_enabled":true,"jetpack_social_post_already_shared":true,"jetpack_social_options":{"image_generator_settings":{"template":"highway","default_image_id":0,"font":"","enabled":false},"version":2},"jetpack_post_was_ever_published":false},"categories":[93],"tags":[36,74,138,1364],"class_list":["post-66049","post","type-post","status-publish","format-standard","has-post-thumbnail","hentry","category-educacao","tag-algarve","tag-educacao","tag-escola","tag-herois-da-fruta"],"yoast_head":"<!-- This site is optimized with the Yoast SEO plugin v28.4 - https:\/\/yoast.com\/product\/yoast-seo-wordpress\/ -->\n<title>Projeto \u201cHer\u00f3is da Fruta\u201d abre inscri\u00e7\u00f5es no Algarve - Algarve 7<\/title>\n<meta name=\"description\" content=\"Projeto \u201cHer\u00f3is da Fruta\u201d abre inscri\u00e7\u00f5es no Algarve Educa\u00e7\u00e3o\" \/>\n<meta name=\"robots\" content=\"index, follow, max-snippet:-1, max-image-preview:large, max-video-preview:-1\" \/>\n<link rel=\"canonical\" href=\"https:\/\/algarve7.pt\/index.php\/2026\/09\/projeto-herois-da-fruta-abre-inscricoes-no-algarve\/educacao\/07\/40\/\" \/>\n<meta property=\"og:locale\" content=\"pt_PT\" \/>\n<meta property=\"og:type\" content=\"article\" \/>\n<meta property=\"og:title\" content=\"Projeto \u201cHer\u00f3is da Fruta\u201d abre inscri\u00e7\u00f5es no Algarve - Algarve 7\" \/>\n<meta property=\"og:description\" content=\"Projeto \u201cHer\u00f3is da Fruta\u201d abre inscri\u00e7\u00f5es no Algarve Educa\u00e7\u00e3o\" \/>\n<meta property=\"og:url\" content=\"https:\/\/algarve7.pt\/index.php\/2026\/09\/projeto-herois-da-fruta-abre-inscricoes-no-algarve\/educacao\/07\/40\/\" \/>\n<meta property=\"og:site_name\" content=\"Algarve 7\" \/>\n<meta property=\"article:publisher\" content=\"https:\/\/www.facebook.com\/algarve7\" \/>\n<meta property=\"article:author\" content=\"https:\/\/www.facebook.com\/algarve7\" \/>\n<meta property=\"article:published_time\" content=\"2026-09-03T06:40:00+00:00\" \/>\n<meta property=\"og:image\" content=\"https:\/\/algarve7.pt\/wp-content\/uploads\/2026\/09\/Captura-de-ecra-2026-09-01-as-17.39.32.png\" \/>\n\t<meta property=\"og:image:width\" content=\"941\" \/>\n\t<meta property=\"og:image:height\" content=\"650\" \/>\n\t<meta property=\"og:image:type\" content=\"image\/png\" \/>\n<meta name=\"author\" content=\"Algarve 7\" \/>\n<meta name=\"twitter:card\" content=\"summary_large_image\" \/>\n<meta name=\"twitter:creator\" content=\"@Algarvesete\" \/>\n<meta name=\"twitter:site\" content=\"@Algarvesete\" \/>\n<meta name=\"twitter:label1\" content=\"Escrito por\" \/>\n\t<meta name=\"twitter:data1\" content=\"Algarve 7\" \/>\n\t<meta name=\"twitter:label2\" content=\"Tempo estimado de leitura\" \/>\n\t<meta name=\"twitter:data2\" content=\"3 minutos\" \/>\n<script type=\"application\/ld+json\" class=\"yoast-schema-graph\">{\"@context\":\"https:\\\/\\\/schema.org\",\"@graph\":[{\"@type\":\"Article\",\"@id\":\"https:\\\/\\\/algarve7.pt\\\/index.php\\\/2026\\\/09\\\/projeto-herois-da-fruta-abre-inscricoes-no-algarve\\\/educacao\\\/07\\\/40\\\/#article\",\"isPartOf\":{\"@id\":\"https:\\\/\\\/algarve7.pt\\\/index.php\\\/2026\\\/09\\\/projeto-herois-da-fruta-abre-inscricoes-no-algarve\\\/educacao\\\/07\\\/40\\\/\"},\"author\":{\"name\":\"Algarve 7\",\"@id\":\"https:\\\/\\\/algarve7.pt\\\/#\\\/schema\\\/person\\\/23fa70681308e7b319a3204bcea45e0c\"},\"headline\":\"Projeto \u201cHer\u00f3is da Fruta\u201d abre inscri\u00e7\u00f5es no Algarve\",\"datePublished\":\"2026-09-03T06:40:00+00:00\",\"mainEntityOfPage\":{\"@id\":\"https:\\\/\\\/algarve7.pt\\\/index.php\\\/2026\\\/09\\\/projeto-herois-da-fruta-abre-inscricoes-no-algarve\\\/educacao\\\/07\\\/40\\\/\"},\"wordCount\":541,\"publisher\":{\"@id\":\"https:\\\/\\\/algarve7.pt\\\/#organization\"},\"image\":{\"@id\":\"https:\\\/\\\/algarve7.pt\\\/index.php\\\/2026\\\/09\\\/projeto-herois-da-fruta-abre-inscricoes-no-algarve\\\/educacao\\\/07\\\/40\\\/#primaryimage\"},\"thumbnailUrl\":\"https:\\\/\\\/algarve7.pt\\\/wp-content\\\/uploads\\\/2026\\\/09\\\/Captura-de-ecra-2026-09-01-as-17.39.32.png\",\"keywords\":[\"Algarve\",\"Educa\u00e7\u00e3o\",\"Escola\",\"Her\u00f3is da Fruta\"],\"articleSection\":[\"Educa\u00e7\u00e3o\"],\"inLanguage\":\"pt-PT\"},{\"@type\":\"WebPage\",\"@id\":\"https:\\\/\\\/algarve7.pt\\\/index.php\\\/2026\\\/09\\\/projeto-herois-da-fruta-abre-inscricoes-no-algarve\\\/educacao\\\/07\\\/40\\\/\",\"url\":\"https:\\\/\\\/algarve7.pt\\\/index.php\\\/2026\\\/09\\\/projeto-herois-da-fruta-abre-inscricoes-no-algarve\\\/educacao\\\/07\\\/40\\\/\",\"name\":\"Projeto \u201cHer\u00f3is da Fruta\u201d abre inscri\u00e7\u00f5es no Algarve - Algarve 7\",\"isPartOf\":{\"@id\":\"https:\\\/\\\/algarve7.pt\\\/#website\"},\"primaryImageOfPage\":{\"@id\":\"https:\\\/\\\/algarve7.pt\\\/index.php\\\/2026\\\/09\\\/projeto-herois-da-fruta-abre-inscricoes-no-algarve\\\/educacao\\\/07\\\/40\\\/#primaryimage\"},\"image\":{\"@id\":\"https:\\\/\\\/algarve7.pt\\\/index.php\\\/2026\\\/09\\\/projeto-herois-da-fruta-abre-inscricoes-no-algarve\\\/educacao\\\/07\\\/40\\\/#primaryimage\"},\"thumbnailUrl\":\"https:\\\/\\\/algarve7.pt\\\/wp-content\\\/uploads\\\/2026\\\/09\\\/Captura-de-ecra-2026-09-01-as-17.39.32.png\",\"datePublished\":\"2026-09-03T06:40:00+00:00\",\"description\":\"Projeto \u201cHer\u00f3is da Fruta\u201d abre inscri\u00e7\u00f5es no Algarve Educa\u00e7\u00e3o\",\"breadcrumb\":{\"@id\":\"https:\\\/\\\/algarve7.pt\\\/index.php\\\/2026\\\/09\\\/projeto-herois-da-fruta-abre-inscricoes-no-algarve\\\/educacao\\\/07\\\/40\\\/#breadcrumb\"},\"inLanguage\":\"pt-PT\",\"potentialAction\":[{\"@type\":\"ReadAction\",\"target\":[\"https:\\\/\\\/algarve7.pt\\\/index.php\\\/2026\\\/09\\\/projeto-herois-da-fruta-abre-inscricoes-no-algarve\\\/educacao\\\/07\\\/40\\\/\"]}]},{\"@type\":\"ImageObject\",\"inLanguage\":\"pt-PT\",\"@id\":\"https:\\\/\\\/algarve7.pt\\\/index.php\\\/2026\\\/09\\\/projeto-herois-da-fruta-abre-inscricoes-no-algarve\\\/educacao\\\/07\\\/40\\\/#primaryimage\",\"url\":\"https:\\\/\\\/algarve7.pt\\\/wp-content\\\/uploads\\\/2026\\\/09\\\/Captura-de-ecra-2026-09-01-as-17.39.32.png\",\"contentUrl\":\"https:\\\/\\\/algarve7.pt\\\/wp-content\\\/uploads\\\/2026\\\/09\\\/Captura-de-ecra-2026-09-01-as-17.39.32.png\",\"width\":941,\"height\":650},{\"@type\":\"BreadcrumbList\",\"@id\":\"https:\\\/\\\/algarve7.pt\\\/index.php\\\/2026\\\/09\\\/projeto-herois-da-fruta-abre-inscricoes-no-algarve\\\/educacao\\\/07\\\/40\\\/#breadcrumb\",\"itemListElement\":[{\"@type\":\"ListItem\",\"position\":1,\"name\":\"In\u00edcio\",\"item\":\"https:\\\/\\\/algarve7.pt\\\/\"},{\"@type\":\"ListItem\",\"position\":2,\"name\":\"Projeto \u201cHer\u00f3is da Fruta\u201d abre inscri\u00e7\u00f5es no Algarve\"}]},{\"@type\":\"WebSite\",\"@id\":\"https:\\\/\\\/algarve7.pt\\\/#website\",\"url\":\"https:\\\/\\\/algarve7.pt\\\/\",\"name\":\"Algarve 7\",\"description\":\"Informa\u00e7\u00e3o sobre o Algarve\",\"publisher\":{\"@id\":\"https:\\\/\\\/algarve7.pt\\\/#organization\"},\"potentialAction\":[{\"@type\":\"SearchAction\",\"target\":{\"@type\":\"EntryPoint\",\"urlTemplate\":\"https:\\\/\\\/algarve7.pt\\\/?s={search_term_string}\"},\"query-input\":{\"@type\":\"PropertyValueSpecification\",\"valueRequired\":true,\"valueName\":\"search_term_string\"}}],\"inLanguage\":\"pt-PT\"},{\"@type\":\"Organization\",\"@id\":\"https:\\\/\\\/algarve7.pt\\\/#organization\",\"name\":\"Algarve 7\",\"url\":\"https:\\\/\\\/algarve7.pt\\\/\",\"logo\":{\"@type\":\"ImageObject\",\"inLanguage\":\"pt-PT\",\"@id\":\"https:\\\/\\\/algarve7.pt\\\/#\\\/schema\\\/logo\\\/image\\\/\",\"url\":\"https:\\\/\\\/algarve7.pt\\\/wp-content\\\/uploads\\\/2020\\\/10\\\/Logo-8.jpg\",\"contentUrl\":\"https:\\\/\\\/algarve7.pt\\\/wp-content\\\/uploads\\\/2020\\\/10\\\/Logo-8.jpg\",\"width\":1680,\"height\":1186,\"caption\":\"Algarve 7\"},\"image\":{\"@id\":\"https:\\\/\\\/algarve7.pt\\\/#\\\/schema\\\/logo\\\/image\\\/\"},\"sameAs\":[\"https:\\\/\\\/www.facebook.com\\\/algarve7\",\"https:\\\/\\\/x.com\\\/Algarvesete\",\"https:\\\/\\\/www.instagram.com\\\/jornalalgarve7\\\/\",\"https:\\\/\\\/www.linkedin.com\\\/company\\\/algarve7\",\"https:\\\/\\\/www.pinterest.pt\\\/geral0939\\\/_created\\\/\"]},{\"@type\":\"Person\",\"@id\":\"https:\\\/\\\/algarve7.pt\\\/#\\\/schema\\\/person\\\/23fa70681308e7b319a3204bcea45e0c\",\"name\":\"Algarve 7\",\"sameAs\":[\"https:\\\/\\\/algarve7.pt\",\"https:\\\/\\\/www.facebook.com\\\/algarve7\"],\"url\":\"https:\\\/\\\/algarve7.pt\\\/index.php\\\/author\\\/geralalgarve7-pt\\\/\"}]}<\/script>\n<!-- \/ Yoast SEO plugin. -->","yoast_head_json":{"title":"Projeto \u201cHer\u00f3is da Fruta\u201d abre inscri\u00e7\u00f5es no Algarve - Algarve 7","description":"Projeto \u201cHer\u00f3is da Fruta\u201d abre inscri\u00e7\u00f5es no Algarve Educa\u00e7\u00e3o","robots":{"index":"index","follow":"follow","max-snippet":"max-snippet:-1","max-image-preview":"max-image-preview:large","max-video-preview":"max-video-preview:-1"},"canonical":"https:\/\/algarve7.pt\/index.php\/2026\/09\/projeto-herois-da-fruta-abre-inscricoes-no-algarve\/educacao\/07\/40\/","og_locale":"pt_PT","og_type":"article","og_title":"Projeto \u201cHer\u00f3is da Fruta\u201d abre inscri\u00e7\u00f5es no Algarve - Algarve 7","og_description":"Projeto \u201cHer\u00f3is da Fruta\u201d abre inscri\u00e7\u00f5es no Algarve Educa\u00e7\u00e3o","og_url":"https:\/\/algarve7.pt\/index.php\/2026\/09\/projeto-herois-da-fruta-abre-inscricoes-no-algarve\/educacao\/07\/40\/","og_site_name":"Algarve 7","article_publisher":"https:\/\/www.facebook.com\/algarve7","article_author":"https:\/\/www.facebook.com\/algarve7","article_published_time":"2026-09-03T06:40:00+00:00","og_image":[{"width":941,"height":650,"url":"https:\/\/algarve7.pt\/wp-content\/uploads\/2026\/09\/Captura-de-ecra-2026-09-01-as-17.39.32.png","type":"image\/png"}],"author":"Algarve 7","twitter_card":"summary_large_image","twitter_creator":"@Algarvesete","twitter_site":"@Algarvesete","twitter_misc":{"Escrito por":"Algarve 7","Tempo estimado de leitura":"3 minutos"},"schema":{"@context":"https:\/\/schema.org","@graph":[{"@type":"Article","@id":"https:\/\/algarve7.pt\/index.php\/2026\/09\/projeto-herois-da-fruta-abre-inscricoes-no-algarve\/educacao\/07\/40\/#article","isPartOf":{"@id":"https:\/\/algarve7.pt\/index.php\/2026\/09\/projeto-herois-da-fruta-abre-inscricoes-no-algarve\/educacao\/07\/40\/"},"author":{"name":"Algarve 7","@id":"https:\/\/algarve7.pt\/#\/schema\/person\/23fa70681308e7b319a3204bcea45e0c"},"headline":"Projeto \u201cHer\u00f3is da Fruta\u201d abre inscri\u00e7\u00f5es no Algarve","datePublished":"2026-09-03T06:40:00+00:00","mainEntityOfPage":{"@id":"https:\/\/algarve7.pt\/index.php\/2026\/09\/projeto-herois-da-fruta-abre-inscricoes-no-algarve\/educacao\/07\/40\/"},"wordCount":541,"publisher":{"@id":"https:\/\/algarve7.pt\/#organization"},"image":{"@id":"https:\/\/algarve7.pt\/index.php\/2026\/09\/projeto-herois-da-fruta-abre-inscricoes-no-algarve\/educacao\/07\/40\/#primaryimage"},"thumbnailUrl":"https:\/\/algarve7.pt\/wp-content\/uploads\/2026\/09\/Captura-de-ecra-2026-09-01-as-17.39.32.png","keywords":["Algarve","Educa\u00e7\u00e3o","Escola","Her\u00f3is da Fruta"],"articleSection":["Educa\u00e7\u00e3o"],"inLanguage":"pt-PT"},{"@type":"WebPage","@id":"https:\/\/algarve7.pt\/index.php\/2026\/09\/projeto-herois-da-fruta-abre-inscricoes-no-algarve\/educacao\/07\/40\/","url":"https:\/\/algarve7.pt\/index.php\/2026\/09\/projeto-herois-da-fruta-abre-inscricoes-no-algarve\/educacao\/07\/40\/","name":"Projeto \u201cHer\u00f3is da Fruta\u201d abre inscri\u00e7\u00f5es no Algarve - Algarve 7","isPartOf":{"@id":"https:\/\/algarve7.pt\/#website"},"primaryImageOfPage":{"@id":"https:\/\/algarve7.pt\/index.php\/2026\/09\/projeto-herois-da-fruta-abre-inscricoes-no-algarve\/educacao\/07\/40\/#primaryimage"},"image":{"@id":"https:\/\/algarve7.pt\/index.php\/2026\/09\/projeto-herois-da-fruta-abre-inscricoes-no-algarve\/educacao\/07\/40\/#primaryimage"},"thumbnailUrl":"https:\/\/algarve7.pt\/wp-content\/uploads\/2026\/09\/Captura-de-ecra-2026-09-01-as-17.39.32.png","datePublished":"2026-09-03T06:40:00+00:00","description":"Projeto \u201cHer\u00f3is da Fruta\u201d abre inscri\u00e7\u00f5es no Algarve Educa\u00e7\u00e3o","breadcrumb":{"@id":"https:\/\/algarve7.pt\/index.php\/2026\/09\/projeto-herois-da-fruta-abre-inscricoes-no-algarve\/educacao\/07\/40\/#breadcrumb"},"inLanguage":"pt-PT","potentialAction":[{"@type":"ReadAction","target":["https:\/\/algarve7.pt\/index.php\/2026\/09\/projeto-herois-da-fruta-abre-inscricoes-no-algarve\/educacao\/07\/40\/"]}]},{"@type":"ImageObject","inLanguage":"pt-PT","@id":"https:\/\/algarve7.pt\/index.php\/2026\/09\/projeto-herois-da-fruta-abre-inscricoes-no-algarve\/educacao\/07\/40\/#primaryimage","url":"https:\/\/algarve7.pt\/wp-content\/uploads\/2026\/09\/Captura-de-ecra-2026-09-01-as-17.39.32.png","contentUrl":"https:\/\/algarve7.pt\/wp-content\/uploads\/2026\/09\/Captura-de-ecra-2026-09-01-as-17.39.32.png","width":941,"height":650},{"@type":"BreadcrumbList","@id":"https:\/\/algarve7.pt\/index.php\/2026\/09\/projeto-herois-da-fruta-abre-inscricoes-no-algarve\/educacao\/07\/40\/#breadcrumb","itemListElement":[{"@type":"ListItem","position":1,"name":"In\u00edcio","item":"https:\/\/algarve7.pt\/"},{"@type":"ListItem","position":2,"name":"Projeto \u201cHer\u00f3is da Fruta\u201d abre inscri\u00e7\u00f5es no Algarve"}]},{"@type":"WebSite","@id":"https:\/\/algarve7.pt\/#website","url":"https:\/\/algarve7.pt\/","name":"Algarve 7","description":"Informa\u00e7\u00e3o sobre o Algarve","publisher":{"@id":"https:\/\/algarve7.pt\/#organization"},"potentialAction":[{"@type":"SearchAction","target":{"@type":"EntryPoint","urlTemplate":"https:\/\/algarve7.pt\/?s={search_term_string}"},"query-input":{"@type":"PropertyValueSpecification","valueRequired":true,"valueName":"search_term_string"}}],"inLanguage":"pt-PT"},{"@type":"Organization","@id":"https:\/\/algarve7.pt\/#organization","name":"Algarve 7","url":"https:\/\/algarve7.pt\/","logo":{"@type":"ImageObject","inLanguage":"pt-PT","@id":"https:\/\/algarve7.pt\/#\/schema\/logo\/image\/","url":"https:\/\/algarve7.pt\/wp-content\/uploads\/2020\/10\/Logo-8.jpg","contentUrl":"https:\/\/algarve7.pt\/wp-content\/uploads\/2020\/10\/Logo-8.jpg","width":1680,"height":1186,"caption":"Algarve 7"},"image":{"@id":"https:\/\/algarve7.pt\/#\/schema\/logo\/image\/"},"sameAs":["https:\/\/www.facebook.com\/algarve7","https:\/\/x.com\/Algarvesete","https:\/\/www.instagram.com\/jornalalgarve7\/","https:\/\/www.linkedin.com\/company\/algarve7","https:\/\/www.pinterest.pt\/geral0939\/_created\/"]},{"@type":"Person","@id":"https:\/\/algarve7.pt\/#\/schema\/person\/23fa70681308e7b319a3204bcea45e0c","name":"Algarve 7","sameAs":["https:\/\/algarve7.pt","https:\/\/www.facebook.com\/algarve7"],"url":"https:\/\/algarve7.pt\/index.php\/author\/geralalgarve7-pt\/"}]}},"jetpack_publicize_connections":[],"jetpack_shortlink":"https:\/\/wp.me\/pcezmW-hbj","jetpack_sharing_enabled":true,"jetpack_featured_media_url":"https:\/\/algarve7.pt\/wp-content\/uploads\/2026\/09\/Captura-de-ecra-2026-09-01-as-17.39.32.png","_links":{"self":[{"href":"https:\/\/algarve7.pt\/index.php\/wp-json\/wp\/v2\/posts\/66049","targetHints":{"allow":["GET"]}}],"collection":[{"href":"https:\/\/algarve7.pt\/index.php\/wp-json\/wp\/v2\/posts"}],"about":[{"href":"https:\/\/algarve7.pt\/index.php\/wp-json\/wp\/v2\/types\/post"}],"author":[{"embeddable":true,"href":"https:\/\/algarve7.pt\/index.php\/wp-json\/wp\/v2\/users\/1"}],"replies":[{"embeddable":true,"href":"https:\/\/algarve7.pt\/index.php\/wp-json\/wp\/v2\/comments?post=66049"}],"version-history":[{"count":1,"href":"https:\/\/algarve7.pt\/index.php\/wp-json\/wp\/v2\/posts\/66049\/revisions"}],"predecessor-version":[{"id":66051,"href":"https:\/\/algarve7.pt\/index.php\/wp-json\/wp\/v2\/posts\/66049\/revisions\/66051"}],"wp:featuredmedia":[{"embeddable":true,"href":"https:\/\/algarve7.pt\/index.php\/wp-json\/wp\/v2\/media\/66050"}],"wp:attachment":[{"href":"https:\/\/algarve7.pt\/index.php\/wp-json\/wp\/v2\/media?parent=66049"}],"wp:term":[{"taxonomy":"category","embeddable":true,"href":"https:\/\/algarve7.pt\/index.php\/wp-json\/wp\/v2\/categories?post=66049"},{"taxonomy":"post_tag","embeddable":true,"href":"https:\/\/algarve7.pt\/index.php\/wp-json\/wp\/v2\/tags?post=66049"}],"curies":[{"name":"wp","href":"https:\/\/api.w.org\/{rel}","templated":true}]}}