{"id":66046,"date":"2026-09-03T07:25:00","date_gmt":"2026-09-03T06:25:00","guid":{"rendered":"https:\/\/algarve7.pt\/?p=66046"},"modified":"2026-09-01T17:38:03","modified_gmt":"2026-09-01T16:38:03","slug":"23-a-edicao-da-feira-dos-frutos-secos-regressa-a-alcantarilha-de-4-a-6-de-setembro","status":"publish","type":"post","link":"https:\/\/algarve7.pt\/index.php\/2026\/09\/23-a-edicao-da-feira-dos-frutos-secos-regressa-a-alcantarilha-de-4-a-6-de-setembro\/cultura\/07\/25\/","title":{"rendered":"23.\u00aa Edi\u00e7\u00e3o da Feira dos frutos secos regressa a Alcantarilha de 4 a 6 de setembro"},"content":{"rendered":"\n<p class=\"wp-block-paragraph\">Alcantarilha prepara-se para receber, de 4 a 6 de setembro, a 23.\u00aa edi\u00e7\u00e3o da Feira dos Frutos Secos, que volta a animar o Largo da Junta de Freguesia com tr\u00eas dias dedicados \u00e0 tradi\u00e7\u00e3o, aos sabores e \u00e0 cultura local.<\/p>\n\n\n\n<p class=\"wp-block-paragraph\">Os frutos secos, uma das imagens de marca da regi\u00e3o algarvia, assumem o lugar de destaque neste certame, que apresenta, contudo, uma programa\u00e7\u00e3o diversificada para todos os p\u00fablicos. Anima\u00e7\u00e3o de rua, m\u00fasica ao vivo, artesanato, do\u00e7aria, tasquinhas, um espa\u00e7o dedicado aos mais pequenos s\u00e3o algumas das propostas desta edi\u00e7\u00e3o.<\/p>\n\n\n\n<p class=\"wp-block-paragraph\">A iniciativa que celebra e valoriza os produtos locais, as tradi\u00e7\u00f5es e o patrim\u00f3nio cultural da freguesia \u00e9 coorganizada pelo Munic\u00edpio de Silves e pela Junta de Freguesia de Alcantarilha, com o apoio da Comiss\u00e3o da Feira, constitu\u00edda pela Casa do Povo de Alcantarilha, P\u00eara e Arma\u00e7\u00e3o de P\u00eara; Sociedade Recreativa Alcantarilhense; G.A.D.A.G. \u2013 Grupo Aventura e Desporto de Alcantarilha Gare; Par\u00f3quia de Alcantarilha; Santa Casa da Miseric\u00f3rdia de Alcantarilha e ALDEPA \u2013 Associa\u00e7\u00e3o de Defesa do Patrim\u00f3nio Cultural e Natural de Alcantarilha.<\/p>\n\n\n\n<p class=\"wp-block-paragraph\">A programa\u00e7\u00e3o tem in\u00edcio diariamente \u00e0s 18h00 e inclui v\u00e1rios momentos de m\u00fasica e anima\u00e7\u00e3o:<\/p>\n\n\n\n<p class=\"wp-block-paragraph\">4 de setembro | sexta-feira<\/p>\n\n\n\n<p class=\"wp-block-paragraph\">20h00 \u2013 Algarve Marafade<\/p>\n\n\n\n<p class=\"wp-block-paragraph\">21h00 \u2013 Valter &amp; Can\u00e1rio<\/p>\n\n\n\n<p class=\"wp-block-paragraph\">22h30 \u2013 Duarte Almeida<\/p>\n\n\n\n<p class=\"wp-block-paragraph\">5 de setembro | s\u00e1bado<\/p>\n\n\n\n<p class=\"wp-block-paragraph\">19h30 \u2013 Deejay Cabrita<\/p>\n\n\n\n<p class=\"wp-block-paragraph\">21h00 \u2013 Emanuel &amp; T\u00e2nia<\/p>\n\n\n\n<p class=\"wp-block-paragraph\">22h30 \u2013 Iran Costra<\/p>\n\n\n\n<p class=\"wp-block-paragraph\">6 de setembro | domingo<\/p>\n\n\n\n<p class=\"wp-block-paragraph\">19h30 \u2013 ALDEPA&nbsp;<\/p>\n\n\n\n<p class=\"wp-block-paragraph\">21h00 \u2013 Ruben Filipe<\/p>\n\n\n\n<p class=\"wp-block-paragraph\">22h30 \u2013 TVN<\/p>\n","protected":false},"excerpt":{"rendered":"<p>Alcantarilha prepara-se para receber, de 4 a 6 de setembro, a 23.\u00aa edi\u00e7\u00e3o da Feira dos Frutos Secos, que volta<\/p>\n","protected":false},"author":1,"featured_media":66047,"comment_status":"closed","ping_status":"closed","sticky":false,"template":"","format":"standard","meta":{"colormag_page_container_layout":"default_layout","colormag_page_sidebar_layout":"default_layout","_monsterinsights_skip_tracking":false,"_jetpack_newsletter_access":"","_jetpack_dont_email_post_to_subs":false,"_jetpack_newsletter_tier_id":0,"_jetpack_memberships_contains_paywalled_content":false,"_jetpack_feature_clip_id":0,"_jetpack_memberships_contains_paid_content":false,"footnotes":"","jetpack_publicize_message":"","jetpack_publicize_feature_enabled":true,"jetpack_social_post_already_shared":true,"jetpack_social_options":{"image_generator_settings":{"template":"highway","default_image_id":0,"font":"","enabled":false},"version":2},"jetpack_post_was_ever_published":false},"categories":[14],"tags":[141,36,35,42],"class_list":["post-66046","post","type-post","status-publish","format-standard","has-post-thumbnail","hentry","category-cultura","tag-alcantarilha","tag-algarve","tag-cultura","tag-silves"],"yoast_head":"<!-- This site is optimized with the Yoast SEO plugin v28.4 - https:\/\/yoast.com\/product\/yoast-seo-wordpress\/ -->\n<title>23.\u00aa Edi\u00e7\u00e3o da Feira dos frutos secos regressa a Alcantarilha de 4 a 6 de setembro - Algarve 7<\/title>\n<meta name=\"description\" content=\"23.\u00aa Edi\u00e7\u00e3o da Feira dos frutos secos regressa a Alcantarilha de 4 a 6 de setembro Cultura\" \/>\n<meta name=\"robots\" content=\"index, follow, max-snippet:-1, max-image-preview:large, max-video-preview:-1\" \/>\n<link rel=\"canonical\" href=\"https:\/\/algarve7.pt\/index.php\/2026\/09\/23-a-edicao-da-feira-dos-frutos-secos-regressa-a-alcantarilha-de-4-a-6-de-setembro\/cultura\/07\/25\/\" \/>\n<meta property=\"og:locale\" content=\"pt_PT\" \/>\n<meta property=\"og:type\" content=\"article\" \/>\n<meta property=\"og:title\" content=\"23.\u00aa Edi\u00e7\u00e3o da Feira dos frutos secos regressa a Alcantarilha de 4 a 6 de setembro - Algarve 7\" \/>\n<meta property=\"og:description\" content=\"23.\u00aa Edi\u00e7\u00e3o da Feira dos frutos secos regressa a Alcantarilha de 4 a 6 de setembro Cultura\" \/>\n<meta property=\"og:url\" content=\"https:\/\/algarve7.pt\/index.php\/2026\/09\/23-a-edicao-da-feira-dos-frutos-secos-regressa-a-alcantarilha-de-4-a-6-de-setembro\/cultura\/07\/25\/\" \/>\n<meta property=\"og:site_name\" content=\"Algarve 7\" \/>\n<meta property=\"article:publisher\" content=\"https:\/\/www.facebook.com\/algarve7\" \/>\n<meta property=\"article:author\" content=\"https:\/\/www.facebook.com\/algarve7\" \/>\n<meta property=\"article:published_time\" content=\"2026-09-03T06:25:00+00:00\" \/>\n<meta property=\"og:image\" content=\"https:\/\/algarve7.pt\/wp-content\/uploads\/2026\/09\/CTV_Feira-dos-Frutos-Secos-2026.jpg\" \/>\n\t<meta property=\"og:image:width\" content=\"919\" \/>\n\t<meta property=\"og:image:height\" content=\"650\" \/>\n\t<meta property=\"og:image:type\" content=\"image\/jpeg\" \/>\n<meta name=\"author\" content=\"Algarve 7\" \/>\n<meta name=\"twitter:card\" content=\"summary_large_image\" \/>\n<meta name=\"twitter:creator\" content=\"@Algarvesete\" \/>\n<meta name=\"twitter:site\" content=\"@Algarvesete\" \/>\n<meta name=\"twitter:label1\" content=\"Escrito por\" \/>\n\t<meta name=\"twitter:data1\" content=\"Algarve 7\" \/>\n\t<meta name=\"twitter:label2\" content=\"Tempo estimado de leitura\" \/>\n\t<meta name=\"twitter:data2\" content=\"2 minutos\" \/>\n<script type=\"application\/ld+json\" class=\"yoast-schema-graph\">{\"@context\":\"https:\\\/\\\/schema.org\",\"@graph\":[{\"@type\":\"Article\",\"@id\":\"https:\\\/\\\/algarve7.pt\\\/index.php\\\/2026\\\/09\\\/23-a-edicao-da-feira-dos-frutos-secos-regressa-a-alcantarilha-de-4-a-6-de-setembro\\\/cultura\\\/07\\\/25\\\/#article\",\"isPartOf\":{\"@id\":\"https:\\\/\\\/algarve7.pt\\\/index.php\\\/2026\\\/09\\\/23-a-edicao-da-feira-dos-frutos-secos-regressa-a-alcantarilha-de-4-a-6-de-setembro\\\/cultura\\\/07\\\/25\\\/\"},\"author\":{\"name\":\"Algarve 7\",\"@id\":\"https:\\\/\\\/algarve7.pt\\\/#\\\/schema\\\/person\\\/23fa70681308e7b319a3204bcea45e0c\"},\"headline\":\"23.\u00aa Edi\u00e7\u00e3o da Feira dos frutos secos regressa a Alcantarilha de 4 a 6 de setembro\",\"datePublished\":\"2026-09-03T06:25:00+00:00\",\"mainEntityOfPage\":{\"@id\":\"https:\\\/\\\/algarve7.pt\\\/index.php\\\/2026\\\/09\\\/23-a-edicao-da-feira-dos-frutos-secos-regressa-a-alcantarilha-de-4-a-6-de-setembro\\\/cultura\\\/07\\\/25\\\/\"},\"wordCount\":266,\"publisher\":{\"@id\":\"https:\\\/\\\/algarve7.pt\\\/#organization\"},\"image\":{\"@id\":\"https:\\\/\\\/algarve7.pt\\\/index.php\\\/2026\\\/09\\\/23-a-edicao-da-feira-dos-frutos-secos-regressa-a-alcantarilha-de-4-a-6-de-setembro\\\/cultura\\\/07\\\/25\\\/#primaryimage\"},\"thumbnailUrl\":\"https:\\\/\\\/algarve7.pt\\\/wp-content\\\/uploads\\\/2026\\\/09\\\/CTV_Feira-dos-Frutos-Secos-2026.jpg\",\"keywords\":[\"Alcantarilha\",\"Algarve\",\"Cultura\",\"Silves\"],\"articleSection\":[\"Cultura\"],\"inLanguage\":\"pt-PT\"},{\"@type\":\"WebPage\",\"@id\":\"https:\\\/\\\/algarve7.pt\\\/index.php\\\/2026\\\/09\\\/23-a-edicao-da-feira-dos-frutos-secos-regressa-a-alcantarilha-de-4-a-6-de-setembro\\\/cultura\\\/07\\\/25\\\/\",\"url\":\"https:\\\/\\\/algarve7.pt\\\/index.php\\\/2026\\\/09\\\/23-a-edicao-da-feira-dos-frutos-secos-regressa-a-alcantarilha-de-4-a-6-de-setembro\\\/cultura\\\/07\\\/25\\\/\",\"name\":\"23.\u00aa Edi\u00e7\u00e3o da Feira dos frutos secos regressa a Alcantarilha de 4 a 6 de setembro - Algarve 7\",\"isPartOf\":{\"@id\":\"https:\\\/\\\/algarve7.pt\\\/#website\"},\"primaryImageOfPage\":{\"@id\":\"https:\\\/\\\/algarve7.pt\\\/index.php\\\/2026\\\/09\\\/23-a-edicao-da-feira-dos-frutos-secos-regressa-a-alcantarilha-de-4-a-6-de-setembro\\\/cultura\\\/07\\\/25\\\/#primaryimage\"},\"image\":{\"@id\":\"https:\\\/\\\/algarve7.pt\\\/index.php\\\/2026\\\/09\\\/23-a-edicao-da-feira-dos-frutos-secos-regressa-a-alcantarilha-de-4-a-6-de-setembro\\\/cultura\\\/07\\\/25\\\/#primaryimage\"},\"thumbnailUrl\":\"https:\\\/\\\/algarve7.pt\\\/wp-content\\\/uploads\\\/2026\\\/09\\\/CTV_Feira-dos-Frutos-Secos-2026.jpg\",\"datePublished\":\"2026-09-03T06:25:00+00:00\",\"description\":\"23.\u00aa Edi\u00e7\u00e3o da Feira dos frutos secos regressa a Alcantarilha de 4 a 6 de setembro Cultura\",\"breadcrumb\":{\"@id\":\"https:\\\/\\\/algarve7.pt\\\/index.php\\\/2026\\\/09\\\/23-a-edicao-da-feira-dos-frutos-secos-regressa-a-alcantarilha-de-4-a-6-de-setembro\\\/cultura\\\/07\\\/25\\\/#breadcrumb\"},\"inLanguage\":\"pt-PT\",\"potentialAction\":[{\"@type\":\"ReadAction\",\"target\":[\"https:\\\/\\\/algarve7.pt\\\/index.php\\\/2026\\\/09\\\/23-a-edicao-da-feira-dos-frutos-secos-regressa-a-alcantarilha-de-4-a-6-de-setembro\\\/cultura\\\/07\\\/25\\\/\"]}]},{\"@type\":\"ImageObject\",\"inLanguage\":\"pt-PT\",\"@id\":\"https:\\\/\\\/algarve7.pt\\\/index.php\\\/2026\\\/09\\\/23-a-edicao-da-feira-dos-frutos-secos-regressa-a-alcantarilha-de-4-a-6-de-setembro\\\/cultura\\\/07\\\/25\\\/#primaryimage\",\"url\":\"https:\\\/\\\/algarve7.pt\\\/wp-content\\\/uploads\\\/2026\\\/09\\\/CTV_Feira-dos-Frutos-Secos-2026.jpg\",\"contentUrl\":\"https:\\\/\\\/algarve7.pt\\\/wp-content\\\/uploads\\\/2026\\\/09\\\/CTV_Feira-dos-Frutos-Secos-2026.jpg\",\"width\":919,\"height\":650},{\"@type\":\"BreadcrumbList\",\"@id\":\"https:\\\/\\\/algarve7.pt\\\/index.php\\\/2026\\\/09\\\/23-a-edicao-da-feira-dos-frutos-secos-regressa-a-alcantarilha-de-4-a-6-de-setembro\\\/cultura\\\/07\\\/25\\\/#breadcrumb\",\"itemListElement\":[{\"@type\":\"ListItem\",\"position\":1,\"name\":\"In\u00edcio\",\"item\":\"https:\\\/\\\/algarve7.pt\\\/\"},{\"@type\":\"ListItem\",\"position\":2,\"name\":\"23.\u00aa Edi\u00e7\u00e3o da Feira dos frutos secos regressa a Alcantarilha de 4 a 6 de setembro\"}]},{\"@type\":\"WebSite\",\"@id\":\"https:\\\/\\\/algarve7.pt\\\/#website\",\"url\":\"https:\\\/\\\/algarve7.pt\\\/\",\"name\":\"Algarve 7\",\"description\":\"Informa\u00e7\u00e3o sobre o Algarve\",\"publisher\":{\"@id\":\"https:\\\/\\\/algarve7.pt\\\/#organization\"},\"potentialAction\":[{\"@type\":\"SearchAction\",\"target\":{\"@type\":\"EntryPoint\",\"urlTemplate\":\"https:\\\/\\\/algarve7.pt\\\/?s={search_term_string}\"},\"query-input\":{\"@type\":\"PropertyValueSpecification\",\"valueRequired\":true,\"valueName\":\"search_term_string\"}}],\"inLanguage\":\"pt-PT\"},{\"@type\":\"Organization\",\"@id\":\"https:\\\/\\\/algarve7.pt\\\/#organization\",\"name\":\"Algarve 7\",\"url\":\"https:\\\/\\\/algarve7.pt\\\/\",\"logo\":{\"@type\":\"ImageObject\",\"inLanguage\":\"pt-PT\",\"@id\":\"https:\\\/\\\/algarve7.pt\\\/#\\\/schema\\\/logo\\\/image\\\/\",\"url\":\"https:\\\/\\\/algarve7.pt\\\/wp-content\\\/uploads\\\/2020\\\/10\\\/Logo-8.jpg\",\"contentUrl\":\"https:\\\/\\\/algarve7.pt\\\/wp-content\\\/uploads\\\/2020\\\/10\\\/Logo-8.jpg\",\"width\":1680,\"height\":1186,\"caption\":\"Algarve 7\"},\"image\":{\"@id\":\"https:\\\/\\\/algarve7.pt\\\/#\\\/schema\\\/logo\\\/image\\\/\"},\"sameAs\":[\"https:\\\/\\\/www.facebook.com\\\/algarve7\",\"https:\\\/\\\/x.com\\\/Algarvesete\",\"https:\\\/\\\/www.instagram.com\\\/jornalalgarve7\\\/\",\"https:\\\/\\\/www.linkedin.com\\\/company\\\/algarve7\",\"https:\\\/\\\/www.pinterest.pt\\\/geral0939\\\/_created\\\/\"]},{\"@type\":\"Person\",\"@id\":\"https:\\\/\\\/algarve7.pt\\\/#\\\/schema\\\/person\\\/23fa70681308e7b319a3204bcea45e0c\",\"name\":\"Algarve 7\",\"sameAs\":[\"https:\\\/\\\/algarve7.pt\",\"https:\\\/\\\/www.facebook.com\\\/algarve7\"],\"url\":\"https:\\\/\\\/algarve7.pt\\\/index.php\\\/author\\\/geralalgarve7-pt\\\/\"}]}<\/script>\n<!-- \/ Yoast SEO plugin. -->","yoast_head_json":{"title":"23.\u00aa Edi\u00e7\u00e3o da Feira dos frutos secos regressa a Alcantarilha de 4 a 6 de setembro - Algarve 7","description":"23.\u00aa Edi\u00e7\u00e3o da Feira dos frutos secos regressa a Alcantarilha de 4 a 6 de setembro Cultura","robots":{"index":"index","follow":"follow","max-snippet":"max-snippet:-1","max-image-preview":"max-image-preview:large","max-video-preview":"max-video-preview:-1"},"canonical":"https:\/\/algarve7.pt\/index.php\/2026\/09\/23-a-edicao-da-feira-dos-frutos-secos-regressa-a-alcantarilha-de-4-a-6-de-setembro\/cultura\/07\/25\/","og_locale":"pt_PT","og_type":"article","og_title":"23.\u00aa Edi\u00e7\u00e3o da Feira dos frutos secos regressa a Alcantarilha de 4 a 6 de setembro - Algarve 7","og_description":"23.\u00aa Edi\u00e7\u00e3o da Feira dos frutos secos regressa a Alcantarilha de 4 a 6 de setembro Cultura","og_url":"https:\/\/algarve7.pt\/index.php\/2026\/09\/23-a-edicao-da-feira-dos-frutos-secos-regressa-a-alcantarilha-de-4-a-6-de-setembro\/cultura\/07\/25\/","og_site_name":"Algarve 7","article_publisher":"https:\/\/www.facebook.com\/algarve7","article_author":"https:\/\/www.facebook.com\/algarve7","article_published_time":"2026-09-03T06:25:00+00:00","og_image":[{"width":919,"height":650,"url":"https:\/\/algarve7.pt\/wp-content\/uploads\/2026\/09\/CTV_Feira-dos-Frutos-Secos-2026.jpg","type":"image\/jpeg"}],"author":"Algarve 7","twitter_card":"summary_large_image","twitter_creator":"@Algarvesete","twitter_site":"@Algarvesete","twitter_misc":{"Escrito por":"Algarve 7","Tempo estimado de leitura":"2 minutos"},"schema":{"@context":"https:\/\/schema.org","@graph":[{"@type":"Article","@id":"https:\/\/algarve7.pt\/index.php\/2026\/09\/23-a-edicao-da-feira-dos-frutos-secos-regressa-a-alcantarilha-de-4-a-6-de-setembro\/cultura\/07\/25\/#article","isPartOf":{"@id":"https:\/\/algarve7.pt\/index.php\/2026\/09\/23-a-edicao-da-feira-dos-frutos-secos-regressa-a-alcantarilha-de-4-a-6-de-setembro\/cultura\/07\/25\/"},"author":{"name":"Algarve 7","@id":"https:\/\/algarve7.pt\/#\/schema\/person\/23fa70681308e7b319a3204bcea45e0c"},"headline":"23.\u00aa Edi\u00e7\u00e3o da Feira dos frutos secos regressa a Alcantarilha de 4 a 6 de setembro","datePublished":"2026-09-03T06:25:00+00:00","mainEntityOfPage":{"@id":"https:\/\/algarve7.pt\/index.php\/2026\/09\/23-a-edicao-da-feira-dos-frutos-secos-regressa-a-alcantarilha-de-4-a-6-de-setembro\/cultura\/07\/25\/"},"wordCount":266,"publisher":{"@id":"https:\/\/algarve7.pt\/#organization"},"image":{"@id":"https:\/\/algarve7.pt\/index.php\/2026\/09\/23-a-edicao-da-feira-dos-frutos-secos-regressa-a-alcantarilha-de-4-a-6-de-setembro\/cultura\/07\/25\/#primaryimage"},"thumbnailUrl":"https:\/\/algarve7.pt\/wp-content\/uploads\/2026\/09\/CTV_Feira-dos-Frutos-Secos-2026.jpg","keywords":["Alcantarilha","Algarve","Cultura","Silves"],"articleSection":["Cultura"],"inLanguage":"pt-PT"},{"@type":"WebPage","@id":"https:\/\/algarve7.pt\/index.php\/2026\/09\/23-a-edicao-da-feira-dos-frutos-secos-regressa-a-alcantarilha-de-4-a-6-de-setembro\/cultura\/07\/25\/","url":"https:\/\/algarve7.pt\/index.php\/2026\/09\/23-a-edicao-da-feira-dos-frutos-secos-regressa-a-alcantarilha-de-4-a-6-de-setembro\/cultura\/07\/25\/","name":"23.\u00aa Edi\u00e7\u00e3o da Feira dos frutos secos regressa a Alcantarilha de 4 a 6 de setembro - Algarve 7","isPartOf":{"@id":"https:\/\/algarve7.pt\/#website"},"primaryImageOfPage":{"@id":"https:\/\/algarve7.pt\/index.php\/2026\/09\/23-a-edicao-da-feira-dos-frutos-secos-regressa-a-alcantarilha-de-4-a-6-de-setembro\/cultura\/07\/25\/#primaryimage"},"image":{"@id":"https:\/\/algarve7.pt\/index.php\/2026\/09\/23-a-edicao-da-feira-dos-frutos-secos-regressa-a-alcantarilha-de-4-a-6-de-setembro\/cultura\/07\/25\/#primaryimage"},"thumbnailUrl":"https:\/\/algarve7.pt\/wp-content\/uploads\/2026\/09\/CTV_Feira-dos-Frutos-Secos-2026.jpg","datePublished":"2026-09-03T06:25:00+00:00","description":"23.\u00aa Edi\u00e7\u00e3o da Feira dos frutos secos regressa a Alcantarilha de 4 a 6 de setembro Cultura","breadcrumb":{"@id":"https:\/\/algarve7.pt\/index.php\/2026\/09\/23-a-edicao-da-feira-dos-frutos-secos-regressa-a-alcantarilha-de-4-a-6-de-setembro\/cultura\/07\/25\/#breadcrumb"},"inLanguage":"pt-PT","potentialAction":[{"@type":"ReadAction","target":["https:\/\/algarve7.pt\/index.php\/2026\/09\/23-a-edicao-da-feira-dos-frutos-secos-regressa-a-alcantarilha-de-4-a-6-de-setembro\/cultura\/07\/25\/"]}]},{"@type":"ImageObject","inLanguage":"pt-PT","@id":"https:\/\/algarve7.pt\/index.php\/2026\/09\/23-a-edicao-da-feira-dos-frutos-secos-regressa-a-alcantarilha-de-4-a-6-de-setembro\/cultura\/07\/25\/#primaryimage","url":"https:\/\/algarve7.pt\/wp-content\/uploads\/2026\/09\/CTV_Feira-dos-Frutos-Secos-2026.jpg","contentUrl":"https:\/\/algarve7.pt\/wp-content\/uploads\/2026\/09\/CTV_Feira-dos-Frutos-Secos-2026.jpg","width":919,"height":650},{"@type":"BreadcrumbList","@id":"https:\/\/algarve7.pt\/index.php\/2026\/09\/23-a-edicao-da-feira-dos-frutos-secos-regressa-a-alcantarilha-de-4-a-6-de-setembro\/cultura\/07\/25\/#breadcrumb","itemListElement":[{"@type":"ListItem","position":1,"name":"In\u00edcio","item":"https:\/\/algarve7.pt\/"},{"@type":"ListItem","position":2,"name":"23.\u00aa Edi\u00e7\u00e3o da Feira dos frutos secos regressa a Alcantarilha de 4 a 6 de setembro"}]},{"@type":"WebSite","@id":"https:\/\/algarve7.pt\/#website","url":"https:\/\/algarve7.pt\/","name":"Algarve 7","description":"Informa\u00e7\u00e3o sobre o Algarve","publisher":{"@id":"https:\/\/algarve7.pt\/#organization"},"potentialAction":[{"@type":"SearchAction","target":{"@type":"EntryPoint","urlTemplate":"https:\/\/algarve7.pt\/?s={search_term_string}"},"query-input":{"@type":"PropertyValueSpecification","valueRequired":true,"valueName":"search_term_string"}}],"inLanguage":"pt-PT"},{"@type":"Organization","@id":"https:\/\/algarve7.pt\/#organization","name":"Algarve 7","url":"https:\/\/algarve7.pt\/","logo":{"@type":"ImageObject","inLanguage":"pt-PT","@id":"https:\/\/algarve7.pt\/#\/schema\/logo\/image\/","url":"https:\/\/algarve7.pt\/wp-content\/uploads\/2020\/10\/Logo-8.jpg","contentUrl":"https:\/\/algarve7.pt\/wp-content\/uploads\/2020\/10\/Logo-8.jpg","width":1680,"height":1186,"caption":"Algarve 7"},"image":{"@id":"https:\/\/algarve7.pt\/#\/schema\/logo\/image\/"},"sameAs":["https:\/\/www.facebook.com\/algarve7","https:\/\/x.com\/Algarvesete","https:\/\/www.instagram.com\/jornalalgarve7\/","https:\/\/www.linkedin.com\/company\/algarve7","https:\/\/www.pinterest.pt\/geral0939\/_created\/"]},{"@type":"Person","@id":"https:\/\/algarve7.pt\/#\/schema\/person\/23fa70681308e7b319a3204bcea45e0c","name":"Algarve 7","sameAs":["https:\/\/algarve7.pt","https:\/\/www.facebook.com\/algarve7"],"url":"https:\/\/algarve7.pt\/index.php\/author\/geralalgarve7-pt\/"}]}},"jetpack_publicize_connections":[],"jetpack_shortlink":"https:\/\/wp.me\/pcezmW-hbg","jetpack_sharing_enabled":true,"jetpack_featured_media_url":"https:\/\/algarve7.pt\/wp-content\/uploads\/2026\/09\/CTV_Feira-dos-Frutos-Secos-2026.jpg","_links":{"self":[{"href":"https:\/\/algarve7.pt\/index.php\/wp-json\/wp\/v2\/posts\/66046","targetHints":{"allow":["GET"]}}],"collection":[{"href":"https:\/\/algarve7.pt\/index.php\/wp-json\/wp\/v2\/posts"}],"about":[{"href":"https:\/\/algarve7.pt\/index.php\/wp-json\/wp\/v2\/types\/post"}],"author":[{"embeddable":true,"href":"https:\/\/algarve7.pt\/index.php\/wp-json\/wp\/v2\/users\/1"}],"replies":[{"embeddable":true,"href":"https:\/\/algarve7.pt\/index.php\/wp-json\/wp\/v2\/comments?post=66046"}],"version-history":[{"count":1,"href":"https:\/\/algarve7.pt\/index.php\/wp-json\/wp\/v2\/posts\/66046\/revisions"}],"predecessor-version":[{"id":66048,"href":"https:\/\/algarve7.pt\/index.php\/wp-json\/wp\/v2\/posts\/66046\/revisions\/66048"}],"wp:featuredmedia":[{"embeddable":true,"href":"https:\/\/algarve7.pt\/index.php\/wp-json\/wp\/v2\/media\/66047"}],"wp:attachment":[{"href":"https:\/\/algarve7.pt\/index.php\/wp-json\/wp\/v2\/media?parent=66046"}],"wp:term":[{"taxonomy":"category","embeddable":true,"href":"https:\/\/algarve7.pt\/index.php\/wp-json\/wp\/v2\/categories?post=66046"},{"taxonomy":"post_tag","embeddable":true,"href":"https:\/\/algarve7.pt\/index.php\/wp-json\/wp\/v2\/tags?post=66046"}],"curies":[{"name":"wp","href":"https:\/\/api.w.org\/{rel}","templated":true}]}}