{"id":66043,"date":"2026-09-02T08:05:00","date_gmt":"2026-09-02T07:05:00","guid":{"rendered":"https:\/\/algarve7.pt\/?p=66043"},"modified":"2026-09-01T17:33:45","modified_gmt":"2026-09-01T16:33:45","slug":"fado-regressa-a-antiga-lota-de-portimao-com-exposicao-e-nova-edicao-do-ha-fado-na-lota","status":"publish","type":"post","link":"https:\/\/algarve7.pt\/index.php\/2026\/09\/fado-regressa-a-antiga-lota-de-portimao-com-exposicao-e-nova-edicao-do-ha-fado-na-lota\/cultura\/08\/05\/","title":{"rendered":"Fado regressa \u00e0 Antiga Lota de Portim\u00e3o com exposi\u00e7\u00e3o e nova edi\u00e7\u00e3o do \u201cH\u00e1 Fado na Lota\u201d"},"content":{"rendered":"\n<p class=\"wp-block-paragraph\">O Fado volta \u00e0 Antiga Lota de Portim\u00e3o, reafirmando este espa\u00e7o como um dos lugares de encontro e celebra\u00e7\u00e3o do Fado na cidade. A partir de 5 de setembro, a exposi\u00e7\u00e3o \u201cO que \u00e9 o Fado\u2026\u201d convida a descobrir a hist\u00f3ria, as sonoridades e os protagonistas desta express\u00e3o maior da cultura portuguesa, enquanto, aos s\u00e1bados, o \u201cH\u00e1 Fado na Lota\u201d volta a ser sin\u00f3nimo de noites onde vozes e instrumentos juntam diferentes gera\u00e7\u00f5es em torno do Fado.&nbsp;<\/p>\n\n\n\n<p class=\"wp-block-paragraph\">A programa\u00e7\u00e3o arranca no dia 5 de setembro, \u00e0s 19h00, com a inaugura\u00e7\u00e3o da exposi\u00e7\u00e3o \u201cO que \u00e9 o Fado\u2026\u201d, que contar\u00e1 com um momento musical protagonizado pelas fadistas Rita Raimundo e In\u00eas Marques, acompanhadas por V\u00edtor do Carmo, na guitarra portuguesa, e Ant\u00f3nio Correia, na viola de fado.&nbsp;<\/p>\n\n\n\n<p class=\"wp-block-paragraph\"><strong>Uma viagem pela hist\u00f3ria e pelas mem\u00f3rias do Fado<\/strong><\/p>\n\n\n\n<p class=\"wp-block-paragraph\">Com curadoria de Pedro F\u00e9lix, que integrou a equipa respons\u00e1vel pela candidatura do Fado \u00e0 UNESCO, e em parceria com o Museu do Fado, \u201cO que \u00e9 o Fado\u2026\u201d assinala os 15 anos da inscri\u00e7\u00e3o do Fado na Lista Representativa do Patrim\u00f3nio Cultural Imaterial da Humanidade da UNESCO e prop\u00f5e uma viagem pela sua hist\u00f3ria, sonoridades e protagonistas, dando particular destaque \u00e0s mem\u00f3rias, aos espa\u00e7os e aos int\u00e9rpretes que fazem parte da hist\u00f3ria do Fado em Portim\u00e3o.&nbsp;<\/p>\n\n\n\n<p class=\"wp-block-paragraph\">A iniciativa conta ainda com o apoio e colabora\u00e7\u00e3o do Eng.\u00ba Jos\u00e9 Paulo Costa (STAP), cuja liga\u00e7\u00e3o ao \u201cH\u00e1 Fado na Lota\u201d remonta \u00e0 sua g\u00e9nese. Enquanto colecionador, consultor e elemento integrante da organiza\u00e7\u00e3o, Jos\u00e9 Paulo Costa tem contribu\u00eddo de forma continuada para a constru\u00e7\u00e3o e valoriza\u00e7\u00e3o deste projeto, associando-se tamb\u00e9m \u00e0 exposi\u00e7\u00e3o atrav\u00e9s da ced\u00eancia de algumas guitarras da sua cole\u00e7\u00e3o e do seu conhecimento especializado sobre o universo do Fado e da guitarra portuguesa.&nbsp;<\/p>\n\n\n\n<p class=\"wp-block-paragraph\">Com entrada gratuita, a exposi\u00e7\u00e3o poder\u00e1 ser visitada at\u00e9 16 de outubro. De 5 a 15 de setembro, estar\u00e1 aberta diariamente, das 17h00 \u00e0s 23h00; de 16 de setembro a 16 de outubro, o hor\u00e1rio ser\u00e1 das 10h00 \u00e0s 12h00 e das 14h00 \u00e0s 17h00.<\/p>\n\n\n\n<p class=\"wp-block-paragraph\"><strong>\u201cH\u00e1 Fado na Lota\u201d anima as noites de s\u00e1bado<\/strong><\/p>\n\n\n\n<p class=\"wp-block-paragraph\">A nova edi\u00e7\u00e3o do \u201cH\u00e1 Fado na Lota\u201d volta a reunir diferentes gera\u00e7\u00f5es de int\u00e9rpretes e alguns dos mais reconhecidos m\u00fasicos do universo do Fado. Entre 5 de setembro e 10 de outubro, as noites de s\u00e1bado s\u00e3o de Fado na Antiga Lota, com in\u00edcio \u00e0s 21h00 e entrada gratuita, trazendo diferentes vozes e percursos a este palco.<\/p>\n\n\n\n<p class=\"wp-block-paragraph\">A primeira noite, a 5 de setembro, fica a cargo de Rafael Pacheco &amp; Convidados. Filho da terra e um dos nomes destacados da nova gera\u00e7\u00e3o da guitarra portuguesa, Rafael Pacheco abre esta nova edi\u00e7\u00e3o, dando in\u00edcio a seis noites de Fado na Antiga Lota.&nbsp;<\/p>\n\n\n\n<p class=\"wp-block-paragraph\">A 12 de setembro, o programa prossegue com Cust\u00f3dio Castelo e Ana Paula Martins, acompanhados por V\u00edtor do Carmo, na guitarra portuguesa, Carlos Garcia, na viola de fado, e Carlos Meneses, na viola baixo. A 19 de setembro, \u00e9 a vez de Teresa Viola e Pedro Viola, com V\u00edtor do Carmo, na guitarra portuguesa, Ant\u00f3nio Correia, na viola de fado, e Jos\u00e9 Santana, na viola baixo.&nbsp;<\/p>\n\n\n\n<p class=\"wp-block-paragraph\">Na \u00faltima noite de setembro, dia 26, sobem ao palco Ana Marques e Jo\u00e3o Leote, acompanhados por V\u00edtor do Carmo, na guitarra portuguesa, Nuno Martins, na viola de fado, e Jos\u00e9 Santana, na viola baixo. J\u00e1 a 3 de outubro, o \u201cH\u00e1 Fado na Lota\u201d recebe Adriana Marques e H\u00e9lder Coelho, com V\u00edtor do Carmo, na guitarra portuguesa, Jos\u00e9 Santana, na viola de fado, e Nuno Martins, na viola baixo.&nbsp;<\/p>\n\n\n\n<p class=\"wp-block-paragraph\">A edi\u00e7\u00e3o encerra a 10 de outubro com Luana Velasques e Cec\u00edlio Santos, acompanhados por V\u00edtor do Carmo, na guitarra portuguesa, Nuno Martins, na viola de fado, e Jos\u00e9 Santana, na viola baixo.&nbsp;<\/p>\n\n\n\n<p class=\"wp-block-paragraph\">Com a exposi\u00e7\u00e3o \u201cO que \u00e9 o Fado\u2026\u201d e uma nova edi\u00e7\u00e3o do \u201cH\u00e1 Fado na Lota\u201d, a Antiga Lota volta a ser lugar de encontro entre mem\u00f3ria e presente, entre quem canta, quem toca e quem escuta, refor\u00e7ando a liga\u00e7\u00e3o deste espa\u00e7o ao Fado e \u00e0s suas mem\u00f3rias em Portim\u00e3o.<\/p>\n","protected":false},"excerpt":{"rendered":"<p>O Fado volta \u00e0 Antiga Lota de Portim\u00e3o, reafirmando este espa\u00e7o como um dos lugares de encontro e celebra\u00e7\u00e3o do<\/p>\n","protected":false},"author":1,"featured_media":66044,"comment_status":"closed","ping_status":"closed","sticky":false,"template":"","format":"standard","meta":{"colormag_page_container_layout":"default_layout","colormag_page_sidebar_layout":"default_layout","_monsterinsights_skip_tracking":false,"_jetpack_newsletter_access":"","_jetpack_dont_email_post_to_subs":false,"_jetpack_newsletter_tier_id":0,"_jetpack_memberships_contains_paywalled_content":false,"_jetpack_feature_clip_id":0,"_jetpack_memberships_contains_paid_content":false,"footnotes":"","jetpack_publicize_message":"","jetpack_publicize_feature_enabled":true,"jetpack_social_post_already_shared":true,"jetpack_social_options":{"image_generator_settings":{"template":"highway","default_image_id":0,"font":"","enabled":false},"version":2},"jetpack_post_was_ever_published":false},"categories":[14],"tags":[36,35,1363,72],"class_list":["post-66043","post","type-post","status-publish","format-standard","has-post-thumbnail","hentry","category-cultura","tag-algarve","tag-cultura","tag-ha-fado-na-lota","tag-portimao"],"yoast_head":"<!-- This site is optimized with the Yoast SEO plugin v28.4 - https:\/\/yoast.com\/product\/yoast-seo-wordpress\/ -->\n<title>Fado regressa \u00e0 Antiga Lota de Portim\u00e3o com exposi\u00e7\u00e3o e nova edi\u00e7\u00e3o do \u201cH\u00e1 Fado na Lota\u201d - Algarve 7<\/title>\n<meta name=\"description\" content=\"Fado regressa \u00e0 Antiga Lota de Portim\u00e3o com exposi\u00e7\u00e3o e nova edi\u00e7\u00e3o do \u201cH\u00e1 Fado na Lota\u201d Cultura\" \/>\n<meta name=\"robots\" content=\"index, follow, max-snippet:-1, max-image-preview:large, max-video-preview:-1\" \/>\n<link rel=\"canonical\" href=\"https:\/\/algarve7.pt\/index.php\/2026\/09\/fado-regressa-a-antiga-lota-de-portimao-com-exposicao-e-nova-edicao-do-ha-fado-na-lota\/cultura\/08\/05\/\" \/>\n<meta property=\"og:locale\" content=\"pt_PT\" \/>\n<meta property=\"og:type\" content=\"article\" \/>\n<meta property=\"og:title\" content=\"Fado regressa \u00e0 Antiga Lota de Portim\u00e3o com exposi\u00e7\u00e3o e nova edi\u00e7\u00e3o do \u201cH\u00e1 Fado na Lota\u201d - Algarve 7\" \/>\n<meta property=\"og:description\" content=\"Fado regressa \u00e0 Antiga Lota de Portim\u00e3o com exposi\u00e7\u00e3o e nova edi\u00e7\u00e3o do \u201cH\u00e1 Fado na Lota\u201d Cultura\" \/>\n<meta property=\"og:url\" content=\"https:\/\/algarve7.pt\/index.php\/2026\/09\/fado-regressa-a-antiga-lota-de-portimao-com-exposicao-e-nova-edicao-do-ha-fado-na-lota\/cultura\/08\/05\/\" \/>\n<meta property=\"og:site_name\" content=\"Algarve 7\" \/>\n<meta property=\"article:publisher\" content=\"https:\/\/www.facebook.com\/algarve7\" \/>\n<meta property=\"article:author\" content=\"https:\/\/www.facebook.com\/algarve7\" \/>\n<meta property=\"article:published_time\" content=\"2026-09-02T07:05:00+00:00\" \/>\n<meta property=\"og:image\" content=\"https:\/\/algarve7.pt\/wp-content\/uploads\/2026\/09\/Ha-Fado-na-Lota.jpg\" \/>\n\t<meta property=\"og:image:width\" content=\"956\" \/>\n\t<meta property=\"og:image:height\" content=\"650\" \/>\n\t<meta property=\"og:image:type\" content=\"image\/jpeg\" \/>\n<meta name=\"author\" content=\"Algarve 7\" \/>\n<meta name=\"twitter:card\" content=\"summary_large_image\" \/>\n<meta name=\"twitter:creator\" content=\"@Algarvesete\" \/>\n<meta name=\"twitter:site\" content=\"@Algarvesete\" \/>\n<meta name=\"twitter:label1\" content=\"Escrito por\" \/>\n\t<meta name=\"twitter:data1\" content=\"Algarve 7\" \/>\n\t<meta name=\"twitter:label2\" content=\"Tempo estimado de leitura\" \/>\n\t<meta name=\"twitter:data2\" content=\"4 minutos\" \/>\n<script type=\"application\/ld+json\" class=\"yoast-schema-graph\">{\"@context\":\"https:\\\/\\\/schema.org\",\"@graph\":[{\"@type\":\"Article\",\"@id\":\"https:\\\/\\\/algarve7.pt\\\/index.php\\\/2026\\\/09\\\/fado-regressa-a-antiga-lota-de-portimao-com-exposicao-e-nova-edicao-do-ha-fado-na-lota\\\/cultura\\\/08\\\/05\\\/#article\",\"isPartOf\":{\"@id\":\"https:\\\/\\\/algarve7.pt\\\/index.php\\\/2026\\\/09\\\/fado-regressa-a-antiga-lota-de-portimao-com-exposicao-e-nova-edicao-do-ha-fado-na-lota\\\/cultura\\\/08\\\/05\\\/\"},\"author\":{\"name\":\"Algarve 7\",\"@id\":\"https:\\\/\\\/algarve7.pt\\\/#\\\/schema\\\/person\\\/23fa70681308e7b319a3204bcea45e0c\"},\"headline\":\"Fado regressa \u00e0 Antiga Lota de Portim\u00e3o com exposi\u00e7\u00e3o e nova edi\u00e7\u00e3o do \u201cH\u00e1 Fado na Lota\u201d\",\"datePublished\":\"2026-09-02T07:05:00+00:00\",\"mainEntityOfPage\":{\"@id\":\"https:\\\/\\\/algarve7.pt\\\/index.php\\\/2026\\\/09\\\/fado-regressa-a-antiga-lota-de-portimao-com-exposicao-e-nova-edicao-do-ha-fado-na-lota\\\/cultura\\\/08\\\/05\\\/\"},\"wordCount\":739,\"publisher\":{\"@id\":\"https:\\\/\\\/algarve7.pt\\\/#organization\"},\"image\":{\"@id\":\"https:\\\/\\\/algarve7.pt\\\/index.php\\\/2026\\\/09\\\/fado-regressa-a-antiga-lota-de-portimao-com-exposicao-e-nova-edicao-do-ha-fado-na-lota\\\/cultura\\\/08\\\/05\\\/#primaryimage\"},\"thumbnailUrl\":\"https:\\\/\\\/algarve7.pt\\\/wp-content\\\/uploads\\\/2026\\\/09\\\/Ha-Fado-na-Lota.jpg\",\"keywords\":[\"Algarve\",\"Cultura\",\"H\u00e1 Fado na Lota\",\"Portim\u00e3o\"],\"articleSection\":[\"Cultura\"],\"inLanguage\":\"pt-PT\"},{\"@type\":\"WebPage\",\"@id\":\"https:\\\/\\\/algarve7.pt\\\/index.php\\\/2026\\\/09\\\/fado-regressa-a-antiga-lota-de-portimao-com-exposicao-e-nova-edicao-do-ha-fado-na-lota\\\/cultura\\\/08\\\/05\\\/\",\"url\":\"https:\\\/\\\/algarve7.pt\\\/index.php\\\/2026\\\/09\\\/fado-regressa-a-antiga-lota-de-portimao-com-exposicao-e-nova-edicao-do-ha-fado-na-lota\\\/cultura\\\/08\\\/05\\\/\",\"name\":\"Fado regressa \u00e0 Antiga Lota de Portim\u00e3o com exposi\u00e7\u00e3o e nova edi\u00e7\u00e3o do \u201cH\u00e1 Fado na Lota\u201d - Algarve 7\",\"isPartOf\":{\"@id\":\"https:\\\/\\\/algarve7.pt\\\/#website\"},\"primaryImageOfPage\":{\"@id\":\"https:\\\/\\\/algarve7.pt\\\/index.php\\\/2026\\\/09\\\/fado-regressa-a-antiga-lota-de-portimao-com-exposicao-e-nova-edicao-do-ha-fado-na-lota\\\/cultura\\\/08\\\/05\\\/#primaryimage\"},\"image\":{\"@id\":\"https:\\\/\\\/algarve7.pt\\\/index.php\\\/2026\\\/09\\\/fado-regressa-a-antiga-lota-de-portimao-com-exposicao-e-nova-edicao-do-ha-fado-na-lota\\\/cultura\\\/08\\\/05\\\/#primaryimage\"},\"thumbnailUrl\":\"https:\\\/\\\/algarve7.pt\\\/wp-content\\\/uploads\\\/2026\\\/09\\\/Ha-Fado-na-Lota.jpg\",\"datePublished\":\"2026-09-02T07:05:00+00:00\",\"description\":\"Fado regressa \u00e0 Antiga Lota de Portim\u00e3o com exposi\u00e7\u00e3o e nova edi\u00e7\u00e3o do \u201cH\u00e1 Fado na Lota\u201d Cultura\",\"breadcrumb\":{\"@id\":\"https:\\\/\\\/algarve7.pt\\\/index.php\\\/2026\\\/09\\\/fado-regressa-a-antiga-lota-de-portimao-com-exposicao-e-nova-edicao-do-ha-fado-na-lota\\\/cultura\\\/08\\\/05\\\/#breadcrumb\"},\"inLanguage\":\"pt-PT\",\"potentialAction\":[{\"@type\":\"ReadAction\",\"target\":[\"https:\\\/\\\/algarve7.pt\\\/index.php\\\/2026\\\/09\\\/fado-regressa-a-antiga-lota-de-portimao-com-exposicao-e-nova-edicao-do-ha-fado-na-lota\\\/cultura\\\/08\\\/05\\\/\"]}]},{\"@type\":\"ImageObject\",\"inLanguage\":\"pt-PT\",\"@id\":\"https:\\\/\\\/algarve7.pt\\\/index.php\\\/2026\\\/09\\\/fado-regressa-a-antiga-lota-de-portimao-com-exposicao-e-nova-edicao-do-ha-fado-na-lota\\\/cultura\\\/08\\\/05\\\/#primaryimage\",\"url\":\"https:\\\/\\\/algarve7.pt\\\/wp-content\\\/uploads\\\/2026\\\/09\\\/Ha-Fado-na-Lota.jpg\",\"contentUrl\":\"https:\\\/\\\/algarve7.pt\\\/wp-content\\\/uploads\\\/2026\\\/09\\\/Ha-Fado-na-Lota.jpg\",\"width\":956,\"height\":650},{\"@type\":\"BreadcrumbList\",\"@id\":\"https:\\\/\\\/algarve7.pt\\\/index.php\\\/2026\\\/09\\\/fado-regressa-a-antiga-lota-de-portimao-com-exposicao-e-nova-edicao-do-ha-fado-na-lota\\\/cultura\\\/08\\\/05\\\/#breadcrumb\",\"itemListElement\":[{\"@type\":\"ListItem\",\"position\":1,\"name\":\"In\u00edcio\",\"item\":\"https:\\\/\\\/algarve7.pt\\\/\"},{\"@type\":\"ListItem\",\"position\":2,\"name\":\"Fado regressa \u00e0 Antiga Lota de Portim\u00e3o com exposi\u00e7\u00e3o e nova edi\u00e7\u00e3o do \u201cH\u00e1 Fado na Lota\u201d\"}]},{\"@type\":\"WebSite\",\"@id\":\"https:\\\/\\\/algarve7.pt\\\/#website\",\"url\":\"https:\\\/\\\/algarve7.pt\\\/\",\"name\":\"Algarve 7\",\"description\":\"Informa\u00e7\u00e3o sobre o Algarve\",\"publisher\":{\"@id\":\"https:\\\/\\\/algarve7.pt\\\/#organization\"},\"potentialAction\":[{\"@type\":\"SearchAction\",\"target\":{\"@type\":\"EntryPoint\",\"urlTemplate\":\"https:\\\/\\\/algarve7.pt\\\/?s={search_term_string}\"},\"query-input\":{\"@type\":\"PropertyValueSpecification\",\"valueRequired\":true,\"valueName\":\"search_term_string\"}}],\"inLanguage\":\"pt-PT\"},{\"@type\":\"Organization\",\"@id\":\"https:\\\/\\\/algarve7.pt\\\/#organization\",\"name\":\"Algarve 7\",\"url\":\"https:\\\/\\\/algarve7.pt\\\/\",\"logo\":{\"@type\":\"ImageObject\",\"inLanguage\":\"pt-PT\",\"@id\":\"https:\\\/\\\/algarve7.pt\\\/#\\\/schema\\\/logo\\\/image\\\/\",\"url\":\"https:\\\/\\\/algarve7.pt\\\/wp-content\\\/uploads\\\/2020\\\/10\\\/Logo-8.jpg\",\"contentUrl\":\"https:\\\/\\\/algarve7.pt\\\/wp-content\\\/uploads\\\/2020\\\/10\\\/Logo-8.jpg\",\"width\":1680,\"height\":1186,\"caption\":\"Algarve 7\"},\"image\":{\"@id\":\"https:\\\/\\\/algarve7.pt\\\/#\\\/schema\\\/logo\\\/image\\\/\"},\"sameAs\":[\"https:\\\/\\\/www.facebook.com\\\/algarve7\",\"https:\\\/\\\/x.com\\\/Algarvesete\",\"https:\\\/\\\/www.instagram.com\\\/jornalalgarve7\\\/\",\"https:\\\/\\\/www.linkedin.com\\\/company\\\/algarve7\",\"https:\\\/\\\/www.pinterest.pt\\\/geral0939\\\/_created\\\/\"]},{\"@type\":\"Person\",\"@id\":\"https:\\\/\\\/algarve7.pt\\\/#\\\/schema\\\/person\\\/23fa70681308e7b319a3204bcea45e0c\",\"name\":\"Algarve 7\",\"sameAs\":[\"https:\\\/\\\/algarve7.pt\",\"https:\\\/\\\/www.facebook.com\\\/algarve7\"],\"url\":\"https:\\\/\\\/algarve7.pt\\\/index.php\\\/author\\\/geralalgarve7-pt\\\/\"}]}<\/script>\n<!-- \/ Yoast SEO plugin. -->","yoast_head_json":{"title":"Fado regressa \u00e0 Antiga Lota de Portim\u00e3o com exposi\u00e7\u00e3o e nova edi\u00e7\u00e3o do \u201cH\u00e1 Fado na Lota\u201d - Algarve 7","description":"Fado regressa \u00e0 Antiga Lota de Portim\u00e3o com exposi\u00e7\u00e3o e nova edi\u00e7\u00e3o do \u201cH\u00e1 Fado na Lota\u201d Cultura","robots":{"index":"index","follow":"follow","max-snippet":"max-snippet:-1","max-image-preview":"max-image-preview:large","max-video-preview":"max-video-preview:-1"},"canonical":"https:\/\/algarve7.pt\/index.php\/2026\/09\/fado-regressa-a-antiga-lota-de-portimao-com-exposicao-e-nova-edicao-do-ha-fado-na-lota\/cultura\/08\/05\/","og_locale":"pt_PT","og_type":"article","og_title":"Fado regressa \u00e0 Antiga Lota de Portim\u00e3o com exposi\u00e7\u00e3o e nova edi\u00e7\u00e3o do \u201cH\u00e1 Fado na Lota\u201d - Algarve 7","og_description":"Fado regressa \u00e0 Antiga Lota de Portim\u00e3o com exposi\u00e7\u00e3o e nova edi\u00e7\u00e3o do \u201cH\u00e1 Fado na Lota\u201d Cultura","og_url":"https:\/\/algarve7.pt\/index.php\/2026\/09\/fado-regressa-a-antiga-lota-de-portimao-com-exposicao-e-nova-edicao-do-ha-fado-na-lota\/cultura\/08\/05\/","og_site_name":"Algarve 7","article_publisher":"https:\/\/www.facebook.com\/algarve7","article_author":"https:\/\/www.facebook.com\/algarve7","article_published_time":"2026-09-02T07:05:00+00:00","og_image":[{"width":956,"height":650,"url":"https:\/\/algarve7.pt\/wp-content\/uploads\/2026\/09\/Ha-Fado-na-Lota.jpg","type":"image\/jpeg"}],"author":"Algarve 7","twitter_card":"summary_large_image","twitter_creator":"@Algarvesete","twitter_site":"@Algarvesete","twitter_misc":{"Escrito por":"Algarve 7","Tempo estimado de leitura":"4 minutos"},"schema":{"@context":"https:\/\/schema.org","@graph":[{"@type":"Article","@id":"https:\/\/algarve7.pt\/index.php\/2026\/09\/fado-regressa-a-antiga-lota-de-portimao-com-exposicao-e-nova-edicao-do-ha-fado-na-lota\/cultura\/08\/05\/#article","isPartOf":{"@id":"https:\/\/algarve7.pt\/index.php\/2026\/09\/fado-regressa-a-antiga-lota-de-portimao-com-exposicao-e-nova-edicao-do-ha-fado-na-lota\/cultura\/08\/05\/"},"author":{"name":"Algarve 7","@id":"https:\/\/algarve7.pt\/#\/schema\/person\/23fa70681308e7b319a3204bcea45e0c"},"headline":"Fado regressa \u00e0 Antiga Lota de Portim\u00e3o com exposi\u00e7\u00e3o e nova edi\u00e7\u00e3o do \u201cH\u00e1 Fado na Lota\u201d","datePublished":"2026-09-02T07:05:00+00:00","mainEntityOfPage":{"@id":"https:\/\/algarve7.pt\/index.php\/2026\/09\/fado-regressa-a-antiga-lota-de-portimao-com-exposicao-e-nova-edicao-do-ha-fado-na-lota\/cultura\/08\/05\/"},"wordCount":739,"publisher":{"@id":"https:\/\/algarve7.pt\/#organization"},"image":{"@id":"https:\/\/algarve7.pt\/index.php\/2026\/09\/fado-regressa-a-antiga-lota-de-portimao-com-exposicao-e-nova-edicao-do-ha-fado-na-lota\/cultura\/08\/05\/#primaryimage"},"thumbnailUrl":"https:\/\/algarve7.pt\/wp-content\/uploads\/2026\/09\/Ha-Fado-na-Lota.jpg","keywords":["Algarve","Cultura","H\u00e1 Fado na Lota","Portim\u00e3o"],"articleSection":["Cultura"],"inLanguage":"pt-PT"},{"@type":"WebPage","@id":"https:\/\/algarve7.pt\/index.php\/2026\/09\/fado-regressa-a-antiga-lota-de-portimao-com-exposicao-e-nova-edicao-do-ha-fado-na-lota\/cultura\/08\/05\/","url":"https:\/\/algarve7.pt\/index.php\/2026\/09\/fado-regressa-a-antiga-lota-de-portimao-com-exposicao-e-nova-edicao-do-ha-fado-na-lota\/cultura\/08\/05\/","name":"Fado regressa \u00e0 Antiga Lota de Portim\u00e3o com exposi\u00e7\u00e3o e nova edi\u00e7\u00e3o do \u201cH\u00e1 Fado na Lota\u201d - Algarve 7","isPartOf":{"@id":"https:\/\/algarve7.pt\/#website"},"primaryImageOfPage":{"@id":"https:\/\/algarve7.pt\/index.php\/2026\/09\/fado-regressa-a-antiga-lota-de-portimao-com-exposicao-e-nova-edicao-do-ha-fado-na-lota\/cultura\/08\/05\/#primaryimage"},"image":{"@id":"https:\/\/algarve7.pt\/index.php\/2026\/09\/fado-regressa-a-antiga-lota-de-portimao-com-exposicao-e-nova-edicao-do-ha-fado-na-lota\/cultura\/08\/05\/#primaryimage"},"thumbnailUrl":"https:\/\/algarve7.pt\/wp-content\/uploads\/2026\/09\/Ha-Fado-na-Lota.jpg","datePublished":"2026-09-02T07:05:00+00:00","description":"Fado regressa \u00e0 Antiga Lota de Portim\u00e3o com exposi\u00e7\u00e3o e nova edi\u00e7\u00e3o do \u201cH\u00e1 Fado na Lota\u201d Cultura","breadcrumb":{"@id":"https:\/\/algarve7.pt\/index.php\/2026\/09\/fado-regressa-a-antiga-lota-de-portimao-com-exposicao-e-nova-edicao-do-ha-fado-na-lota\/cultura\/08\/05\/#breadcrumb"},"inLanguage":"pt-PT","potentialAction":[{"@type":"ReadAction","target":["https:\/\/algarve7.pt\/index.php\/2026\/09\/fado-regressa-a-antiga-lota-de-portimao-com-exposicao-e-nova-edicao-do-ha-fado-na-lota\/cultura\/08\/05\/"]}]},{"@type":"ImageObject","inLanguage":"pt-PT","@id":"https:\/\/algarve7.pt\/index.php\/2026\/09\/fado-regressa-a-antiga-lota-de-portimao-com-exposicao-e-nova-edicao-do-ha-fado-na-lota\/cultura\/08\/05\/#primaryimage","url":"https:\/\/algarve7.pt\/wp-content\/uploads\/2026\/09\/Ha-Fado-na-Lota.jpg","contentUrl":"https:\/\/algarve7.pt\/wp-content\/uploads\/2026\/09\/Ha-Fado-na-Lota.jpg","width":956,"height":650},{"@type":"BreadcrumbList","@id":"https:\/\/algarve7.pt\/index.php\/2026\/09\/fado-regressa-a-antiga-lota-de-portimao-com-exposicao-e-nova-edicao-do-ha-fado-na-lota\/cultura\/08\/05\/#breadcrumb","itemListElement":[{"@type":"ListItem","position":1,"name":"In\u00edcio","item":"https:\/\/algarve7.pt\/"},{"@type":"ListItem","position":2,"name":"Fado regressa \u00e0 Antiga Lota de Portim\u00e3o com exposi\u00e7\u00e3o e nova edi\u00e7\u00e3o do \u201cH\u00e1 Fado na Lota\u201d"}]},{"@type":"WebSite","@id":"https:\/\/algarve7.pt\/#website","url":"https:\/\/algarve7.pt\/","name":"Algarve 7","description":"Informa\u00e7\u00e3o sobre o Algarve","publisher":{"@id":"https:\/\/algarve7.pt\/#organization"},"potentialAction":[{"@type":"SearchAction","target":{"@type":"EntryPoint","urlTemplate":"https:\/\/algarve7.pt\/?s={search_term_string}"},"query-input":{"@type":"PropertyValueSpecification","valueRequired":true,"valueName":"search_term_string"}}],"inLanguage":"pt-PT"},{"@type":"Organization","@id":"https:\/\/algarve7.pt\/#organization","name":"Algarve 7","url":"https:\/\/algarve7.pt\/","logo":{"@type":"ImageObject","inLanguage":"pt-PT","@id":"https:\/\/algarve7.pt\/#\/schema\/logo\/image\/","url":"https:\/\/algarve7.pt\/wp-content\/uploads\/2020\/10\/Logo-8.jpg","contentUrl":"https:\/\/algarve7.pt\/wp-content\/uploads\/2020\/10\/Logo-8.jpg","width":1680,"height":1186,"caption":"Algarve 7"},"image":{"@id":"https:\/\/algarve7.pt\/#\/schema\/logo\/image\/"},"sameAs":["https:\/\/www.facebook.com\/algarve7","https:\/\/x.com\/Algarvesete","https:\/\/www.instagram.com\/jornalalgarve7\/","https:\/\/www.linkedin.com\/company\/algarve7","https:\/\/www.pinterest.pt\/geral0939\/_created\/"]},{"@type":"Person","@id":"https:\/\/algarve7.pt\/#\/schema\/person\/23fa70681308e7b319a3204bcea45e0c","name":"Algarve 7","sameAs":["https:\/\/algarve7.pt","https:\/\/www.facebook.com\/algarve7"],"url":"https:\/\/algarve7.pt\/index.php\/author\/geralalgarve7-pt\/"}]}},"jetpack_publicize_connections":[],"jetpack_shortlink":"https:\/\/wp.me\/pcezmW-hbd","jetpack_sharing_enabled":true,"jetpack_featured_media_url":"https:\/\/algarve7.pt\/wp-content\/uploads\/2026\/09\/Ha-Fado-na-Lota.jpg","_links":{"self":[{"href":"https:\/\/algarve7.pt\/index.php\/wp-json\/wp\/v2\/posts\/66043","targetHints":{"allow":["GET"]}}],"collection":[{"href":"https:\/\/algarve7.pt\/index.php\/wp-json\/wp\/v2\/posts"}],"about":[{"href":"https:\/\/algarve7.pt\/index.php\/wp-json\/wp\/v2\/types\/post"}],"author":[{"embeddable":true,"href":"https:\/\/algarve7.pt\/index.php\/wp-json\/wp\/v2\/users\/1"}],"replies":[{"embeddable":true,"href":"https:\/\/algarve7.pt\/index.php\/wp-json\/wp\/v2\/comments?post=66043"}],"version-history":[{"count":1,"href":"https:\/\/algarve7.pt\/index.php\/wp-json\/wp\/v2\/posts\/66043\/revisions"}],"predecessor-version":[{"id":66045,"href":"https:\/\/algarve7.pt\/index.php\/wp-json\/wp\/v2\/posts\/66043\/revisions\/66045"}],"wp:featuredmedia":[{"embeddable":true,"href":"https:\/\/algarve7.pt\/index.php\/wp-json\/wp\/v2\/media\/66044"}],"wp:attachment":[{"href":"https:\/\/algarve7.pt\/index.php\/wp-json\/wp\/v2\/media?parent=66043"}],"wp:term":[{"taxonomy":"category","embeddable":true,"href":"https:\/\/algarve7.pt\/index.php\/wp-json\/wp\/v2\/categories?post=66043"},{"taxonomy":"post_tag","embeddable":true,"href":"https:\/\/algarve7.pt\/index.php\/wp-json\/wp\/v2\/tags?post=66043"}],"curies":[{"name":"wp","href":"https:\/\/api.w.org\/{rel}","templated":true}]}}