{"id":66040,"date":"2026-09-01T17:29:35","date_gmt":"2026-09-01T16:29:35","guid":{"rendered":"https:\/\/algarve7.pt\/?p=66040"},"modified":"2026-09-01T17:29:42","modified_gmt":"2026-09-01T16:29:42","slug":"portimao-abre-inscricoes-para-a-nova-epoca-desportiva","status":"publish","type":"post","link":"https:\/\/algarve7.pt\/index.php\/2026\/09\/portimao-abre-inscricoes-para-a-nova-epoca-desportiva\/desporto\/17\/29\/","title":{"rendered":"Portim\u00e3o abre inscri\u00e7\u00f5es para a nova \u00c9poca Desportiva\u00a0"},"content":{"rendered":"\n<p class=\"wp-block-paragraph\">O Munic\u00edpio de Portim\u00e3o abre esta ter\u00e7a-feira, 1 de setembro, as inscri\u00e7\u00f5es para a \u00c9poca Desportiva 2026\/2027, que arranca a 15 de setembro com uma oferta diversificada de atividades f\u00edsicas e desportivas no Pavilh\u00e3o Gimnodesportivo de Portim\u00e3o, Pavilh\u00e3o Desportivo da Boavista, Complexo Desportivo de Alvor e Complexo Desportivo da Mexilhoeira Grande.<\/p>\n\n\n\n<p class=\"wp-block-paragraph\">Nata\u00e7\u00e3o, hidrogin\u00e1stica, t\u00e9nis, yoga, pilates, zumba, treino funcional, HIIT, dan\u00e7a, atividades de fitness e exerc\u00edcio adaptado s\u00e3o algumas das propostas da nova \u00e9poca, dirigidas a diferentes idades e n\u00edveis de pr\u00e1tica e enquadradas na aposta do Munic\u00edpio na promo\u00e7\u00e3o da atividade f\u00edsica regular e de estilos de vida ativos.<\/p>\n\n\n\n<p class=\"wp-block-paragraph\">A programa\u00e7\u00e3o integra os programas municipais Portim\u00e3o Gym e Exerc\u00edcio &amp; Sa\u00fade, as Escolas de Nata\u00e7\u00e3o, a Escola de T\u00e9nis e a Escola Municipal de Dan\u00e7a, complementados por outras atividades desenvolvidas nos equipamentos desportivos municipais.<\/p>\n\n\n\n<p class=\"wp-block-paragraph\"><strong>Portim\u00e3o Gym alia fitness, bem-estar e atividades para os mais novos<\/strong><\/p>\n\n\n\n<p class=\"wp-block-paragraph\">Destinado maioritariamente a pessoas com mais de 16 anos, o Portim\u00e3o Gym disponibiliza aulas de grupo que abrangem diferentes tipologias de exerc\u00edcio, desde o fitness e condicionamento f\u00edsico \u00e0s modalidades orientadas para a mobilidade e o trabalho corpo-mente.<\/p>\n\n\n\n<p class=\"wp-block-paragraph\">HIIT, Fit Power, Fit Circuit, treino funcional, localizada, zumba, yoga e diferentes variantes de pilates integram a programa\u00e7\u00e3o no Pavilh\u00e3o Gimnodesportivo de Portim\u00e3o e no Pavilh\u00e3o Desportivo da Boavista.<\/p>\n\n\n\n<p class=\"wp-block-paragraph\">A oferta contempla igualmente os mais novos, atrav\u00e9s de atividades como FitKids, Zumba Kids e Dance Kids, de acordo com a programa\u00e7\u00e3o de cada equipamento.<\/p>\n\n\n\n<p class=\"wp-block-paragraph\"><strong>Exerc\u00edcio &amp; Sa\u00fade incentiva envelhecimento ativo<\/strong><\/p>\n\n\n\n<p class=\"wp-block-paragraph\">Dirigido a participantes com mais de 55 anos, o programa municipal Exerc\u00edcio &amp; Sa\u00fade disponibiliza classes de exerc\u00edcio f\u00edsico no Pavilh\u00e3o Gimnodesportivo de Portim\u00e3o e no Pavilh\u00e3o Desportivo da Boavista.<\/p>\n\n\n\n<p class=\"wp-block-paragraph\">As sess\u00f5es procuram incentivar a pr\u00e1tica regular de atividade f\u00edsica e contribuir para a manuten\u00e7\u00e3o da mobilidade, equil\u00edbrio, coordena\u00e7\u00e3o e capacidade funcional, promovendo um envelhecimento mais ativo.<\/p>\n\n\n\n<p class=\"wp-block-paragraph\"><strong>Nata\u00e7\u00e3o, hidrogin\u00e1stica e t\u00e9nis refor\u00e7am oferta em Alvor e Mexilhoeira Grande<\/strong><\/p>\n\n\n\n<p class=\"wp-block-paragraph\">Nos Complexos Desportivos de Alvor e da Mexilhoeira Grande, a oferta aqu\u00e1tica assume particular destaque, com aulas da Escola de Nata\u00e7\u00e3o, organizadas por diferentes n\u00edveis de aprendizagem, e hidrogin\u00e1stica.<\/p>\n\n\n\n<p class=\"wp-block-paragraph\">Como novidade desta \u00e9poca, o Complexo Desportivo de Alvor passa tamb\u00e9m a disponibilizar sess\u00f5es de Psicomotricidade em Meio Aqu\u00e1tico para adultos, \u00e0s ter\u00e7as e quintas-feiras, entre as 12h20 e as 13h00. Tirando partido das propriedades da \u00e1gua, esta atividade procura promover a consci\u00eancia corporal, o equil\u00edbrio e a coordena\u00e7\u00e3o, permitindo realizar movimentos com menor impacto articular. A resist\u00eancia e a turbul\u00eancia pr\u00f3prias do meio aqu\u00e1tico contribuem ainda para trabalhar a estabilidade postural, num ambiente que favorece a confian\u00e7a e a socializa\u00e7\u00e3o dos participantes.<\/p>\n\n\n\n<p class=\"wp-block-paragraph\">No Complexo Desportivo da Mexilhoeira Grande est\u00e3o igualmente previstas atividades de car\u00e1ter terap\u00eautico e de fitness, entre as quais hidroterapia, exerc\u00edcio terap\u00eautico, reeduca\u00e7\u00e3o postural e pilates.<\/p>\n\n\n\n<p class=\"wp-block-paragraph\">J\u00e1 o Complexo Desportivo de Alvor acolhe a Escola de T\u00e9nis, com classes de Minit\u00e9nis, inicia\u00e7\u00e3o e adultos.<\/p>\n\n\n\n<p class=\"wp-block-paragraph\"><strong>Escola Municipal de Dan\u00e7a com propostas para v\u00e1rias idades<\/strong><\/p>\n\n\n\n<p class=\"wp-block-paragraph\">A Escola Municipal de Dan\u00e7a regressa com uma programa\u00e7\u00e3o que abrange ballet, dan\u00e7a contempor\u00e2nea e jazz contempor\u00e2neo, no Pavilh\u00e3o Gimnodesportivo de Portim\u00e3o, permitindo iniciar a pr\u00e1tica desde as classes infantis e prosseguir a aprendizagem atrav\u00e9s de diferentes n\u00edveis de progress\u00e3o.<\/p>\n\n\n\n<p class=\"wp-block-paragraph\">No ballet, a oferta estende-se do Baby Ballet e Ballet Infantil \u00e0s classes de inicia\u00e7\u00e3o, interm\u00e9dio\/avan\u00e7ado e adultos. Na dan\u00e7a contempor\u00e2nea est\u00e3o previstas classes Kids, Inicia\u00e7\u00e3o e Interm\u00e9dio\/Avan\u00e7ado, \u00e0s quais se junta uma classe de Jazz Contempor\u00e2neo.<\/p>\n\n\n\n<p class=\"wp-block-paragraph\">A oferta do Pavilh\u00e3o Gimnodesportivo de Portim\u00e3o inclui ainda o Centro Municipal de Marcha e Corrida (CMMC), com sess\u00f5es de pr\u00e1tica orientada em contexto outdoor, \u00e0s ter\u00e7as e quintas-feiras, \u00e0s 18h30, constituindo uma op\u00e7\u00e3o para quem privilegia a pr\u00e1tica regular de atividade f\u00edsica ao ar livre.<\/p>\n\n\n\n<p class=\"wp-block-paragraph\"><strong>Inscri\u00e7\u00f5es abertas a partir de 1 de setembro<\/strong><\/p>\n\n\n\n<p class=\"wp-block-paragraph\">As inscri\u00e7\u00f5es para a \u00c9poca Desportiva 2026\/2027 est\u00e3o abertas a partir desta ter\u00e7a-feira, 1 de setembro, e devem ser efetuadas junto da secretaria do equipamento desportivo onde decorre a atividade pretendida.<\/p>\n\n\n\n<p class=\"wp-block-paragraph\">No ato de inscri\u00e7\u00e3o dever\u00e3o ser apresentados os documentos definidos pelo Munic\u00edpio para o efeito, incluindo documento de identifica\u00e7\u00e3o e termo de responsabilidade para a pr\u00e1tica de atividade f\u00edsica. Para beneficiar dos descontos aplic\u00e1veis em fun\u00e7\u00e3o dos rendimentos dever\u00e1 ainda ser apresentada a respetiva nota de liquida\u00e7\u00e3o de IRS.<\/p>\n\n\n\n<p class=\"wp-block-paragraph\">A inscri\u00e7\u00e3o anual tem o valor de 13,20 euros, incluindo seguro de acidentes pessoais e cart\u00e3o de utente, a que acresce a mensalidade correspondente \u00e0 atividade e frequ\u00eancia semanal escolhidas.<\/p>\n\n\n\n<p class=\"wp-block-paragraph\">Est\u00e3o previstos descontos para diferentes grupos de utentes, designadamente fam\u00edlias, jovens, pessoas com defici\u00eancia, membros das for\u00e7as de seguran\u00e7a p\u00fablica e militares, bem como condi\u00e7\u00f5es espec\u00edficas no \u00e2mbito do programa Exerc\u00edcio &amp; Sa\u00fade.<\/p>\n\n\n\n<p class=\"wp-block-paragraph\"><strong>Movimento associativo complementa oferta desportiva municipal<\/strong><\/p>\n\n\n\n<p class=\"wp-block-paragraph\">A atividade desenvolvida pelos clubes e associa\u00e7\u00f5es desportivas locais complementa a oferta municipal e permite a pr\u00e1tica de um vasto conjunto de modalidades no concelho, do futebol, futsal e basquetebol \u00e0 gin\u00e1stica, nata\u00e7\u00e3o, padel, t\u00e9nis, surf, vela, canoagem, ciclismo, patinagem, h\u00f3quei em patins, voleibol, andebol e desportos de combate, entre outras.<\/p>\n\n\n\n<p class=\"wp-block-paragraph\">Os contactos das associa\u00e7\u00f5es desportivas do concelho e a informa\u00e7\u00e3o sobre as respetivas modalidades podem ser consultados no site do Munic\u00edpio de Portim\u00e3o atrav\u00e9s do seguinte endere\u00e7o:&nbsp;<a href=\"https:\/\/cm-portimao.pt\/menus\/associacoes\/associacoes-desportivas.\" target=\"_blank\" rel=\"noopener\">https:\/\/cm-portimao.pt\/menus\/associacoes\/associacoes-desportivas.<\/a><\/p>\n\n\n\n<p class=\"wp-block-paragraph\"><strong>Informa\u00e7\u00f5es e inscri\u00e7\u00f5es<\/strong><\/p>\n\n\n\n<p class=\"wp-block-paragraph\"><strong>Complexo Desportivo de Alvor<\/strong><br>Tel.: 282 248 570<br>Email:\u00a0<a href=\"mailto:cdalvor@cm-portimao.pt\" target=\"_blank\" rel=\"noreferrer noopener\">cdalvor@cm-portimao.pt<\/a><\/p>\n\n\n\n<p class=\"wp-block-paragraph\"><strong>Complexo Desportivo da Mexilhoeira Grande<\/strong><br>Tel.: 282 248 571 \/ 962 290 427<br>Email:\u00a0<a href=\"mailto:cdmexilhoeiragrande@cm-portimao.pt\" target=\"_blank\" rel=\"noreferrer noopener\">cdmexilhoeiragrande@cm-portimao.pt<\/a><\/p>\n\n\n\n<p class=\"wp-block-paragraph\"><strong>Pavilh\u00e3o Desportivo da Boavista<\/strong><br>Tel.: 282 248 565<br>Email:\u00a0<a href=\"mailto:pavilhaoboavista@cm-portimao.pt\" target=\"_blank\" rel=\"noreferrer noopener\">pavilhaoboavista@cm-portimao.pt<\/a><\/p>\n\n\n\n<p class=\"wp-block-paragraph\"><strong>Pavilh\u00e3o Gimnodesportivo de Portim\u00e3o<\/strong><br>Tel.: 282 470 813<br>Email:\u00a0<a href=\"mailto:secretaria.gimnodesportivo@cm-portimao.pt\" target=\"_blank\" rel=\"noreferrer noopener\">secretaria.gimnodesportivo@cm-portimao.pt<\/a><\/p>\n\n\n\n<p class=\"wp-block-paragraph\">A programa\u00e7\u00e3o completa, hor\u00e1rios, mensalidades, descontos e demais condi\u00e7\u00f5es de participa\u00e7\u00e3o poder\u00e3o ser consultados na brochura da \u00c9poca Desportiva Portim\u00e3o 2026\/2027, dispon\u00edvel em\u00a0<a href=\"https:\/\/view.publitas.com\/municipio-de-portimao\/agenda-desportiva-portimao-setembro-2026\/\" target=\"_blank\" rel=\"noreferrer noopener\">https:\/\/view.publitas.com\/municipio-de-portimao\/agenda-desportiva-portimao-setembro-2026\/<\/a><\/p>\n","protected":false},"excerpt":{"rendered":"<p>O Munic\u00edpio de Portim\u00e3o abre esta ter\u00e7a-feira, 1 de setembro, as inscri\u00e7\u00f5es para a \u00c9poca Desportiva 2026\/2027, que arranca a<\/p>\n","protected":false},"author":1,"featured_media":66041,"comment_status":"closed","ping_status":"closed","sticky":false,"template":"","format":"standard","meta":{"colormag_page_container_layout":"default_layout","colormag_page_sidebar_layout":"default_layout","_monsterinsights_skip_tracking":false,"_jetpack_newsletter_access":"","_jetpack_dont_email_post_to_subs":false,"_jetpack_newsletter_tier_id":0,"_jetpack_memberships_contains_paywalled_content":false,"_jetpack_feature_clip_id":0,"_jetpack_memberships_contains_paid_content":false,"footnotes":"","jetpack_publicize_message":"","jetpack_publicize_feature_enabled":true,"jetpack_social_post_already_shared":true,"jetpack_social_options":{"image_generator_settings":{"template":"highway","default_image_id":0,"font":"","enabled":false},"version":2},"jetpack_post_was_ever_published":false},"categories":[15],"tags":[36,40,72],"class_list":["post-66040","post","type-post","status-publish","format-standard","has-post-thumbnail","hentry","category-desporto","tag-algarve","tag-desporto","tag-portimao"],"yoast_head":"<!-- This site is optimized with the Yoast SEO plugin v28.4 - https:\/\/yoast.com\/product\/yoast-seo-wordpress\/ -->\n<title>Portim\u00e3o abre inscri\u00e7\u00f5es para a nova \u00c9poca Desportiva\u00a0 - Algarve 7<\/title>\n<meta name=\"description\" content=\"Portim\u00e3o abre inscri\u00e7\u00f5es para a nova \u00c9poca Desportiva\u00a0 Desporto\" \/>\n<meta name=\"robots\" content=\"index, follow, max-snippet:-1, max-image-preview:large, max-video-preview:-1\" \/>\n<link rel=\"canonical\" href=\"https:\/\/algarve7.pt\/index.php\/2026\/09\/portimao-abre-inscricoes-para-a-nova-epoca-desportiva\/desporto\/17\/29\/\" \/>\n<meta property=\"og:locale\" content=\"pt_PT\" \/>\n<meta property=\"og:type\" content=\"article\" \/>\n<meta property=\"og:title\" content=\"Portim\u00e3o abre inscri\u00e7\u00f5es para a nova \u00c9poca Desportiva\u00a0 - Algarve 7\" \/>\n<meta property=\"og:description\" content=\"Portim\u00e3o abre inscri\u00e7\u00f5es para a nova \u00c9poca Desportiva\u00a0 Desporto\" \/>\n<meta property=\"og:url\" content=\"https:\/\/algarve7.pt\/index.php\/2026\/09\/portimao-abre-inscricoes-para-a-nova-epoca-desportiva\/desporto\/17\/29\/\" \/>\n<meta property=\"og:site_name\" content=\"Algarve 7\" \/>\n<meta property=\"article:publisher\" content=\"https:\/\/www.facebook.com\/algarve7\" \/>\n<meta property=\"article:author\" content=\"https:\/\/www.facebook.com\/algarve7\" \/>\n<meta property=\"article:published_time\" content=\"2026-09-01T16:29:35+00:00\" \/>\n<meta property=\"article:modified_time\" content=\"2026-09-01T16:29:42+00:00\" \/>\n<meta property=\"og:image\" content=\"https:\/\/algarve7.pt\/wp-content\/uploads\/2026\/09\/Natacao-Complexo-Desportivo-da-Mexilhoeira-grande.jp-g.jpeg\" \/>\n\t<meta property=\"og:image:width\" content=\"976\" \/>\n\t<meta property=\"og:image:height\" content=\"650\" \/>\n\t<meta property=\"og:image:type\" content=\"image\/jpeg\" \/>\n<meta name=\"author\" content=\"Algarve 7\" \/>\n<meta name=\"twitter:card\" content=\"summary_large_image\" \/>\n<meta name=\"twitter:creator\" content=\"@Algarvesete\" \/>\n<meta name=\"twitter:site\" content=\"@Algarvesete\" \/>\n<meta name=\"twitter:label1\" content=\"Escrito por\" \/>\n\t<meta name=\"twitter:data1\" content=\"Algarve 7\" \/>\n\t<meta name=\"twitter:label2\" content=\"Tempo estimado de leitura\" \/>\n\t<meta name=\"twitter:data2\" content=\"6 minutos\" \/>\n<script type=\"application\/ld+json\" class=\"yoast-schema-graph\">{\"@context\":\"https:\\\/\\\/schema.org\",\"@graph\":[{\"@type\":\"Article\",\"@id\":\"https:\\\/\\\/algarve7.pt\\\/index.php\\\/2026\\\/09\\\/portimao-abre-inscricoes-para-a-nova-epoca-desportiva\\\/desporto\\\/17\\\/29\\\/#article\",\"isPartOf\":{\"@id\":\"https:\\\/\\\/algarve7.pt\\\/index.php\\\/2026\\\/09\\\/portimao-abre-inscricoes-para-a-nova-epoca-desportiva\\\/desporto\\\/17\\\/29\\\/\"},\"author\":{\"name\":\"Algarve 7\",\"@id\":\"https:\\\/\\\/algarve7.pt\\\/#\\\/schema\\\/person\\\/23fa70681308e7b319a3204bcea45e0c\"},\"headline\":\"Portim\u00e3o abre inscri\u00e7\u00f5es para a nova \u00c9poca Desportiva\u00a0\",\"datePublished\":\"2026-09-01T16:29:35+00:00\",\"dateModified\":\"2026-09-01T16:29:42+00:00\",\"mainEntityOfPage\":{\"@id\":\"https:\\\/\\\/algarve7.pt\\\/index.php\\\/2026\\\/09\\\/portimao-abre-inscricoes-para-a-nova-epoca-desportiva\\\/desporto\\\/17\\\/29\\\/\"},\"wordCount\":1074,\"publisher\":{\"@id\":\"https:\\\/\\\/algarve7.pt\\\/#organization\"},\"image\":{\"@id\":\"https:\\\/\\\/algarve7.pt\\\/index.php\\\/2026\\\/09\\\/portimao-abre-inscricoes-para-a-nova-epoca-desportiva\\\/desporto\\\/17\\\/29\\\/#primaryimage\"},\"thumbnailUrl\":\"https:\\\/\\\/algarve7.pt\\\/wp-content\\\/uploads\\\/2026\\\/09\\\/Natacao-Complexo-Desportivo-da-Mexilhoeira-grande.jp-g.jpeg\",\"keywords\":[\"Algarve\",\"Desporto\",\"Portim\u00e3o\"],\"articleSection\":[\"Desporto\"],\"inLanguage\":\"pt-PT\"},{\"@type\":\"WebPage\",\"@id\":\"https:\\\/\\\/algarve7.pt\\\/index.php\\\/2026\\\/09\\\/portimao-abre-inscricoes-para-a-nova-epoca-desportiva\\\/desporto\\\/17\\\/29\\\/\",\"url\":\"https:\\\/\\\/algarve7.pt\\\/index.php\\\/2026\\\/09\\\/portimao-abre-inscricoes-para-a-nova-epoca-desportiva\\\/desporto\\\/17\\\/29\\\/\",\"name\":\"Portim\u00e3o abre inscri\u00e7\u00f5es para a nova \u00c9poca Desportiva\u00a0 - Algarve 7\",\"isPartOf\":{\"@id\":\"https:\\\/\\\/algarve7.pt\\\/#website\"},\"primaryImageOfPage\":{\"@id\":\"https:\\\/\\\/algarve7.pt\\\/index.php\\\/2026\\\/09\\\/portimao-abre-inscricoes-para-a-nova-epoca-desportiva\\\/desporto\\\/17\\\/29\\\/#primaryimage\"},\"image\":{\"@id\":\"https:\\\/\\\/algarve7.pt\\\/index.php\\\/2026\\\/09\\\/portimao-abre-inscricoes-para-a-nova-epoca-desportiva\\\/desporto\\\/17\\\/29\\\/#primaryimage\"},\"thumbnailUrl\":\"https:\\\/\\\/algarve7.pt\\\/wp-content\\\/uploads\\\/2026\\\/09\\\/Natacao-Complexo-Desportivo-da-Mexilhoeira-grande.jp-g.jpeg\",\"datePublished\":\"2026-09-01T16:29:35+00:00\",\"dateModified\":\"2026-09-01T16:29:42+00:00\",\"description\":\"Portim\u00e3o abre inscri\u00e7\u00f5es para a nova \u00c9poca Desportiva\u00a0 Desporto\",\"breadcrumb\":{\"@id\":\"https:\\\/\\\/algarve7.pt\\\/index.php\\\/2026\\\/09\\\/portimao-abre-inscricoes-para-a-nova-epoca-desportiva\\\/desporto\\\/17\\\/29\\\/#breadcrumb\"},\"inLanguage\":\"pt-PT\",\"potentialAction\":[{\"@type\":\"ReadAction\",\"target\":[\"https:\\\/\\\/algarve7.pt\\\/index.php\\\/2026\\\/09\\\/portimao-abre-inscricoes-para-a-nova-epoca-desportiva\\\/desporto\\\/17\\\/29\\\/\"]}]},{\"@type\":\"ImageObject\",\"inLanguage\":\"pt-PT\",\"@id\":\"https:\\\/\\\/algarve7.pt\\\/index.php\\\/2026\\\/09\\\/portimao-abre-inscricoes-para-a-nova-epoca-desportiva\\\/desporto\\\/17\\\/29\\\/#primaryimage\",\"url\":\"https:\\\/\\\/algarve7.pt\\\/wp-content\\\/uploads\\\/2026\\\/09\\\/Natacao-Complexo-Desportivo-da-Mexilhoeira-grande.jp-g.jpeg\",\"contentUrl\":\"https:\\\/\\\/algarve7.pt\\\/wp-content\\\/uploads\\\/2026\\\/09\\\/Natacao-Complexo-Desportivo-da-Mexilhoeira-grande.jp-g.jpeg\",\"width\":976,\"height\":650},{\"@type\":\"BreadcrumbList\",\"@id\":\"https:\\\/\\\/algarve7.pt\\\/index.php\\\/2026\\\/09\\\/portimao-abre-inscricoes-para-a-nova-epoca-desportiva\\\/desporto\\\/17\\\/29\\\/#breadcrumb\",\"itemListElement\":[{\"@type\":\"ListItem\",\"position\":1,\"name\":\"In\u00edcio\",\"item\":\"https:\\\/\\\/algarve7.pt\\\/\"},{\"@type\":\"ListItem\",\"position\":2,\"name\":\"Portim\u00e3o abre inscri\u00e7\u00f5es para a nova \u00c9poca Desportiva\u00a0\"}]},{\"@type\":\"WebSite\",\"@id\":\"https:\\\/\\\/algarve7.pt\\\/#website\",\"url\":\"https:\\\/\\\/algarve7.pt\\\/\",\"name\":\"Algarve 7\",\"description\":\"Informa\u00e7\u00e3o sobre o Algarve\",\"publisher\":{\"@id\":\"https:\\\/\\\/algarve7.pt\\\/#organization\"},\"potentialAction\":[{\"@type\":\"SearchAction\",\"target\":{\"@type\":\"EntryPoint\",\"urlTemplate\":\"https:\\\/\\\/algarve7.pt\\\/?s={search_term_string}\"},\"query-input\":{\"@type\":\"PropertyValueSpecification\",\"valueRequired\":true,\"valueName\":\"search_term_string\"}}],\"inLanguage\":\"pt-PT\"},{\"@type\":\"Organization\",\"@id\":\"https:\\\/\\\/algarve7.pt\\\/#organization\",\"name\":\"Algarve 7\",\"url\":\"https:\\\/\\\/algarve7.pt\\\/\",\"logo\":{\"@type\":\"ImageObject\",\"inLanguage\":\"pt-PT\",\"@id\":\"https:\\\/\\\/algarve7.pt\\\/#\\\/schema\\\/logo\\\/image\\\/\",\"url\":\"https:\\\/\\\/algarve7.pt\\\/wp-content\\\/uploads\\\/2020\\\/10\\\/Logo-8.jpg\",\"contentUrl\":\"https:\\\/\\\/algarve7.pt\\\/wp-content\\\/uploads\\\/2020\\\/10\\\/Logo-8.jpg\",\"width\":1680,\"height\":1186,\"caption\":\"Algarve 7\"},\"image\":{\"@id\":\"https:\\\/\\\/algarve7.pt\\\/#\\\/schema\\\/logo\\\/image\\\/\"},\"sameAs\":[\"https:\\\/\\\/www.facebook.com\\\/algarve7\",\"https:\\\/\\\/x.com\\\/Algarvesete\",\"https:\\\/\\\/www.instagram.com\\\/jornalalgarve7\\\/\",\"https:\\\/\\\/www.linkedin.com\\\/company\\\/algarve7\",\"https:\\\/\\\/www.pinterest.pt\\\/geral0939\\\/_created\\\/\"]},{\"@type\":\"Person\",\"@id\":\"https:\\\/\\\/algarve7.pt\\\/#\\\/schema\\\/person\\\/23fa70681308e7b319a3204bcea45e0c\",\"name\":\"Algarve 7\",\"sameAs\":[\"https:\\\/\\\/algarve7.pt\",\"https:\\\/\\\/www.facebook.com\\\/algarve7\"],\"url\":\"https:\\\/\\\/algarve7.pt\\\/index.php\\\/author\\\/geralalgarve7-pt\\\/\"}]}<\/script>\n<!-- \/ Yoast SEO plugin. -->","yoast_head_json":{"title":"Portim\u00e3o abre inscri\u00e7\u00f5es para a nova \u00c9poca Desportiva\u00a0 - Algarve 7","description":"Portim\u00e3o abre inscri\u00e7\u00f5es para a nova \u00c9poca Desportiva\u00a0 Desporto","robots":{"index":"index","follow":"follow","max-snippet":"max-snippet:-1","max-image-preview":"max-image-preview:large","max-video-preview":"max-video-preview:-1"},"canonical":"https:\/\/algarve7.pt\/index.php\/2026\/09\/portimao-abre-inscricoes-para-a-nova-epoca-desportiva\/desporto\/17\/29\/","og_locale":"pt_PT","og_type":"article","og_title":"Portim\u00e3o abre inscri\u00e7\u00f5es para a nova \u00c9poca Desportiva\u00a0 - Algarve 7","og_description":"Portim\u00e3o abre inscri\u00e7\u00f5es para a nova \u00c9poca Desportiva\u00a0 Desporto","og_url":"https:\/\/algarve7.pt\/index.php\/2026\/09\/portimao-abre-inscricoes-para-a-nova-epoca-desportiva\/desporto\/17\/29\/","og_site_name":"Algarve 7","article_publisher":"https:\/\/www.facebook.com\/algarve7","article_author":"https:\/\/www.facebook.com\/algarve7","article_published_time":"2026-09-01T16:29:35+00:00","article_modified_time":"2026-09-01T16:29:42+00:00","og_image":[{"width":976,"height":650,"url":"https:\/\/algarve7.pt\/wp-content\/uploads\/2026\/09\/Natacao-Complexo-Desportivo-da-Mexilhoeira-grande.jp-g.jpeg","type":"image\/jpeg"}],"author":"Algarve 7","twitter_card":"summary_large_image","twitter_creator":"@Algarvesete","twitter_site":"@Algarvesete","twitter_misc":{"Escrito por":"Algarve 7","Tempo estimado de leitura":"6 minutos"},"schema":{"@context":"https:\/\/schema.org","@graph":[{"@type":"Article","@id":"https:\/\/algarve7.pt\/index.php\/2026\/09\/portimao-abre-inscricoes-para-a-nova-epoca-desportiva\/desporto\/17\/29\/#article","isPartOf":{"@id":"https:\/\/algarve7.pt\/index.php\/2026\/09\/portimao-abre-inscricoes-para-a-nova-epoca-desportiva\/desporto\/17\/29\/"},"author":{"name":"Algarve 7","@id":"https:\/\/algarve7.pt\/#\/schema\/person\/23fa70681308e7b319a3204bcea45e0c"},"headline":"Portim\u00e3o abre inscri\u00e7\u00f5es para a nova \u00c9poca Desportiva\u00a0","datePublished":"2026-09-01T16:29:35+00:00","dateModified":"2026-09-01T16:29:42+00:00","mainEntityOfPage":{"@id":"https:\/\/algarve7.pt\/index.php\/2026\/09\/portimao-abre-inscricoes-para-a-nova-epoca-desportiva\/desporto\/17\/29\/"},"wordCount":1074,"publisher":{"@id":"https:\/\/algarve7.pt\/#organization"},"image":{"@id":"https:\/\/algarve7.pt\/index.php\/2026\/09\/portimao-abre-inscricoes-para-a-nova-epoca-desportiva\/desporto\/17\/29\/#primaryimage"},"thumbnailUrl":"https:\/\/algarve7.pt\/wp-content\/uploads\/2026\/09\/Natacao-Complexo-Desportivo-da-Mexilhoeira-grande.jp-g.jpeg","keywords":["Algarve","Desporto","Portim\u00e3o"],"articleSection":["Desporto"],"inLanguage":"pt-PT"},{"@type":"WebPage","@id":"https:\/\/algarve7.pt\/index.php\/2026\/09\/portimao-abre-inscricoes-para-a-nova-epoca-desportiva\/desporto\/17\/29\/","url":"https:\/\/algarve7.pt\/index.php\/2026\/09\/portimao-abre-inscricoes-para-a-nova-epoca-desportiva\/desporto\/17\/29\/","name":"Portim\u00e3o abre inscri\u00e7\u00f5es para a nova \u00c9poca Desportiva\u00a0 - Algarve 7","isPartOf":{"@id":"https:\/\/algarve7.pt\/#website"},"primaryImageOfPage":{"@id":"https:\/\/algarve7.pt\/index.php\/2026\/09\/portimao-abre-inscricoes-para-a-nova-epoca-desportiva\/desporto\/17\/29\/#primaryimage"},"image":{"@id":"https:\/\/algarve7.pt\/index.php\/2026\/09\/portimao-abre-inscricoes-para-a-nova-epoca-desportiva\/desporto\/17\/29\/#primaryimage"},"thumbnailUrl":"https:\/\/algarve7.pt\/wp-content\/uploads\/2026\/09\/Natacao-Complexo-Desportivo-da-Mexilhoeira-grande.jp-g.jpeg","datePublished":"2026-09-01T16:29:35+00:00","dateModified":"2026-09-01T16:29:42+00:00","description":"Portim\u00e3o abre inscri\u00e7\u00f5es para a nova \u00c9poca Desportiva\u00a0 Desporto","breadcrumb":{"@id":"https:\/\/algarve7.pt\/index.php\/2026\/09\/portimao-abre-inscricoes-para-a-nova-epoca-desportiva\/desporto\/17\/29\/#breadcrumb"},"inLanguage":"pt-PT","potentialAction":[{"@type":"ReadAction","target":["https:\/\/algarve7.pt\/index.php\/2026\/09\/portimao-abre-inscricoes-para-a-nova-epoca-desportiva\/desporto\/17\/29\/"]}]},{"@type":"ImageObject","inLanguage":"pt-PT","@id":"https:\/\/algarve7.pt\/index.php\/2026\/09\/portimao-abre-inscricoes-para-a-nova-epoca-desportiva\/desporto\/17\/29\/#primaryimage","url":"https:\/\/algarve7.pt\/wp-content\/uploads\/2026\/09\/Natacao-Complexo-Desportivo-da-Mexilhoeira-grande.jp-g.jpeg","contentUrl":"https:\/\/algarve7.pt\/wp-content\/uploads\/2026\/09\/Natacao-Complexo-Desportivo-da-Mexilhoeira-grande.jp-g.jpeg","width":976,"height":650},{"@type":"BreadcrumbList","@id":"https:\/\/algarve7.pt\/index.php\/2026\/09\/portimao-abre-inscricoes-para-a-nova-epoca-desportiva\/desporto\/17\/29\/#breadcrumb","itemListElement":[{"@type":"ListItem","position":1,"name":"In\u00edcio","item":"https:\/\/algarve7.pt\/"},{"@type":"ListItem","position":2,"name":"Portim\u00e3o abre inscri\u00e7\u00f5es para a nova \u00c9poca Desportiva\u00a0"}]},{"@type":"WebSite","@id":"https:\/\/algarve7.pt\/#website","url":"https:\/\/algarve7.pt\/","name":"Algarve 7","description":"Informa\u00e7\u00e3o sobre o Algarve","publisher":{"@id":"https:\/\/algarve7.pt\/#organization"},"potentialAction":[{"@type":"SearchAction","target":{"@type":"EntryPoint","urlTemplate":"https:\/\/algarve7.pt\/?s={search_term_string}"},"query-input":{"@type":"PropertyValueSpecification","valueRequired":true,"valueName":"search_term_string"}}],"inLanguage":"pt-PT"},{"@type":"Organization","@id":"https:\/\/algarve7.pt\/#organization","name":"Algarve 7","url":"https:\/\/algarve7.pt\/","logo":{"@type":"ImageObject","inLanguage":"pt-PT","@id":"https:\/\/algarve7.pt\/#\/schema\/logo\/image\/","url":"https:\/\/algarve7.pt\/wp-content\/uploads\/2020\/10\/Logo-8.jpg","contentUrl":"https:\/\/algarve7.pt\/wp-content\/uploads\/2020\/10\/Logo-8.jpg","width":1680,"height":1186,"caption":"Algarve 7"},"image":{"@id":"https:\/\/algarve7.pt\/#\/schema\/logo\/image\/"},"sameAs":["https:\/\/www.facebook.com\/algarve7","https:\/\/x.com\/Algarvesete","https:\/\/www.instagram.com\/jornalalgarve7\/","https:\/\/www.linkedin.com\/company\/algarve7","https:\/\/www.pinterest.pt\/geral0939\/_created\/"]},{"@type":"Person","@id":"https:\/\/algarve7.pt\/#\/schema\/person\/23fa70681308e7b319a3204bcea45e0c","name":"Algarve 7","sameAs":["https:\/\/algarve7.pt","https:\/\/www.facebook.com\/algarve7"],"url":"https:\/\/algarve7.pt\/index.php\/author\/geralalgarve7-pt\/"}]}},"jetpack_publicize_connections":[],"jetpack_shortlink":"https:\/\/wp.me\/pcezmW-hba","jetpack_sharing_enabled":true,"jetpack_featured_media_url":"https:\/\/algarve7.pt\/wp-content\/uploads\/2026\/09\/Natacao-Complexo-Desportivo-da-Mexilhoeira-grande.jp-g.jpeg","_links":{"self":[{"href":"https:\/\/algarve7.pt\/index.php\/wp-json\/wp\/v2\/posts\/66040","targetHints":{"allow":["GET"]}}],"collection":[{"href":"https:\/\/algarve7.pt\/index.php\/wp-json\/wp\/v2\/posts"}],"about":[{"href":"https:\/\/algarve7.pt\/index.php\/wp-json\/wp\/v2\/types\/post"}],"author":[{"embeddable":true,"href":"https:\/\/algarve7.pt\/index.php\/wp-json\/wp\/v2\/users\/1"}],"replies":[{"embeddable":true,"href":"https:\/\/algarve7.pt\/index.php\/wp-json\/wp\/v2\/comments?post=66040"}],"version-history":[{"count":1,"href":"https:\/\/algarve7.pt\/index.php\/wp-json\/wp\/v2\/posts\/66040\/revisions"}],"predecessor-version":[{"id":66042,"href":"https:\/\/algarve7.pt\/index.php\/wp-json\/wp\/v2\/posts\/66040\/revisions\/66042"}],"wp:featuredmedia":[{"embeddable":true,"href":"https:\/\/algarve7.pt\/index.php\/wp-json\/wp\/v2\/media\/66041"}],"wp:attachment":[{"href":"https:\/\/algarve7.pt\/index.php\/wp-json\/wp\/v2\/media?parent=66040"}],"wp:term":[{"taxonomy":"category","embeddable":true,"href":"https:\/\/algarve7.pt\/index.php\/wp-json\/wp\/v2\/categories?post=66040"},{"taxonomy":"post_tag","embeddable":true,"href":"https:\/\/algarve7.pt\/index.php\/wp-json\/wp\/v2\/tags?post=66040"}],"curies":[{"name":"wp","href":"https:\/\/api.w.org\/{rel}","templated":true}]}}