{"id":66037,"date":"2026-09-02T07:40:00","date_gmt":"2026-09-02T06:40:00","guid":{"rendered":"https:\/\/algarve7.pt\/?p=66037"},"modified":"2026-09-01T17:25:32","modified_gmt":"2026-09-01T16:25:32","slug":"o-ministro-da-agricultura-e-mar-jose-manuel-fernandes-participou-na-sessao-de-abertura-do-seminario-o-futuro-da-agricultura-algarvia-na-proxima-decada","status":"publish","type":"post","link":"https:\/\/algarve7.pt\/index.php\/2026\/09\/o-ministro-da-agricultura-e-mar-jose-manuel-fernandes-participou-na-sessao-de-abertura-do-seminario-o-futuro-da-agricultura-algarvia-na-proxima-decada\/atualidade\/07\/40\/","title":{"rendered":"O Ministro da Agricultura e Mar, Jos\u00e9 Manuel Fernandes, participou, na sess\u00e3o de abertura do semin\u00e1rio \u00abO Futuro da Agricultura Algarvia na Pr\u00f3xima D\u00e9cada\u00bb"},"content":{"rendered":"\n<p class=\"wp-block-paragraph\">O Ministro da Agricultura e Mar, Jos\u00e9 Manuel Fernandes, participou, no dia 28 de agosto, na sess\u00e3o de abertura do semin\u00e1rio \u00abO Futuro da Agricultura Algarvia na Pr\u00f3xima D\u00e9cada\u00bb, promovido pela CCDR Algarve, I.P., no Convento de S\u00e3o Jos\u00e9, em Lagoa, com uma interven\u00e7\u00e3o marcante centrada nos principais desafios e oportunidades para o setor agr\u00edcola e no futuro do financiamento da agricultura e desenvolvimento rural no per\u00edodo 2028-2034.<\/p>\n\n\n\n<p class=\"wp-block-paragraph\">A iniciativa reuniu organiza\u00e7\u00f5es representativas do setor agr\u00edcola, representantes da Administra\u00e7\u00e3o P\u00fablica e agentes econ\u00f3micos para uma reflex\u00e3o alargada sobre os principais desafios que se colocam \u00e0 agricultura algarvia e as condi\u00e7\u00f5es necess\u00e1rias para garantir a sua sustentabilidade, competitividade, renova\u00e7\u00e3o geracional e capacidade de investimento.<\/p>\n\n\n\n<p class=\"wp-block-paragraph\">Na sess\u00e3o de abertura, que contou tamb\u00e9m com a participa\u00e7\u00e3o do Presidente da C\u00e2mara Municipal de Lagoa, Lu\u00eds Encarna\u00e7\u00e3o, e do Presidente da CCDR Algarve, Jos\u00e9 Apolin\u00e1rio, foi sublinhada a import\u00e2ncia de uma vis\u00e3o estrat\u00e9gica para o futuro da agricultura regional, num contexto marcado por desafios como a disponibilidade e efici\u00eancia no uso da \u00e1gua, a necessidade de investimento, a renova\u00e7\u00e3o geracional e as transforma\u00e7\u00f5es que se perspetivam ao n\u00edvel europeu. O Presidente da CCDR Algarve defendeu a aloca\u00e7\u00e3o de um cap\u00edtulo regional no marco financeiro 2028-2034, a atribui\u00e7\u00e3o de compet\u00eancias no dom\u00ednio da \u00e1gua aos servi\u00e7os regionais de agricultura e destacou o crescente peso econ\u00f3mico da agricultura algarvia.<\/p>\n\n\n\n<p class=\"wp-block-paragraph\">Na sua interven\u00e7\u00e3o, Jos\u00e9 Manuel Fernandes destacou particularmente a import\u00e2ncia da \u00e1gua como fator determinante para o futuro da agricultura e para a seguran\u00e7a alimentar, valorizando o esfor\u00e7o realizado pelo setor agr\u00edcola na ado\u00e7\u00e3o de solu\u00e7\u00f5es de efici\u00eancia h\u00eddrica. O Ministro salientou que a gest\u00e3o da \u00e1gua deve ser encarada de forma integrada, tendo em conta as necessidades da agricultura, do abastecimento p\u00fablico, do turismo, da ind\u00fastria, da prote\u00e7\u00e3o civil e da sustentabilidade ambiental.<\/p>\n\n\n\n<p class=\"wp-block-paragraph\">Neste contexto, destacou o projeto \u00ab\u00c1gua que Une\u00bb, que classificou como estrat\u00e9gico e estruturante, considerando que o refor\u00e7o das infraestruturas e da disponibilidade de \u00e1gua constitui uma condi\u00e7\u00e3o essencial para dar maior previsibilidade aos investimentos e criar condi\u00e7\u00f5es para a instala\u00e7\u00e3o de novas atividades econ\u00f3micas.&nbsp;<\/p>\n\n\n\n<p class=\"wp-block-paragraph\">O Ministro salientou igualmente a dimens\u00e3o do investimento p\u00fablico atualmente em curso no Algarve, abrangendo \u00e1reas como a agricultura, o ambiente e os recursos h\u00eddricos. Estes investimentos, defendeu, devem ser encarados enquanto instrumentos de desenvolvimento econ\u00f3mico e territorial, tendo em conta o contributo da agricultura e da agroind\u00fastria para o emprego, a cria\u00e7\u00e3o de riqueza, a valoriza\u00e7\u00e3o dos recursos end\u00f3genos e a coes\u00e3o dos territ\u00f3rios.<\/p>\n\n\n\n<p class=\"wp-block-paragraph\">A perspetiva para o pr\u00f3ximo per\u00edodo de programa\u00e7\u00e3o europeu foi outro dos temas centrais da interven\u00e7\u00e3o. Jos\u00e9 Manuel Fernandes salientou a import\u00e2ncia de assegurar um quadro financeiro de sete anos, entre 2028 e 2034, que permita maior estabilidade e previsibilidade \u00e0s pol\u00edticas agr\u00edcolas e aos investimentos realizados pelos agricultores e pelas empresas do setor.<\/p>\n\n\n\n<p class=\"wp-block-paragraph\">Neste \u00e2mbito, defendeu a manuten\u00e7\u00e3o de uma Pol\u00edtica Agr\u00edcola Comum (PAC) forte e com uma dimens\u00e3o efetivamente europeia, alertando para os riscos de uma excessiva transfer\u00eancia da responsabilidade pelo financiamento para os or\u00e7amentos nacionais dos Estados-Membros, que poderia gerar diferentes n\u00edveis de apoio aos agricultores e distor\u00e7\u00f5es no funcionamento do mercado \u00fanico.<\/p>\n\n\n\n<p class=\"wp-block-paragraph\">O Ministro chamou tamb\u00e9m a aten\u00e7\u00e3o para a necessidade de definir metas ambiciosas, mas realistas e ajustadas \u00e0 capacidade de execu\u00e7\u00e3o, de forma a evitar que objetivos excessivamente exigentes possam colocar em risco o aproveitamento dos fundos europeus. Neste contexto, salientou a import\u00e2ncia de acompanhar a execu\u00e7\u00e3o e, quando necess\u00e1rio, proceder \u00e0 adapta\u00e7\u00e3o dos indicadores e das metas dos programas.<\/p>\n\n\n\n<p class=\"wp-block-paragraph\">A aposta na investiga\u00e7\u00e3o e inova\u00e7\u00e3o orientadas para os problemas concretos da agricultura foi outra das prioridades apontadas, nomeadamente perante o surgimento de novas pragas, doen\u00e7as e impactos associados \u00e0s altera\u00e7\u00f5es clim\u00e1ticas. O Ministro defendeu uma maior articula\u00e7\u00e3o entre investiga\u00e7\u00e3o e necessidades efetivas do setor, de modo a acelerar o desenvolvimento de solu\u00e7\u00f5es, tratamentos e mecanismos de prote\u00e7\u00e3o que possam chegar aos agricultores.<\/p>\n\n\n\n<p class=\"wp-block-paragraph\">Ao longo da tarde, foram ainda abordadas quest\u00f5es determinantes para o futuro do setor, nomeadamente o pr\u00f3ximo ciclo de financiamento europeu, os apoios ao investimento, os recursos h\u00eddricos e as grandes obras previstas para o Algarve, bem como a renova\u00e7\u00e3o geracional e a atra\u00e7\u00e3o de jovens para a atividade agr\u00edcola.<\/p>\n\n\n\n<p class=\"wp-block-paragraph\">A sess\u00e3o contou com contributos de Susana Barradas, Sub-Diretora do Gabinete de Planeamento, Pol\u00edticas e Administra\u00e7\u00e3o Geral (GPP), que abordou o horizonte financeiro p\u00f3s-2027, de Lu\u00eds Souto Barreiros, Presidente do Instituto de Financiamento da Agricultura e Pescas (IFAP), sobre a execu\u00e7\u00e3o dos fundos e os apoios ao investimento regional, de Mac\u00e1rio Correia, Presidente da AdP Aqua, sobre o projeto \u00ab\u00c1gua que Une\u00bb e as grandes obras no Algarve, e de Pedro Santos, Diretor-Geral da Consulai, que apresentou uma reflex\u00e3o sobre renova\u00e7\u00e3o geracional e atra\u00e7\u00e3o de investimento jovem.<\/p>\n\n\n\n<p class=\"wp-block-paragraph\">O programa prosseguiu com a mesa-redonda \u00abOs Novos Desafios da Agricultura Algarvia e os seus Constrangimentos\u00bb, moderada pelo jornalista Paulo Gomes, da Voz do Campo, que reuniu representantes da FEDAGRI, CONFAGRI, CAP, AJAP e AlgarOrange.<\/p>\n\n\n\n<p class=\"wp-block-paragraph\">O debate permitiu trazer para o centro da discuss\u00e3o os constrangimentos sentidos no terreno e as preocupa\u00e7\u00f5es das organiza\u00e7\u00f5es e dos produtores, promovendo o confronto de diferentes perspetivas sobre o presente e o futuro da agricultura na regi\u00e3o.<\/p>\n\n\n\n<p class=\"wp-block-paragraph\">Entre os temas em destaque estiveram a \u00e1gua, o investimento, o acesso ao financiamento, a renova\u00e7\u00e3o geracional, a competitividade e a cria\u00e7\u00e3o de condi\u00e7\u00f5es para a continuidade da atividade agr\u00edcola. Foi igualmente refor\u00e7ada a import\u00e2ncia da agricultura e da agroind\u00fastria enquanto setores capazes de contribuir para a coes\u00e3o territorial, a cria\u00e7\u00e3o de emprego, a fixa\u00e7\u00e3o de popula\u00e7\u00e3o e a valoriza\u00e7\u00e3o econ\u00f3mica dos recursos end\u00f3genos do Algarve.<\/p>\n\n\n\n<p class=\"wp-block-paragraph\">No encerramento, o Vice-Presidente da CCDR Algarve, Fernando Severino, refor\u00e7ou a import\u00e2ncia da articula\u00e7\u00e3o entre as entidades p\u00fablicas, as organiza\u00e7\u00f5es do setor e os agentes econ\u00f3micos na constru\u00e7\u00e3o de respostas para os desafios que se colocam \u00e0 agricultura algarvia, num contexto de profundas transforma\u00e7\u00f5es e de novas exig\u00eancias em mat\u00e9ria de sustentabilidade, competitividade e adapta\u00e7\u00e3o \u00e0s altera\u00e7\u00f5es clim\u00e1ticas.<\/p>\n\n\n\n<p class=\"wp-block-paragraph\">O semin\u00e1rio, que contou com cerca de uma centena de participantes, permitiu assim cruzar diferentes perspetivas institucionais, t\u00e9cnicas e empresariais sobre o futuro da agricultura algarvia, contribuindo para uma reflex\u00e3o sobre as pol\u00edticas p\u00fablicas, os investimentos e as condi\u00e7\u00f5es necess\u00e1rias para garantir a sustentabilidade e a competitividade do setor na pr\u00f3xima d\u00e9cada.<\/p>\n\n\n\n<p class=\"wp-block-paragraph\">A participa\u00e7\u00e3o do Ministro da Agricultura e Mar e o envolvimento das principais organiza\u00e7\u00f5es representativas do setor contribu\u00edram para refor\u00e7ar a dimens\u00e3o institucional e setorial do encontro, promovido pela CCDR Algarve no \u00e2mbito da FATACIL 2026 e do programa AMAR A TERRA, dedicado \u00e0 valoriza\u00e7\u00e3o da agricultura, do mar, da produ\u00e7\u00e3o agroalimentar e dos recursos end\u00f3genos da regi\u00e3o.<\/p>\n","protected":false},"excerpt":{"rendered":"<p>O Ministro da Agricultura e Mar, Jos\u00e9 Manuel Fernandes, participou, no dia 28 de agosto, na sess\u00e3o de abertura do<\/p>\n","protected":false},"author":1,"featured_media":66038,"comment_status":"closed","ping_status":"closed","sticky":false,"template":"","format":"standard","meta":{"colormag_page_container_layout":"default_layout","colormag_page_sidebar_layout":"default_layout","_monsterinsights_skip_tracking":false,"_jetpack_newsletter_access":"","_jetpack_dont_email_post_to_subs":false,"_jetpack_newsletter_tier_id":0,"_jetpack_memberships_contains_paywalled_content":false,"_jetpack_feature_clip_id":0,"_jetpack_memberships_contains_paid_content":false,"footnotes":"","jetpack_publicize_message":"","jetpack_publicize_feature_enabled":true,"jetpack_social_post_already_shared":true,"jetpack_social_options":{"image_generator_settings":{"template":"highway","default_image_id":0,"font":"","enabled":false},"version":2},"jetpack_post_was_ever_published":false},"categories":[11],"tags":[36,62,143,48],"class_list":["post-66037","post","type-post","status-publish","format-standard","has-post-thumbnail","hentry","category-atualidade","tag-algarve","tag-atualidade","tag-ccdr-algarve","tag-lagoa"],"yoast_head":"<!-- This site is optimized with the Yoast SEO plugin v28.4 - https:\/\/yoast.com\/product\/yoast-seo-wordpress\/ -->\n<title>O Ministro da Agricultura e Mar, Jos\u00e9 Manuel Fernandes, participou, na sess\u00e3o de abertura do semin\u00e1rio \u00abO Futuro da Agricultura Algarvia na Pr\u00f3xima D\u00e9cada\u00bb - Algarve 7<\/title>\n<meta name=\"description\" content=\"O Ministro da Agricultura e Mar, Jos\u00e9 Manuel Fernandes, participou, na sess\u00e3o de abertura do semin\u00e1rio \u00abO Futuro da Agricultura Algarvia na Pr\u00f3xima D\u00e9cada\u00bb Atualidade\" \/>\n<meta name=\"robots\" content=\"index, follow, max-snippet:-1, max-image-preview:large, max-video-preview:-1\" \/>\n<link rel=\"canonical\" href=\"https:\/\/algarve7.pt\/index.php\/2026\/09\/o-ministro-da-agricultura-e-mar-jose-manuel-fernandes-participou-na-sessao-de-abertura-do-seminario-o-futuro-da-agricultura-algarvia-na-proxima-decada\/atualidade\/07\/40\/\" \/>\n<meta property=\"og:locale\" content=\"pt_PT\" \/>\n<meta property=\"og:type\" content=\"article\" \/>\n<meta property=\"og:title\" content=\"O Ministro da Agricultura e Mar, Jos\u00e9 Manuel Fernandes, participou, na sess\u00e3o de abertura do semin\u00e1rio \u00abO Futuro da Agricultura Algarvia na Pr\u00f3xima D\u00e9cada\u00bb - Algarve 7\" \/>\n<meta property=\"og:description\" content=\"O Ministro da Agricultura e Mar, Jos\u00e9 Manuel Fernandes, participou, na sess\u00e3o de abertura do semin\u00e1rio \u00abO Futuro da Agricultura Algarvia na Pr\u00f3xima D\u00e9cada\u00bb Atualidade\" \/>\n<meta property=\"og:url\" content=\"https:\/\/algarve7.pt\/index.php\/2026\/09\/o-ministro-da-agricultura-e-mar-jose-manuel-fernandes-participou-na-sessao-de-abertura-do-seminario-o-futuro-da-agricultura-algarvia-na-proxima-decada\/atualidade\/07\/40\/\" \/>\n<meta property=\"og:site_name\" content=\"Algarve 7\" \/>\n<meta property=\"article:publisher\" content=\"https:\/\/www.facebook.com\/algarve7\" \/>\n<meta property=\"article:author\" content=\"https:\/\/www.facebook.com\/algarve7\" \/>\n<meta property=\"article:published_time\" content=\"2026-09-02T06:40:00+00:00\" \/>\n<meta property=\"og:image\" content=\"https:\/\/algarve7.pt\/wp-content\/uploads\/2026\/09\/Seminario-O-Futuro-da-Agricultura-Algarvia-na-Proxima-Decada-Lagoa-28-08-2026-34.jpg\" \/>\n\t<meta property=\"og:image:width\" content=\"975\" \/>\n\t<meta property=\"og:image:height\" content=\"650\" \/>\n\t<meta property=\"og:image:type\" content=\"image\/jpeg\" \/>\n<meta name=\"author\" content=\"Algarve 7\" \/>\n<meta name=\"twitter:card\" content=\"summary_large_image\" \/>\n<meta name=\"twitter:creator\" content=\"@Algarvesete\" \/>\n<meta name=\"twitter:site\" content=\"@Algarvesete\" \/>\n<meta name=\"twitter:label1\" content=\"Escrito por\" \/>\n\t<meta name=\"twitter:data1\" content=\"Algarve 7\" \/>\n\t<meta name=\"twitter:label2\" content=\"Tempo estimado de leitura\" \/>\n\t<meta name=\"twitter:data2\" content=\"7 minutos\" \/>\n<script type=\"application\/ld+json\" class=\"yoast-schema-graph\">{\"@context\":\"https:\\\/\\\/schema.org\",\"@graph\":[{\"@type\":\"Article\",\"@id\":\"https:\\\/\\\/algarve7.pt\\\/index.php\\\/2026\\\/09\\\/o-ministro-da-agricultura-e-mar-jose-manuel-fernandes-participou-na-sessao-de-abertura-do-seminario-o-futuro-da-agricultura-algarvia-na-proxima-decada\\\/atualidade\\\/07\\\/40\\\/#article\",\"isPartOf\":{\"@id\":\"https:\\\/\\\/algarve7.pt\\\/index.php\\\/2026\\\/09\\\/o-ministro-da-agricultura-e-mar-jose-manuel-fernandes-participou-na-sessao-de-abertura-do-seminario-o-futuro-da-agricultura-algarvia-na-proxima-decada\\\/atualidade\\\/07\\\/40\\\/\"},\"author\":{\"name\":\"Algarve 7\",\"@id\":\"https:\\\/\\\/algarve7.pt\\\/#\\\/schema\\\/person\\\/23fa70681308e7b319a3204bcea45e0c\"},\"headline\":\"O Ministro da Agricultura e Mar, Jos\u00e9 Manuel Fernandes, participou, na sess\u00e3o de abertura do semin\u00e1rio \u00abO Futuro da Agricultura Algarvia na Pr\u00f3xima D\u00e9cada\u00bb\",\"datePublished\":\"2026-09-02T06:40:00+00:00\",\"mainEntityOfPage\":{\"@id\":\"https:\\\/\\\/algarve7.pt\\\/index.php\\\/2026\\\/09\\\/o-ministro-da-agricultura-e-mar-jose-manuel-fernandes-participou-na-sessao-de-abertura-do-seminario-o-futuro-da-agricultura-algarvia-na-proxima-decada\\\/atualidade\\\/07\\\/40\\\/\"},\"wordCount\":1263,\"publisher\":{\"@id\":\"https:\\\/\\\/algarve7.pt\\\/#organization\"},\"image\":{\"@id\":\"https:\\\/\\\/algarve7.pt\\\/index.php\\\/2026\\\/09\\\/o-ministro-da-agricultura-e-mar-jose-manuel-fernandes-participou-na-sessao-de-abertura-do-seminario-o-futuro-da-agricultura-algarvia-na-proxima-decada\\\/atualidade\\\/07\\\/40\\\/#primaryimage\"},\"thumbnailUrl\":\"https:\\\/\\\/algarve7.pt\\\/wp-content\\\/uploads\\\/2026\\\/09\\\/Seminario-O-Futuro-da-Agricultura-Algarvia-na-Proxima-Decada-Lagoa-28-08-2026-34.jpg\",\"keywords\":[\"Algarve\",\"Atualidade\",\"CCDR Algarve\",\"Lagoa\"],\"articleSection\":[\"Atualidade\"],\"inLanguage\":\"pt-PT\"},{\"@type\":\"WebPage\",\"@id\":\"https:\\\/\\\/algarve7.pt\\\/index.php\\\/2026\\\/09\\\/o-ministro-da-agricultura-e-mar-jose-manuel-fernandes-participou-na-sessao-de-abertura-do-seminario-o-futuro-da-agricultura-algarvia-na-proxima-decada\\\/atualidade\\\/07\\\/40\\\/\",\"url\":\"https:\\\/\\\/algarve7.pt\\\/index.php\\\/2026\\\/09\\\/o-ministro-da-agricultura-e-mar-jose-manuel-fernandes-participou-na-sessao-de-abertura-do-seminario-o-futuro-da-agricultura-algarvia-na-proxima-decada\\\/atualidade\\\/07\\\/40\\\/\",\"name\":\"O Ministro da Agricultura e Mar, Jos\u00e9 Manuel Fernandes, participou, na sess\u00e3o de abertura do semin\u00e1rio \u00abO Futuro da Agricultura Algarvia na Pr\u00f3xima D\u00e9cada\u00bb - Algarve 7\",\"isPartOf\":{\"@id\":\"https:\\\/\\\/algarve7.pt\\\/#website\"},\"primaryImageOfPage\":{\"@id\":\"https:\\\/\\\/algarve7.pt\\\/index.php\\\/2026\\\/09\\\/o-ministro-da-agricultura-e-mar-jose-manuel-fernandes-participou-na-sessao-de-abertura-do-seminario-o-futuro-da-agricultura-algarvia-na-proxima-decada\\\/atualidade\\\/07\\\/40\\\/#primaryimage\"},\"image\":{\"@id\":\"https:\\\/\\\/algarve7.pt\\\/index.php\\\/2026\\\/09\\\/o-ministro-da-agricultura-e-mar-jose-manuel-fernandes-participou-na-sessao-de-abertura-do-seminario-o-futuro-da-agricultura-algarvia-na-proxima-decada\\\/atualidade\\\/07\\\/40\\\/#primaryimage\"},\"thumbnailUrl\":\"https:\\\/\\\/algarve7.pt\\\/wp-content\\\/uploads\\\/2026\\\/09\\\/Seminario-O-Futuro-da-Agricultura-Algarvia-na-Proxima-Decada-Lagoa-28-08-2026-34.jpg\",\"datePublished\":\"2026-09-02T06:40:00+00:00\",\"description\":\"O Ministro da Agricultura e Mar, Jos\u00e9 Manuel Fernandes, participou, na sess\u00e3o de abertura do semin\u00e1rio \u00abO Futuro da Agricultura Algarvia na Pr\u00f3xima D\u00e9cada\u00bb Atualidade\",\"breadcrumb\":{\"@id\":\"https:\\\/\\\/algarve7.pt\\\/index.php\\\/2026\\\/09\\\/o-ministro-da-agricultura-e-mar-jose-manuel-fernandes-participou-na-sessao-de-abertura-do-seminario-o-futuro-da-agricultura-algarvia-na-proxima-decada\\\/atualidade\\\/07\\\/40\\\/#breadcrumb\"},\"inLanguage\":\"pt-PT\",\"potentialAction\":[{\"@type\":\"ReadAction\",\"target\":[\"https:\\\/\\\/algarve7.pt\\\/index.php\\\/2026\\\/09\\\/o-ministro-da-agricultura-e-mar-jose-manuel-fernandes-participou-na-sessao-de-abertura-do-seminario-o-futuro-da-agricultura-algarvia-na-proxima-decada\\\/atualidade\\\/07\\\/40\\\/\"]}]},{\"@type\":\"ImageObject\",\"inLanguage\":\"pt-PT\",\"@id\":\"https:\\\/\\\/algarve7.pt\\\/index.php\\\/2026\\\/09\\\/o-ministro-da-agricultura-e-mar-jose-manuel-fernandes-participou-na-sessao-de-abertura-do-seminario-o-futuro-da-agricultura-algarvia-na-proxima-decada\\\/atualidade\\\/07\\\/40\\\/#primaryimage\",\"url\":\"https:\\\/\\\/algarve7.pt\\\/wp-content\\\/uploads\\\/2026\\\/09\\\/Seminario-O-Futuro-da-Agricultura-Algarvia-na-Proxima-Decada-Lagoa-28-08-2026-34.jpg\",\"contentUrl\":\"https:\\\/\\\/algarve7.pt\\\/wp-content\\\/uploads\\\/2026\\\/09\\\/Seminario-O-Futuro-da-Agricultura-Algarvia-na-Proxima-Decada-Lagoa-28-08-2026-34.jpg\",\"width\":975,\"height\":650},{\"@type\":\"BreadcrumbList\",\"@id\":\"https:\\\/\\\/algarve7.pt\\\/index.php\\\/2026\\\/09\\\/o-ministro-da-agricultura-e-mar-jose-manuel-fernandes-participou-na-sessao-de-abertura-do-seminario-o-futuro-da-agricultura-algarvia-na-proxima-decada\\\/atualidade\\\/07\\\/40\\\/#breadcrumb\",\"itemListElement\":[{\"@type\":\"ListItem\",\"position\":1,\"name\":\"In\u00edcio\",\"item\":\"https:\\\/\\\/algarve7.pt\\\/\"},{\"@type\":\"ListItem\",\"position\":2,\"name\":\"O Ministro da Agricultura e Mar, Jos\u00e9 Manuel Fernandes, participou, na sess\u00e3o de abertura do semin\u00e1rio \u00abO Futuro da Agricultura Algarvia na Pr\u00f3xima D\u00e9cada\u00bb\"}]},{\"@type\":\"WebSite\",\"@id\":\"https:\\\/\\\/algarve7.pt\\\/#website\",\"url\":\"https:\\\/\\\/algarve7.pt\\\/\",\"name\":\"Algarve 7\",\"description\":\"Informa\u00e7\u00e3o sobre o Algarve\",\"publisher\":{\"@id\":\"https:\\\/\\\/algarve7.pt\\\/#organization\"},\"potentialAction\":[{\"@type\":\"SearchAction\",\"target\":{\"@type\":\"EntryPoint\",\"urlTemplate\":\"https:\\\/\\\/algarve7.pt\\\/?s={search_term_string}\"},\"query-input\":{\"@type\":\"PropertyValueSpecification\",\"valueRequired\":true,\"valueName\":\"search_term_string\"}}],\"inLanguage\":\"pt-PT\"},{\"@type\":\"Organization\",\"@id\":\"https:\\\/\\\/algarve7.pt\\\/#organization\",\"name\":\"Algarve 7\",\"url\":\"https:\\\/\\\/algarve7.pt\\\/\",\"logo\":{\"@type\":\"ImageObject\",\"inLanguage\":\"pt-PT\",\"@id\":\"https:\\\/\\\/algarve7.pt\\\/#\\\/schema\\\/logo\\\/image\\\/\",\"url\":\"https:\\\/\\\/algarve7.pt\\\/wp-content\\\/uploads\\\/2020\\\/10\\\/Logo-8.jpg\",\"contentUrl\":\"https:\\\/\\\/algarve7.pt\\\/wp-content\\\/uploads\\\/2020\\\/10\\\/Logo-8.jpg\",\"width\":1680,\"height\":1186,\"caption\":\"Algarve 7\"},\"image\":{\"@id\":\"https:\\\/\\\/algarve7.pt\\\/#\\\/schema\\\/logo\\\/image\\\/\"},\"sameAs\":[\"https:\\\/\\\/www.facebook.com\\\/algarve7\",\"https:\\\/\\\/x.com\\\/Algarvesete\",\"https:\\\/\\\/www.instagram.com\\\/jornalalgarve7\\\/\",\"https:\\\/\\\/www.linkedin.com\\\/company\\\/algarve7\",\"https:\\\/\\\/www.pinterest.pt\\\/geral0939\\\/_created\\\/\"]},{\"@type\":\"Person\",\"@id\":\"https:\\\/\\\/algarve7.pt\\\/#\\\/schema\\\/person\\\/23fa70681308e7b319a3204bcea45e0c\",\"name\":\"Algarve 7\",\"sameAs\":[\"https:\\\/\\\/algarve7.pt\",\"https:\\\/\\\/www.facebook.com\\\/algarve7\"],\"url\":\"https:\\\/\\\/algarve7.pt\\\/index.php\\\/author\\\/geralalgarve7-pt\\\/\"}]}<\/script>\n<!-- \/ Yoast SEO plugin. -->","yoast_head_json":{"title":"O Ministro da Agricultura e Mar, Jos\u00e9 Manuel Fernandes, participou, na sess\u00e3o de abertura do semin\u00e1rio \u00abO Futuro da Agricultura Algarvia na Pr\u00f3xima D\u00e9cada\u00bb - Algarve 7","description":"O Ministro da Agricultura e Mar, Jos\u00e9 Manuel Fernandes, participou, na sess\u00e3o de abertura do semin\u00e1rio \u00abO Futuro da Agricultura Algarvia na Pr\u00f3xima D\u00e9cada\u00bb Atualidade","robots":{"index":"index","follow":"follow","max-snippet":"max-snippet:-1","max-image-preview":"max-image-preview:large","max-video-preview":"max-video-preview:-1"},"canonical":"https:\/\/algarve7.pt\/index.php\/2026\/09\/o-ministro-da-agricultura-e-mar-jose-manuel-fernandes-participou-na-sessao-de-abertura-do-seminario-o-futuro-da-agricultura-algarvia-na-proxima-decada\/atualidade\/07\/40\/","og_locale":"pt_PT","og_type":"article","og_title":"O Ministro da Agricultura e Mar, Jos\u00e9 Manuel Fernandes, participou, na sess\u00e3o de abertura do semin\u00e1rio \u00abO Futuro da Agricultura Algarvia na Pr\u00f3xima D\u00e9cada\u00bb - Algarve 7","og_description":"O Ministro da Agricultura e Mar, Jos\u00e9 Manuel Fernandes, participou, na sess\u00e3o de abertura do semin\u00e1rio \u00abO Futuro da Agricultura Algarvia na Pr\u00f3xima D\u00e9cada\u00bb Atualidade","og_url":"https:\/\/algarve7.pt\/index.php\/2026\/09\/o-ministro-da-agricultura-e-mar-jose-manuel-fernandes-participou-na-sessao-de-abertura-do-seminario-o-futuro-da-agricultura-algarvia-na-proxima-decada\/atualidade\/07\/40\/","og_site_name":"Algarve 7","article_publisher":"https:\/\/www.facebook.com\/algarve7","article_author":"https:\/\/www.facebook.com\/algarve7","article_published_time":"2026-09-02T06:40:00+00:00","og_image":[{"width":975,"height":650,"url":"https:\/\/algarve7.pt\/wp-content\/uploads\/2026\/09\/Seminario-O-Futuro-da-Agricultura-Algarvia-na-Proxima-Decada-Lagoa-28-08-2026-34.jpg","type":"image\/jpeg"}],"author":"Algarve 7","twitter_card":"summary_large_image","twitter_creator":"@Algarvesete","twitter_site":"@Algarvesete","twitter_misc":{"Escrito por":"Algarve 7","Tempo estimado de leitura":"7 minutos"},"schema":{"@context":"https:\/\/schema.org","@graph":[{"@type":"Article","@id":"https:\/\/algarve7.pt\/index.php\/2026\/09\/o-ministro-da-agricultura-e-mar-jose-manuel-fernandes-participou-na-sessao-de-abertura-do-seminario-o-futuro-da-agricultura-algarvia-na-proxima-decada\/atualidade\/07\/40\/#article","isPartOf":{"@id":"https:\/\/algarve7.pt\/index.php\/2026\/09\/o-ministro-da-agricultura-e-mar-jose-manuel-fernandes-participou-na-sessao-de-abertura-do-seminario-o-futuro-da-agricultura-algarvia-na-proxima-decada\/atualidade\/07\/40\/"},"author":{"name":"Algarve 7","@id":"https:\/\/algarve7.pt\/#\/schema\/person\/23fa70681308e7b319a3204bcea45e0c"},"headline":"O Ministro da Agricultura e Mar, Jos\u00e9 Manuel Fernandes, participou, na sess\u00e3o de abertura do semin\u00e1rio \u00abO Futuro da Agricultura Algarvia na Pr\u00f3xima D\u00e9cada\u00bb","datePublished":"2026-09-02T06:40:00+00:00","mainEntityOfPage":{"@id":"https:\/\/algarve7.pt\/index.php\/2026\/09\/o-ministro-da-agricultura-e-mar-jose-manuel-fernandes-participou-na-sessao-de-abertura-do-seminario-o-futuro-da-agricultura-algarvia-na-proxima-decada\/atualidade\/07\/40\/"},"wordCount":1263,"publisher":{"@id":"https:\/\/algarve7.pt\/#organization"},"image":{"@id":"https:\/\/algarve7.pt\/index.php\/2026\/09\/o-ministro-da-agricultura-e-mar-jose-manuel-fernandes-participou-na-sessao-de-abertura-do-seminario-o-futuro-da-agricultura-algarvia-na-proxima-decada\/atualidade\/07\/40\/#primaryimage"},"thumbnailUrl":"https:\/\/algarve7.pt\/wp-content\/uploads\/2026\/09\/Seminario-O-Futuro-da-Agricultura-Algarvia-na-Proxima-Decada-Lagoa-28-08-2026-34.jpg","keywords":["Algarve","Atualidade","CCDR Algarve","Lagoa"],"articleSection":["Atualidade"],"inLanguage":"pt-PT"},{"@type":"WebPage","@id":"https:\/\/algarve7.pt\/index.php\/2026\/09\/o-ministro-da-agricultura-e-mar-jose-manuel-fernandes-participou-na-sessao-de-abertura-do-seminario-o-futuro-da-agricultura-algarvia-na-proxima-decada\/atualidade\/07\/40\/","url":"https:\/\/algarve7.pt\/index.php\/2026\/09\/o-ministro-da-agricultura-e-mar-jose-manuel-fernandes-participou-na-sessao-de-abertura-do-seminario-o-futuro-da-agricultura-algarvia-na-proxima-decada\/atualidade\/07\/40\/","name":"O Ministro da Agricultura e Mar, Jos\u00e9 Manuel Fernandes, participou, na sess\u00e3o de abertura do semin\u00e1rio \u00abO Futuro da Agricultura Algarvia na Pr\u00f3xima D\u00e9cada\u00bb - Algarve 7","isPartOf":{"@id":"https:\/\/algarve7.pt\/#website"},"primaryImageOfPage":{"@id":"https:\/\/algarve7.pt\/index.php\/2026\/09\/o-ministro-da-agricultura-e-mar-jose-manuel-fernandes-participou-na-sessao-de-abertura-do-seminario-o-futuro-da-agricultura-algarvia-na-proxima-decada\/atualidade\/07\/40\/#primaryimage"},"image":{"@id":"https:\/\/algarve7.pt\/index.php\/2026\/09\/o-ministro-da-agricultura-e-mar-jose-manuel-fernandes-participou-na-sessao-de-abertura-do-seminario-o-futuro-da-agricultura-algarvia-na-proxima-decada\/atualidade\/07\/40\/#primaryimage"},"thumbnailUrl":"https:\/\/algarve7.pt\/wp-content\/uploads\/2026\/09\/Seminario-O-Futuro-da-Agricultura-Algarvia-na-Proxima-Decada-Lagoa-28-08-2026-34.jpg","datePublished":"2026-09-02T06:40:00+00:00","description":"O Ministro da Agricultura e Mar, Jos\u00e9 Manuel Fernandes, participou, na sess\u00e3o de abertura do semin\u00e1rio \u00abO Futuro da Agricultura Algarvia na Pr\u00f3xima D\u00e9cada\u00bb Atualidade","breadcrumb":{"@id":"https:\/\/algarve7.pt\/index.php\/2026\/09\/o-ministro-da-agricultura-e-mar-jose-manuel-fernandes-participou-na-sessao-de-abertura-do-seminario-o-futuro-da-agricultura-algarvia-na-proxima-decada\/atualidade\/07\/40\/#breadcrumb"},"inLanguage":"pt-PT","potentialAction":[{"@type":"ReadAction","target":["https:\/\/algarve7.pt\/index.php\/2026\/09\/o-ministro-da-agricultura-e-mar-jose-manuel-fernandes-participou-na-sessao-de-abertura-do-seminario-o-futuro-da-agricultura-algarvia-na-proxima-decada\/atualidade\/07\/40\/"]}]},{"@type":"ImageObject","inLanguage":"pt-PT","@id":"https:\/\/algarve7.pt\/index.php\/2026\/09\/o-ministro-da-agricultura-e-mar-jose-manuel-fernandes-participou-na-sessao-de-abertura-do-seminario-o-futuro-da-agricultura-algarvia-na-proxima-decada\/atualidade\/07\/40\/#primaryimage","url":"https:\/\/algarve7.pt\/wp-content\/uploads\/2026\/09\/Seminario-O-Futuro-da-Agricultura-Algarvia-na-Proxima-Decada-Lagoa-28-08-2026-34.jpg","contentUrl":"https:\/\/algarve7.pt\/wp-content\/uploads\/2026\/09\/Seminario-O-Futuro-da-Agricultura-Algarvia-na-Proxima-Decada-Lagoa-28-08-2026-34.jpg","width":975,"height":650},{"@type":"BreadcrumbList","@id":"https:\/\/algarve7.pt\/index.php\/2026\/09\/o-ministro-da-agricultura-e-mar-jose-manuel-fernandes-participou-na-sessao-de-abertura-do-seminario-o-futuro-da-agricultura-algarvia-na-proxima-decada\/atualidade\/07\/40\/#breadcrumb","itemListElement":[{"@type":"ListItem","position":1,"name":"In\u00edcio","item":"https:\/\/algarve7.pt\/"},{"@type":"ListItem","position":2,"name":"O Ministro da Agricultura e Mar, Jos\u00e9 Manuel Fernandes, participou, na sess\u00e3o de abertura do semin\u00e1rio \u00abO Futuro da Agricultura Algarvia na Pr\u00f3xima D\u00e9cada\u00bb"}]},{"@type":"WebSite","@id":"https:\/\/algarve7.pt\/#website","url":"https:\/\/algarve7.pt\/","name":"Algarve 7","description":"Informa\u00e7\u00e3o sobre o Algarve","publisher":{"@id":"https:\/\/algarve7.pt\/#organization"},"potentialAction":[{"@type":"SearchAction","target":{"@type":"EntryPoint","urlTemplate":"https:\/\/algarve7.pt\/?s={search_term_string}"},"query-input":{"@type":"PropertyValueSpecification","valueRequired":true,"valueName":"search_term_string"}}],"inLanguage":"pt-PT"},{"@type":"Organization","@id":"https:\/\/algarve7.pt\/#organization","name":"Algarve 7","url":"https:\/\/algarve7.pt\/","logo":{"@type":"ImageObject","inLanguage":"pt-PT","@id":"https:\/\/algarve7.pt\/#\/schema\/logo\/image\/","url":"https:\/\/algarve7.pt\/wp-content\/uploads\/2020\/10\/Logo-8.jpg","contentUrl":"https:\/\/algarve7.pt\/wp-content\/uploads\/2020\/10\/Logo-8.jpg","width":1680,"height":1186,"caption":"Algarve 7"},"image":{"@id":"https:\/\/algarve7.pt\/#\/schema\/logo\/image\/"},"sameAs":["https:\/\/www.facebook.com\/algarve7","https:\/\/x.com\/Algarvesete","https:\/\/www.instagram.com\/jornalalgarve7\/","https:\/\/www.linkedin.com\/company\/algarve7","https:\/\/www.pinterest.pt\/geral0939\/_created\/"]},{"@type":"Person","@id":"https:\/\/algarve7.pt\/#\/schema\/person\/23fa70681308e7b319a3204bcea45e0c","name":"Algarve 7","sameAs":["https:\/\/algarve7.pt","https:\/\/www.facebook.com\/algarve7"],"url":"https:\/\/algarve7.pt\/index.php\/author\/geralalgarve7-pt\/"}]}},"jetpack_publicize_connections":[],"jetpack_shortlink":"https:\/\/wp.me\/pcezmW-hb7","jetpack_sharing_enabled":true,"jetpack_featured_media_url":"https:\/\/algarve7.pt\/wp-content\/uploads\/2026\/09\/Seminario-O-Futuro-da-Agricultura-Algarvia-na-Proxima-Decada-Lagoa-28-08-2026-34.jpg","_links":{"self":[{"href":"https:\/\/algarve7.pt\/index.php\/wp-json\/wp\/v2\/posts\/66037","targetHints":{"allow":["GET"]}}],"collection":[{"href":"https:\/\/algarve7.pt\/index.php\/wp-json\/wp\/v2\/posts"}],"about":[{"href":"https:\/\/algarve7.pt\/index.php\/wp-json\/wp\/v2\/types\/post"}],"author":[{"embeddable":true,"href":"https:\/\/algarve7.pt\/index.php\/wp-json\/wp\/v2\/users\/1"}],"replies":[{"embeddable":true,"href":"https:\/\/algarve7.pt\/index.php\/wp-json\/wp\/v2\/comments?post=66037"}],"version-history":[{"count":1,"href":"https:\/\/algarve7.pt\/index.php\/wp-json\/wp\/v2\/posts\/66037\/revisions"}],"predecessor-version":[{"id":66039,"href":"https:\/\/algarve7.pt\/index.php\/wp-json\/wp\/v2\/posts\/66037\/revisions\/66039"}],"wp:featuredmedia":[{"embeddable":true,"href":"https:\/\/algarve7.pt\/index.php\/wp-json\/wp\/v2\/media\/66038"}],"wp:attachment":[{"href":"https:\/\/algarve7.pt\/index.php\/wp-json\/wp\/v2\/media?parent=66037"}],"wp:term":[{"taxonomy":"category","embeddable":true,"href":"https:\/\/algarve7.pt\/index.php\/wp-json\/wp\/v2\/categories?post=66037"},{"taxonomy":"post_tag","embeddable":true,"href":"https:\/\/algarve7.pt\/index.php\/wp-json\/wp\/v2\/tags?post=66037"}],"curies":[{"name":"wp","href":"https:\/\/api.w.org\/{rel}","templated":true}]}}