{"id":66023,"date":"2026-09-01T17:14:32","date_gmt":"2026-09-01T16:14:32","guid":{"rendered":"https:\/\/algarve7.pt\/?p=66023"},"modified":"2026-09-01T17:14:37","modified_gmt":"2026-09-01T16:14:37","slug":"festas-da-guia-foram-as-mais-participadas-de-sempre","status":"publish","type":"post","link":"https:\/\/algarve7.pt\/index.php\/2026\/09\/festas-da-guia-foram-as-mais-participadas-de-sempre\/cultura\/17\/14\/","title":{"rendered":"Festas da Guia foram as mais participadas de sempre"},"content":{"rendered":"\n<p class=\"wp-block-paragraph\">As Festas da Guia, decorridas nos dias 29 e 30 de agosto nesta localidade do concelho de Albufeira, registaram uma das maiores ades\u00f5es de p\u00fablico de sempre. O evento voltou a reunir fregueses e visitantes em torno das tradi\u00e7\u00f5es locais, da gastronomia e da vertente religiosa.<\/p>\n\n\n\n<p class=\"wp-block-paragraph\">O programa religioso, um dos pilares do evento, cumpriu-se no s\u00e1bado, dia 29, com a Missa e Prociss\u00e3o a partir da Capela de Nossa Senhora da Guia. No domingo, 30 de agosto, as celebra\u00e7\u00f5es continuaram com a Missa e Prociss\u00e3o a partir da Igreja Matriz, em honra de Nossa Senhora da Guia e de S\u00e3o Lu\u00eds.<\/p>\n\n\n\n<p class=\"wp-block-paragraph\">A maior aflu\u00eancia de p\u00fablico registou-se no s\u00e1bado, com o Polidesportivo da Guia &#8211; local onde decorreram as festividades &#8211; a bater o recorde de visitantes numa noite que contou com o concerto de Bonga. Refira-se que, na noite de domingo, e por motivos de sa\u00fade, a cantora Ruth Marlene viu-se obrigada a cancelar o seu concerto, tendo a anima\u00e7\u00e3o musical sido assegurada pelos restantes m\u00fasicos e pela sua banda de apoio at\u00e9 ao espet\u00e1culo de fogo de artif\u00edcio.&nbsp;<\/p>\n\n\n\n<p class=\"wp-block-paragraph\">Dinis Nascimento, Presidente da Junta de Freguesia da Guia, assinalou o impacto da iniciativa, referindo que \u201co n\u00famero de pessoas que passou pela Guia ao longo destes dois dias demonstra a import\u00e2ncia destas festas para a freguesia. Cumprimos o objetivo de manter vivas as nossas tradi\u00e7\u00f5es religiosas e culturais, acolhendo quem nos visita com a dignidade que a nossa terra merece.&#8221;<\/p>\n","protected":false},"excerpt":{"rendered":"<p>As Festas da Guia, decorridas nos dias 29 e 30 de agosto nesta localidade do concelho de Albufeira, registaram uma<\/p>\n","protected":false},"author":1,"featured_media":66024,"comment_status":"closed","ping_status":"closed","sticky":false,"template":"","format":"standard","meta":{"colormag_page_container_layout":"default_layout","colormag_page_sidebar_layout":"default_layout","_monsterinsights_skip_tracking":false,"_jetpack_newsletter_access":"","_jetpack_dont_email_post_to_subs":false,"_jetpack_newsletter_tier_id":0,"_jetpack_memberships_contains_paywalled_content":false,"_jetpack_feature_clip_id":0,"_jetpack_memberships_contains_paid_content":false,"footnotes":"","jetpack_publicize_message":"","jetpack_publicize_feature_enabled":true,"jetpack_social_post_already_shared":true,"jetpack_social_options":{"image_generator_settings":{"template":"highway","default_image_id":0,"font":"","enabled":false},"version":2},"jetpack_post_was_ever_published":false},"categories":[14],"tags":[36,35,957],"class_list":["post-66023","post","type-post","status-publish","format-standard","has-post-thumbnail","hentry","category-cultura","tag-algarve","tag-cultura","tag-guia"],"yoast_head":"<!-- This site is optimized with the Yoast SEO plugin v28.4 - https:\/\/yoast.com\/product\/yoast-seo-wordpress\/ -->\n<title>Festas da Guia foram as mais participadas de sempre - Algarve 7<\/title>\n<meta name=\"description\" content=\"Festas da Guia foram as mais participadas de sempre Cultura\" \/>\n<meta name=\"robots\" content=\"index, follow, max-snippet:-1, max-image-preview:large, max-video-preview:-1\" \/>\n<link rel=\"canonical\" href=\"https:\/\/algarve7.pt\/index.php\/2026\/09\/festas-da-guia-foram-as-mais-participadas-de-sempre\/cultura\/17\/14\/\" \/>\n<meta property=\"og:locale\" content=\"pt_PT\" \/>\n<meta property=\"og:type\" content=\"article\" \/>\n<meta property=\"og:title\" content=\"Festas da Guia foram as mais participadas de sempre - Algarve 7\" \/>\n<meta property=\"og:description\" content=\"Festas da Guia foram as mais participadas de sempre Cultura\" \/>\n<meta property=\"og:url\" content=\"https:\/\/algarve7.pt\/index.php\/2026\/09\/festas-da-guia-foram-as-mais-participadas-de-sempre\/cultura\/17\/14\/\" \/>\n<meta property=\"og:site_name\" content=\"Algarve 7\" \/>\n<meta property=\"article:publisher\" content=\"https:\/\/www.facebook.com\/algarve7\" \/>\n<meta property=\"article:author\" content=\"https:\/\/www.facebook.com\/algarve7\" \/>\n<meta property=\"article:published_time\" content=\"2026-09-01T16:14:32+00:00\" \/>\n<meta property=\"article:modified_time\" content=\"2026-09-01T16:14:37+00:00\" \/>\n<meta property=\"og:image\" content=\"https:\/\/algarve7.pt\/wp-content\/uploads\/2026\/09\/Festas-da-Guia-2026-15.jpg\" \/>\n\t<meta property=\"og:image:width\" content=\"975\" \/>\n\t<meta property=\"og:image:height\" content=\"650\" \/>\n\t<meta property=\"og:image:type\" content=\"image\/jpeg\" \/>\n<meta name=\"author\" content=\"Algarve 7\" \/>\n<meta name=\"twitter:card\" content=\"summary_large_image\" \/>\n<meta name=\"twitter:creator\" content=\"@Algarvesete\" \/>\n<meta name=\"twitter:site\" content=\"@Algarvesete\" \/>\n<meta name=\"twitter:label1\" content=\"Escrito por\" \/>\n\t<meta name=\"twitter:data1\" content=\"Algarve 7\" \/>\n\t<meta name=\"twitter:label2\" content=\"Tempo estimado de leitura\" \/>\n\t<meta name=\"twitter:data2\" content=\"2 minutos\" \/>\n<script type=\"application\/ld+json\" class=\"yoast-schema-graph\">{\"@context\":\"https:\\\/\\\/schema.org\",\"@graph\":[{\"@type\":\"Article\",\"@id\":\"https:\\\/\\\/algarve7.pt\\\/index.php\\\/2026\\\/09\\\/festas-da-guia-foram-as-mais-participadas-de-sempre\\\/cultura\\\/17\\\/14\\\/#article\",\"isPartOf\":{\"@id\":\"https:\\\/\\\/algarve7.pt\\\/index.php\\\/2026\\\/09\\\/festas-da-guia-foram-as-mais-participadas-de-sempre\\\/cultura\\\/17\\\/14\\\/\"},\"author\":{\"name\":\"Algarve 7\",\"@id\":\"https:\\\/\\\/algarve7.pt\\\/#\\\/schema\\\/person\\\/23fa70681308e7b319a3204bcea45e0c\"},\"headline\":\"Festas da Guia foram as mais participadas de sempre\",\"datePublished\":\"2026-09-01T16:14:32+00:00\",\"dateModified\":\"2026-09-01T16:14:37+00:00\",\"mainEntityOfPage\":{\"@id\":\"https:\\\/\\\/algarve7.pt\\\/index.php\\\/2026\\\/09\\\/festas-da-guia-foram-as-mais-participadas-de-sempre\\\/cultura\\\/17\\\/14\\\/\"},\"wordCount\":268,\"publisher\":{\"@id\":\"https:\\\/\\\/algarve7.pt\\\/#organization\"},\"image\":{\"@id\":\"https:\\\/\\\/algarve7.pt\\\/index.php\\\/2026\\\/09\\\/festas-da-guia-foram-as-mais-participadas-de-sempre\\\/cultura\\\/17\\\/14\\\/#primaryimage\"},\"thumbnailUrl\":\"https:\\\/\\\/algarve7.pt\\\/wp-content\\\/uploads\\\/2026\\\/09\\\/Festas-da-Guia-2026-15.jpg\",\"keywords\":[\"Algarve\",\"Cultura\",\"Guia\"],\"articleSection\":[\"Cultura\"],\"inLanguage\":\"pt-PT\"},{\"@type\":\"WebPage\",\"@id\":\"https:\\\/\\\/algarve7.pt\\\/index.php\\\/2026\\\/09\\\/festas-da-guia-foram-as-mais-participadas-de-sempre\\\/cultura\\\/17\\\/14\\\/\",\"url\":\"https:\\\/\\\/algarve7.pt\\\/index.php\\\/2026\\\/09\\\/festas-da-guia-foram-as-mais-participadas-de-sempre\\\/cultura\\\/17\\\/14\\\/\",\"name\":\"Festas da Guia foram as mais participadas de sempre - Algarve 7\",\"isPartOf\":{\"@id\":\"https:\\\/\\\/algarve7.pt\\\/#website\"},\"primaryImageOfPage\":{\"@id\":\"https:\\\/\\\/algarve7.pt\\\/index.php\\\/2026\\\/09\\\/festas-da-guia-foram-as-mais-participadas-de-sempre\\\/cultura\\\/17\\\/14\\\/#primaryimage\"},\"image\":{\"@id\":\"https:\\\/\\\/algarve7.pt\\\/index.php\\\/2026\\\/09\\\/festas-da-guia-foram-as-mais-participadas-de-sempre\\\/cultura\\\/17\\\/14\\\/#primaryimage\"},\"thumbnailUrl\":\"https:\\\/\\\/algarve7.pt\\\/wp-content\\\/uploads\\\/2026\\\/09\\\/Festas-da-Guia-2026-15.jpg\",\"datePublished\":\"2026-09-01T16:14:32+00:00\",\"dateModified\":\"2026-09-01T16:14:37+00:00\",\"description\":\"Festas da Guia foram as mais participadas de sempre Cultura\",\"breadcrumb\":{\"@id\":\"https:\\\/\\\/algarve7.pt\\\/index.php\\\/2026\\\/09\\\/festas-da-guia-foram-as-mais-participadas-de-sempre\\\/cultura\\\/17\\\/14\\\/#breadcrumb\"},\"inLanguage\":\"pt-PT\",\"potentialAction\":[{\"@type\":\"ReadAction\",\"target\":[\"https:\\\/\\\/algarve7.pt\\\/index.php\\\/2026\\\/09\\\/festas-da-guia-foram-as-mais-participadas-de-sempre\\\/cultura\\\/17\\\/14\\\/\"]}]},{\"@type\":\"ImageObject\",\"inLanguage\":\"pt-PT\",\"@id\":\"https:\\\/\\\/algarve7.pt\\\/index.php\\\/2026\\\/09\\\/festas-da-guia-foram-as-mais-participadas-de-sempre\\\/cultura\\\/17\\\/14\\\/#primaryimage\",\"url\":\"https:\\\/\\\/algarve7.pt\\\/wp-content\\\/uploads\\\/2026\\\/09\\\/Festas-da-Guia-2026-15.jpg\",\"contentUrl\":\"https:\\\/\\\/algarve7.pt\\\/wp-content\\\/uploads\\\/2026\\\/09\\\/Festas-da-Guia-2026-15.jpg\",\"width\":975,\"height\":650},{\"@type\":\"BreadcrumbList\",\"@id\":\"https:\\\/\\\/algarve7.pt\\\/index.php\\\/2026\\\/09\\\/festas-da-guia-foram-as-mais-participadas-de-sempre\\\/cultura\\\/17\\\/14\\\/#breadcrumb\",\"itemListElement\":[{\"@type\":\"ListItem\",\"position\":1,\"name\":\"In\u00edcio\",\"item\":\"https:\\\/\\\/algarve7.pt\\\/\"},{\"@type\":\"ListItem\",\"position\":2,\"name\":\"Festas da Guia foram as mais participadas de sempre\"}]},{\"@type\":\"WebSite\",\"@id\":\"https:\\\/\\\/algarve7.pt\\\/#website\",\"url\":\"https:\\\/\\\/algarve7.pt\\\/\",\"name\":\"Algarve 7\",\"description\":\"Informa\u00e7\u00e3o sobre o Algarve\",\"publisher\":{\"@id\":\"https:\\\/\\\/algarve7.pt\\\/#organization\"},\"potentialAction\":[{\"@type\":\"SearchAction\",\"target\":{\"@type\":\"EntryPoint\",\"urlTemplate\":\"https:\\\/\\\/algarve7.pt\\\/?s={search_term_string}\"},\"query-input\":{\"@type\":\"PropertyValueSpecification\",\"valueRequired\":true,\"valueName\":\"search_term_string\"}}],\"inLanguage\":\"pt-PT\"},{\"@type\":\"Organization\",\"@id\":\"https:\\\/\\\/algarve7.pt\\\/#organization\",\"name\":\"Algarve 7\",\"url\":\"https:\\\/\\\/algarve7.pt\\\/\",\"logo\":{\"@type\":\"ImageObject\",\"inLanguage\":\"pt-PT\",\"@id\":\"https:\\\/\\\/algarve7.pt\\\/#\\\/schema\\\/logo\\\/image\\\/\",\"url\":\"https:\\\/\\\/algarve7.pt\\\/wp-content\\\/uploads\\\/2020\\\/10\\\/Logo-8.jpg\",\"contentUrl\":\"https:\\\/\\\/algarve7.pt\\\/wp-content\\\/uploads\\\/2020\\\/10\\\/Logo-8.jpg\",\"width\":1680,\"height\":1186,\"caption\":\"Algarve 7\"},\"image\":{\"@id\":\"https:\\\/\\\/algarve7.pt\\\/#\\\/schema\\\/logo\\\/image\\\/\"},\"sameAs\":[\"https:\\\/\\\/www.facebook.com\\\/algarve7\",\"https:\\\/\\\/x.com\\\/Algarvesete\",\"https:\\\/\\\/www.instagram.com\\\/jornalalgarve7\\\/\",\"https:\\\/\\\/www.linkedin.com\\\/company\\\/algarve7\",\"https:\\\/\\\/www.pinterest.pt\\\/geral0939\\\/_created\\\/\"]},{\"@type\":\"Person\",\"@id\":\"https:\\\/\\\/algarve7.pt\\\/#\\\/schema\\\/person\\\/23fa70681308e7b319a3204bcea45e0c\",\"name\":\"Algarve 7\",\"sameAs\":[\"https:\\\/\\\/algarve7.pt\",\"https:\\\/\\\/www.facebook.com\\\/algarve7\"],\"url\":\"https:\\\/\\\/algarve7.pt\\\/index.php\\\/author\\\/geralalgarve7-pt\\\/\"}]}<\/script>\n<!-- \/ Yoast SEO plugin. -->","yoast_head_json":{"title":"Festas da Guia foram as mais participadas de sempre - Algarve 7","description":"Festas da Guia foram as mais participadas de sempre Cultura","robots":{"index":"index","follow":"follow","max-snippet":"max-snippet:-1","max-image-preview":"max-image-preview:large","max-video-preview":"max-video-preview:-1"},"canonical":"https:\/\/algarve7.pt\/index.php\/2026\/09\/festas-da-guia-foram-as-mais-participadas-de-sempre\/cultura\/17\/14\/","og_locale":"pt_PT","og_type":"article","og_title":"Festas da Guia foram as mais participadas de sempre - Algarve 7","og_description":"Festas da Guia foram as mais participadas de sempre Cultura","og_url":"https:\/\/algarve7.pt\/index.php\/2026\/09\/festas-da-guia-foram-as-mais-participadas-de-sempre\/cultura\/17\/14\/","og_site_name":"Algarve 7","article_publisher":"https:\/\/www.facebook.com\/algarve7","article_author":"https:\/\/www.facebook.com\/algarve7","article_published_time":"2026-09-01T16:14:32+00:00","article_modified_time":"2026-09-01T16:14:37+00:00","og_image":[{"width":975,"height":650,"url":"https:\/\/algarve7.pt\/wp-content\/uploads\/2026\/09\/Festas-da-Guia-2026-15.jpg","type":"image\/jpeg"}],"author":"Algarve 7","twitter_card":"summary_large_image","twitter_creator":"@Algarvesete","twitter_site":"@Algarvesete","twitter_misc":{"Escrito por":"Algarve 7","Tempo estimado de leitura":"2 minutos"},"schema":{"@context":"https:\/\/schema.org","@graph":[{"@type":"Article","@id":"https:\/\/algarve7.pt\/index.php\/2026\/09\/festas-da-guia-foram-as-mais-participadas-de-sempre\/cultura\/17\/14\/#article","isPartOf":{"@id":"https:\/\/algarve7.pt\/index.php\/2026\/09\/festas-da-guia-foram-as-mais-participadas-de-sempre\/cultura\/17\/14\/"},"author":{"name":"Algarve 7","@id":"https:\/\/algarve7.pt\/#\/schema\/person\/23fa70681308e7b319a3204bcea45e0c"},"headline":"Festas da Guia foram as mais participadas de sempre","datePublished":"2026-09-01T16:14:32+00:00","dateModified":"2026-09-01T16:14:37+00:00","mainEntityOfPage":{"@id":"https:\/\/algarve7.pt\/index.php\/2026\/09\/festas-da-guia-foram-as-mais-participadas-de-sempre\/cultura\/17\/14\/"},"wordCount":268,"publisher":{"@id":"https:\/\/algarve7.pt\/#organization"},"image":{"@id":"https:\/\/algarve7.pt\/index.php\/2026\/09\/festas-da-guia-foram-as-mais-participadas-de-sempre\/cultura\/17\/14\/#primaryimage"},"thumbnailUrl":"https:\/\/algarve7.pt\/wp-content\/uploads\/2026\/09\/Festas-da-Guia-2026-15.jpg","keywords":["Algarve","Cultura","Guia"],"articleSection":["Cultura"],"inLanguage":"pt-PT"},{"@type":"WebPage","@id":"https:\/\/algarve7.pt\/index.php\/2026\/09\/festas-da-guia-foram-as-mais-participadas-de-sempre\/cultura\/17\/14\/","url":"https:\/\/algarve7.pt\/index.php\/2026\/09\/festas-da-guia-foram-as-mais-participadas-de-sempre\/cultura\/17\/14\/","name":"Festas da Guia foram as mais participadas de sempre - Algarve 7","isPartOf":{"@id":"https:\/\/algarve7.pt\/#website"},"primaryImageOfPage":{"@id":"https:\/\/algarve7.pt\/index.php\/2026\/09\/festas-da-guia-foram-as-mais-participadas-de-sempre\/cultura\/17\/14\/#primaryimage"},"image":{"@id":"https:\/\/algarve7.pt\/index.php\/2026\/09\/festas-da-guia-foram-as-mais-participadas-de-sempre\/cultura\/17\/14\/#primaryimage"},"thumbnailUrl":"https:\/\/algarve7.pt\/wp-content\/uploads\/2026\/09\/Festas-da-Guia-2026-15.jpg","datePublished":"2026-09-01T16:14:32+00:00","dateModified":"2026-09-01T16:14:37+00:00","description":"Festas da Guia foram as mais participadas de sempre Cultura","breadcrumb":{"@id":"https:\/\/algarve7.pt\/index.php\/2026\/09\/festas-da-guia-foram-as-mais-participadas-de-sempre\/cultura\/17\/14\/#breadcrumb"},"inLanguage":"pt-PT","potentialAction":[{"@type":"ReadAction","target":["https:\/\/algarve7.pt\/index.php\/2026\/09\/festas-da-guia-foram-as-mais-participadas-de-sempre\/cultura\/17\/14\/"]}]},{"@type":"ImageObject","inLanguage":"pt-PT","@id":"https:\/\/algarve7.pt\/index.php\/2026\/09\/festas-da-guia-foram-as-mais-participadas-de-sempre\/cultura\/17\/14\/#primaryimage","url":"https:\/\/algarve7.pt\/wp-content\/uploads\/2026\/09\/Festas-da-Guia-2026-15.jpg","contentUrl":"https:\/\/algarve7.pt\/wp-content\/uploads\/2026\/09\/Festas-da-Guia-2026-15.jpg","width":975,"height":650},{"@type":"BreadcrumbList","@id":"https:\/\/algarve7.pt\/index.php\/2026\/09\/festas-da-guia-foram-as-mais-participadas-de-sempre\/cultura\/17\/14\/#breadcrumb","itemListElement":[{"@type":"ListItem","position":1,"name":"In\u00edcio","item":"https:\/\/algarve7.pt\/"},{"@type":"ListItem","position":2,"name":"Festas da Guia foram as mais participadas de sempre"}]},{"@type":"WebSite","@id":"https:\/\/algarve7.pt\/#website","url":"https:\/\/algarve7.pt\/","name":"Algarve 7","description":"Informa\u00e7\u00e3o sobre o Algarve","publisher":{"@id":"https:\/\/algarve7.pt\/#organization"},"potentialAction":[{"@type":"SearchAction","target":{"@type":"EntryPoint","urlTemplate":"https:\/\/algarve7.pt\/?s={search_term_string}"},"query-input":{"@type":"PropertyValueSpecification","valueRequired":true,"valueName":"search_term_string"}}],"inLanguage":"pt-PT"},{"@type":"Organization","@id":"https:\/\/algarve7.pt\/#organization","name":"Algarve 7","url":"https:\/\/algarve7.pt\/","logo":{"@type":"ImageObject","inLanguage":"pt-PT","@id":"https:\/\/algarve7.pt\/#\/schema\/logo\/image\/","url":"https:\/\/algarve7.pt\/wp-content\/uploads\/2020\/10\/Logo-8.jpg","contentUrl":"https:\/\/algarve7.pt\/wp-content\/uploads\/2020\/10\/Logo-8.jpg","width":1680,"height":1186,"caption":"Algarve 7"},"image":{"@id":"https:\/\/algarve7.pt\/#\/schema\/logo\/image\/"},"sameAs":["https:\/\/www.facebook.com\/algarve7","https:\/\/x.com\/Algarvesete","https:\/\/www.instagram.com\/jornalalgarve7\/","https:\/\/www.linkedin.com\/company\/algarve7","https:\/\/www.pinterest.pt\/geral0939\/_created\/"]},{"@type":"Person","@id":"https:\/\/algarve7.pt\/#\/schema\/person\/23fa70681308e7b319a3204bcea45e0c","name":"Algarve 7","sameAs":["https:\/\/algarve7.pt","https:\/\/www.facebook.com\/algarve7"],"url":"https:\/\/algarve7.pt\/index.php\/author\/geralalgarve7-pt\/"}]}},"jetpack_publicize_connections":[],"jetpack_shortlink":"https:\/\/wp.me\/pcezmW-haT","jetpack_sharing_enabled":true,"jetpack_featured_media_url":"https:\/\/algarve7.pt\/wp-content\/uploads\/2026\/09\/Festas-da-Guia-2026-15.jpg","_links":{"self":[{"href":"https:\/\/algarve7.pt\/index.php\/wp-json\/wp\/v2\/posts\/66023","targetHints":{"allow":["GET"]}}],"collection":[{"href":"https:\/\/algarve7.pt\/index.php\/wp-json\/wp\/v2\/posts"}],"about":[{"href":"https:\/\/algarve7.pt\/index.php\/wp-json\/wp\/v2\/types\/post"}],"author":[{"embeddable":true,"href":"https:\/\/algarve7.pt\/index.php\/wp-json\/wp\/v2\/users\/1"}],"replies":[{"embeddable":true,"href":"https:\/\/algarve7.pt\/index.php\/wp-json\/wp\/v2\/comments?post=66023"}],"version-history":[{"count":1,"href":"https:\/\/algarve7.pt\/index.php\/wp-json\/wp\/v2\/posts\/66023\/revisions"}],"predecessor-version":[{"id":66027,"href":"https:\/\/algarve7.pt\/index.php\/wp-json\/wp\/v2\/posts\/66023\/revisions\/66027"}],"wp:featuredmedia":[{"embeddable":true,"href":"https:\/\/algarve7.pt\/index.php\/wp-json\/wp\/v2\/media\/66024"}],"wp:attachment":[{"href":"https:\/\/algarve7.pt\/index.php\/wp-json\/wp\/v2\/media?parent=66023"}],"wp:term":[{"taxonomy":"category","embeddable":true,"href":"https:\/\/algarve7.pt\/index.php\/wp-json\/wp\/v2\/categories?post=66023"},{"taxonomy":"post_tag","embeddable":true,"href":"https:\/\/algarve7.pt\/index.php\/wp-json\/wp\/v2\/tags?post=66023"}],"curies":[{"name":"wp","href":"https:\/\/api.w.org\/{rel}","templated":true}]}}