{"id":66016,"date":"2026-09-01T10:31:33","date_gmt":"2026-09-01T09:31:33","guid":{"rendered":"https:\/\/algarve7.pt\/?p=66016"},"modified":"2026-09-01T10:31:37","modified_gmt":"2026-09-01T09:31:37","slug":"ansr-desafia-publico-do-festival-f-a-planear-o-regresso-a-casa","status":"publish","type":"post","link":"https:\/\/algarve7.pt\/index.php\/2026\/09\/ansr-desafia-publico-do-festival-f-a-planear-o-regresso-a-casa\/atualidade\/10\/31\/","title":{"rendered":"ANSR desafia p\u00fablico do Festival F a planear o regresso a casa"},"content":{"rendered":"\n<p class=\"wp-block-paragraph\">A&nbsp;<strong>Autoridade Nacional de Seguran\u00e7a Rodovi\u00e1ria (ANSR)<\/strong>&nbsp;marca pela primeira vez presen\u00e7a no Festival F 2026, que decorre de 3 a 5 de setembro de 2026, na Vila Adentro, em Faro, com uma miss\u00e3o concreta: ajudar cada festivaleiro a decidir como vai regressar a casa em seguran\u00e7a.<\/p>\n\n\n\n<p class=\"wp-block-paragraph\">Depois do NOS Alive Oeiras e do MEO Mar\u00e9s, onde interagiu com centenas de milhares de festivaleiros, este ver\u00e3o, a&nbsp;<strong>ANSR<\/strong>&nbsp;leva ao Algarve o \u00abBar Taxa Zero\u00bb, um simulador de condu\u00e7\u00e3o de motociclo, em parceria com a MT Dynamic, experi\u00eancias que ser\u00e3o disponibilizadas no seu&nbsp;<em>stand<\/em>, situado perto do palco principal, e tornam vis\u00edveis os efeitos do \u00e1lcool, das subst\u00e2ncias psicoativas e da fadiga, juntamente com a distribui\u00e7\u00e3o de dez mil autotestes de alcoolemia volunt\u00e1rios e confidenciais.<\/p>\n\n\n\n<p class=\"wp-block-paragraph\">Durante as tr\u00eas noites, as equipas da&nbsp;<strong>ANSR<\/strong>&nbsp;estar\u00e3o tamb\u00e9m em circula\u00e7\u00e3o pelo recinto, para lan\u00e7ar uma pergunta simples \u2014 \u00ab<em>Como vais voltar?<\/em>\u00bb \u2014 e incentivar a escolha antecipada de um condutor designado, de transporte p\u00fablico, t\u00e1xi ou TVDE, ou de outra alternativa que evite a condu\u00e7\u00e3o depois do consumo de \u00e1lcool.&nbsp;<\/p>\n\n\n\n<p class=\"wp-block-paragraph\">Pedro Clemente, Presidente da&nbsp;<strong>ANSR<\/strong>&nbsp;afirma, a prop\u00f3sito, que \u00ab<em>num festival, a \u00faltima decis\u00e3o da noite n\u00e3o pode ser deixada ao acaso. Queremos que cada pessoa chegue ao Festival F j\u00e1 com o regresso decidido. Celebrar em seguran\u00e7a e chegar a casa t\u00eam de fazer parte da mesma experi\u00eancia<\/em>\u00bb.<\/p>\n\n\n\n<p class=\"wp-block-paragraph\">A presen\u00e7a no Festival F coincide com o \u00faltimo fim de semana da campanha nacional de ver\u00e3o da&nbsp;<strong>ANSR<\/strong>, \u00ab<em>N\u00e3o h\u00e1 desculpas que cheguem<\/em>\u00bb, que termina a 6 de setembro.<\/p>\n\n\n\n<p class=\"wp-block-paragraph\">No \u00abBar Taxa Zero\u00bb, os participantes poder\u00e3o tomar&nbsp;<em>cocktails<\/em>&nbsp;sem \u00e1lcool e comprovar que a celebra\u00e7\u00e3o n\u00e3o depende do consumo. Nos simuladores e nas experi\u00eancias imersivas, poder\u00e3o sentir, em ambiente controlado, como o \u00e1lcool, as subst\u00e2ncias psicoativas, a fadiga, a velocidade e a distra\u00e7\u00e3o alteram a capacidade de conduzir.<\/p>\n\n\n\n<p class=\"wp-block-paragraph\">Com mais de sessenta atua\u00e7\u00f5es distribu\u00eddas por oito palcos, o Festival F transforma o centro hist\u00f3rico de Faro num dos maiores pontos de encontro da m\u00fasica e da cultura portuguesas. A&nbsp;<strong>ANSR<\/strong>&nbsp;quer que o festival termine como come\u00e7ou: com todos presentes.<\/p>\n\n\n\n<p class=\"wp-block-paragraph\">A iniciativa integra a estrat\u00e9gia de proximidade da&nbsp;<strong>ANSR<\/strong>&nbsp;dirigida aos p\u00fablicos mais jovens, levando a preven\u00e7\u00e3o para os contextos onde as decis\u00f5es s\u00e3o tomadas e tornando a seguran\u00e7a rodovi\u00e1ria uma experi\u00eancia vivida na primeira pessoa.<\/p>\n","protected":false},"excerpt":{"rendered":"<p>A&nbsp;Autoridade Nacional de Seguran\u00e7a Rodovi\u00e1ria (ANSR)&nbsp;marca pela primeira vez presen\u00e7a no Festival F 2026, que decorre de 3 a 5<\/p>\n","protected":false},"author":1,"featured_media":66017,"comment_status":"closed","ping_status":"closed","sticky":false,"template":"","format":"standard","meta":{"colormag_page_container_layout":"default_layout","colormag_page_sidebar_layout":"default_layout","_monsterinsights_skip_tracking":false,"_jetpack_newsletter_access":"","_jetpack_dont_email_post_to_subs":false,"_jetpack_newsletter_tier_id":0,"_jetpack_memberships_contains_paywalled_content":false,"_jetpack_feature_clip_id":0,"_jetpack_memberships_contains_paid_content":false,"footnotes":"","jetpack_publicize_message":"","jetpack_publicize_feature_enabled":true,"jetpack_social_post_already_shared":true,"jetpack_social_options":{"image_generator_settings":{"template":"highway","default_image_id":0,"font":"","enabled":false},"version":2},"jetpack_post_was_ever_published":false},"categories":[11],"tags":[36,261,62,57],"class_list":["post-66016","post","type-post","status-publish","format-standard","has-post-thumbnail","hentry","category-atualidade","tag-algarve","tag-ansr","tag-atualidade","tag-faro"],"yoast_head":"<!-- This site is optimized with the Yoast SEO plugin v28.3 - https:\/\/yoast.com\/product\/yoast-seo-wordpress\/ -->\n<title>ANSR desafia p\u00fablico do Festival F a planear o regresso a casa - Algarve 7<\/title>\n<meta name=\"description\" content=\"ANSR desafia p\u00fablico do Festival F a planear o regresso a casa Atualidade\" \/>\n<meta name=\"robots\" content=\"index, follow, max-snippet:-1, max-image-preview:large, max-video-preview:-1\" \/>\n<link rel=\"canonical\" href=\"https:\/\/algarve7.pt\/index.php\/2026\/09\/ansr-desafia-publico-do-festival-f-a-planear-o-regresso-a-casa\/atualidade\/10\/31\/\" \/>\n<meta property=\"og:locale\" content=\"pt_PT\" \/>\n<meta property=\"og:type\" content=\"article\" \/>\n<meta property=\"og:title\" content=\"ANSR desafia p\u00fablico do Festival F a planear o regresso a casa - Algarve 7\" \/>\n<meta property=\"og:description\" content=\"ANSR desafia p\u00fablico do Festival F a planear o regresso a casa Atualidade\" \/>\n<meta property=\"og:url\" content=\"https:\/\/algarve7.pt\/index.php\/2026\/09\/ansr-desafia-publico-do-festival-f-a-planear-o-regresso-a-casa\/atualidade\/10\/31\/\" \/>\n<meta property=\"og:site_name\" content=\"Algarve 7\" \/>\n<meta property=\"article:publisher\" content=\"https:\/\/www.facebook.com\/algarve7\" \/>\n<meta property=\"article:author\" content=\"https:\/\/www.facebook.com\/algarve7\" \/>\n<meta property=\"article:published_time\" content=\"2026-09-01T09:31:33+00:00\" \/>\n<meta property=\"article:modified_time\" content=\"2026-09-01T09:31:37+00:00\" \/>\n<meta property=\"og:image\" content=\"https:\/\/algarve7.pt\/wp-content\/uploads\/2026\/09\/722469424_1561201035579479_4540831397937645877_n.jpg\" \/>\n\t<meta property=\"og:image:width\" content=\"1024\" \/>\n\t<meta property=\"og:image:height\" content=\"500\" \/>\n\t<meta property=\"og:image:type\" content=\"image\/jpeg\" \/>\n<meta name=\"author\" content=\"Algarve 7\" \/>\n<meta name=\"twitter:card\" content=\"summary_large_image\" \/>\n<meta name=\"twitter:creator\" content=\"@Algarvesete\" \/>\n<meta name=\"twitter:site\" content=\"@Algarvesete\" \/>\n<meta name=\"twitter:label1\" content=\"Escrito por\" \/>\n\t<meta name=\"twitter:data1\" content=\"Algarve 7\" \/>\n\t<meta name=\"twitter:label2\" content=\"Tempo estimado de leitura\" \/>\n\t<meta name=\"twitter:data2\" content=\"3 minutos\" \/>\n<script type=\"application\/ld+json\" class=\"yoast-schema-graph\">{\"@context\":\"https:\\\/\\\/schema.org\",\"@graph\":[{\"@type\":\"Article\",\"@id\":\"https:\\\/\\\/algarve7.pt\\\/index.php\\\/2026\\\/09\\\/ansr-desafia-publico-do-festival-f-a-planear-o-regresso-a-casa\\\/atualidade\\\/10\\\/31\\\/#article\",\"isPartOf\":{\"@id\":\"https:\\\/\\\/algarve7.pt\\\/index.php\\\/2026\\\/09\\\/ansr-desafia-publico-do-festival-f-a-planear-o-regresso-a-casa\\\/atualidade\\\/10\\\/31\\\/\"},\"author\":{\"name\":\"Algarve 7\",\"@id\":\"https:\\\/\\\/algarve7.pt\\\/#\\\/schema\\\/person\\\/23fa70681308e7b319a3204bcea45e0c\"},\"headline\":\"ANSR desafia p\u00fablico do Festival F a planear o regresso a casa\",\"datePublished\":\"2026-09-01T09:31:33+00:00\",\"dateModified\":\"2026-09-01T09:31:37+00:00\",\"mainEntityOfPage\":{\"@id\":\"https:\\\/\\\/algarve7.pt\\\/index.php\\\/2026\\\/09\\\/ansr-desafia-publico-do-festival-f-a-planear-o-regresso-a-casa\\\/atualidade\\\/10\\\/31\\\/\"},\"wordCount\":457,\"publisher\":{\"@id\":\"https:\\\/\\\/algarve7.pt\\\/#organization\"},\"image\":{\"@id\":\"https:\\\/\\\/algarve7.pt\\\/index.php\\\/2026\\\/09\\\/ansr-desafia-publico-do-festival-f-a-planear-o-regresso-a-casa\\\/atualidade\\\/10\\\/31\\\/#primaryimage\"},\"thumbnailUrl\":\"https:\\\/\\\/algarve7.pt\\\/wp-content\\\/uploads\\\/2026\\\/09\\\/722469424_1561201035579479_4540831397937645877_n.jpg\",\"keywords\":[\"Algarve\",\"ANSR\",\"Atualidade\",\"Faro\"],\"articleSection\":[\"Atualidade\"],\"inLanguage\":\"pt-PT\"},{\"@type\":\"WebPage\",\"@id\":\"https:\\\/\\\/algarve7.pt\\\/index.php\\\/2026\\\/09\\\/ansr-desafia-publico-do-festival-f-a-planear-o-regresso-a-casa\\\/atualidade\\\/10\\\/31\\\/\",\"url\":\"https:\\\/\\\/algarve7.pt\\\/index.php\\\/2026\\\/09\\\/ansr-desafia-publico-do-festival-f-a-planear-o-regresso-a-casa\\\/atualidade\\\/10\\\/31\\\/\",\"name\":\"ANSR desafia p\u00fablico do Festival F a planear o regresso a casa - Algarve 7\",\"isPartOf\":{\"@id\":\"https:\\\/\\\/algarve7.pt\\\/#website\"},\"primaryImageOfPage\":{\"@id\":\"https:\\\/\\\/algarve7.pt\\\/index.php\\\/2026\\\/09\\\/ansr-desafia-publico-do-festival-f-a-planear-o-regresso-a-casa\\\/atualidade\\\/10\\\/31\\\/#primaryimage\"},\"image\":{\"@id\":\"https:\\\/\\\/algarve7.pt\\\/index.php\\\/2026\\\/09\\\/ansr-desafia-publico-do-festival-f-a-planear-o-regresso-a-casa\\\/atualidade\\\/10\\\/31\\\/#primaryimage\"},\"thumbnailUrl\":\"https:\\\/\\\/algarve7.pt\\\/wp-content\\\/uploads\\\/2026\\\/09\\\/722469424_1561201035579479_4540831397937645877_n.jpg\",\"datePublished\":\"2026-09-01T09:31:33+00:00\",\"dateModified\":\"2026-09-01T09:31:37+00:00\",\"description\":\"ANSR desafia p\u00fablico do Festival F a planear o regresso a casa Atualidade\",\"breadcrumb\":{\"@id\":\"https:\\\/\\\/algarve7.pt\\\/index.php\\\/2026\\\/09\\\/ansr-desafia-publico-do-festival-f-a-planear-o-regresso-a-casa\\\/atualidade\\\/10\\\/31\\\/#breadcrumb\"},\"inLanguage\":\"pt-PT\",\"potentialAction\":[{\"@type\":\"ReadAction\",\"target\":[\"https:\\\/\\\/algarve7.pt\\\/index.php\\\/2026\\\/09\\\/ansr-desafia-publico-do-festival-f-a-planear-o-regresso-a-casa\\\/atualidade\\\/10\\\/31\\\/\"]}]},{\"@type\":\"ImageObject\",\"inLanguage\":\"pt-PT\",\"@id\":\"https:\\\/\\\/algarve7.pt\\\/index.php\\\/2026\\\/09\\\/ansr-desafia-publico-do-festival-f-a-planear-o-regresso-a-casa\\\/atualidade\\\/10\\\/31\\\/#primaryimage\",\"url\":\"https:\\\/\\\/algarve7.pt\\\/wp-content\\\/uploads\\\/2026\\\/09\\\/722469424_1561201035579479_4540831397937645877_n.jpg\",\"contentUrl\":\"https:\\\/\\\/algarve7.pt\\\/wp-content\\\/uploads\\\/2026\\\/09\\\/722469424_1561201035579479_4540831397937645877_n.jpg\",\"width\":1024,\"height\":500},{\"@type\":\"BreadcrumbList\",\"@id\":\"https:\\\/\\\/algarve7.pt\\\/index.php\\\/2026\\\/09\\\/ansr-desafia-publico-do-festival-f-a-planear-o-regresso-a-casa\\\/atualidade\\\/10\\\/31\\\/#breadcrumb\",\"itemListElement\":[{\"@type\":\"ListItem\",\"position\":1,\"name\":\"In\u00edcio\",\"item\":\"https:\\\/\\\/algarve7.pt\\\/\"},{\"@type\":\"ListItem\",\"position\":2,\"name\":\"ANSR desafia p\u00fablico do Festival F a planear o regresso a casa\"}]},{\"@type\":\"WebSite\",\"@id\":\"https:\\\/\\\/algarve7.pt\\\/#website\",\"url\":\"https:\\\/\\\/algarve7.pt\\\/\",\"name\":\"Algarve 7\",\"description\":\"Informa\u00e7\u00e3o sobre o Algarve\",\"publisher\":{\"@id\":\"https:\\\/\\\/algarve7.pt\\\/#organization\"},\"potentialAction\":[{\"@type\":\"SearchAction\",\"target\":{\"@type\":\"EntryPoint\",\"urlTemplate\":\"https:\\\/\\\/algarve7.pt\\\/?s={search_term_string}\"},\"query-input\":{\"@type\":\"PropertyValueSpecification\",\"valueRequired\":true,\"valueName\":\"search_term_string\"}}],\"inLanguage\":\"pt-PT\"},{\"@type\":\"Organization\",\"@id\":\"https:\\\/\\\/algarve7.pt\\\/#organization\",\"name\":\"Algarve 7\",\"url\":\"https:\\\/\\\/algarve7.pt\\\/\",\"logo\":{\"@type\":\"ImageObject\",\"inLanguage\":\"pt-PT\",\"@id\":\"https:\\\/\\\/algarve7.pt\\\/#\\\/schema\\\/logo\\\/image\\\/\",\"url\":\"https:\\\/\\\/algarve7.pt\\\/wp-content\\\/uploads\\\/2020\\\/10\\\/Logo-8.jpg\",\"contentUrl\":\"https:\\\/\\\/algarve7.pt\\\/wp-content\\\/uploads\\\/2020\\\/10\\\/Logo-8.jpg\",\"width\":1680,\"height\":1186,\"caption\":\"Algarve 7\"},\"image\":{\"@id\":\"https:\\\/\\\/algarve7.pt\\\/#\\\/schema\\\/logo\\\/image\\\/\"},\"sameAs\":[\"https:\\\/\\\/www.facebook.com\\\/algarve7\",\"https:\\\/\\\/x.com\\\/Algarvesete\",\"https:\\\/\\\/www.instagram.com\\\/jornalalgarve7\\\/\",\"https:\\\/\\\/www.linkedin.com\\\/company\\\/algarve7\",\"https:\\\/\\\/www.pinterest.pt\\\/geral0939\\\/_created\\\/\"]},{\"@type\":\"Person\",\"@id\":\"https:\\\/\\\/algarve7.pt\\\/#\\\/schema\\\/person\\\/23fa70681308e7b319a3204bcea45e0c\",\"name\":\"Algarve 7\",\"sameAs\":[\"https:\\\/\\\/algarve7.pt\",\"https:\\\/\\\/www.facebook.com\\\/algarve7\"],\"url\":\"https:\\\/\\\/algarve7.pt\\\/index.php\\\/author\\\/geralalgarve7-pt\\\/\"}]}<\/script>\n<!-- \/ Yoast SEO plugin. -->","yoast_head_json":{"title":"ANSR desafia p\u00fablico do Festival F a planear o regresso a casa - Algarve 7","description":"ANSR desafia p\u00fablico do Festival F a planear o regresso a casa Atualidade","robots":{"index":"index","follow":"follow","max-snippet":"max-snippet:-1","max-image-preview":"max-image-preview:large","max-video-preview":"max-video-preview:-1"},"canonical":"https:\/\/algarve7.pt\/index.php\/2026\/09\/ansr-desafia-publico-do-festival-f-a-planear-o-regresso-a-casa\/atualidade\/10\/31\/","og_locale":"pt_PT","og_type":"article","og_title":"ANSR desafia p\u00fablico do Festival F a planear o regresso a casa - Algarve 7","og_description":"ANSR desafia p\u00fablico do Festival F a planear o regresso a casa Atualidade","og_url":"https:\/\/algarve7.pt\/index.php\/2026\/09\/ansr-desafia-publico-do-festival-f-a-planear-o-regresso-a-casa\/atualidade\/10\/31\/","og_site_name":"Algarve 7","article_publisher":"https:\/\/www.facebook.com\/algarve7","article_author":"https:\/\/www.facebook.com\/algarve7","article_published_time":"2026-09-01T09:31:33+00:00","article_modified_time":"2026-09-01T09:31:37+00:00","og_image":[{"width":1024,"height":500,"url":"https:\/\/algarve7.pt\/wp-content\/uploads\/2026\/09\/722469424_1561201035579479_4540831397937645877_n.jpg","type":"image\/jpeg"}],"author":"Algarve 7","twitter_card":"summary_large_image","twitter_creator":"@Algarvesete","twitter_site":"@Algarvesete","twitter_misc":{"Escrito por":"Algarve 7","Tempo estimado de leitura":"3 minutos"},"schema":{"@context":"https:\/\/schema.org","@graph":[{"@type":"Article","@id":"https:\/\/algarve7.pt\/index.php\/2026\/09\/ansr-desafia-publico-do-festival-f-a-planear-o-regresso-a-casa\/atualidade\/10\/31\/#article","isPartOf":{"@id":"https:\/\/algarve7.pt\/index.php\/2026\/09\/ansr-desafia-publico-do-festival-f-a-planear-o-regresso-a-casa\/atualidade\/10\/31\/"},"author":{"name":"Algarve 7","@id":"https:\/\/algarve7.pt\/#\/schema\/person\/23fa70681308e7b319a3204bcea45e0c"},"headline":"ANSR desafia p\u00fablico do Festival F a planear o regresso a casa","datePublished":"2026-09-01T09:31:33+00:00","dateModified":"2026-09-01T09:31:37+00:00","mainEntityOfPage":{"@id":"https:\/\/algarve7.pt\/index.php\/2026\/09\/ansr-desafia-publico-do-festival-f-a-planear-o-regresso-a-casa\/atualidade\/10\/31\/"},"wordCount":457,"publisher":{"@id":"https:\/\/algarve7.pt\/#organization"},"image":{"@id":"https:\/\/algarve7.pt\/index.php\/2026\/09\/ansr-desafia-publico-do-festival-f-a-planear-o-regresso-a-casa\/atualidade\/10\/31\/#primaryimage"},"thumbnailUrl":"https:\/\/algarve7.pt\/wp-content\/uploads\/2026\/09\/722469424_1561201035579479_4540831397937645877_n.jpg","keywords":["Algarve","ANSR","Atualidade","Faro"],"articleSection":["Atualidade"],"inLanguage":"pt-PT"},{"@type":"WebPage","@id":"https:\/\/algarve7.pt\/index.php\/2026\/09\/ansr-desafia-publico-do-festival-f-a-planear-o-regresso-a-casa\/atualidade\/10\/31\/","url":"https:\/\/algarve7.pt\/index.php\/2026\/09\/ansr-desafia-publico-do-festival-f-a-planear-o-regresso-a-casa\/atualidade\/10\/31\/","name":"ANSR desafia p\u00fablico do Festival F a planear o regresso a casa - Algarve 7","isPartOf":{"@id":"https:\/\/algarve7.pt\/#website"},"primaryImageOfPage":{"@id":"https:\/\/algarve7.pt\/index.php\/2026\/09\/ansr-desafia-publico-do-festival-f-a-planear-o-regresso-a-casa\/atualidade\/10\/31\/#primaryimage"},"image":{"@id":"https:\/\/algarve7.pt\/index.php\/2026\/09\/ansr-desafia-publico-do-festival-f-a-planear-o-regresso-a-casa\/atualidade\/10\/31\/#primaryimage"},"thumbnailUrl":"https:\/\/algarve7.pt\/wp-content\/uploads\/2026\/09\/722469424_1561201035579479_4540831397937645877_n.jpg","datePublished":"2026-09-01T09:31:33+00:00","dateModified":"2026-09-01T09:31:37+00:00","description":"ANSR desafia p\u00fablico do Festival F a planear o regresso a casa Atualidade","breadcrumb":{"@id":"https:\/\/algarve7.pt\/index.php\/2026\/09\/ansr-desafia-publico-do-festival-f-a-planear-o-regresso-a-casa\/atualidade\/10\/31\/#breadcrumb"},"inLanguage":"pt-PT","potentialAction":[{"@type":"ReadAction","target":["https:\/\/algarve7.pt\/index.php\/2026\/09\/ansr-desafia-publico-do-festival-f-a-planear-o-regresso-a-casa\/atualidade\/10\/31\/"]}]},{"@type":"ImageObject","inLanguage":"pt-PT","@id":"https:\/\/algarve7.pt\/index.php\/2026\/09\/ansr-desafia-publico-do-festival-f-a-planear-o-regresso-a-casa\/atualidade\/10\/31\/#primaryimage","url":"https:\/\/algarve7.pt\/wp-content\/uploads\/2026\/09\/722469424_1561201035579479_4540831397937645877_n.jpg","contentUrl":"https:\/\/algarve7.pt\/wp-content\/uploads\/2026\/09\/722469424_1561201035579479_4540831397937645877_n.jpg","width":1024,"height":500},{"@type":"BreadcrumbList","@id":"https:\/\/algarve7.pt\/index.php\/2026\/09\/ansr-desafia-publico-do-festival-f-a-planear-o-regresso-a-casa\/atualidade\/10\/31\/#breadcrumb","itemListElement":[{"@type":"ListItem","position":1,"name":"In\u00edcio","item":"https:\/\/algarve7.pt\/"},{"@type":"ListItem","position":2,"name":"ANSR desafia p\u00fablico do Festival F a planear o regresso a casa"}]},{"@type":"WebSite","@id":"https:\/\/algarve7.pt\/#website","url":"https:\/\/algarve7.pt\/","name":"Algarve 7","description":"Informa\u00e7\u00e3o sobre o Algarve","publisher":{"@id":"https:\/\/algarve7.pt\/#organization"},"potentialAction":[{"@type":"SearchAction","target":{"@type":"EntryPoint","urlTemplate":"https:\/\/algarve7.pt\/?s={search_term_string}"},"query-input":{"@type":"PropertyValueSpecification","valueRequired":true,"valueName":"search_term_string"}}],"inLanguage":"pt-PT"},{"@type":"Organization","@id":"https:\/\/algarve7.pt\/#organization","name":"Algarve 7","url":"https:\/\/algarve7.pt\/","logo":{"@type":"ImageObject","inLanguage":"pt-PT","@id":"https:\/\/algarve7.pt\/#\/schema\/logo\/image\/","url":"https:\/\/algarve7.pt\/wp-content\/uploads\/2020\/10\/Logo-8.jpg","contentUrl":"https:\/\/algarve7.pt\/wp-content\/uploads\/2020\/10\/Logo-8.jpg","width":1680,"height":1186,"caption":"Algarve 7"},"image":{"@id":"https:\/\/algarve7.pt\/#\/schema\/logo\/image\/"},"sameAs":["https:\/\/www.facebook.com\/algarve7","https:\/\/x.com\/Algarvesete","https:\/\/www.instagram.com\/jornalalgarve7\/","https:\/\/www.linkedin.com\/company\/algarve7","https:\/\/www.pinterest.pt\/geral0939\/_created\/"]},{"@type":"Person","@id":"https:\/\/algarve7.pt\/#\/schema\/person\/23fa70681308e7b319a3204bcea45e0c","name":"Algarve 7","sameAs":["https:\/\/algarve7.pt","https:\/\/www.facebook.com\/algarve7"],"url":"https:\/\/algarve7.pt\/index.php\/author\/geralalgarve7-pt\/"}]}},"jetpack_publicize_connections":[],"jetpack_shortlink":"https:\/\/wp.me\/pcezmW-haM","jetpack_sharing_enabled":true,"jetpack_featured_media_url":"https:\/\/algarve7.pt\/wp-content\/uploads\/2026\/09\/722469424_1561201035579479_4540831397937645877_n.jpg","_links":{"self":[{"href":"https:\/\/algarve7.pt\/index.php\/wp-json\/wp\/v2\/posts\/66016","targetHints":{"allow":["GET"]}}],"collection":[{"href":"https:\/\/algarve7.pt\/index.php\/wp-json\/wp\/v2\/posts"}],"about":[{"href":"https:\/\/algarve7.pt\/index.php\/wp-json\/wp\/v2\/types\/post"}],"author":[{"embeddable":true,"href":"https:\/\/algarve7.pt\/index.php\/wp-json\/wp\/v2\/users\/1"}],"replies":[{"embeddable":true,"href":"https:\/\/algarve7.pt\/index.php\/wp-json\/wp\/v2\/comments?post=66016"}],"version-history":[{"count":1,"href":"https:\/\/algarve7.pt\/index.php\/wp-json\/wp\/v2\/posts\/66016\/revisions"}],"predecessor-version":[{"id":66018,"href":"https:\/\/algarve7.pt\/index.php\/wp-json\/wp\/v2\/posts\/66016\/revisions\/66018"}],"wp:featuredmedia":[{"embeddable":true,"href":"https:\/\/algarve7.pt\/index.php\/wp-json\/wp\/v2\/media\/66017"}],"wp:attachment":[{"href":"https:\/\/algarve7.pt\/index.php\/wp-json\/wp\/v2\/media?parent=66016"}],"wp:term":[{"taxonomy":"category","embeddable":true,"href":"https:\/\/algarve7.pt\/index.php\/wp-json\/wp\/v2\/categories?post=66016"},{"taxonomy":"post_tag","embeddable":true,"href":"https:\/\/algarve7.pt\/index.php\/wp-json\/wp\/v2\/tags?post=66016"}],"curies":[{"name":"wp","href":"https:\/\/api.w.org\/{rel}","templated":true}]}}