{"id":66014,"date":"2026-09-02T07:25:00","date_gmt":"2026-09-02T06:25:00","guid":{"rendered":"https:\/\/algarve7.pt\/?p=66014"},"modified":"2026-09-01T10:22:45","modified_gmt":"2026-09-01T09:22:45","slug":"biblioteca-municipal-de-faro-com-programacao-diversificada-em-setembro","status":"publish","type":"post","link":"https:\/\/algarve7.pt\/index.php\/2026\/09\/biblioteca-municipal-de-faro-com-programacao-diversificada-em-setembro\/cultura\/07\/25\/","title":{"rendered":"Biblioteca municipal de Faro com programa\u00e7\u00e3o diversificada em setembro"},"content":{"rendered":"\n<p class=\"wp-block-paragraph\">A Biblioteca Municipal de Faro Ant\u00f3nio Ramos Rosa apresenta, em setembro, uma programa\u00e7\u00e3o diversificada, com propostas dirigidas a diferentes p\u00fablicos e interesses, refor\u00e7ando o seu papel enquanto espa\u00e7o de encontro, conhecimento, cultura e participa\u00e7\u00e3o da comunidade. Ao longo do m\u00eas, s\u00e3o v\u00e1rias as oportunidades para descobrir novos livros e autores, participar em momentos de leitura e escrita, assistir a cinema, desfrutar de atividades em fam\u00edlia ou refletir sobre temas relevantes para a comunidade.<\/p>\n\n\n\n<p class=\"wp-block-paragraph\">No dom\u00ednio da leitura, o m\u00eas come\u00e7a com uma nova sess\u00e3o do&nbsp;<strong>Clube de Leitura<\/strong>, a 10 de setembro, dedicada \u00e0 discuss\u00e3o das leituras de ver\u00e3o, e prossegue com dois&nbsp;<strong>Encontros com Autores<\/strong>. Gerson Ros\u00e1rio apresenta&nbsp;<em>O Guardi\u00e3o das Lendas<\/em>, no dia 16 de setembro, enquanto Rui Couceiro estar\u00e1 na Biblioteca para apresentar&nbsp;<em>A Mais Bela Maldi\u00e7\u00e3o<\/em>, numa sess\u00e3o moderada por Maria Lu\u00edsa Francisco, no dia 29 de setembro. A programa\u00e7\u00e3o inclui ainda uma nova sess\u00e3o do&nbsp;<strong>Clube de Escrita Criativa<\/strong>, convidando \u00e0 experimenta\u00e7\u00e3o e \u00e0 partilha atrav\u00e9s da palavra escrita, no mesmo dia.<\/p>\n\n\n\n<p class=\"wp-block-paragraph\">Tamb\u00e9m o cinema marca presen\u00e7a com mais uma sess\u00e3o de \u201c<strong>Cinema Franc\u00eas\u201d<\/strong>, promovida em parceria com a Alliance Fran\u00e7aise&nbsp;&nbsp;do Algarve e o Cineclube de Faro, com a exibi\u00e7\u00e3o de&nbsp;<em>Borgo<\/em>, de St\u00e9phane Demoustier, no dia 18 de setembro. Para quem prefere desafios e estrat\u00e9gia, haver\u00e1 ainda uma tarde dedicada aos&nbsp;<strong>jogos de tabuleiro modernos<\/strong>, dinamizada por Jo\u00e3o Silva e aberta a participantes de todas as idades, a 19 de setembro.<\/p>\n\n\n\n<p class=\"wp-block-paragraph\">As fam\u00edlias encontram igualmente v\u00e1rias propostas ao longo do m\u00eas. No \u00e2mbito do programa&nbsp;<strong>Alameda Viva<\/strong>, a Biblioteca leva a Hora do Conto ao Jardim da Alameda, com as sess\u00f5es&nbsp;<em>Jardim da Multiculturalidade<\/em>&nbsp;e&nbsp;<em>Jardim Radical<\/em>, dias 12&nbsp;&nbsp;e 26 de setembro, respetivamente. A programa\u00e7\u00e3o inclui ainda, no dia 17 de setembro,&nbsp;&nbsp;uma \u201c<strong>Hora do Conto Especial\u201d<\/strong>, sob o mote&nbsp;<em>Cidade de pessoas para pessoas<\/em>, dedicada \u00e0 import\u00e2ncia dos pequenos gestos e \u00e0 forma como podem contribuir para uma comunidade mais consciente e participativa.<\/p>\n\n\n\n<p class=\"wp-block-paragraph\">A sa\u00fade e o bem-estar s\u00e3o tamb\u00e9m temas presentes na programa\u00e7\u00e3o de setembro. O ciclo&nbsp;<strong>Conversas com Sa\u00fade<\/strong>&nbsp;aborda a&nbsp;<em>Anafilaxia e situa\u00e7\u00f5es cr\u00edticas em idade pedi\u00e1trica<\/em>, numa sess\u00e3o conduzida pela Dra. Maria Alfaro, que ter\u00e1 lugar dia 22 de setembro.&nbsp;&nbsp;J\u00e1 a iniciativa \u201cBiblioteca Social \u2013 Humaniza-te\u201d&nbsp;promove a sess\u00e3o&nbsp;<em>Tu \u00e9s importante \u2013 Agarra-te \u00e0 vida!<\/em>, dia 25 de setembro, com a participa\u00e7\u00e3o das Dr.\u00aas Nazar\u00e9 Santos e Patr\u00edcia Rom\u00e3o, do N\u00facleo de Estudos do Suic\u00eddio Portugu\u00eas.<\/p>\n\n\n\n<p class=\"wp-block-paragraph\">Os \u201cS\u00e1bados em Fam\u00edlia\u201d, dia 26,&nbsp;trazem, por sua vez, uma sess\u00e3o de yoga orientada por Teresa Sequeira, dedicada ao bem-estar durante a gravidez e \u00e0 rela\u00e7\u00e3o entre a futura m\u00e3e e o beb\u00e9.<\/p>\n\n\n\n<p class=\"wp-block-paragraph\">Ao longo de todo o m\u00eas, entre 1 e 30 de setembro, estar\u00e1 patente na Biblioteca uma \u201cMostra Bibliogr\u00e1fica dedicada ao Fundo Documental e Esp\u00f3lio de Mariana Santos\u201d, completando uma programa\u00e7\u00e3o que procura aproximar a Biblioteca da comunidade e afirmar este equipamento municipal como um espa\u00e7o aberto \u00e0 cultura, \u00e0 aprendizagem e ao conv\u00edvio.<\/p>\n","protected":false},"excerpt":{"rendered":"<p>A Biblioteca Municipal de Faro Ant\u00f3nio Ramos Rosa apresenta, em setembro, uma programa\u00e7\u00e3o diversificada, com propostas dirigidas a diferentes p\u00fablicos<\/p>\n","protected":false},"author":1,"featured_media":51703,"comment_status":"closed","ping_status":"closed","sticky":false,"template":"","format":"standard","meta":{"colormag_page_container_layout":"default_layout","colormag_page_sidebar_layout":"default_layout","_monsterinsights_skip_tracking":false,"_jetpack_newsletter_access":"","_jetpack_dont_email_post_to_subs":false,"_jetpack_newsletter_tier_id":0,"_jetpack_memberships_contains_paywalled_content":false,"_jetpack_feature_clip_id":0,"_jetpack_memberships_contains_paid_content":false,"footnotes":"","jetpack_publicize_message":"","jetpack_publicize_feature_enabled":true,"jetpack_social_post_already_shared":true,"jetpack_social_options":{"image_generator_settings":{"template":"highway","default_image_id":0,"font":"","enabled":false},"version":2},"jetpack_post_was_ever_published":false},"categories":[14],"tags":[36,35,57],"class_list":["post-66014","post","type-post","status-publish","format-standard","has-post-thumbnail","hentry","category-cultura","tag-algarve","tag-cultura","tag-faro"],"yoast_head":"<!-- This site is optimized with the Yoast SEO plugin v28.4 - https:\/\/yoast.com\/product\/yoast-seo-wordpress\/ -->\n<title>Biblioteca municipal de Faro com programa\u00e7\u00e3o diversificada em setembro - Algarve 7<\/title>\n<meta name=\"description\" content=\"Biblioteca municipal de Faro com programa\u00e7\u00e3o diversificada em setembro Cultura\" \/>\n<meta name=\"robots\" content=\"index, follow, max-snippet:-1, max-image-preview:large, max-video-preview:-1\" \/>\n<link rel=\"canonical\" href=\"https:\/\/algarve7.pt\/index.php\/2026\/09\/biblioteca-municipal-de-faro-com-programacao-diversificada-em-setembro\/cultura\/07\/25\/\" \/>\n<meta property=\"og:locale\" content=\"pt_PT\" \/>\n<meta property=\"og:type\" content=\"article\" \/>\n<meta property=\"og:title\" content=\"Biblioteca municipal de Faro com programa\u00e7\u00e3o diversificada em setembro - Algarve 7\" \/>\n<meta property=\"og:description\" content=\"Biblioteca municipal de Faro com programa\u00e7\u00e3o diversificada em setembro Cultura\" \/>\n<meta property=\"og:url\" content=\"https:\/\/algarve7.pt\/index.php\/2026\/09\/biblioteca-municipal-de-faro-com-programacao-diversificada-em-setembro\/cultura\/07\/25\/\" \/>\n<meta property=\"og:site_name\" content=\"Algarve 7\" \/>\n<meta property=\"article:publisher\" content=\"https:\/\/www.facebook.com\/algarve7\" \/>\n<meta property=\"article:author\" content=\"https:\/\/www.facebook.com\/algarve7\" \/>\n<meta property=\"article:published_time\" content=\"2026-09-02T06:25:00+00:00\" \/>\n<meta property=\"og:image\" content=\"https:\/\/algarve7.pt\/wp-content\/uploads\/2025\/06\/imgLoader.ashx_.jpeg\" \/>\n\t<meta property=\"og:image:width\" content=\"800\" \/>\n\t<meta property=\"og:image:height\" content=\"500\" \/>\n\t<meta property=\"og:image:type\" content=\"image\/jpeg\" \/>\n<meta name=\"author\" content=\"Algarve 7\" \/>\n<meta name=\"twitter:card\" content=\"summary_large_image\" \/>\n<meta name=\"twitter:creator\" content=\"@Algarvesete\" \/>\n<meta name=\"twitter:site\" content=\"@Algarvesete\" \/>\n<meta name=\"twitter:label1\" content=\"Escrito por\" \/>\n\t<meta name=\"twitter:data1\" content=\"Algarve 7\" \/>\n\t<meta name=\"twitter:label2\" content=\"Tempo estimado de leitura\" \/>\n\t<meta name=\"twitter:data2\" content=\"3 minutos\" \/>\n<script type=\"application\/ld+json\" class=\"yoast-schema-graph\">{\"@context\":\"https:\\\/\\\/schema.org\",\"@graph\":[{\"@type\":\"Article\",\"@id\":\"https:\\\/\\\/algarve7.pt\\\/index.php\\\/2026\\\/09\\\/biblioteca-municipal-de-faro-com-programacao-diversificada-em-setembro\\\/cultura\\\/07\\\/25\\\/#article\",\"isPartOf\":{\"@id\":\"https:\\\/\\\/algarve7.pt\\\/index.php\\\/2026\\\/09\\\/biblioteca-municipal-de-faro-com-programacao-diversificada-em-setembro\\\/cultura\\\/07\\\/25\\\/\"},\"author\":{\"name\":\"Algarve 7\",\"@id\":\"https:\\\/\\\/algarve7.pt\\\/#\\\/schema\\\/person\\\/23fa70681308e7b319a3204bcea45e0c\"},\"headline\":\"Biblioteca municipal de Faro com programa\u00e7\u00e3o diversificada em setembro\",\"datePublished\":\"2026-09-02T06:25:00+00:00\",\"mainEntityOfPage\":{\"@id\":\"https:\\\/\\\/algarve7.pt\\\/index.php\\\/2026\\\/09\\\/biblioteca-municipal-de-faro-com-programacao-diversificada-em-setembro\\\/cultura\\\/07\\\/25\\\/\"},\"wordCount\":569,\"publisher\":{\"@id\":\"https:\\\/\\\/algarve7.pt\\\/#organization\"},\"image\":{\"@id\":\"https:\\\/\\\/algarve7.pt\\\/index.php\\\/2026\\\/09\\\/biblioteca-municipal-de-faro-com-programacao-diversificada-em-setembro\\\/cultura\\\/07\\\/25\\\/#primaryimage\"},\"thumbnailUrl\":\"https:\\\/\\\/algarve7.pt\\\/wp-content\\\/uploads\\\/2025\\\/06\\\/imgLoader.ashx_.jpeg\",\"keywords\":[\"Algarve\",\"Cultura\",\"Faro\"],\"articleSection\":[\"Cultura\"],\"inLanguage\":\"pt-PT\"},{\"@type\":\"WebPage\",\"@id\":\"https:\\\/\\\/algarve7.pt\\\/index.php\\\/2026\\\/09\\\/biblioteca-municipal-de-faro-com-programacao-diversificada-em-setembro\\\/cultura\\\/07\\\/25\\\/\",\"url\":\"https:\\\/\\\/algarve7.pt\\\/index.php\\\/2026\\\/09\\\/biblioteca-municipal-de-faro-com-programacao-diversificada-em-setembro\\\/cultura\\\/07\\\/25\\\/\",\"name\":\"Biblioteca municipal de Faro com programa\u00e7\u00e3o diversificada em setembro - Algarve 7\",\"isPartOf\":{\"@id\":\"https:\\\/\\\/algarve7.pt\\\/#website\"},\"primaryImageOfPage\":{\"@id\":\"https:\\\/\\\/algarve7.pt\\\/index.php\\\/2026\\\/09\\\/biblioteca-municipal-de-faro-com-programacao-diversificada-em-setembro\\\/cultura\\\/07\\\/25\\\/#primaryimage\"},\"image\":{\"@id\":\"https:\\\/\\\/algarve7.pt\\\/index.php\\\/2026\\\/09\\\/biblioteca-municipal-de-faro-com-programacao-diversificada-em-setembro\\\/cultura\\\/07\\\/25\\\/#primaryimage\"},\"thumbnailUrl\":\"https:\\\/\\\/algarve7.pt\\\/wp-content\\\/uploads\\\/2025\\\/06\\\/imgLoader.ashx_.jpeg\",\"datePublished\":\"2026-09-02T06:25:00+00:00\",\"description\":\"Biblioteca municipal de Faro com programa\u00e7\u00e3o diversificada em setembro Cultura\",\"breadcrumb\":{\"@id\":\"https:\\\/\\\/algarve7.pt\\\/index.php\\\/2026\\\/09\\\/biblioteca-municipal-de-faro-com-programacao-diversificada-em-setembro\\\/cultura\\\/07\\\/25\\\/#breadcrumb\"},\"inLanguage\":\"pt-PT\",\"potentialAction\":[{\"@type\":\"ReadAction\",\"target\":[\"https:\\\/\\\/algarve7.pt\\\/index.php\\\/2026\\\/09\\\/biblioteca-municipal-de-faro-com-programacao-diversificada-em-setembro\\\/cultura\\\/07\\\/25\\\/\"]}]},{\"@type\":\"ImageObject\",\"inLanguage\":\"pt-PT\",\"@id\":\"https:\\\/\\\/algarve7.pt\\\/index.php\\\/2026\\\/09\\\/biblioteca-municipal-de-faro-com-programacao-diversificada-em-setembro\\\/cultura\\\/07\\\/25\\\/#primaryimage\",\"url\":\"https:\\\/\\\/algarve7.pt\\\/wp-content\\\/uploads\\\/2025\\\/06\\\/imgLoader.ashx_.jpeg\",\"contentUrl\":\"https:\\\/\\\/algarve7.pt\\\/wp-content\\\/uploads\\\/2025\\\/06\\\/imgLoader.ashx_.jpeg\",\"width\":800,\"height\":500},{\"@type\":\"BreadcrumbList\",\"@id\":\"https:\\\/\\\/algarve7.pt\\\/index.php\\\/2026\\\/09\\\/biblioteca-municipal-de-faro-com-programacao-diversificada-em-setembro\\\/cultura\\\/07\\\/25\\\/#breadcrumb\",\"itemListElement\":[{\"@type\":\"ListItem\",\"position\":1,\"name\":\"In\u00edcio\",\"item\":\"https:\\\/\\\/algarve7.pt\\\/\"},{\"@type\":\"ListItem\",\"position\":2,\"name\":\"Biblioteca municipal de Faro com programa\u00e7\u00e3o diversificada em setembro\"}]},{\"@type\":\"WebSite\",\"@id\":\"https:\\\/\\\/algarve7.pt\\\/#website\",\"url\":\"https:\\\/\\\/algarve7.pt\\\/\",\"name\":\"Algarve 7\",\"description\":\"Informa\u00e7\u00e3o sobre o Algarve\",\"publisher\":{\"@id\":\"https:\\\/\\\/algarve7.pt\\\/#organization\"},\"potentialAction\":[{\"@type\":\"SearchAction\",\"target\":{\"@type\":\"EntryPoint\",\"urlTemplate\":\"https:\\\/\\\/algarve7.pt\\\/?s={search_term_string}\"},\"query-input\":{\"@type\":\"PropertyValueSpecification\",\"valueRequired\":true,\"valueName\":\"search_term_string\"}}],\"inLanguage\":\"pt-PT\"},{\"@type\":\"Organization\",\"@id\":\"https:\\\/\\\/algarve7.pt\\\/#organization\",\"name\":\"Algarve 7\",\"url\":\"https:\\\/\\\/algarve7.pt\\\/\",\"logo\":{\"@type\":\"ImageObject\",\"inLanguage\":\"pt-PT\",\"@id\":\"https:\\\/\\\/algarve7.pt\\\/#\\\/schema\\\/logo\\\/image\\\/\",\"url\":\"https:\\\/\\\/algarve7.pt\\\/wp-content\\\/uploads\\\/2020\\\/10\\\/Logo-8.jpg\",\"contentUrl\":\"https:\\\/\\\/algarve7.pt\\\/wp-content\\\/uploads\\\/2020\\\/10\\\/Logo-8.jpg\",\"width\":1680,\"height\":1186,\"caption\":\"Algarve 7\"},\"image\":{\"@id\":\"https:\\\/\\\/algarve7.pt\\\/#\\\/schema\\\/logo\\\/image\\\/\"},\"sameAs\":[\"https:\\\/\\\/www.facebook.com\\\/algarve7\",\"https:\\\/\\\/x.com\\\/Algarvesete\",\"https:\\\/\\\/www.instagram.com\\\/jornalalgarve7\\\/\",\"https:\\\/\\\/www.linkedin.com\\\/company\\\/algarve7\",\"https:\\\/\\\/www.pinterest.pt\\\/geral0939\\\/_created\\\/\"]},{\"@type\":\"Person\",\"@id\":\"https:\\\/\\\/algarve7.pt\\\/#\\\/schema\\\/person\\\/23fa70681308e7b319a3204bcea45e0c\",\"name\":\"Algarve 7\",\"sameAs\":[\"https:\\\/\\\/algarve7.pt\",\"https:\\\/\\\/www.facebook.com\\\/algarve7\"],\"url\":\"https:\\\/\\\/algarve7.pt\\\/index.php\\\/author\\\/geralalgarve7-pt\\\/\"}]}<\/script>\n<!-- \/ Yoast SEO plugin. -->","yoast_head_json":{"title":"Biblioteca municipal de Faro com programa\u00e7\u00e3o diversificada em setembro - Algarve 7","description":"Biblioteca municipal de Faro com programa\u00e7\u00e3o diversificada em setembro Cultura","robots":{"index":"index","follow":"follow","max-snippet":"max-snippet:-1","max-image-preview":"max-image-preview:large","max-video-preview":"max-video-preview:-1"},"canonical":"https:\/\/algarve7.pt\/index.php\/2026\/09\/biblioteca-municipal-de-faro-com-programacao-diversificada-em-setembro\/cultura\/07\/25\/","og_locale":"pt_PT","og_type":"article","og_title":"Biblioteca municipal de Faro com programa\u00e7\u00e3o diversificada em setembro - Algarve 7","og_description":"Biblioteca municipal de Faro com programa\u00e7\u00e3o diversificada em setembro Cultura","og_url":"https:\/\/algarve7.pt\/index.php\/2026\/09\/biblioteca-municipal-de-faro-com-programacao-diversificada-em-setembro\/cultura\/07\/25\/","og_site_name":"Algarve 7","article_publisher":"https:\/\/www.facebook.com\/algarve7","article_author":"https:\/\/www.facebook.com\/algarve7","article_published_time":"2026-09-02T06:25:00+00:00","og_image":[{"width":800,"height":500,"url":"https:\/\/algarve7.pt\/wp-content\/uploads\/2025\/06\/imgLoader.ashx_.jpeg","type":"image\/jpeg"}],"author":"Algarve 7","twitter_card":"summary_large_image","twitter_creator":"@Algarvesete","twitter_site":"@Algarvesete","twitter_misc":{"Escrito por":"Algarve 7","Tempo estimado de leitura":"3 minutos"},"schema":{"@context":"https:\/\/schema.org","@graph":[{"@type":"Article","@id":"https:\/\/algarve7.pt\/index.php\/2026\/09\/biblioteca-municipal-de-faro-com-programacao-diversificada-em-setembro\/cultura\/07\/25\/#article","isPartOf":{"@id":"https:\/\/algarve7.pt\/index.php\/2026\/09\/biblioteca-municipal-de-faro-com-programacao-diversificada-em-setembro\/cultura\/07\/25\/"},"author":{"name":"Algarve 7","@id":"https:\/\/algarve7.pt\/#\/schema\/person\/23fa70681308e7b319a3204bcea45e0c"},"headline":"Biblioteca municipal de Faro com programa\u00e7\u00e3o diversificada em setembro","datePublished":"2026-09-02T06:25:00+00:00","mainEntityOfPage":{"@id":"https:\/\/algarve7.pt\/index.php\/2026\/09\/biblioteca-municipal-de-faro-com-programacao-diversificada-em-setembro\/cultura\/07\/25\/"},"wordCount":569,"publisher":{"@id":"https:\/\/algarve7.pt\/#organization"},"image":{"@id":"https:\/\/algarve7.pt\/index.php\/2026\/09\/biblioteca-municipal-de-faro-com-programacao-diversificada-em-setembro\/cultura\/07\/25\/#primaryimage"},"thumbnailUrl":"https:\/\/algarve7.pt\/wp-content\/uploads\/2025\/06\/imgLoader.ashx_.jpeg","keywords":["Algarve","Cultura","Faro"],"articleSection":["Cultura"],"inLanguage":"pt-PT"},{"@type":"WebPage","@id":"https:\/\/algarve7.pt\/index.php\/2026\/09\/biblioteca-municipal-de-faro-com-programacao-diversificada-em-setembro\/cultura\/07\/25\/","url":"https:\/\/algarve7.pt\/index.php\/2026\/09\/biblioteca-municipal-de-faro-com-programacao-diversificada-em-setembro\/cultura\/07\/25\/","name":"Biblioteca municipal de Faro com programa\u00e7\u00e3o diversificada em setembro - Algarve 7","isPartOf":{"@id":"https:\/\/algarve7.pt\/#website"},"primaryImageOfPage":{"@id":"https:\/\/algarve7.pt\/index.php\/2026\/09\/biblioteca-municipal-de-faro-com-programacao-diversificada-em-setembro\/cultura\/07\/25\/#primaryimage"},"image":{"@id":"https:\/\/algarve7.pt\/index.php\/2026\/09\/biblioteca-municipal-de-faro-com-programacao-diversificada-em-setembro\/cultura\/07\/25\/#primaryimage"},"thumbnailUrl":"https:\/\/algarve7.pt\/wp-content\/uploads\/2025\/06\/imgLoader.ashx_.jpeg","datePublished":"2026-09-02T06:25:00+00:00","description":"Biblioteca municipal de Faro com programa\u00e7\u00e3o diversificada em setembro Cultura","breadcrumb":{"@id":"https:\/\/algarve7.pt\/index.php\/2026\/09\/biblioteca-municipal-de-faro-com-programacao-diversificada-em-setembro\/cultura\/07\/25\/#breadcrumb"},"inLanguage":"pt-PT","potentialAction":[{"@type":"ReadAction","target":["https:\/\/algarve7.pt\/index.php\/2026\/09\/biblioteca-municipal-de-faro-com-programacao-diversificada-em-setembro\/cultura\/07\/25\/"]}]},{"@type":"ImageObject","inLanguage":"pt-PT","@id":"https:\/\/algarve7.pt\/index.php\/2026\/09\/biblioteca-municipal-de-faro-com-programacao-diversificada-em-setembro\/cultura\/07\/25\/#primaryimage","url":"https:\/\/algarve7.pt\/wp-content\/uploads\/2025\/06\/imgLoader.ashx_.jpeg","contentUrl":"https:\/\/algarve7.pt\/wp-content\/uploads\/2025\/06\/imgLoader.ashx_.jpeg","width":800,"height":500},{"@type":"BreadcrumbList","@id":"https:\/\/algarve7.pt\/index.php\/2026\/09\/biblioteca-municipal-de-faro-com-programacao-diversificada-em-setembro\/cultura\/07\/25\/#breadcrumb","itemListElement":[{"@type":"ListItem","position":1,"name":"In\u00edcio","item":"https:\/\/algarve7.pt\/"},{"@type":"ListItem","position":2,"name":"Biblioteca municipal de Faro com programa\u00e7\u00e3o diversificada em setembro"}]},{"@type":"WebSite","@id":"https:\/\/algarve7.pt\/#website","url":"https:\/\/algarve7.pt\/","name":"Algarve 7","description":"Informa\u00e7\u00e3o sobre o Algarve","publisher":{"@id":"https:\/\/algarve7.pt\/#organization"},"potentialAction":[{"@type":"SearchAction","target":{"@type":"EntryPoint","urlTemplate":"https:\/\/algarve7.pt\/?s={search_term_string}"},"query-input":{"@type":"PropertyValueSpecification","valueRequired":true,"valueName":"search_term_string"}}],"inLanguage":"pt-PT"},{"@type":"Organization","@id":"https:\/\/algarve7.pt\/#organization","name":"Algarve 7","url":"https:\/\/algarve7.pt\/","logo":{"@type":"ImageObject","inLanguage":"pt-PT","@id":"https:\/\/algarve7.pt\/#\/schema\/logo\/image\/","url":"https:\/\/algarve7.pt\/wp-content\/uploads\/2020\/10\/Logo-8.jpg","contentUrl":"https:\/\/algarve7.pt\/wp-content\/uploads\/2020\/10\/Logo-8.jpg","width":1680,"height":1186,"caption":"Algarve 7"},"image":{"@id":"https:\/\/algarve7.pt\/#\/schema\/logo\/image\/"},"sameAs":["https:\/\/www.facebook.com\/algarve7","https:\/\/x.com\/Algarvesete","https:\/\/www.instagram.com\/jornalalgarve7\/","https:\/\/www.linkedin.com\/company\/algarve7","https:\/\/www.pinterest.pt\/geral0939\/_created\/"]},{"@type":"Person","@id":"https:\/\/algarve7.pt\/#\/schema\/person\/23fa70681308e7b319a3204bcea45e0c","name":"Algarve 7","sameAs":["https:\/\/algarve7.pt","https:\/\/www.facebook.com\/algarve7"],"url":"https:\/\/algarve7.pt\/index.php\/author\/geralalgarve7-pt\/"}]}},"jetpack_publicize_connections":[],"jetpack_shortlink":"https:\/\/wp.me\/pcezmW-haK","jetpack_sharing_enabled":true,"jetpack_featured_media_url":"https:\/\/algarve7.pt\/wp-content\/uploads\/2025\/06\/imgLoader.ashx_.jpeg","_links":{"self":[{"href":"https:\/\/algarve7.pt\/index.php\/wp-json\/wp\/v2\/posts\/66014","targetHints":{"allow":["GET"]}}],"collection":[{"href":"https:\/\/algarve7.pt\/index.php\/wp-json\/wp\/v2\/posts"}],"about":[{"href":"https:\/\/algarve7.pt\/index.php\/wp-json\/wp\/v2\/types\/post"}],"author":[{"embeddable":true,"href":"https:\/\/algarve7.pt\/index.php\/wp-json\/wp\/v2\/users\/1"}],"replies":[{"embeddable":true,"href":"https:\/\/algarve7.pt\/index.php\/wp-json\/wp\/v2\/comments?post=66014"}],"version-history":[{"count":1,"href":"https:\/\/algarve7.pt\/index.php\/wp-json\/wp\/v2\/posts\/66014\/revisions"}],"predecessor-version":[{"id":66015,"href":"https:\/\/algarve7.pt\/index.php\/wp-json\/wp\/v2\/posts\/66014\/revisions\/66015"}],"wp:featuredmedia":[{"embeddable":true,"href":"https:\/\/algarve7.pt\/index.php\/wp-json\/wp\/v2\/media\/51703"}],"wp:attachment":[{"href":"https:\/\/algarve7.pt\/index.php\/wp-json\/wp\/v2\/media?parent=66014"}],"wp:term":[{"taxonomy":"category","embeddable":true,"href":"https:\/\/algarve7.pt\/index.php\/wp-json\/wp\/v2\/categories?post=66014"},{"taxonomy":"post_tag","embeddable":true,"href":"https:\/\/algarve7.pt\/index.php\/wp-json\/wp\/v2\/tags?post=66014"}],"curies":[{"name":"wp","href":"https:\/\/api.w.org\/{rel}","templated":true}]}}