{"id":66011,"date":"2026-09-02T07:10:00","date_gmt":"2026-09-02T06:10:00","guid":{"rendered":"https:\/\/algarve7.pt\/?p=66011"},"modified":"2026-09-01T10:19:03","modified_gmt":"2026-09-01T09:19:03","slug":"mais-visitantes-e-nova-dinamica-marcaram-mais-uma-edicao-de-sucesso-dos-dias-medievais-em-castro-marim","status":"publish","type":"post","link":"https:\/\/algarve7.pt\/index.php\/2026\/09\/mais-visitantes-e-nova-dinamica-marcaram-mais-uma-edicao-de-sucesso-dos-dias-medievais-em-castro-marim\/cultura\/07\/10\/","title":{"rendered":"Mais visitantes e nova din\u00e2mica marcaram mais uma edi\u00e7\u00e3o de sucesso dos Dias Medievais em Castro Marim"},"content":{"rendered":"\n<p class=\"wp-block-paragraph\">O centro hist\u00f3rico, o Castelo e o Forte de S\u00e3o Sebasti\u00e3o foram os protagonistas da 27.\u00aa edi\u00e7\u00e3o dos Dias Medievais em Castro Marim, que recebeu milhares de visitantes entre os dias 26 e 30 de agosto, marcada por uma nova din\u00e2mica que proporcionou uma viagem \u00fanica ao passado.<\/p>\n\n\n\n<p class=\"wp-block-paragraph\">O cen\u00e1rio \u00fanico de Castro Marim, envolvido na Reserva Natural do Sapal, foi o palco principal deste evento \u00e2ncora organizado pelo Munic\u00edpio, que trouxe muita hist\u00f3ria e magia durante os cinco dias mais aguardados da agenda cultural da regi\u00e3o algarvia, que este ano teve um aumento substancial no n\u00famero de visitantes.<\/p>\n\n\n\n<p class=\"wp-block-paragraph\">Reis e rainhas, cavaleiros de armaduras reluzentes, bobos e jograis, comerciantes, monges, damas e nobres e ainda criaturas demon\u00edacas e m\u00e1gicas deambularam por todo o recinto com as suas anima\u00e7\u00f5es, naquela que \u00e9 considerada como uma das maiores e melhores recria\u00e7\u00f5es hist\u00f3ricas do pa\u00eds, que cada vez mais atrai p\u00fablico estrangeiro.<\/p>\n\n\n\n<p class=\"wp-block-paragraph\">O Munic\u00edpio de Castro Marim apostou no rigor e investiu na seguran\u00e7a e qualidade, que s\u00e3o as bandeiras deste evento, com o refor\u00e7o da seguran\u00e7a privada, nas equipas de interven\u00e7\u00e3o m\u00e9dica r\u00e1pida e de socorro com desfibrilhadores, bombeiros e for\u00e7as de seguran\u00e7a, que contavam com um sistema de comunica\u00e7\u00e3o para a prote\u00e7\u00e3o de visitantes.<\/p>\n\n\n\n<p class=\"wp-block-paragraph\">A lateral da Igreja de Nossa Senhora dos M\u00e1rtires serviu de palco para o ato de abertura do evento, que contou com a participa\u00e7\u00e3o da Ministra da Cultura, Juventude e Desporto, Margarida Balseiro Lopes.<\/p>\n\n\n\n<p class=\"wp-block-paragraph\">A edi\u00e7\u00e3o deste ano contou com uma nova din\u00e2mica em todo o recinto, com investimento em infraestruturas e decora\u00e7\u00e3o, al\u00e9m de novidades na programa\u00e7\u00e3o e nos grupos de anima\u00e7\u00e3o que proporcionaram espet\u00e1culos \u00fanicos e que recolhiam emo\u00e7\u00f5es fortes junto do p\u00fablico.<\/p>\n\n\n\n<p class=\"wp-block-paragraph\">O Castelo de Castro Marim, Patrim\u00f3nio Nacional, mantendo a sua autenticidade, acolheu as representa\u00e7\u00f5es de mais de 45 artes e of\u00edcios num palco \u00fanico e inigual\u00e1vel, desde o ferreiro \u00e0s crian\u00e7as aprendizes da Tecel\u00e3 acompanhadas pela gera\u00e7\u00e3o mais s\u00e1bia, num cen\u00e1rio vivo.<\/p>\n\n\n\n<p class=\"wp-block-paragraph\">Al\u00e9m de grandes espet\u00e1culos como os torneios medievais a cavalo, com a participa\u00e7\u00e3o especial da Guarda Nacional Republicana no s\u00e1bado para uma performance \u00fanica, que foram diariamente um elemento de atra\u00e7\u00e3o para os visitantes, estavam patentes as exposi\u00e7\u00f5es de Instrumentos de Tortura e Puni\u00e7\u00e3o com uma nova roupagem e a da Primeira Sede da Ordem de Cristo.<\/p>\n\n\n\n<p class=\"wp-block-paragraph\">O Castelo abrigou ainda os banquetes medievais, que decorreram num espa\u00e7o exclusivo e \u00e0 luz misteriosa das tochas, com uma ementa que reuniu as melhores iguarias da \u00e9poca, acompanhadas de performances de grupos de anima\u00e7\u00e3o, sempre com lota\u00e7\u00e3o esgotada muito rapidamente.<\/p>\n\n\n\n<p class=\"wp-block-paragraph\">Entre os grandes destaques deste ano esteve o tradicional desfile, que ocorreu no primeiro e no \u00faltimo dia do evento, considerado como uma das melhores oportunidades para absorver este universo de imagina\u00e7\u00e3o e fantasia, que nesta edi\u00e7\u00e3o mostrou novidades e a participa\u00e7\u00e3o mais marcadas das coletividades, associa\u00e7\u00f5es, clubes locais e Juntas de Freguesia.<\/p>\n\n\n\n<p class=\"wp-block-paragraph\">A anima\u00e7\u00e3o continua a ser outra das grandes e fortes apostas dos Dias Medievais em Castro Marim, que se distingue de outros eventos do g\u00e9nero gra\u00e7as \u00e0 exclusividade com alguns dos 30 grupos de anima\u00e7\u00e3o nacionais e internacionais.<\/p>\n\n\n\n<p class=\"wp-block-paragraph\">Uma vez que este \u00e9 considerado um evento para toda a fam\u00edlia, a programa\u00e7\u00e3o inclu\u00eda espa\u00e7os e atividades de anima\u00e7\u00e3o infantil com oficinas, jogos, carross\u00e9is e outras divers\u00f5es, sendo zonas que exigem um maior resguardo e \u00e1reas mais acauteladas, para que os mais pequenos pudessem usufruir das experi\u00eancias, tanto no Castelo como fora dele, com a participa\u00e7\u00e3o especial da mascote Marim.<\/p>\n\n\n\n<p class=\"wp-block-paragraph\">Os Dias Medievais em Castro Marim ter\u00e3o sido um dos primeiros EcoEventos do pa\u00eds, por desde sempre disponibilizar um copo de barro diferente em cada edi\u00e7\u00e3o, e este ano n\u00e3o foi exce\u00e7\u00e3o, pretendendo continuar no futuro, com o objetivo de apelar \u00e0 m\u00e1xima redu\u00e7\u00e3o de res\u00edduos e \u00e0 utiliza\u00e7\u00e3o de materiais reutiliz\u00e1veis.<\/p>\n\n\n\n<p class=\"wp-block-paragraph\">O programa contava com centenas de exibi\u00e7\u00f5es, num evento que envolveu dezenas de estabelecimentos e associa\u00e7\u00f5es, figurantes, funcion\u00e1rios da C\u00e2mara Municipal de Castro Marim, for\u00e7as de seguran\u00e7a, artistas, empresas, castromarinenses e muitos outros, que enriquecem e distinguem este evento, tornando-o numa experi\u00eancia \u00fanica e inesquec\u00edvel e um verdadeiro regresso \u00e0 \u00e9poca mais intrigante e misteriosa da nossa hist\u00f3ria.<\/p>\n\n\n\n<p class=\"wp-block-paragraph\">Com o final de mais uma edi\u00e7\u00e3o de sucesso dos Dias Medievais em Castro Marim, j\u00e1 se come\u00e7a a pensar na pr\u00f3xima, que certamente trar\u00e1 muitas novidades em 2027 e fica a vontade de fazer mais e melhor a cada edi\u00e7\u00e3o.<\/p>\n\n\n\n<p class=\"wp-block-paragraph\">O Munic\u00edpio de Castro Marim reconhece e agradece a dedica\u00e7\u00e3o e empenho a toda a estrutura da autarquia e a participa\u00e7\u00e3o ativa da comunidade e das associa\u00e7\u00f5es, que tornam poss\u00edvel a realiza\u00e7\u00e3o dos Dias Medievais.<\/p>\n\n\n\n<p class=\"wp-block-paragraph\">Foto: Jorge Gomes<\/p>\n","protected":false},"excerpt":{"rendered":"<p>O centro hist\u00f3rico, o Castelo e o Forte de S\u00e3o Sebasti\u00e3o foram os protagonistas da 27.\u00aa edi\u00e7\u00e3o dos Dias Medievais<\/p>\n","protected":false},"author":1,"featured_media":66012,"comment_status":"closed","ping_status":"closed","sticky":false,"template":"","format":"standard","meta":{"colormag_page_container_layout":"default_layout","colormag_page_sidebar_layout":"default_layout","_monsterinsights_skip_tracking":false,"_jetpack_newsletter_access":"","_jetpack_dont_email_post_to_subs":false,"_jetpack_newsletter_tier_id":0,"_jetpack_memberships_contains_paywalled_content":false,"_jetpack_feature_clip_id":0,"_jetpack_memberships_contains_paid_content":false,"footnotes":"","jetpack_publicize_message":"","jetpack_publicize_feature_enabled":true,"jetpack_social_post_already_shared":true,"jetpack_social_options":{"image_generator_settings":{"template":"highway","default_image_id":0,"font":"","enabled":false},"version":2},"jetpack_post_was_ever_published":false},"categories":[14],"tags":[36,136,35,682],"class_list":["post-66011","post","type-post","status-publish","format-standard","has-post-thumbnail","hentry","category-cultura","tag-algarve","tag-castro-marim","tag-cultura","tag-dias-medievais"],"yoast_head":"<!-- This site is optimized with the Yoast SEO plugin v28.4 - https:\/\/yoast.com\/product\/yoast-seo-wordpress\/ -->\n<title>Mais visitantes e nova din\u00e2mica marcaram mais uma edi\u00e7\u00e3o de sucesso dos Dias Medievais em Castro Marim - Algarve 7<\/title>\n<meta name=\"description\" content=\"Mais visitantes e nova din\u00e2mica marcaram mais uma edi\u00e7\u00e3o de sucesso dos Dias Medievais em Castro Marim Cultura\" \/>\n<meta name=\"robots\" content=\"index, follow, max-snippet:-1, max-image-preview:large, max-video-preview:-1\" \/>\n<link rel=\"canonical\" href=\"https:\/\/algarve7.pt\/index.php\/2026\/09\/mais-visitantes-e-nova-dinamica-marcaram-mais-uma-edicao-de-sucesso-dos-dias-medievais-em-castro-marim\/cultura\/07\/10\/\" \/>\n<meta property=\"og:locale\" content=\"pt_PT\" \/>\n<meta property=\"og:type\" content=\"article\" \/>\n<meta property=\"og:title\" content=\"Mais visitantes e nova din\u00e2mica marcaram mais uma edi\u00e7\u00e3o de sucesso dos Dias Medievais em Castro Marim - Algarve 7\" \/>\n<meta property=\"og:description\" content=\"Mais visitantes e nova din\u00e2mica marcaram mais uma edi\u00e7\u00e3o de sucesso dos Dias Medievais em Castro Marim Cultura\" \/>\n<meta property=\"og:url\" content=\"https:\/\/algarve7.pt\/index.php\/2026\/09\/mais-visitantes-e-nova-dinamica-marcaram-mais-uma-edicao-de-sucesso-dos-dias-medievais-em-castro-marim\/cultura\/07\/10\/\" \/>\n<meta property=\"og:site_name\" content=\"Algarve 7\" \/>\n<meta property=\"article:publisher\" content=\"https:\/\/www.facebook.com\/algarve7\" \/>\n<meta property=\"article:author\" content=\"https:\/\/www.facebook.com\/algarve7\" \/>\n<meta property=\"article:published_time\" content=\"2026-09-02T06:10:00+00:00\" \/>\n<meta property=\"og:image\" content=\"https:\/\/algarve7.pt\/wp-content\/uploads\/2026\/09\/Abertura-Dias-Medievais-de-Castro-Marim-26-08-2026-70.jpg\" \/>\n\t<meta property=\"og:image:width\" content=\"975\" \/>\n\t<meta property=\"og:image:height\" content=\"650\" \/>\n\t<meta property=\"og:image:type\" content=\"image\/jpeg\" \/>\n<meta name=\"author\" content=\"Algarve 7\" \/>\n<meta name=\"twitter:card\" content=\"summary_large_image\" \/>\n<meta name=\"twitter:creator\" content=\"@Algarvesete\" \/>\n<meta name=\"twitter:site\" content=\"@Algarvesete\" \/>\n<meta name=\"twitter:label1\" content=\"Escrito por\" \/>\n\t<meta name=\"twitter:data1\" content=\"Algarve 7\" \/>\n\t<meta name=\"twitter:label2\" content=\"Tempo estimado de leitura\" \/>\n\t<meta name=\"twitter:data2\" content=\"5 minutos\" \/>\n<script type=\"application\/ld+json\" class=\"yoast-schema-graph\">{\"@context\":\"https:\\\/\\\/schema.org\",\"@graph\":[{\"@type\":\"Article\",\"@id\":\"https:\\\/\\\/algarve7.pt\\\/index.php\\\/2026\\\/09\\\/mais-visitantes-e-nova-dinamica-marcaram-mais-uma-edicao-de-sucesso-dos-dias-medievais-em-castro-marim\\\/cultura\\\/07\\\/10\\\/#article\",\"isPartOf\":{\"@id\":\"https:\\\/\\\/algarve7.pt\\\/index.php\\\/2026\\\/09\\\/mais-visitantes-e-nova-dinamica-marcaram-mais-uma-edicao-de-sucesso-dos-dias-medievais-em-castro-marim\\\/cultura\\\/07\\\/10\\\/\"},\"author\":{\"name\":\"Algarve 7\",\"@id\":\"https:\\\/\\\/algarve7.pt\\\/#\\\/schema\\\/person\\\/23fa70681308e7b319a3204bcea45e0c\"},\"headline\":\"Mais visitantes e nova din\u00e2mica marcaram mais uma edi\u00e7\u00e3o de sucesso dos Dias Medievais em Castro Marim\",\"datePublished\":\"2026-09-02T06:10:00+00:00\",\"mainEntityOfPage\":{\"@id\":\"https:\\\/\\\/algarve7.pt\\\/index.php\\\/2026\\\/09\\\/mais-visitantes-e-nova-dinamica-marcaram-mais-uma-edicao-de-sucesso-dos-dias-medievais-em-castro-marim\\\/cultura\\\/07\\\/10\\\/\"},\"wordCount\":870,\"publisher\":{\"@id\":\"https:\\\/\\\/algarve7.pt\\\/#organization\"},\"image\":{\"@id\":\"https:\\\/\\\/algarve7.pt\\\/index.php\\\/2026\\\/09\\\/mais-visitantes-e-nova-dinamica-marcaram-mais-uma-edicao-de-sucesso-dos-dias-medievais-em-castro-marim\\\/cultura\\\/07\\\/10\\\/#primaryimage\"},\"thumbnailUrl\":\"https:\\\/\\\/algarve7.pt\\\/wp-content\\\/uploads\\\/2026\\\/09\\\/Abertura-Dias-Medievais-de-Castro-Marim-26-08-2026-70.jpg\",\"keywords\":[\"Algarve\",\"Castro Marim\",\"Cultura\",\"Dias Medievais\"],\"articleSection\":[\"Cultura\"],\"inLanguage\":\"pt-PT\"},{\"@type\":\"WebPage\",\"@id\":\"https:\\\/\\\/algarve7.pt\\\/index.php\\\/2026\\\/09\\\/mais-visitantes-e-nova-dinamica-marcaram-mais-uma-edicao-de-sucesso-dos-dias-medievais-em-castro-marim\\\/cultura\\\/07\\\/10\\\/\",\"url\":\"https:\\\/\\\/algarve7.pt\\\/index.php\\\/2026\\\/09\\\/mais-visitantes-e-nova-dinamica-marcaram-mais-uma-edicao-de-sucesso-dos-dias-medievais-em-castro-marim\\\/cultura\\\/07\\\/10\\\/\",\"name\":\"Mais visitantes e nova din\u00e2mica marcaram mais uma edi\u00e7\u00e3o de sucesso dos Dias Medievais em Castro Marim - Algarve 7\",\"isPartOf\":{\"@id\":\"https:\\\/\\\/algarve7.pt\\\/#website\"},\"primaryImageOfPage\":{\"@id\":\"https:\\\/\\\/algarve7.pt\\\/index.php\\\/2026\\\/09\\\/mais-visitantes-e-nova-dinamica-marcaram-mais-uma-edicao-de-sucesso-dos-dias-medievais-em-castro-marim\\\/cultura\\\/07\\\/10\\\/#primaryimage\"},\"image\":{\"@id\":\"https:\\\/\\\/algarve7.pt\\\/index.php\\\/2026\\\/09\\\/mais-visitantes-e-nova-dinamica-marcaram-mais-uma-edicao-de-sucesso-dos-dias-medievais-em-castro-marim\\\/cultura\\\/07\\\/10\\\/#primaryimage\"},\"thumbnailUrl\":\"https:\\\/\\\/algarve7.pt\\\/wp-content\\\/uploads\\\/2026\\\/09\\\/Abertura-Dias-Medievais-de-Castro-Marim-26-08-2026-70.jpg\",\"datePublished\":\"2026-09-02T06:10:00+00:00\",\"description\":\"Mais visitantes e nova din\u00e2mica marcaram mais uma edi\u00e7\u00e3o de sucesso dos Dias Medievais em Castro Marim Cultura\",\"breadcrumb\":{\"@id\":\"https:\\\/\\\/algarve7.pt\\\/index.php\\\/2026\\\/09\\\/mais-visitantes-e-nova-dinamica-marcaram-mais-uma-edicao-de-sucesso-dos-dias-medievais-em-castro-marim\\\/cultura\\\/07\\\/10\\\/#breadcrumb\"},\"inLanguage\":\"pt-PT\",\"potentialAction\":[{\"@type\":\"ReadAction\",\"target\":[\"https:\\\/\\\/algarve7.pt\\\/index.php\\\/2026\\\/09\\\/mais-visitantes-e-nova-dinamica-marcaram-mais-uma-edicao-de-sucesso-dos-dias-medievais-em-castro-marim\\\/cultura\\\/07\\\/10\\\/\"]}]},{\"@type\":\"ImageObject\",\"inLanguage\":\"pt-PT\",\"@id\":\"https:\\\/\\\/algarve7.pt\\\/index.php\\\/2026\\\/09\\\/mais-visitantes-e-nova-dinamica-marcaram-mais-uma-edicao-de-sucesso-dos-dias-medievais-em-castro-marim\\\/cultura\\\/07\\\/10\\\/#primaryimage\",\"url\":\"https:\\\/\\\/algarve7.pt\\\/wp-content\\\/uploads\\\/2026\\\/09\\\/Abertura-Dias-Medievais-de-Castro-Marim-26-08-2026-70.jpg\",\"contentUrl\":\"https:\\\/\\\/algarve7.pt\\\/wp-content\\\/uploads\\\/2026\\\/09\\\/Abertura-Dias-Medievais-de-Castro-Marim-26-08-2026-70.jpg\",\"width\":975,\"height\":650},{\"@type\":\"BreadcrumbList\",\"@id\":\"https:\\\/\\\/algarve7.pt\\\/index.php\\\/2026\\\/09\\\/mais-visitantes-e-nova-dinamica-marcaram-mais-uma-edicao-de-sucesso-dos-dias-medievais-em-castro-marim\\\/cultura\\\/07\\\/10\\\/#breadcrumb\",\"itemListElement\":[{\"@type\":\"ListItem\",\"position\":1,\"name\":\"In\u00edcio\",\"item\":\"https:\\\/\\\/algarve7.pt\\\/\"},{\"@type\":\"ListItem\",\"position\":2,\"name\":\"Mais visitantes e nova din\u00e2mica marcaram mais uma edi\u00e7\u00e3o de sucesso dos Dias Medievais em Castro Marim\"}]},{\"@type\":\"WebSite\",\"@id\":\"https:\\\/\\\/algarve7.pt\\\/#website\",\"url\":\"https:\\\/\\\/algarve7.pt\\\/\",\"name\":\"Algarve 7\",\"description\":\"Informa\u00e7\u00e3o sobre o Algarve\",\"publisher\":{\"@id\":\"https:\\\/\\\/algarve7.pt\\\/#organization\"},\"potentialAction\":[{\"@type\":\"SearchAction\",\"target\":{\"@type\":\"EntryPoint\",\"urlTemplate\":\"https:\\\/\\\/algarve7.pt\\\/?s={search_term_string}\"},\"query-input\":{\"@type\":\"PropertyValueSpecification\",\"valueRequired\":true,\"valueName\":\"search_term_string\"}}],\"inLanguage\":\"pt-PT\"},{\"@type\":\"Organization\",\"@id\":\"https:\\\/\\\/algarve7.pt\\\/#organization\",\"name\":\"Algarve 7\",\"url\":\"https:\\\/\\\/algarve7.pt\\\/\",\"logo\":{\"@type\":\"ImageObject\",\"inLanguage\":\"pt-PT\",\"@id\":\"https:\\\/\\\/algarve7.pt\\\/#\\\/schema\\\/logo\\\/image\\\/\",\"url\":\"https:\\\/\\\/algarve7.pt\\\/wp-content\\\/uploads\\\/2020\\\/10\\\/Logo-8.jpg\",\"contentUrl\":\"https:\\\/\\\/algarve7.pt\\\/wp-content\\\/uploads\\\/2020\\\/10\\\/Logo-8.jpg\",\"width\":1680,\"height\":1186,\"caption\":\"Algarve 7\"},\"image\":{\"@id\":\"https:\\\/\\\/algarve7.pt\\\/#\\\/schema\\\/logo\\\/image\\\/\"},\"sameAs\":[\"https:\\\/\\\/www.facebook.com\\\/algarve7\",\"https:\\\/\\\/x.com\\\/Algarvesete\",\"https:\\\/\\\/www.instagram.com\\\/jornalalgarve7\\\/\",\"https:\\\/\\\/www.linkedin.com\\\/company\\\/algarve7\",\"https:\\\/\\\/www.pinterest.pt\\\/geral0939\\\/_created\\\/\"]},{\"@type\":\"Person\",\"@id\":\"https:\\\/\\\/algarve7.pt\\\/#\\\/schema\\\/person\\\/23fa70681308e7b319a3204bcea45e0c\",\"name\":\"Algarve 7\",\"sameAs\":[\"https:\\\/\\\/algarve7.pt\",\"https:\\\/\\\/www.facebook.com\\\/algarve7\"],\"url\":\"https:\\\/\\\/algarve7.pt\\\/index.php\\\/author\\\/geralalgarve7-pt\\\/\"}]}<\/script>\n<!-- \/ Yoast SEO plugin. -->","yoast_head_json":{"title":"Mais visitantes e nova din\u00e2mica marcaram mais uma edi\u00e7\u00e3o de sucesso dos Dias Medievais em Castro Marim - Algarve 7","description":"Mais visitantes e nova din\u00e2mica marcaram mais uma edi\u00e7\u00e3o de sucesso dos Dias Medievais em Castro Marim Cultura","robots":{"index":"index","follow":"follow","max-snippet":"max-snippet:-1","max-image-preview":"max-image-preview:large","max-video-preview":"max-video-preview:-1"},"canonical":"https:\/\/algarve7.pt\/index.php\/2026\/09\/mais-visitantes-e-nova-dinamica-marcaram-mais-uma-edicao-de-sucesso-dos-dias-medievais-em-castro-marim\/cultura\/07\/10\/","og_locale":"pt_PT","og_type":"article","og_title":"Mais visitantes e nova din\u00e2mica marcaram mais uma edi\u00e7\u00e3o de sucesso dos Dias Medievais em Castro Marim - Algarve 7","og_description":"Mais visitantes e nova din\u00e2mica marcaram mais uma edi\u00e7\u00e3o de sucesso dos Dias Medievais em Castro Marim Cultura","og_url":"https:\/\/algarve7.pt\/index.php\/2026\/09\/mais-visitantes-e-nova-dinamica-marcaram-mais-uma-edicao-de-sucesso-dos-dias-medievais-em-castro-marim\/cultura\/07\/10\/","og_site_name":"Algarve 7","article_publisher":"https:\/\/www.facebook.com\/algarve7","article_author":"https:\/\/www.facebook.com\/algarve7","article_published_time":"2026-09-02T06:10:00+00:00","og_image":[{"width":975,"height":650,"url":"https:\/\/algarve7.pt\/wp-content\/uploads\/2026\/09\/Abertura-Dias-Medievais-de-Castro-Marim-26-08-2026-70.jpg","type":"image\/jpeg"}],"author":"Algarve 7","twitter_card":"summary_large_image","twitter_creator":"@Algarvesete","twitter_site":"@Algarvesete","twitter_misc":{"Escrito por":"Algarve 7","Tempo estimado de leitura":"5 minutos"},"schema":{"@context":"https:\/\/schema.org","@graph":[{"@type":"Article","@id":"https:\/\/algarve7.pt\/index.php\/2026\/09\/mais-visitantes-e-nova-dinamica-marcaram-mais-uma-edicao-de-sucesso-dos-dias-medievais-em-castro-marim\/cultura\/07\/10\/#article","isPartOf":{"@id":"https:\/\/algarve7.pt\/index.php\/2026\/09\/mais-visitantes-e-nova-dinamica-marcaram-mais-uma-edicao-de-sucesso-dos-dias-medievais-em-castro-marim\/cultura\/07\/10\/"},"author":{"name":"Algarve 7","@id":"https:\/\/algarve7.pt\/#\/schema\/person\/23fa70681308e7b319a3204bcea45e0c"},"headline":"Mais visitantes e nova din\u00e2mica marcaram mais uma edi\u00e7\u00e3o de sucesso dos Dias Medievais em Castro Marim","datePublished":"2026-09-02T06:10:00+00:00","mainEntityOfPage":{"@id":"https:\/\/algarve7.pt\/index.php\/2026\/09\/mais-visitantes-e-nova-dinamica-marcaram-mais-uma-edicao-de-sucesso-dos-dias-medievais-em-castro-marim\/cultura\/07\/10\/"},"wordCount":870,"publisher":{"@id":"https:\/\/algarve7.pt\/#organization"},"image":{"@id":"https:\/\/algarve7.pt\/index.php\/2026\/09\/mais-visitantes-e-nova-dinamica-marcaram-mais-uma-edicao-de-sucesso-dos-dias-medievais-em-castro-marim\/cultura\/07\/10\/#primaryimage"},"thumbnailUrl":"https:\/\/algarve7.pt\/wp-content\/uploads\/2026\/09\/Abertura-Dias-Medievais-de-Castro-Marim-26-08-2026-70.jpg","keywords":["Algarve","Castro Marim","Cultura","Dias Medievais"],"articleSection":["Cultura"],"inLanguage":"pt-PT"},{"@type":"WebPage","@id":"https:\/\/algarve7.pt\/index.php\/2026\/09\/mais-visitantes-e-nova-dinamica-marcaram-mais-uma-edicao-de-sucesso-dos-dias-medievais-em-castro-marim\/cultura\/07\/10\/","url":"https:\/\/algarve7.pt\/index.php\/2026\/09\/mais-visitantes-e-nova-dinamica-marcaram-mais-uma-edicao-de-sucesso-dos-dias-medievais-em-castro-marim\/cultura\/07\/10\/","name":"Mais visitantes e nova din\u00e2mica marcaram mais uma edi\u00e7\u00e3o de sucesso dos Dias Medievais em Castro Marim - Algarve 7","isPartOf":{"@id":"https:\/\/algarve7.pt\/#website"},"primaryImageOfPage":{"@id":"https:\/\/algarve7.pt\/index.php\/2026\/09\/mais-visitantes-e-nova-dinamica-marcaram-mais-uma-edicao-de-sucesso-dos-dias-medievais-em-castro-marim\/cultura\/07\/10\/#primaryimage"},"image":{"@id":"https:\/\/algarve7.pt\/index.php\/2026\/09\/mais-visitantes-e-nova-dinamica-marcaram-mais-uma-edicao-de-sucesso-dos-dias-medievais-em-castro-marim\/cultura\/07\/10\/#primaryimage"},"thumbnailUrl":"https:\/\/algarve7.pt\/wp-content\/uploads\/2026\/09\/Abertura-Dias-Medievais-de-Castro-Marim-26-08-2026-70.jpg","datePublished":"2026-09-02T06:10:00+00:00","description":"Mais visitantes e nova din\u00e2mica marcaram mais uma edi\u00e7\u00e3o de sucesso dos Dias Medievais em Castro Marim Cultura","breadcrumb":{"@id":"https:\/\/algarve7.pt\/index.php\/2026\/09\/mais-visitantes-e-nova-dinamica-marcaram-mais-uma-edicao-de-sucesso-dos-dias-medievais-em-castro-marim\/cultura\/07\/10\/#breadcrumb"},"inLanguage":"pt-PT","potentialAction":[{"@type":"ReadAction","target":["https:\/\/algarve7.pt\/index.php\/2026\/09\/mais-visitantes-e-nova-dinamica-marcaram-mais-uma-edicao-de-sucesso-dos-dias-medievais-em-castro-marim\/cultura\/07\/10\/"]}]},{"@type":"ImageObject","inLanguage":"pt-PT","@id":"https:\/\/algarve7.pt\/index.php\/2026\/09\/mais-visitantes-e-nova-dinamica-marcaram-mais-uma-edicao-de-sucesso-dos-dias-medievais-em-castro-marim\/cultura\/07\/10\/#primaryimage","url":"https:\/\/algarve7.pt\/wp-content\/uploads\/2026\/09\/Abertura-Dias-Medievais-de-Castro-Marim-26-08-2026-70.jpg","contentUrl":"https:\/\/algarve7.pt\/wp-content\/uploads\/2026\/09\/Abertura-Dias-Medievais-de-Castro-Marim-26-08-2026-70.jpg","width":975,"height":650},{"@type":"BreadcrumbList","@id":"https:\/\/algarve7.pt\/index.php\/2026\/09\/mais-visitantes-e-nova-dinamica-marcaram-mais-uma-edicao-de-sucesso-dos-dias-medievais-em-castro-marim\/cultura\/07\/10\/#breadcrumb","itemListElement":[{"@type":"ListItem","position":1,"name":"In\u00edcio","item":"https:\/\/algarve7.pt\/"},{"@type":"ListItem","position":2,"name":"Mais visitantes e nova din\u00e2mica marcaram mais uma edi\u00e7\u00e3o de sucesso dos Dias Medievais em Castro Marim"}]},{"@type":"WebSite","@id":"https:\/\/algarve7.pt\/#website","url":"https:\/\/algarve7.pt\/","name":"Algarve 7","description":"Informa\u00e7\u00e3o sobre o Algarve","publisher":{"@id":"https:\/\/algarve7.pt\/#organization"},"potentialAction":[{"@type":"SearchAction","target":{"@type":"EntryPoint","urlTemplate":"https:\/\/algarve7.pt\/?s={search_term_string}"},"query-input":{"@type":"PropertyValueSpecification","valueRequired":true,"valueName":"search_term_string"}}],"inLanguage":"pt-PT"},{"@type":"Organization","@id":"https:\/\/algarve7.pt\/#organization","name":"Algarve 7","url":"https:\/\/algarve7.pt\/","logo":{"@type":"ImageObject","inLanguage":"pt-PT","@id":"https:\/\/algarve7.pt\/#\/schema\/logo\/image\/","url":"https:\/\/algarve7.pt\/wp-content\/uploads\/2020\/10\/Logo-8.jpg","contentUrl":"https:\/\/algarve7.pt\/wp-content\/uploads\/2020\/10\/Logo-8.jpg","width":1680,"height":1186,"caption":"Algarve 7"},"image":{"@id":"https:\/\/algarve7.pt\/#\/schema\/logo\/image\/"},"sameAs":["https:\/\/www.facebook.com\/algarve7","https:\/\/x.com\/Algarvesete","https:\/\/www.instagram.com\/jornalalgarve7\/","https:\/\/www.linkedin.com\/company\/algarve7","https:\/\/www.pinterest.pt\/geral0939\/_created\/"]},{"@type":"Person","@id":"https:\/\/algarve7.pt\/#\/schema\/person\/23fa70681308e7b319a3204bcea45e0c","name":"Algarve 7","sameAs":["https:\/\/algarve7.pt","https:\/\/www.facebook.com\/algarve7"],"url":"https:\/\/algarve7.pt\/index.php\/author\/geralalgarve7-pt\/"}]}},"jetpack_publicize_connections":[],"jetpack_shortlink":"https:\/\/wp.me\/pcezmW-haH","jetpack_sharing_enabled":true,"jetpack_featured_media_url":"https:\/\/algarve7.pt\/wp-content\/uploads\/2026\/09\/Abertura-Dias-Medievais-de-Castro-Marim-26-08-2026-70.jpg","_links":{"self":[{"href":"https:\/\/algarve7.pt\/index.php\/wp-json\/wp\/v2\/posts\/66011","targetHints":{"allow":["GET"]}}],"collection":[{"href":"https:\/\/algarve7.pt\/index.php\/wp-json\/wp\/v2\/posts"}],"about":[{"href":"https:\/\/algarve7.pt\/index.php\/wp-json\/wp\/v2\/types\/post"}],"author":[{"embeddable":true,"href":"https:\/\/algarve7.pt\/index.php\/wp-json\/wp\/v2\/users\/1"}],"replies":[{"embeddable":true,"href":"https:\/\/algarve7.pt\/index.php\/wp-json\/wp\/v2\/comments?post=66011"}],"version-history":[{"count":1,"href":"https:\/\/algarve7.pt\/index.php\/wp-json\/wp\/v2\/posts\/66011\/revisions"}],"predecessor-version":[{"id":66013,"href":"https:\/\/algarve7.pt\/index.php\/wp-json\/wp\/v2\/posts\/66011\/revisions\/66013"}],"wp:featuredmedia":[{"embeddable":true,"href":"https:\/\/algarve7.pt\/index.php\/wp-json\/wp\/v2\/media\/66012"}],"wp:attachment":[{"href":"https:\/\/algarve7.pt\/index.php\/wp-json\/wp\/v2\/media?parent=66011"}],"wp:term":[{"taxonomy":"category","embeddable":true,"href":"https:\/\/algarve7.pt\/index.php\/wp-json\/wp\/v2\/categories?post=66011"},{"taxonomy":"post_tag","embeddable":true,"href":"https:\/\/algarve7.pt\/index.php\/wp-json\/wp\/v2\/tags?post=66011"}],"curies":[{"name":"wp","href":"https:\/\/api.w.org\/{rel}","templated":true}]}}