{"id":66003,"date":"2026-08-31T15:48:26","date_gmt":"2026-08-31T14:48:26","guid":{"rendered":"https:\/\/algarve7.pt\/?p=66003"},"modified":"2026-08-31T15:48:30","modified_gmt":"2026-08-31T14:48:30","slug":"fatacil-2026-terminou-com-uma-edicao-marcada-pela-diversidade-e-pela-qualidade","status":"publish","type":"post","link":"https:\/\/algarve7.pt\/index.php\/2026\/08\/fatacil-2026-terminou-com-uma-edicao-marcada-pela-diversidade-e-pela-qualidade\/turismo\/15\/48\/","title":{"rendered":"FATACIL 2026 terminou com uma edi\u00e7\u00e3o marcada pela diversidade e pela qualidade"},"content":{"rendered":"\n<p class=\"wp-block-paragraph\">A 45.\u00aa edi\u00e7\u00e3o da FATACIL terminou este domingo, em Lagoa, depois de dez dias marcados pela diversidade da programa\u00e7\u00e3o, pela qualidade da oferta e pela forte ades\u00e3o do p\u00fablico. Apesar das condi\u00e7\u00f5es meteorol\u00f3gicas at\u00edpicas que marcaram alguns dias do certame, com per\u00edodos de chuva pouco habituais para o m\u00eas de agosto, a FATACIL voltou a afirmar a sua capacidade de mobiliza\u00e7\u00e3o e a import\u00e2ncia que mant\u00e9m no calend\u00e1rio de eventos de Lagoa e do Algarve.<\/p>\n\n\n\n<p class=\"wp-block-paragraph\"><br>A edi\u00e7\u00e3o de 2026 ultrapassou a marca dos 200 mil visitantes, um n\u00famero que demonstra a dimens\u00e3o e a capacidade de atra\u00e7\u00e3o do certame. Ainda assim, para o Munic\u00edpio de Lagoa, o sucesso da FATACIL n\u00e3o se mede apenas pelo n\u00famero de pessoas que atravessam as portas do recinto, mas sobretudo pela qualidade da experi\u00eancia que \u00e9 proporcionada a quem a visita.<\/p>\n\n\n\n<p class=\"wp-block-paragraph\"><br>Ao longo dos dez dias, a FATACIL voltou a reunir num mesmo espa\u00e7o a agricultura, o artesanato, o turismo, o com\u00e9rcio, a ind\u00fastria, a gastronomia, a cultura, o desporto e o entretenimento, apresentando aquilo que de melhor se produz e se faz em Lagoa, no Algarve e no pa\u00eds.<\/p>\n\n\n\n<p class=\"wp-block-paragraph\"><br>A programa\u00e7\u00e3o musical, distribu\u00edda pelo palco principal e pelos quatro palcos secund\u00e1rios, permitiu chegar a diferentes p\u00fablicos e criar diferentes ambientes ao longo do recinto. A anima\u00e7\u00e3o de rua, as atividades equestres, a gastronomia e a diversidade dos espa\u00e7os de exposi\u00e7\u00e3o completaram uma oferta que procurou proporcionar uma experi\u00eancia din\u00e2mica durante os dez dias.<\/p>\n\n\n\n<p class=\"wp-block-paragraph\"><br>A capacidade de manter uma forte ades\u00e3o mesmo perante condi\u00e7\u00f5es meteorol\u00f3gicas pouco caracter\u00edsticas de agosto demonstra tamb\u00e9m a rela\u00e7\u00e3o que o p\u00fablico mant\u00e9m com a FATACIL. A tradi\u00e7\u00e3o de visitar a feira manteve-se e voltou a confirmar que o certame \u00e9 hoje uma refer\u00eancia de Lagoa e um dos grandes acontecimentos do ver\u00e3o algarvio.<\/p>\n\n\n\n<p class=\"wp-block-paragraph\"><br>Para o Presidente da C\u00e2mara Municipal de Lagoa, Lu\u00eds Encarna\u00e7\u00e3o, \u201c<em><strong>terminamos esta edi\u00e7\u00e3o com um balan\u00e7o muito positivo. Ultrapassar os 200 mil visitantes \u00e9 naturalmente um resultado que nos deixa satisfeitos, mas n\u00e3o \u00e9 esse o indicador que queremos colocar no centro daquilo que \u00e9 a FATACIL. O que nos importa \u00e9 a qualidade da experi\u00eancia que proporcionamos, a diversidade da programa\u00e7\u00e3o, o trabalho dos expositores e a capacidade de continuar a apresentar uma feira onde as pessoas encontram sempre algo para descobrir e onde ficam com vontade de voltar. Esta edi\u00e7\u00e3o teve ainda a particularidade de enfrentar condi\u00e7\u00f5es meteorol\u00f3gicas pouco habituais para agosto e, condi\u00e7\u00f5es essas que, pessoalmente nunca havia experienciado em onze anos enquanto respons\u00e1vel pela realiza\u00e7\u00e3o desta feira, mas mesmo assim, a FATACIL manteve a sua din\u00e2mica e a sua capacidade de atrair p\u00fablico. Isso demonstra a for\u00e7a que esta feira tem e a liga\u00e7\u00e3o que existe entre a FATACIL e quem a visita. Mas sabemos tamb\u00e9m que uma feira com 45 edi\u00e7\u00f5es n\u00e3o pode ficar parada. Temos de continuar a inovar, a introduzir novidades e a melhorar a experi\u00eancia de quem nos visita, sem perder aquilo que faz da FATACIL uma feira \u00fanica<\/strong><\/em>\u201d.<\/p>\n\n\n\n<p class=\"wp-block-paragraph\"><br>O Munic\u00edpio de Lagoa deixa uma palavra de agradecimento a todos os expositores, produtores, artes\u00e3os, empresas, associa\u00e7\u00f5es, artistas, parceiros, patrocinadores, trabalhadores do Munic\u00edpio, equipas t\u00e9cnicas, for\u00e7as de seguran\u00e7a, servi\u00e7os de emerg\u00eancia e a todos os que contribu\u00edram para a realiza\u00e7\u00e3o da 45.\u00aa edi\u00e7\u00e3o da FATACIL.<\/p>\n\n\n\n<p class=\"wp-block-paragraph\"><br>Uma palavra especial \u00e9 dirigida aos milhares de pessoas que, ao longo destes dez dias, escolheram visitar a FATACIL, mantendo viva uma tradi\u00e7\u00e3o com 45 edi\u00e7\u00f5es e contribuindo para afirmar o certame como uma refer\u00eancia de Lagoa e do Algarve.<\/p>\n\n\n\n<p class=\"wp-block-paragraph\"><br>Com o encerramento da edi\u00e7\u00e3o de 2026, fica j\u00e1 marcado o pr\u00f3ximo encontro. A 46.\u00aa FATACIL realiza-se de 20 a 29 de agosto de 2027.<\/p>\n\n\n\n<p class=\"wp-block-paragraph\">Foto: Jorge Gomes<\/p>\n","protected":false},"excerpt":{"rendered":"<p>A 45.\u00aa edi\u00e7\u00e3o da FATACIL terminou este domingo, em Lagoa, depois de dez dias marcados pela diversidade da programa\u00e7\u00e3o, pela<\/p>\n","protected":false},"author":1,"featured_media":66004,"comment_status":"closed","ping_status":"closed","sticky":false,"template":"","format":"standard","meta":{"colormag_page_container_layout":"default_layout","colormag_page_sidebar_layout":"default_layout","_monsterinsights_skip_tracking":false,"_jetpack_newsletter_access":"","_jetpack_dont_email_post_to_subs":false,"_jetpack_newsletter_tier_id":0,"_jetpack_memberships_contains_paywalled_content":false,"_jetpack_feature_clip_id":0,"_jetpack_memberships_contains_paid_content":false,"footnotes":"","jetpack_publicize_message":"","jetpack_publicize_feature_enabled":true,"jetpack_social_post_already_shared":true,"jetpack_social_options":{"image_generator_settings":{"template":"highway","default_image_id":0,"font":"","enabled":false},"version":2},"jetpack_post_was_ever_published":false},"categories":[17],"tags":[36,604,48,45],"class_list":["post-66003","post","type-post","status-publish","format-standard","has-post-thumbnail","hentry","category-turismo","tag-algarve","tag-fatacil","tag-lagoa","tag-turismo"],"yoast_head":"<!-- This site is optimized with the Yoast SEO plugin v28.3 - https:\/\/yoast.com\/product\/yoast-seo-wordpress\/ -->\n<title>FATACIL 2026 terminou com uma edi\u00e7\u00e3o marcada pela diversidade e pela qualidade - Algarve 7<\/title>\n<meta name=\"description\" content=\"FATACIL 2026 terminou com uma edi\u00e7\u00e3o marcada pela diversidade e pela qualidade Turismo\" \/>\n<meta name=\"robots\" content=\"index, follow, max-snippet:-1, max-image-preview:large, max-video-preview:-1\" \/>\n<link rel=\"canonical\" href=\"https:\/\/algarve7.pt\/index.php\/2026\/08\/fatacil-2026-terminou-com-uma-edicao-marcada-pela-diversidade-e-pela-qualidade\/turismo\/15\/48\/\" \/>\n<meta property=\"og:locale\" content=\"pt_PT\" \/>\n<meta property=\"og:type\" content=\"article\" \/>\n<meta property=\"og:title\" content=\"FATACIL 2026 terminou com uma edi\u00e7\u00e3o marcada pela diversidade e pela qualidade - Algarve 7\" \/>\n<meta property=\"og:description\" content=\"FATACIL 2026 terminou com uma edi\u00e7\u00e3o marcada pela diversidade e pela qualidade Turismo\" \/>\n<meta property=\"og:url\" content=\"https:\/\/algarve7.pt\/index.php\/2026\/08\/fatacil-2026-terminou-com-uma-edicao-marcada-pela-diversidade-e-pela-qualidade\/turismo\/15\/48\/\" \/>\n<meta property=\"og:site_name\" content=\"Algarve 7\" \/>\n<meta property=\"article:publisher\" content=\"https:\/\/www.facebook.com\/algarve7\" \/>\n<meta property=\"article:author\" content=\"https:\/\/www.facebook.com\/algarve7\" \/>\n<meta property=\"article:published_time\" content=\"2026-08-31T14:48:26+00:00\" \/>\n<meta property=\"article:modified_time\" content=\"2026-08-31T14:48:30+00:00\" \/>\n<meta property=\"og:image\" content=\"https:\/\/algarve7.pt\/wp-content\/uploads\/2026\/08\/CCDR-na-Fatacil-22-08-2026-17.jpg\" \/>\n\t<meta property=\"og:image:width\" content=\"975\" \/>\n\t<meta property=\"og:image:height\" content=\"650\" \/>\n\t<meta property=\"og:image:type\" content=\"image\/jpeg\" \/>\n<meta name=\"author\" content=\"Algarve 7\" \/>\n<meta name=\"twitter:card\" content=\"summary_large_image\" \/>\n<meta name=\"twitter:creator\" content=\"@Algarvesete\" \/>\n<meta name=\"twitter:site\" content=\"@Algarvesete\" \/>\n<meta name=\"twitter:label1\" content=\"Escrito por\" \/>\n\t<meta name=\"twitter:data1\" content=\"Algarve 7\" \/>\n\t<meta name=\"twitter:label2\" content=\"Tempo estimado de leitura\" \/>\n\t<meta name=\"twitter:data2\" content=\"4 minutos\" \/>\n<script type=\"application\/ld+json\" class=\"yoast-schema-graph\">{\"@context\":\"https:\\\/\\\/schema.org\",\"@graph\":[{\"@type\":\"Article\",\"@id\":\"https:\\\/\\\/algarve7.pt\\\/index.php\\\/2026\\\/08\\\/fatacil-2026-terminou-com-uma-edicao-marcada-pela-diversidade-e-pela-qualidade\\\/turismo\\\/15\\\/48\\\/#article\",\"isPartOf\":{\"@id\":\"https:\\\/\\\/algarve7.pt\\\/index.php\\\/2026\\\/08\\\/fatacil-2026-terminou-com-uma-edicao-marcada-pela-diversidade-e-pela-qualidade\\\/turismo\\\/15\\\/48\\\/\"},\"author\":{\"name\":\"Algarve 7\",\"@id\":\"https:\\\/\\\/algarve7.pt\\\/#\\\/schema\\\/person\\\/23fa70681308e7b319a3204bcea45e0c\"},\"headline\":\"FATACIL 2026 terminou com uma edi\u00e7\u00e3o marcada pela diversidade e pela qualidade\",\"datePublished\":\"2026-08-31T14:48:26+00:00\",\"dateModified\":\"2026-08-31T14:48:30+00:00\",\"mainEntityOfPage\":{\"@id\":\"https:\\\/\\\/algarve7.pt\\\/index.php\\\/2026\\\/08\\\/fatacil-2026-terminou-com-uma-edicao-marcada-pela-diversidade-e-pela-qualidade\\\/turismo\\\/15\\\/48\\\/\"},\"wordCount\":681,\"publisher\":{\"@id\":\"https:\\\/\\\/algarve7.pt\\\/#organization\"},\"image\":{\"@id\":\"https:\\\/\\\/algarve7.pt\\\/index.php\\\/2026\\\/08\\\/fatacil-2026-terminou-com-uma-edicao-marcada-pela-diversidade-e-pela-qualidade\\\/turismo\\\/15\\\/48\\\/#primaryimage\"},\"thumbnailUrl\":\"https:\\\/\\\/algarve7.pt\\\/wp-content\\\/uploads\\\/2026\\\/08\\\/CCDR-na-Fatacil-22-08-2026-17.jpg\",\"keywords\":[\"Algarve\",\"Fatacil\",\"Lagoa\",\"Turismo\"],\"articleSection\":[\"Turismo\"],\"inLanguage\":\"pt-PT\"},{\"@type\":\"WebPage\",\"@id\":\"https:\\\/\\\/algarve7.pt\\\/index.php\\\/2026\\\/08\\\/fatacil-2026-terminou-com-uma-edicao-marcada-pela-diversidade-e-pela-qualidade\\\/turismo\\\/15\\\/48\\\/\",\"url\":\"https:\\\/\\\/algarve7.pt\\\/index.php\\\/2026\\\/08\\\/fatacil-2026-terminou-com-uma-edicao-marcada-pela-diversidade-e-pela-qualidade\\\/turismo\\\/15\\\/48\\\/\",\"name\":\"FATACIL 2026 terminou com uma edi\u00e7\u00e3o marcada pela diversidade e pela qualidade - Algarve 7\",\"isPartOf\":{\"@id\":\"https:\\\/\\\/algarve7.pt\\\/#website\"},\"primaryImageOfPage\":{\"@id\":\"https:\\\/\\\/algarve7.pt\\\/index.php\\\/2026\\\/08\\\/fatacil-2026-terminou-com-uma-edicao-marcada-pela-diversidade-e-pela-qualidade\\\/turismo\\\/15\\\/48\\\/#primaryimage\"},\"image\":{\"@id\":\"https:\\\/\\\/algarve7.pt\\\/index.php\\\/2026\\\/08\\\/fatacil-2026-terminou-com-uma-edicao-marcada-pela-diversidade-e-pela-qualidade\\\/turismo\\\/15\\\/48\\\/#primaryimage\"},\"thumbnailUrl\":\"https:\\\/\\\/algarve7.pt\\\/wp-content\\\/uploads\\\/2026\\\/08\\\/CCDR-na-Fatacil-22-08-2026-17.jpg\",\"datePublished\":\"2026-08-31T14:48:26+00:00\",\"dateModified\":\"2026-08-31T14:48:30+00:00\",\"description\":\"FATACIL 2026 terminou com uma edi\u00e7\u00e3o marcada pela diversidade e pela qualidade Turismo\",\"breadcrumb\":{\"@id\":\"https:\\\/\\\/algarve7.pt\\\/index.php\\\/2026\\\/08\\\/fatacil-2026-terminou-com-uma-edicao-marcada-pela-diversidade-e-pela-qualidade\\\/turismo\\\/15\\\/48\\\/#breadcrumb\"},\"inLanguage\":\"pt-PT\",\"potentialAction\":[{\"@type\":\"ReadAction\",\"target\":[\"https:\\\/\\\/algarve7.pt\\\/index.php\\\/2026\\\/08\\\/fatacil-2026-terminou-com-uma-edicao-marcada-pela-diversidade-e-pela-qualidade\\\/turismo\\\/15\\\/48\\\/\"]}]},{\"@type\":\"ImageObject\",\"inLanguage\":\"pt-PT\",\"@id\":\"https:\\\/\\\/algarve7.pt\\\/index.php\\\/2026\\\/08\\\/fatacil-2026-terminou-com-uma-edicao-marcada-pela-diversidade-e-pela-qualidade\\\/turismo\\\/15\\\/48\\\/#primaryimage\",\"url\":\"https:\\\/\\\/algarve7.pt\\\/wp-content\\\/uploads\\\/2026\\\/08\\\/CCDR-na-Fatacil-22-08-2026-17.jpg\",\"contentUrl\":\"https:\\\/\\\/algarve7.pt\\\/wp-content\\\/uploads\\\/2026\\\/08\\\/CCDR-na-Fatacil-22-08-2026-17.jpg\",\"width\":975,\"height\":650},{\"@type\":\"BreadcrumbList\",\"@id\":\"https:\\\/\\\/algarve7.pt\\\/index.php\\\/2026\\\/08\\\/fatacil-2026-terminou-com-uma-edicao-marcada-pela-diversidade-e-pela-qualidade\\\/turismo\\\/15\\\/48\\\/#breadcrumb\",\"itemListElement\":[{\"@type\":\"ListItem\",\"position\":1,\"name\":\"In\u00edcio\",\"item\":\"https:\\\/\\\/algarve7.pt\\\/\"},{\"@type\":\"ListItem\",\"position\":2,\"name\":\"FATACIL 2026 terminou com uma edi\u00e7\u00e3o marcada pela diversidade e pela qualidade\"}]},{\"@type\":\"WebSite\",\"@id\":\"https:\\\/\\\/algarve7.pt\\\/#website\",\"url\":\"https:\\\/\\\/algarve7.pt\\\/\",\"name\":\"Algarve 7\",\"description\":\"Informa\u00e7\u00e3o sobre o Algarve\",\"publisher\":{\"@id\":\"https:\\\/\\\/algarve7.pt\\\/#organization\"},\"potentialAction\":[{\"@type\":\"SearchAction\",\"target\":{\"@type\":\"EntryPoint\",\"urlTemplate\":\"https:\\\/\\\/algarve7.pt\\\/?s={search_term_string}\"},\"query-input\":{\"@type\":\"PropertyValueSpecification\",\"valueRequired\":true,\"valueName\":\"search_term_string\"}}],\"inLanguage\":\"pt-PT\"},{\"@type\":\"Organization\",\"@id\":\"https:\\\/\\\/algarve7.pt\\\/#organization\",\"name\":\"Algarve 7\",\"url\":\"https:\\\/\\\/algarve7.pt\\\/\",\"logo\":{\"@type\":\"ImageObject\",\"inLanguage\":\"pt-PT\",\"@id\":\"https:\\\/\\\/algarve7.pt\\\/#\\\/schema\\\/logo\\\/image\\\/\",\"url\":\"https:\\\/\\\/algarve7.pt\\\/wp-content\\\/uploads\\\/2020\\\/10\\\/Logo-8.jpg\",\"contentUrl\":\"https:\\\/\\\/algarve7.pt\\\/wp-content\\\/uploads\\\/2020\\\/10\\\/Logo-8.jpg\",\"width\":1680,\"height\":1186,\"caption\":\"Algarve 7\"},\"image\":{\"@id\":\"https:\\\/\\\/algarve7.pt\\\/#\\\/schema\\\/logo\\\/image\\\/\"},\"sameAs\":[\"https:\\\/\\\/www.facebook.com\\\/algarve7\",\"https:\\\/\\\/x.com\\\/Algarvesete\",\"https:\\\/\\\/www.instagram.com\\\/jornalalgarve7\\\/\",\"https:\\\/\\\/www.linkedin.com\\\/company\\\/algarve7\",\"https:\\\/\\\/www.pinterest.pt\\\/geral0939\\\/_created\\\/\"]},{\"@type\":\"Person\",\"@id\":\"https:\\\/\\\/algarve7.pt\\\/#\\\/schema\\\/person\\\/23fa70681308e7b319a3204bcea45e0c\",\"name\":\"Algarve 7\",\"sameAs\":[\"https:\\\/\\\/algarve7.pt\",\"https:\\\/\\\/www.facebook.com\\\/algarve7\"],\"url\":\"https:\\\/\\\/algarve7.pt\\\/index.php\\\/author\\\/geralalgarve7-pt\\\/\"}]}<\/script>\n<!-- \/ Yoast SEO plugin. -->","yoast_head_json":{"title":"FATACIL 2026 terminou com uma edi\u00e7\u00e3o marcada pela diversidade e pela qualidade - Algarve 7","description":"FATACIL 2026 terminou com uma edi\u00e7\u00e3o marcada pela diversidade e pela qualidade Turismo","robots":{"index":"index","follow":"follow","max-snippet":"max-snippet:-1","max-image-preview":"max-image-preview:large","max-video-preview":"max-video-preview:-1"},"canonical":"https:\/\/algarve7.pt\/index.php\/2026\/08\/fatacil-2026-terminou-com-uma-edicao-marcada-pela-diversidade-e-pela-qualidade\/turismo\/15\/48\/","og_locale":"pt_PT","og_type":"article","og_title":"FATACIL 2026 terminou com uma edi\u00e7\u00e3o marcada pela diversidade e pela qualidade - Algarve 7","og_description":"FATACIL 2026 terminou com uma edi\u00e7\u00e3o marcada pela diversidade e pela qualidade Turismo","og_url":"https:\/\/algarve7.pt\/index.php\/2026\/08\/fatacil-2026-terminou-com-uma-edicao-marcada-pela-diversidade-e-pela-qualidade\/turismo\/15\/48\/","og_site_name":"Algarve 7","article_publisher":"https:\/\/www.facebook.com\/algarve7","article_author":"https:\/\/www.facebook.com\/algarve7","article_published_time":"2026-08-31T14:48:26+00:00","article_modified_time":"2026-08-31T14:48:30+00:00","og_image":[{"width":975,"height":650,"url":"https:\/\/algarve7.pt\/wp-content\/uploads\/2026\/08\/CCDR-na-Fatacil-22-08-2026-17.jpg","type":"image\/jpeg"}],"author":"Algarve 7","twitter_card":"summary_large_image","twitter_creator":"@Algarvesete","twitter_site":"@Algarvesete","twitter_misc":{"Escrito por":"Algarve 7","Tempo estimado de leitura":"4 minutos"},"schema":{"@context":"https:\/\/schema.org","@graph":[{"@type":"Article","@id":"https:\/\/algarve7.pt\/index.php\/2026\/08\/fatacil-2026-terminou-com-uma-edicao-marcada-pela-diversidade-e-pela-qualidade\/turismo\/15\/48\/#article","isPartOf":{"@id":"https:\/\/algarve7.pt\/index.php\/2026\/08\/fatacil-2026-terminou-com-uma-edicao-marcada-pela-diversidade-e-pela-qualidade\/turismo\/15\/48\/"},"author":{"name":"Algarve 7","@id":"https:\/\/algarve7.pt\/#\/schema\/person\/23fa70681308e7b319a3204bcea45e0c"},"headline":"FATACIL 2026 terminou com uma edi\u00e7\u00e3o marcada pela diversidade e pela qualidade","datePublished":"2026-08-31T14:48:26+00:00","dateModified":"2026-08-31T14:48:30+00:00","mainEntityOfPage":{"@id":"https:\/\/algarve7.pt\/index.php\/2026\/08\/fatacil-2026-terminou-com-uma-edicao-marcada-pela-diversidade-e-pela-qualidade\/turismo\/15\/48\/"},"wordCount":681,"publisher":{"@id":"https:\/\/algarve7.pt\/#organization"},"image":{"@id":"https:\/\/algarve7.pt\/index.php\/2026\/08\/fatacil-2026-terminou-com-uma-edicao-marcada-pela-diversidade-e-pela-qualidade\/turismo\/15\/48\/#primaryimage"},"thumbnailUrl":"https:\/\/algarve7.pt\/wp-content\/uploads\/2026\/08\/CCDR-na-Fatacil-22-08-2026-17.jpg","keywords":["Algarve","Fatacil","Lagoa","Turismo"],"articleSection":["Turismo"],"inLanguage":"pt-PT"},{"@type":"WebPage","@id":"https:\/\/algarve7.pt\/index.php\/2026\/08\/fatacil-2026-terminou-com-uma-edicao-marcada-pela-diversidade-e-pela-qualidade\/turismo\/15\/48\/","url":"https:\/\/algarve7.pt\/index.php\/2026\/08\/fatacil-2026-terminou-com-uma-edicao-marcada-pela-diversidade-e-pela-qualidade\/turismo\/15\/48\/","name":"FATACIL 2026 terminou com uma edi\u00e7\u00e3o marcada pela diversidade e pela qualidade - Algarve 7","isPartOf":{"@id":"https:\/\/algarve7.pt\/#website"},"primaryImageOfPage":{"@id":"https:\/\/algarve7.pt\/index.php\/2026\/08\/fatacil-2026-terminou-com-uma-edicao-marcada-pela-diversidade-e-pela-qualidade\/turismo\/15\/48\/#primaryimage"},"image":{"@id":"https:\/\/algarve7.pt\/index.php\/2026\/08\/fatacil-2026-terminou-com-uma-edicao-marcada-pela-diversidade-e-pela-qualidade\/turismo\/15\/48\/#primaryimage"},"thumbnailUrl":"https:\/\/algarve7.pt\/wp-content\/uploads\/2026\/08\/CCDR-na-Fatacil-22-08-2026-17.jpg","datePublished":"2026-08-31T14:48:26+00:00","dateModified":"2026-08-31T14:48:30+00:00","description":"FATACIL 2026 terminou com uma edi\u00e7\u00e3o marcada pela diversidade e pela qualidade Turismo","breadcrumb":{"@id":"https:\/\/algarve7.pt\/index.php\/2026\/08\/fatacil-2026-terminou-com-uma-edicao-marcada-pela-diversidade-e-pela-qualidade\/turismo\/15\/48\/#breadcrumb"},"inLanguage":"pt-PT","potentialAction":[{"@type":"ReadAction","target":["https:\/\/algarve7.pt\/index.php\/2026\/08\/fatacil-2026-terminou-com-uma-edicao-marcada-pela-diversidade-e-pela-qualidade\/turismo\/15\/48\/"]}]},{"@type":"ImageObject","inLanguage":"pt-PT","@id":"https:\/\/algarve7.pt\/index.php\/2026\/08\/fatacil-2026-terminou-com-uma-edicao-marcada-pela-diversidade-e-pela-qualidade\/turismo\/15\/48\/#primaryimage","url":"https:\/\/algarve7.pt\/wp-content\/uploads\/2026\/08\/CCDR-na-Fatacil-22-08-2026-17.jpg","contentUrl":"https:\/\/algarve7.pt\/wp-content\/uploads\/2026\/08\/CCDR-na-Fatacil-22-08-2026-17.jpg","width":975,"height":650},{"@type":"BreadcrumbList","@id":"https:\/\/algarve7.pt\/index.php\/2026\/08\/fatacil-2026-terminou-com-uma-edicao-marcada-pela-diversidade-e-pela-qualidade\/turismo\/15\/48\/#breadcrumb","itemListElement":[{"@type":"ListItem","position":1,"name":"In\u00edcio","item":"https:\/\/algarve7.pt\/"},{"@type":"ListItem","position":2,"name":"FATACIL 2026 terminou com uma edi\u00e7\u00e3o marcada pela diversidade e pela qualidade"}]},{"@type":"WebSite","@id":"https:\/\/algarve7.pt\/#website","url":"https:\/\/algarve7.pt\/","name":"Algarve 7","description":"Informa\u00e7\u00e3o sobre o Algarve","publisher":{"@id":"https:\/\/algarve7.pt\/#organization"},"potentialAction":[{"@type":"SearchAction","target":{"@type":"EntryPoint","urlTemplate":"https:\/\/algarve7.pt\/?s={search_term_string}"},"query-input":{"@type":"PropertyValueSpecification","valueRequired":true,"valueName":"search_term_string"}}],"inLanguage":"pt-PT"},{"@type":"Organization","@id":"https:\/\/algarve7.pt\/#organization","name":"Algarve 7","url":"https:\/\/algarve7.pt\/","logo":{"@type":"ImageObject","inLanguage":"pt-PT","@id":"https:\/\/algarve7.pt\/#\/schema\/logo\/image\/","url":"https:\/\/algarve7.pt\/wp-content\/uploads\/2020\/10\/Logo-8.jpg","contentUrl":"https:\/\/algarve7.pt\/wp-content\/uploads\/2020\/10\/Logo-8.jpg","width":1680,"height":1186,"caption":"Algarve 7"},"image":{"@id":"https:\/\/algarve7.pt\/#\/schema\/logo\/image\/"},"sameAs":["https:\/\/www.facebook.com\/algarve7","https:\/\/x.com\/Algarvesete","https:\/\/www.instagram.com\/jornalalgarve7\/","https:\/\/www.linkedin.com\/company\/algarve7","https:\/\/www.pinterest.pt\/geral0939\/_created\/"]},{"@type":"Person","@id":"https:\/\/algarve7.pt\/#\/schema\/person\/23fa70681308e7b319a3204bcea45e0c","name":"Algarve 7","sameAs":["https:\/\/algarve7.pt","https:\/\/www.facebook.com\/algarve7"],"url":"https:\/\/algarve7.pt\/index.php\/author\/geralalgarve7-pt\/"}]}},"jetpack_publicize_connections":[],"jetpack_shortlink":"https:\/\/wp.me\/pcezmW-haz","jetpack_sharing_enabled":true,"jetpack_featured_media_url":"https:\/\/algarve7.pt\/wp-content\/uploads\/2026\/08\/CCDR-na-Fatacil-22-08-2026-17.jpg","_links":{"self":[{"href":"https:\/\/algarve7.pt\/index.php\/wp-json\/wp\/v2\/posts\/66003","targetHints":{"allow":["GET"]}}],"collection":[{"href":"https:\/\/algarve7.pt\/index.php\/wp-json\/wp\/v2\/posts"}],"about":[{"href":"https:\/\/algarve7.pt\/index.php\/wp-json\/wp\/v2\/types\/post"}],"author":[{"embeddable":true,"href":"https:\/\/algarve7.pt\/index.php\/wp-json\/wp\/v2\/users\/1"}],"replies":[{"embeddable":true,"href":"https:\/\/algarve7.pt\/index.php\/wp-json\/wp\/v2\/comments?post=66003"}],"version-history":[{"count":1,"href":"https:\/\/algarve7.pt\/index.php\/wp-json\/wp\/v2\/posts\/66003\/revisions"}],"predecessor-version":[{"id":66005,"href":"https:\/\/algarve7.pt\/index.php\/wp-json\/wp\/v2\/posts\/66003\/revisions\/66005"}],"wp:featuredmedia":[{"embeddable":true,"href":"https:\/\/algarve7.pt\/index.php\/wp-json\/wp\/v2\/media\/66004"}],"wp:attachment":[{"href":"https:\/\/algarve7.pt\/index.php\/wp-json\/wp\/v2\/media?parent=66003"}],"wp:term":[{"taxonomy":"category","embeddable":true,"href":"https:\/\/algarve7.pt\/index.php\/wp-json\/wp\/v2\/categories?post=66003"},{"taxonomy":"post_tag","embeddable":true,"href":"https:\/\/algarve7.pt\/index.php\/wp-json\/wp\/v2\/tags?post=66003"}],"curies":[{"name":"wp","href":"https:\/\/api.w.org\/{rel}","templated":true}]}}