{"id":65985,"date":"2026-08-31T12:29:12","date_gmt":"2026-08-31T11:29:12","guid":{"rendered":"https:\/\/algarve7.pt\/?p=65985"},"modified":"2026-08-31T12:29:18","modified_gmt":"2026-08-31T11:29:18","slug":"o-lapis-azul-cruza-continentes","status":"publish","type":"post","link":"https:\/\/algarve7.pt\/index.php\/2026\/08\/o-lapis-azul-cruza-continentes\/cultura\/12\/29\/","title":{"rendered":"O L\u00e1pis Azul cruza continentes"},"content":{"rendered":"\n<p class=\"wp-block-paragraph\">O livro infantojuvenil&nbsp;<em>O L\u00e1pis Azul<\/em>, da autoria de Laurinda Aguiar da Silva, lan\u00e7ado em Portugal em julho de 2025 pelas edi\u00e7\u00f5es Vieira da Silva, atravessou o Atl\u00e2ntico e foi recentemente apresentado em diferentes espa\u00e7os acad\u00e9micos, culturais e educativos do Rio de Janeiro, onde serviu de ponto de partida para sess\u00f5es de leitura e reflex\u00e3o em torno do<em>&nbsp;<\/em>poder das palavras, da liberdade de express\u00e3o e do pensamento cr\u00edtico e filos\u00f3fico.<\/p>\n\n\n\n<p class=\"wp-block-paragraph\">A passagem pelo Brasil incluiu a presen\u00e7a no XIII Col\u00f3quio Internacional de Filosofia e Educa\u00e7\u00e3o (CIFE), encontro dedicado \u00e0 investiga\u00e7\u00e3o em Filosofia e \u00e0 sua rela\u00e7\u00e3o com as inf\u00e2ncias, bem como sess\u00f5es destinadas ao p\u00fablico mais novo, na Biblioteca Maria Mazzetti (Funda\u00e7\u00e3o Casa de Rui Barbosa), e na livraria Instante do Leitor.<\/p>\n\n\n\n<p class=\"wp-block-paragraph\">O livro esteve tamb\u00e9m presente no Programa de P\u00f3s-Gradua\u00e7\u00e3o em Filosofia e Ensino do Centro Federal de Educa\u00e7\u00e3o Tecnol\u00f3gica Celso Suckow da Fonseca (CEFET\/RJ), motivando um encontro com estudantes e docentes e permitindo aprofundar a discuss\u00e3o sobre as potencialidades da literatura infantojuvenil enquanto caminho para o questionamento, di\u00e1logo e constru\u00e7\u00e3o de pensamento.<\/p>\n\n\n\n<p class=\"wp-block-paragraph\">O p\u00e9riplo brasileiro terminou a 13 de agosto, com uma apresenta\u00e7\u00e3o na Universidade Federal Rural do Rio de Janeiro (UFRRJ),numa sess\u00e3o intitulada \u00abConversa Filos\u00f3fica: uma hist\u00f3ria, v\u00e1rias perguntas e o ensino de Filosofia para Crian\u00e7as\u00bb. A iniciativa reuniu estudantes de Pedagogia e Filosofia, educadores e investigadores, bem como integrantes dos grupos Os Fil\u00f3sofos Mirins e Laborat\u00f3rio Pr\u00e1xis Filos\u00f3fica, dedicados \u00e0 pr\u00e1tica e investiga\u00e7\u00e3o em Filosofia com Crian\u00e7as, sob coordena\u00e7\u00e3o de Liliane Sanchez.<\/p>\n\n\n\n<p class=\"wp-block-paragraph\">Para a Professora titular da UFRRJ, \u201cesta obra constitui uma ferramenta particularmente estimulante para o di\u00e1logo com o p\u00fablico infantil\u201d. Licenciada em Filosofia, doutorada em Educa\u00e7\u00e3o pela Universidade do Estado do Rio de Janeiro (UERJ) e com um trabalho ligado ao desenvolvimento e coordena\u00e7\u00e3o de projetos de extens\u00e3o nas \u00e1reas da Filosofia com Crian\u00e7as e da filosofia integrada ao quotidiano, Liliane Sanchez considera&nbsp;<em>O L\u00e1pis Azul<\/em>&nbsp;\u201cum texto provocativo\u201d. \u201cO seu conte\u00fado estimula a reflex\u00e3o do p\u00fablico infantil, e tem um potencial cr\u00edtico referente aos tempos de outrora e \u00e0 atualidade, em que o tema da liberdade de express\u00e3o, atrav\u00e9s do seu oposto \u2014 a censura \u2014, se faz presente e nos convida \u00e0 urg\u00eancia de debates sobre democracia, contemporaneidade, realidade, p\u00f3s-verdade e as cores do futuro que queremos desenhar\u201d, refere.<\/p>\n\n\n\n<p class=\"wp-block-paragraph\"><strong>Da express\u00e3o portuguesa \u00e0 reflex\u00e3o universal<\/strong><\/p>\n\n\n\n<p class=\"wp-block-paragraph\">Partindo da express\u00e3o idiom\u00e1tica portuguesa \u00abl\u00e1pis azul\u00bb, associada \u00e0 censura, a obra tem encontrado no contexto brasileiro um terreno f\u00e9rtil para diferentes interpreta\u00e7\u00f5es e debates.<\/p>\n\n\n\n<p class=\"wp-block-paragraph\">Ao longo das apresenta\u00e7\u00f5es, suscitou reflex\u00f5es n\u00e3o apenas sobre a censura enquanto fen\u00f3meno hist\u00f3rico e pol\u00edtico, mas tamb\u00e9m sobre as suas manifesta\u00e7\u00f5es contempor\u00e2neas e sobre os mecanismos atrav\u00e9s dos quais determinadas ideias, vozes ou formas de conhecimento podem ser silenciadas.<\/p>\n\n\n\n<p class=\"wp-block-paragraph\">Entre os temas levantados estiveram a crescente digitaliza\u00e7\u00e3o enquanto forma privilegiada \u2014 e, por vezes, \u00fanica \u2014 de acesso \u00e0 informa\u00e7\u00e3o e ao conhecimento, as consequ\u00eancias dessa transforma\u00e7\u00e3o, a possibilidade de crit\u00e9rios demasiado estreitos de racionalidade acabarem por excluir determinadas vozes ou formas de express\u00e3o do campo do que \u00e9 reconhecido como pensamento filos\u00f3fico ou a import\u00e2ncia da pergunta no crescimento transformacional de cada um.&nbsp;<\/p>\n\n\n\n<p class=\"wp-block-paragraph\">A autora conclui que a experi\u00eancia&nbsp;<em>no pa\u00eds da Tropic\u00e1lia<\/em>&nbsp;demonstrou a capacidade da obra para gerar diferentes olhares e estimular o di\u00e1logo entre p\u00fablicos de idades e forma\u00e7\u00f5es distintas: \u201c<em>O L\u00e1pis Azul&nbsp;<\/em>tem provocado reflex\u00f5es sobre muitos temas, quer entre investigadores universit\u00e1rios, quer entre os investigadores graduados, precisamente pela sua pouca idade.\u201d&nbsp;<\/p>\n\n\n\n<p class=\"wp-block-paragraph\"><strong>Um l\u00e1pis para ler e tocar<\/strong><\/p>\n\n\n\n<p class=\"wp-block-paragraph\">Um dos momentos mais marcantes dos encontros com o p\u00fablico infantil foi a possibilidade de contactar fisicamente com Ol\u00edmpico, o l\u00e1pis azul que acompanha a obra, produzido pela hist\u00f3rica marca portuguesa Viarco.<\/p>\n\n\n\n<p class=\"wp-block-paragraph\">A presen\u00e7a do l\u00e1pis enquanto objeto concreto despertou a curiosidade e o fasc\u00ednio de crian\u00e7as e adultos, refor\u00e7ando uma das dimens\u00f5es centrais do projeto: partir de um objeto, de uma hist\u00f3ria e de uma express\u00e3o da l\u00edngua portuguesa para abrir espa\u00e7o \u00e0 pergunta, \u00e0 imagina\u00e7\u00e3o e ao pensamento cr\u00edtico.<\/p>\n\n\n\n<p class=\"wp-block-paragraph\">A viagem de&nbsp;<em>O L\u00e1pis Azul<\/em>&nbsp;ao Brasil revelou, assim, a capacidade de uma obra nascida num contexto portugu\u00eas para estabelecer pontes com diferentes p\u00fablicos e contextos culturais, mantendo no centro quest\u00f5es sempre atuais: quem tem voz e \u00e9 escutado, quem decide o que pode ser dito, o que significa censurar e como podemos preservar a liberdade de pensar e de nos expressarmos.<\/p>\n","protected":false},"excerpt":{"rendered":"<p>O livro infantojuvenil&nbsp;O L\u00e1pis Azul, da autoria de Laurinda Aguiar da Silva, lan\u00e7ado em Portugal em julho de 2025 pelas<\/p>\n","protected":false},"author":1,"featured_media":65986,"comment_status":"closed","ping_status":"closed","sticky":false,"template":"","format":"standard","meta":{"colormag_page_container_layout":"default_layout","colormag_page_sidebar_layout":"default_layout","_monsterinsights_skip_tracking":false,"_jetpack_newsletter_access":"","_jetpack_dont_email_post_to_subs":false,"_jetpack_newsletter_tier_id":0,"_jetpack_memberships_contains_paywalled_content":false,"_jetpack_feature_clip_id":0,"_jetpack_memberships_contains_paid_content":false,"footnotes":"","jetpack_publicize_message":"","jetpack_publicize_feature_enabled":true,"jetpack_social_post_already_shared":true,"jetpack_social_options":{"image_generator_settings":{"template":"highway","default_image_id":0,"font":"","enabled":false},"version":2},"jetpack_post_was_ever_published":false},"categories":[14],"tags":[36,35],"class_list":["post-65985","post","type-post","status-publish","format-standard","has-post-thumbnail","hentry","category-cultura","tag-algarve","tag-cultura"],"yoast_head":"<!-- This site is optimized with the Yoast SEO plugin v28.3 - https:\/\/yoast.com\/product\/yoast-seo-wordpress\/ -->\n<title>O L\u00e1pis Azul cruza continentes - Algarve 7<\/title>\n<meta name=\"description\" content=\"O L\u00e1pis Azul cruza continentes Cultura\" \/>\n<meta name=\"robots\" content=\"index, follow, max-snippet:-1, max-image-preview:large, max-video-preview:-1\" \/>\n<link rel=\"canonical\" href=\"https:\/\/algarve7.pt\/index.php\/2026\/08\/o-lapis-azul-cruza-continentes\/cultura\/12\/29\/\" \/>\n<meta property=\"og:locale\" content=\"pt_PT\" \/>\n<meta property=\"og:type\" content=\"article\" \/>\n<meta property=\"og:title\" content=\"O L\u00e1pis Azul cruza continentes - Algarve 7\" \/>\n<meta property=\"og:description\" content=\"O L\u00e1pis Azul cruza continentes Cultura\" \/>\n<meta property=\"og:url\" content=\"https:\/\/algarve7.pt\/index.php\/2026\/08\/o-lapis-azul-cruza-continentes\/cultura\/12\/29\/\" \/>\n<meta property=\"og:site_name\" content=\"Algarve 7\" \/>\n<meta property=\"article:publisher\" content=\"https:\/\/www.facebook.com\/algarve7\" \/>\n<meta property=\"article:author\" content=\"https:\/\/www.facebook.com\/algarve7\" \/>\n<meta property=\"article:published_time\" content=\"2026-08-31T11:29:12+00:00\" \/>\n<meta property=\"article:modified_time\" content=\"2026-08-31T11:29:18+00:00\" \/>\n<meta property=\"og:image\" content=\"https:\/\/algarve7.pt\/wp-content\/uploads\/2026\/08\/OLapis_Brasil_2.jpg\" \/>\n\t<meta property=\"og:image:width\" content=\"1024\" \/>\n\t<meta property=\"og:image:height\" content=\"600\" \/>\n\t<meta property=\"og:image:type\" content=\"image\/jpeg\" \/>\n<meta name=\"author\" content=\"Algarve 7\" \/>\n<meta name=\"twitter:card\" content=\"summary_large_image\" \/>\n<meta name=\"twitter:creator\" content=\"@Algarvesete\" \/>\n<meta name=\"twitter:site\" content=\"@Algarvesete\" \/>\n<meta name=\"twitter:label1\" content=\"Escrito por\" \/>\n\t<meta name=\"twitter:data1\" content=\"Algarve 7\" \/>\n\t<meta name=\"twitter:label2\" content=\"Tempo estimado de leitura\" \/>\n\t<meta name=\"twitter:data2\" content=\"5 minutos\" \/>\n<script type=\"application\/ld+json\" class=\"yoast-schema-graph\">{\"@context\":\"https:\\\/\\\/schema.org\",\"@graph\":[{\"@type\":\"Article\",\"@id\":\"https:\\\/\\\/algarve7.pt\\\/index.php\\\/2026\\\/08\\\/o-lapis-azul-cruza-continentes\\\/cultura\\\/12\\\/29\\\/#article\",\"isPartOf\":{\"@id\":\"https:\\\/\\\/algarve7.pt\\\/index.php\\\/2026\\\/08\\\/o-lapis-azul-cruza-continentes\\\/cultura\\\/12\\\/29\\\/\"},\"author\":{\"name\":\"Algarve 7\",\"@id\":\"https:\\\/\\\/algarve7.pt\\\/#\\\/schema\\\/person\\\/23fa70681308e7b319a3204bcea45e0c\"},\"headline\":\"O L\u00e1pis Azul cruza continentes\",\"datePublished\":\"2026-08-31T11:29:12+00:00\",\"dateModified\":\"2026-08-31T11:29:18+00:00\",\"mainEntityOfPage\":{\"@id\":\"https:\\\/\\\/algarve7.pt\\\/index.php\\\/2026\\\/08\\\/o-lapis-azul-cruza-continentes\\\/cultura\\\/12\\\/29\\\/\"},\"wordCount\":831,\"publisher\":{\"@id\":\"https:\\\/\\\/algarve7.pt\\\/#organization\"},\"image\":{\"@id\":\"https:\\\/\\\/algarve7.pt\\\/index.php\\\/2026\\\/08\\\/o-lapis-azul-cruza-continentes\\\/cultura\\\/12\\\/29\\\/#primaryimage\"},\"thumbnailUrl\":\"https:\\\/\\\/algarve7.pt\\\/wp-content\\\/uploads\\\/2026\\\/08\\\/OLapis_Brasil_2.jpg\",\"keywords\":[\"Algarve\",\"Cultura\"],\"articleSection\":[\"Cultura\"],\"inLanguage\":\"pt-PT\"},{\"@type\":\"WebPage\",\"@id\":\"https:\\\/\\\/algarve7.pt\\\/index.php\\\/2026\\\/08\\\/o-lapis-azul-cruza-continentes\\\/cultura\\\/12\\\/29\\\/\",\"url\":\"https:\\\/\\\/algarve7.pt\\\/index.php\\\/2026\\\/08\\\/o-lapis-azul-cruza-continentes\\\/cultura\\\/12\\\/29\\\/\",\"name\":\"O L\u00e1pis Azul cruza continentes - Algarve 7\",\"isPartOf\":{\"@id\":\"https:\\\/\\\/algarve7.pt\\\/#website\"},\"primaryImageOfPage\":{\"@id\":\"https:\\\/\\\/algarve7.pt\\\/index.php\\\/2026\\\/08\\\/o-lapis-azul-cruza-continentes\\\/cultura\\\/12\\\/29\\\/#primaryimage\"},\"image\":{\"@id\":\"https:\\\/\\\/algarve7.pt\\\/index.php\\\/2026\\\/08\\\/o-lapis-azul-cruza-continentes\\\/cultura\\\/12\\\/29\\\/#primaryimage\"},\"thumbnailUrl\":\"https:\\\/\\\/algarve7.pt\\\/wp-content\\\/uploads\\\/2026\\\/08\\\/OLapis_Brasil_2.jpg\",\"datePublished\":\"2026-08-31T11:29:12+00:00\",\"dateModified\":\"2026-08-31T11:29:18+00:00\",\"description\":\"O L\u00e1pis Azul cruza continentes Cultura\",\"breadcrumb\":{\"@id\":\"https:\\\/\\\/algarve7.pt\\\/index.php\\\/2026\\\/08\\\/o-lapis-azul-cruza-continentes\\\/cultura\\\/12\\\/29\\\/#breadcrumb\"},\"inLanguage\":\"pt-PT\",\"potentialAction\":[{\"@type\":\"ReadAction\",\"target\":[\"https:\\\/\\\/algarve7.pt\\\/index.php\\\/2026\\\/08\\\/o-lapis-azul-cruza-continentes\\\/cultura\\\/12\\\/29\\\/\"]}]},{\"@type\":\"ImageObject\",\"inLanguage\":\"pt-PT\",\"@id\":\"https:\\\/\\\/algarve7.pt\\\/index.php\\\/2026\\\/08\\\/o-lapis-azul-cruza-continentes\\\/cultura\\\/12\\\/29\\\/#primaryimage\",\"url\":\"https:\\\/\\\/algarve7.pt\\\/wp-content\\\/uploads\\\/2026\\\/08\\\/OLapis_Brasil_2.jpg\",\"contentUrl\":\"https:\\\/\\\/algarve7.pt\\\/wp-content\\\/uploads\\\/2026\\\/08\\\/OLapis_Brasil_2.jpg\",\"width\":1024,\"height\":600},{\"@type\":\"BreadcrumbList\",\"@id\":\"https:\\\/\\\/algarve7.pt\\\/index.php\\\/2026\\\/08\\\/o-lapis-azul-cruza-continentes\\\/cultura\\\/12\\\/29\\\/#breadcrumb\",\"itemListElement\":[{\"@type\":\"ListItem\",\"position\":1,\"name\":\"In\u00edcio\",\"item\":\"https:\\\/\\\/algarve7.pt\\\/\"},{\"@type\":\"ListItem\",\"position\":2,\"name\":\"O L\u00e1pis Azul cruza continentes\"}]},{\"@type\":\"WebSite\",\"@id\":\"https:\\\/\\\/algarve7.pt\\\/#website\",\"url\":\"https:\\\/\\\/algarve7.pt\\\/\",\"name\":\"Algarve 7\",\"description\":\"Informa\u00e7\u00e3o sobre o Algarve\",\"publisher\":{\"@id\":\"https:\\\/\\\/algarve7.pt\\\/#organization\"},\"potentialAction\":[{\"@type\":\"SearchAction\",\"target\":{\"@type\":\"EntryPoint\",\"urlTemplate\":\"https:\\\/\\\/algarve7.pt\\\/?s={search_term_string}\"},\"query-input\":{\"@type\":\"PropertyValueSpecification\",\"valueRequired\":true,\"valueName\":\"search_term_string\"}}],\"inLanguage\":\"pt-PT\"},{\"@type\":\"Organization\",\"@id\":\"https:\\\/\\\/algarve7.pt\\\/#organization\",\"name\":\"Algarve 7\",\"url\":\"https:\\\/\\\/algarve7.pt\\\/\",\"logo\":{\"@type\":\"ImageObject\",\"inLanguage\":\"pt-PT\",\"@id\":\"https:\\\/\\\/algarve7.pt\\\/#\\\/schema\\\/logo\\\/image\\\/\",\"url\":\"https:\\\/\\\/algarve7.pt\\\/wp-content\\\/uploads\\\/2020\\\/10\\\/Logo-8.jpg\",\"contentUrl\":\"https:\\\/\\\/algarve7.pt\\\/wp-content\\\/uploads\\\/2020\\\/10\\\/Logo-8.jpg\",\"width\":1680,\"height\":1186,\"caption\":\"Algarve 7\"},\"image\":{\"@id\":\"https:\\\/\\\/algarve7.pt\\\/#\\\/schema\\\/logo\\\/image\\\/\"},\"sameAs\":[\"https:\\\/\\\/www.facebook.com\\\/algarve7\",\"https:\\\/\\\/x.com\\\/Algarvesete\",\"https:\\\/\\\/www.instagram.com\\\/jornalalgarve7\\\/\",\"https:\\\/\\\/www.linkedin.com\\\/company\\\/algarve7\",\"https:\\\/\\\/www.pinterest.pt\\\/geral0939\\\/_created\\\/\"]},{\"@type\":\"Person\",\"@id\":\"https:\\\/\\\/algarve7.pt\\\/#\\\/schema\\\/person\\\/23fa70681308e7b319a3204bcea45e0c\",\"name\":\"Algarve 7\",\"sameAs\":[\"https:\\\/\\\/algarve7.pt\",\"https:\\\/\\\/www.facebook.com\\\/algarve7\"],\"url\":\"https:\\\/\\\/algarve7.pt\\\/index.php\\\/author\\\/geralalgarve7-pt\\\/\"}]}<\/script>\n<!-- \/ Yoast SEO plugin. -->","yoast_head_json":{"title":"O L\u00e1pis Azul cruza continentes - Algarve 7","description":"O L\u00e1pis Azul cruza continentes Cultura","robots":{"index":"index","follow":"follow","max-snippet":"max-snippet:-1","max-image-preview":"max-image-preview:large","max-video-preview":"max-video-preview:-1"},"canonical":"https:\/\/algarve7.pt\/index.php\/2026\/08\/o-lapis-azul-cruza-continentes\/cultura\/12\/29\/","og_locale":"pt_PT","og_type":"article","og_title":"O L\u00e1pis Azul cruza continentes - Algarve 7","og_description":"O L\u00e1pis Azul cruza continentes Cultura","og_url":"https:\/\/algarve7.pt\/index.php\/2026\/08\/o-lapis-azul-cruza-continentes\/cultura\/12\/29\/","og_site_name":"Algarve 7","article_publisher":"https:\/\/www.facebook.com\/algarve7","article_author":"https:\/\/www.facebook.com\/algarve7","article_published_time":"2026-08-31T11:29:12+00:00","article_modified_time":"2026-08-31T11:29:18+00:00","og_image":[{"width":1024,"height":600,"url":"https:\/\/algarve7.pt\/wp-content\/uploads\/2026\/08\/OLapis_Brasil_2.jpg","type":"image\/jpeg"}],"author":"Algarve 7","twitter_card":"summary_large_image","twitter_creator":"@Algarvesete","twitter_site":"@Algarvesete","twitter_misc":{"Escrito por":"Algarve 7","Tempo estimado de leitura":"5 minutos"},"schema":{"@context":"https:\/\/schema.org","@graph":[{"@type":"Article","@id":"https:\/\/algarve7.pt\/index.php\/2026\/08\/o-lapis-azul-cruza-continentes\/cultura\/12\/29\/#article","isPartOf":{"@id":"https:\/\/algarve7.pt\/index.php\/2026\/08\/o-lapis-azul-cruza-continentes\/cultura\/12\/29\/"},"author":{"name":"Algarve 7","@id":"https:\/\/algarve7.pt\/#\/schema\/person\/23fa70681308e7b319a3204bcea45e0c"},"headline":"O L\u00e1pis Azul cruza continentes","datePublished":"2026-08-31T11:29:12+00:00","dateModified":"2026-08-31T11:29:18+00:00","mainEntityOfPage":{"@id":"https:\/\/algarve7.pt\/index.php\/2026\/08\/o-lapis-azul-cruza-continentes\/cultura\/12\/29\/"},"wordCount":831,"publisher":{"@id":"https:\/\/algarve7.pt\/#organization"},"image":{"@id":"https:\/\/algarve7.pt\/index.php\/2026\/08\/o-lapis-azul-cruza-continentes\/cultura\/12\/29\/#primaryimage"},"thumbnailUrl":"https:\/\/algarve7.pt\/wp-content\/uploads\/2026\/08\/OLapis_Brasil_2.jpg","keywords":["Algarve","Cultura"],"articleSection":["Cultura"],"inLanguage":"pt-PT"},{"@type":"WebPage","@id":"https:\/\/algarve7.pt\/index.php\/2026\/08\/o-lapis-azul-cruza-continentes\/cultura\/12\/29\/","url":"https:\/\/algarve7.pt\/index.php\/2026\/08\/o-lapis-azul-cruza-continentes\/cultura\/12\/29\/","name":"O L\u00e1pis Azul cruza continentes - Algarve 7","isPartOf":{"@id":"https:\/\/algarve7.pt\/#website"},"primaryImageOfPage":{"@id":"https:\/\/algarve7.pt\/index.php\/2026\/08\/o-lapis-azul-cruza-continentes\/cultura\/12\/29\/#primaryimage"},"image":{"@id":"https:\/\/algarve7.pt\/index.php\/2026\/08\/o-lapis-azul-cruza-continentes\/cultura\/12\/29\/#primaryimage"},"thumbnailUrl":"https:\/\/algarve7.pt\/wp-content\/uploads\/2026\/08\/OLapis_Brasil_2.jpg","datePublished":"2026-08-31T11:29:12+00:00","dateModified":"2026-08-31T11:29:18+00:00","description":"O L\u00e1pis Azul cruza continentes Cultura","breadcrumb":{"@id":"https:\/\/algarve7.pt\/index.php\/2026\/08\/o-lapis-azul-cruza-continentes\/cultura\/12\/29\/#breadcrumb"},"inLanguage":"pt-PT","potentialAction":[{"@type":"ReadAction","target":["https:\/\/algarve7.pt\/index.php\/2026\/08\/o-lapis-azul-cruza-continentes\/cultura\/12\/29\/"]}]},{"@type":"ImageObject","inLanguage":"pt-PT","@id":"https:\/\/algarve7.pt\/index.php\/2026\/08\/o-lapis-azul-cruza-continentes\/cultura\/12\/29\/#primaryimage","url":"https:\/\/algarve7.pt\/wp-content\/uploads\/2026\/08\/OLapis_Brasil_2.jpg","contentUrl":"https:\/\/algarve7.pt\/wp-content\/uploads\/2026\/08\/OLapis_Brasil_2.jpg","width":1024,"height":600},{"@type":"BreadcrumbList","@id":"https:\/\/algarve7.pt\/index.php\/2026\/08\/o-lapis-azul-cruza-continentes\/cultura\/12\/29\/#breadcrumb","itemListElement":[{"@type":"ListItem","position":1,"name":"In\u00edcio","item":"https:\/\/algarve7.pt\/"},{"@type":"ListItem","position":2,"name":"O L\u00e1pis Azul cruza continentes"}]},{"@type":"WebSite","@id":"https:\/\/algarve7.pt\/#website","url":"https:\/\/algarve7.pt\/","name":"Algarve 7","description":"Informa\u00e7\u00e3o sobre o Algarve","publisher":{"@id":"https:\/\/algarve7.pt\/#organization"},"potentialAction":[{"@type":"SearchAction","target":{"@type":"EntryPoint","urlTemplate":"https:\/\/algarve7.pt\/?s={search_term_string}"},"query-input":{"@type":"PropertyValueSpecification","valueRequired":true,"valueName":"search_term_string"}}],"inLanguage":"pt-PT"},{"@type":"Organization","@id":"https:\/\/algarve7.pt\/#organization","name":"Algarve 7","url":"https:\/\/algarve7.pt\/","logo":{"@type":"ImageObject","inLanguage":"pt-PT","@id":"https:\/\/algarve7.pt\/#\/schema\/logo\/image\/","url":"https:\/\/algarve7.pt\/wp-content\/uploads\/2020\/10\/Logo-8.jpg","contentUrl":"https:\/\/algarve7.pt\/wp-content\/uploads\/2020\/10\/Logo-8.jpg","width":1680,"height":1186,"caption":"Algarve 7"},"image":{"@id":"https:\/\/algarve7.pt\/#\/schema\/logo\/image\/"},"sameAs":["https:\/\/www.facebook.com\/algarve7","https:\/\/x.com\/Algarvesete","https:\/\/www.instagram.com\/jornalalgarve7\/","https:\/\/www.linkedin.com\/company\/algarve7","https:\/\/www.pinterest.pt\/geral0939\/_created\/"]},{"@type":"Person","@id":"https:\/\/algarve7.pt\/#\/schema\/person\/23fa70681308e7b319a3204bcea45e0c","name":"Algarve 7","sameAs":["https:\/\/algarve7.pt","https:\/\/www.facebook.com\/algarve7"],"url":"https:\/\/algarve7.pt\/index.php\/author\/geralalgarve7-pt\/"}]}},"jetpack_publicize_connections":[],"jetpack_shortlink":"https:\/\/wp.me\/pcezmW-hah","jetpack_sharing_enabled":true,"jetpack_featured_media_url":"https:\/\/algarve7.pt\/wp-content\/uploads\/2026\/08\/OLapis_Brasil_2.jpg","_links":{"self":[{"href":"https:\/\/algarve7.pt\/index.php\/wp-json\/wp\/v2\/posts\/65985","targetHints":{"allow":["GET"]}}],"collection":[{"href":"https:\/\/algarve7.pt\/index.php\/wp-json\/wp\/v2\/posts"}],"about":[{"href":"https:\/\/algarve7.pt\/index.php\/wp-json\/wp\/v2\/types\/post"}],"author":[{"embeddable":true,"href":"https:\/\/algarve7.pt\/index.php\/wp-json\/wp\/v2\/users\/1"}],"replies":[{"embeddable":true,"href":"https:\/\/algarve7.pt\/index.php\/wp-json\/wp\/v2\/comments?post=65985"}],"version-history":[{"count":1,"href":"https:\/\/algarve7.pt\/index.php\/wp-json\/wp\/v2\/posts\/65985\/revisions"}],"predecessor-version":[{"id":65987,"href":"https:\/\/algarve7.pt\/index.php\/wp-json\/wp\/v2\/posts\/65985\/revisions\/65987"}],"wp:featuredmedia":[{"embeddable":true,"href":"https:\/\/algarve7.pt\/index.php\/wp-json\/wp\/v2\/media\/65986"}],"wp:attachment":[{"href":"https:\/\/algarve7.pt\/index.php\/wp-json\/wp\/v2\/media?parent=65985"}],"wp:term":[{"taxonomy":"category","embeddable":true,"href":"https:\/\/algarve7.pt\/index.php\/wp-json\/wp\/v2\/categories?post=65985"},{"taxonomy":"post_tag","embeddable":true,"href":"https:\/\/algarve7.pt\/index.php\/wp-json\/wp\/v2\/tags?post=65985"}],"curies":[{"name":"wp","href":"https:\/\/api.w.org\/{rel}","templated":true}]}}