{"id":65975,"date":"2026-08-31T10:52:01","date_gmt":"2026-08-31T09:52:01","guid":{"rendered":"https:\/\/algarve7.pt\/?p=65975"},"modified":"2026-08-31T10:52:07","modified_gmt":"2026-08-31T09:52:07","slug":"criatividade-jovem-e-o-primeiro-projeto-do-opj-portimao-2025-26-a-avancar-a-partir-de-setembro","status":"publish","type":"post","link":"https:\/\/algarve7.pt\/index.php\/2026\/08\/criatividade-jovem-e-o-primeiro-projeto-do-opj-portimao-2025-26-a-avancar-a-partir-de-setembro\/atualidade\/10\/52\/","title":{"rendered":"Criatividade Jovem \u00e9 o primeiro projeto do OPJ Portim\u00e3o 2025-26 a avan\u00e7ar a partir de setembro"},"content":{"rendered":"\n<p class=\"wp-block-paragraph\">Num m\u00eas em que o Munic\u00edpio de Portim\u00e3o se prepara para lan\u00e7ar a terceira edi\u00e7\u00e3o do Or\u00e7amento Participativo Jovem (OPJ) Portim\u00e3o, \u00e9 implementado, em paralelo, a partir do dia 7 de setembro, o projeto Criatividade Jovem, um dos quatro vencedores da edi\u00e7\u00e3o 2025-26.<\/p>\n\n\n\n<p class=\"wp-block-paragraph\">Apresentado por L\u00edgia Fernandes, estudante com 17 anos de idade, o projeto Criatividade Jovem inicia-se no dia 7 de setembro e prolonga-se at\u00e9 17 de abril de 2027, com um conjunto de nove atividades que v\u00e3o ter lugar no Lugar do Rio &#8211; Espa\u00e7o Jovem Portim\u00e3o, no Parque de Feiras e Exposi\u00e7\u00f5es.<\/p>\n\n\n\n<p class=\"wp-block-paragraph\">Na base deste projeto, que durante a segunda edi\u00e7\u00e3o do OPJ Portim\u00e3o mereceu 356 votos e avan\u00e7a agora para a fase de implementa\u00e7\u00e3o, est\u00e1 a cria\u00e7\u00e3o de um espa\u00e7o dedicado a experi\u00eancias pr\u00e1ticas e criativas, que permitam aos jovens a oportunidade de aprender artes e of\u00edcios manuais em diversas \u00e1reas.<\/p>\n\n\n\n<p class=\"wp-block-paragraph\"><strong>Criatividade Jovem arranca com linogravura&nbsp;<\/strong><\/p>\n\n\n\n<p class=\"wp-block-paragraph\">O pontap\u00e9 de sa\u00edda do projeto Criatividade Jovem ter\u00e1 lugar de 7 a 11 de setembro, entre as 14h30 e as 18h30, com um atelier de linogravura.<\/p>\n\n\n\n<p class=\"wp-block-paragraph\">Esta primeira sess\u00e3o ser\u00e1 dinamizada por Beatriz Aboim, jovem artista pl\u00e1stica e escultora, nascida em 2002 e residente em Lisboa, licenciada e mestre em Escultura pela Faculdade de Belas-Artes da Universidade de Lisboa, cujo trabalho se centra em explorar a rela\u00e7\u00e3o entre a natureza, o corpo humano, o sagrado e o simb\u00f3lico. No seu portf\u00f3lio destaca-se a cria\u00e7\u00e3o de esculturas inovadoras em madeira e biopl\u00e1sticos, aproveitando desperd\u00edcios como serradura.<\/p>\n\n\n\n<p class=\"wp-block-paragraph\">Apesar de jovem, no seu percurso, constam j\u00e1 a exposi\u00e7\u00e3o individual \u201c\u00c2mago\u201d, apresentada no F\u00f3rum Grandela (Lisboa), as participa\u00e7\u00f5es em mostras coletivas nacionais \u201cQuantos Queres\u201d (Brandoa, 2025) e \u201cArte e Natureza\u201d (Proen\u00e7a-a-Nova, 2024) e as exposi\u00e7\u00f5es coletivas internacionais \u201cGentrificac\u00edon. El depredador en el laborat\u00f3rio del arte\u201d (Salamanca, 2025) e \u201c(In)tangible\u201d (Florence, 2024).<\/p>\n\n\n\n<p class=\"wp-block-paragraph\">Estar\u00e1 em Portim\u00e3o, entre 7 e 11 de setembro, para guiar os participantes, com ou sem experi\u00eancia pr\u00e9via na \u00e1rea da linogravura, atrav\u00e9s das diferentes etapas desta t\u00e9cnica, permitindo que os inscritos criem as suas pr\u00f3prias impress\u00f5es.<\/p>\n\n\n\n<p class=\"wp-block-paragraph\">Durante cinco dias, e aproveitando ainda os \u00faltimos momentos de tempo livre antes do regresso \u00e0s aulas, o workshop abordar\u00e1 as diferentes fases do processo criativo, desde o brainstorming e planeamento da composi\u00e7\u00e3o, \u00e0 defini\u00e7\u00e3o de zonas claro-escuro, manuseamento de goivas e outras ferramentas, at\u00e9, por fim, \u00e0 impress\u00e3o em papel e tecido. No final, cada aluno ficar\u00e1 com a sua matriz (bloco de lin\u00f3leo), as impress\u00f5es e uma totebag personalizada com as suas cria\u00e7\u00f5es.&nbsp;<\/p>\n\n\n\n<p class=\"wp-block-paragraph\">A linogravura ser\u00e1, por\u00e9m, apenas a primeira arte a explorar pelos jovens, pois est\u00e3o ainda previstos para os pr\u00f3ximos meses do projeto Criatividade Jovem um atelier de costura (10 de outubro), um workshop de biscuit (21 de outubro), outro de macram\u00e9 (28 de novembro), de gesso perfumado (12 de dezembro), costura criativa (16 de janeiro), pintura em tecido (20 de fevereiro), amigurumi (13 de mar\u00e7o) e resina UV (17 de abril).<\/p>\n\n\n\n<p class=\"wp-block-paragraph\">Aberto a jovens dos 12 aos 30 anos, todos as a\u00e7\u00f5es integradas no projeto Criatividade Jovem est\u00e3o limitados a 12 vagas e t\u00eam inscri\u00e7\u00e3o gratuita, que pode ser efetuada atrav\u00e9s do email&nbsp;<a href=\"mailto:juventude@cm-portimao.pt#inbox\/_blank\">juventude@cm-portimao.pt<\/a>.&nbsp;Mais informa\u00e7\u00f5es e esclarecimentos podem ser obtidos atrav\u00e9s dos contactos 282248510\/519\/566.&nbsp;<\/p>\n\n\n\n<p class=\"wp-block-paragraph\"><strong>Minimundo &#8211; Educa\u00e7\u00e3o em A\u00e7\u00e3o tamb\u00e9m j\u00e1 tem data<\/strong><\/p>\n\n\n\n<p class=\"wp-block-paragraph\">No \u00e2mbito da segunda edi\u00e7\u00e3o do OPJ Portim\u00e3o, est\u00e3o tamb\u00e9m a avan\u00e7ar os outros projetos vencedores, com os autores a decidir, em conjunto e com o apoio dos servi\u00e7os da autarquia, o desenvolvimento das ideias para concretiz\u00e1-las dentro do calend\u00e1rio previsto. \u00c9 o caso da iniciativa Minimundo \u2013 Educa\u00e7\u00e3o em A\u00e7\u00e3o, que conquistou 420 votos e foi o mais votado na edi\u00e7\u00e3o 2025-26.<\/p>\n\n\n\n<p class=\"wp-block-paragraph\">A ter lugar no Portim\u00e3o Arena, j\u00e1 foram definidas as datas de 29 e 30 de janeiro de 2027. Ser\u00e1 um evento que preserva e celebra os direitos das crian\u00e7as, com foco na igualdade, sa\u00fade, seguran\u00e7a e liberdade de express\u00e3o, princ\u00edpios da UNICEF, atrav\u00e9s de atividades l\u00fadicas e workshops destinados a fam\u00edlias, pais, tutores e encarregados de educa\u00e7\u00e3o, sobre comunica\u00e7\u00e3o, bem-estar e preven\u00e7\u00e3o de conflitos.&nbsp;<\/p>\n\n\n\n<p class=\"wp-block-paragraph\">Por sua vez, a cria\u00e7\u00e3o de um espa\u00e7o de e-Sport, que obteve 409 votos, entrou na fase de pedido de or\u00e7amentos dos equipamentos, mas j\u00e1 est\u00e1 estipulado que ser\u00e1 implementado no Lugar do Rio \u2013 Espa\u00e7o Jovem Portim\u00e3o. O projeto dedicado aos desportos eletr\u00f3nicos e videojogos dirige-se a jovens, tendo como objetivo promover a inclus\u00e3o, o conv\u00edvio saud\u00e1vel e o desenvolvimento de compet\u00eancias digitais e sociais.<\/p>\n\n\n\n<p class=\"wp-block-paragraph\">J\u00e1 o projeto das Ciclovias Escolares, que conquistou 385 votos, foi integrado num projeto municipal de ciclovias que entrou em processo de elabora\u00e7\u00e3o t\u00e9cnica. A candidatura apresentada defende que deve ser garantida uma circula\u00e7\u00e3o mais segura e aut\u00f3noma dos jovens no trajeto para as escolas, com recurso a vias espec\u00edficas de mobilidade suave, incentivando simultaneamente h\u00e1bitos de mobilidade mais saud\u00e1veis e sustent\u00e1veis.<\/p>\n\n\n\n<p class=\"wp-block-paragraph\"><strong>Terceira edi\u00e7\u00e3o ser\u00e1 lan\u00e7ada em setembro&nbsp;<\/strong><\/p>\n\n\n\n<p class=\"wp-block-paragraph\">A juventude continua a ser uma forte aposta do Munic\u00edpio de Portim\u00e3o em diversas dimens\u00f5es e, sobretudo na sua inclus\u00e3o no processo de decis\u00e3o da vida em sociedade para melhorar a qualidade de vida e o bem-estar da popula\u00e7\u00e3o em geral. Tendo em conta a import\u00e2ncia da participa\u00e7\u00e3o na democracia local, a C\u00e2mara Municipal vai lan\u00e7ar, na segunda quinzena de setembro, a terceira edi\u00e7\u00e3o do OPJ Portim\u00e3o 2026-27, com algumas novidades, e apelando \u00e0 participa\u00e7\u00e3o dos mais novos.<\/p>\n\n\n\n<p class=\"wp-block-paragraph\">Recorde-se que o Or\u00e7amento Participativo Jovem estreou-se em Portim\u00e3o em 2024, num processo de apresenta\u00e7\u00e3o, escolha e sele\u00e7\u00e3o de ideias apresentadas pelos jovens para os seus pares.<\/p>\n\n\n\n<p class=\"wp-block-paragraph\">Em mar\u00e7o de 2025 foram divulgados os quatro projetos vencedores dessa edi\u00e7\u00e3o, dos quais j\u00e1 foram concretizados a \u201cSuprime Feira Culin\u00e1ria e Cultural\u201d, em outubro de 2025, e o \u201cFam\u00edlias em Movimento\u201d, com diversas sess\u00f5es entre novembro de 2025 e junho de 2026.<\/p>\n\n\n\n<p class=\"wp-block-paragraph\">Prev\u00ea-se que, em outubro deste ano, sejam ainda inaugurados os outros dois projetos vencedores dessa primeira edi\u00e7\u00e3o, at\u00e9 porque est\u00e3o a ser finalizados os trabalhos necess\u00e1rios para a sua concretiza\u00e7\u00e3o.<\/p>\n\n\n\n<p class=\"wp-block-paragraph\">Um dos selecionados foi a instala\u00e7\u00e3o de bebedouros p\u00fablicos em diferentes locais das tr\u00eas freguesias, escolhidos pelos proponentes da candidatura, e o outro \u00e9 o Portim\u00e3o Parkour Park, que ser\u00e1 instalado no Parque de Feiras e Exposi\u00e7\u00f5es, junto ao Lugar do rio &#8211; Espa\u00e7o Jovem Portim\u00e3o, e cujos materiais necess\u00e1rios j\u00e1 foram adquiridos e devem ser colocados ap\u00f3s o t\u00e9rmino do nivelamento de piso que est\u00e1 a decorrer.<\/p>\n\n\n\n<p class=\"wp-block-paragraph\">Com uma primeira edi\u00e7\u00e3o prestes a ser finalizada em pleno, a segunda edi\u00e7\u00e3o come\u00e7a a entrar na fase de implementa\u00e7\u00e3o, estando j\u00e1 a ser planeado o lan\u00e7amento de uma nova edi\u00e7\u00e3o, em setembro, com um novo calend\u00e1rio, onde s\u00e3o esperadas mais candidaturas e ideias dos jovens residentes em Portim\u00e3o.<\/p>\n\n\n\n<p class=\"wp-block-paragraph\">Neste contexto, recorde-se tamb\u00e9m que a C\u00e2mara Municipal disponibilizou em cada uma das edi\u00e7\u00f5es anteriores, um total de cem mil euros por ano, distribu\u00eddo equitativamente por cada um dos projetos vencedores, num investimento que representa a forte aposta em dar resposta \u00e0s principais preocupa\u00e7\u00f5es dos jovens, ao mesmo tempo, que os envolve na participa\u00e7\u00e3o p\u00fablica do concelho, valorizando-os e chamando-os ao processo de decis\u00e3o democr\u00e1tica.<\/p>\n","protected":false},"excerpt":{"rendered":"<p>Num m\u00eas em que o Munic\u00edpio de Portim\u00e3o se prepara para lan\u00e7ar a terceira edi\u00e7\u00e3o do Or\u00e7amento Participativo Jovem (OPJ)<\/p>\n","protected":false},"author":1,"featured_media":65976,"comment_status":"closed","ping_status":"closed","sticky":false,"template":"","format":"standard","meta":{"colormag_page_container_layout":"default_layout","colormag_page_sidebar_layout":"default_layout","_monsterinsights_skip_tracking":false,"_jetpack_newsletter_access":"","_jetpack_dont_email_post_to_subs":false,"_jetpack_newsletter_tier_id":0,"_jetpack_memberships_contains_paywalled_content":false,"_jetpack_feature_clip_id":0,"_jetpack_memberships_contains_paid_content":false,"footnotes":"","jetpack_publicize_message":"","jetpack_publicize_feature_enabled":true,"jetpack_social_post_already_shared":true,"jetpack_social_options":{"image_generator_settings":{"template":"highway","default_image_id":0,"font":"","enabled":false},"version":2},"jetpack_post_was_ever_published":false},"categories":[11],"tags":[36,62,72],"class_list":["post-65975","post","type-post","status-publish","format-standard","has-post-thumbnail","hentry","category-atualidade","tag-algarve","tag-atualidade","tag-portimao"],"yoast_head":"<!-- This site is optimized with the Yoast SEO plugin v28.3 - https:\/\/yoast.com\/product\/yoast-seo-wordpress\/ -->\n<title>Criatividade Jovem \u00e9 o primeiro projeto do OPJ Portim\u00e3o 2025-26 a avan\u00e7ar a partir de setembro - Algarve 7<\/title>\n<meta name=\"description\" content=\"Criatividade Jovem \u00e9 o primeiro projeto do OPJ Portim\u00e3o 2025-26 a avan\u00e7ar a partir de setembro Atualidade\" \/>\n<meta name=\"robots\" content=\"index, follow, max-snippet:-1, max-image-preview:large, max-video-preview:-1\" \/>\n<link rel=\"canonical\" href=\"https:\/\/algarve7.pt\/index.php\/2026\/08\/criatividade-jovem-e-o-primeiro-projeto-do-opj-portimao-2025-26-a-avancar-a-partir-de-setembro\/atualidade\/10\/52\/\" \/>\n<meta property=\"og:locale\" content=\"pt_PT\" \/>\n<meta property=\"og:type\" content=\"article\" \/>\n<meta property=\"og:title\" content=\"Criatividade Jovem \u00e9 o primeiro projeto do OPJ Portim\u00e3o 2025-26 a avan\u00e7ar a partir de setembro - Algarve 7\" \/>\n<meta property=\"og:description\" content=\"Criatividade Jovem \u00e9 o primeiro projeto do OPJ Portim\u00e3o 2025-26 a avan\u00e7ar a partir de setembro Atualidade\" \/>\n<meta property=\"og:url\" content=\"https:\/\/algarve7.pt\/index.php\/2026\/08\/criatividade-jovem-e-o-primeiro-projeto-do-opj-portimao-2025-26-a-avancar-a-partir-de-setembro\/atualidade\/10\/52\/\" \/>\n<meta property=\"og:site_name\" content=\"Algarve 7\" \/>\n<meta property=\"article:publisher\" content=\"https:\/\/www.facebook.com\/algarve7\" \/>\n<meta property=\"article:author\" content=\"https:\/\/www.facebook.com\/algarve7\" \/>\n<meta property=\"article:published_time\" content=\"2026-08-31T09:52:01+00:00\" \/>\n<meta property=\"article:modified_time\" content=\"2026-08-31T09:52:07+00:00\" \/>\n<meta property=\"og:image\" content=\"https:\/\/algarve7.pt\/wp-content\/uploads\/2026\/08\/Captura-de-ecra-2026-08-31-as-10.49.25.png\" \/>\n\t<meta property=\"og:image:width\" content=\"790\" \/>\n\t<meta property=\"og:image:height\" content=\"650\" \/>\n\t<meta property=\"og:image:type\" content=\"image\/png\" \/>\n<meta name=\"author\" content=\"Algarve 7\" \/>\n<meta name=\"twitter:card\" content=\"summary_large_image\" \/>\n<meta name=\"twitter:creator\" content=\"@Algarvesete\" \/>\n<meta name=\"twitter:site\" content=\"@Algarvesete\" \/>\n<meta name=\"twitter:label1\" content=\"Escrito por\" \/>\n\t<meta name=\"twitter:data1\" content=\"Algarve 7\" \/>\n\t<meta name=\"twitter:label2\" content=\"Tempo estimado de leitura\" \/>\n\t<meta name=\"twitter:data2\" content=\"7 minutos\" \/>\n<script type=\"application\/ld+json\" class=\"yoast-schema-graph\">{\"@context\":\"https:\\\/\\\/schema.org\",\"@graph\":[{\"@type\":\"Article\",\"@id\":\"https:\\\/\\\/algarve7.pt\\\/index.php\\\/2026\\\/08\\\/criatividade-jovem-e-o-primeiro-projeto-do-opj-portimao-2025-26-a-avancar-a-partir-de-setembro\\\/atualidade\\\/10\\\/52\\\/#article\",\"isPartOf\":{\"@id\":\"https:\\\/\\\/algarve7.pt\\\/index.php\\\/2026\\\/08\\\/criatividade-jovem-e-o-primeiro-projeto-do-opj-portimao-2025-26-a-avancar-a-partir-de-setembro\\\/atualidade\\\/10\\\/52\\\/\"},\"author\":{\"name\":\"Algarve 7\",\"@id\":\"https:\\\/\\\/algarve7.pt\\\/#\\\/schema\\\/person\\\/23fa70681308e7b319a3204bcea45e0c\"},\"headline\":\"Criatividade Jovem \u00e9 o primeiro projeto do OPJ Portim\u00e3o 2025-26 a avan\u00e7ar a partir de setembro\",\"datePublished\":\"2026-08-31T09:52:01+00:00\",\"dateModified\":\"2026-08-31T09:52:07+00:00\",\"mainEntityOfPage\":{\"@id\":\"https:\\\/\\\/algarve7.pt\\\/index.php\\\/2026\\\/08\\\/criatividade-jovem-e-o-primeiro-projeto-do-opj-portimao-2025-26-a-avancar-a-partir-de-setembro\\\/atualidade\\\/10\\\/52\\\/\"},\"wordCount\":1300,\"publisher\":{\"@id\":\"https:\\\/\\\/algarve7.pt\\\/#organization\"},\"image\":{\"@id\":\"https:\\\/\\\/algarve7.pt\\\/index.php\\\/2026\\\/08\\\/criatividade-jovem-e-o-primeiro-projeto-do-opj-portimao-2025-26-a-avancar-a-partir-de-setembro\\\/atualidade\\\/10\\\/52\\\/#primaryimage\"},\"thumbnailUrl\":\"https:\\\/\\\/algarve7.pt\\\/wp-content\\\/uploads\\\/2026\\\/08\\\/Captura-de-ecra-2026-08-31-as-10.49.25.png\",\"keywords\":[\"Algarve\",\"Atualidade\",\"Portim\u00e3o\"],\"articleSection\":[\"Atualidade\"],\"inLanguage\":\"pt-PT\"},{\"@type\":\"WebPage\",\"@id\":\"https:\\\/\\\/algarve7.pt\\\/index.php\\\/2026\\\/08\\\/criatividade-jovem-e-o-primeiro-projeto-do-opj-portimao-2025-26-a-avancar-a-partir-de-setembro\\\/atualidade\\\/10\\\/52\\\/\",\"url\":\"https:\\\/\\\/algarve7.pt\\\/index.php\\\/2026\\\/08\\\/criatividade-jovem-e-o-primeiro-projeto-do-opj-portimao-2025-26-a-avancar-a-partir-de-setembro\\\/atualidade\\\/10\\\/52\\\/\",\"name\":\"Criatividade Jovem \u00e9 o primeiro projeto do OPJ Portim\u00e3o 2025-26 a avan\u00e7ar a partir de setembro - Algarve 7\",\"isPartOf\":{\"@id\":\"https:\\\/\\\/algarve7.pt\\\/#website\"},\"primaryImageOfPage\":{\"@id\":\"https:\\\/\\\/algarve7.pt\\\/index.php\\\/2026\\\/08\\\/criatividade-jovem-e-o-primeiro-projeto-do-opj-portimao-2025-26-a-avancar-a-partir-de-setembro\\\/atualidade\\\/10\\\/52\\\/#primaryimage\"},\"image\":{\"@id\":\"https:\\\/\\\/algarve7.pt\\\/index.php\\\/2026\\\/08\\\/criatividade-jovem-e-o-primeiro-projeto-do-opj-portimao-2025-26-a-avancar-a-partir-de-setembro\\\/atualidade\\\/10\\\/52\\\/#primaryimage\"},\"thumbnailUrl\":\"https:\\\/\\\/algarve7.pt\\\/wp-content\\\/uploads\\\/2026\\\/08\\\/Captura-de-ecra-2026-08-31-as-10.49.25.png\",\"datePublished\":\"2026-08-31T09:52:01+00:00\",\"dateModified\":\"2026-08-31T09:52:07+00:00\",\"description\":\"Criatividade Jovem \u00e9 o primeiro projeto do OPJ Portim\u00e3o 2025-26 a avan\u00e7ar a partir de setembro Atualidade\",\"breadcrumb\":{\"@id\":\"https:\\\/\\\/algarve7.pt\\\/index.php\\\/2026\\\/08\\\/criatividade-jovem-e-o-primeiro-projeto-do-opj-portimao-2025-26-a-avancar-a-partir-de-setembro\\\/atualidade\\\/10\\\/52\\\/#breadcrumb\"},\"inLanguage\":\"pt-PT\",\"potentialAction\":[{\"@type\":\"ReadAction\",\"target\":[\"https:\\\/\\\/algarve7.pt\\\/index.php\\\/2026\\\/08\\\/criatividade-jovem-e-o-primeiro-projeto-do-opj-portimao-2025-26-a-avancar-a-partir-de-setembro\\\/atualidade\\\/10\\\/52\\\/\"]}]},{\"@type\":\"ImageObject\",\"inLanguage\":\"pt-PT\",\"@id\":\"https:\\\/\\\/algarve7.pt\\\/index.php\\\/2026\\\/08\\\/criatividade-jovem-e-o-primeiro-projeto-do-opj-portimao-2025-26-a-avancar-a-partir-de-setembro\\\/atualidade\\\/10\\\/52\\\/#primaryimage\",\"url\":\"https:\\\/\\\/algarve7.pt\\\/wp-content\\\/uploads\\\/2026\\\/08\\\/Captura-de-ecra-2026-08-31-as-10.49.25.png\",\"contentUrl\":\"https:\\\/\\\/algarve7.pt\\\/wp-content\\\/uploads\\\/2026\\\/08\\\/Captura-de-ecra-2026-08-31-as-10.49.25.png\",\"width\":790,\"height\":650},{\"@type\":\"BreadcrumbList\",\"@id\":\"https:\\\/\\\/algarve7.pt\\\/index.php\\\/2026\\\/08\\\/criatividade-jovem-e-o-primeiro-projeto-do-opj-portimao-2025-26-a-avancar-a-partir-de-setembro\\\/atualidade\\\/10\\\/52\\\/#breadcrumb\",\"itemListElement\":[{\"@type\":\"ListItem\",\"position\":1,\"name\":\"In\u00edcio\",\"item\":\"https:\\\/\\\/algarve7.pt\\\/\"},{\"@type\":\"ListItem\",\"position\":2,\"name\":\"Criatividade Jovem \u00e9 o primeiro projeto do OPJ Portim\u00e3o 2025-26 a avan\u00e7ar a partir de setembro\"}]},{\"@type\":\"WebSite\",\"@id\":\"https:\\\/\\\/algarve7.pt\\\/#website\",\"url\":\"https:\\\/\\\/algarve7.pt\\\/\",\"name\":\"Algarve 7\",\"description\":\"Informa\u00e7\u00e3o sobre o Algarve\",\"publisher\":{\"@id\":\"https:\\\/\\\/algarve7.pt\\\/#organization\"},\"potentialAction\":[{\"@type\":\"SearchAction\",\"target\":{\"@type\":\"EntryPoint\",\"urlTemplate\":\"https:\\\/\\\/algarve7.pt\\\/?s={search_term_string}\"},\"query-input\":{\"@type\":\"PropertyValueSpecification\",\"valueRequired\":true,\"valueName\":\"search_term_string\"}}],\"inLanguage\":\"pt-PT\"},{\"@type\":\"Organization\",\"@id\":\"https:\\\/\\\/algarve7.pt\\\/#organization\",\"name\":\"Algarve 7\",\"url\":\"https:\\\/\\\/algarve7.pt\\\/\",\"logo\":{\"@type\":\"ImageObject\",\"inLanguage\":\"pt-PT\",\"@id\":\"https:\\\/\\\/algarve7.pt\\\/#\\\/schema\\\/logo\\\/image\\\/\",\"url\":\"https:\\\/\\\/algarve7.pt\\\/wp-content\\\/uploads\\\/2020\\\/10\\\/Logo-8.jpg\",\"contentUrl\":\"https:\\\/\\\/algarve7.pt\\\/wp-content\\\/uploads\\\/2020\\\/10\\\/Logo-8.jpg\",\"width\":1680,\"height\":1186,\"caption\":\"Algarve 7\"},\"image\":{\"@id\":\"https:\\\/\\\/algarve7.pt\\\/#\\\/schema\\\/logo\\\/image\\\/\"},\"sameAs\":[\"https:\\\/\\\/www.facebook.com\\\/algarve7\",\"https:\\\/\\\/x.com\\\/Algarvesete\",\"https:\\\/\\\/www.instagram.com\\\/jornalalgarve7\\\/\",\"https:\\\/\\\/www.linkedin.com\\\/company\\\/algarve7\",\"https:\\\/\\\/www.pinterest.pt\\\/geral0939\\\/_created\\\/\"]},{\"@type\":\"Person\",\"@id\":\"https:\\\/\\\/algarve7.pt\\\/#\\\/schema\\\/person\\\/23fa70681308e7b319a3204bcea45e0c\",\"name\":\"Algarve 7\",\"sameAs\":[\"https:\\\/\\\/algarve7.pt\",\"https:\\\/\\\/www.facebook.com\\\/algarve7\"],\"url\":\"https:\\\/\\\/algarve7.pt\\\/index.php\\\/author\\\/geralalgarve7-pt\\\/\"}]}<\/script>\n<!-- \/ Yoast SEO plugin. -->","yoast_head_json":{"title":"Criatividade Jovem \u00e9 o primeiro projeto do OPJ Portim\u00e3o 2025-26 a avan\u00e7ar a partir de setembro - Algarve 7","description":"Criatividade Jovem \u00e9 o primeiro projeto do OPJ Portim\u00e3o 2025-26 a avan\u00e7ar a partir de setembro Atualidade","robots":{"index":"index","follow":"follow","max-snippet":"max-snippet:-1","max-image-preview":"max-image-preview:large","max-video-preview":"max-video-preview:-1"},"canonical":"https:\/\/algarve7.pt\/index.php\/2026\/08\/criatividade-jovem-e-o-primeiro-projeto-do-opj-portimao-2025-26-a-avancar-a-partir-de-setembro\/atualidade\/10\/52\/","og_locale":"pt_PT","og_type":"article","og_title":"Criatividade Jovem \u00e9 o primeiro projeto do OPJ Portim\u00e3o 2025-26 a avan\u00e7ar a partir de setembro - Algarve 7","og_description":"Criatividade Jovem \u00e9 o primeiro projeto do OPJ Portim\u00e3o 2025-26 a avan\u00e7ar a partir de setembro Atualidade","og_url":"https:\/\/algarve7.pt\/index.php\/2026\/08\/criatividade-jovem-e-o-primeiro-projeto-do-opj-portimao-2025-26-a-avancar-a-partir-de-setembro\/atualidade\/10\/52\/","og_site_name":"Algarve 7","article_publisher":"https:\/\/www.facebook.com\/algarve7","article_author":"https:\/\/www.facebook.com\/algarve7","article_published_time":"2026-08-31T09:52:01+00:00","article_modified_time":"2026-08-31T09:52:07+00:00","og_image":[{"width":790,"height":650,"url":"https:\/\/algarve7.pt\/wp-content\/uploads\/2026\/08\/Captura-de-ecra-2026-08-31-as-10.49.25.png","type":"image\/png"}],"author":"Algarve 7","twitter_card":"summary_large_image","twitter_creator":"@Algarvesete","twitter_site":"@Algarvesete","twitter_misc":{"Escrito por":"Algarve 7","Tempo estimado de leitura":"7 minutos"},"schema":{"@context":"https:\/\/schema.org","@graph":[{"@type":"Article","@id":"https:\/\/algarve7.pt\/index.php\/2026\/08\/criatividade-jovem-e-o-primeiro-projeto-do-opj-portimao-2025-26-a-avancar-a-partir-de-setembro\/atualidade\/10\/52\/#article","isPartOf":{"@id":"https:\/\/algarve7.pt\/index.php\/2026\/08\/criatividade-jovem-e-o-primeiro-projeto-do-opj-portimao-2025-26-a-avancar-a-partir-de-setembro\/atualidade\/10\/52\/"},"author":{"name":"Algarve 7","@id":"https:\/\/algarve7.pt\/#\/schema\/person\/23fa70681308e7b319a3204bcea45e0c"},"headline":"Criatividade Jovem \u00e9 o primeiro projeto do OPJ Portim\u00e3o 2025-26 a avan\u00e7ar a partir de setembro","datePublished":"2026-08-31T09:52:01+00:00","dateModified":"2026-08-31T09:52:07+00:00","mainEntityOfPage":{"@id":"https:\/\/algarve7.pt\/index.php\/2026\/08\/criatividade-jovem-e-o-primeiro-projeto-do-opj-portimao-2025-26-a-avancar-a-partir-de-setembro\/atualidade\/10\/52\/"},"wordCount":1300,"publisher":{"@id":"https:\/\/algarve7.pt\/#organization"},"image":{"@id":"https:\/\/algarve7.pt\/index.php\/2026\/08\/criatividade-jovem-e-o-primeiro-projeto-do-opj-portimao-2025-26-a-avancar-a-partir-de-setembro\/atualidade\/10\/52\/#primaryimage"},"thumbnailUrl":"https:\/\/algarve7.pt\/wp-content\/uploads\/2026\/08\/Captura-de-ecra-2026-08-31-as-10.49.25.png","keywords":["Algarve","Atualidade","Portim\u00e3o"],"articleSection":["Atualidade"],"inLanguage":"pt-PT"},{"@type":"WebPage","@id":"https:\/\/algarve7.pt\/index.php\/2026\/08\/criatividade-jovem-e-o-primeiro-projeto-do-opj-portimao-2025-26-a-avancar-a-partir-de-setembro\/atualidade\/10\/52\/","url":"https:\/\/algarve7.pt\/index.php\/2026\/08\/criatividade-jovem-e-o-primeiro-projeto-do-opj-portimao-2025-26-a-avancar-a-partir-de-setembro\/atualidade\/10\/52\/","name":"Criatividade Jovem \u00e9 o primeiro projeto do OPJ Portim\u00e3o 2025-26 a avan\u00e7ar a partir de setembro - Algarve 7","isPartOf":{"@id":"https:\/\/algarve7.pt\/#website"},"primaryImageOfPage":{"@id":"https:\/\/algarve7.pt\/index.php\/2026\/08\/criatividade-jovem-e-o-primeiro-projeto-do-opj-portimao-2025-26-a-avancar-a-partir-de-setembro\/atualidade\/10\/52\/#primaryimage"},"image":{"@id":"https:\/\/algarve7.pt\/index.php\/2026\/08\/criatividade-jovem-e-o-primeiro-projeto-do-opj-portimao-2025-26-a-avancar-a-partir-de-setembro\/atualidade\/10\/52\/#primaryimage"},"thumbnailUrl":"https:\/\/algarve7.pt\/wp-content\/uploads\/2026\/08\/Captura-de-ecra-2026-08-31-as-10.49.25.png","datePublished":"2026-08-31T09:52:01+00:00","dateModified":"2026-08-31T09:52:07+00:00","description":"Criatividade Jovem \u00e9 o primeiro projeto do OPJ Portim\u00e3o 2025-26 a avan\u00e7ar a partir de setembro Atualidade","breadcrumb":{"@id":"https:\/\/algarve7.pt\/index.php\/2026\/08\/criatividade-jovem-e-o-primeiro-projeto-do-opj-portimao-2025-26-a-avancar-a-partir-de-setembro\/atualidade\/10\/52\/#breadcrumb"},"inLanguage":"pt-PT","potentialAction":[{"@type":"ReadAction","target":["https:\/\/algarve7.pt\/index.php\/2026\/08\/criatividade-jovem-e-o-primeiro-projeto-do-opj-portimao-2025-26-a-avancar-a-partir-de-setembro\/atualidade\/10\/52\/"]}]},{"@type":"ImageObject","inLanguage":"pt-PT","@id":"https:\/\/algarve7.pt\/index.php\/2026\/08\/criatividade-jovem-e-o-primeiro-projeto-do-opj-portimao-2025-26-a-avancar-a-partir-de-setembro\/atualidade\/10\/52\/#primaryimage","url":"https:\/\/algarve7.pt\/wp-content\/uploads\/2026\/08\/Captura-de-ecra-2026-08-31-as-10.49.25.png","contentUrl":"https:\/\/algarve7.pt\/wp-content\/uploads\/2026\/08\/Captura-de-ecra-2026-08-31-as-10.49.25.png","width":790,"height":650},{"@type":"BreadcrumbList","@id":"https:\/\/algarve7.pt\/index.php\/2026\/08\/criatividade-jovem-e-o-primeiro-projeto-do-opj-portimao-2025-26-a-avancar-a-partir-de-setembro\/atualidade\/10\/52\/#breadcrumb","itemListElement":[{"@type":"ListItem","position":1,"name":"In\u00edcio","item":"https:\/\/algarve7.pt\/"},{"@type":"ListItem","position":2,"name":"Criatividade Jovem \u00e9 o primeiro projeto do OPJ Portim\u00e3o 2025-26 a avan\u00e7ar a partir de setembro"}]},{"@type":"WebSite","@id":"https:\/\/algarve7.pt\/#website","url":"https:\/\/algarve7.pt\/","name":"Algarve 7","description":"Informa\u00e7\u00e3o sobre o Algarve","publisher":{"@id":"https:\/\/algarve7.pt\/#organization"},"potentialAction":[{"@type":"SearchAction","target":{"@type":"EntryPoint","urlTemplate":"https:\/\/algarve7.pt\/?s={search_term_string}"},"query-input":{"@type":"PropertyValueSpecification","valueRequired":true,"valueName":"search_term_string"}}],"inLanguage":"pt-PT"},{"@type":"Organization","@id":"https:\/\/algarve7.pt\/#organization","name":"Algarve 7","url":"https:\/\/algarve7.pt\/","logo":{"@type":"ImageObject","inLanguage":"pt-PT","@id":"https:\/\/algarve7.pt\/#\/schema\/logo\/image\/","url":"https:\/\/algarve7.pt\/wp-content\/uploads\/2020\/10\/Logo-8.jpg","contentUrl":"https:\/\/algarve7.pt\/wp-content\/uploads\/2020\/10\/Logo-8.jpg","width":1680,"height":1186,"caption":"Algarve 7"},"image":{"@id":"https:\/\/algarve7.pt\/#\/schema\/logo\/image\/"},"sameAs":["https:\/\/www.facebook.com\/algarve7","https:\/\/x.com\/Algarvesete","https:\/\/www.instagram.com\/jornalalgarve7\/","https:\/\/www.linkedin.com\/company\/algarve7","https:\/\/www.pinterest.pt\/geral0939\/_created\/"]},{"@type":"Person","@id":"https:\/\/algarve7.pt\/#\/schema\/person\/23fa70681308e7b319a3204bcea45e0c","name":"Algarve 7","sameAs":["https:\/\/algarve7.pt","https:\/\/www.facebook.com\/algarve7"],"url":"https:\/\/algarve7.pt\/index.php\/author\/geralalgarve7-pt\/"}]}},"jetpack_publicize_connections":[],"jetpack_shortlink":"https:\/\/wp.me\/pcezmW-ha7","jetpack_sharing_enabled":true,"jetpack_featured_media_url":"https:\/\/algarve7.pt\/wp-content\/uploads\/2026\/08\/Captura-de-ecra-2026-08-31-as-10.49.25.png","_links":{"self":[{"href":"https:\/\/algarve7.pt\/index.php\/wp-json\/wp\/v2\/posts\/65975","targetHints":{"allow":["GET"]}}],"collection":[{"href":"https:\/\/algarve7.pt\/index.php\/wp-json\/wp\/v2\/posts"}],"about":[{"href":"https:\/\/algarve7.pt\/index.php\/wp-json\/wp\/v2\/types\/post"}],"author":[{"embeddable":true,"href":"https:\/\/algarve7.pt\/index.php\/wp-json\/wp\/v2\/users\/1"}],"replies":[{"embeddable":true,"href":"https:\/\/algarve7.pt\/index.php\/wp-json\/wp\/v2\/comments?post=65975"}],"version-history":[{"count":1,"href":"https:\/\/algarve7.pt\/index.php\/wp-json\/wp\/v2\/posts\/65975\/revisions"}],"predecessor-version":[{"id":65977,"href":"https:\/\/algarve7.pt\/index.php\/wp-json\/wp\/v2\/posts\/65975\/revisions\/65977"}],"wp:featuredmedia":[{"embeddable":true,"href":"https:\/\/algarve7.pt\/index.php\/wp-json\/wp\/v2\/media\/65976"}],"wp:attachment":[{"href":"https:\/\/algarve7.pt\/index.php\/wp-json\/wp\/v2\/media?parent=65975"}],"wp:term":[{"taxonomy":"category","embeddable":true,"href":"https:\/\/algarve7.pt\/index.php\/wp-json\/wp\/v2\/categories?post=65975"},{"taxonomy":"post_tag","embeddable":true,"href":"https:\/\/algarve7.pt\/index.php\/wp-json\/wp\/v2\/tags?post=65975"}],"curies":[{"name":"wp","href":"https:\/\/api.w.org\/{rel}","templated":true}]}}