{"id":65972,"date":"2026-09-01T07:10:00","date_gmt":"2026-09-01T06:10:00","guid":{"rendered":"https:\/\/algarve7.pt\/?p=65972"},"modified":"2026-08-31T10:13:15","modified_gmt":"2026-08-31T09:13:15","slug":"ccdr-algarve-presente-na-27-a-edicao-dos-dias-medievais-em-castro-marim","status":"publish","type":"post","link":"https:\/\/algarve7.pt\/index.php\/2026\/09\/ccdr-algarve-presente-na-27-a-edicao-dos-dias-medievais-em-castro-marim\/cultura\/07\/10\/","title":{"rendered":"CCDR Algarve presente na 27.\u00aa edi\u00e7\u00e3o dos Dias Medievais em Castro Marim"},"content":{"rendered":"\n<p class=\"wp-block-paragraph\">A Ministra da Cultura, Juventude e Desporto, Margarida Balseiro Lopes, participou, no dia 26 de agosto, na abertura oficial da 27.\u00aa edi\u00e7\u00e3o dos Dias Medievais em Castro Marim, uma iniciativa de grande proje\u00e7\u00e3o no Algarve que, h\u00e1 quase tr\u00eas d\u00e9cadas, contribui para a valoriza\u00e7\u00e3o da hist\u00f3ria, do patrim\u00f3nio e da identidade do territ\u00f3rio.&nbsp;<\/p>\n\n\n\n<p class=\"wp-block-paragraph\">A cerim\u00f3nia contou tamb\u00e9m com a presen\u00e7a do Presidente da CCDR Algarve, Jos\u00e9 Apolin\u00e1rio, e do Vice-Presidente da CCDR Algarve para a \u00e1rea da Cultura, Bruno In\u00e1cio, al\u00e9m de autarcas e representantes de entidades regionais. Jos\u00e9 Apolin\u00e1rio, na sua interven\u00e7\u00e3o, destacou o trabalho desenvolvido pelo Munic\u00edpio de Castro Marim na preserva\u00e7\u00e3o e valoriza\u00e7\u00e3o do patrim\u00f3nio cultural, bem como a import\u00e2ncia dos investimentos realizados no concelho ao longo dos sucessivos quadros comunit\u00e1rios, e a integra\u00e7\u00e3o na rede de castelos e fortes de fronteira, com financiamento do ALGARVE 2030.<\/p>\n\n\n\n<p class=\"wp-block-paragraph\">O Presidente da CCDR Algarve salientou ainda a capacidade dos Dias Medievais para envolver a comunidade em torno da sua hist\u00f3ria e identidade, destacando o contributo de Castro Marim para as redes culturais do Algarve, enquanto espa\u00e7os de coopera\u00e7\u00e3o e afirma\u00e7\u00e3o cultural do territ\u00f3rio. J\u00e1 Margarida Balseiro Lopes sublinhou, por sua vez, a capacidade da iniciativa para aproximar visitantes e comunidade do patrim\u00f3nio, das tradi\u00e7\u00f5es e dos of\u00edcios locais, evidenciando tamb\u00e9m o papel da Cultura na dinamiza\u00e7\u00e3o do com\u00e9rcio, da restaura\u00e7\u00e3o, do turismo e do artesanato.<\/p>\n\n\n\n<p class=\"wp-block-paragraph\">Com o Castelo, as muralhas, o Forte de S\u00e3o Sebasti\u00e3o, as ruas e as pra\u00e7as de Castro Marim como cen\u00e1rio, os Dias Medievais refor\u00e7am o papel da cultura e do patrim\u00f3nio na valoriza\u00e7\u00e3o da identidade e no desenvolvimento do territ\u00f3rio algarvio.<\/p>\n","protected":false},"excerpt":{"rendered":"<p>A Ministra da Cultura, Juventude e Desporto, Margarida Balseiro Lopes, participou, no dia 26 de agosto, na abertura oficial da<\/p>\n","protected":false},"author":1,"featured_media":65973,"comment_status":"closed","ping_status":"closed","sticky":false,"template":"","format":"standard","meta":{"colormag_page_container_layout":"default_layout","colormag_page_sidebar_layout":"default_layout","_monsterinsights_skip_tracking":false,"_jetpack_newsletter_access":"","_jetpack_dont_email_post_to_subs":false,"_jetpack_newsletter_tier_id":0,"_jetpack_memberships_contains_paywalled_content":false,"_jetpack_feature_clip_id":0,"_jetpack_memberships_contains_paid_content":false,"footnotes":"","jetpack_publicize_message":"","jetpack_publicize_feature_enabled":true,"jetpack_social_post_already_shared":true,"jetpack_social_options":{"image_generator_settings":{"template":"highway","default_image_id":0,"font":"","enabled":false},"version":2},"jetpack_post_was_ever_published":false},"categories":[14],"tags":[36,136,35,682],"class_list":["post-65972","post","type-post","status-publish","format-standard","has-post-thumbnail","hentry","category-cultura","tag-algarve","tag-castro-marim","tag-cultura","tag-dias-medievais"],"yoast_head":"<!-- This site is optimized with the Yoast SEO plugin v28.3 - https:\/\/yoast.com\/product\/yoast-seo-wordpress\/ -->\n<title>CCDR Algarve presente na 27.\u00aa edi\u00e7\u00e3o dos Dias Medievais em Castro Marim - Algarve 7<\/title>\n<meta name=\"description\" content=\"CCDR Algarve presente na 27.\u00aa edi\u00e7\u00e3o dos Dias Medievais em Castro Marim Cultura\" \/>\n<meta name=\"robots\" content=\"index, follow, max-snippet:-1, max-image-preview:large, max-video-preview:-1\" \/>\n<link rel=\"canonical\" href=\"https:\/\/algarve7.pt\/index.php\/2026\/09\/ccdr-algarve-presente-na-27-a-edicao-dos-dias-medievais-em-castro-marim\/cultura\/07\/10\/\" \/>\n<meta property=\"og:locale\" content=\"pt_PT\" \/>\n<meta property=\"og:type\" content=\"article\" \/>\n<meta property=\"og:title\" content=\"CCDR Algarve presente na 27.\u00aa edi\u00e7\u00e3o dos Dias Medievais em Castro Marim - Algarve 7\" \/>\n<meta property=\"og:description\" content=\"CCDR Algarve presente na 27.\u00aa edi\u00e7\u00e3o dos Dias Medievais em Castro Marim Cultura\" \/>\n<meta property=\"og:url\" content=\"https:\/\/algarve7.pt\/index.php\/2026\/09\/ccdr-algarve-presente-na-27-a-edicao-dos-dias-medievais-em-castro-marim\/cultura\/07\/10\/\" \/>\n<meta property=\"og:site_name\" content=\"Algarve 7\" \/>\n<meta property=\"article:publisher\" content=\"https:\/\/www.facebook.com\/algarve7\" \/>\n<meta property=\"article:author\" content=\"https:\/\/www.facebook.com\/algarve7\" \/>\n<meta property=\"article:published_time\" content=\"2026-09-01T06:10:00+00:00\" \/>\n<meta property=\"og:image\" content=\"https:\/\/algarve7.pt\/wp-content\/uploads\/2026\/08\/Abertura-Dias-Medievais-de-Castro-Marim-26-08-2026-49.jpg\" \/>\n\t<meta property=\"og:image:width\" content=\"975\" \/>\n\t<meta property=\"og:image:height\" content=\"650\" \/>\n\t<meta property=\"og:image:type\" content=\"image\/jpeg\" \/>\n<meta name=\"author\" content=\"Algarve 7\" \/>\n<meta name=\"twitter:card\" content=\"summary_large_image\" \/>\n<meta name=\"twitter:creator\" content=\"@Algarvesete\" \/>\n<meta name=\"twitter:site\" content=\"@Algarvesete\" \/>\n<meta name=\"twitter:label1\" content=\"Escrito por\" \/>\n\t<meta name=\"twitter:data1\" content=\"Algarve 7\" \/>\n\t<meta name=\"twitter:label2\" content=\"Tempo estimado de leitura\" \/>\n\t<meta name=\"twitter:data2\" content=\"2 minutos\" \/>\n<script type=\"application\/ld+json\" class=\"yoast-schema-graph\">{\"@context\":\"https:\\\/\\\/schema.org\",\"@graph\":[{\"@type\":\"Article\",\"@id\":\"https:\\\/\\\/algarve7.pt\\\/index.php\\\/2026\\\/09\\\/ccdr-algarve-presente-na-27-a-edicao-dos-dias-medievais-em-castro-marim\\\/cultura\\\/07\\\/10\\\/#article\",\"isPartOf\":{\"@id\":\"https:\\\/\\\/algarve7.pt\\\/index.php\\\/2026\\\/09\\\/ccdr-algarve-presente-na-27-a-edicao-dos-dias-medievais-em-castro-marim\\\/cultura\\\/07\\\/10\\\/\"},\"author\":{\"name\":\"Algarve 7\",\"@id\":\"https:\\\/\\\/algarve7.pt\\\/#\\\/schema\\\/person\\\/23fa70681308e7b319a3204bcea45e0c\"},\"headline\":\"CCDR Algarve presente na 27.\u00aa edi\u00e7\u00e3o dos Dias Medievais em Castro Marim\",\"datePublished\":\"2026-09-01T06:10:00+00:00\",\"mainEntityOfPage\":{\"@id\":\"https:\\\/\\\/algarve7.pt\\\/index.php\\\/2026\\\/09\\\/ccdr-algarve-presente-na-27-a-edicao-dos-dias-medievais-em-castro-marim\\\/cultura\\\/07\\\/10\\\/\"},\"wordCount\":320,\"publisher\":{\"@id\":\"https:\\\/\\\/algarve7.pt\\\/#organization\"},\"image\":{\"@id\":\"https:\\\/\\\/algarve7.pt\\\/index.php\\\/2026\\\/09\\\/ccdr-algarve-presente-na-27-a-edicao-dos-dias-medievais-em-castro-marim\\\/cultura\\\/07\\\/10\\\/#primaryimage\"},\"thumbnailUrl\":\"https:\\\/\\\/algarve7.pt\\\/wp-content\\\/uploads\\\/2026\\\/08\\\/Abertura-Dias-Medievais-de-Castro-Marim-26-08-2026-49.jpg\",\"keywords\":[\"Algarve\",\"Castro Marim\",\"Cultura\",\"Dias Medievais\"],\"articleSection\":[\"Cultura\"],\"inLanguage\":\"pt-PT\"},{\"@type\":\"WebPage\",\"@id\":\"https:\\\/\\\/algarve7.pt\\\/index.php\\\/2026\\\/09\\\/ccdr-algarve-presente-na-27-a-edicao-dos-dias-medievais-em-castro-marim\\\/cultura\\\/07\\\/10\\\/\",\"url\":\"https:\\\/\\\/algarve7.pt\\\/index.php\\\/2026\\\/09\\\/ccdr-algarve-presente-na-27-a-edicao-dos-dias-medievais-em-castro-marim\\\/cultura\\\/07\\\/10\\\/\",\"name\":\"CCDR Algarve presente na 27.\u00aa edi\u00e7\u00e3o dos Dias Medievais em Castro Marim - Algarve 7\",\"isPartOf\":{\"@id\":\"https:\\\/\\\/algarve7.pt\\\/#website\"},\"primaryImageOfPage\":{\"@id\":\"https:\\\/\\\/algarve7.pt\\\/index.php\\\/2026\\\/09\\\/ccdr-algarve-presente-na-27-a-edicao-dos-dias-medievais-em-castro-marim\\\/cultura\\\/07\\\/10\\\/#primaryimage\"},\"image\":{\"@id\":\"https:\\\/\\\/algarve7.pt\\\/index.php\\\/2026\\\/09\\\/ccdr-algarve-presente-na-27-a-edicao-dos-dias-medievais-em-castro-marim\\\/cultura\\\/07\\\/10\\\/#primaryimage\"},\"thumbnailUrl\":\"https:\\\/\\\/algarve7.pt\\\/wp-content\\\/uploads\\\/2026\\\/08\\\/Abertura-Dias-Medievais-de-Castro-Marim-26-08-2026-49.jpg\",\"datePublished\":\"2026-09-01T06:10:00+00:00\",\"description\":\"CCDR Algarve presente na 27.\u00aa edi\u00e7\u00e3o dos Dias Medievais em Castro Marim Cultura\",\"breadcrumb\":{\"@id\":\"https:\\\/\\\/algarve7.pt\\\/index.php\\\/2026\\\/09\\\/ccdr-algarve-presente-na-27-a-edicao-dos-dias-medievais-em-castro-marim\\\/cultura\\\/07\\\/10\\\/#breadcrumb\"},\"inLanguage\":\"pt-PT\",\"potentialAction\":[{\"@type\":\"ReadAction\",\"target\":[\"https:\\\/\\\/algarve7.pt\\\/index.php\\\/2026\\\/09\\\/ccdr-algarve-presente-na-27-a-edicao-dos-dias-medievais-em-castro-marim\\\/cultura\\\/07\\\/10\\\/\"]}]},{\"@type\":\"ImageObject\",\"inLanguage\":\"pt-PT\",\"@id\":\"https:\\\/\\\/algarve7.pt\\\/index.php\\\/2026\\\/09\\\/ccdr-algarve-presente-na-27-a-edicao-dos-dias-medievais-em-castro-marim\\\/cultura\\\/07\\\/10\\\/#primaryimage\",\"url\":\"https:\\\/\\\/algarve7.pt\\\/wp-content\\\/uploads\\\/2026\\\/08\\\/Abertura-Dias-Medievais-de-Castro-Marim-26-08-2026-49.jpg\",\"contentUrl\":\"https:\\\/\\\/algarve7.pt\\\/wp-content\\\/uploads\\\/2026\\\/08\\\/Abertura-Dias-Medievais-de-Castro-Marim-26-08-2026-49.jpg\",\"width\":975,\"height\":650},{\"@type\":\"BreadcrumbList\",\"@id\":\"https:\\\/\\\/algarve7.pt\\\/index.php\\\/2026\\\/09\\\/ccdr-algarve-presente-na-27-a-edicao-dos-dias-medievais-em-castro-marim\\\/cultura\\\/07\\\/10\\\/#breadcrumb\",\"itemListElement\":[{\"@type\":\"ListItem\",\"position\":1,\"name\":\"In\u00edcio\",\"item\":\"https:\\\/\\\/algarve7.pt\\\/\"},{\"@type\":\"ListItem\",\"position\":2,\"name\":\"CCDR Algarve presente na 27.\u00aa edi\u00e7\u00e3o dos Dias Medievais em Castro Marim\"}]},{\"@type\":\"WebSite\",\"@id\":\"https:\\\/\\\/algarve7.pt\\\/#website\",\"url\":\"https:\\\/\\\/algarve7.pt\\\/\",\"name\":\"Algarve 7\",\"description\":\"Informa\u00e7\u00e3o sobre o Algarve\",\"publisher\":{\"@id\":\"https:\\\/\\\/algarve7.pt\\\/#organization\"},\"potentialAction\":[{\"@type\":\"SearchAction\",\"target\":{\"@type\":\"EntryPoint\",\"urlTemplate\":\"https:\\\/\\\/algarve7.pt\\\/?s={search_term_string}\"},\"query-input\":{\"@type\":\"PropertyValueSpecification\",\"valueRequired\":true,\"valueName\":\"search_term_string\"}}],\"inLanguage\":\"pt-PT\"},{\"@type\":\"Organization\",\"@id\":\"https:\\\/\\\/algarve7.pt\\\/#organization\",\"name\":\"Algarve 7\",\"url\":\"https:\\\/\\\/algarve7.pt\\\/\",\"logo\":{\"@type\":\"ImageObject\",\"inLanguage\":\"pt-PT\",\"@id\":\"https:\\\/\\\/algarve7.pt\\\/#\\\/schema\\\/logo\\\/image\\\/\",\"url\":\"https:\\\/\\\/algarve7.pt\\\/wp-content\\\/uploads\\\/2020\\\/10\\\/Logo-8.jpg\",\"contentUrl\":\"https:\\\/\\\/algarve7.pt\\\/wp-content\\\/uploads\\\/2020\\\/10\\\/Logo-8.jpg\",\"width\":1680,\"height\":1186,\"caption\":\"Algarve 7\"},\"image\":{\"@id\":\"https:\\\/\\\/algarve7.pt\\\/#\\\/schema\\\/logo\\\/image\\\/\"},\"sameAs\":[\"https:\\\/\\\/www.facebook.com\\\/algarve7\",\"https:\\\/\\\/x.com\\\/Algarvesete\",\"https:\\\/\\\/www.instagram.com\\\/jornalalgarve7\\\/\",\"https:\\\/\\\/www.linkedin.com\\\/company\\\/algarve7\",\"https:\\\/\\\/www.pinterest.pt\\\/geral0939\\\/_created\\\/\"]},{\"@type\":\"Person\",\"@id\":\"https:\\\/\\\/algarve7.pt\\\/#\\\/schema\\\/person\\\/23fa70681308e7b319a3204bcea45e0c\",\"name\":\"Algarve 7\",\"sameAs\":[\"https:\\\/\\\/algarve7.pt\",\"https:\\\/\\\/www.facebook.com\\\/algarve7\"],\"url\":\"https:\\\/\\\/algarve7.pt\\\/index.php\\\/author\\\/geralalgarve7-pt\\\/\"}]}<\/script>\n<!-- \/ Yoast SEO plugin. -->","yoast_head_json":{"title":"CCDR Algarve presente na 27.\u00aa edi\u00e7\u00e3o dos Dias Medievais em Castro Marim - Algarve 7","description":"CCDR Algarve presente na 27.\u00aa edi\u00e7\u00e3o dos Dias Medievais em Castro Marim Cultura","robots":{"index":"index","follow":"follow","max-snippet":"max-snippet:-1","max-image-preview":"max-image-preview:large","max-video-preview":"max-video-preview:-1"},"canonical":"https:\/\/algarve7.pt\/index.php\/2026\/09\/ccdr-algarve-presente-na-27-a-edicao-dos-dias-medievais-em-castro-marim\/cultura\/07\/10\/","og_locale":"pt_PT","og_type":"article","og_title":"CCDR Algarve presente na 27.\u00aa edi\u00e7\u00e3o dos Dias Medievais em Castro Marim - Algarve 7","og_description":"CCDR Algarve presente na 27.\u00aa edi\u00e7\u00e3o dos Dias Medievais em Castro Marim Cultura","og_url":"https:\/\/algarve7.pt\/index.php\/2026\/09\/ccdr-algarve-presente-na-27-a-edicao-dos-dias-medievais-em-castro-marim\/cultura\/07\/10\/","og_site_name":"Algarve 7","article_publisher":"https:\/\/www.facebook.com\/algarve7","article_author":"https:\/\/www.facebook.com\/algarve7","article_published_time":"2026-09-01T06:10:00+00:00","og_image":[{"width":975,"height":650,"url":"https:\/\/algarve7.pt\/wp-content\/uploads\/2026\/08\/Abertura-Dias-Medievais-de-Castro-Marim-26-08-2026-49.jpg","type":"image\/jpeg"}],"author":"Algarve 7","twitter_card":"summary_large_image","twitter_creator":"@Algarvesete","twitter_site":"@Algarvesete","twitter_misc":{"Escrito por":"Algarve 7","Tempo estimado de leitura":"2 minutos"},"schema":{"@context":"https:\/\/schema.org","@graph":[{"@type":"Article","@id":"https:\/\/algarve7.pt\/index.php\/2026\/09\/ccdr-algarve-presente-na-27-a-edicao-dos-dias-medievais-em-castro-marim\/cultura\/07\/10\/#article","isPartOf":{"@id":"https:\/\/algarve7.pt\/index.php\/2026\/09\/ccdr-algarve-presente-na-27-a-edicao-dos-dias-medievais-em-castro-marim\/cultura\/07\/10\/"},"author":{"name":"Algarve 7","@id":"https:\/\/algarve7.pt\/#\/schema\/person\/23fa70681308e7b319a3204bcea45e0c"},"headline":"CCDR Algarve presente na 27.\u00aa edi\u00e7\u00e3o dos Dias Medievais em Castro Marim","datePublished":"2026-09-01T06:10:00+00:00","mainEntityOfPage":{"@id":"https:\/\/algarve7.pt\/index.php\/2026\/09\/ccdr-algarve-presente-na-27-a-edicao-dos-dias-medievais-em-castro-marim\/cultura\/07\/10\/"},"wordCount":320,"publisher":{"@id":"https:\/\/algarve7.pt\/#organization"},"image":{"@id":"https:\/\/algarve7.pt\/index.php\/2026\/09\/ccdr-algarve-presente-na-27-a-edicao-dos-dias-medievais-em-castro-marim\/cultura\/07\/10\/#primaryimage"},"thumbnailUrl":"https:\/\/algarve7.pt\/wp-content\/uploads\/2026\/08\/Abertura-Dias-Medievais-de-Castro-Marim-26-08-2026-49.jpg","keywords":["Algarve","Castro Marim","Cultura","Dias Medievais"],"articleSection":["Cultura"],"inLanguage":"pt-PT"},{"@type":"WebPage","@id":"https:\/\/algarve7.pt\/index.php\/2026\/09\/ccdr-algarve-presente-na-27-a-edicao-dos-dias-medievais-em-castro-marim\/cultura\/07\/10\/","url":"https:\/\/algarve7.pt\/index.php\/2026\/09\/ccdr-algarve-presente-na-27-a-edicao-dos-dias-medievais-em-castro-marim\/cultura\/07\/10\/","name":"CCDR Algarve presente na 27.\u00aa edi\u00e7\u00e3o dos Dias Medievais em Castro Marim - Algarve 7","isPartOf":{"@id":"https:\/\/algarve7.pt\/#website"},"primaryImageOfPage":{"@id":"https:\/\/algarve7.pt\/index.php\/2026\/09\/ccdr-algarve-presente-na-27-a-edicao-dos-dias-medievais-em-castro-marim\/cultura\/07\/10\/#primaryimage"},"image":{"@id":"https:\/\/algarve7.pt\/index.php\/2026\/09\/ccdr-algarve-presente-na-27-a-edicao-dos-dias-medievais-em-castro-marim\/cultura\/07\/10\/#primaryimage"},"thumbnailUrl":"https:\/\/algarve7.pt\/wp-content\/uploads\/2026\/08\/Abertura-Dias-Medievais-de-Castro-Marim-26-08-2026-49.jpg","datePublished":"2026-09-01T06:10:00+00:00","description":"CCDR Algarve presente na 27.\u00aa edi\u00e7\u00e3o dos Dias Medievais em Castro Marim Cultura","breadcrumb":{"@id":"https:\/\/algarve7.pt\/index.php\/2026\/09\/ccdr-algarve-presente-na-27-a-edicao-dos-dias-medievais-em-castro-marim\/cultura\/07\/10\/#breadcrumb"},"inLanguage":"pt-PT","potentialAction":[{"@type":"ReadAction","target":["https:\/\/algarve7.pt\/index.php\/2026\/09\/ccdr-algarve-presente-na-27-a-edicao-dos-dias-medievais-em-castro-marim\/cultura\/07\/10\/"]}]},{"@type":"ImageObject","inLanguage":"pt-PT","@id":"https:\/\/algarve7.pt\/index.php\/2026\/09\/ccdr-algarve-presente-na-27-a-edicao-dos-dias-medievais-em-castro-marim\/cultura\/07\/10\/#primaryimage","url":"https:\/\/algarve7.pt\/wp-content\/uploads\/2026\/08\/Abertura-Dias-Medievais-de-Castro-Marim-26-08-2026-49.jpg","contentUrl":"https:\/\/algarve7.pt\/wp-content\/uploads\/2026\/08\/Abertura-Dias-Medievais-de-Castro-Marim-26-08-2026-49.jpg","width":975,"height":650},{"@type":"BreadcrumbList","@id":"https:\/\/algarve7.pt\/index.php\/2026\/09\/ccdr-algarve-presente-na-27-a-edicao-dos-dias-medievais-em-castro-marim\/cultura\/07\/10\/#breadcrumb","itemListElement":[{"@type":"ListItem","position":1,"name":"In\u00edcio","item":"https:\/\/algarve7.pt\/"},{"@type":"ListItem","position":2,"name":"CCDR Algarve presente na 27.\u00aa edi\u00e7\u00e3o dos Dias Medievais em Castro Marim"}]},{"@type":"WebSite","@id":"https:\/\/algarve7.pt\/#website","url":"https:\/\/algarve7.pt\/","name":"Algarve 7","description":"Informa\u00e7\u00e3o sobre o Algarve","publisher":{"@id":"https:\/\/algarve7.pt\/#organization"},"potentialAction":[{"@type":"SearchAction","target":{"@type":"EntryPoint","urlTemplate":"https:\/\/algarve7.pt\/?s={search_term_string}"},"query-input":{"@type":"PropertyValueSpecification","valueRequired":true,"valueName":"search_term_string"}}],"inLanguage":"pt-PT"},{"@type":"Organization","@id":"https:\/\/algarve7.pt\/#organization","name":"Algarve 7","url":"https:\/\/algarve7.pt\/","logo":{"@type":"ImageObject","inLanguage":"pt-PT","@id":"https:\/\/algarve7.pt\/#\/schema\/logo\/image\/","url":"https:\/\/algarve7.pt\/wp-content\/uploads\/2020\/10\/Logo-8.jpg","contentUrl":"https:\/\/algarve7.pt\/wp-content\/uploads\/2020\/10\/Logo-8.jpg","width":1680,"height":1186,"caption":"Algarve 7"},"image":{"@id":"https:\/\/algarve7.pt\/#\/schema\/logo\/image\/"},"sameAs":["https:\/\/www.facebook.com\/algarve7","https:\/\/x.com\/Algarvesete","https:\/\/www.instagram.com\/jornalalgarve7\/","https:\/\/www.linkedin.com\/company\/algarve7","https:\/\/www.pinterest.pt\/geral0939\/_created\/"]},{"@type":"Person","@id":"https:\/\/algarve7.pt\/#\/schema\/person\/23fa70681308e7b319a3204bcea45e0c","name":"Algarve 7","sameAs":["https:\/\/algarve7.pt","https:\/\/www.facebook.com\/algarve7"],"url":"https:\/\/algarve7.pt\/index.php\/author\/geralalgarve7-pt\/"}]}},"jetpack_publicize_connections":[],"jetpack_shortlink":"https:\/\/wp.me\/pcezmW-ha4","jetpack_sharing_enabled":true,"jetpack_featured_media_url":"https:\/\/algarve7.pt\/wp-content\/uploads\/2026\/08\/Abertura-Dias-Medievais-de-Castro-Marim-26-08-2026-49.jpg","_links":{"self":[{"href":"https:\/\/algarve7.pt\/index.php\/wp-json\/wp\/v2\/posts\/65972","targetHints":{"allow":["GET"]}}],"collection":[{"href":"https:\/\/algarve7.pt\/index.php\/wp-json\/wp\/v2\/posts"}],"about":[{"href":"https:\/\/algarve7.pt\/index.php\/wp-json\/wp\/v2\/types\/post"}],"author":[{"embeddable":true,"href":"https:\/\/algarve7.pt\/index.php\/wp-json\/wp\/v2\/users\/1"}],"replies":[{"embeddable":true,"href":"https:\/\/algarve7.pt\/index.php\/wp-json\/wp\/v2\/comments?post=65972"}],"version-history":[{"count":1,"href":"https:\/\/algarve7.pt\/index.php\/wp-json\/wp\/v2\/posts\/65972\/revisions"}],"predecessor-version":[{"id":65974,"href":"https:\/\/algarve7.pt\/index.php\/wp-json\/wp\/v2\/posts\/65972\/revisions\/65974"}],"wp:featuredmedia":[{"embeddable":true,"href":"https:\/\/algarve7.pt\/index.php\/wp-json\/wp\/v2\/media\/65973"}],"wp:attachment":[{"href":"https:\/\/algarve7.pt\/index.php\/wp-json\/wp\/v2\/media?parent=65972"}],"wp:term":[{"taxonomy":"category","embeddable":true,"href":"https:\/\/algarve7.pt\/index.php\/wp-json\/wp\/v2\/categories?post=65972"},{"taxonomy":"post_tag","embeddable":true,"href":"https:\/\/algarve7.pt\/index.php\/wp-json\/wp\/v2\/tags?post=65972"}],"curies":[{"name":"wp","href":"https:\/\/api.w.org\/{rel}","templated":true}]}}