{"id":65969,"date":"2026-08-31T10:07:35","date_gmt":"2026-08-31T09:07:35","guid":{"rendered":"https:\/\/algarve7.pt\/?p=65969"},"modified":"2026-08-31T10:07:38","modified_gmt":"2026-08-31T09:07:38","slug":"ministro-da-agricultura-visitou-obras-de-eficiencia-hidrica-na-agricultura-no-perimetro-alvor-bravura-num-investimento-de-15-milhoes-de-euros","status":"publish","type":"post","link":"https:\/\/algarve7.pt\/index.php\/2026\/08\/ministro-da-agricultura-visitou-obras-de-eficiencia-hidrica-na-agricultura-no-perimetro-alvor-bravura-num-investimento-de-15-milhoes-de-euros\/atualidade\/10\/07\/","title":{"rendered":"Ministro da Agricultura visitou obras de efici\u00eancia h\u00eddrica na agricultura no Per\u00edmetro Alvor-Bravura, num investimento de 15 milh\u00f5es de euros"},"content":{"rendered":"\n<p class=\"wp-block-paragraph\">O Ministro da Agricultura e Mar, Jos\u00e9 Manuel Fernandes, visitou, na manh\u00e3 de 28 de agosto, as obras de moderniza\u00e7\u00e3o do Aproveitamento Hidroagr\u00edcola do Alvor, no \u00e2mbito do Per\u00edmetro de Rega Alvor-Bravura, uma interven\u00e7\u00e3o estruturante para a melhoria da efici\u00eancia h\u00eddrica da agricultura algarvia, com um investimento de cerca de&nbsp;15 milh\u00f5es de euros&nbsp;assegurado atrav\u00e9s da verba alocada ao Algarve no cap\u00edtulo regional do Plano de Recupera\u00e7\u00e3o e Resili\u00eancia (PRR).<\/p>\n\n\n\n<p class=\"wp-block-paragraph\">A visita contou com a presen\u00e7a do Presidente da Comiss\u00e3o de Coordena\u00e7\u00e3o e Desenvolvimento Regional do Algarve (CCDR Algarve), Jos\u00e9 Apolin\u00e1rio, do Vice-Presidente Fernando Severino, do Diretor-Geral da Dire\u00e7\u00e3o-Geral de Agricultura e Desenvolvimento Rural (DGADR), Jos\u00e9 Eduardo Reis, dos Presidentes das C\u00e2maras Municipais de Portim\u00e3o e Lagos, \u00c1lvaro Bila e Hugo Pereira, do Deputado Crist\u00f3v\u00e3o Norte, e do Presidente da Associa\u00e7\u00e3o de Regantes e Benefici\u00e1rios do Alvor (ARBA), Joaquim Messias Calado.<\/p>\n\n\n\n<p class=\"wp-block-paragraph\">Considerada a maior obra de moderniza\u00e7\u00e3o do regadio atualmente em execu\u00e7\u00e3o no Algarve, a interven\u00e7\u00e3o pretende reduzir significativamente as perdas de \u00e1gua no sistema de distribui\u00e7\u00e3o, promovendo uma utiliza\u00e7\u00e3o mais eficiente e sustent\u00e1vel deste recurso essencial \u00e0 atividade agr\u00edcola.<\/p>\n\n\n\n<p class=\"wp-block-paragraph\">Durante a visita, o Ministro da Agricultura e Mar sublinhou&nbsp;que a interven\u00e7\u00e3o permitir\u00e1 uma redu\u00e7\u00e3o muito significativa das perdas de \u00e1gua, estimando que, quando o conjunto das obras estiver conclu\u00eddo, seja poss\u00edvel&nbsp;<strong>poupar cerca de 60% da \u00e1gua utilizada no sistema, o equivalente a aproximadamente 19 milh\u00f5es de metros c\u00fabicos por ano e a cerca de dois milh\u00f5es de euros de poupan\u00e7a anual.<\/strong><\/p>\n\n\n\n<p class=\"wp-block-paragraph\">A interven\u00e7\u00e3o contempla, nesta primeira fase, a constru\u00e7\u00e3o de um novo reservat\u00f3rio, uma esta\u00e7\u00e3o elevat\u00f3ria e uma esta\u00e7\u00e3o de filtragem, bem como a moderniza\u00e7\u00e3o de cerca de dois quil\u00f3metros do canal condutor geral,&nbsp;atrav\u00e9s da instala\u00e7\u00e3o de condutas fechadas no interior do canal existente.<\/p>\n\n\n\n<p class=\"wp-block-paragraph\">A moderniza\u00e7\u00e3o integra igualmente uma componente de efici\u00eancia energ\u00e9tica, estando prevista a instala\u00e7\u00e3o de pain\u00e9is fotovoltaicos destinados a apoiar o funcionamento da esta\u00e7\u00e3o elevat\u00f3ria e a reduzir os custos associados \u00e0 bombagem da \u00e1gua.<\/p>\n\n\n\n<p class=\"wp-block-paragraph\">A interven\u00e7\u00e3o no Per\u00edmetro Alvor-Bravura insere-se numa vis\u00e3o mais ampla de gest\u00e3o eficiente e sustent\u00e1vel dos recursos h\u00eddricos no Algarve, em articula\u00e7\u00e3o com a estrat\u00e9gia nacional \u201c\u00c1gua que Une\u201d.<\/p>\n\n\n\n<p class=\"wp-block-paragraph\">Para o Ministro da Agricultura e Mar, a resposta aos desafios da \u00e1gua passa por combinar armazenamento, efici\u00eancia e interliga\u00e7\u00e3o dos sistemas, garantindo o abastecimento para diferentes utiliza\u00e7\u00f5es e assegurando simultaneamente a sustentabilidade dos territ\u00f3rios.<\/p>\n\n\n\n<p class=\"wp-block-paragraph\"><strong>\u201cTemos de fazer uma gest\u00e3o inteligente da \u00e1gua, garantindo a sua utiliza\u00e7\u00e3o para o consumo humano, a agricultura, a ind\u00fastria, o turismo, o ambiente e a prote\u00e7\u00e3o civil.\u201d<\/strong><\/p>\n\n\n\n<p class=\"wp-block-paragraph\"><strong>\u201cIsto \u00e9 investimento, isto n\u00e3o \u00e9 despesa, isto \u00e9 retorno.\u201d<\/strong><\/p>\n\n\n\n<p class=\"wp-block-paragraph\"><strong>\u201c\u00c0s vezes, o agricultor \u00e9 apresentado como vil\u00e3o. Eu costumo dizer que \u00e9 o melhor amigo do ambiente. O agricultor \u00e9 dos que mais poupa \u00e1gua.\u201d<\/strong><\/p>\n\n\n\n<p class=\"wp-block-paragraph\">O Aproveitamento Hidroagr\u00edcola do Alvor est\u00e1 associado \u00e0 Barragem da Bravura, constru\u00edda em 1958, e serve um per\u00edmetro originalmente concebido para cerca de 1800 hectares, envolvendo centenas de benefici\u00e1rios.<\/p>\n\n\n\n<p class=\"wp-block-paragraph\">A moderniza\u00e7\u00e3o em curso representa, assim, uma transforma\u00e7\u00e3o profunda de uma infraestrutura com quase sete d\u00e9cadas, permitindo adaptar o sistema \u00e0s atuais exig\u00eancias de efici\u00eancia h\u00eddrica, energ\u00e9tica e ambiental.<\/p>\n\n\n\n<p class=\"wp-block-paragraph\">Durante a visita, o Ministro da Agricultura e Mar confirmou igualmente a inten\u00e7\u00e3o de avan\u00e7ar com uma segunda fase de moderniza\u00e7\u00e3o, estimada em cerca de&nbsp;40 milh\u00f5es de euros, que permitir\u00e1 dar continuidade \u00e0 interven\u00e7\u00e3o e ampliar os ganhos de efici\u00eancia do sistema.<\/p>\n\n\n\n<p class=\"wp-block-paragraph\">A moderniza\u00e7\u00e3o do Aproveitamento Hidroagr\u00edcola do Alvor constitui, deste modo, um exemplo concreto da aplica\u00e7\u00e3o no territ\u00f3rio de fundos europeus e de investimento p\u00fablico orientado para a resposta a um dos principais desafios estrat\u00e9gicos do Algarve: garantir \u00e1gua.<\/p>\n\n\n\n<p class=\"wp-block-paragraph\">A CCDR Algarve considera que a concretiza\u00e7\u00e3o deste tipo de investimentos demonstra a import\u00e2ncia de assegurar uma abordagem territorializada dos fundos europeus, permitindo direcionar recursos para necessidades e prioridades espec\u00edficas da regi\u00e3o e refor\u00e7ar a capacidade de resposta do Algarve perante os desafios da efici\u00eancia h\u00eddrica e das altera\u00e7\u00f5es clim\u00e1ticas.<\/p>\n\n\n\n<p class=\"wp-block-paragraph\">Foto: Jorge Gomes<\/p>\n","protected":false},"excerpt":{"rendered":"<p>O Ministro da Agricultura e Mar, Jos\u00e9 Manuel Fernandes, visitou, na manh\u00e3 de 28 de agosto, as obras de moderniza\u00e7\u00e3o<\/p>\n","protected":false},"author":1,"featured_media":65970,"comment_status":"closed","ping_status":"closed","sticky":false,"template":"","format":"standard","meta":{"colormag_page_container_layout":"default_layout","colormag_page_sidebar_layout":"default_layout","_monsterinsights_skip_tracking":false,"_jetpack_newsletter_access":"","_jetpack_dont_email_post_to_subs":false,"_jetpack_newsletter_tier_id":0,"_jetpack_memberships_contains_paywalled_content":false,"_jetpack_feature_clip_id":0,"_jetpack_memberships_contains_paid_content":false,"footnotes":"","jetpack_publicize_message":"","jetpack_publicize_feature_enabled":true,"jetpack_social_post_already_shared":true,"jetpack_social_options":{"image_generator_settings":{"template":"highway","default_image_id":0,"font":"","enabled":false},"version":2},"jetpack_post_was_ever_published":false},"categories":[11],"tags":[36,32,62,68,534,72],"class_list":["post-65969","post","type-post","status-publish","format-standard","has-post-thumbnail","hentry","category-atualidade","tag-algarve","tag-ambiente","tag-atualidade","tag-lagos","tag-plano-de-recuperacao-e-resiliencia-prr","tag-portimao"],"yoast_head":"<!-- This site is optimized with the Yoast SEO plugin v28.3 - https:\/\/yoast.com\/product\/yoast-seo-wordpress\/ -->\n<title>Ministro da Agricultura visitou obras de efici\u00eancia h\u00eddrica na agricultura no Per\u00edmetro Alvor-Bravura, num investimento de 15 milh\u00f5es de euros - Algarve 7<\/title>\n<meta name=\"description\" content=\"Ministro da Agricultura visitou obras de efici\u00eancia h\u00eddrica na agricultura no Per\u00edmetro Alvor-Bravura, num investimento de 15 milh\u00f5es de euros Atualidade\" \/>\n<meta name=\"robots\" content=\"index, follow, max-snippet:-1, max-image-preview:large, max-video-preview:-1\" \/>\n<link rel=\"canonical\" href=\"https:\/\/algarve7.pt\/index.php\/2026\/08\/ministro-da-agricultura-visitou-obras-de-eficiencia-hidrica-na-agricultura-no-perimetro-alvor-bravura-num-investimento-de-15-milhoes-de-euros\/atualidade\/10\/07\/\" \/>\n<meta property=\"og:locale\" content=\"pt_PT\" \/>\n<meta property=\"og:type\" content=\"article\" \/>\n<meta property=\"og:title\" content=\"Ministro da Agricultura visitou obras de efici\u00eancia h\u00eddrica na agricultura no Per\u00edmetro Alvor-Bravura, num investimento de 15 milh\u00f5es de euros - Algarve 7\" \/>\n<meta property=\"og:description\" content=\"Ministro da Agricultura visitou obras de efici\u00eancia h\u00eddrica na agricultura no Per\u00edmetro Alvor-Bravura, num investimento de 15 milh\u00f5es de euros Atualidade\" \/>\n<meta property=\"og:url\" content=\"https:\/\/algarve7.pt\/index.php\/2026\/08\/ministro-da-agricultura-visitou-obras-de-eficiencia-hidrica-na-agricultura-no-perimetro-alvor-bravura-num-investimento-de-15-milhoes-de-euros\/atualidade\/10\/07\/\" \/>\n<meta property=\"og:site_name\" content=\"Algarve 7\" \/>\n<meta property=\"article:publisher\" content=\"https:\/\/www.facebook.com\/algarve7\" \/>\n<meta property=\"article:author\" content=\"https:\/\/www.facebook.com\/algarve7\" \/>\n<meta property=\"article:published_time\" content=\"2026-08-31T09:07:35+00:00\" \/>\n<meta property=\"article:modified_time\" content=\"2026-08-31T09:07:38+00:00\" \/>\n<meta property=\"og:image\" content=\"https:\/\/algarve7.pt\/wp-content\/uploads\/2026\/08\/Visita-ministro-Agricultura-ao-Barlavento-28-08-2026-39.jpg\" \/>\n\t<meta property=\"og:image:width\" content=\"975\" \/>\n\t<meta property=\"og:image:height\" content=\"650\" \/>\n\t<meta property=\"og:image:type\" content=\"image\/jpeg\" \/>\n<meta name=\"author\" content=\"Algarve 7\" \/>\n<meta name=\"twitter:card\" content=\"summary_large_image\" \/>\n<meta name=\"twitter:creator\" content=\"@Algarvesete\" \/>\n<meta name=\"twitter:site\" content=\"@Algarvesete\" \/>\n<meta name=\"twitter:label1\" content=\"Escrito por\" \/>\n\t<meta name=\"twitter:data1\" content=\"Algarve 7\" \/>\n\t<meta name=\"twitter:label2\" content=\"Tempo estimado de leitura\" \/>\n\t<meta name=\"twitter:data2\" content=\"4 minutos\" \/>\n<script type=\"application\/ld+json\" class=\"yoast-schema-graph\">{\"@context\":\"https:\\\/\\\/schema.org\",\"@graph\":[{\"@type\":\"Article\",\"@id\":\"https:\\\/\\\/algarve7.pt\\\/index.php\\\/2026\\\/08\\\/ministro-da-agricultura-visitou-obras-de-eficiencia-hidrica-na-agricultura-no-perimetro-alvor-bravura-num-investimento-de-15-milhoes-de-euros\\\/atualidade\\\/10\\\/07\\\/#article\",\"isPartOf\":{\"@id\":\"https:\\\/\\\/algarve7.pt\\\/index.php\\\/2026\\\/08\\\/ministro-da-agricultura-visitou-obras-de-eficiencia-hidrica-na-agricultura-no-perimetro-alvor-bravura-num-investimento-de-15-milhoes-de-euros\\\/atualidade\\\/10\\\/07\\\/\"},\"author\":{\"name\":\"Algarve 7\",\"@id\":\"https:\\\/\\\/algarve7.pt\\\/#\\\/schema\\\/person\\\/23fa70681308e7b319a3204bcea45e0c\"},\"headline\":\"Ministro da Agricultura visitou obras de efici\u00eancia h\u00eddrica na agricultura no Per\u00edmetro Alvor-Bravura, num investimento de 15 milh\u00f5es de euros\",\"datePublished\":\"2026-08-31T09:07:35+00:00\",\"dateModified\":\"2026-08-31T09:07:38+00:00\",\"mainEntityOfPage\":{\"@id\":\"https:\\\/\\\/algarve7.pt\\\/index.php\\\/2026\\\/08\\\/ministro-da-agricultura-visitou-obras-de-eficiencia-hidrica-na-agricultura-no-perimetro-alvor-bravura-num-investimento-de-15-milhoes-de-euros\\\/atualidade\\\/10\\\/07\\\/\"},\"wordCount\":759,\"publisher\":{\"@id\":\"https:\\\/\\\/algarve7.pt\\\/#organization\"},\"image\":{\"@id\":\"https:\\\/\\\/algarve7.pt\\\/index.php\\\/2026\\\/08\\\/ministro-da-agricultura-visitou-obras-de-eficiencia-hidrica-na-agricultura-no-perimetro-alvor-bravura-num-investimento-de-15-milhoes-de-euros\\\/atualidade\\\/10\\\/07\\\/#primaryimage\"},\"thumbnailUrl\":\"https:\\\/\\\/algarve7.pt\\\/wp-content\\\/uploads\\\/2026\\\/08\\\/Visita-ministro-Agricultura-ao-Barlavento-28-08-2026-39.jpg\",\"keywords\":[\"Algarve\",\"Ambiente\",\"Atualidade\",\"Lagos\",\"Plano de Recupera\u00e7\u00e3o e Resili\u00eancia (PRR)\",\"Portim\u00e3o\"],\"articleSection\":[\"Atualidade\"],\"inLanguage\":\"pt-PT\"},{\"@type\":\"WebPage\",\"@id\":\"https:\\\/\\\/algarve7.pt\\\/index.php\\\/2026\\\/08\\\/ministro-da-agricultura-visitou-obras-de-eficiencia-hidrica-na-agricultura-no-perimetro-alvor-bravura-num-investimento-de-15-milhoes-de-euros\\\/atualidade\\\/10\\\/07\\\/\",\"url\":\"https:\\\/\\\/algarve7.pt\\\/index.php\\\/2026\\\/08\\\/ministro-da-agricultura-visitou-obras-de-eficiencia-hidrica-na-agricultura-no-perimetro-alvor-bravura-num-investimento-de-15-milhoes-de-euros\\\/atualidade\\\/10\\\/07\\\/\",\"name\":\"Ministro da Agricultura visitou obras de efici\u00eancia h\u00eddrica na agricultura no Per\u00edmetro Alvor-Bravura, num investimento de 15 milh\u00f5es de euros - Algarve 7\",\"isPartOf\":{\"@id\":\"https:\\\/\\\/algarve7.pt\\\/#website\"},\"primaryImageOfPage\":{\"@id\":\"https:\\\/\\\/algarve7.pt\\\/index.php\\\/2026\\\/08\\\/ministro-da-agricultura-visitou-obras-de-eficiencia-hidrica-na-agricultura-no-perimetro-alvor-bravura-num-investimento-de-15-milhoes-de-euros\\\/atualidade\\\/10\\\/07\\\/#primaryimage\"},\"image\":{\"@id\":\"https:\\\/\\\/algarve7.pt\\\/index.php\\\/2026\\\/08\\\/ministro-da-agricultura-visitou-obras-de-eficiencia-hidrica-na-agricultura-no-perimetro-alvor-bravura-num-investimento-de-15-milhoes-de-euros\\\/atualidade\\\/10\\\/07\\\/#primaryimage\"},\"thumbnailUrl\":\"https:\\\/\\\/algarve7.pt\\\/wp-content\\\/uploads\\\/2026\\\/08\\\/Visita-ministro-Agricultura-ao-Barlavento-28-08-2026-39.jpg\",\"datePublished\":\"2026-08-31T09:07:35+00:00\",\"dateModified\":\"2026-08-31T09:07:38+00:00\",\"description\":\"Ministro da Agricultura visitou obras de efici\u00eancia h\u00eddrica na agricultura no Per\u00edmetro Alvor-Bravura, num investimento de 15 milh\u00f5es de euros Atualidade\",\"breadcrumb\":{\"@id\":\"https:\\\/\\\/algarve7.pt\\\/index.php\\\/2026\\\/08\\\/ministro-da-agricultura-visitou-obras-de-eficiencia-hidrica-na-agricultura-no-perimetro-alvor-bravura-num-investimento-de-15-milhoes-de-euros\\\/atualidade\\\/10\\\/07\\\/#breadcrumb\"},\"inLanguage\":\"pt-PT\",\"potentialAction\":[{\"@type\":\"ReadAction\",\"target\":[\"https:\\\/\\\/algarve7.pt\\\/index.php\\\/2026\\\/08\\\/ministro-da-agricultura-visitou-obras-de-eficiencia-hidrica-na-agricultura-no-perimetro-alvor-bravura-num-investimento-de-15-milhoes-de-euros\\\/atualidade\\\/10\\\/07\\\/\"]}]},{\"@type\":\"ImageObject\",\"inLanguage\":\"pt-PT\",\"@id\":\"https:\\\/\\\/algarve7.pt\\\/index.php\\\/2026\\\/08\\\/ministro-da-agricultura-visitou-obras-de-eficiencia-hidrica-na-agricultura-no-perimetro-alvor-bravura-num-investimento-de-15-milhoes-de-euros\\\/atualidade\\\/10\\\/07\\\/#primaryimage\",\"url\":\"https:\\\/\\\/algarve7.pt\\\/wp-content\\\/uploads\\\/2026\\\/08\\\/Visita-ministro-Agricultura-ao-Barlavento-28-08-2026-39.jpg\",\"contentUrl\":\"https:\\\/\\\/algarve7.pt\\\/wp-content\\\/uploads\\\/2026\\\/08\\\/Visita-ministro-Agricultura-ao-Barlavento-28-08-2026-39.jpg\",\"width\":975,\"height\":650},{\"@type\":\"BreadcrumbList\",\"@id\":\"https:\\\/\\\/algarve7.pt\\\/index.php\\\/2026\\\/08\\\/ministro-da-agricultura-visitou-obras-de-eficiencia-hidrica-na-agricultura-no-perimetro-alvor-bravura-num-investimento-de-15-milhoes-de-euros\\\/atualidade\\\/10\\\/07\\\/#breadcrumb\",\"itemListElement\":[{\"@type\":\"ListItem\",\"position\":1,\"name\":\"In\u00edcio\",\"item\":\"https:\\\/\\\/algarve7.pt\\\/\"},{\"@type\":\"ListItem\",\"position\":2,\"name\":\"Ministro da Agricultura visitou obras de efici\u00eancia h\u00eddrica na agricultura no Per\u00edmetro Alvor-Bravura, num investimento de 15 milh\u00f5es de euros\"}]},{\"@type\":\"WebSite\",\"@id\":\"https:\\\/\\\/algarve7.pt\\\/#website\",\"url\":\"https:\\\/\\\/algarve7.pt\\\/\",\"name\":\"Algarve 7\",\"description\":\"Informa\u00e7\u00e3o sobre o Algarve\",\"publisher\":{\"@id\":\"https:\\\/\\\/algarve7.pt\\\/#organization\"},\"potentialAction\":[{\"@type\":\"SearchAction\",\"target\":{\"@type\":\"EntryPoint\",\"urlTemplate\":\"https:\\\/\\\/algarve7.pt\\\/?s={search_term_string}\"},\"query-input\":{\"@type\":\"PropertyValueSpecification\",\"valueRequired\":true,\"valueName\":\"search_term_string\"}}],\"inLanguage\":\"pt-PT\"},{\"@type\":\"Organization\",\"@id\":\"https:\\\/\\\/algarve7.pt\\\/#organization\",\"name\":\"Algarve 7\",\"url\":\"https:\\\/\\\/algarve7.pt\\\/\",\"logo\":{\"@type\":\"ImageObject\",\"inLanguage\":\"pt-PT\",\"@id\":\"https:\\\/\\\/algarve7.pt\\\/#\\\/schema\\\/logo\\\/image\\\/\",\"url\":\"https:\\\/\\\/algarve7.pt\\\/wp-content\\\/uploads\\\/2020\\\/10\\\/Logo-8.jpg\",\"contentUrl\":\"https:\\\/\\\/algarve7.pt\\\/wp-content\\\/uploads\\\/2020\\\/10\\\/Logo-8.jpg\",\"width\":1680,\"height\":1186,\"caption\":\"Algarve 7\"},\"image\":{\"@id\":\"https:\\\/\\\/algarve7.pt\\\/#\\\/schema\\\/logo\\\/image\\\/\"},\"sameAs\":[\"https:\\\/\\\/www.facebook.com\\\/algarve7\",\"https:\\\/\\\/x.com\\\/Algarvesete\",\"https:\\\/\\\/www.instagram.com\\\/jornalalgarve7\\\/\",\"https:\\\/\\\/www.linkedin.com\\\/company\\\/algarve7\",\"https:\\\/\\\/www.pinterest.pt\\\/geral0939\\\/_created\\\/\"]},{\"@type\":\"Person\",\"@id\":\"https:\\\/\\\/algarve7.pt\\\/#\\\/schema\\\/person\\\/23fa70681308e7b319a3204bcea45e0c\",\"name\":\"Algarve 7\",\"sameAs\":[\"https:\\\/\\\/algarve7.pt\",\"https:\\\/\\\/www.facebook.com\\\/algarve7\"],\"url\":\"https:\\\/\\\/algarve7.pt\\\/index.php\\\/author\\\/geralalgarve7-pt\\\/\"}]}<\/script>\n<!-- \/ Yoast SEO plugin. -->","yoast_head_json":{"title":"Ministro da Agricultura visitou obras de efici\u00eancia h\u00eddrica na agricultura no Per\u00edmetro Alvor-Bravura, num investimento de 15 milh\u00f5es de euros - Algarve 7","description":"Ministro da Agricultura visitou obras de efici\u00eancia h\u00eddrica na agricultura no Per\u00edmetro Alvor-Bravura, num investimento de 15 milh\u00f5es de euros Atualidade","robots":{"index":"index","follow":"follow","max-snippet":"max-snippet:-1","max-image-preview":"max-image-preview:large","max-video-preview":"max-video-preview:-1"},"canonical":"https:\/\/algarve7.pt\/index.php\/2026\/08\/ministro-da-agricultura-visitou-obras-de-eficiencia-hidrica-na-agricultura-no-perimetro-alvor-bravura-num-investimento-de-15-milhoes-de-euros\/atualidade\/10\/07\/","og_locale":"pt_PT","og_type":"article","og_title":"Ministro da Agricultura visitou obras de efici\u00eancia h\u00eddrica na agricultura no Per\u00edmetro Alvor-Bravura, num investimento de 15 milh\u00f5es de euros - Algarve 7","og_description":"Ministro da Agricultura visitou obras de efici\u00eancia h\u00eddrica na agricultura no Per\u00edmetro Alvor-Bravura, num investimento de 15 milh\u00f5es de euros Atualidade","og_url":"https:\/\/algarve7.pt\/index.php\/2026\/08\/ministro-da-agricultura-visitou-obras-de-eficiencia-hidrica-na-agricultura-no-perimetro-alvor-bravura-num-investimento-de-15-milhoes-de-euros\/atualidade\/10\/07\/","og_site_name":"Algarve 7","article_publisher":"https:\/\/www.facebook.com\/algarve7","article_author":"https:\/\/www.facebook.com\/algarve7","article_published_time":"2026-08-31T09:07:35+00:00","article_modified_time":"2026-08-31T09:07:38+00:00","og_image":[{"width":975,"height":650,"url":"https:\/\/algarve7.pt\/wp-content\/uploads\/2026\/08\/Visita-ministro-Agricultura-ao-Barlavento-28-08-2026-39.jpg","type":"image\/jpeg"}],"author":"Algarve 7","twitter_card":"summary_large_image","twitter_creator":"@Algarvesete","twitter_site":"@Algarvesete","twitter_misc":{"Escrito por":"Algarve 7","Tempo estimado de leitura":"4 minutos"},"schema":{"@context":"https:\/\/schema.org","@graph":[{"@type":"Article","@id":"https:\/\/algarve7.pt\/index.php\/2026\/08\/ministro-da-agricultura-visitou-obras-de-eficiencia-hidrica-na-agricultura-no-perimetro-alvor-bravura-num-investimento-de-15-milhoes-de-euros\/atualidade\/10\/07\/#article","isPartOf":{"@id":"https:\/\/algarve7.pt\/index.php\/2026\/08\/ministro-da-agricultura-visitou-obras-de-eficiencia-hidrica-na-agricultura-no-perimetro-alvor-bravura-num-investimento-de-15-milhoes-de-euros\/atualidade\/10\/07\/"},"author":{"name":"Algarve 7","@id":"https:\/\/algarve7.pt\/#\/schema\/person\/23fa70681308e7b319a3204bcea45e0c"},"headline":"Ministro da Agricultura visitou obras de efici\u00eancia h\u00eddrica na agricultura no Per\u00edmetro Alvor-Bravura, num investimento de 15 milh\u00f5es de euros","datePublished":"2026-08-31T09:07:35+00:00","dateModified":"2026-08-31T09:07:38+00:00","mainEntityOfPage":{"@id":"https:\/\/algarve7.pt\/index.php\/2026\/08\/ministro-da-agricultura-visitou-obras-de-eficiencia-hidrica-na-agricultura-no-perimetro-alvor-bravura-num-investimento-de-15-milhoes-de-euros\/atualidade\/10\/07\/"},"wordCount":759,"publisher":{"@id":"https:\/\/algarve7.pt\/#organization"},"image":{"@id":"https:\/\/algarve7.pt\/index.php\/2026\/08\/ministro-da-agricultura-visitou-obras-de-eficiencia-hidrica-na-agricultura-no-perimetro-alvor-bravura-num-investimento-de-15-milhoes-de-euros\/atualidade\/10\/07\/#primaryimage"},"thumbnailUrl":"https:\/\/algarve7.pt\/wp-content\/uploads\/2026\/08\/Visita-ministro-Agricultura-ao-Barlavento-28-08-2026-39.jpg","keywords":["Algarve","Ambiente","Atualidade","Lagos","Plano de Recupera\u00e7\u00e3o e Resili\u00eancia (PRR)","Portim\u00e3o"],"articleSection":["Atualidade"],"inLanguage":"pt-PT"},{"@type":"WebPage","@id":"https:\/\/algarve7.pt\/index.php\/2026\/08\/ministro-da-agricultura-visitou-obras-de-eficiencia-hidrica-na-agricultura-no-perimetro-alvor-bravura-num-investimento-de-15-milhoes-de-euros\/atualidade\/10\/07\/","url":"https:\/\/algarve7.pt\/index.php\/2026\/08\/ministro-da-agricultura-visitou-obras-de-eficiencia-hidrica-na-agricultura-no-perimetro-alvor-bravura-num-investimento-de-15-milhoes-de-euros\/atualidade\/10\/07\/","name":"Ministro da Agricultura visitou obras de efici\u00eancia h\u00eddrica na agricultura no Per\u00edmetro Alvor-Bravura, num investimento de 15 milh\u00f5es de euros - Algarve 7","isPartOf":{"@id":"https:\/\/algarve7.pt\/#website"},"primaryImageOfPage":{"@id":"https:\/\/algarve7.pt\/index.php\/2026\/08\/ministro-da-agricultura-visitou-obras-de-eficiencia-hidrica-na-agricultura-no-perimetro-alvor-bravura-num-investimento-de-15-milhoes-de-euros\/atualidade\/10\/07\/#primaryimage"},"image":{"@id":"https:\/\/algarve7.pt\/index.php\/2026\/08\/ministro-da-agricultura-visitou-obras-de-eficiencia-hidrica-na-agricultura-no-perimetro-alvor-bravura-num-investimento-de-15-milhoes-de-euros\/atualidade\/10\/07\/#primaryimage"},"thumbnailUrl":"https:\/\/algarve7.pt\/wp-content\/uploads\/2026\/08\/Visita-ministro-Agricultura-ao-Barlavento-28-08-2026-39.jpg","datePublished":"2026-08-31T09:07:35+00:00","dateModified":"2026-08-31T09:07:38+00:00","description":"Ministro da Agricultura visitou obras de efici\u00eancia h\u00eddrica na agricultura no Per\u00edmetro Alvor-Bravura, num investimento de 15 milh\u00f5es de euros Atualidade","breadcrumb":{"@id":"https:\/\/algarve7.pt\/index.php\/2026\/08\/ministro-da-agricultura-visitou-obras-de-eficiencia-hidrica-na-agricultura-no-perimetro-alvor-bravura-num-investimento-de-15-milhoes-de-euros\/atualidade\/10\/07\/#breadcrumb"},"inLanguage":"pt-PT","potentialAction":[{"@type":"ReadAction","target":["https:\/\/algarve7.pt\/index.php\/2026\/08\/ministro-da-agricultura-visitou-obras-de-eficiencia-hidrica-na-agricultura-no-perimetro-alvor-bravura-num-investimento-de-15-milhoes-de-euros\/atualidade\/10\/07\/"]}]},{"@type":"ImageObject","inLanguage":"pt-PT","@id":"https:\/\/algarve7.pt\/index.php\/2026\/08\/ministro-da-agricultura-visitou-obras-de-eficiencia-hidrica-na-agricultura-no-perimetro-alvor-bravura-num-investimento-de-15-milhoes-de-euros\/atualidade\/10\/07\/#primaryimage","url":"https:\/\/algarve7.pt\/wp-content\/uploads\/2026\/08\/Visita-ministro-Agricultura-ao-Barlavento-28-08-2026-39.jpg","contentUrl":"https:\/\/algarve7.pt\/wp-content\/uploads\/2026\/08\/Visita-ministro-Agricultura-ao-Barlavento-28-08-2026-39.jpg","width":975,"height":650},{"@type":"BreadcrumbList","@id":"https:\/\/algarve7.pt\/index.php\/2026\/08\/ministro-da-agricultura-visitou-obras-de-eficiencia-hidrica-na-agricultura-no-perimetro-alvor-bravura-num-investimento-de-15-milhoes-de-euros\/atualidade\/10\/07\/#breadcrumb","itemListElement":[{"@type":"ListItem","position":1,"name":"In\u00edcio","item":"https:\/\/algarve7.pt\/"},{"@type":"ListItem","position":2,"name":"Ministro da Agricultura visitou obras de efici\u00eancia h\u00eddrica na agricultura no Per\u00edmetro Alvor-Bravura, num investimento de 15 milh\u00f5es de euros"}]},{"@type":"WebSite","@id":"https:\/\/algarve7.pt\/#website","url":"https:\/\/algarve7.pt\/","name":"Algarve 7","description":"Informa\u00e7\u00e3o sobre o Algarve","publisher":{"@id":"https:\/\/algarve7.pt\/#organization"},"potentialAction":[{"@type":"SearchAction","target":{"@type":"EntryPoint","urlTemplate":"https:\/\/algarve7.pt\/?s={search_term_string}"},"query-input":{"@type":"PropertyValueSpecification","valueRequired":true,"valueName":"search_term_string"}}],"inLanguage":"pt-PT"},{"@type":"Organization","@id":"https:\/\/algarve7.pt\/#organization","name":"Algarve 7","url":"https:\/\/algarve7.pt\/","logo":{"@type":"ImageObject","inLanguage":"pt-PT","@id":"https:\/\/algarve7.pt\/#\/schema\/logo\/image\/","url":"https:\/\/algarve7.pt\/wp-content\/uploads\/2020\/10\/Logo-8.jpg","contentUrl":"https:\/\/algarve7.pt\/wp-content\/uploads\/2020\/10\/Logo-8.jpg","width":1680,"height":1186,"caption":"Algarve 7"},"image":{"@id":"https:\/\/algarve7.pt\/#\/schema\/logo\/image\/"},"sameAs":["https:\/\/www.facebook.com\/algarve7","https:\/\/x.com\/Algarvesete","https:\/\/www.instagram.com\/jornalalgarve7\/","https:\/\/www.linkedin.com\/company\/algarve7","https:\/\/www.pinterest.pt\/geral0939\/_created\/"]},{"@type":"Person","@id":"https:\/\/algarve7.pt\/#\/schema\/person\/23fa70681308e7b319a3204bcea45e0c","name":"Algarve 7","sameAs":["https:\/\/algarve7.pt","https:\/\/www.facebook.com\/algarve7"],"url":"https:\/\/algarve7.pt\/index.php\/author\/geralalgarve7-pt\/"}]}},"jetpack_publicize_connections":[],"jetpack_shortlink":"https:\/\/wp.me\/pcezmW-ha1","jetpack_sharing_enabled":true,"jetpack_featured_media_url":"https:\/\/algarve7.pt\/wp-content\/uploads\/2026\/08\/Visita-ministro-Agricultura-ao-Barlavento-28-08-2026-39.jpg","_links":{"self":[{"href":"https:\/\/algarve7.pt\/index.php\/wp-json\/wp\/v2\/posts\/65969","targetHints":{"allow":["GET"]}}],"collection":[{"href":"https:\/\/algarve7.pt\/index.php\/wp-json\/wp\/v2\/posts"}],"about":[{"href":"https:\/\/algarve7.pt\/index.php\/wp-json\/wp\/v2\/types\/post"}],"author":[{"embeddable":true,"href":"https:\/\/algarve7.pt\/index.php\/wp-json\/wp\/v2\/users\/1"}],"replies":[{"embeddable":true,"href":"https:\/\/algarve7.pt\/index.php\/wp-json\/wp\/v2\/comments?post=65969"}],"version-history":[{"count":1,"href":"https:\/\/algarve7.pt\/index.php\/wp-json\/wp\/v2\/posts\/65969\/revisions"}],"predecessor-version":[{"id":65971,"href":"https:\/\/algarve7.pt\/index.php\/wp-json\/wp\/v2\/posts\/65969\/revisions\/65971"}],"wp:featuredmedia":[{"embeddable":true,"href":"https:\/\/algarve7.pt\/index.php\/wp-json\/wp\/v2\/media\/65970"}],"wp:attachment":[{"href":"https:\/\/algarve7.pt\/index.php\/wp-json\/wp\/v2\/media?parent=65969"}],"wp:term":[{"taxonomy":"category","embeddable":true,"href":"https:\/\/algarve7.pt\/index.php\/wp-json\/wp\/v2\/categories?post=65969"},{"taxonomy":"post_tag","embeddable":true,"href":"https:\/\/algarve7.pt\/index.php\/wp-json\/wp\/v2\/tags?post=65969"}],"curies":[{"name":"wp","href":"https:\/\/api.w.org\/{rel}","templated":true}]}}