{"id":65951,"date":"2026-08-31T07:45:00","date_gmt":"2026-08-31T06:45:00","guid":{"rendered":"https:\/\/algarve7.pt\/?p=65951"},"modified":"2026-08-30T11:39:34","modified_gmt":"2026-08-30T10:39:34","slug":"setembro-desportivo-arranca-em-forca-em-portimao","status":"publish","type":"post","link":"https:\/\/algarve7.pt\/index.php\/2026\/08\/setembro-desportivo-arranca-em-forca-em-portimao\/desporto\/07\/45\/","title":{"rendered":"Setembro desportivo arranca em for\u00e7a em Portim\u00e3o\u00a0"},"content":{"rendered":"\n<p class=\"wp-block-paragraph\">Setembro \u00e9 tradicionalmente um m\u00eas de recome\u00e7os e, em Portim\u00e3o, significa tamb\u00e9m o in\u00edcio de uma nova \u00e9poca desportiva. As inscri\u00e7\u00f5es para a \u00c9poca Desportiva 2026\/2027 abrem a 1 de setembro, estando o in\u00edcio das aulas marcado para 15 de setembro.<\/p>\n\n\n\n<p class=\"wp-block-paragraph\">Distribu\u00edda com atividades pelo Pavilh\u00e3o Gimnodesportivo de Portim\u00e3o, Pavilh\u00e3o Desportivo da Boavista, Complexo Desportivo de Alvor e Complexo Desportivo da Mexilhoeira Grande, a nova \u00e9poca apresenta uma oferta diversificada, dirigida a diferentes idades e n\u00edveis de pr\u00e1tica, que inclui nata\u00e7\u00e3o, hidrogin\u00e1stica, t\u00e9nis, dan\u00e7a, yoga, pilates, zumba, treino funcional, atividades de fitness e exerc\u00edcio adaptado, entre outras.<\/p>\n\n\n\n<p class=\"wp-block-paragraph\">A programa\u00e7\u00e3o integra os programas municipais Portim\u00e3o Gym e Exerc\u00edcio &amp; Sa\u00fade, as Escolas de Nata\u00e7\u00e3o, a Escola de T\u00e9nis e a Escola Municipal de Dan\u00e7a, entre outras atividades, refor\u00e7ando a aposta do Munic\u00edpio de Portim\u00e3o na promo\u00e7\u00e3o da pr\u00e1tica regular de atividade f\u00edsica e de estilos de vida ativos.<\/p>\n\n\n\n<p class=\"wp-block-paragraph\">As inscri\u00e7\u00f5es dever\u00e3o ser efetuadas junto da secretaria do equipamento desportivo onde decorre a atividade pretendida, podendo a programa\u00e7\u00e3o completa, hor\u00e1rios, mensalidades, descontos e demais condi\u00e7\u00f5es de participa\u00e7\u00e3o ser consultados na brochura da \u00c9poca Desportiva Portim\u00e3o 2026\/2027.<\/p>\n\n\n\n<p class=\"wp-block-paragraph\">Ao arranque da atividade desportiva regular junta-se um calend\u00e1rio de eventos particularmente diversificado, que ao longo de setembro volta a colocar diferentes equipamentos e espa\u00e7os do concelho no centro da atividade desportiva regional, nacional e internacional.<\/p>\n\n\n\n<p class=\"wp-block-paragraph\"><strong>Alvor Judo Camp abre calend\u00e1rio de setembro<\/strong><\/p>\n\n\n\n<p class=\"wp-block-paragraph\">O primeiro destaque acontece entre 1 e 3 de setembro, com o Alvor Judo Camp, no Pavilh\u00e3o Desportivo da Boavista. Organizado pelo UFAD Judo Alvor e realizado anualmente no in\u00edcio da \u00e9poca desportiva, o est\u00e1gio internacional re\u00fane atletas, treinadores e clubes de v\u00e1rios pa\u00edses para sess\u00f5es intensivas de treino, randori e interc\u00e2mbio t\u00e9cnico.<\/p>\n\n\n\n<p class=\"wp-block-paragraph\">A edi\u00e7\u00e3o deste ano contar\u00e1 como convidado especial com Jorge Fonseca, bicampe\u00e3o mundial e medalha de bronze nos Jogos Ol\u00edmpicos, refor\u00e7ando a proje\u00e7\u00e3o de um est\u00e1gio que, desde 2014, se tem afirmado no panorama do judo realizado em Portugal.<\/p>\n\n\n\n<p class=\"wp-block-paragraph\">Entre 4 e 6 de setembro, o Aut\u00f3dromo Internacional do Algarve recebe a Lamera Cup, numa competi\u00e7\u00e3o de resist\u00eancia caracterizada pela utiliza\u00e7\u00e3o de carros id\u00eanticos e pela import\u00e2ncia atribu\u00edda \u00e0 estrat\u00e9gia e \u00e0 igualdade mec\u00e2nica.<\/p>\n\n\n\n<p class=\"wp-block-paragraph\">Tamb\u00e9m no dia 6 de setembro, a partir das 9h30, a Ria de Alvor recebe as Primeiras Pagaiadas &#8211; Zona Sul, competi\u00e7\u00e3o de canoagem especialmente vocacionada para jovens atletas em fase de inicia\u00e7\u00e3o. A iniciativa envolve os escal\u00f5es de menores, iniciados, infantis e cadetes, assumindo uma importante componente de forma\u00e7\u00e3o e de aproxima\u00e7\u00e3o dos mais novos \u00e0 competi\u00e7\u00e3o federada.<\/p>\n\n\n\n<p class=\"wp-block-paragraph\"><strong>Mais de 150 velejadores disputam t\u00edtulos nacionais em Portim\u00e3o<\/strong><\/p>\n\n\n\n<p class=\"wp-block-paragraph\">Entre 10 e 13 de setembro, o Clube Naval de Portim\u00e3o acolhe o XXXVII Campeonato de Portugal de Juniores a Absoluto, que dever\u00e1 reunir mais de 150 velejadores na disputa dos t\u00edtulos nacionais de vela ligeira.<\/p>\n\n\n\n<p class=\"wp-block-paragraph\">A competi\u00e7\u00e3o contempla v\u00e1rias classes previstas no programa da Federa\u00e7\u00e3o Portuguesa de Vela, nomeadamente Wing Foil, 420, ILCA e 29er, trazendo at\u00e9 Portim\u00e3o alguns dos melhores velejadores nacionais dos escal\u00f5es Juniores e Absolutos.<\/p>\n\n\n\n<p class=\"wp-block-paragraph\">O dia 12 de setembro ser\u00e1 igualmente dedicado \u00e0 prepara\u00e7\u00e3o da nova temporada do andebol algarvio. O Pavilh\u00e3o Desportivo da Boavista recebe uma A\u00e7\u00e3o de In\u00edcio de \u00c9poca de Arbitragem, dirigida aos ju\u00edzes-\u00e1rbitros da Associa\u00e7\u00e3o de Andebol do Algarve, enquanto o Audit\u00f3rio do Museu de Portim\u00e3o acolhe uma A\u00e7\u00e3o de In\u00edcio de \u00c9poca para Dirigentes e Treinadores, centrada em quest\u00f5es t\u00e9cnicas, planeamento e prepara\u00e7\u00e3o dos calend\u00e1rios competitivos regionais.<\/p>\n\n\n\n<p class=\"wp-block-paragraph\"><strong>Automobilismo, fitness e desportos n\u00e1uticos animam o terceiro fim de semana<\/strong><\/p>\n\n\n\n<p class=\"wp-block-paragraph\">Nos dias 18 e 19 de setembro, o Aut\u00f3dromo Internacional do Algarve recebe o CRM 24 Horas, colocando \u00e0 prova pilotos, equipas e m\u00e1quinas numa das corridas de resist\u00eancia mais exigentes do calend\u00e1rio nacional. Ao longo de 24 horas consecutivas, velocidade, estrat\u00e9gia, consist\u00eancia e fiabilidade assumem um papel determinante numa competi\u00e7\u00e3o que constitui um verdadeiro teste de resist\u00eancia dentro e fora da pista.<\/p>\n\n\n\n<p class=\"wp-block-paragraph\">Os bilhetes estar\u00e3o \u00e0 venda a partir de 18 de setembro no Kart\u00f3dromo Internacional do Algarve, estando dispon\u00edvel o acesso ao Paddock para o fim de semana pelo valor de 10 euros.<\/p>\n\n\n\n<p class=\"wp-block-paragraph\">Nos dias 19 e 20 de setembro, o Portim\u00e3o Arena volta a receber o Hybrid Vort\u00e9x, depois do sucesso da primeira edi\u00e7\u00e3o realizada em junho. A competi\u00e7\u00e3o de fitness h\u00edbrido conjuga corrida com exerc\u00edcios funcionais de alta intensidade, num formato composto por oito rondas, cada uma integrando 800 metros de corrida e um desafio funcional.<\/p>\n\n\n\n<p class=\"wp-block-paragraph\">Destinado a participantes maiores de 18 anos, o evento contempla v\u00e1rias categorias, incluindo solo, duplas, mistas e estafeta, associando competi\u00e7\u00e3o e treino funcional a uma componente de comunidade e competi\u00e7\u00e3o entre boxes e gin\u00e1sios.<\/p>\n\n\n\n<p class=\"wp-block-paragraph\">Os interessados poder\u00e3o efetuar a inscri\u00e7\u00e3o online, atrav\u00e9s do site oficial do Hybrid Vort\u00e9x, em&nbsp;<a href=\"https:\/\/hybridvortex.com\/\">hybridvortex.com\/events<\/a><\/p>\n\n\n\n<p class=\"wp-block-paragraph\">Tamb\u00e9m nos dias 19 e 20 de setembro, o Clube Naval de Portim\u00e3o promove tr\u00eas iniciativas que conjugam competi\u00e7\u00e3o, homenagem e conv\u00edvio: o Conv\u00edvio CNP, o 11.\u00ba Trof\u00e9u Ant\u00f3nio Moura e o Concurso de Pesca Ant\u00f3nio Pereira.<\/p>\n\n\n\n<p class=\"wp-block-paragraph\">A 20 de setembro, o automobilismo volta a estar em evid\u00eancia com o Slalom de Portim\u00e3o, prova organizada pelo Clube Autom\u00f3vel do Sul e integrada no calend\u00e1rio da FPAK, na qual os pilotos enfrentam um percurso curto delimitado por obst\u00e1culos, colocando \u00e0 prova a precis\u00e3o, o controlo da viatura e a rapidez.<\/p>\n\n\n\n<p class=\"wp-block-paragraph\"><strong>Semana Europeia do Desporto convida Portim\u00e3o a ser #BEACTIVE<\/strong><\/p>\n\n\n\n<p class=\"wp-block-paragraph\">Entre 23 e 30 de setembro, Portim\u00e3o associa-se \u00e0 Semana Europeia do Desporto, iniciativa desenvolvida pela Comiss\u00e3o Europeia com o objetivo de promover o desporto e a atividade f\u00edsica junto da comunidade, incentivando a ado\u00e7\u00e3o de estilos de vida ativos ao longo de todo o ano, sob o mote #BEACTIVE.<\/p>\n\n\n\n<p class=\"wp-block-paragraph\">A programa\u00e7\u00e3o inclui v\u00e1rias propostas de participa\u00e7\u00e3o e sensibiliza\u00e7\u00e3o, entre as quais, no dia 26, o Skate Freestyle, competi\u00e7\u00e3o internacional que decorre entre as 10h00 e as 18h00, na Pra\u00e7a da Marina de Portim\u00e3o, e a #BEACTIVE \u2013 Mega Hidro by Night \u00e0s 21h00 no Complexo Desportivo de Alvor. No dia seguinte, entre as 8h00 e as 13h00, o Lugar do Rio &#8211; Espa\u00e7o Jovem de Portim\u00e3o, no Parque de Feiras e Exposi\u00e7\u00f5es, acolhe o Desperta em Movimento, evento gratuito e n\u00e3o competitivo dedicado \u00e0 promo\u00e7\u00e3o da sa\u00fade f\u00edsica e mental, do bem-estar e do conv\u00edvio, atrav\u00e9s de propostas como caminhada, corrida, treino funcional, palestras e aulas coletivas.<\/p>\n\n\n\n<p class=\"wp-block-paragraph\">A par da programa\u00e7\u00e3o integrada na Semana Europeia do Desporto, o \u00faltimo fim de semana de setembro ser\u00e1 marcado por outras iniciativas dirigidas \u00e0 participa\u00e7\u00e3o da comunidade.<\/p>\n\n\n\n<p class=\"wp-block-paragraph\">No dia 26 de setembro, \u00e0s 9h00, realiza-se o Passeio da Mem\u00f3ria, com partida do Largo da Antiga Lota. A caminhada solid\u00e1ria, promovida pela Alzheimer Portugal em parceria com o Munic\u00edpio de Portim\u00e3o, pretende sensibilizar para a doen\u00e7a de Alzheimer e outras dem\u00eancias, promover o diagn\u00f3stico precoce e contribuir para a angaria\u00e7\u00e3o de fundos destinados ao trabalho desenvolvido pela associa\u00e7\u00e3o.<\/p>\n\n\n\n<p class=\"wp-block-paragraph\">A tradi\u00e7\u00e3o e o esp\u00edrito comunit\u00e1rio estar\u00e3o tamb\u00e9m em destaque nos dias 26 e 27 de setembro, com a IX Grande Corrida de Carrinhos de Rolamentos, na Mexilhoeira Grande. A edi\u00e7\u00e3o deste ano assume um significado especial ao integrar as Comemora\u00e7\u00f5es dos 100 Anos dos Bombeiros de Portim\u00e3o, desafiando os participantes a decorarem os seus carrinhos com elementos alusivos aos bombeiros, numa homenagem aos homens e mulheres que diariamente protegem a comunidade.<\/p>\n\n\n\n<p class=\"wp-block-paragraph\">As inscri\u00e7\u00f5es decorrem at\u00e9 22 de setembro, podendo ser efetuadas atrav\u00e9s do formul\u00e1rio dispon\u00edvel em&nbsp;<a href=\"https:\/\/forms.gle\/35mLQM5T8rw6dPed7?utm_source=chatgpt.com\" target=\"_blank\" rel=\"noopener\">forms.gle\/35mLQM5T8rw6dPed7<\/a><\/p>\n\n\n\n<p class=\"wp-block-paragraph\"><strong>T\u00e9nis internacional fecha setembro com o Portim\u00e3o Junior Open<\/strong><\/p>\n\n\n\n<p class=\"wp-block-paragraph\">A fechar o m\u00eas, o Portim\u00e3o Junior Open ITF U18 regressa ao Complexo Municipal de T\u00e9nis e Padel de Portim\u00e3o, entre 28 de setembro e 3 de outubro.<\/p>\n\n\n\n<p class=\"wp-block-paragraph\">Na sua 6.\u00aa edi\u00e7\u00e3o, o torneio integrado no calend\u00e1rio ITF Junior dever\u00e1 trazer a Portim\u00e3o cerca de 200 jovens atletas oriundos de v\u00e1rios pa\u00edses, que disputar\u00e3o os t\u00edtulos de singulares e pares masculinos e femininos, contando igualmente com uma forte representa\u00e7\u00e3o portuguesa.<\/p>\n\n\n\n<p class=\"wp-block-paragraph\">Com o arranque da nova \u00e9poca nos equipamentos desportivos municipais e uma programa\u00e7\u00e3o que cruza desporto para todos, forma\u00e7\u00e3o, competi\u00e7\u00e3o, associativismo e eventos de dimens\u00e3o nacional e internacional, setembro volta a evidenciar a diversidade da oferta desportiva de Portim\u00e3o e as oportunidades de participa\u00e7\u00e3o dirigidas a diferentes p\u00fablicos e gera\u00e7\u00f5es.<\/p>\n\n\n\n<p class=\"wp-block-paragraph\">A programa\u00e7\u00e3o completa da Agenda Desportiva de setembro poder\u00e1 ser consultada em\u00a0<a href=\"https:\/\/vivaportimao.pt\/\" target=\"_blank\" rel=\"noreferrer noopener\">https:\/\/vivaportimao.pt\/<\/a><\/p>\n","protected":false},"excerpt":{"rendered":"<p>Setembro \u00e9 tradicionalmente um m\u00eas de recome\u00e7os e, em Portim\u00e3o, significa tamb\u00e9m o in\u00edcio de uma nova \u00e9poca desportiva. As<\/p>\n","protected":false},"author":1,"featured_media":65952,"comment_status":"closed","ping_status":"closed","sticky":false,"template":"","format":"standard","meta":{"colormag_page_container_layout":"default_layout","colormag_page_sidebar_layout":"default_layout","_monsterinsights_skip_tracking":false,"_jetpack_newsletter_access":"","_jetpack_dont_email_post_to_subs":false,"_jetpack_newsletter_tier_id":0,"_jetpack_memberships_contains_paywalled_content":false,"_jetpack_feature_clip_id":0,"_jetpack_memberships_contains_paid_content":false,"footnotes":"","jetpack_publicize_message":"","jetpack_publicize_feature_enabled":true,"jetpack_social_post_already_shared":true,"jetpack_social_options":{"image_generator_settings":{"template":"highway","default_image_id":0,"font":"","enabled":false},"version":2},"jetpack_post_was_ever_published":false},"categories":[15],"tags":[36,40,72],"class_list":["post-65951","post","type-post","status-publish","format-standard","has-post-thumbnail","hentry","category-desporto","tag-algarve","tag-desporto","tag-portimao"],"yoast_head":"<!-- This site is optimized with the Yoast SEO plugin v28.3 - https:\/\/yoast.com\/product\/yoast-seo-wordpress\/ -->\n<title>Setembro desportivo arranca em for\u00e7a em Portim\u00e3o\u00a0 - Algarve 7<\/title>\n<meta name=\"description\" content=\"Setembro desportivo arranca em for\u00e7a em Portim\u00e3o\u00a0 Desporto\" \/>\n<meta name=\"robots\" content=\"index, follow, max-snippet:-1, max-image-preview:large, max-video-preview:-1\" \/>\n<link rel=\"canonical\" href=\"https:\/\/algarve7.pt\/index.php\/2026\/08\/setembro-desportivo-arranca-em-forca-em-portimao\/desporto\/07\/45\/\" \/>\n<meta property=\"og:locale\" content=\"pt_PT\" \/>\n<meta property=\"og:type\" content=\"article\" \/>\n<meta property=\"og:title\" content=\"Setembro desportivo arranca em for\u00e7a em Portim\u00e3o\u00a0 - Algarve 7\" \/>\n<meta property=\"og:description\" content=\"Setembro desportivo arranca em for\u00e7a em Portim\u00e3o\u00a0 Desporto\" \/>\n<meta property=\"og:url\" content=\"https:\/\/algarve7.pt\/index.php\/2026\/08\/setembro-desportivo-arranca-em-forca-em-portimao\/desporto\/07\/45\/\" \/>\n<meta property=\"og:site_name\" content=\"Algarve 7\" \/>\n<meta property=\"article:publisher\" content=\"https:\/\/www.facebook.com\/algarve7\" \/>\n<meta property=\"article:author\" content=\"https:\/\/www.facebook.com\/algarve7\" \/>\n<meta property=\"article:published_time\" content=\"2026-08-31T06:45:00+00:00\" \/>\n<meta property=\"og:image\" content=\"https:\/\/algarve7.pt\/wp-content\/uploads\/2026\/08\/Camp-Port-vela.jpg\" \/>\n\t<meta property=\"og:image:width\" content=\"975\" \/>\n\t<meta property=\"og:image:height\" content=\"650\" \/>\n\t<meta property=\"og:image:type\" content=\"image\/jpeg\" \/>\n<meta name=\"author\" content=\"Algarve 7\" \/>\n<meta name=\"twitter:card\" content=\"summary_large_image\" \/>\n<meta name=\"twitter:creator\" content=\"@Algarvesete\" \/>\n<meta name=\"twitter:site\" content=\"@Algarvesete\" \/>\n<meta name=\"twitter:label1\" content=\"Escrito por\" \/>\n\t<meta name=\"twitter:data1\" content=\"Algarve 7\" \/>\n\t<meta name=\"twitter:label2\" content=\"Tempo estimado de leitura\" \/>\n\t<meta name=\"twitter:data2\" content=\"8 minutos\" \/>\n<script type=\"application\/ld+json\" class=\"yoast-schema-graph\">{\"@context\":\"https:\\\/\\\/schema.org\",\"@graph\":[{\"@type\":\"Article\",\"@id\":\"https:\\\/\\\/algarve7.pt\\\/index.php\\\/2026\\\/08\\\/setembro-desportivo-arranca-em-forca-em-portimao\\\/desporto\\\/07\\\/45\\\/#article\",\"isPartOf\":{\"@id\":\"https:\\\/\\\/algarve7.pt\\\/index.php\\\/2026\\\/08\\\/setembro-desportivo-arranca-em-forca-em-portimao\\\/desporto\\\/07\\\/45\\\/\"},\"author\":{\"name\":\"Algarve 7\",\"@id\":\"https:\\\/\\\/algarve7.pt\\\/#\\\/schema\\\/person\\\/23fa70681308e7b319a3204bcea45e0c\"},\"headline\":\"Setembro desportivo arranca em for\u00e7a em Portim\u00e3o\u00a0\",\"datePublished\":\"2026-08-31T06:45:00+00:00\",\"mainEntityOfPage\":{\"@id\":\"https:\\\/\\\/algarve7.pt\\\/index.php\\\/2026\\\/08\\\/setembro-desportivo-arranca-em-forca-em-portimao\\\/desporto\\\/07\\\/45\\\/\"},\"wordCount\":1513,\"publisher\":{\"@id\":\"https:\\\/\\\/algarve7.pt\\\/#organization\"},\"image\":{\"@id\":\"https:\\\/\\\/algarve7.pt\\\/index.php\\\/2026\\\/08\\\/setembro-desportivo-arranca-em-forca-em-portimao\\\/desporto\\\/07\\\/45\\\/#primaryimage\"},\"thumbnailUrl\":\"https:\\\/\\\/algarve7.pt\\\/wp-content\\\/uploads\\\/2026\\\/08\\\/Camp-Port-vela.jpg\",\"keywords\":[\"Algarve\",\"Desporto\",\"Portim\u00e3o\"],\"articleSection\":[\"Desporto\"],\"inLanguage\":\"pt-PT\"},{\"@type\":\"WebPage\",\"@id\":\"https:\\\/\\\/algarve7.pt\\\/index.php\\\/2026\\\/08\\\/setembro-desportivo-arranca-em-forca-em-portimao\\\/desporto\\\/07\\\/45\\\/\",\"url\":\"https:\\\/\\\/algarve7.pt\\\/index.php\\\/2026\\\/08\\\/setembro-desportivo-arranca-em-forca-em-portimao\\\/desporto\\\/07\\\/45\\\/\",\"name\":\"Setembro desportivo arranca em for\u00e7a em Portim\u00e3o\u00a0 - Algarve 7\",\"isPartOf\":{\"@id\":\"https:\\\/\\\/algarve7.pt\\\/#website\"},\"primaryImageOfPage\":{\"@id\":\"https:\\\/\\\/algarve7.pt\\\/index.php\\\/2026\\\/08\\\/setembro-desportivo-arranca-em-forca-em-portimao\\\/desporto\\\/07\\\/45\\\/#primaryimage\"},\"image\":{\"@id\":\"https:\\\/\\\/algarve7.pt\\\/index.php\\\/2026\\\/08\\\/setembro-desportivo-arranca-em-forca-em-portimao\\\/desporto\\\/07\\\/45\\\/#primaryimage\"},\"thumbnailUrl\":\"https:\\\/\\\/algarve7.pt\\\/wp-content\\\/uploads\\\/2026\\\/08\\\/Camp-Port-vela.jpg\",\"datePublished\":\"2026-08-31T06:45:00+00:00\",\"description\":\"Setembro desportivo arranca em for\u00e7a em Portim\u00e3o\u00a0 Desporto\",\"breadcrumb\":{\"@id\":\"https:\\\/\\\/algarve7.pt\\\/index.php\\\/2026\\\/08\\\/setembro-desportivo-arranca-em-forca-em-portimao\\\/desporto\\\/07\\\/45\\\/#breadcrumb\"},\"inLanguage\":\"pt-PT\",\"potentialAction\":[{\"@type\":\"ReadAction\",\"target\":[\"https:\\\/\\\/algarve7.pt\\\/index.php\\\/2026\\\/08\\\/setembro-desportivo-arranca-em-forca-em-portimao\\\/desporto\\\/07\\\/45\\\/\"]}]},{\"@type\":\"ImageObject\",\"inLanguage\":\"pt-PT\",\"@id\":\"https:\\\/\\\/algarve7.pt\\\/index.php\\\/2026\\\/08\\\/setembro-desportivo-arranca-em-forca-em-portimao\\\/desporto\\\/07\\\/45\\\/#primaryimage\",\"url\":\"https:\\\/\\\/algarve7.pt\\\/wp-content\\\/uploads\\\/2026\\\/08\\\/Camp-Port-vela.jpg\",\"contentUrl\":\"https:\\\/\\\/algarve7.pt\\\/wp-content\\\/uploads\\\/2026\\\/08\\\/Camp-Port-vela.jpg\",\"width\":975,\"height\":650},{\"@type\":\"BreadcrumbList\",\"@id\":\"https:\\\/\\\/algarve7.pt\\\/index.php\\\/2026\\\/08\\\/setembro-desportivo-arranca-em-forca-em-portimao\\\/desporto\\\/07\\\/45\\\/#breadcrumb\",\"itemListElement\":[{\"@type\":\"ListItem\",\"position\":1,\"name\":\"In\u00edcio\",\"item\":\"https:\\\/\\\/algarve7.pt\\\/\"},{\"@type\":\"ListItem\",\"position\":2,\"name\":\"Setembro desportivo arranca em for\u00e7a em Portim\u00e3o\u00a0\"}]},{\"@type\":\"WebSite\",\"@id\":\"https:\\\/\\\/algarve7.pt\\\/#website\",\"url\":\"https:\\\/\\\/algarve7.pt\\\/\",\"name\":\"Algarve 7\",\"description\":\"Informa\u00e7\u00e3o sobre o Algarve\",\"publisher\":{\"@id\":\"https:\\\/\\\/algarve7.pt\\\/#organization\"},\"potentialAction\":[{\"@type\":\"SearchAction\",\"target\":{\"@type\":\"EntryPoint\",\"urlTemplate\":\"https:\\\/\\\/algarve7.pt\\\/?s={search_term_string}\"},\"query-input\":{\"@type\":\"PropertyValueSpecification\",\"valueRequired\":true,\"valueName\":\"search_term_string\"}}],\"inLanguage\":\"pt-PT\"},{\"@type\":\"Organization\",\"@id\":\"https:\\\/\\\/algarve7.pt\\\/#organization\",\"name\":\"Algarve 7\",\"url\":\"https:\\\/\\\/algarve7.pt\\\/\",\"logo\":{\"@type\":\"ImageObject\",\"inLanguage\":\"pt-PT\",\"@id\":\"https:\\\/\\\/algarve7.pt\\\/#\\\/schema\\\/logo\\\/image\\\/\",\"url\":\"https:\\\/\\\/algarve7.pt\\\/wp-content\\\/uploads\\\/2020\\\/10\\\/Logo-8.jpg\",\"contentUrl\":\"https:\\\/\\\/algarve7.pt\\\/wp-content\\\/uploads\\\/2020\\\/10\\\/Logo-8.jpg\",\"width\":1680,\"height\":1186,\"caption\":\"Algarve 7\"},\"image\":{\"@id\":\"https:\\\/\\\/algarve7.pt\\\/#\\\/schema\\\/logo\\\/image\\\/\"},\"sameAs\":[\"https:\\\/\\\/www.facebook.com\\\/algarve7\",\"https:\\\/\\\/x.com\\\/Algarvesete\",\"https:\\\/\\\/www.instagram.com\\\/jornalalgarve7\\\/\",\"https:\\\/\\\/www.linkedin.com\\\/company\\\/algarve7\",\"https:\\\/\\\/www.pinterest.pt\\\/geral0939\\\/_created\\\/\"]},{\"@type\":\"Person\",\"@id\":\"https:\\\/\\\/algarve7.pt\\\/#\\\/schema\\\/person\\\/23fa70681308e7b319a3204bcea45e0c\",\"name\":\"Algarve 7\",\"sameAs\":[\"https:\\\/\\\/algarve7.pt\",\"https:\\\/\\\/www.facebook.com\\\/algarve7\"],\"url\":\"https:\\\/\\\/algarve7.pt\\\/index.php\\\/author\\\/geralalgarve7-pt\\\/\"}]}<\/script>\n<!-- \/ Yoast SEO plugin. -->","yoast_head_json":{"title":"Setembro desportivo arranca em for\u00e7a em Portim\u00e3o\u00a0 - Algarve 7","description":"Setembro desportivo arranca em for\u00e7a em Portim\u00e3o\u00a0 Desporto","robots":{"index":"index","follow":"follow","max-snippet":"max-snippet:-1","max-image-preview":"max-image-preview:large","max-video-preview":"max-video-preview:-1"},"canonical":"https:\/\/algarve7.pt\/index.php\/2026\/08\/setembro-desportivo-arranca-em-forca-em-portimao\/desporto\/07\/45\/","og_locale":"pt_PT","og_type":"article","og_title":"Setembro desportivo arranca em for\u00e7a em Portim\u00e3o\u00a0 - Algarve 7","og_description":"Setembro desportivo arranca em for\u00e7a em Portim\u00e3o\u00a0 Desporto","og_url":"https:\/\/algarve7.pt\/index.php\/2026\/08\/setembro-desportivo-arranca-em-forca-em-portimao\/desporto\/07\/45\/","og_site_name":"Algarve 7","article_publisher":"https:\/\/www.facebook.com\/algarve7","article_author":"https:\/\/www.facebook.com\/algarve7","article_published_time":"2026-08-31T06:45:00+00:00","og_image":[{"width":975,"height":650,"url":"https:\/\/algarve7.pt\/wp-content\/uploads\/2026\/08\/Camp-Port-vela.jpg","type":"image\/jpeg"}],"author":"Algarve 7","twitter_card":"summary_large_image","twitter_creator":"@Algarvesete","twitter_site":"@Algarvesete","twitter_misc":{"Escrito por":"Algarve 7","Tempo estimado de leitura":"8 minutos"},"schema":{"@context":"https:\/\/schema.org","@graph":[{"@type":"Article","@id":"https:\/\/algarve7.pt\/index.php\/2026\/08\/setembro-desportivo-arranca-em-forca-em-portimao\/desporto\/07\/45\/#article","isPartOf":{"@id":"https:\/\/algarve7.pt\/index.php\/2026\/08\/setembro-desportivo-arranca-em-forca-em-portimao\/desporto\/07\/45\/"},"author":{"name":"Algarve 7","@id":"https:\/\/algarve7.pt\/#\/schema\/person\/23fa70681308e7b319a3204bcea45e0c"},"headline":"Setembro desportivo arranca em for\u00e7a em Portim\u00e3o\u00a0","datePublished":"2026-08-31T06:45:00+00:00","mainEntityOfPage":{"@id":"https:\/\/algarve7.pt\/index.php\/2026\/08\/setembro-desportivo-arranca-em-forca-em-portimao\/desporto\/07\/45\/"},"wordCount":1513,"publisher":{"@id":"https:\/\/algarve7.pt\/#organization"},"image":{"@id":"https:\/\/algarve7.pt\/index.php\/2026\/08\/setembro-desportivo-arranca-em-forca-em-portimao\/desporto\/07\/45\/#primaryimage"},"thumbnailUrl":"https:\/\/algarve7.pt\/wp-content\/uploads\/2026\/08\/Camp-Port-vela.jpg","keywords":["Algarve","Desporto","Portim\u00e3o"],"articleSection":["Desporto"],"inLanguage":"pt-PT"},{"@type":"WebPage","@id":"https:\/\/algarve7.pt\/index.php\/2026\/08\/setembro-desportivo-arranca-em-forca-em-portimao\/desporto\/07\/45\/","url":"https:\/\/algarve7.pt\/index.php\/2026\/08\/setembro-desportivo-arranca-em-forca-em-portimao\/desporto\/07\/45\/","name":"Setembro desportivo arranca em for\u00e7a em Portim\u00e3o\u00a0 - Algarve 7","isPartOf":{"@id":"https:\/\/algarve7.pt\/#website"},"primaryImageOfPage":{"@id":"https:\/\/algarve7.pt\/index.php\/2026\/08\/setembro-desportivo-arranca-em-forca-em-portimao\/desporto\/07\/45\/#primaryimage"},"image":{"@id":"https:\/\/algarve7.pt\/index.php\/2026\/08\/setembro-desportivo-arranca-em-forca-em-portimao\/desporto\/07\/45\/#primaryimage"},"thumbnailUrl":"https:\/\/algarve7.pt\/wp-content\/uploads\/2026\/08\/Camp-Port-vela.jpg","datePublished":"2026-08-31T06:45:00+00:00","description":"Setembro desportivo arranca em for\u00e7a em Portim\u00e3o\u00a0 Desporto","breadcrumb":{"@id":"https:\/\/algarve7.pt\/index.php\/2026\/08\/setembro-desportivo-arranca-em-forca-em-portimao\/desporto\/07\/45\/#breadcrumb"},"inLanguage":"pt-PT","potentialAction":[{"@type":"ReadAction","target":["https:\/\/algarve7.pt\/index.php\/2026\/08\/setembro-desportivo-arranca-em-forca-em-portimao\/desporto\/07\/45\/"]}]},{"@type":"ImageObject","inLanguage":"pt-PT","@id":"https:\/\/algarve7.pt\/index.php\/2026\/08\/setembro-desportivo-arranca-em-forca-em-portimao\/desporto\/07\/45\/#primaryimage","url":"https:\/\/algarve7.pt\/wp-content\/uploads\/2026\/08\/Camp-Port-vela.jpg","contentUrl":"https:\/\/algarve7.pt\/wp-content\/uploads\/2026\/08\/Camp-Port-vela.jpg","width":975,"height":650},{"@type":"BreadcrumbList","@id":"https:\/\/algarve7.pt\/index.php\/2026\/08\/setembro-desportivo-arranca-em-forca-em-portimao\/desporto\/07\/45\/#breadcrumb","itemListElement":[{"@type":"ListItem","position":1,"name":"In\u00edcio","item":"https:\/\/algarve7.pt\/"},{"@type":"ListItem","position":2,"name":"Setembro desportivo arranca em for\u00e7a em Portim\u00e3o\u00a0"}]},{"@type":"WebSite","@id":"https:\/\/algarve7.pt\/#website","url":"https:\/\/algarve7.pt\/","name":"Algarve 7","description":"Informa\u00e7\u00e3o sobre o Algarve","publisher":{"@id":"https:\/\/algarve7.pt\/#organization"},"potentialAction":[{"@type":"SearchAction","target":{"@type":"EntryPoint","urlTemplate":"https:\/\/algarve7.pt\/?s={search_term_string}"},"query-input":{"@type":"PropertyValueSpecification","valueRequired":true,"valueName":"search_term_string"}}],"inLanguage":"pt-PT"},{"@type":"Organization","@id":"https:\/\/algarve7.pt\/#organization","name":"Algarve 7","url":"https:\/\/algarve7.pt\/","logo":{"@type":"ImageObject","inLanguage":"pt-PT","@id":"https:\/\/algarve7.pt\/#\/schema\/logo\/image\/","url":"https:\/\/algarve7.pt\/wp-content\/uploads\/2020\/10\/Logo-8.jpg","contentUrl":"https:\/\/algarve7.pt\/wp-content\/uploads\/2020\/10\/Logo-8.jpg","width":1680,"height":1186,"caption":"Algarve 7"},"image":{"@id":"https:\/\/algarve7.pt\/#\/schema\/logo\/image\/"},"sameAs":["https:\/\/www.facebook.com\/algarve7","https:\/\/x.com\/Algarvesete","https:\/\/www.instagram.com\/jornalalgarve7\/","https:\/\/www.linkedin.com\/company\/algarve7","https:\/\/www.pinterest.pt\/geral0939\/_created\/"]},{"@type":"Person","@id":"https:\/\/algarve7.pt\/#\/schema\/person\/23fa70681308e7b319a3204bcea45e0c","name":"Algarve 7","sameAs":["https:\/\/algarve7.pt","https:\/\/www.facebook.com\/algarve7"],"url":"https:\/\/algarve7.pt\/index.php\/author\/geralalgarve7-pt\/"}]}},"jetpack_publicize_connections":[],"jetpack_shortlink":"https:\/\/wp.me\/pcezmW-h9J","jetpack_sharing_enabled":true,"jetpack_featured_media_url":"https:\/\/algarve7.pt\/wp-content\/uploads\/2026\/08\/Camp-Port-vela.jpg","_links":{"self":[{"href":"https:\/\/algarve7.pt\/index.php\/wp-json\/wp\/v2\/posts\/65951","targetHints":{"allow":["GET"]}}],"collection":[{"href":"https:\/\/algarve7.pt\/index.php\/wp-json\/wp\/v2\/posts"}],"about":[{"href":"https:\/\/algarve7.pt\/index.php\/wp-json\/wp\/v2\/types\/post"}],"author":[{"embeddable":true,"href":"https:\/\/algarve7.pt\/index.php\/wp-json\/wp\/v2\/users\/1"}],"replies":[{"embeddable":true,"href":"https:\/\/algarve7.pt\/index.php\/wp-json\/wp\/v2\/comments?post=65951"}],"version-history":[{"count":1,"href":"https:\/\/algarve7.pt\/index.php\/wp-json\/wp\/v2\/posts\/65951\/revisions"}],"predecessor-version":[{"id":65953,"href":"https:\/\/algarve7.pt\/index.php\/wp-json\/wp\/v2\/posts\/65951\/revisions\/65953"}],"wp:featuredmedia":[{"embeddable":true,"href":"https:\/\/algarve7.pt\/index.php\/wp-json\/wp\/v2\/media\/65952"}],"wp:attachment":[{"href":"https:\/\/algarve7.pt\/index.php\/wp-json\/wp\/v2\/media?parent=65951"}],"wp:term":[{"taxonomy":"category","embeddable":true,"href":"https:\/\/algarve7.pt\/index.php\/wp-json\/wp\/v2\/categories?post=65951"},{"taxonomy":"post_tag","embeddable":true,"href":"https:\/\/algarve7.pt\/index.php\/wp-json\/wp\/v2\/tags?post=65951"}],"curies":[{"name":"wp","href":"https:\/\/api.w.org\/{rel}","templated":true}]}}