{"id":65935,"date":"2026-08-31T07:10:00","date_gmt":"2026-08-31T06:10:00","guid":{"rendered":"https:\/\/algarve7.pt\/?p=65935"},"modified":"2026-08-29T13:00:02","modified_gmt":"2026-08-29T12:00:02","slug":"museu-municipal-de-arqueologia-de-silves-celebra-o-36-o-aniversario-com-programa-especial-de-3-a-6-de-setembro","status":"publish","type":"post","link":"https:\/\/algarve7.pt\/index.php\/2026\/08\/museu-municipal-de-arqueologia-de-silves-celebra-o-36-o-aniversario-com-programa-especial-de-3-a-6-de-setembro\/cultura\/07\/10\/","title":{"rendered":"Museu municipal de arqueologia de Silves celebra o 36.\u00ba anivers\u00e1rio com\u00a0programa especial de 3 a 6 de setembro"},"content":{"rendered":"\n<p class=\"wp-block-paragraph\">O Museu Municipal de Arqueologia de Silves (MMAS) celebra o seu 36.\u00ba anivers\u00e1rio no pr\u00f3ximo dia 3 de setembro, assinalando a efem\u00e9ride com um programa especial integrado nas Comemora\u00e7\u00f5es do Dia do Munic\u00edpio de Silves.<\/p>\n\n\n\n<p class=\"wp-block-paragraph\">Entre os dias 3 e 6 de setembro, o MMAS ter\u00e1 entrada livre, durante o seu hor\u00e1rio normal de funcionamento, entre as 10h00 e as 18h00, convidando residentes e visitantes a conhecer ou redescobrir este espa\u00e7o dedicado \u00e0 preserva\u00e7\u00e3o e valoriza\u00e7\u00e3o do patrim\u00f3nio hist\u00f3rico do concelho.<\/p>\n\n\n\n<p class=\"wp-block-paragraph\">O programa comemorativo ter\u00e1 o seu ponto alto no dia 4 de setembro, com um conjunto de iniciativas dirigidas a p\u00fablicos de todas as idades.<\/p>\n\n\n\n<p class=\"wp-block-paragraph\">Ao longo do dia, decorrer\u00e3o visitas acompanhadas ao Po\u00e7o-Cisterna, entre as 10h00 e as 13h00 e das 15h00 \u00e0s 18h00. Esta atividade, dirigida a toda a fam\u00edlia, constitui uma oportunidade para conhecer e descobrir este importante legado hist\u00f3rico e arqueol\u00f3gico da cidade de Silves, bem como a sua riqueza e singularidade.<\/p>\n\n\n\n<p class=\"wp-block-paragraph\">Pelas 21h30, o MMAS recebe o espet\u00e1culo \u201cEvoca\u00e7\u00e3o ao Po\u00e7o-Cisterna\u201d, protagonizado pela bailarina M\u00f3nica Pereira e pelo m\u00fasico multi-instrumentista Husam Humami. A atua\u00e7\u00e3o multidisciplinar estabelece um di\u00e1logo entre o patrim\u00f3nio hist\u00f3rico de Silves, as lendas das Mouras Encantadas e a cria\u00e7\u00e3o art\u00edstica contempor\u00e2nea, cruzando dan\u00e7a, m\u00fasica ao vivo e a evoca\u00e7\u00e3o po\u00e9tica do espa\u00e7o.<\/p>\n\n\n\n<p class=\"wp-block-paragraph\">Atrav\u00e9s desta performance, o p\u00fablico ser\u00e1 convidado a embarcar numa viagem entre mem\u00f3ria, mist\u00e9rio e identidade cultural, descobrindo a riqueza simb\u00f3lica e hist\u00f3rica do Po\u00e7o-Cisterna Alm\u00f3ada.<\/p>\n\n\n\n<p class=\"wp-block-paragraph\">A noite culminar\u00e1, pelas 22h30, com um momento especial de celebra\u00e7\u00e3o do 36.\u00ba anivers\u00e1rio do Museu, que contar\u00e1 com o tradicional corte do bolo, convidando todos os presentes a associarem-se a esta comemora\u00e7\u00e3o.<\/p>\n\n\n\n<p class=\"wp-block-paragraph\">Os contactos para mais informa\u00e7\u00f5es s\u00e3o o telefone 282 440 854 ou email\u00a0<a href=\"mailto:patrim%C3%B3nio.cultural@cm-silves.pt\" target=\"_blank\" rel=\"noreferrer noopener\">patrim\u00f3nio.cultural@cm-silves.pt<\/a>.<\/p>\n\n\n\n<p class=\"wp-block-paragraph\">O Munic\u00edpio de Silves convida todos a participar nas comemora\u00e7\u00f5es e a celebrar os 36 anos do Museu Municipal de Arqueologia de Silves.<\/p>\n","protected":false},"excerpt":{"rendered":"<p>O Museu Municipal de Arqueologia de Silves (MMAS) celebra o seu 36.\u00ba anivers\u00e1rio no pr\u00f3ximo dia 3 de setembro, assinalando<\/p>\n","protected":false},"author":1,"featured_media":65936,"comment_status":"closed","ping_status":"closed","sticky":false,"template":"","format":"standard","meta":{"colormag_page_container_layout":"default_layout","colormag_page_sidebar_layout":"default_layout","_monsterinsights_skip_tracking":false,"_jetpack_newsletter_access":"","_jetpack_dont_email_post_to_subs":false,"_jetpack_newsletter_tier_id":0,"_jetpack_memberships_contains_paywalled_content":false,"_jetpack_feature_clip_id":0,"_jetpack_memberships_contains_paid_content":false,"footnotes":"","jetpack_publicize_message":"","jetpack_publicize_feature_enabled":true,"jetpack_social_post_already_shared":true,"jetpack_social_options":{"image_generator_settings":{"template":"highway","default_image_id":0,"font":"","enabled":false},"version":2},"jetpack_post_was_ever_published":false},"categories":[14],"tags":[36,35,42],"class_list":["post-65935","post","type-post","status-publish","format-standard","has-post-thumbnail","hentry","category-cultura","tag-algarve","tag-cultura","tag-silves"],"yoast_head":"<!-- This site is optimized with the Yoast SEO plugin v28.3 - https:\/\/yoast.com\/product\/yoast-seo-wordpress\/ -->\n<title>Museu municipal de arqueologia de Silves celebra o 36.\u00ba anivers\u00e1rio com\u00a0programa especial de 3 a 6 de setembro - Algarve 7<\/title>\n<meta name=\"description\" content=\"Museu municipal de arqueologia de Silves celebra o 36.\u00ba anivers\u00e1rio com\u00a0programa especial de 3 a 6 de setembro Cultura\" \/>\n<meta name=\"robots\" content=\"index, follow, max-snippet:-1, max-image-preview:large, max-video-preview:-1\" \/>\n<link rel=\"canonical\" href=\"https:\/\/algarve7.pt\/index.php\/2026\/08\/museu-municipal-de-arqueologia-de-silves-celebra-o-36-o-aniversario-com-programa-especial-de-3-a-6-de-setembro\/cultura\/07\/10\/\" \/>\n<meta property=\"og:locale\" content=\"pt_PT\" \/>\n<meta property=\"og:type\" content=\"article\" \/>\n<meta property=\"og:title\" content=\"Museu municipal de arqueologia de Silves celebra o 36.\u00ba anivers\u00e1rio com\u00a0programa especial de 3 a 6 de setembro - Algarve 7\" \/>\n<meta property=\"og:description\" content=\"Museu municipal de arqueologia de Silves celebra o 36.\u00ba anivers\u00e1rio com\u00a0programa especial de 3 a 6 de setembro Cultura\" \/>\n<meta property=\"og:url\" content=\"https:\/\/algarve7.pt\/index.php\/2026\/08\/museu-municipal-de-arqueologia-de-silves-celebra-o-36-o-aniversario-com-programa-especial-de-3-a-6-de-setembro\/cultura\/07\/10\/\" \/>\n<meta property=\"og:site_name\" content=\"Algarve 7\" \/>\n<meta property=\"article:publisher\" content=\"https:\/\/www.facebook.com\/algarve7\" \/>\n<meta property=\"article:author\" content=\"https:\/\/www.facebook.com\/algarve7\" \/>\n<meta property=\"article:published_time\" content=\"2026-08-31T06:10:00+00:00\" \/>\n<meta property=\"og:image\" content=\"https:\/\/algarve7.pt\/wp-content\/uploads\/2026\/08\/Noticia_Aniversario-do-Museu_2026.jpg\" \/>\n\t<meta property=\"og:image:width\" content=\"1000\" \/>\n\t<meta property=\"og:image:height\" content=\"600\" \/>\n\t<meta property=\"og:image:type\" content=\"image\/jpeg\" \/>\n<meta name=\"author\" content=\"Algarve 7\" \/>\n<meta name=\"twitter:card\" content=\"summary_large_image\" \/>\n<meta name=\"twitter:creator\" content=\"@Algarvesete\" \/>\n<meta name=\"twitter:site\" content=\"@Algarvesete\" \/>\n<meta name=\"twitter:label1\" content=\"Escrito por\" \/>\n\t<meta name=\"twitter:data1\" content=\"Algarve 7\" \/>\n\t<meta name=\"twitter:label2\" content=\"Tempo estimado de leitura\" \/>\n\t<meta name=\"twitter:data2\" content=\"2 minutos\" \/>\n<script type=\"application\/ld+json\" class=\"yoast-schema-graph\">{\"@context\":\"https:\\\/\\\/schema.org\",\"@graph\":[{\"@type\":\"Article\",\"@id\":\"https:\\\/\\\/algarve7.pt\\\/index.php\\\/2026\\\/08\\\/museu-municipal-de-arqueologia-de-silves-celebra-o-36-o-aniversario-com-programa-especial-de-3-a-6-de-setembro\\\/cultura\\\/07\\\/10\\\/#article\",\"isPartOf\":{\"@id\":\"https:\\\/\\\/algarve7.pt\\\/index.php\\\/2026\\\/08\\\/museu-municipal-de-arqueologia-de-silves-celebra-o-36-o-aniversario-com-programa-especial-de-3-a-6-de-setembro\\\/cultura\\\/07\\\/10\\\/\"},\"author\":{\"name\":\"Algarve 7\",\"@id\":\"https:\\\/\\\/algarve7.pt\\\/#\\\/schema\\\/person\\\/23fa70681308e7b319a3204bcea45e0c\"},\"headline\":\"Museu municipal de arqueologia de Silves celebra o 36.\u00ba anivers\u00e1rio com\u00a0programa especial de 3 a 6 de setembro\",\"datePublished\":\"2026-08-31T06:10:00+00:00\",\"mainEntityOfPage\":{\"@id\":\"https:\\\/\\\/algarve7.pt\\\/index.php\\\/2026\\\/08\\\/museu-municipal-de-arqueologia-de-silves-celebra-o-36-o-aniversario-com-programa-especial-de-3-a-6-de-setembro\\\/cultura\\\/07\\\/10\\\/\"},\"wordCount\":366,\"publisher\":{\"@id\":\"https:\\\/\\\/algarve7.pt\\\/#organization\"},\"image\":{\"@id\":\"https:\\\/\\\/algarve7.pt\\\/index.php\\\/2026\\\/08\\\/museu-municipal-de-arqueologia-de-silves-celebra-o-36-o-aniversario-com-programa-especial-de-3-a-6-de-setembro\\\/cultura\\\/07\\\/10\\\/#primaryimage\"},\"thumbnailUrl\":\"https:\\\/\\\/algarve7.pt\\\/wp-content\\\/uploads\\\/2026\\\/08\\\/Noticia_Aniversario-do-Museu_2026.jpg\",\"keywords\":[\"Algarve\",\"Cultura\",\"Silves\"],\"articleSection\":[\"Cultura\"],\"inLanguage\":\"pt-PT\"},{\"@type\":\"WebPage\",\"@id\":\"https:\\\/\\\/algarve7.pt\\\/index.php\\\/2026\\\/08\\\/museu-municipal-de-arqueologia-de-silves-celebra-o-36-o-aniversario-com-programa-especial-de-3-a-6-de-setembro\\\/cultura\\\/07\\\/10\\\/\",\"url\":\"https:\\\/\\\/algarve7.pt\\\/index.php\\\/2026\\\/08\\\/museu-municipal-de-arqueologia-de-silves-celebra-o-36-o-aniversario-com-programa-especial-de-3-a-6-de-setembro\\\/cultura\\\/07\\\/10\\\/\",\"name\":\"Museu municipal de arqueologia de Silves celebra o 36.\u00ba anivers\u00e1rio com\u00a0programa especial de 3 a 6 de setembro - Algarve 7\",\"isPartOf\":{\"@id\":\"https:\\\/\\\/algarve7.pt\\\/#website\"},\"primaryImageOfPage\":{\"@id\":\"https:\\\/\\\/algarve7.pt\\\/index.php\\\/2026\\\/08\\\/museu-municipal-de-arqueologia-de-silves-celebra-o-36-o-aniversario-com-programa-especial-de-3-a-6-de-setembro\\\/cultura\\\/07\\\/10\\\/#primaryimage\"},\"image\":{\"@id\":\"https:\\\/\\\/algarve7.pt\\\/index.php\\\/2026\\\/08\\\/museu-municipal-de-arqueologia-de-silves-celebra-o-36-o-aniversario-com-programa-especial-de-3-a-6-de-setembro\\\/cultura\\\/07\\\/10\\\/#primaryimage\"},\"thumbnailUrl\":\"https:\\\/\\\/algarve7.pt\\\/wp-content\\\/uploads\\\/2026\\\/08\\\/Noticia_Aniversario-do-Museu_2026.jpg\",\"datePublished\":\"2026-08-31T06:10:00+00:00\",\"description\":\"Museu municipal de arqueologia de Silves celebra o 36.\u00ba anivers\u00e1rio com\u00a0programa especial de 3 a 6 de setembro Cultura\",\"breadcrumb\":{\"@id\":\"https:\\\/\\\/algarve7.pt\\\/index.php\\\/2026\\\/08\\\/museu-municipal-de-arqueologia-de-silves-celebra-o-36-o-aniversario-com-programa-especial-de-3-a-6-de-setembro\\\/cultura\\\/07\\\/10\\\/#breadcrumb\"},\"inLanguage\":\"pt-PT\",\"potentialAction\":[{\"@type\":\"ReadAction\",\"target\":[\"https:\\\/\\\/algarve7.pt\\\/index.php\\\/2026\\\/08\\\/museu-municipal-de-arqueologia-de-silves-celebra-o-36-o-aniversario-com-programa-especial-de-3-a-6-de-setembro\\\/cultura\\\/07\\\/10\\\/\"]}]},{\"@type\":\"ImageObject\",\"inLanguage\":\"pt-PT\",\"@id\":\"https:\\\/\\\/algarve7.pt\\\/index.php\\\/2026\\\/08\\\/museu-municipal-de-arqueologia-de-silves-celebra-o-36-o-aniversario-com-programa-especial-de-3-a-6-de-setembro\\\/cultura\\\/07\\\/10\\\/#primaryimage\",\"url\":\"https:\\\/\\\/algarve7.pt\\\/wp-content\\\/uploads\\\/2026\\\/08\\\/Noticia_Aniversario-do-Museu_2026.jpg\",\"contentUrl\":\"https:\\\/\\\/algarve7.pt\\\/wp-content\\\/uploads\\\/2026\\\/08\\\/Noticia_Aniversario-do-Museu_2026.jpg\",\"width\":1000,\"height\":600},{\"@type\":\"BreadcrumbList\",\"@id\":\"https:\\\/\\\/algarve7.pt\\\/index.php\\\/2026\\\/08\\\/museu-municipal-de-arqueologia-de-silves-celebra-o-36-o-aniversario-com-programa-especial-de-3-a-6-de-setembro\\\/cultura\\\/07\\\/10\\\/#breadcrumb\",\"itemListElement\":[{\"@type\":\"ListItem\",\"position\":1,\"name\":\"In\u00edcio\",\"item\":\"https:\\\/\\\/algarve7.pt\\\/\"},{\"@type\":\"ListItem\",\"position\":2,\"name\":\"Museu municipal de arqueologia de Silves celebra o 36.\u00ba anivers\u00e1rio com\u00a0programa especial de 3 a 6 de setembro\"}]},{\"@type\":\"WebSite\",\"@id\":\"https:\\\/\\\/algarve7.pt\\\/#website\",\"url\":\"https:\\\/\\\/algarve7.pt\\\/\",\"name\":\"Algarve 7\",\"description\":\"Informa\u00e7\u00e3o sobre o Algarve\",\"publisher\":{\"@id\":\"https:\\\/\\\/algarve7.pt\\\/#organization\"},\"potentialAction\":[{\"@type\":\"SearchAction\",\"target\":{\"@type\":\"EntryPoint\",\"urlTemplate\":\"https:\\\/\\\/algarve7.pt\\\/?s={search_term_string}\"},\"query-input\":{\"@type\":\"PropertyValueSpecification\",\"valueRequired\":true,\"valueName\":\"search_term_string\"}}],\"inLanguage\":\"pt-PT\"},{\"@type\":\"Organization\",\"@id\":\"https:\\\/\\\/algarve7.pt\\\/#organization\",\"name\":\"Algarve 7\",\"url\":\"https:\\\/\\\/algarve7.pt\\\/\",\"logo\":{\"@type\":\"ImageObject\",\"inLanguage\":\"pt-PT\",\"@id\":\"https:\\\/\\\/algarve7.pt\\\/#\\\/schema\\\/logo\\\/image\\\/\",\"url\":\"https:\\\/\\\/algarve7.pt\\\/wp-content\\\/uploads\\\/2020\\\/10\\\/Logo-8.jpg\",\"contentUrl\":\"https:\\\/\\\/algarve7.pt\\\/wp-content\\\/uploads\\\/2020\\\/10\\\/Logo-8.jpg\",\"width\":1680,\"height\":1186,\"caption\":\"Algarve 7\"},\"image\":{\"@id\":\"https:\\\/\\\/algarve7.pt\\\/#\\\/schema\\\/logo\\\/image\\\/\"},\"sameAs\":[\"https:\\\/\\\/www.facebook.com\\\/algarve7\",\"https:\\\/\\\/x.com\\\/Algarvesete\",\"https:\\\/\\\/www.instagram.com\\\/jornalalgarve7\\\/\",\"https:\\\/\\\/www.linkedin.com\\\/company\\\/algarve7\",\"https:\\\/\\\/www.pinterest.pt\\\/geral0939\\\/_created\\\/\"]},{\"@type\":\"Person\",\"@id\":\"https:\\\/\\\/algarve7.pt\\\/#\\\/schema\\\/person\\\/23fa70681308e7b319a3204bcea45e0c\",\"name\":\"Algarve 7\",\"sameAs\":[\"https:\\\/\\\/algarve7.pt\",\"https:\\\/\\\/www.facebook.com\\\/algarve7\"],\"url\":\"https:\\\/\\\/algarve7.pt\\\/index.php\\\/author\\\/geralalgarve7-pt\\\/\"}]}<\/script>\n<!-- \/ Yoast SEO plugin. -->","yoast_head_json":{"title":"Museu municipal de arqueologia de Silves celebra o 36.\u00ba anivers\u00e1rio com\u00a0programa especial de 3 a 6 de setembro - Algarve 7","description":"Museu municipal de arqueologia de Silves celebra o 36.\u00ba anivers\u00e1rio com\u00a0programa especial de 3 a 6 de setembro Cultura","robots":{"index":"index","follow":"follow","max-snippet":"max-snippet:-1","max-image-preview":"max-image-preview:large","max-video-preview":"max-video-preview:-1"},"canonical":"https:\/\/algarve7.pt\/index.php\/2026\/08\/museu-municipal-de-arqueologia-de-silves-celebra-o-36-o-aniversario-com-programa-especial-de-3-a-6-de-setembro\/cultura\/07\/10\/","og_locale":"pt_PT","og_type":"article","og_title":"Museu municipal de arqueologia de Silves celebra o 36.\u00ba anivers\u00e1rio com\u00a0programa especial de 3 a 6 de setembro - Algarve 7","og_description":"Museu municipal de arqueologia de Silves celebra o 36.\u00ba anivers\u00e1rio com\u00a0programa especial de 3 a 6 de setembro Cultura","og_url":"https:\/\/algarve7.pt\/index.php\/2026\/08\/museu-municipal-de-arqueologia-de-silves-celebra-o-36-o-aniversario-com-programa-especial-de-3-a-6-de-setembro\/cultura\/07\/10\/","og_site_name":"Algarve 7","article_publisher":"https:\/\/www.facebook.com\/algarve7","article_author":"https:\/\/www.facebook.com\/algarve7","article_published_time":"2026-08-31T06:10:00+00:00","og_image":[{"width":1000,"height":600,"url":"https:\/\/algarve7.pt\/wp-content\/uploads\/2026\/08\/Noticia_Aniversario-do-Museu_2026.jpg","type":"image\/jpeg"}],"author":"Algarve 7","twitter_card":"summary_large_image","twitter_creator":"@Algarvesete","twitter_site":"@Algarvesete","twitter_misc":{"Escrito por":"Algarve 7","Tempo estimado de leitura":"2 minutos"},"schema":{"@context":"https:\/\/schema.org","@graph":[{"@type":"Article","@id":"https:\/\/algarve7.pt\/index.php\/2026\/08\/museu-municipal-de-arqueologia-de-silves-celebra-o-36-o-aniversario-com-programa-especial-de-3-a-6-de-setembro\/cultura\/07\/10\/#article","isPartOf":{"@id":"https:\/\/algarve7.pt\/index.php\/2026\/08\/museu-municipal-de-arqueologia-de-silves-celebra-o-36-o-aniversario-com-programa-especial-de-3-a-6-de-setembro\/cultura\/07\/10\/"},"author":{"name":"Algarve 7","@id":"https:\/\/algarve7.pt\/#\/schema\/person\/23fa70681308e7b319a3204bcea45e0c"},"headline":"Museu municipal de arqueologia de Silves celebra o 36.\u00ba anivers\u00e1rio com\u00a0programa especial de 3 a 6 de setembro","datePublished":"2026-08-31T06:10:00+00:00","mainEntityOfPage":{"@id":"https:\/\/algarve7.pt\/index.php\/2026\/08\/museu-municipal-de-arqueologia-de-silves-celebra-o-36-o-aniversario-com-programa-especial-de-3-a-6-de-setembro\/cultura\/07\/10\/"},"wordCount":366,"publisher":{"@id":"https:\/\/algarve7.pt\/#organization"},"image":{"@id":"https:\/\/algarve7.pt\/index.php\/2026\/08\/museu-municipal-de-arqueologia-de-silves-celebra-o-36-o-aniversario-com-programa-especial-de-3-a-6-de-setembro\/cultura\/07\/10\/#primaryimage"},"thumbnailUrl":"https:\/\/algarve7.pt\/wp-content\/uploads\/2026\/08\/Noticia_Aniversario-do-Museu_2026.jpg","keywords":["Algarve","Cultura","Silves"],"articleSection":["Cultura"],"inLanguage":"pt-PT"},{"@type":"WebPage","@id":"https:\/\/algarve7.pt\/index.php\/2026\/08\/museu-municipal-de-arqueologia-de-silves-celebra-o-36-o-aniversario-com-programa-especial-de-3-a-6-de-setembro\/cultura\/07\/10\/","url":"https:\/\/algarve7.pt\/index.php\/2026\/08\/museu-municipal-de-arqueologia-de-silves-celebra-o-36-o-aniversario-com-programa-especial-de-3-a-6-de-setembro\/cultura\/07\/10\/","name":"Museu municipal de arqueologia de Silves celebra o 36.\u00ba anivers\u00e1rio com\u00a0programa especial de 3 a 6 de setembro - Algarve 7","isPartOf":{"@id":"https:\/\/algarve7.pt\/#website"},"primaryImageOfPage":{"@id":"https:\/\/algarve7.pt\/index.php\/2026\/08\/museu-municipal-de-arqueologia-de-silves-celebra-o-36-o-aniversario-com-programa-especial-de-3-a-6-de-setembro\/cultura\/07\/10\/#primaryimage"},"image":{"@id":"https:\/\/algarve7.pt\/index.php\/2026\/08\/museu-municipal-de-arqueologia-de-silves-celebra-o-36-o-aniversario-com-programa-especial-de-3-a-6-de-setembro\/cultura\/07\/10\/#primaryimage"},"thumbnailUrl":"https:\/\/algarve7.pt\/wp-content\/uploads\/2026\/08\/Noticia_Aniversario-do-Museu_2026.jpg","datePublished":"2026-08-31T06:10:00+00:00","description":"Museu municipal de arqueologia de Silves celebra o 36.\u00ba anivers\u00e1rio com\u00a0programa especial de 3 a 6 de setembro Cultura","breadcrumb":{"@id":"https:\/\/algarve7.pt\/index.php\/2026\/08\/museu-municipal-de-arqueologia-de-silves-celebra-o-36-o-aniversario-com-programa-especial-de-3-a-6-de-setembro\/cultura\/07\/10\/#breadcrumb"},"inLanguage":"pt-PT","potentialAction":[{"@type":"ReadAction","target":["https:\/\/algarve7.pt\/index.php\/2026\/08\/museu-municipal-de-arqueologia-de-silves-celebra-o-36-o-aniversario-com-programa-especial-de-3-a-6-de-setembro\/cultura\/07\/10\/"]}]},{"@type":"ImageObject","inLanguage":"pt-PT","@id":"https:\/\/algarve7.pt\/index.php\/2026\/08\/museu-municipal-de-arqueologia-de-silves-celebra-o-36-o-aniversario-com-programa-especial-de-3-a-6-de-setembro\/cultura\/07\/10\/#primaryimage","url":"https:\/\/algarve7.pt\/wp-content\/uploads\/2026\/08\/Noticia_Aniversario-do-Museu_2026.jpg","contentUrl":"https:\/\/algarve7.pt\/wp-content\/uploads\/2026\/08\/Noticia_Aniversario-do-Museu_2026.jpg","width":1000,"height":600},{"@type":"BreadcrumbList","@id":"https:\/\/algarve7.pt\/index.php\/2026\/08\/museu-municipal-de-arqueologia-de-silves-celebra-o-36-o-aniversario-com-programa-especial-de-3-a-6-de-setembro\/cultura\/07\/10\/#breadcrumb","itemListElement":[{"@type":"ListItem","position":1,"name":"In\u00edcio","item":"https:\/\/algarve7.pt\/"},{"@type":"ListItem","position":2,"name":"Museu municipal de arqueologia de Silves celebra o 36.\u00ba anivers\u00e1rio com\u00a0programa especial de 3 a 6 de setembro"}]},{"@type":"WebSite","@id":"https:\/\/algarve7.pt\/#website","url":"https:\/\/algarve7.pt\/","name":"Algarve 7","description":"Informa\u00e7\u00e3o sobre o Algarve","publisher":{"@id":"https:\/\/algarve7.pt\/#organization"},"potentialAction":[{"@type":"SearchAction","target":{"@type":"EntryPoint","urlTemplate":"https:\/\/algarve7.pt\/?s={search_term_string}"},"query-input":{"@type":"PropertyValueSpecification","valueRequired":true,"valueName":"search_term_string"}}],"inLanguage":"pt-PT"},{"@type":"Organization","@id":"https:\/\/algarve7.pt\/#organization","name":"Algarve 7","url":"https:\/\/algarve7.pt\/","logo":{"@type":"ImageObject","inLanguage":"pt-PT","@id":"https:\/\/algarve7.pt\/#\/schema\/logo\/image\/","url":"https:\/\/algarve7.pt\/wp-content\/uploads\/2020\/10\/Logo-8.jpg","contentUrl":"https:\/\/algarve7.pt\/wp-content\/uploads\/2020\/10\/Logo-8.jpg","width":1680,"height":1186,"caption":"Algarve 7"},"image":{"@id":"https:\/\/algarve7.pt\/#\/schema\/logo\/image\/"},"sameAs":["https:\/\/www.facebook.com\/algarve7","https:\/\/x.com\/Algarvesete","https:\/\/www.instagram.com\/jornalalgarve7\/","https:\/\/www.linkedin.com\/company\/algarve7","https:\/\/www.pinterest.pt\/geral0939\/_created\/"]},{"@type":"Person","@id":"https:\/\/algarve7.pt\/#\/schema\/person\/23fa70681308e7b319a3204bcea45e0c","name":"Algarve 7","sameAs":["https:\/\/algarve7.pt","https:\/\/www.facebook.com\/algarve7"],"url":"https:\/\/algarve7.pt\/index.php\/author\/geralalgarve7-pt\/"}]}},"jetpack_publicize_connections":[],"jetpack_shortlink":"https:\/\/wp.me\/pcezmW-h9t","jetpack_sharing_enabled":true,"jetpack_featured_media_url":"https:\/\/algarve7.pt\/wp-content\/uploads\/2026\/08\/Noticia_Aniversario-do-Museu_2026.jpg","_links":{"self":[{"href":"https:\/\/algarve7.pt\/index.php\/wp-json\/wp\/v2\/posts\/65935","targetHints":{"allow":["GET"]}}],"collection":[{"href":"https:\/\/algarve7.pt\/index.php\/wp-json\/wp\/v2\/posts"}],"about":[{"href":"https:\/\/algarve7.pt\/index.php\/wp-json\/wp\/v2\/types\/post"}],"author":[{"embeddable":true,"href":"https:\/\/algarve7.pt\/index.php\/wp-json\/wp\/v2\/users\/1"}],"replies":[{"embeddable":true,"href":"https:\/\/algarve7.pt\/index.php\/wp-json\/wp\/v2\/comments?post=65935"}],"version-history":[{"count":1,"href":"https:\/\/algarve7.pt\/index.php\/wp-json\/wp\/v2\/posts\/65935\/revisions"}],"predecessor-version":[{"id":65937,"href":"https:\/\/algarve7.pt\/index.php\/wp-json\/wp\/v2\/posts\/65935\/revisions\/65937"}],"wp:featuredmedia":[{"embeddable":true,"href":"https:\/\/algarve7.pt\/index.php\/wp-json\/wp\/v2\/media\/65936"}],"wp:attachment":[{"href":"https:\/\/algarve7.pt\/index.php\/wp-json\/wp\/v2\/media?parent=65935"}],"wp:term":[{"taxonomy":"category","embeddable":true,"href":"https:\/\/algarve7.pt\/index.php\/wp-json\/wp\/v2\/categories?post=65935"},{"taxonomy":"post_tag","embeddable":true,"href":"https:\/\/algarve7.pt\/index.php\/wp-json\/wp\/v2\/tags?post=65935"}],"curies":[{"name":"wp","href":"https:\/\/api.w.org\/{rel}","templated":true}]}}