{"id":6578,"date":"2021-03-06T12:26:37","date_gmt":"2021-03-06T12:26:37","guid":{"rendered":"https:\/\/algarve7.pt\/?p=6578"},"modified":"2021-03-06T12:26:41","modified_gmt":"2021-03-06T12:26:41","slug":"loule-abre-candidaturas-a-residencias-artisticas-2021","status":"publish","type":"post","link":"https:\/\/algarve7.pt\/index.php\/2021\/03\/loule-abre-candidaturas-a-residencias-artisticas-2021\/cultura\/12\/26\/","title":{"rendered":"Loul\u00e9 abre candidaturas a resid\u00eancias art\u00edsticas 2021"},"content":{"rendered":"\n<p>A C\u00e2mara Municipal de Loul\u00e9 aprovou por unanimidade, no \u00e2mbito do Programa de Apoio \u00e0 Gest\u00e3o da Crise Econ\u00f3mica e Social, a abertura de candidaturas para resid\u00eancias art\u00edsticas.As resid\u00eancias art\u00edsticas Loul\u00e9 2021 destinam-se a motivar criadores para que realizem em Loul\u00e9 projetos art\u00edsticos em diferentes \u00e1reas: dan\u00e7a, m\u00fasica, teatro e projetos art\u00edsticos para crian\u00e7as e jovens (arte para a inf\u00e2ncia\/juventude). <\/p>\n\n\n\n<p>Pretende-se, em simult\u00e2neo, que as a\u00e7\u00f5es fomentem o contacto com a comunidade escolar e o p\u00fablico em geral atrav\u00e9s de ensaios abertos, workshops ou outros formatos.\u201cEstas medidas t\u00eam como objetivo promover, estimular e incentivar a cria\u00e7\u00e3o art\u00edstica para novos projetos, possibilitando aos artistas tempo para estar, refletir, criar e transformar\u201d, explica V\u00edtor Aleixo, Presidente da C\u00e2mara Municipal de Loul\u00e9. As resid\u00eancias v\u00e3o acontecer no Pal\u00e1cio Gama Lobo, espa\u00e7o sede do projeto Loul\u00e9 Criativo, que integra uma comunidade criativa residente na \u00e1rea do design e do artesanato, o que permitir\u00e1 eventualmente um suporte adicional para a experimenta\u00e7\u00e3o e para a pesquisa dos artistas em resid\u00eancia.As resid\u00eancias &#8211; uma para Teatro, uma de Dan\u00e7a, uma para M\u00fasica e outra para um projeto art\u00edstico para crian\u00e7as e jovens \u2013 poder\u00e3o ter um m\u00ednimo de cinco e um m\u00e1ximo de 15 dias de perman\u00eancia, e incluem, para al\u00e9m do alojamento no Pal\u00e1cio Gama Lobo, espa\u00e7os de ensaio e meios t\u00e9cnicos, bem como uma bolsa de resid\u00eancia para refei\u00e7\u00f5es e produ\u00e7\u00e3o.<\/p>\n\n\n\n<p>As candidaturas decorrer\u00e3o entre 15 de mar\u00e7o e 15 de abril e destinam-se a atores, encenadores, core\u00f3grafos, bailarinos, performers e m\u00fasicos, num m\u00e1ximo de 10 pessoas por projeto. Os interessados dever\u00e3o preencher o formul\u00e1rio de candidatura, anexando uma breve apresenta\u00e7\u00e3o do projeto a desenvolver em resid\u00eancia, n\u00famero de pessoas\/participantes na resid\u00eancia, curr\u00edculo art\u00edstico dos participantes e envio de links para projetos realizados. Ser\u00e3o valorizadas as candidaturas que se proponham realizar projetos que tenham ou potenciem uma rela\u00e7\u00e3o com o territ\u00f3rio, que realizem parcerias com estruturas sediadas no concelho e\/ ou na regi\u00e3o e que proponham a realiza\u00e7\u00e3o de ensaios abertos, workshops ou outros formatos.Os candidatos dever\u00e3o apresentar as suas propostas com os elementos necess\u00e1rios \u00e0 C\u00e2mara Municipal de Loul\u00e9, via e-mail \u2013 <a href=\"mailto:cmloule@cm-loule.pt\" target=\"_blank\" rel=\"noreferrer noopener\">cmloule@cm-loule.pt<\/a>, podendo obter mais informa\u00e7\u00f5es e os formul\u00e1rios de candidatura nos sites da C\u00e2mara Municipal de Loul\u00e9 e do Cineteatro Louletano e na Facebook do Cineteatro Louletano.<\/p>\n\n\n\n<p>O Cineteatro \u00e9 uma estrutura cultural no dom\u00ednio das artes performativas da C\u00e2mara Municipal de Loul\u00e9, integrado na Rede Azul \u2013 Rede de Teatros do Algarve e na Rede 5 Sentidos.OBS: as candidaturas decorrem entre 15 de mar\u00e7o e 15 de abril e dever\u00e3o ser enviadas para o email <a href=\"mailto:cmloule@cm-loule.pt\" target=\"_blank\" rel=\"noreferrer noopener\">cmloule@cm-loule.pt<\/a>, com o formul\u00e1rio devidamente preenchido. Poder\u00e3o obter o formul\u00e1rio indo ao EVENTO RESID\u00caNCIAS ART\u00cdSTICAS2021 \/ DISCUSS\u00c3O no Facebook do CTL.<\/p>\n","protected":false},"excerpt":{"rendered":"<p>A C\u00e2mara Municipal de Loul\u00e9 aprovou por unanimidade, no \u00e2mbito do Programa de Apoio \u00e0 Gest\u00e3o da Crise Econ\u00f3mica e<\/p>\n","protected":false},"author":1,"featured_media":6582,"comment_status":"closed","ping_status":"open","sticky":false,"template":"","format":"standard","meta":{"colormag_page_container_layout":"default_layout","colormag_page_sidebar_layout":"default_layout","_monsterinsights_skip_tracking":false,"_monsterinsights_sitenote_active":false,"_monsterinsights_sitenote_note":"","_monsterinsights_sitenote_category":0,"jetpack_post_was_ever_published":false,"_jetpack_newsletter_access":"","_jetpack_dont_email_post_to_subs":false,"_jetpack_newsletter_tier_id":0,"_jetpack_memberships_contains_paywalled_content":false,"_jetpack_memberships_contains_paid_content":false,"footnotes":"","jetpack_publicize_message":"","jetpack_publicize_feature_enabled":true,"jetpack_social_post_already_shared":true,"jetpack_social_options":{"image_generator_settings":{"template":"highway","default_image_id":0,"font":"","enabled":false},"version":2}},"categories":[14],"tags":[125,53,35,31],"class_list":["post-6578","post","type-post","status-publish","format-standard","has-post-thumbnail","hentry","category-cultura","tag-arte","tag-cine-teatro","tag-cultura","tag-loule"],"yoast_head":"<!-- This site is optimized with the Yoast SEO plugin v27.5 - https:\/\/yoast.com\/product\/yoast-seo-wordpress\/ -->\n<title>Loul\u00e9 abre candidaturas a resid\u00eancias art\u00edsticas 2021 - Algarve 7<\/title>\n<meta name=\"description\" content=\"Loul\u00e9 abre candidaturas a resid\u00eancias art\u00edsticas 2021 Algarve 7 Cultura\" \/>\n<meta name=\"robots\" content=\"index, follow, max-snippet:-1, max-image-preview:large, max-video-preview:-1\" \/>\n<link rel=\"canonical\" href=\"https:\/\/algarve7.pt\/index.php\/2021\/03\/loule-abre-candidaturas-a-residencias-artisticas-2021\/cultura\/12\/26\/\" \/>\n<meta property=\"og:locale\" content=\"pt_PT\" \/>\n<meta property=\"og:type\" content=\"article\" \/>\n<meta property=\"og:title\" content=\"Loul\u00e9 abre candidaturas a resid\u00eancias art\u00edsticas 2021 - Algarve 7\" \/>\n<meta property=\"og:description\" content=\"Loul\u00e9 abre candidaturas a resid\u00eancias art\u00edsticas 2021 Algarve 7 Cultura\" \/>\n<meta property=\"og:url\" content=\"https:\/\/algarve7.pt\/index.php\/2021\/03\/loule-abre-candidaturas-a-residencias-artisticas-2021\/cultura\/12\/26\/\" \/>\n<meta property=\"og:site_name\" content=\"Algarve 7\" \/>\n<meta property=\"article:publisher\" content=\"https:\/\/www.facebook.com\/algarve7\" \/>\n<meta property=\"article:author\" content=\"https:\/\/www.facebook.com\/algarve7\" \/>\n<meta property=\"article:published_time\" content=\"2021-03-06T12:26:37+00:00\" \/>\n<meta property=\"article:modified_time\" content=\"2021-03-06T12:26:41+00:00\" \/>\n<meta property=\"og:image\" content=\"https:\/\/algarve7.pt\/wp-content\/uploads\/2021\/03\/2o-Festival-Luza-CTP\u00ae-01-11-2018-63.jpg\" \/>\n\t<meta property=\"og:image:width\" content=\"1920\" \/>\n\t<meta property=\"og:image:height\" content=\"1280\" \/>\n\t<meta property=\"og:image:type\" content=\"image\/jpeg\" \/>\n<meta name=\"author\" content=\"Algarve 7\" \/>\n<meta name=\"twitter:card\" content=\"summary_large_image\" \/>\n<meta name=\"twitter:creator\" content=\"@Algarvesete\" \/>\n<meta name=\"twitter:site\" content=\"@Algarvesete\" \/>\n<meta name=\"twitter:label1\" content=\"Escrito por\" \/>\n\t<meta name=\"twitter:data1\" content=\"Algarve 7\" \/>\n\t<meta name=\"twitter:label2\" content=\"Tempo estimado de leitura\" \/>\n\t<meta name=\"twitter:data2\" content=\"2 minutos\" \/>\n<script type=\"application\/ld+json\" class=\"yoast-schema-graph\">{\"@context\":\"https:\\\/\\\/schema.org\",\"@graph\":[{\"@type\":\"Article\",\"@id\":\"https:\\\/\\\/algarve7.pt\\\/index.php\\\/2021\\\/03\\\/loule-abre-candidaturas-a-residencias-artisticas-2021\\\/cultura\\\/12\\\/26\\\/#article\",\"isPartOf\":{\"@id\":\"https:\\\/\\\/algarve7.pt\\\/index.php\\\/2021\\\/03\\\/loule-abre-candidaturas-a-residencias-artisticas-2021\\\/cultura\\\/12\\\/26\\\/\"},\"author\":{\"name\":\"Algarve 7\",\"@id\":\"https:\\\/\\\/algarve7.pt\\\/#\\\/schema\\\/person\\\/23fa70681308e7b319a3204bcea45e0c\"},\"headline\":\"Loul\u00e9 abre candidaturas a resid\u00eancias art\u00edsticas 2021\",\"datePublished\":\"2021-03-06T12:26:37+00:00\",\"dateModified\":\"2021-03-06T12:26:41+00:00\",\"mainEntityOfPage\":{\"@id\":\"https:\\\/\\\/algarve7.pt\\\/index.php\\\/2021\\\/03\\\/loule-abre-candidaturas-a-residencias-artisticas-2021\\\/cultura\\\/12\\\/26\\\/\"},\"wordCount\":527,\"publisher\":{\"@id\":\"https:\\\/\\\/algarve7.pt\\\/#organization\"},\"image\":{\"@id\":\"https:\\\/\\\/algarve7.pt\\\/index.php\\\/2021\\\/03\\\/loule-abre-candidaturas-a-residencias-artisticas-2021\\\/cultura\\\/12\\\/26\\\/#primaryimage\"},\"thumbnailUrl\":\"https:\\\/\\\/algarve7.pt\\\/wp-content\\\/uploads\\\/2021\\\/03\\\/2o-Festival-Luza-CTP\u00ae-01-11-2018-63.jpg\",\"keywords\":[\"Arte\",\"Cin\u00e9-Teatro\",\"Cultura\",\"Loul\u00e9\"],\"articleSection\":[\"Cultura\"],\"inLanguage\":\"pt-PT\"},{\"@type\":\"WebPage\",\"@id\":\"https:\\\/\\\/algarve7.pt\\\/index.php\\\/2021\\\/03\\\/loule-abre-candidaturas-a-residencias-artisticas-2021\\\/cultura\\\/12\\\/26\\\/\",\"url\":\"https:\\\/\\\/algarve7.pt\\\/index.php\\\/2021\\\/03\\\/loule-abre-candidaturas-a-residencias-artisticas-2021\\\/cultura\\\/12\\\/26\\\/\",\"name\":\"Loul\u00e9 abre candidaturas a resid\u00eancias art\u00edsticas 2021 - Algarve 7\",\"isPartOf\":{\"@id\":\"https:\\\/\\\/algarve7.pt\\\/#website\"},\"primaryImageOfPage\":{\"@id\":\"https:\\\/\\\/algarve7.pt\\\/index.php\\\/2021\\\/03\\\/loule-abre-candidaturas-a-residencias-artisticas-2021\\\/cultura\\\/12\\\/26\\\/#primaryimage\"},\"image\":{\"@id\":\"https:\\\/\\\/algarve7.pt\\\/index.php\\\/2021\\\/03\\\/loule-abre-candidaturas-a-residencias-artisticas-2021\\\/cultura\\\/12\\\/26\\\/#primaryimage\"},\"thumbnailUrl\":\"https:\\\/\\\/algarve7.pt\\\/wp-content\\\/uploads\\\/2021\\\/03\\\/2o-Festival-Luza-CTP\u00ae-01-11-2018-63.jpg\",\"datePublished\":\"2021-03-06T12:26:37+00:00\",\"dateModified\":\"2021-03-06T12:26:41+00:00\",\"description\":\"Loul\u00e9 abre candidaturas a resid\u00eancias art\u00edsticas 2021 Algarve 7 Cultura\",\"breadcrumb\":{\"@id\":\"https:\\\/\\\/algarve7.pt\\\/index.php\\\/2021\\\/03\\\/loule-abre-candidaturas-a-residencias-artisticas-2021\\\/cultura\\\/12\\\/26\\\/#breadcrumb\"},\"inLanguage\":\"pt-PT\",\"potentialAction\":[{\"@type\":\"ReadAction\",\"target\":[\"https:\\\/\\\/algarve7.pt\\\/index.php\\\/2021\\\/03\\\/loule-abre-candidaturas-a-residencias-artisticas-2021\\\/cultura\\\/12\\\/26\\\/\"]}]},{\"@type\":\"ImageObject\",\"inLanguage\":\"pt-PT\",\"@id\":\"https:\\\/\\\/algarve7.pt\\\/index.php\\\/2021\\\/03\\\/loule-abre-candidaturas-a-residencias-artisticas-2021\\\/cultura\\\/12\\\/26\\\/#primaryimage\",\"url\":\"https:\\\/\\\/algarve7.pt\\\/wp-content\\\/uploads\\\/2021\\\/03\\\/2o-Festival-Luza-CTP\u00ae-01-11-2018-63.jpg\",\"contentUrl\":\"https:\\\/\\\/algarve7.pt\\\/wp-content\\\/uploads\\\/2021\\\/03\\\/2o-Festival-Luza-CTP\u00ae-01-11-2018-63.jpg\",\"width\":1920,\"height\":1280},{\"@type\":\"BreadcrumbList\",\"@id\":\"https:\\\/\\\/algarve7.pt\\\/index.php\\\/2021\\\/03\\\/loule-abre-candidaturas-a-residencias-artisticas-2021\\\/cultura\\\/12\\\/26\\\/#breadcrumb\",\"itemListElement\":[{\"@type\":\"ListItem\",\"position\":1,\"name\":\"In\u00edcio\",\"item\":\"https:\\\/\\\/algarve7.pt\\\/\"},{\"@type\":\"ListItem\",\"position\":2,\"name\":\"Loul\u00e9 abre candidaturas a resid\u00eancias art\u00edsticas 2021\"}]},{\"@type\":\"WebSite\",\"@id\":\"https:\\\/\\\/algarve7.pt\\\/#website\",\"url\":\"https:\\\/\\\/algarve7.pt\\\/\",\"name\":\"Algarve 7\",\"description\":\"Informa\u00e7\u00e3o sobre o Algarve\",\"publisher\":{\"@id\":\"https:\\\/\\\/algarve7.pt\\\/#organization\"},\"potentialAction\":[{\"@type\":\"SearchAction\",\"target\":{\"@type\":\"EntryPoint\",\"urlTemplate\":\"https:\\\/\\\/algarve7.pt\\\/?s={search_term_string}\"},\"query-input\":{\"@type\":\"PropertyValueSpecification\",\"valueRequired\":true,\"valueName\":\"search_term_string\"}}],\"inLanguage\":\"pt-PT\"},{\"@type\":\"Organization\",\"@id\":\"https:\\\/\\\/algarve7.pt\\\/#organization\",\"name\":\"Algarve 7\",\"url\":\"https:\\\/\\\/algarve7.pt\\\/\",\"logo\":{\"@type\":\"ImageObject\",\"inLanguage\":\"pt-PT\",\"@id\":\"https:\\\/\\\/algarve7.pt\\\/#\\\/schema\\\/logo\\\/image\\\/\",\"url\":\"https:\\\/\\\/algarve7.pt\\\/wp-content\\\/uploads\\\/2020\\\/10\\\/Logo-8.jpg\",\"contentUrl\":\"https:\\\/\\\/algarve7.pt\\\/wp-content\\\/uploads\\\/2020\\\/10\\\/Logo-8.jpg\",\"width\":1680,\"height\":1186,\"caption\":\"Algarve 7\"},\"image\":{\"@id\":\"https:\\\/\\\/algarve7.pt\\\/#\\\/schema\\\/logo\\\/image\\\/\"},\"sameAs\":[\"https:\\\/\\\/www.facebook.com\\\/algarve7\",\"https:\\\/\\\/x.com\\\/Algarvesete\",\"https:\\\/\\\/www.instagram.com\\\/jornalalgarve7\\\/\",\"https:\\\/\\\/www.linkedin.com\\\/company\\\/algarve7\",\"https:\\\/\\\/www.pinterest.pt\\\/geral0939\\\/_created\\\/\"]},{\"@type\":\"Person\",\"@id\":\"https:\\\/\\\/algarve7.pt\\\/#\\\/schema\\\/person\\\/23fa70681308e7b319a3204bcea45e0c\",\"name\":\"Algarve 7\",\"sameAs\":[\"https:\\\/\\\/algarve7.pt\",\"https:\\\/\\\/www.facebook.com\\\/algarve7\"],\"url\":\"https:\\\/\\\/algarve7.pt\\\/index.php\\\/author\\\/geralalgarve7-pt\\\/\"}]}<\/script>\n<!-- \/ Yoast SEO plugin. -->","yoast_head_json":{"title":"Loul\u00e9 abre candidaturas a resid\u00eancias art\u00edsticas 2021 - Algarve 7","description":"Loul\u00e9 abre candidaturas a resid\u00eancias art\u00edsticas 2021 Algarve 7 Cultura","robots":{"index":"index","follow":"follow","max-snippet":"max-snippet:-1","max-image-preview":"max-image-preview:large","max-video-preview":"max-video-preview:-1"},"canonical":"https:\/\/algarve7.pt\/index.php\/2021\/03\/loule-abre-candidaturas-a-residencias-artisticas-2021\/cultura\/12\/26\/","og_locale":"pt_PT","og_type":"article","og_title":"Loul\u00e9 abre candidaturas a resid\u00eancias art\u00edsticas 2021 - Algarve 7","og_description":"Loul\u00e9 abre candidaturas a resid\u00eancias art\u00edsticas 2021 Algarve 7 Cultura","og_url":"https:\/\/algarve7.pt\/index.php\/2021\/03\/loule-abre-candidaturas-a-residencias-artisticas-2021\/cultura\/12\/26\/","og_site_name":"Algarve 7","article_publisher":"https:\/\/www.facebook.com\/algarve7","article_author":"https:\/\/www.facebook.com\/algarve7","article_published_time":"2021-03-06T12:26:37+00:00","article_modified_time":"2021-03-06T12:26:41+00:00","og_image":[{"width":1920,"height":1280,"url":"https:\/\/algarve7.pt\/wp-content\/uploads\/2021\/03\/2o-Festival-Luza-CTP\u00ae-01-11-2018-63.jpg","type":"image\/jpeg"}],"author":"Algarve 7","twitter_card":"summary_large_image","twitter_creator":"@Algarvesete","twitter_site":"@Algarvesete","twitter_misc":{"Escrito por":"Algarve 7","Tempo estimado de leitura":"2 minutos"},"schema":{"@context":"https:\/\/schema.org","@graph":[{"@type":"Article","@id":"https:\/\/algarve7.pt\/index.php\/2021\/03\/loule-abre-candidaturas-a-residencias-artisticas-2021\/cultura\/12\/26\/#article","isPartOf":{"@id":"https:\/\/algarve7.pt\/index.php\/2021\/03\/loule-abre-candidaturas-a-residencias-artisticas-2021\/cultura\/12\/26\/"},"author":{"name":"Algarve 7","@id":"https:\/\/algarve7.pt\/#\/schema\/person\/23fa70681308e7b319a3204bcea45e0c"},"headline":"Loul\u00e9 abre candidaturas a resid\u00eancias art\u00edsticas 2021","datePublished":"2021-03-06T12:26:37+00:00","dateModified":"2021-03-06T12:26:41+00:00","mainEntityOfPage":{"@id":"https:\/\/algarve7.pt\/index.php\/2021\/03\/loule-abre-candidaturas-a-residencias-artisticas-2021\/cultura\/12\/26\/"},"wordCount":527,"publisher":{"@id":"https:\/\/algarve7.pt\/#organization"},"image":{"@id":"https:\/\/algarve7.pt\/index.php\/2021\/03\/loule-abre-candidaturas-a-residencias-artisticas-2021\/cultura\/12\/26\/#primaryimage"},"thumbnailUrl":"https:\/\/algarve7.pt\/wp-content\/uploads\/2021\/03\/2o-Festival-Luza-CTP\u00ae-01-11-2018-63.jpg","keywords":["Arte","Cin\u00e9-Teatro","Cultura","Loul\u00e9"],"articleSection":["Cultura"],"inLanguage":"pt-PT"},{"@type":"WebPage","@id":"https:\/\/algarve7.pt\/index.php\/2021\/03\/loule-abre-candidaturas-a-residencias-artisticas-2021\/cultura\/12\/26\/","url":"https:\/\/algarve7.pt\/index.php\/2021\/03\/loule-abre-candidaturas-a-residencias-artisticas-2021\/cultura\/12\/26\/","name":"Loul\u00e9 abre candidaturas a resid\u00eancias art\u00edsticas 2021 - Algarve 7","isPartOf":{"@id":"https:\/\/algarve7.pt\/#website"},"primaryImageOfPage":{"@id":"https:\/\/algarve7.pt\/index.php\/2021\/03\/loule-abre-candidaturas-a-residencias-artisticas-2021\/cultura\/12\/26\/#primaryimage"},"image":{"@id":"https:\/\/algarve7.pt\/index.php\/2021\/03\/loule-abre-candidaturas-a-residencias-artisticas-2021\/cultura\/12\/26\/#primaryimage"},"thumbnailUrl":"https:\/\/algarve7.pt\/wp-content\/uploads\/2021\/03\/2o-Festival-Luza-CTP\u00ae-01-11-2018-63.jpg","datePublished":"2021-03-06T12:26:37+00:00","dateModified":"2021-03-06T12:26:41+00:00","description":"Loul\u00e9 abre candidaturas a resid\u00eancias art\u00edsticas 2021 Algarve 7 Cultura","breadcrumb":{"@id":"https:\/\/algarve7.pt\/index.php\/2021\/03\/loule-abre-candidaturas-a-residencias-artisticas-2021\/cultura\/12\/26\/#breadcrumb"},"inLanguage":"pt-PT","potentialAction":[{"@type":"ReadAction","target":["https:\/\/algarve7.pt\/index.php\/2021\/03\/loule-abre-candidaturas-a-residencias-artisticas-2021\/cultura\/12\/26\/"]}]},{"@type":"ImageObject","inLanguage":"pt-PT","@id":"https:\/\/algarve7.pt\/index.php\/2021\/03\/loule-abre-candidaturas-a-residencias-artisticas-2021\/cultura\/12\/26\/#primaryimage","url":"https:\/\/algarve7.pt\/wp-content\/uploads\/2021\/03\/2o-Festival-Luza-CTP\u00ae-01-11-2018-63.jpg","contentUrl":"https:\/\/algarve7.pt\/wp-content\/uploads\/2021\/03\/2o-Festival-Luza-CTP\u00ae-01-11-2018-63.jpg","width":1920,"height":1280},{"@type":"BreadcrumbList","@id":"https:\/\/algarve7.pt\/index.php\/2021\/03\/loule-abre-candidaturas-a-residencias-artisticas-2021\/cultura\/12\/26\/#breadcrumb","itemListElement":[{"@type":"ListItem","position":1,"name":"In\u00edcio","item":"https:\/\/algarve7.pt\/"},{"@type":"ListItem","position":2,"name":"Loul\u00e9 abre candidaturas a resid\u00eancias art\u00edsticas 2021"}]},{"@type":"WebSite","@id":"https:\/\/algarve7.pt\/#website","url":"https:\/\/algarve7.pt\/","name":"Algarve 7","description":"Informa\u00e7\u00e3o sobre o Algarve","publisher":{"@id":"https:\/\/algarve7.pt\/#organization"},"potentialAction":[{"@type":"SearchAction","target":{"@type":"EntryPoint","urlTemplate":"https:\/\/algarve7.pt\/?s={search_term_string}"},"query-input":{"@type":"PropertyValueSpecification","valueRequired":true,"valueName":"search_term_string"}}],"inLanguage":"pt-PT"},{"@type":"Organization","@id":"https:\/\/algarve7.pt\/#organization","name":"Algarve 7","url":"https:\/\/algarve7.pt\/","logo":{"@type":"ImageObject","inLanguage":"pt-PT","@id":"https:\/\/algarve7.pt\/#\/schema\/logo\/image\/","url":"https:\/\/algarve7.pt\/wp-content\/uploads\/2020\/10\/Logo-8.jpg","contentUrl":"https:\/\/algarve7.pt\/wp-content\/uploads\/2020\/10\/Logo-8.jpg","width":1680,"height":1186,"caption":"Algarve 7"},"image":{"@id":"https:\/\/algarve7.pt\/#\/schema\/logo\/image\/"},"sameAs":["https:\/\/www.facebook.com\/algarve7","https:\/\/x.com\/Algarvesete","https:\/\/www.instagram.com\/jornalalgarve7\/","https:\/\/www.linkedin.com\/company\/algarve7","https:\/\/www.pinterest.pt\/geral0939\/_created\/"]},{"@type":"Person","@id":"https:\/\/algarve7.pt\/#\/schema\/person\/23fa70681308e7b319a3204bcea45e0c","name":"Algarve 7","sameAs":["https:\/\/algarve7.pt","https:\/\/www.facebook.com\/algarve7"],"url":"https:\/\/algarve7.pt\/index.php\/author\/geralalgarve7-pt\/"}]}},"jetpack_publicize_connections":[],"jetpack_featured_media_url":"https:\/\/algarve7.pt\/wp-content\/uploads\/2021\/03\/2o-Festival-Luza-CTP\u00ae-01-11-2018-63.jpg","jetpack_shortlink":"https:\/\/wp.me\/pcezmW-1I6","jetpack_sharing_enabled":true,"_links":{"self":[{"href":"https:\/\/algarve7.pt\/index.php\/wp-json\/wp\/v2\/posts\/6578","targetHints":{"allow":["GET"]}}],"collection":[{"href":"https:\/\/algarve7.pt\/index.php\/wp-json\/wp\/v2\/posts"}],"about":[{"href":"https:\/\/algarve7.pt\/index.php\/wp-json\/wp\/v2\/types\/post"}],"author":[{"embeddable":true,"href":"https:\/\/algarve7.pt\/index.php\/wp-json\/wp\/v2\/users\/1"}],"replies":[{"embeddable":true,"href":"https:\/\/algarve7.pt\/index.php\/wp-json\/wp\/v2\/comments?post=6578"}],"version-history":[{"count":0,"href":"https:\/\/algarve7.pt\/index.php\/wp-json\/wp\/v2\/posts\/6578\/revisions"}],"wp:featuredmedia":[{"embeddable":true,"href":"https:\/\/algarve7.pt\/index.php\/wp-json\/wp\/v2\/media\/6582"}],"wp:attachment":[{"href":"https:\/\/algarve7.pt\/index.php\/wp-json\/wp\/v2\/media?parent=6578"}],"wp:term":[{"taxonomy":"category","embeddable":true,"href":"https:\/\/algarve7.pt\/index.php\/wp-json\/wp\/v2\/categories?post=6578"},{"taxonomy":"post_tag","embeddable":true,"href":"https:\/\/algarve7.pt\/index.php\/wp-json\/wp\/v2\/tags?post=6578"}],"curies":[{"name":"wp","href":"https:\/\/api.w.org\/{rel}","templated":true}]}}