{"id":6566,"date":"2021-03-06T09:22:47","date_gmt":"2021-03-06T09:22:47","guid":{"rendered":"https:\/\/algarve7.pt\/?p=6566"},"modified":"2021-03-06T09:22:51","modified_gmt":"2021-03-06T09:22:51","slug":"portimao-assegura-taxis-gratuitos-para-vacinar-contra-a-covid-19","status":"publish","type":"post","link":"https:\/\/algarve7.pt\/index.php\/2021\/03\/portimao-assegura-taxis-gratuitos-para-vacinar-contra-a-covid-19\/saude\/09\/22\/","title":{"rendered":"Portim\u00e3o assegura t\u00e1xis gratuitos para vacinar contra a Covid-19"},"content":{"rendered":"\n<p>Equipa de trabalho multidisciplinar est\u00e1 no terreno para garantir que \u201cningu\u00e9m fica para tr\u00e1s\u201d no processo de vacina\u00e7\u00e3o. Se tem mais de 82 anos e ainda n\u00e3o foi contactado para ser vacinado ligue 808\u00a0282\u00a0112<\/p>\n\n\n\n<p>A partir de 8 de mar\u00e7o, a C\u00e2mara de Portim\u00e3o vai garantir aos mun\u00edcipes que residam no concelho o transporte em t\u00e1xi para os locais de vacina\u00e7\u00e3o na \u00e1rea do munic\u00edpio, desde que sejam octogen\u00e1rios ou que, tendo mais de 50 anos, sofram de patologias e dificuldades de mobilidade ou desloca\u00e7\u00e3o.<\/p>\n\n\n\n<p>Depois de convocadas para a toma da vacina, e se n\u00e3o tiverem transporte pr\u00f3prio, as pessoas abrangidas por este apoio municipal devem ligar para a Linha Prote\u00e7\u00e3o 24, dispon\u00edvel 24h00 por dia atrav\u00e9s do n\u00famero de telefone 808 282 112, solicitando o respetivo transporte por t\u00e1xi at\u00e9 ao centro de vacina\u00e7\u00e3o e regresso ao domic\u00edlio.<\/p>\n\n\n\n<p>O servi\u00e7o n\u00e3o implica quaisquer custos para o utente, que pode ser acompanhado por um familiar, no cumprimento das regras sanit\u00e1rias em vigor.<\/p>\n\n\n\n<p>Para a concretiza\u00e7\u00e3o de mais esta medida de alcance social no \u00e2mbito da atual pandemia, cujas despesas assumir\u00e1 na \u00edntegra, a C\u00e2mara Municipal de Portim\u00e3o estabeleceu protocolos de colabora\u00e7\u00e3o com a Taxiarade e a Coopt\u00e1xis, as duas empresas de r\u00e1diot\u00e1xis a operar no concelho.<\/p>\n\n\n\n<p><strong>Ningu\u00e9m ficar\u00e1 para tr\u00e1s<\/strong><\/p>\n\n\n\n<p>O Servi\u00e7o Municipal de Prote\u00e7\u00e3o Civil, em articula\u00e7\u00e3o com o ACES do Barlavento, coordena diariamente a partilha de informa\u00e7\u00e3o para que ningu\u00e9m fique para tr\u00e1s no processo de vacina\u00e7\u00e3o.<\/p>\n\n\n\n<p>Todo o fluxo de informa\u00e7\u00e3o est\u00e1 concentrado no Centro Municipal de Emerg\u00eancia e Prote\u00e7\u00e3o Civil, onde se cruza a informa\u00e7\u00e3o proveniente do Centro de Sa\u00fade de Portim\u00e3o com os dados recolhidos pelas tr\u00eas juntas de freguesia do concelho, num trabalho de proximidade.<\/p>\n\n\n\n<p>Dos 299 utentes com os quais o Centro de Sa\u00fade n\u00e3o conseguiu contactar, foi estabelecido contacto com 202, na sequ\u00eancia do trabalho desenvolvido em coordena\u00e7\u00e3o com a juntas de freguesia que, al\u00e9m de recorrerem \u00e0s suas bases de dados, colocaram equipas na rua porta-a-porta, contando ainda com o apoio da GNR, PSP e Bombeiros.<\/p>\n\n\n\n<p>Em resultado dessa a\u00e7\u00e3o, atualmente j\u00e1 foram contactadas todas as pessoas eleg\u00edveis para vacina\u00e7\u00e3o nas freguesias de Alvor e da Mexilhoeira Grande.<\/p>\n\n\n\n<p>No que concerne \u00e0 freguesia de Portim\u00e3o, ainda se mant\u00e9m a tentativa para contactar cidad\u00e3os que, segundo foi apurado pelas autoridades, mudaram de resid\u00eancia para outro concelho ou est\u00e3o em estruturas residenciais para pessoas idosas e, por isso, ser\u00e3o vacinados nesse \u00e2mbito.<\/p>\n\n\n\n<p>Para melhor corresponder a este objetivo, a autarquia disponibilizou t\u00e9cnicos para refor\u00e7ar a unidade respons\u00e1vel por contactar todos os mun\u00edcipes com mais de 80 anos ou que, tendo mais de 50 anos, sofram de morbilidades.<\/p>\n\n\n\n<p>Uma \u00faltima nota, a autarquia de Portim\u00e3o solicita a todos os cidad\u00e3os que t\u00eam mais de 82 anos e ainda n\u00e3o foram contactados para serem vacinados, para entrarem em contacto com a linha&nbsp;&nbsp;<strong>808&nbsp;282&nbsp;112<\/strong><\/p>\n","protected":false},"excerpt":{"rendered":"<p>Equipa de trabalho multidisciplinar est\u00e1 no terreno para garantir que \u201cningu\u00e9m fica para tr\u00e1s\u201d no processo de vacina\u00e7\u00e3o. Se tem<\/p>\n","protected":false},"author":1,"featured_media":6567,"comment_status":"closed","ping_status":"open","sticky":false,"template":"","format":"standard","meta":{"colormag_page_container_layout":"default_layout","colormag_page_sidebar_layout":"default_layout","_monsterinsights_skip_tracking":false,"_monsterinsights_sitenote_active":false,"_monsterinsights_sitenote_note":"","_monsterinsights_sitenote_category":0,"jetpack_post_was_ever_published":false,"_jetpack_newsletter_access":"","_jetpack_dont_email_post_to_subs":false,"_jetpack_newsletter_tier_id":0,"_jetpack_memberships_contains_paywalled_content":false,"_jetpack_memberships_contains_paid_content":false,"footnotes":"","jetpack_publicize_message":"","jetpack_publicize_feature_enabled":true,"jetpack_social_post_already_shared":true,"jetpack_social_options":{"image_generator_settings":{"template":"highway","default_image_id":0,"font":"","enabled":false},"version":2}},"categories":[59],"tags":[36,72,58],"class_list":["post-6566","post","type-post","status-publish","format-standard","has-post-thumbnail","hentry","category-saude","tag-algarve","tag-portimao","tag-saude"],"yoast_head":"<!-- This site is optimized with the Yoast SEO plugin v27.5 - https:\/\/yoast.com\/product\/yoast-seo-wordpress\/ -->\n<title>Portim\u00e3o assegura t\u00e1xis gratuitos para vacinar contra a Covid-19 - Algarve 7<\/title>\n<meta name=\"description\" content=\"Portim\u00e3o assegura t\u00e1xis gratuitos para vacinar contra a Covid-19 Sa\u00fade\" \/>\n<meta name=\"robots\" content=\"index, follow, max-snippet:-1, max-image-preview:large, max-video-preview:-1\" \/>\n<link rel=\"canonical\" href=\"https:\/\/algarve7.pt\/index.php\/2021\/03\/portimao-assegura-taxis-gratuitos-para-vacinar-contra-a-covid-19\/saude\/09\/22\/\" \/>\n<meta property=\"og:locale\" content=\"pt_PT\" \/>\n<meta property=\"og:type\" content=\"article\" \/>\n<meta property=\"og:title\" content=\"Portim\u00e3o assegura t\u00e1xis gratuitos para vacinar contra a Covid-19 - Algarve 7\" \/>\n<meta property=\"og:description\" content=\"Portim\u00e3o assegura t\u00e1xis gratuitos para vacinar contra a Covid-19 Sa\u00fade\" \/>\n<meta property=\"og:url\" content=\"https:\/\/algarve7.pt\/index.php\/2021\/03\/portimao-assegura-taxis-gratuitos-para-vacinar-contra-a-covid-19\/saude\/09\/22\/\" \/>\n<meta property=\"og:site_name\" content=\"Algarve 7\" \/>\n<meta property=\"article:publisher\" content=\"https:\/\/www.facebook.com\/algarve7\" \/>\n<meta property=\"article:author\" content=\"https:\/\/www.facebook.com\/algarve7\" \/>\n<meta property=\"article:published_time\" content=\"2021-03-06T09:22:47+00:00\" \/>\n<meta property=\"article:modified_time\" content=\"2021-03-06T09:22:51+00:00\" \/>\n<meta property=\"og:image\" content=\"https:\/\/algarve7.pt\/wp-content\/uploads\/2021\/03\/3-EST-030E-21_CMP_COVID19-Taxi-Vacina-1.jpg\" \/>\n\t<meta property=\"og:image:width\" content=\"1737\" \/>\n\t<meta property=\"og:image:height\" content=\"1738\" \/>\n\t<meta property=\"og:image:type\" content=\"image\/jpeg\" \/>\n<meta name=\"author\" content=\"Algarve 7\" \/>\n<meta name=\"twitter:card\" content=\"summary_large_image\" \/>\n<meta name=\"twitter:creator\" content=\"@Algarvesete\" \/>\n<meta name=\"twitter:site\" content=\"@Algarvesete\" \/>\n<meta name=\"twitter:label1\" content=\"Escrito por\" \/>\n\t<meta name=\"twitter:data1\" content=\"Algarve 7\" \/>\n\t<meta name=\"twitter:label2\" content=\"Tempo estimado de leitura\" \/>\n\t<meta name=\"twitter:data2\" content=\"3 minutos\" \/>\n<script type=\"application\/ld+json\" class=\"yoast-schema-graph\">{\"@context\":\"https:\\\/\\\/schema.org\",\"@graph\":[{\"@type\":\"Article\",\"@id\":\"https:\\\/\\\/algarve7.pt\\\/index.php\\\/2021\\\/03\\\/portimao-assegura-taxis-gratuitos-para-vacinar-contra-a-covid-19\\\/saude\\\/09\\\/22\\\/#article\",\"isPartOf\":{\"@id\":\"https:\\\/\\\/algarve7.pt\\\/index.php\\\/2021\\\/03\\\/portimao-assegura-taxis-gratuitos-para-vacinar-contra-a-covid-19\\\/saude\\\/09\\\/22\\\/\"},\"author\":{\"name\":\"Algarve 7\",\"@id\":\"https:\\\/\\\/algarve7.pt\\\/#\\\/schema\\\/person\\\/23fa70681308e7b319a3204bcea45e0c\"},\"headline\":\"Portim\u00e3o assegura t\u00e1xis gratuitos para vacinar contra a Covid-19\",\"datePublished\":\"2021-03-06T09:22:47+00:00\",\"dateModified\":\"2021-03-06T09:22:51+00:00\",\"mainEntityOfPage\":{\"@id\":\"https:\\\/\\\/algarve7.pt\\\/index.php\\\/2021\\\/03\\\/portimao-assegura-taxis-gratuitos-para-vacinar-contra-a-covid-19\\\/saude\\\/09\\\/22\\\/\"},\"wordCount\":539,\"publisher\":{\"@id\":\"https:\\\/\\\/algarve7.pt\\\/#organization\"},\"image\":{\"@id\":\"https:\\\/\\\/algarve7.pt\\\/index.php\\\/2021\\\/03\\\/portimao-assegura-taxis-gratuitos-para-vacinar-contra-a-covid-19\\\/saude\\\/09\\\/22\\\/#primaryimage\"},\"thumbnailUrl\":\"https:\\\/\\\/algarve7.pt\\\/wp-content\\\/uploads\\\/2021\\\/03\\\/3-EST-030E-21_CMP_COVID19-Taxi-Vacina-1.jpg\",\"keywords\":[\"Algarve\",\"Portim\u00e3o\",\"Sa\u00fade\"],\"articleSection\":[\"Sa\u00fade\"],\"inLanguage\":\"pt-PT\"},{\"@type\":\"WebPage\",\"@id\":\"https:\\\/\\\/algarve7.pt\\\/index.php\\\/2021\\\/03\\\/portimao-assegura-taxis-gratuitos-para-vacinar-contra-a-covid-19\\\/saude\\\/09\\\/22\\\/\",\"url\":\"https:\\\/\\\/algarve7.pt\\\/index.php\\\/2021\\\/03\\\/portimao-assegura-taxis-gratuitos-para-vacinar-contra-a-covid-19\\\/saude\\\/09\\\/22\\\/\",\"name\":\"Portim\u00e3o assegura t\u00e1xis gratuitos para vacinar contra a Covid-19 - Algarve 7\",\"isPartOf\":{\"@id\":\"https:\\\/\\\/algarve7.pt\\\/#website\"},\"primaryImageOfPage\":{\"@id\":\"https:\\\/\\\/algarve7.pt\\\/index.php\\\/2021\\\/03\\\/portimao-assegura-taxis-gratuitos-para-vacinar-contra-a-covid-19\\\/saude\\\/09\\\/22\\\/#primaryimage\"},\"image\":{\"@id\":\"https:\\\/\\\/algarve7.pt\\\/index.php\\\/2021\\\/03\\\/portimao-assegura-taxis-gratuitos-para-vacinar-contra-a-covid-19\\\/saude\\\/09\\\/22\\\/#primaryimage\"},\"thumbnailUrl\":\"https:\\\/\\\/algarve7.pt\\\/wp-content\\\/uploads\\\/2021\\\/03\\\/3-EST-030E-21_CMP_COVID19-Taxi-Vacina-1.jpg\",\"datePublished\":\"2021-03-06T09:22:47+00:00\",\"dateModified\":\"2021-03-06T09:22:51+00:00\",\"description\":\"Portim\u00e3o assegura t\u00e1xis gratuitos para vacinar contra a Covid-19 Sa\u00fade\",\"breadcrumb\":{\"@id\":\"https:\\\/\\\/algarve7.pt\\\/index.php\\\/2021\\\/03\\\/portimao-assegura-taxis-gratuitos-para-vacinar-contra-a-covid-19\\\/saude\\\/09\\\/22\\\/#breadcrumb\"},\"inLanguage\":\"pt-PT\",\"potentialAction\":[{\"@type\":\"ReadAction\",\"target\":[\"https:\\\/\\\/algarve7.pt\\\/index.php\\\/2021\\\/03\\\/portimao-assegura-taxis-gratuitos-para-vacinar-contra-a-covid-19\\\/saude\\\/09\\\/22\\\/\"]}]},{\"@type\":\"ImageObject\",\"inLanguage\":\"pt-PT\",\"@id\":\"https:\\\/\\\/algarve7.pt\\\/index.php\\\/2021\\\/03\\\/portimao-assegura-taxis-gratuitos-para-vacinar-contra-a-covid-19\\\/saude\\\/09\\\/22\\\/#primaryimage\",\"url\":\"https:\\\/\\\/algarve7.pt\\\/wp-content\\\/uploads\\\/2021\\\/03\\\/3-EST-030E-21_CMP_COVID19-Taxi-Vacina-1.jpg\",\"contentUrl\":\"https:\\\/\\\/algarve7.pt\\\/wp-content\\\/uploads\\\/2021\\\/03\\\/3-EST-030E-21_CMP_COVID19-Taxi-Vacina-1.jpg\",\"width\":1737,\"height\":1738},{\"@type\":\"BreadcrumbList\",\"@id\":\"https:\\\/\\\/algarve7.pt\\\/index.php\\\/2021\\\/03\\\/portimao-assegura-taxis-gratuitos-para-vacinar-contra-a-covid-19\\\/saude\\\/09\\\/22\\\/#breadcrumb\",\"itemListElement\":[{\"@type\":\"ListItem\",\"position\":1,\"name\":\"In\u00edcio\",\"item\":\"https:\\\/\\\/algarve7.pt\\\/\"},{\"@type\":\"ListItem\",\"position\":2,\"name\":\"Portim\u00e3o assegura t\u00e1xis gratuitos para vacinar contra a Covid-19\"}]},{\"@type\":\"WebSite\",\"@id\":\"https:\\\/\\\/algarve7.pt\\\/#website\",\"url\":\"https:\\\/\\\/algarve7.pt\\\/\",\"name\":\"Algarve 7\",\"description\":\"Informa\u00e7\u00e3o sobre o Algarve\",\"publisher\":{\"@id\":\"https:\\\/\\\/algarve7.pt\\\/#organization\"},\"potentialAction\":[{\"@type\":\"SearchAction\",\"target\":{\"@type\":\"EntryPoint\",\"urlTemplate\":\"https:\\\/\\\/algarve7.pt\\\/?s={search_term_string}\"},\"query-input\":{\"@type\":\"PropertyValueSpecification\",\"valueRequired\":true,\"valueName\":\"search_term_string\"}}],\"inLanguage\":\"pt-PT\"},{\"@type\":\"Organization\",\"@id\":\"https:\\\/\\\/algarve7.pt\\\/#organization\",\"name\":\"Algarve 7\",\"url\":\"https:\\\/\\\/algarve7.pt\\\/\",\"logo\":{\"@type\":\"ImageObject\",\"inLanguage\":\"pt-PT\",\"@id\":\"https:\\\/\\\/algarve7.pt\\\/#\\\/schema\\\/logo\\\/image\\\/\",\"url\":\"https:\\\/\\\/algarve7.pt\\\/wp-content\\\/uploads\\\/2020\\\/10\\\/Logo-8.jpg\",\"contentUrl\":\"https:\\\/\\\/algarve7.pt\\\/wp-content\\\/uploads\\\/2020\\\/10\\\/Logo-8.jpg\",\"width\":1680,\"height\":1186,\"caption\":\"Algarve 7\"},\"image\":{\"@id\":\"https:\\\/\\\/algarve7.pt\\\/#\\\/schema\\\/logo\\\/image\\\/\"},\"sameAs\":[\"https:\\\/\\\/www.facebook.com\\\/algarve7\",\"https:\\\/\\\/x.com\\\/Algarvesete\",\"https:\\\/\\\/www.instagram.com\\\/jornalalgarve7\\\/\",\"https:\\\/\\\/www.linkedin.com\\\/company\\\/algarve7\",\"https:\\\/\\\/www.pinterest.pt\\\/geral0939\\\/_created\\\/\"]},{\"@type\":\"Person\",\"@id\":\"https:\\\/\\\/algarve7.pt\\\/#\\\/schema\\\/person\\\/23fa70681308e7b319a3204bcea45e0c\",\"name\":\"Algarve 7\",\"sameAs\":[\"https:\\\/\\\/algarve7.pt\",\"https:\\\/\\\/www.facebook.com\\\/algarve7\"],\"url\":\"https:\\\/\\\/algarve7.pt\\\/index.php\\\/author\\\/geralalgarve7-pt\\\/\"}]}<\/script>\n<!-- \/ Yoast SEO plugin. -->","yoast_head_json":{"title":"Portim\u00e3o assegura t\u00e1xis gratuitos para vacinar contra a Covid-19 - Algarve 7","description":"Portim\u00e3o assegura t\u00e1xis gratuitos para vacinar contra a Covid-19 Sa\u00fade","robots":{"index":"index","follow":"follow","max-snippet":"max-snippet:-1","max-image-preview":"max-image-preview:large","max-video-preview":"max-video-preview:-1"},"canonical":"https:\/\/algarve7.pt\/index.php\/2021\/03\/portimao-assegura-taxis-gratuitos-para-vacinar-contra-a-covid-19\/saude\/09\/22\/","og_locale":"pt_PT","og_type":"article","og_title":"Portim\u00e3o assegura t\u00e1xis gratuitos para vacinar contra a Covid-19 - Algarve 7","og_description":"Portim\u00e3o assegura t\u00e1xis gratuitos para vacinar contra a Covid-19 Sa\u00fade","og_url":"https:\/\/algarve7.pt\/index.php\/2021\/03\/portimao-assegura-taxis-gratuitos-para-vacinar-contra-a-covid-19\/saude\/09\/22\/","og_site_name":"Algarve 7","article_publisher":"https:\/\/www.facebook.com\/algarve7","article_author":"https:\/\/www.facebook.com\/algarve7","article_published_time":"2021-03-06T09:22:47+00:00","article_modified_time":"2021-03-06T09:22:51+00:00","og_image":[{"width":1737,"height":1738,"url":"https:\/\/algarve7.pt\/wp-content\/uploads\/2021\/03\/3-EST-030E-21_CMP_COVID19-Taxi-Vacina-1.jpg","type":"image\/jpeg"}],"author":"Algarve 7","twitter_card":"summary_large_image","twitter_creator":"@Algarvesete","twitter_site":"@Algarvesete","twitter_misc":{"Escrito por":"Algarve 7","Tempo estimado de leitura":"3 minutos"},"schema":{"@context":"https:\/\/schema.org","@graph":[{"@type":"Article","@id":"https:\/\/algarve7.pt\/index.php\/2021\/03\/portimao-assegura-taxis-gratuitos-para-vacinar-contra-a-covid-19\/saude\/09\/22\/#article","isPartOf":{"@id":"https:\/\/algarve7.pt\/index.php\/2021\/03\/portimao-assegura-taxis-gratuitos-para-vacinar-contra-a-covid-19\/saude\/09\/22\/"},"author":{"name":"Algarve 7","@id":"https:\/\/algarve7.pt\/#\/schema\/person\/23fa70681308e7b319a3204bcea45e0c"},"headline":"Portim\u00e3o assegura t\u00e1xis gratuitos para vacinar contra a Covid-19","datePublished":"2021-03-06T09:22:47+00:00","dateModified":"2021-03-06T09:22:51+00:00","mainEntityOfPage":{"@id":"https:\/\/algarve7.pt\/index.php\/2021\/03\/portimao-assegura-taxis-gratuitos-para-vacinar-contra-a-covid-19\/saude\/09\/22\/"},"wordCount":539,"publisher":{"@id":"https:\/\/algarve7.pt\/#organization"},"image":{"@id":"https:\/\/algarve7.pt\/index.php\/2021\/03\/portimao-assegura-taxis-gratuitos-para-vacinar-contra-a-covid-19\/saude\/09\/22\/#primaryimage"},"thumbnailUrl":"https:\/\/algarve7.pt\/wp-content\/uploads\/2021\/03\/3-EST-030E-21_CMP_COVID19-Taxi-Vacina-1.jpg","keywords":["Algarve","Portim\u00e3o","Sa\u00fade"],"articleSection":["Sa\u00fade"],"inLanguage":"pt-PT"},{"@type":"WebPage","@id":"https:\/\/algarve7.pt\/index.php\/2021\/03\/portimao-assegura-taxis-gratuitos-para-vacinar-contra-a-covid-19\/saude\/09\/22\/","url":"https:\/\/algarve7.pt\/index.php\/2021\/03\/portimao-assegura-taxis-gratuitos-para-vacinar-contra-a-covid-19\/saude\/09\/22\/","name":"Portim\u00e3o assegura t\u00e1xis gratuitos para vacinar contra a Covid-19 - Algarve 7","isPartOf":{"@id":"https:\/\/algarve7.pt\/#website"},"primaryImageOfPage":{"@id":"https:\/\/algarve7.pt\/index.php\/2021\/03\/portimao-assegura-taxis-gratuitos-para-vacinar-contra-a-covid-19\/saude\/09\/22\/#primaryimage"},"image":{"@id":"https:\/\/algarve7.pt\/index.php\/2021\/03\/portimao-assegura-taxis-gratuitos-para-vacinar-contra-a-covid-19\/saude\/09\/22\/#primaryimage"},"thumbnailUrl":"https:\/\/algarve7.pt\/wp-content\/uploads\/2021\/03\/3-EST-030E-21_CMP_COVID19-Taxi-Vacina-1.jpg","datePublished":"2021-03-06T09:22:47+00:00","dateModified":"2021-03-06T09:22:51+00:00","description":"Portim\u00e3o assegura t\u00e1xis gratuitos para vacinar contra a Covid-19 Sa\u00fade","breadcrumb":{"@id":"https:\/\/algarve7.pt\/index.php\/2021\/03\/portimao-assegura-taxis-gratuitos-para-vacinar-contra-a-covid-19\/saude\/09\/22\/#breadcrumb"},"inLanguage":"pt-PT","potentialAction":[{"@type":"ReadAction","target":["https:\/\/algarve7.pt\/index.php\/2021\/03\/portimao-assegura-taxis-gratuitos-para-vacinar-contra-a-covid-19\/saude\/09\/22\/"]}]},{"@type":"ImageObject","inLanguage":"pt-PT","@id":"https:\/\/algarve7.pt\/index.php\/2021\/03\/portimao-assegura-taxis-gratuitos-para-vacinar-contra-a-covid-19\/saude\/09\/22\/#primaryimage","url":"https:\/\/algarve7.pt\/wp-content\/uploads\/2021\/03\/3-EST-030E-21_CMP_COVID19-Taxi-Vacina-1.jpg","contentUrl":"https:\/\/algarve7.pt\/wp-content\/uploads\/2021\/03\/3-EST-030E-21_CMP_COVID19-Taxi-Vacina-1.jpg","width":1737,"height":1738},{"@type":"BreadcrumbList","@id":"https:\/\/algarve7.pt\/index.php\/2021\/03\/portimao-assegura-taxis-gratuitos-para-vacinar-contra-a-covid-19\/saude\/09\/22\/#breadcrumb","itemListElement":[{"@type":"ListItem","position":1,"name":"In\u00edcio","item":"https:\/\/algarve7.pt\/"},{"@type":"ListItem","position":2,"name":"Portim\u00e3o assegura t\u00e1xis gratuitos para vacinar contra a Covid-19"}]},{"@type":"WebSite","@id":"https:\/\/algarve7.pt\/#website","url":"https:\/\/algarve7.pt\/","name":"Algarve 7","description":"Informa\u00e7\u00e3o sobre o Algarve","publisher":{"@id":"https:\/\/algarve7.pt\/#organization"},"potentialAction":[{"@type":"SearchAction","target":{"@type":"EntryPoint","urlTemplate":"https:\/\/algarve7.pt\/?s={search_term_string}"},"query-input":{"@type":"PropertyValueSpecification","valueRequired":true,"valueName":"search_term_string"}}],"inLanguage":"pt-PT"},{"@type":"Organization","@id":"https:\/\/algarve7.pt\/#organization","name":"Algarve 7","url":"https:\/\/algarve7.pt\/","logo":{"@type":"ImageObject","inLanguage":"pt-PT","@id":"https:\/\/algarve7.pt\/#\/schema\/logo\/image\/","url":"https:\/\/algarve7.pt\/wp-content\/uploads\/2020\/10\/Logo-8.jpg","contentUrl":"https:\/\/algarve7.pt\/wp-content\/uploads\/2020\/10\/Logo-8.jpg","width":1680,"height":1186,"caption":"Algarve 7"},"image":{"@id":"https:\/\/algarve7.pt\/#\/schema\/logo\/image\/"},"sameAs":["https:\/\/www.facebook.com\/algarve7","https:\/\/x.com\/Algarvesete","https:\/\/www.instagram.com\/jornalalgarve7\/","https:\/\/www.linkedin.com\/company\/algarve7","https:\/\/www.pinterest.pt\/geral0939\/_created\/"]},{"@type":"Person","@id":"https:\/\/algarve7.pt\/#\/schema\/person\/23fa70681308e7b319a3204bcea45e0c","name":"Algarve 7","sameAs":["https:\/\/algarve7.pt","https:\/\/www.facebook.com\/algarve7"],"url":"https:\/\/algarve7.pt\/index.php\/author\/geralalgarve7-pt\/"}]}},"jetpack_publicize_connections":[],"jetpack_featured_media_url":"https:\/\/algarve7.pt\/wp-content\/uploads\/2021\/03\/3-EST-030E-21_CMP_COVID19-Taxi-Vacina-1.jpg","jetpack_shortlink":"https:\/\/wp.me\/pcezmW-1HU","jetpack_sharing_enabled":true,"_links":{"self":[{"href":"https:\/\/algarve7.pt\/index.php\/wp-json\/wp\/v2\/posts\/6566","targetHints":{"allow":["GET"]}}],"collection":[{"href":"https:\/\/algarve7.pt\/index.php\/wp-json\/wp\/v2\/posts"}],"about":[{"href":"https:\/\/algarve7.pt\/index.php\/wp-json\/wp\/v2\/types\/post"}],"author":[{"embeddable":true,"href":"https:\/\/algarve7.pt\/index.php\/wp-json\/wp\/v2\/users\/1"}],"replies":[{"embeddable":true,"href":"https:\/\/algarve7.pt\/index.php\/wp-json\/wp\/v2\/comments?post=6566"}],"version-history":[{"count":0,"href":"https:\/\/algarve7.pt\/index.php\/wp-json\/wp\/v2\/posts\/6566\/revisions"}],"wp:featuredmedia":[{"embeddable":true,"href":"https:\/\/algarve7.pt\/index.php\/wp-json\/wp\/v2\/media\/6567"}],"wp:attachment":[{"href":"https:\/\/algarve7.pt\/index.php\/wp-json\/wp\/v2\/media?parent=6566"}],"wp:term":[{"taxonomy":"category","embeddable":true,"href":"https:\/\/algarve7.pt\/index.php\/wp-json\/wp\/v2\/categories?post=6566"},{"taxonomy":"post_tag","embeddable":true,"href":"https:\/\/algarve7.pt\/index.php\/wp-json\/wp\/v2\/tags?post=6566"}],"curies":[{"name":"wp","href":"https:\/\/api.w.org\/{rel}","templated":true}]}}