{"id":6507,"date":"2021-03-03T20:31:00","date_gmt":"2021-03-03T20:31:00","guid":{"rendered":"https:\/\/algarve7.pt\/?p=6507"},"modified":"2021-03-03T19:32:19","modified_gmt":"2021-03-03T19:32:19","slug":"camara-de-loule-aprova-inicio-de-dois-procedimentos-para-alteracao-ao-pdm","status":"publish","type":"post","link":"https:\/\/algarve7.pt\/index.php\/2021\/03\/camara-de-loule-aprova-inicio-de-dois-procedimentos-para-alteracao-ao-pdm\/atualidade\/20\/31\/","title":{"rendered":"C\u00e2mara de Loul\u00e9 aprova in\u00edcio de dois procedimentos para altera\u00e7\u00e3o ao PDM"},"content":{"rendered":"\n<p>Foram aprovadas por unanimidade esta quarta-feira, em Reuni\u00e3o de C\u00e2mara, duas propostas de in\u00edcio de procedimentos para altera\u00e7\u00f5es ao Plano Diretor Municipal de Loul\u00e9 (PDM), numa altura em que este instrumento estrat\u00e9gico de gest\u00e3o do ordenamento do territ\u00f3rio para o concelho se encontra ainda em fase de revis\u00e3o.<\/p>\n\n\n\n<p>A mais \u201csubstancial\u201d das duas propostas aprovadas passa por dar in\u00edcio a um procedimento de altera\u00e7\u00e3o regulamentar do PDM que tem por objetivo dar uma resposta \u201cpositiva e atempada\u201d \u00e0 necessidade de desenvolvimento e instala\u00e7\u00e3o de projetos estrat\u00e9gicos para o concelho, visando admitir, a t\u00edtulo excecional, a constru\u00e7\u00e3o e amplia\u00e7\u00e3o quer de infraestruturas, quer de equipamentos coletivos de iniciativa p\u00fablica e\/ou privada, de inequ\u00edvoco interesse p\u00fablico, como tal reconhecido pela Assembleia Municipal, e que desejavelmente n\u00e3o devam localizar-se em solo urbano, ou mesmo em que se justifique o afastamento da respetiva localiza\u00e7\u00e3o de zonas urbanas.<\/p>\n\n\n\n<p>O executivo tem em mente com esta proposta abrir a possibilidade legal e regulamentar de instala\u00e7\u00e3o e\/ou amplia\u00e7\u00e3o, em solo rural, nomeadamente: de equipamentos sociais, de ensino e de seguran\u00e7a p\u00fablica; de cemit\u00e9rios; de centros de recolha e acolhimento de animais, bem como centros veterin\u00e1rios; de estaleiros, oficinas e armaz\u00e9ns municipais; de reservat\u00f3rios de \u00e1gua; de esta\u00e7\u00f5es elevat\u00f3rias de \u00e1guas de abastecimento e\/ou de \u00e1guas residuais; de esta\u00e7\u00f5es de tratamento de \u00e1guas e esgotos; de esta\u00e7\u00f5es de tratamento ou de transfer\u00eancia de res\u00edduos s\u00f3lidos urbanos; de subesta\u00e7\u00f5es el\u00e9tricas; de antenas de telecomunica\u00e7\u00f5es; de parques e\u00f3licos, fotovoltaicos ou outras infraestruturas de produ\u00e7\u00e3o de energias renov\u00e1veis; de campos de tiro ou de esta\u00e7\u00f5es de compostagem.<\/p>\n\n\n\n<p>&nbsp;\u201cNo fundo, o que se pretende \u00e9 dar resposta ao n\u00edvel da cria\u00e7\u00e3o de equipamentos que, no atual PDM, s\u00f3 se podem localizar em zonas urbanas, mas que a Autarquia considera que, pela sua natureza, n\u00e3o devem estar em zonas urbanas, antes pelo contr\u00e1rio, devem estar afastadas desses n\u00facleos. Ou seja, estamos a falar de equipamentos que sirvam des\u00edgnios e sejam de manifesto interesse p\u00fablico para toda a comunidade e, como tal, t\u00eam de ser reconhecidos pela Assembleia Municipal\u201d, conforme referido pela vereadora Helo\u00edsa Madeira, respons\u00e1vel pelo pelouro do Planeamento e Urbanismo.<\/p>\n\n\n\n<p>A outra proposta aprovada trata de dar in\u00edcio ao procedimento de altera\u00e7\u00e3o por adapta\u00e7\u00e3o do PDM aos PEOTs ( Planos Especiais de Ordenamento do Territ\u00f3rio ), e diz respeito \u00e0 necessidade de transpor as normas que estabelecem a\u00e7\u00f5es permitidas, condicionadas ou interditas, relativas \u00e0 ocupa\u00e7\u00e3o, uso e transforma\u00e7\u00e3o do solo,&nbsp;dos planos especiais de ordenamento&nbsp;&nbsp;do territ\u00f3rio&nbsp;com incid\u00eancia no munic\u00edpio de Loul\u00e9:&nbsp;Plano de Ordenamento do Parque Natural da Ria Formosa (POPNRF) e os Planos de Ordenamento da Orla Costeira (POOC) Vilamoura-Vila Real de Santo Ant\u00f3nio&nbsp;e&nbsp;Burgau-Vilamoura.&nbsp;<\/p>\n\n\n\n<p>Esta \u00e9 uma decis\u00e3o que se justifica pela impossibilidade de concluir o processo de revis\u00e3o do PDM at\u00e9 ao pr\u00f3ximo dia 13 de julho de 2021, prazo definido no Regime Jur\u00eddico dos Instrumentos de Gest\u00e3o Territorial (RJIGT) para o cumprimento desta transposi\u00e7\u00e3o legal.<\/p>\n\n\n\n<p>De acordo com os respons\u00e1veis municipais, este \u00e9 um procedimento que n\u00e3o envolve qualquer decis\u00e3o aut\u00f3noma de planeamento, mas que, caso n\u00e3o se concretizasse at\u00e9 13 de julho de 2021, poderia culminar na \u201crejei\u00e7\u00e3o de candidaturas de projetos de acesso a benef\u00edcios ou a fundos nacionais ou comunit\u00e1rios, bem como \u00e0 n\u00e3o celebra\u00e7\u00e3o de contratos-programa por parte da Autarquia\u201d. Por outro lado, impediria a realiza\u00e7\u00e3o, nas \u00e1reas abrangidas pelos respetivos planos&nbsp;especiais de ordenamento do territ\u00f3rio, \u201cde quaisquer atos ou opera\u00e7\u00f5es que impliquem a ocupa\u00e7\u00e3o, uso e transforma\u00e7\u00e3o do solo\u201d.<\/p>\n","protected":false},"excerpt":{"rendered":"<p>Foram aprovadas por unanimidade esta quarta-feira, em Reuni\u00e3o de C\u00e2mara, duas propostas de in\u00edcio de procedimentos para altera\u00e7\u00f5es ao Plano<\/p>\n","protected":false},"author":1,"featured_media":6508,"comment_status":"open","ping_status":"open","sticky":false,"template":"","format":"standard","meta":{"colormag_page_container_layout":"default_layout","colormag_page_sidebar_layout":"default_layout","_monsterinsights_skip_tracking":false,"_monsterinsights_sitenote_active":false,"_monsterinsights_sitenote_note":"","_monsterinsights_sitenote_category":0,"jetpack_post_was_ever_published":false,"_jetpack_newsletter_access":"","_jetpack_dont_email_post_to_subs":false,"_jetpack_newsletter_tier_id":0,"_jetpack_memberships_contains_paywalled_content":false,"_jetpack_memberships_contains_paid_content":false,"footnotes":"","jetpack_publicize_message":"","jetpack_publicize_feature_enabled":true,"jetpack_social_post_already_shared":true,"jetpack_social_options":{"image_generator_settings":{"template":"highway","default_image_id":0,"font":"","enabled":false},"version":2}},"categories":[11],"tags":[62,31,277],"class_list":["post-6507","post","type-post","status-publish","format-standard","has-post-thumbnail","hentry","category-atualidade","tag-atualidade","tag-loule","tag-pdm"],"yoast_head":"<!-- This site is optimized with the Yoast SEO plugin v27.5 - https:\/\/yoast.com\/product\/yoast-seo-wordpress\/ -->\n<title>C\u00e2mara de Loul\u00e9 aprova in\u00edcio de dois procedimentos para altera\u00e7\u00e3o ao PDM - Algarve 7<\/title>\n<meta name=\"description\" content=\"C\u00e2mara de Loul\u00e9 aprova in\u00edcio de dois procedimentos para altera\u00e7\u00e3o ao PDM Atualidade\" \/>\n<meta name=\"robots\" content=\"index, follow, max-snippet:-1, max-image-preview:large, max-video-preview:-1\" \/>\n<link rel=\"canonical\" href=\"https:\/\/algarve7.pt\/index.php\/2021\/03\/camara-de-loule-aprova-inicio-de-dois-procedimentos-para-alteracao-ao-pdm\/atualidade\/20\/31\/\" \/>\n<meta property=\"og:locale\" content=\"pt_PT\" \/>\n<meta property=\"og:type\" content=\"article\" \/>\n<meta property=\"og:title\" content=\"C\u00e2mara de Loul\u00e9 aprova in\u00edcio de dois procedimentos para altera\u00e7\u00e3o ao PDM - Algarve 7\" \/>\n<meta property=\"og:description\" content=\"C\u00e2mara de Loul\u00e9 aprova in\u00edcio de dois procedimentos para altera\u00e7\u00e3o ao PDM Atualidade\" \/>\n<meta property=\"og:url\" content=\"https:\/\/algarve7.pt\/index.php\/2021\/03\/camara-de-loule-aprova-inicio-de-dois-procedimentos-para-alteracao-ao-pdm\/atualidade\/20\/31\/\" \/>\n<meta property=\"og:site_name\" content=\"Algarve 7\" \/>\n<meta property=\"article:publisher\" content=\"https:\/\/www.facebook.com\/algarve7\" \/>\n<meta property=\"article:author\" content=\"https:\/\/www.facebook.com\/algarve7\" \/>\n<meta property=\"article:published_time\" content=\"2021-03-03T20:31:00+00:00\" \/>\n<meta property=\"og:image\" content=\"https:\/\/algarve7.pt\/wp-content\/uploads\/2021\/03\/Proposta-alteracao-PDM.png\" \/>\n\t<meta property=\"og:image:width\" content=\"512\" \/>\n\t<meta property=\"og:image:height\" content=\"450\" \/>\n\t<meta property=\"og:image:type\" content=\"image\/png\" \/>\n<meta name=\"author\" content=\"Algarve 7\" \/>\n<meta name=\"twitter:card\" content=\"summary_large_image\" \/>\n<meta name=\"twitter:creator\" content=\"@Algarvesete\" \/>\n<meta name=\"twitter:site\" content=\"@Algarvesete\" \/>\n<meta name=\"twitter:label1\" content=\"Escrito por\" \/>\n\t<meta name=\"twitter:data1\" content=\"Algarve 7\" \/>\n\t<meta name=\"twitter:label2\" content=\"Tempo estimado de leitura\" \/>\n\t<meta name=\"twitter:data2\" content=\"3 minutos\" \/>\n<script type=\"application\/ld+json\" class=\"yoast-schema-graph\">{\"@context\":\"https:\\\/\\\/schema.org\",\"@graph\":[{\"@type\":\"Article\",\"@id\":\"https:\\\/\\\/algarve7.pt\\\/index.php\\\/2021\\\/03\\\/camara-de-loule-aprova-inicio-de-dois-procedimentos-para-alteracao-ao-pdm\\\/atualidade\\\/20\\\/31\\\/#article\",\"isPartOf\":{\"@id\":\"https:\\\/\\\/algarve7.pt\\\/index.php\\\/2021\\\/03\\\/camara-de-loule-aprova-inicio-de-dois-procedimentos-para-alteracao-ao-pdm\\\/atualidade\\\/20\\\/31\\\/\"},\"author\":{\"name\":\"Algarve 7\",\"@id\":\"https:\\\/\\\/algarve7.pt\\\/#\\\/schema\\\/person\\\/23fa70681308e7b319a3204bcea45e0c\"},\"headline\":\"C\u00e2mara de Loul\u00e9 aprova in\u00edcio de dois procedimentos para altera\u00e7\u00e3o ao PDM\",\"datePublished\":\"2021-03-03T20:31:00+00:00\",\"mainEntityOfPage\":{\"@id\":\"https:\\\/\\\/algarve7.pt\\\/index.php\\\/2021\\\/03\\\/camara-de-loule-aprova-inicio-de-dois-procedimentos-para-alteracao-ao-pdm\\\/atualidade\\\/20\\\/31\\\/\"},\"wordCount\":669,\"commentCount\":0,\"publisher\":{\"@id\":\"https:\\\/\\\/algarve7.pt\\\/#organization\"},\"image\":{\"@id\":\"https:\\\/\\\/algarve7.pt\\\/index.php\\\/2021\\\/03\\\/camara-de-loule-aprova-inicio-de-dois-procedimentos-para-alteracao-ao-pdm\\\/atualidade\\\/20\\\/31\\\/#primaryimage\"},\"thumbnailUrl\":\"https:\\\/\\\/algarve7.pt\\\/wp-content\\\/uploads\\\/2021\\\/03\\\/Proposta-alteracao-PDM.png\",\"keywords\":[\"Atualidade\",\"Loul\u00e9\",\"PDM\"],\"articleSection\":[\"Atualidade\"],\"inLanguage\":\"pt-PT\",\"potentialAction\":[{\"@type\":\"CommentAction\",\"name\":\"Comment\",\"target\":[\"https:\\\/\\\/algarve7.pt\\\/index.php\\\/2021\\\/03\\\/camara-de-loule-aprova-inicio-de-dois-procedimentos-para-alteracao-ao-pdm\\\/atualidade\\\/20\\\/31\\\/#respond\"]}]},{\"@type\":\"WebPage\",\"@id\":\"https:\\\/\\\/algarve7.pt\\\/index.php\\\/2021\\\/03\\\/camara-de-loule-aprova-inicio-de-dois-procedimentos-para-alteracao-ao-pdm\\\/atualidade\\\/20\\\/31\\\/\",\"url\":\"https:\\\/\\\/algarve7.pt\\\/index.php\\\/2021\\\/03\\\/camara-de-loule-aprova-inicio-de-dois-procedimentos-para-alteracao-ao-pdm\\\/atualidade\\\/20\\\/31\\\/\",\"name\":\"C\u00e2mara de Loul\u00e9 aprova in\u00edcio de dois procedimentos para altera\u00e7\u00e3o ao PDM - Algarve 7\",\"isPartOf\":{\"@id\":\"https:\\\/\\\/algarve7.pt\\\/#website\"},\"primaryImageOfPage\":{\"@id\":\"https:\\\/\\\/algarve7.pt\\\/index.php\\\/2021\\\/03\\\/camara-de-loule-aprova-inicio-de-dois-procedimentos-para-alteracao-ao-pdm\\\/atualidade\\\/20\\\/31\\\/#primaryimage\"},\"image\":{\"@id\":\"https:\\\/\\\/algarve7.pt\\\/index.php\\\/2021\\\/03\\\/camara-de-loule-aprova-inicio-de-dois-procedimentos-para-alteracao-ao-pdm\\\/atualidade\\\/20\\\/31\\\/#primaryimage\"},\"thumbnailUrl\":\"https:\\\/\\\/algarve7.pt\\\/wp-content\\\/uploads\\\/2021\\\/03\\\/Proposta-alteracao-PDM.png\",\"datePublished\":\"2021-03-03T20:31:00+00:00\",\"description\":\"C\u00e2mara de Loul\u00e9 aprova in\u00edcio de dois procedimentos para altera\u00e7\u00e3o ao PDM Atualidade\",\"breadcrumb\":{\"@id\":\"https:\\\/\\\/algarve7.pt\\\/index.php\\\/2021\\\/03\\\/camara-de-loule-aprova-inicio-de-dois-procedimentos-para-alteracao-ao-pdm\\\/atualidade\\\/20\\\/31\\\/#breadcrumb\"},\"inLanguage\":\"pt-PT\",\"potentialAction\":[{\"@type\":\"ReadAction\",\"target\":[\"https:\\\/\\\/algarve7.pt\\\/index.php\\\/2021\\\/03\\\/camara-de-loule-aprova-inicio-de-dois-procedimentos-para-alteracao-ao-pdm\\\/atualidade\\\/20\\\/31\\\/\"]}]},{\"@type\":\"ImageObject\",\"inLanguage\":\"pt-PT\",\"@id\":\"https:\\\/\\\/algarve7.pt\\\/index.php\\\/2021\\\/03\\\/camara-de-loule-aprova-inicio-de-dois-procedimentos-para-alteracao-ao-pdm\\\/atualidade\\\/20\\\/31\\\/#primaryimage\",\"url\":\"https:\\\/\\\/algarve7.pt\\\/wp-content\\\/uploads\\\/2021\\\/03\\\/Proposta-alteracao-PDM.png\",\"contentUrl\":\"https:\\\/\\\/algarve7.pt\\\/wp-content\\\/uploads\\\/2021\\\/03\\\/Proposta-alteracao-PDM.png\",\"width\":512,\"height\":450},{\"@type\":\"BreadcrumbList\",\"@id\":\"https:\\\/\\\/algarve7.pt\\\/index.php\\\/2021\\\/03\\\/camara-de-loule-aprova-inicio-de-dois-procedimentos-para-alteracao-ao-pdm\\\/atualidade\\\/20\\\/31\\\/#breadcrumb\",\"itemListElement\":[{\"@type\":\"ListItem\",\"position\":1,\"name\":\"In\u00edcio\",\"item\":\"https:\\\/\\\/algarve7.pt\\\/\"},{\"@type\":\"ListItem\",\"position\":2,\"name\":\"C\u00e2mara de Loul\u00e9 aprova in\u00edcio de dois procedimentos para altera\u00e7\u00e3o ao PDM\"}]},{\"@type\":\"WebSite\",\"@id\":\"https:\\\/\\\/algarve7.pt\\\/#website\",\"url\":\"https:\\\/\\\/algarve7.pt\\\/\",\"name\":\"Algarve 7\",\"description\":\"Informa\u00e7\u00e3o sobre o Algarve\",\"publisher\":{\"@id\":\"https:\\\/\\\/algarve7.pt\\\/#organization\"},\"potentialAction\":[{\"@type\":\"SearchAction\",\"target\":{\"@type\":\"EntryPoint\",\"urlTemplate\":\"https:\\\/\\\/algarve7.pt\\\/?s={search_term_string}\"},\"query-input\":{\"@type\":\"PropertyValueSpecification\",\"valueRequired\":true,\"valueName\":\"search_term_string\"}}],\"inLanguage\":\"pt-PT\"},{\"@type\":\"Organization\",\"@id\":\"https:\\\/\\\/algarve7.pt\\\/#organization\",\"name\":\"Algarve 7\",\"url\":\"https:\\\/\\\/algarve7.pt\\\/\",\"logo\":{\"@type\":\"ImageObject\",\"inLanguage\":\"pt-PT\",\"@id\":\"https:\\\/\\\/algarve7.pt\\\/#\\\/schema\\\/logo\\\/image\\\/\",\"url\":\"https:\\\/\\\/algarve7.pt\\\/wp-content\\\/uploads\\\/2020\\\/10\\\/Logo-8.jpg\",\"contentUrl\":\"https:\\\/\\\/algarve7.pt\\\/wp-content\\\/uploads\\\/2020\\\/10\\\/Logo-8.jpg\",\"width\":1680,\"height\":1186,\"caption\":\"Algarve 7\"},\"image\":{\"@id\":\"https:\\\/\\\/algarve7.pt\\\/#\\\/schema\\\/logo\\\/image\\\/\"},\"sameAs\":[\"https:\\\/\\\/www.facebook.com\\\/algarve7\",\"https:\\\/\\\/x.com\\\/Algarvesete\",\"https:\\\/\\\/www.instagram.com\\\/jornalalgarve7\\\/\",\"https:\\\/\\\/www.linkedin.com\\\/company\\\/algarve7\",\"https:\\\/\\\/www.pinterest.pt\\\/geral0939\\\/_created\\\/\"]},{\"@type\":\"Person\",\"@id\":\"https:\\\/\\\/algarve7.pt\\\/#\\\/schema\\\/person\\\/23fa70681308e7b319a3204bcea45e0c\",\"name\":\"Algarve 7\",\"sameAs\":[\"https:\\\/\\\/algarve7.pt\",\"https:\\\/\\\/www.facebook.com\\\/algarve7\"],\"url\":\"https:\\\/\\\/algarve7.pt\\\/index.php\\\/author\\\/geralalgarve7-pt\\\/\"}]}<\/script>\n<!-- \/ Yoast SEO plugin. -->","yoast_head_json":{"title":"C\u00e2mara de Loul\u00e9 aprova in\u00edcio de dois procedimentos para altera\u00e7\u00e3o ao PDM - Algarve 7","description":"C\u00e2mara de Loul\u00e9 aprova in\u00edcio de dois procedimentos para altera\u00e7\u00e3o ao PDM Atualidade","robots":{"index":"index","follow":"follow","max-snippet":"max-snippet:-1","max-image-preview":"max-image-preview:large","max-video-preview":"max-video-preview:-1"},"canonical":"https:\/\/algarve7.pt\/index.php\/2021\/03\/camara-de-loule-aprova-inicio-de-dois-procedimentos-para-alteracao-ao-pdm\/atualidade\/20\/31\/","og_locale":"pt_PT","og_type":"article","og_title":"C\u00e2mara de Loul\u00e9 aprova in\u00edcio de dois procedimentos para altera\u00e7\u00e3o ao PDM - Algarve 7","og_description":"C\u00e2mara de Loul\u00e9 aprova in\u00edcio de dois procedimentos para altera\u00e7\u00e3o ao PDM Atualidade","og_url":"https:\/\/algarve7.pt\/index.php\/2021\/03\/camara-de-loule-aprova-inicio-de-dois-procedimentos-para-alteracao-ao-pdm\/atualidade\/20\/31\/","og_site_name":"Algarve 7","article_publisher":"https:\/\/www.facebook.com\/algarve7","article_author":"https:\/\/www.facebook.com\/algarve7","article_published_time":"2021-03-03T20:31:00+00:00","og_image":[{"width":512,"height":450,"url":"https:\/\/algarve7.pt\/wp-content\/uploads\/2021\/03\/Proposta-alteracao-PDM.png","type":"image\/png"}],"author":"Algarve 7","twitter_card":"summary_large_image","twitter_creator":"@Algarvesete","twitter_site":"@Algarvesete","twitter_misc":{"Escrito por":"Algarve 7","Tempo estimado de leitura":"3 minutos"},"schema":{"@context":"https:\/\/schema.org","@graph":[{"@type":"Article","@id":"https:\/\/algarve7.pt\/index.php\/2021\/03\/camara-de-loule-aprova-inicio-de-dois-procedimentos-para-alteracao-ao-pdm\/atualidade\/20\/31\/#article","isPartOf":{"@id":"https:\/\/algarve7.pt\/index.php\/2021\/03\/camara-de-loule-aprova-inicio-de-dois-procedimentos-para-alteracao-ao-pdm\/atualidade\/20\/31\/"},"author":{"name":"Algarve 7","@id":"https:\/\/algarve7.pt\/#\/schema\/person\/23fa70681308e7b319a3204bcea45e0c"},"headline":"C\u00e2mara de Loul\u00e9 aprova in\u00edcio de dois procedimentos para altera\u00e7\u00e3o ao PDM","datePublished":"2021-03-03T20:31:00+00:00","mainEntityOfPage":{"@id":"https:\/\/algarve7.pt\/index.php\/2021\/03\/camara-de-loule-aprova-inicio-de-dois-procedimentos-para-alteracao-ao-pdm\/atualidade\/20\/31\/"},"wordCount":669,"commentCount":0,"publisher":{"@id":"https:\/\/algarve7.pt\/#organization"},"image":{"@id":"https:\/\/algarve7.pt\/index.php\/2021\/03\/camara-de-loule-aprova-inicio-de-dois-procedimentos-para-alteracao-ao-pdm\/atualidade\/20\/31\/#primaryimage"},"thumbnailUrl":"https:\/\/algarve7.pt\/wp-content\/uploads\/2021\/03\/Proposta-alteracao-PDM.png","keywords":["Atualidade","Loul\u00e9","PDM"],"articleSection":["Atualidade"],"inLanguage":"pt-PT","potentialAction":[{"@type":"CommentAction","name":"Comment","target":["https:\/\/algarve7.pt\/index.php\/2021\/03\/camara-de-loule-aprova-inicio-de-dois-procedimentos-para-alteracao-ao-pdm\/atualidade\/20\/31\/#respond"]}]},{"@type":"WebPage","@id":"https:\/\/algarve7.pt\/index.php\/2021\/03\/camara-de-loule-aprova-inicio-de-dois-procedimentos-para-alteracao-ao-pdm\/atualidade\/20\/31\/","url":"https:\/\/algarve7.pt\/index.php\/2021\/03\/camara-de-loule-aprova-inicio-de-dois-procedimentos-para-alteracao-ao-pdm\/atualidade\/20\/31\/","name":"C\u00e2mara de Loul\u00e9 aprova in\u00edcio de dois procedimentos para altera\u00e7\u00e3o ao PDM - Algarve 7","isPartOf":{"@id":"https:\/\/algarve7.pt\/#website"},"primaryImageOfPage":{"@id":"https:\/\/algarve7.pt\/index.php\/2021\/03\/camara-de-loule-aprova-inicio-de-dois-procedimentos-para-alteracao-ao-pdm\/atualidade\/20\/31\/#primaryimage"},"image":{"@id":"https:\/\/algarve7.pt\/index.php\/2021\/03\/camara-de-loule-aprova-inicio-de-dois-procedimentos-para-alteracao-ao-pdm\/atualidade\/20\/31\/#primaryimage"},"thumbnailUrl":"https:\/\/algarve7.pt\/wp-content\/uploads\/2021\/03\/Proposta-alteracao-PDM.png","datePublished":"2021-03-03T20:31:00+00:00","description":"C\u00e2mara de Loul\u00e9 aprova in\u00edcio de dois procedimentos para altera\u00e7\u00e3o ao PDM Atualidade","breadcrumb":{"@id":"https:\/\/algarve7.pt\/index.php\/2021\/03\/camara-de-loule-aprova-inicio-de-dois-procedimentos-para-alteracao-ao-pdm\/atualidade\/20\/31\/#breadcrumb"},"inLanguage":"pt-PT","potentialAction":[{"@type":"ReadAction","target":["https:\/\/algarve7.pt\/index.php\/2021\/03\/camara-de-loule-aprova-inicio-de-dois-procedimentos-para-alteracao-ao-pdm\/atualidade\/20\/31\/"]}]},{"@type":"ImageObject","inLanguage":"pt-PT","@id":"https:\/\/algarve7.pt\/index.php\/2021\/03\/camara-de-loule-aprova-inicio-de-dois-procedimentos-para-alteracao-ao-pdm\/atualidade\/20\/31\/#primaryimage","url":"https:\/\/algarve7.pt\/wp-content\/uploads\/2021\/03\/Proposta-alteracao-PDM.png","contentUrl":"https:\/\/algarve7.pt\/wp-content\/uploads\/2021\/03\/Proposta-alteracao-PDM.png","width":512,"height":450},{"@type":"BreadcrumbList","@id":"https:\/\/algarve7.pt\/index.php\/2021\/03\/camara-de-loule-aprova-inicio-de-dois-procedimentos-para-alteracao-ao-pdm\/atualidade\/20\/31\/#breadcrumb","itemListElement":[{"@type":"ListItem","position":1,"name":"In\u00edcio","item":"https:\/\/algarve7.pt\/"},{"@type":"ListItem","position":2,"name":"C\u00e2mara de Loul\u00e9 aprova in\u00edcio de dois procedimentos para altera\u00e7\u00e3o ao PDM"}]},{"@type":"WebSite","@id":"https:\/\/algarve7.pt\/#website","url":"https:\/\/algarve7.pt\/","name":"Algarve 7","description":"Informa\u00e7\u00e3o sobre o Algarve","publisher":{"@id":"https:\/\/algarve7.pt\/#organization"},"potentialAction":[{"@type":"SearchAction","target":{"@type":"EntryPoint","urlTemplate":"https:\/\/algarve7.pt\/?s={search_term_string}"},"query-input":{"@type":"PropertyValueSpecification","valueRequired":true,"valueName":"search_term_string"}}],"inLanguage":"pt-PT"},{"@type":"Organization","@id":"https:\/\/algarve7.pt\/#organization","name":"Algarve 7","url":"https:\/\/algarve7.pt\/","logo":{"@type":"ImageObject","inLanguage":"pt-PT","@id":"https:\/\/algarve7.pt\/#\/schema\/logo\/image\/","url":"https:\/\/algarve7.pt\/wp-content\/uploads\/2020\/10\/Logo-8.jpg","contentUrl":"https:\/\/algarve7.pt\/wp-content\/uploads\/2020\/10\/Logo-8.jpg","width":1680,"height":1186,"caption":"Algarve 7"},"image":{"@id":"https:\/\/algarve7.pt\/#\/schema\/logo\/image\/"},"sameAs":["https:\/\/www.facebook.com\/algarve7","https:\/\/x.com\/Algarvesete","https:\/\/www.instagram.com\/jornalalgarve7\/","https:\/\/www.linkedin.com\/company\/algarve7","https:\/\/www.pinterest.pt\/geral0939\/_created\/"]},{"@type":"Person","@id":"https:\/\/algarve7.pt\/#\/schema\/person\/23fa70681308e7b319a3204bcea45e0c","name":"Algarve 7","sameAs":["https:\/\/algarve7.pt","https:\/\/www.facebook.com\/algarve7"],"url":"https:\/\/algarve7.pt\/index.php\/author\/geralalgarve7-pt\/"}]}},"jetpack_publicize_connections":[],"jetpack_featured_media_url":"https:\/\/algarve7.pt\/wp-content\/uploads\/2021\/03\/Proposta-alteracao-PDM.png","jetpack_shortlink":"https:\/\/wp.me\/pcezmW-1GX","jetpack_sharing_enabled":true,"_links":{"self":[{"href":"https:\/\/algarve7.pt\/index.php\/wp-json\/wp\/v2\/posts\/6507","targetHints":{"allow":["GET"]}}],"collection":[{"href":"https:\/\/algarve7.pt\/index.php\/wp-json\/wp\/v2\/posts"}],"about":[{"href":"https:\/\/algarve7.pt\/index.php\/wp-json\/wp\/v2\/types\/post"}],"author":[{"embeddable":true,"href":"https:\/\/algarve7.pt\/index.php\/wp-json\/wp\/v2\/users\/1"}],"replies":[{"embeddable":true,"href":"https:\/\/algarve7.pt\/index.php\/wp-json\/wp\/v2\/comments?post=6507"}],"version-history":[{"count":0,"href":"https:\/\/algarve7.pt\/index.php\/wp-json\/wp\/v2\/posts\/6507\/revisions"}],"wp:featuredmedia":[{"embeddable":true,"href":"https:\/\/algarve7.pt\/index.php\/wp-json\/wp\/v2\/media\/6508"}],"wp:attachment":[{"href":"https:\/\/algarve7.pt\/index.php\/wp-json\/wp\/v2\/media?parent=6507"}],"wp:term":[{"taxonomy":"category","embeddable":true,"href":"https:\/\/algarve7.pt\/index.php\/wp-json\/wp\/v2\/categories?post=6507"},{"taxonomy":"post_tag","embeddable":true,"href":"https:\/\/algarve7.pt\/index.php\/wp-json\/wp\/v2\/tags?post=6507"}],"curies":[{"name":"wp","href":"https:\/\/api.w.org\/{rel}","templated":true}]}}