{"id":6497,"date":"2021-03-03T17:33:53","date_gmt":"2021-03-03T17:33:53","guid":{"rendered":"https:\/\/algarve7.pt\/?p=6497"},"modified":"2021-03-03T17:33:58","modified_gmt":"2021-03-03T17:33:58","slug":"municipio-de-castro-marim-apoia-construcao-do-lar-de-alzheimer-com-um-milhao-de-euros","status":"publish","type":"post","link":"https:\/\/algarve7.pt\/index.php\/2021\/03\/municipio-de-castro-marim-apoia-construcao-do-lar-de-alzheimer-com-um-milhao-de-euros\/saude\/17\/33\/","title":{"rendered":"Munic\u00edpio de Castro Marim apoia constru\u00e7\u00e3o do Lar de Alzheimer com um milh\u00e3o de euros"},"content":{"rendered":"\n<p>A C\u00e2mara Municipal de Castro Marim assinou ontem um contrato de apoio \u00e0 St. Casa da Miseric\u00f3rdia de Castro Marim, cedendo um milh\u00e3o de euros para a constru\u00e7\u00e3o da Estrutura Residencial para Idosos e Centro de Dia para pessoas com Alzheimer e outras dem\u00eancias.&nbsp;<\/p>\n\n\n\n<p>A obra, que dever\u00e1 come\u00e7ar dentro de pouco tempo, tem sido um dos grandes des\u00edgnios do Provedor Jos\u00e9 Cabrita, que trabalha h\u00e1 anos na persecu\u00e7\u00e3o deste projeto e na converg\u00eancia de todas as vontades fundamentais para a execu\u00e7\u00e3o do mesmo.&nbsp;<\/p>\n\n\n\n<p>\u201cO Lar de Alzheimer \u00e9 um projeto priorit\u00e1rio para este Munic\u00edpio. Pela sua dimens\u00e3o e abrang\u00eancia, este equipamento ser\u00e1, com certeza, uma unidade de refer\u00eancia para todo o sul do pa\u00eds\u201d, destacou o presidente da C\u00e2mara Municipal de Castro Marim, Francisco Amaral, salientando ainda que \u201c\u00e9 uma infraestrutura de futuro, pois a longevidade m\u00e9dia aumenta e 50% das pessoas com mais de 90 anos sofre de dem\u00eancia\u201d. O autarca sublinhou tamb\u00e9m o forte contributo \u00e0 economia local, uma vez que a constru\u00e7\u00e3o deste Lar de Alzheimer permitir\u00e1 a cria\u00e7\u00e3o de cerca de dezenas de postos de trabalho, diretos e indiretos.&nbsp;<\/p>\n\n\n\n<p>Trata-se de um equipamento com capacidade para acolher 70 portadores de doen\u00e7a de Alzheimer e outras dem\u00eancias em regime de internamento e 20 em regime de Centro de Dia. Ir\u00e1 estruturar-se em 3 unidades de a\u00e7\u00e3o: Unidade de Internamento Residencial e Unidade de Dia; Unidade de Promo\u00e7\u00e3o da Autonomia Pessoal e Interven\u00e7\u00e3o com as Fam\u00edlias e Unidade de Forma\u00e7\u00e3o e Coopera\u00e7\u00e3o.<\/p>\n\n\n\n<p>\u201c\u00c9 o maior apoio municipal de sempre a uma Institui\u00e7\u00e3o Particular de Solidariedade Social, concentrada em 2 anos, \u00e0 dimens\u00e3o de uma das maiores obras do munic\u00edpio. Tudo isso se torna poss\u00edvel gra\u00e7as \u00e0 participa\u00e7\u00e3o e solidariedades dos castromarinenses, atrav\u00e9s da sua tributa\u00e7\u00e3o dos impostos, nomeadamente do IMI\u201d, declarou a vice-presidente do Munic\u00edpio de Castro Marim, Filomena Sintra, acrescentando que a constru\u00e7\u00e3o do Lar de Alzheimer inclui-se tamb\u00e9m na estrat\u00e9gia municipal de regenera\u00e7\u00e3o urbana, uma vez que prev\u00ea a demoli\u00e7\u00e3o de uma f\u00e1brica antiga e vem imprimir uma nova din\u00e2mica a este espa\u00e7o nobre da vila hist\u00f3rica\u201d.&nbsp;&nbsp;<\/p>\n\n\n\n<p>Com um or\u00e7amento de quase 5 milh\u00f5es de euros, o projeto est\u00e1 inclu\u00eddo no Plano de A\u00e7\u00e3o da ARU e do PARU e \u00e9 um investimento financiado pelo programa PO CRESC Algarve 2020, apoiado por Portugal e Uni\u00e3o Europeia, cofinanciado pelo FEDER em 1.134.701,80 euros alocados, somados ao milh\u00e3o de euros de apoio aut\u00e1rquico. O restante montante \u00e9 assumido pela Santa Casa da Miseric\u00f3rdia, atrav\u00e9s de capitais pr\u00f3prios e empr\u00e9stimo banc\u00e1rio.&nbsp;<\/p>\n","protected":false},"excerpt":{"rendered":"<p>A C\u00e2mara Municipal de Castro Marim assinou ontem um contrato de apoio \u00e0 St. Casa da Miseric\u00f3rdia de Castro Marim,<\/p>\n","protected":false},"author":1,"featured_media":6498,"comment_status":"closed","ping_status":"open","sticky":false,"template":"","format":"standard","meta":{"colormag_page_container_layout":"default_layout","colormag_page_sidebar_layout":"default_layout","_monsterinsights_skip_tracking":false,"_monsterinsights_sitenote_active":false,"_monsterinsights_sitenote_note":"","_monsterinsights_sitenote_category":0,"jetpack_post_was_ever_published":false,"_jetpack_newsletter_access":"","_jetpack_dont_email_post_to_subs":false,"_jetpack_newsletter_tier_id":0,"_jetpack_memberships_contains_paywalled_content":false,"_jetpack_memberships_contains_paid_content":false,"footnotes":"","jetpack_publicize_message":"","jetpack_publicize_feature_enabled":true,"jetpack_social_post_already_shared":true,"jetpack_social_options":{"image_generator_settings":{"template":"highway","default_image_id":0,"font":"","enabled":false},"version":2}},"categories":[59],"tags":[36,136,208,58],"class_list":["post-6497","post","type-post","status-publish","format-standard","has-post-thumbnail","hentry","category-saude","tag-algarve","tag-castro-marim","tag-lar","tag-saude"],"yoast_head":"<!-- This site is optimized with the Yoast SEO plugin v27.5 - https:\/\/yoast.com\/product\/yoast-seo-wordpress\/ -->\n<title>Munic\u00edpio de Castro Marim apoia constru\u00e7\u00e3o do Lar de Alzheimer com um milh\u00e3o de euros - Algarve 7<\/title>\n<meta name=\"description\" content=\"Munic\u00edpio de Castro Marim apoia constru\u00e7\u00e3o do Lar de Alzheimer com um milh\u00e3o de euros Sa\u00fade\" \/>\n<meta name=\"robots\" content=\"index, follow, max-snippet:-1, max-image-preview:large, max-video-preview:-1\" \/>\n<link rel=\"canonical\" href=\"https:\/\/algarve7.pt\/index.php\/2021\/03\/municipio-de-castro-marim-apoia-construcao-do-lar-de-alzheimer-com-um-milhao-de-euros\/saude\/17\/33\/\" \/>\n<meta property=\"og:locale\" content=\"pt_PT\" \/>\n<meta property=\"og:type\" content=\"article\" \/>\n<meta property=\"og:title\" content=\"Munic\u00edpio de Castro Marim apoia constru\u00e7\u00e3o do Lar de Alzheimer com um milh\u00e3o de euros - Algarve 7\" \/>\n<meta property=\"og:description\" content=\"Munic\u00edpio de Castro Marim apoia constru\u00e7\u00e3o do Lar de Alzheimer com um milh\u00e3o de euros Sa\u00fade\" \/>\n<meta property=\"og:url\" content=\"https:\/\/algarve7.pt\/index.php\/2021\/03\/municipio-de-castro-marim-apoia-construcao-do-lar-de-alzheimer-com-um-milhao-de-euros\/saude\/17\/33\/\" \/>\n<meta property=\"og:site_name\" content=\"Algarve 7\" \/>\n<meta property=\"article:publisher\" content=\"https:\/\/www.facebook.com\/algarve7\" \/>\n<meta property=\"article:author\" content=\"https:\/\/www.facebook.com\/algarve7\" \/>\n<meta property=\"article:published_time\" content=\"2021-03-03T17:33:53+00:00\" \/>\n<meta property=\"article:modified_time\" content=\"2021-03-03T17:33:58+00:00\" \/>\n<meta property=\"og:image\" content=\"https:\/\/algarve7.pt\/wp-content\/uploads\/2021\/03\/Protocolo-CMCM-St-Casa-Lar-Alzheimer.jpg\" \/>\n\t<meta property=\"og:image:width\" content=\"1184\" \/>\n\t<meta property=\"og:image:height\" content=\"789\" \/>\n\t<meta property=\"og:image:type\" content=\"image\/jpeg\" \/>\n<meta name=\"author\" content=\"Algarve 7\" \/>\n<meta name=\"twitter:card\" content=\"summary_large_image\" \/>\n<meta name=\"twitter:creator\" content=\"@Algarvesete\" \/>\n<meta name=\"twitter:site\" content=\"@Algarvesete\" \/>\n<meta name=\"twitter:label1\" content=\"Escrito por\" \/>\n\t<meta name=\"twitter:data1\" content=\"Algarve 7\" \/>\n\t<meta name=\"twitter:label2\" content=\"Tempo estimado de leitura\" \/>\n\t<meta name=\"twitter:data2\" content=\"2 minutos\" \/>\n<script type=\"application\/ld+json\" class=\"yoast-schema-graph\">{\"@context\":\"https:\\\/\\\/schema.org\",\"@graph\":[{\"@type\":\"Article\",\"@id\":\"https:\\\/\\\/algarve7.pt\\\/index.php\\\/2021\\\/03\\\/municipio-de-castro-marim-apoia-construcao-do-lar-de-alzheimer-com-um-milhao-de-euros\\\/saude\\\/17\\\/33\\\/#article\",\"isPartOf\":{\"@id\":\"https:\\\/\\\/algarve7.pt\\\/index.php\\\/2021\\\/03\\\/municipio-de-castro-marim-apoia-construcao-do-lar-de-alzheimer-com-um-milhao-de-euros\\\/saude\\\/17\\\/33\\\/\"},\"author\":{\"name\":\"Algarve 7\",\"@id\":\"https:\\\/\\\/algarve7.pt\\\/#\\\/schema\\\/person\\\/23fa70681308e7b319a3204bcea45e0c\"},\"headline\":\"Munic\u00edpio de Castro Marim apoia constru\u00e7\u00e3o do Lar de Alzheimer com um milh\u00e3o de euros\",\"datePublished\":\"2021-03-03T17:33:53+00:00\",\"dateModified\":\"2021-03-03T17:33:58+00:00\",\"mainEntityOfPage\":{\"@id\":\"https:\\\/\\\/algarve7.pt\\\/index.php\\\/2021\\\/03\\\/municipio-de-castro-marim-apoia-construcao-do-lar-de-alzheimer-com-um-milhao-de-euros\\\/saude\\\/17\\\/33\\\/\"},\"wordCount\":479,\"publisher\":{\"@id\":\"https:\\\/\\\/algarve7.pt\\\/#organization\"},\"image\":{\"@id\":\"https:\\\/\\\/algarve7.pt\\\/index.php\\\/2021\\\/03\\\/municipio-de-castro-marim-apoia-construcao-do-lar-de-alzheimer-com-um-milhao-de-euros\\\/saude\\\/17\\\/33\\\/#primaryimage\"},\"thumbnailUrl\":\"https:\\\/\\\/algarve7.pt\\\/wp-content\\\/uploads\\\/2021\\\/03\\\/Protocolo-CMCM-St-Casa-Lar-Alzheimer.jpg\",\"keywords\":[\"Algarve\",\"Castro Marim\",\"Lar\",\"Sa\u00fade\"],\"articleSection\":[\"Sa\u00fade\"],\"inLanguage\":\"pt-PT\"},{\"@type\":\"WebPage\",\"@id\":\"https:\\\/\\\/algarve7.pt\\\/index.php\\\/2021\\\/03\\\/municipio-de-castro-marim-apoia-construcao-do-lar-de-alzheimer-com-um-milhao-de-euros\\\/saude\\\/17\\\/33\\\/\",\"url\":\"https:\\\/\\\/algarve7.pt\\\/index.php\\\/2021\\\/03\\\/municipio-de-castro-marim-apoia-construcao-do-lar-de-alzheimer-com-um-milhao-de-euros\\\/saude\\\/17\\\/33\\\/\",\"name\":\"Munic\u00edpio de Castro Marim apoia constru\u00e7\u00e3o do Lar de Alzheimer com um milh\u00e3o de euros - Algarve 7\",\"isPartOf\":{\"@id\":\"https:\\\/\\\/algarve7.pt\\\/#website\"},\"primaryImageOfPage\":{\"@id\":\"https:\\\/\\\/algarve7.pt\\\/index.php\\\/2021\\\/03\\\/municipio-de-castro-marim-apoia-construcao-do-lar-de-alzheimer-com-um-milhao-de-euros\\\/saude\\\/17\\\/33\\\/#primaryimage\"},\"image\":{\"@id\":\"https:\\\/\\\/algarve7.pt\\\/index.php\\\/2021\\\/03\\\/municipio-de-castro-marim-apoia-construcao-do-lar-de-alzheimer-com-um-milhao-de-euros\\\/saude\\\/17\\\/33\\\/#primaryimage\"},\"thumbnailUrl\":\"https:\\\/\\\/algarve7.pt\\\/wp-content\\\/uploads\\\/2021\\\/03\\\/Protocolo-CMCM-St-Casa-Lar-Alzheimer.jpg\",\"datePublished\":\"2021-03-03T17:33:53+00:00\",\"dateModified\":\"2021-03-03T17:33:58+00:00\",\"description\":\"Munic\u00edpio de Castro Marim apoia constru\u00e7\u00e3o do Lar de Alzheimer com um milh\u00e3o de euros Sa\u00fade\",\"breadcrumb\":{\"@id\":\"https:\\\/\\\/algarve7.pt\\\/index.php\\\/2021\\\/03\\\/municipio-de-castro-marim-apoia-construcao-do-lar-de-alzheimer-com-um-milhao-de-euros\\\/saude\\\/17\\\/33\\\/#breadcrumb\"},\"inLanguage\":\"pt-PT\",\"potentialAction\":[{\"@type\":\"ReadAction\",\"target\":[\"https:\\\/\\\/algarve7.pt\\\/index.php\\\/2021\\\/03\\\/municipio-de-castro-marim-apoia-construcao-do-lar-de-alzheimer-com-um-milhao-de-euros\\\/saude\\\/17\\\/33\\\/\"]}]},{\"@type\":\"ImageObject\",\"inLanguage\":\"pt-PT\",\"@id\":\"https:\\\/\\\/algarve7.pt\\\/index.php\\\/2021\\\/03\\\/municipio-de-castro-marim-apoia-construcao-do-lar-de-alzheimer-com-um-milhao-de-euros\\\/saude\\\/17\\\/33\\\/#primaryimage\",\"url\":\"https:\\\/\\\/algarve7.pt\\\/wp-content\\\/uploads\\\/2021\\\/03\\\/Protocolo-CMCM-St-Casa-Lar-Alzheimer.jpg\",\"contentUrl\":\"https:\\\/\\\/algarve7.pt\\\/wp-content\\\/uploads\\\/2021\\\/03\\\/Protocolo-CMCM-St-Casa-Lar-Alzheimer.jpg\",\"width\":1184,\"height\":789},{\"@type\":\"BreadcrumbList\",\"@id\":\"https:\\\/\\\/algarve7.pt\\\/index.php\\\/2021\\\/03\\\/municipio-de-castro-marim-apoia-construcao-do-lar-de-alzheimer-com-um-milhao-de-euros\\\/saude\\\/17\\\/33\\\/#breadcrumb\",\"itemListElement\":[{\"@type\":\"ListItem\",\"position\":1,\"name\":\"In\u00edcio\",\"item\":\"https:\\\/\\\/algarve7.pt\\\/\"},{\"@type\":\"ListItem\",\"position\":2,\"name\":\"Munic\u00edpio de Castro Marim apoia constru\u00e7\u00e3o do Lar de Alzheimer com um milh\u00e3o de euros\"}]},{\"@type\":\"WebSite\",\"@id\":\"https:\\\/\\\/algarve7.pt\\\/#website\",\"url\":\"https:\\\/\\\/algarve7.pt\\\/\",\"name\":\"Algarve 7\",\"description\":\"Informa\u00e7\u00e3o sobre o Algarve\",\"publisher\":{\"@id\":\"https:\\\/\\\/algarve7.pt\\\/#organization\"},\"potentialAction\":[{\"@type\":\"SearchAction\",\"target\":{\"@type\":\"EntryPoint\",\"urlTemplate\":\"https:\\\/\\\/algarve7.pt\\\/?s={search_term_string}\"},\"query-input\":{\"@type\":\"PropertyValueSpecification\",\"valueRequired\":true,\"valueName\":\"search_term_string\"}}],\"inLanguage\":\"pt-PT\"},{\"@type\":\"Organization\",\"@id\":\"https:\\\/\\\/algarve7.pt\\\/#organization\",\"name\":\"Algarve 7\",\"url\":\"https:\\\/\\\/algarve7.pt\\\/\",\"logo\":{\"@type\":\"ImageObject\",\"inLanguage\":\"pt-PT\",\"@id\":\"https:\\\/\\\/algarve7.pt\\\/#\\\/schema\\\/logo\\\/image\\\/\",\"url\":\"https:\\\/\\\/algarve7.pt\\\/wp-content\\\/uploads\\\/2020\\\/10\\\/Logo-8.jpg\",\"contentUrl\":\"https:\\\/\\\/algarve7.pt\\\/wp-content\\\/uploads\\\/2020\\\/10\\\/Logo-8.jpg\",\"width\":1680,\"height\":1186,\"caption\":\"Algarve 7\"},\"image\":{\"@id\":\"https:\\\/\\\/algarve7.pt\\\/#\\\/schema\\\/logo\\\/image\\\/\"},\"sameAs\":[\"https:\\\/\\\/www.facebook.com\\\/algarve7\",\"https:\\\/\\\/x.com\\\/Algarvesete\",\"https:\\\/\\\/www.instagram.com\\\/jornalalgarve7\\\/\",\"https:\\\/\\\/www.linkedin.com\\\/company\\\/algarve7\",\"https:\\\/\\\/www.pinterest.pt\\\/geral0939\\\/_created\\\/\"]},{\"@type\":\"Person\",\"@id\":\"https:\\\/\\\/algarve7.pt\\\/#\\\/schema\\\/person\\\/23fa70681308e7b319a3204bcea45e0c\",\"name\":\"Algarve 7\",\"sameAs\":[\"https:\\\/\\\/algarve7.pt\",\"https:\\\/\\\/www.facebook.com\\\/algarve7\"],\"url\":\"https:\\\/\\\/algarve7.pt\\\/index.php\\\/author\\\/geralalgarve7-pt\\\/\"}]}<\/script>\n<!-- \/ Yoast SEO plugin. -->","yoast_head_json":{"title":"Munic\u00edpio de Castro Marim apoia constru\u00e7\u00e3o do Lar de Alzheimer com um milh\u00e3o de euros - Algarve 7","description":"Munic\u00edpio de Castro Marim apoia constru\u00e7\u00e3o do Lar de Alzheimer com um milh\u00e3o de euros Sa\u00fade","robots":{"index":"index","follow":"follow","max-snippet":"max-snippet:-1","max-image-preview":"max-image-preview:large","max-video-preview":"max-video-preview:-1"},"canonical":"https:\/\/algarve7.pt\/index.php\/2021\/03\/municipio-de-castro-marim-apoia-construcao-do-lar-de-alzheimer-com-um-milhao-de-euros\/saude\/17\/33\/","og_locale":"pt_PT","og_type":"article","og_title":"Munic\u00edpio de Castro Marim apoia constru\u00e7\u00e3o do Lar de Alzheimer com um milh\u00e3o de euros - Algarve 7","og_description":"Munic\u00edpio de Castro Marim apoia constru\u00e7\u00e3o do Lar de Alzheimer com um milh\u00e3o de euros Sa\u00fade","og_url":"https:\/\/algarve7.pt\/index.php\/2021\/03\/municipio-de-castro-marim-apoia-construcao-do-lar-de-alzheimer-com-um-milhao-de-euros\/saude\/17\/33\/","og_site_name":"Algarve 7","article_publisher":"https:\/\/www.facebook.com\/algarve7","article_author":"https:\/\/www.facebook.com\/algarve7","article_published_time":"2021-03-03T17:33:53+00:00","article_modified_time":"2021-03-03T17:33:58+00:00","og_image":[{"width":1184,"height":789,"url":"https:\/\/algarve7.pt\/wp-content\/uploads\/2021\/03\/Protocolo-CMCM-St-Casa-Lar-Alzheimer.jpg","type":"image\/jpeg"}],"author":"Algarve 7","twitter_card":"summary_large_image","twitter_creator":"@Algarvesete","twitter_site":"@Algarvesete","twitter_misc":{"Escrito por":"Algarve 7","Tempo estimado de leitura":"2 minutos"},"schema":{"@context":"https:\/\/schema.org","@graph":[{"@type":"Article","@id":"https:\/\/algarve7.pt\/index.php\/2021\/03\/municipio-de-castro-marim-apoia-construcao-do-lar-de-alzheimer-com-um-milhao-de-euros\/saude\/17\/33\/#article","isPartOf":{"@id":"https:\/\/algarve7.pt\/index.php\/2021\/03\/municipio-de-castro-marim-apoia-construcao-do-lar-de-alzheimer-com-um-milhao-de-euros\/saude\/17\/33\/"},"author":{"name":"Algarve 7","@id":"https:\/\/algarve7.pt\/#\/schema\/person\/23fa70681308e7b319a3204bcea45e0c"},"headline":"Munic\u00edpio de Castro Marim apoia constru\u00e7\u00e3o do Lar de Alzheimer com um milh\u00e3o de euros","datePublished":"2021-03-03T17:33:53+00:00","dateModified":"2021-03-03T17:33:58+00:00","mainEntityOfPage":{"@id":"https:\/\/algarve7.pt\/index.php\/2021\/03\/municipio-de-castro-marim-apoia-construcao-do-lar-de-alzheimer-com-um-milhao-de-euros\/saude\/17\/33\/"},"wordCount":479,"publisher":{"@id":"https:\/\/algarve7.pt\/#organization"},"image":{"@id":"https:\/\/algarve7.pt\/index.php\/2021\/03\/municipio-de-castro-marim-apoia-construcao-do-lar-de-alzheimer-com-um-milhao-de-euros\/saude\/17\/33\/#primaryimage"},"thumbnailUrl":"https:\/\/algarve7.pt\/wp-content\/uploads\/2021\/03\/Protocolo-CMCM-St-Casa-Lar-Alzheimer.jpg","keywords":["Algarve","Castro Marim","Lar","Sa\u00fade"],"articleSection":["Sa\u00fade"],"inLanguage":"pt-PT"},{"@type":"WebPage","@id":"https:\/\/algarve7.pt\/index.php\/2021\/03\/municipio-de-castro-marim-apoia-construcao-do-lar-de-alzheimer-com-um-milhao-de-euros\/saude\/17\/33\/","url":"https:\/\/algarve7.pt\/index.php\/2021\/03\/municipio-de-castro-marim-apoia-construcao-do-lar-de-alzheimer-com-um-milhao-de-euros\/saude\/17\/33\/","name":"Munic\u00edpio de Castro Marim apoia constru\u00e7\u00e3o do Lar de Alzheimer com um milh\u00e3o de euros - Algarve 7","isPartOf":{"@id":"https:\/\/algarve7.pt\/#website"},"primaryImageOfPage":{"@id":"https:\/\/algarve7.pt\/index.php\/2021\/03\/municipio-de-castro-marim-apoia-construcao-do-lar-de-alzheimer-com-um-milhao-de-euros\/saude\/17\/33\/#primaryimage"},"image":{"@id":"https:\/\/algarve7.pt\/index.php\/2021\/03\/municipio-de-castro-marim-apoia-construcao-do-lar-de-alzheimer-com-um-milhao-de-euros\/saude\/17\/33\/#primaryimage"},"thumbnailUrl":"https:\/\/algarve7.pt\/wp-content\/uploads\/2021\/03\/Protocolo-CMCM-St-Casa-Lar-Alzheimer.jpg","datePublished":"2021-03-03T17:33:53+00:00","dateModified":"2021-03-03T17:33:58+00:00","description":"Munic\u00edpio de Castro Marim apoia constru\u00e7\u00e3o do Lar de Alzheimer com um milh\u00e3o de euros Sa\u00fade","breadcrumb":{"@id":"https:\/\/algarve7.pt\/index.php\/2021\/03\/municipio-de-castro-marim-apoia-construcao-do-lar-de-alzheimer-com-um-milhao-de-euros\/saude\/17\/33\/#breadcrumb"},"inLanguage":"pt-PT","potentialAction":[{"@type":"ReadAction","target":["https:\/\/algarve7.pt\/index.php\/2021\/03\/municipio-de-castro-marim-apoia-construcao-do-lar-de-alzheimer-com-um-milhao-de-euros\/saude\/17\/33\/"]}]},{"@type":"ImageObject","inLanguage":"pt-PT","@id":"https:\/\/algarve7.pt\/index.php\/2021\/03\/municipio-de-castro-marim-apoia-construcao-do-lar-de-alzheimer-com-um-milhao-de-euros\/saude\/17\/33\/#primaryimage","url":"https:\/\/algarve7.pt\/wp-content\/uploads\/2021\/03\/Protocolo-CMCM-St-Casa-Lar-Alzheimer.jpg","contentUrl":"https:\/\/algarve7.pt\/wp-content\/uploads\/2021\/03\/Protocolo-CMCM-St-Casa-Lar-Alzheimer.jpg","width":1184,"height":789},{"@type":"BreadcrumbList","@id":"https:\/\/algarve7.pt\/index.php\/2021\/03\/municipio-de-castro-marim-apoia-construcao-do-lar-de-alzheimer-com-um-milhao-de-euros\/saude\/17\/33\/#breadcrumb","itemListElement":[{"@type":"ListItem","position":1,"name":"In\u00edcio","item":"https:\/\/algarve7.pt\/"},{"@type":"ListItem","position":2,"name":"Munic\u00edpio de Castro Marim apoia constru\u00e7\u00e3o do Lar de Alzheimer com um milh\u00e3o de euros"}]},{"@type":"WebSite","@id":"https:\/\/algarve7.pt\/#website","url":"https:\/\/algarve7.pt\/","name":"Algarve 7","description":"Informa\u00e7\u00e3o sobre o Algarve","publisher":{"@id":"https:\/\/algarve7.pt\/#organization"},"potentialAction":[{"@type":"SearchAction","target":{"@type":"EntryPoint","urlTemplate":"https:\/\/algarve7.pt\/?s={search_term_string}"},"query-input":{"@type":"PropertyValueSpecification","valueRequired":true,"valueName":"search_term_string"}}],"inLanguage":"pt-PT"},{"@type":"Organization","@id":"https:\/\/algarve7.pt\/#organization","name":"Algarve 7","url":"https:\/\/algarve7.pt\/","logo":{"@type":"ImageObject","inLanguage":"pt-PT","@id":"https:\/\/algarve7.pt\/#\/schema\/logo\/image\/","url":"https:\/\/algarve7.pt\/wp-content\/uploads\/2020\/10\/Logo-8.jpg","contentUrl":"https:\/\/algarve7.pt\/wp-content\/uploads\/2020\/10\/Logo-8.jpg","width":1680,"height":1186,"caption":"Algarve 7"},"image":{"@id":"https:\/\/algarve7.pt\/#\/schema\/logo\/image\/"},"sameAs":["https:\/\/www.facebook.com\/algarve7","https:\/\/x.com\/Algarvesete","https:\/\/www.instagram.com\/jornalalgarve7\/","https:\/\/www.linkedin.com\/company\/algarve7","https:\/\/www.pinterest.pt\/geral0939\/_created\/"]},{"@type":"Person","@id":"https:\/\/algarve7.pt\/#\/schema\/person\/23fa70681308e7b319a3204bcea45e0c","name":"Algarve 7","sameAs":["https:\/\/algarve7.pt","https:\/\/www.facebook.com\/algarve7"],"url":"https:\/\/algarve7.pt\/index.php\/author\/geralalgarve7-pt\/"}]}},"jetpack_publicize_connections":[],"jetpack_featured_media_url":"https:\/\/algarve7.pt\/wp-content\/uploads\/2021\/03\/Protocolo-CMCM-St-Casa-Lar-Alzheimer.jpg","jetpack_shortlink":"https:\/\/wp.me\/pcezmW-1GN","jetpack_sharing_enabled":true,"_links":{"self":[{"href":"https:\/\/algarve7.pt\/index.php\/wp-json\/wp\/v2\/posts\/6497","targetHints":{"allow":["GET"]}}],"collection":[{"href":"https:\/\/algarve7.pt\/index.php\/wp-json\/wp\/v2\/posts"}],"about":[{"href":"https:\/\/algarve7.pt\/index.php\/wp-json\/wp\/v2\/types\/post"}],"author":[{"embeddable":true,"href":"https:\/\/algarve7.pt\/index.php\/wp-json\/wp\/v2\/users\/1"}],"replies":[{"embeddable":true,"href":"https:\/\/algarve7.pt\/index.php\/wp-json\/wp\/v2\/comments?post=6497"}],"version-history":[{"count":0,"href":"https:\/\/algarve7.pt\/index.php\/wp-json\/wp\/v2\/posts\/6497\/revisions"}],"wp:featuredmedia":[{"embeddable":true,"href":"https:\/\/algarve7.pt\/index.php\/wp-json\/wp\/v2\/media\/6498"}],"wp:attachment":[{"href":"https:\/\/algarve7.pt\/index.php\/wp-json\/wp\/v2\/media?parent=6497"}],"wp:term":[{"taxonomy":"category","embeddable":true,"href":"https:\/\/algarve7.pt\/index.php\/wp-json\/wp\/v2\/categories?post=6497"},{"taxonomy":"post_tag","embeddable":true,"href":"https:\/\/algarve7.pt\/index.php\/wp-json\/wp\/v2\/tags?post=6497"}],"curies":[{"name":"wp","href":"https:\/\/api.w.org\/{rel}","templated":true}]}}