{"id":6325,"date":"2021-02-24T12:17:05","date_gmt":"2021-02-24T12:17:05","guid":{"rendered":"https:\/\/algarve7.pt\/?p=6325"},"modified":"2021-02-24T12:17:08","modified_gmt":"2021-02-24T12:17:08","slug":"camara-de-lagos-e-agarra-juntas-na-dinamizacao-do-novo-espaco-cowork","status":"publish","type":"post","link":"https:\/\/algarve7.pt\/index.php\/2021\/02\/camara-de-lagos-e-agarra-juntas-na-dinamizacao-do-novo-espaco-cowork\/economia\/12\/17\/","title":{"rendered":"C\u00e2mara de Lagos e (A)GARRA juntas na dinamiza\u00e7\u00e3o do novo Espa\u00e7o Cowork"},"content":{"rendered":"\n<p>A C\u00e2mara de Lagos aprovou um protocolo de colabora\u00e7\u00e3o a celebrar com a (A)GARRA para a gest\u00e3o do novo Espa\u00e7o Cowork municipal. Estimular o desenvolvimento de atividades que contribuam para dinamizar e diversificar a economia local, modernizar o tecido empresarial e criar novos postos de trabalho, em especial junto de uma faixa et\u00e1ria mais jovem, \u00e9 o objetivo desta nova resposta municipal.<\/p>\n\n\n\n<p>Ao abrigo do protocolo aprovado na \u00faltima reuni\u00e3o de c\u00e2mara, o munic\u00edpio cede \u00e0 (A)GARRA a gest\u00e3o operacional do novo espa\u00e7o de trabalho colaborativo, suportando os gastos inerentes a fornecimentos e servi\u00e7os externos e atribuindo a esta associa\u00e7\u00e3o jovem de Lagos um apoio financeiro anual de 26.600,00\u20ac com vista ao funcionamento do espa\u00e7o e dinamiza\u00e7\u00e3o do seu programa de atividades.<\/p>\n\n\n\n<p>As instala\u00e7\u00f5es, sitas na Rua dos Combatentes da Grande Guerra, numa ala do edif\u00edcio da antiga Escola Secund\u00e1ria Gil Eanes (que foi primeiramente Escola Industrial e atualmente alberga o Espa\u00e7o Jovem), foram criadas pela autarquia, que reabilitou e converteu uma antiga sala de eletricidade num espa\u00e7o aberto e otimizado para receber jovens empreendedores e empres\u00e1rios, profissionais liberais, n\u00f3madas digitais e trabalhadores remotos.&nbsp;<\/p>\n\n\n\n<p>A ideia surgiu no \u00e2mbito do Or\u00e7amento Participativo 2017, inspirada pela estrutura informal j\u00e1 ent\u00e3o em funcionamento no Espa\u00e7o Jovem. A proposta acabaria por ser uma das escolhidas pela popula\u00e7\u00e3o, tendo sido colocada em pr\u00e1tica atrav\u00e9s de uma empreitada municipal.<\/p>\n\n\n\n<p>Este equipamento \u00e9 apenas uma entre as v\u00e1rias respostas que o munic\u00edpio de Lagos tem vindo a desenvolver para acompanhar a evolu\u00e7\u00e3o dos modelos de trabalho, nomeadamente o modelo em&nbsp;<em>coworking<\/em>, fen\u00f3meno recente que assenta numa abordagem diferenciada, proporcionadora de aprendizagens, intera\u00e7\u00e3o social, sentido coletivo e coopera\u00e7\u00e3o. Uma tend\u00eancia suscitada pela tecnologia, internet e mobilidade, que alterou decisivamente as rela\u00e7\u00f5es entre a localiza\u00e7\u00e3o geogr\u00e1fica e o exerc\u00edcio das atividades socioecon\u00f3micas, e que se tornou ainda mais cr\u00edtica no atual contexto de pandemia.<\/p>\n\n\n\n<p>A esta iniciativa somam-se o Espa\u00e7o Empresa, a ades\u00e3o \u00e0s redes de desenvolvimento regional InvestAlgarve e Algarve Systems and Technology Partnership (Algarve STP), a F\u00e1brica do Empreeendedor (recentemente criada), o Algarve Revit +, o envolvimento no projeto SusTowns e a promo\u00e7\u00e3o do empreendedorismo nas escolas.<\/p>\n","protected":false},"excerpt":{"rendered":"<p>A C\u00e2mara de Lagos aprovou um protocolo de colabora\u00e7\u00e3o a celebrar com a (A)GARRA para a gest\u00e3o do novo Espa\u00e7o<\/p>\n","protected":false},"author":1,"featured_media":6326,"comment_status":"closed","ping_status":"open","sticky":false,"template":"","format":"standard","meta":{"colormag_page_container_layout":"default_layout","colormag_page_sidebar_layout":"default_layout","_monsterinsights_skip_tracking":false,"_monsterinsights_sitenote_active":false,"_monsterinsights_sitenote_note":"","_monsterinsights_sitenote_category":0,"jetpack_post_was_ever_published":false,"_jetpack_newsletter_access":"","_jetpack_dont_email_post_to_subs":false,"_jetpack_newsletter_tier_id":0,"_jetpack_memberships_contains_paywalled_content":false,"_jetpack_memberships_contains_paid_content":false,"footnotes":"","jetpack_publicize_message":"","jetpack_publicize_feature_enabled":true,"jetpack_social_post_already_shared":true,"jetpack_social_options":{"image_generator_settings":{"template":"highway","default_image_id":0,"font":"","enabled":false},"version":2}},"categories":[151],"tags":[36,153,68],"class_list":["post-6325","post","type-post","status-publish","format-standard","has-post-thumbnail","hentry","category-economia","tag-algarve","tag-economia","tag-lagos"],"yoast_head":"<!-- This site is optimized with the Yoast SEO plugin v27.4 - https:\/\/yoast.com\/product\/yoast-seo-wordpress\/ -->\n<title>C\u00e2mara de Lagos e (A)GARRA juntas na dinamiza\u00e7\u00e3o do novo Espa\u00e7o Cowork - Algarve 7<\/title>\n<meta name=\"description\" content=\"C\u00e2mara de Lagos e (A)GARRA juntas na dinamiza\u00e7\u00e3o do novo Espa\u00e7o Cowork Economia\" \/>\n<meta name=\"robots\" content=\"index, follow, max-snippet:-1, max-image-preview:large, max-video-preview:-1\" \/>\n<link rel=\"canonical\" href=\"https:\/\/algarve7.pt\/index.php\/2021\/02\/camara-de-lagos-e-agarra-juntas-na-dinamizacao-do-novo-espaco-cowork\/economia\/12\/17\/\" \/>\n<meta property=\"og:locale\" content=\"pt_PT\" \/>\n<meta property=\"og:type\" content=\"article\" \/>\n<meta property=\"og:title\" content=\"C\u00e2mara de Lagos e (A)GARRA juntas na dinamiza\u00e7\u00e3o do novo Espa\u00e7o Cowork - Algarve 7\" \/>\n<meta property=\"og:description\" content=\"C\u00e2mara de Lagos e (A)GARRA juntas na dinamiza\u00e7\u00e3o do novo Espa\u00e7o Cowork Economia\" \/>\n<meta property=\"og:url\" content=\"https:\/\/algarve7.pt\/index.php\/2021\/02\/camara-de-lagos-e-agarra-juntas-na-dinamizacao-do-novo-espaco-cowork\/economia\/12\/17\/\" \/>\n<meta property=\"og:site_name\" content=\"Algarve 7\" \/>\n<meta property=\"article:publisher\" content=\"https:\/\/www.facebook.com\/algarve7\" \/>\n<meta property=\"article:author\" content=\"https:\/\/www.facebook.com\/algarve7\" \/>\n<meta property=\"article:published_time\" content=\"2021-02-24T12:17:05+00:00\" \/>\n<meta property=\"article:modified_time\" content=\"2021-02-24T12:17:08+00:00\" \/>\n<meta property=\"og:image\" content=\"https:\/\/algarve7.pt\/wp-content\/uploads\/2021\/02\/EspacoCowork_OCS2.jpg\" \/>\n\t<meta property=\"og:image:width\" content=\"1200\" \/>\n\t<meta property=\"og:image:height\" content=\"800\" \/>\n\t<meta property=\"og:image:type\" content=\"image\/jpeg\" \/>\n<meta name=\"author\" content=\"Algarve 7\" \/>\n<meta name=\"twitter:card\" content=\"summary_large_image\" \/>\n<meta name=\"twitter:creator\" content=\"@Algarvesete\" \/>\n<meta name=\"twitter:site\" content=\"@Algarvesete\" \/>\n<meta name=\"twitter:label1\" content=\"Escrito por\" \/>\n\t<meta name=\"twitter:data1\" content=\"Algarve 7\" \/>\n\t<meta name=\"twitter:label2\" content=\"Tempo estimado de leitura\" \/>\n\t<meta name=\"twitter:data2\" content=\"2 minutos\" \/>\n<script type=\"application\/ld+json\" class=\"yoast-schema-graph\">{\"@context\":\"https:\\\/\\\/schema.org\",\"@graph\":[{\"@type\":\"Article\",\"@id\":\"https:\\\/\\\/algarve7.pt\\\/index.php\\\/2021\\\/02\\\/camara-de-lagos-e-agarra-juntas-na-dinamizacao-do-novo-espaco-cowork\\\/economia\\\/12\\\/17\\\/#article\",\"isPartOf\":{\"@id\":\"https:\\\/\\\/algarve7.pt\\\/index.php\\\/2021\\\/02\\\/camara-de-lagos-e-agarra-juntas-na-dinamizacao-do-novo-espaco-cowork\\\/economia\\\/12\\\/17\\\/\"},\"author\":{\"name\":\"Algarve 7\",\"@id\":\"https:\\\/\\\/algarve7.pt\\\/#\\\/schema\\\/person\\\/23fa70681308e7b319a3204bcea45e0c\"},\"headline\":\"C\u00e2mara de Lagos e (A)GARRA juntas na dinamiza\u00e7\u00e3o do novo Espa\u00e7o Cowork\",\"datePublished\":\"2021-02-24T12:17:05+00:00\",\"dateModified\":\"2021-02-24T12:17:08+00:00\",\"mainEntityOfPage\":{\"@id\":\"https:\\\/\\\/algarve7.pt\\\/index.php\\\/2021\\\/02\\\/camara-de-lagos-e-agarra-juntas-na-dinamizacao-do-novo-espaco-cowork\\\/economia\\\/12\\\/17\\\/\"},\"wordCount\":409,\"publisher\":{\"@id\":\"https:\\\/\\\/algarve7.pt\\\/#organization\"},\"image\":{\"@id\":\"https:\\\/\\\/algarve7.pt\\\/index.php\\\/2021\\\/02\\\/camara-de-lagos-e-agarra-juntas-na-dinamizacao-do-novo-espaco-cowork\\\/economia\\\/12\\\/17\\\/#primaryimage\"},\"thumbnailUrl\":\"https:\\\/\\\/algarve7.pt\\\/wp-content\\\/uploads\\\/2021\\\/02\\\/EspacoCowork_OCS2.jpg\",\"keywords\":[\"Algarve\",\"Economia\",\"Lagos\"],\"articleSection\":[\"Economia\"],\"inLanguage\":\"pt-PT\"},{\"@type\":\"WebPage\",\"@id\":\"https:\\\/\\\/algarve7.pt\\\/index.php\\\/2021\\\/02\\\/camara-de-lagos-e-agarra-juntas-na-dinamizacao-do-novo-espaco-cowork\\\/economia\\\/12\\\/17\\\/\",\"url\":\"https:\\\/\\\/algarve7.pt\\\/index.php\\\/2021\\\/02\\\/camara-de-lagos-e-agarra-juntas-na-dinamizacao-do-novo-espaco-cowork\\\/economia\\\/12\\\/17\\\/\",\"name\":\"C\u00e2mara de Lagos e (A)GARRA juntas na dinamiza\u00e7\u00e3o do novo Espa\u00e7o Cowork - Algarve 7\",\"isPartOf\":{\"@id\":\"https:\\\/\\\/algarve7.pt\\\/#website\"},\"primaryImageOfPage\":{\"@id\":\"https:\\\/\\\/algarve7.pt\\\/index.php\\\/2021\\\/02\\\/camara-de-lagos-e-agarra-juntas-na-dinamizacao-do-novo-espaco-cowork\\\/economia\\\/12\\\/17\\\/#primaryimage\"},\"image\":{\"@id\":\"https:\\\/\\\/algarve7.pt\\\/index.php\\\/2021\\\/02\\\/camara-de-lagos-e-agarra-juntas-na-dinamizacao-do-novo-espaco-cowork\\\/economia\\\/12\\\/17\\\/#primaryimage\"},\"thumbnailUrl\":\"https:\\\/\\\/algarve7.pt\\\/wp-content\\\/uploads\\\/2021\\\/02\\\/EspacoCowork_OCS2.jpg\",\"datePublished\":\"2021-02-24T12:17:05+00:00\",\"dateModified\":\"2021-02-24T12:17:08+00:00\",\"description\":\"C\u00e2mara de Lagos e (A)GARRA juntas na dinamiza\u00e7\u00e3o do novo Espa\u00e7o Cowork Economia\",\"breadcrumb\":{\"@id\":\"https:\\\/\\\/algarve7.pt\\\/index.php\\\/2021\\\/02\\\/camara-de-lagos-e-agarra-juntas-na-dinamizacao-do-novo-espaco-cowork\\\/economia\\\/12\\\/17\\\/#breadcrumb\"},\"inLanguage\":\"pt-PT\",\"potentialAction\":[{\"@type\":\"ReadAction\",\"target\":[\"https:\\\/\\\/algarve7.pt\\\/index.php\\\/2021\\\/02\\\/camara-de-lagos-e-agarra-juntas-na-dinamizacao-do-novo-espaco-cowork\\\/economia\\\/12\\\/17\\\/\"]}]},{\"@type\":\"ImageObject\",\"inLanguage\":\"pt-PT\",\"@id\":\"https:\\\/\\\/algarve7.pt\\\/index.php\\\/2021\\\/02\\\/camara-de-lagos-e-agarra-juntas-na-dinamizacao-do-novo-espaco-cowork\\\/economia\\\/12\\\/17\\\/#primaryimage\",\"url\":\"https:\\\/\\\/algarve7.pt\\\/wp-content\\\/uploads\\\/2021\\\/02\\\/EspacoCowork_OCS2.jpg\",\"contentUrl\":\"https:\\\/\\\/algarve7.pt\\\/wp-content\\\/uploads\\\/2021\\\/02\\\/EspacoCowork_OCS2.jpg\",\"width\":1200,\"height\":800},{\"@type\":\"BreadcrumbList\",\"@id\":\"https:\\\/\\\/algarve7.pt\\\/index.php\\\/2021\\\/02\\\/camara-de-lagos-e-agarra-juntas-na-dinamizacao-do-novo-espaco-cowork\\\/economia\\\/12\\\/17\\\/#breadcrumb\",\"itemListElement\":[{\"@type\":\"ListItem\",\"position\":1,\"name\":\"In\u00edcio\",\"item\":\"https:\\\/\\\/algarve7.pt\\\/\"},{\"@type\":\"ListItem\",\"position\":2,\"name\":\"C\u00e2mara de Lagos e (A)GARRA juntas na dinamiza\u00e7\u00e3o do novo Espa\u00e7o Cowork\"}]},{\"@type\":\"WebSite\",\"@id\":\"https:\\\/\\\/algarve7.pt\\\/#website\",\"url\":\"https:\\\/\\\/algarve7.pt\\\/\",\"name\":\"Algarve 7\",\"description\":\"Informa\u00e7\u00e3o sobre o Algarve\",\"publisher\":{\"@id\":\"https:\\\/\\\/algarve7.pt\\\/#organization\"},\"potentialAction\":[{\"@type\":\"SearchAction\",\"target\":{\"@type\":\"EntryPoint\",\"urlTemplate\":\"https:\\\/\\\/algarve7.pt\\\/?s={search_term_string}\"},\"query-input\":{\"@type\":\"PropertyValueSpecification\",\"valueRequired\":true,\"valueName\":\"search_term_string\"}}],\"inLanguage\":\"pt-PT\"},{\"@type\":\"Organization\",\"@id\":\"https:\\\/\\\/algarve7.pt\\\/#organization\",\"name\":\"Algarve 7\",\"url\":\"https:\\\/\\\/algarve7.pt\\\/\",\"logo\":{\"@type\":\"ImageObject\",\"inLanguage\":\"pt-PT\",\"@id\":\"https:\\\/\\\/algarve7.pt\\\/#\\\/schema\\\/logo\\\/image\\\/\",\"url\":\"https:\\\/\\\/algarve7.pt\\\/wp-content\\\/uploads\\\/2020\\\/10\\\/Logo-8.jpg\",\"contentUrl\":\"https:\\\/\\\/algarve7.pt\\\/wp-content\\\/uploads\\\/2020\\\/10\\\/Logo-8.jpg\",\"width\":1680,\"height\":1186,\"caption\":\"Algarve 7\"},\"image\":{\"@id\":\"https:\\\/\\\/algarve7.pt\\\/#\\\/schema\\\/logo\\\/image\\\/\"},\"sameAs\":[\"https:\\\/\\\/www.facebook.com\\\/algarve7\",\"https:\\\/\\\/x.com\\\/Algarvesete\",\"https:\\\/\\\/www.instagram.com\\\/jornalalgarve7\\\/\",\"https:\\\/\\\/www.linkedin.com\\\/company\\\/algarve7\",\"https:\\\/\\\/www.pinterest.pt\\\/geral0939\\\/_created\\\/\"]},{\"@type\":\"Person\",\"@id\":\"https:\\\/\\\/algarve7.pt\\\/#\\\/schema\\\/person\\\/23fa70681308e7b319a3204bcea45e0c\",\"name\":\"Algarve 7\",\"sameAs\":[\"https:\\\/\\\/algarve7.pt\",\"https:\\\/\\\/www.facebook.com\\\/algarve7\"],\"url\":\"https:\\\/\\\/algarve7.pt\\\/index.php\\\/author\\\/geralalgarve7-pt\\\/\"}]}<\/script>\n<!-- \/ Yoast SEO plugin. -->","yoast_head_json":{"title":"C\u00e2mara de Lagos e (A)GARRA juntas na dinamiza\u00e7\u00e3o do novo Espa\u00e7o Cowork - Algarve 7","description":"C\u00e2mara de Lagos e (A)GARRA juntas na dinamiza\u00e7\u00e3o do novo Espa\u00e7o Cowork Economia","robots":{"index":"index","follow":"follow","max-snippet":"max-snippet:-1","max-image-preview":"max-image-preview:large","max-video-preview":"max-video-preview:-1"},"canonical":"https:\/\/algarve7.pt\/index.php\/2021\/02\/camara-de-lagos-e-agarra-juntas-na-dinamizacao-do-novo-espaco-cowork\/economia\/12\/17\/","og_locale":"pt_PT","og_type":"article","og_title":"C\u00e2mara de Lagos e (A)GARRA juntas na dinamiza\u00e7\u00e3o do novo Espa\u00e7o Cowork - Algarve 7","og_description":"C\u00e2mara de Lagos e (A)GARRA juntas na dinamiza\u00e7\u00e3o do novo Espa\u00e7o Cowork Economia","og_url":"https:\/\/algarve7.pt\/index.php\/2021\/02\/camara-de-lagos-e-agarra-juntas-na-dinamizacao-do-novo-espaco-cowork\/economia\/12\/17\/","og_site_name":"Algarve 7","article_publisher":"https:\/\/www.facebook.com\/algarve7","article_author":"https:\/\/www.facebook.com\/algarve7","article_published_time":"2021-02-24T12:17:05+00:00","article_modified_time":"2021-02-24T12:17:08+00:00","og_image":[{"width":1200,"height":800,"url":"https:\/\/algarve7.pt\/wp-content\/uploads\/2021\/02\/EspacoCowork_OCS2.jpg","type":"image\/jpeg"}],"author":"Algarve 7","twitter_card":"summary_large_image","twitter_creator":"@Algarvesete","twitter_site":"@Algarvesete","twitter_misc":{"Escrito por":"Algarve 7","Tempo estimado de leitura":"2 minutos"},"schema":{"@context":"https:\/\/schema.org","@graph":[{"@type":"Article","@id":"https:\/\/algarve7.pt\/index.php\/2021\/02\/camara-de-lagos-e-agarra-juntas-na-dinamizacao-do-novo-espaco-cowork\/economia\/12\/17\/#article","isPartOf":{"@id":"https:\/\/algarve7.pt\/index.php\/2021\/02\/camara-de-lagos-e-agarra-juntas-na-dinamizacao-do-novo-espaco-cowork\/economia\/12\/17\/"},"author":{"name":"Algarve 7","@id":"https:\/\/algarve7.pt\/#\/schema\/person\/23fa70681308e7b319a3204bcea45e0c"},"headline":"C\u00e2mara de Lagos e (A)GARRA juntas na dinamiza\u00e7\u00e3o do novo Espa\u00e7o Cowork","datePublished":"2021-02-24T12:17:05+00:00","dateModified":"2021-02-24T12:17:08+00:00","mainEntityOfPage":{"@id":"https:\/\/algarve7.pt\/index.php\/2021\/02\/camara-de-lagos-e-agarra-juntas-na-dinamizacao-do-novo-espaco-cowork\/economia\/12\/17\/"},"wordCount":409,"publisher":{"@id":"https:\/\/algarve7.pt\/#organization"},"image":{"@id":"https:\/\/algarve7.pt\/index.php\/2021\/02\/camara-de-lagos-e-agarra-juntas-na-dinamizacao-do-novo-espaco-cowork\/economia\/12\/17\/#primaryimage"},"thumbnailUrl":"https:\/\/algarve7.pt\/wp-content\/uploads\/2021\/02\/EspacoCowork_OCS2.jpg","keywords":["Algarve","Economia","Lagos"],"articleSection":["Economia"],"inLanguage":"pt-PT"},{"@type":"WebPage","@id":"https:\/\/algarve7.pt\/index.php\/2021\/02\/camara-de-lagos-e-agarra-juntas-na-dinamizacao-do-novo-espaco-cowork\/economia\/12\/17\/","url":"https:\/\/algarve7.pt\/index.php\/2021\/02\/camara-de-lagos-e-agarra-juntas-na-dinamizacao-do-novo-espaco-cowork\/economia\/12\/17\/","name":"C\u00e2mara de Lagos e (A)GARRA juntas na dinamiza\u00e7\u00e3o do novo Espa\u00e7o Cowork - Algarve 7","isPartOf":{"@id":"https:\/\/algarve7.pt\/#website"},"primaryImageOfPage":{"@id":"https:\/\/algarve7.pt\/index.php\/2021\/02\/camara-de-lagos-e-agarra-juntas-na-dinamizacao-do-novo-espaco-cowork\/economia\/12\/17\/#primaryimage"},"image":{"@id":"https:\/\/algarve7.pt\/index.php\/2021\/02\/camara-de-lagos-e-agarra-juntas-na-dinamizacao-do-novo-espaco-cowork\/economia\/12\/17\/#primaryimage"},"thumbnailUrl":"https:\/\/algarve7.pt\/wp-content\/uploads\/2021\/02\/EspacoCowork_OCS2.jpg","datePublished":"2021-02-24T12:17:05+00:00","dateModified":"2021-02-24T12:17:08+00:00","description":"C\u00e2mara de Lagos e (A)GARRA juntas na dinamiza\u00e7\u00e3o do novo Espa\u00e7o Cowork Economia","breadcrumb":{"@id":"https:\/\/algarve7.pt\/index.php\/2021\/02\/camara-de-lagos-e-agarra-juntas-na-dinamizacao-do-novo-espaco-cowork\/economia\/12\/17\/#breadcrumb"},"inLanguage":"pt-PT","potentialAction":[{"@type":"ReadAction","target":["https:\/\/algarve7.pt\/index.php\/2021\/02\/camara-de-lagos-e-agarra-juntas-na-dinamizacao-do-novo-espaco-cowork\/economia\/12\/17\/"]}]},{"@type":"ImageObject","inLanguage":"pt-PT","@id":"https:\/\/algarve7.pt\/index.php\/2021\/02\/camara-de-lagos-e-agarra-juntas-na-dinamizacao-do-novo-espaco-cowork\/economia\/12\/17\/#primaryimage","url":"https:\/\/algarve7.pt\/wp-content\/uploads\/2021\/02\/EspacoCowork_OCS2.jpg","contentUrl":"https:\/\/algarve7.pt\/wp-content\/uploads\/2021\/02\/EspacoCowork_OCS2.jpg","width":1200,"height":800},{"@type":"BreadcrumbList","@id":"https:\/\/algarve7.pt\/index.php\/2021\/02\/camara-de-lagos-e-agarra-juntas-na-dinamizacao-do-novo-espaco-cowork\/economia\/12\/17\/#breadcrumb","itemListElement":[{"@type":"ListItem","position":1,"name":"In\u00edcio","item":"https:\/\/algarve7.pt\/"},{"@type":"ListItem","position":2,"name":"C\u00e2mara de Lagos e (A)GARRA juntas na dinamiza\u00e7\u00e3o do novo Espa\u00e7o Cowork"}]},{"@type":"WebSite","@id":"https:\/\/algarve7.pt\/#website","url":"https:\/\/algarve7.pt\/","name":"Algarve 7","description":"Informa\u00e7\u00e3o sobre o Algarve","publisher":{"@id":"https:\/\/algarve7.pt\/#organization"},"potentialAction":[{"@type":"SearchAction","target":{"@type":"EntryPoint","urlTemplate":"https:\/\/algarve7.pt\/?s={search_term_string}"},"query-input":{"@type":"PropertyValueSpecification","valueRequired":true,"valueName":"search_term_string"}}],"inLanguage":"pt-PT"},{"@type":"Organization","@id":"https:\/\/algarve7.pt\/#organization","name":"Algarve 7","url":"https:\/\/algarve7.pt\/","logo":{"@type":"ImageObject","inLanguage":"pt-PT","@id":"https:\/\/algarve7.pt\/#\/schema\/logo\/image\/","url":"https:\/\/algarve7.pt\/wp-content\/uploads\/2020\/10\/Logo-8.jpg","contentUrl":"https:\/\/algarve7.pt\/wp-content\/uploads\/2020\/10\/Logo-8.jpg","width":1680,"height":1186,"caption":"Algarve 7"},"image":{"@id":"https:\/\/algarve7.pt\/#\/schema\/logo\/image\/"},"sameAs":["https:\/\/www.facebook.com\/algarve7","https:\/\/x.com\/Algarvesete","https:\/\/www.instagram.com\/jornalalgarve7\/","https:\/\/www.linkedin.com\/company\/algarve7","https:\/\/www.pinterest.pt\/geral0939\/_created\/"]},{"@type":"Person","@id":"https:\/\/algarve7.pt\/#\/schema\/person\/23fa70681308e7b319a3204bcea45e0c","name":"Algarve 7","sameAs":["https:\/\/algarve7.pt","https:\/\/www.facebook.com\/algarve7"],"url":"https:\/\/algarve7.pt\/index.php\/author\/geralalgarve7-pt\/"}]}},"jetpack_publicize_connections":[],"jetpack_featured_media_url":"https:\/\/algarve7.pt\/wp-content\/uploads\/2021\/02\/EspacoCowork_OCS2.jpg","jetpack_shortlink":"https:\/\/wp.me\/pcezmW-1E1","jetpack_sharing_enabled":true,"_links":{"self":[{"href":"https:\/\/algarve7.pt\/index.php\/wp-json\/wp\/v2\/posts\/6325","targetHints":{"allow":["GET"]}}],"collection":[{"href":"https:\/\/algarve7.pt\/index.php\/wp-json\/wp\/v2\/posts"}],"about":[{"href":"https:\/\/algarve7.pt\/index.php\/wp-json\/wp\/v2\/types\/post"}],"author":[{"embeddable":true,"href":"https:\/\/algarve7.pt\/index.php\/wp-json\/wp\/v2\/users\/1"}],"replies":[{"embeddable":true,"href":"https:\/\/algarve7.pt\/index.php\/wp-json\/wp\/v2\/comments?post=6325"}],"version-history":[{"count":0,"href":"https:\/\/algarve7.pt\/index.php\/wp-json\/wp\/v2\/posts\/6325\/revisions"}],"wp:featuredmedia":[{"embeddable":true,"href":"https:\/\/algarve7.pt\/index.php\/wp-json\/wp\/v2\/media\/6326"}],"wp:attachment":[{"href":"https:\/\/algarve7.pt\/index.php\/wp-json\/wp\/v2\/media?parent=6325"}],"wp:term":[{"taxonomy":"category","embeddable":true,"href":"https:\/\/algarve7.pt\/index.php\/wp-json\/wp\/v2\/categories?post=6325"},{"taxonomy":"post_tag","embeddable":true,"href":"https:\/\/algarve7.pt\/index.php\/wp-json\/wp\/v2\/tags?post=6325"}],"curies":[{"name":"wp","href":"https:\/\/api.w.org\/{rel}","templated":true}]}}