{"id":6322,"date":"2021-02-24T11:07:39","date_gmt":"2021-02-24T11:07:39","guid":{"rendered":"https:\/\/algarve7.pt\/?p=6322"},"modified":"2021-02-24T11:07:43","modified_gmt":"2021-02-24T11:07:43","slug":"estudo-conclui-que-a-pandemia-teve-impacto-negativo-na-saude-mental-dos-jovens","status":"publish","type":"post","link":"https:\/\/algarve7.pt\/index.php\/2021\/02\/estudo-conclui-que-a-pandemia-teve-impacto-negativo-na-saude-mental-dos-jovens\/saude\/11\/07\/","title":{"rendered":"Estudo conclui que a pandemia teve impacto negativo na sa\u00fade mental dos jovens"},"content":{"rendered":"\n<p>A pandemia de Covid-19 teve um significativo impacto negativo na sa\u00fade mental dos jovens portugueses,&nbsp;<strong>especialmente nos n\u00edveis de depress\u00e3o e de ansiedade<\/strong>, conclui um estudo longitudinal realizado por uma equipa da Faculdade de Psicologia e de Ci\u00eancias da Educa\u00e7\u00e3o da Universidade de Coimbra (FPCEUC), liderada por Ana Paula Matos.<\/p>\n\n\n\n<p>Os resultados preliminares do estudo, que conta com a colabora\u00e7\u00e3o de investigadores da Universidade Emory, nos Estados Unidos da Am\u00e9rica, e da Universidade da Isl\u00e2ndia, mostram que&nbsp;<strong>14% dos adolescentes<\/strong>, com idades compreendidas entre os 13 e os 16 anos e uma m\u00e9dia de idades de 14 anos,<strong>&nbsp;<\/strong>apresentam<strong>sintomatologia depressiva elevada<\/strong>&nbsp;(acima do percentil 90) durante a pandemia de Covid-19, uma percentagem superior \u00e0 encontrada num estudo conduzido pela mesma equipa de investigadores durante a crise financeira portuguesa de 2009-2014, que era de 8%.<\/p>\n\n\n\n<p>A equipa verificou tamb\u00e9m um aumento de emo\u00e7\u00f5es negativas, \u00ab<strong>como tristeza, medo e raiva, e de sintomas de ansiedade e uma descida da felicidade<\/strong>\u00bb, sublinha Ana Paula Matos, esclarecendo que as raparigas \u00ab<strong>estiveram sempre em desvantagem, apresentando n\u00edveis de medo, tristeza e raiva<\/strong><strong>significativamente mais elevados do que os rapazes<\/strong>\u00bb.&nbsp;<\/p>\n\n\n\n<p>Neste estudo longitudinal, os investigadores come\u00e7aram por comparar os n\u00edveis de emocionalidade negativa e positiva vivenciados pelos jovens, antes e depois da pandemia de Covid-19, numa amostra constitu\u00edda por 206 adolescentes a frequentar o 9\u00ba ano de escolaridade (51% raparigas). Verificou-se um aumento significativo da tristeza, do medo e da raiva e uma descida da felicidade.<\/p>\n\n\n\n<p>Posteriormente, na segunda vaga da pandemia em Portugal, em novembro\/dezembro, em que se verificou um aumento de casos na popula\u00e7\u00e3o mais jovem, parte da amostra (122 adolescentes) foi reavaliada, \u00ab<strong>tendo-se verificado nova subida dos n\u00edveis de medo, assim como um aumento significativo de sintomas de ansiedade, comparando os dois momentos da pandemia (1\u00aa vaga e 2\u00aa vaga). As raparigas apresentaram n\u00edveis significativamente mais elevados do que os rapazes, de medo, tristeza e raiva, quer antes do surto pand\u00e9mico de Covid-19, quer nas duas vagas da pandemia<\/strong>\u00bb, indica a docente da Faculdade de Psicologia e de Ci\u00eancias da Educa\u00e7\u00e3o e investigadora do Centro de Investiga\u00e7\u00e3o em Neuropsicologia e Interven\u00e7\u00e3o Cognitivo-Comportamental (CINEICC).<\/p>\n\n\n\n<p>A equipa analisou ainda os fatores de prote\u00e7\u00e3o e de risco para o desenvolvimento da depress\u00e3o, concluindo que \u00ab<strong>compet\u00eancias de autocompaix\u00e3o e de&nbsp;<em>mindfulness<\/em>&nbsp;(aten\u00e7\u00e3o plena), uma vis\u00e3o mais positiva de si pr\u00f3prio\/a e a realiza\u00e7\u00e3o de mais atividades de lazer s\u00e3o fatores de prote\u00e7\u00e3o, isto \u00e9, fatores que previnem a depress\u00e3o.<\/strong>&nbsp;<strong>Pelo contr\u00e1rio, a sintomatologia de ansiedade constitui um fator de risco e um preditor de depress\u00e3o<\/strong>\u00bb, relata Ana Paula Matos.<\/p>\n\n\n\n<p>Este estudo sobre o efeito da pandemia na sa\u00fade mental dos jovens integra-se no projeto SMS (\u201cSucesso, Mente e Sa\u00fade\u201d), financiado pelo programa Portugal Inova\u00e7\u00e3o Social e pelo Munic\u00edpio da Figueira da Foz, que tem como grande objetivo a promo\u00e7\u00e3o da sa\u00fade mental e o combate ao estigma social e ao insucesso escolar associados \u00e0 doen\u00e7a mental.<\/p>\n\n\n\n<p>Os resultados obtidos neste estudo, conclui Ana Paula Matos, \u00ab<strong>salientam a necessidade de se dotarem os jovens de mecanismos de prote\u00e7\u00e3o para a depress\u00e3o, promovendo compet\u00eancias de autocompaix\u00e3o e&nbsp;<em>mindfulness<\/em>&nbsp;e uma perce\u00e7\u00e3o mais positiva de si pr\u00f3prio\/a. Estes s\u00e3o alguns dos objetivos do projeto SMS cujos resultados preliminares indicam uma redu\u00e7\u00e3o de sintomatologia depressiva e tristeza, bem como um aumento de mecanismos de autorregula\u00e7\u00e3o emocional<\/strong>\u00bb.<\/p>\n","protected":false},"excerpt":{"rendered":"<p>A pandemia de Covid-19 teve um significativo impacto negativo na sa\u00fade mental dos jovens portugueses,&nbsp;especialmente nos n\u00edveis de depress\u00e3o e<\/p>\n","protected":false},"author":1,"featured_media":6323,"comment_status":"closed","ping_status":"open","sticky":false,"template":"","format":"standard","meta":{"colormag_page_container_layout":"default_layout","colormag_page_sidebar_layout":"default_layout","_monsterinsights_skip_tracking":false,"_monsterinsights_sitenote_active":false,"_monsterinsights_sitenote_note":"","_monsterinsights_sitenote_category":0,"jetpack_post_was_ever_published":false,"_jetpack_newsletter_access":"","_jetpack_dont_email_post_to_subs":false,"_jetpack_newsletter_tier_id":0,"_jetpack_memberships_contains_paywalled_content":false,"_jetpack_memberships_contains_paid_content":false,"footnotes":"","jetpack_publicize_message":"","jetpack_publicize_feature_enabled":true,"jetpack_social_post_already_shared":true,"jetpack_social_options":{"image_generator_settings":{"template":"highway","default_image_id":0,"font":"","enabled":false},"version":2}},"categories":[59],"tags":[98,58,299],"class_list":["post-6322","post","type-post","status-publish","format-standard","has-post-thumbnail","hentry","category-saude","tag-nacional","tag-saude","tag-universidade-coimbra"],"yoast_head":"<!-- This site is optimized with the Yoast SEO plugin v27.4 - https:\/\/yoast.com\/product\/yoast-seo-wordpress\/ -->\n<title>Estudo conclui que a pandemia teve impacto negativo na sa\u00fade mental dos jovens - Algarve 7<\/title>\n<meta name=\"description\" content=\"Estudo conclui que a pandemia teve impacto negativo na sa\u00fade mental dos jovens Sa\u00fade\" \/>\n<meta name=\"robots\" content=\"index, follow, max-snippet:-1, max-image-preview:large, max-video-preview:-1\" \/>\n<link rel=\"canonical\" href=\"https:\/\/algarve7.pt\/index.php\/2021\/02\/estudo-conclui-que-a-pandemia-teve-impacto-negativo-na-saude-mental-dos-jovens\/saude\/11\/07\/\" \/>\n<meta property=\"og:locale\" content=\"pt_PT\" \/>\n<meta property=\"og:type\" content=\"article\" \/>\n<meta property=\"og:title\" content=\"Estudo conclui que a pandemia teve impacto negativo na sa\u00fade mental dos jovens - Algarve 7\" \/>\n<meta property=\"og:description\" content=\"Estudo conclui que a pandemia teve impacto negativo na sa\u00fade mental dos jovens Sa\u00fade\" \/>\n<meta property=\"og:url\" content=\"https:\/\/algarve7.pt\/index.php\/2021\/02\/estudo-conclui-que-a-pandemia-teve-impacto-negativo-na-saude-mental-dos-jovens\/saude\/11\/07\/\" \/>\n<meta property=\"og:site_name\" content=\"Algarve 7\" \/>\n<meta property=\"article:publisher\" content=\"https:\/\/www.facebook.com\/algarve7\" \/>\n<meta property=\"article:author\" content=\"https:\/\/www.facebook.com\/algarve7\" \/>\n<meta property=\"article:published_time\" content=\"2021-02-24T11:07:39+00:00\" \/>\n<meta property=\"article:modified_time\" content=\"2021-02-24T11:07:43+00:00\" \/>\n<meta property=\"og:image\" content=\"https:\/\/algarve7.pt\/wp-content\/uploads\/2021\/02\/Ana-Paula-Matos.jpg\" \/>\n\t<meta property=\"og:image:width\" content=\"1920\" \/>\n\t<meta property=\"og:image:height\" content=\"899\" \/>\n\t<meta property=\"og:image:type\" content=\"image\/jpeg\" \/>\n<meta name=\"author\" content=\"Algarve 7\" \/>\n<meta name=\"twitter:card\" content=\"summary_large_image\" \/>\n<meta name=\"twitter:creator\" content=\"@Algarvesete\" \/>\n<meta name=\"twitter:site\" content=\"@Algarvesete\" \/>\n<meta name=\"twitter:label1\" content=\"Escrito por\" \/>\n\t<meta name=\"twitter:data1\" content=\"Algarve 7\" \/>\n\t<meta name=\"twitter:label2\" content=\"Tempo estimado de leitura\" \/>\n\t<meta name=\"twitter:data2\" content=\"3 minutos\" \/>\n<script type=\"application\/ld+json\" class=\"yoast-schema-graph\">{\"@context\":\"https:\\\/\\\/schema.org\",\"@graph\":[{\"@type\":\"Article\",\"@id\":\"https:\\\/\\\/algarve7.pt\\\/index.php\\\/2021\\\/02\\\/estudo-conclui-que-a-pandemia-teve-impacto-negativo-na-saude-mental-dos-jovens\\\/saude\\\/11\\\/07\\\/#article\",\"isPartOf\":{\"@id\":\"https:\\\/\\\/algarve7.pt\\\/index.php\\\/2021\\\/02\\\/estudo-conclui-que-a-pandemia-teve-impacto-negativo-na-saude-mental-dos-jovens\\\/saude\\\/11\\\/07\\\/\"},\"author\":{\"name\":\"Algarve 7\",\"@id\":\"https:\\\/\\\/algarve7.pt\\\/#\\\/schema\\\/person\\\/23fa70681308e7b319a3204bcea45e0c\"},\"headline\":\"Estudo conclui que a pandemia teve impacto negativo na sa\u00fade mental dos jovens\",\"datePublished\":\"2021-02-24T11:07:39+00:00\",\"dateModified\":\"2021-02-24T11:07:43+00:00\",\"mainEntityOfPage\":{\"@id\":\"https:\\\/\\\/algarve7.pt\\\/index.php\\\/2021\\\/02\\\/estudo-conclui-que-a-pandemia-teve-impacto-negativo-na-saude-mental-dos-jovens\\\/saude\\\/11\\\/07\\\/\"},\"wordCount\":609,\"publisher\":{\"@id\":\"https:\\\/\\\/algarve7.pt\\\/#organization\"},\"image\":{\"@id\":\"https:\\\/\\\/algarve7.pt\\\/index.php\\\/2021\\\/02\\\/estudo-conclui-que-a-pandemia-teve-impacto-negativo-na-saude-mental-dos-jovens\\\/saude\\\/11\\\/07\\\/#primaryimage\"},\"thumbnailUrl\":\"https:\\\/\\\/algarve7.pt\\\/wp-content\\\/uploads\\\/2021\\\/02\\\/Ana-Paula-Matos.jpg\",\"keywords\":[\"Nacional\",\"Sa\u00fade\",\"Universidade Coimbra\"],\"articleSection\":[\"Sa\u00fade\"],\"inLanguage\":\"pt-PT\"},{\"@type\":\"WebPage\",\"@id\":\"https:\\\/\\\/algarve7.pt\\\/index.php\\\/2021\\\/02\\\/estudo-conclui-que-a-pandemia-teve-impacto-negativo-na-saude-mental-dos-jovens\\\/saude\\\/11\\\/07\\\/\",\"url\":\"https:\\\/\\\/algarve7.pt\\\/index.php\\\/2021\\\/02\\\/estudo-conclui-que-a-pandemia-teve-impacto-negativo-na-saude-mental-dos-jovens\\\/saude\\\/11\\\/07\\\/\",\"name\":\"Estudo conclui que a pandemia teve impacto negativo na sa\u00fade mental dos jovens - Algarve 7\",\"isPartOf\":{\"@id\":\"https:\\\/\\\/algarve7.pt\\\/#website\"},\"primaryImageOfPage\":{\"@id\":\"https:\\\/\\\/algarve7.pt\\\/index.php\\\/2021\\\/02\\\/estudo-conclui-que-a-pandemia-teve-impacto-negativo-na-saude-mental-dos-jovens\\\/saude\\\/11\\\/07\\\/#primaryimage\"},\"image\":{\"@id\":\"https:\\\/\\\/algarve7.pt\\\/index.php\\\/2021\\\/02\\\/estudo-conclui-que-a-pandemia-teve-impacto-negativo-na-saude-mental-dos-jovens\\\/saude\\\/11\\\/07\\\/#primaryimage\"},\"thumbnailUrl\":\"https:\\\/\\\/algarve7.pt\\\/wp-content\\\/uploads\\\/2021\\\/02\\\/Ana-Paula-Matos.jpg\",\"datePublished\":\"2021-02-24T11:07:39+00:00\",\"dateModified\":\"2021-02-24T11:07:43+00:00\",\"description\":\"Estudo conclui que a pandemia teve impacto negativo na sa\u00fade mental dos jovens Sa\u00fade\",\"breadcrumb\":{\"@id\":\"https:\\\/\\\/algarve7.pt\\\/index.php\\\/2021\\\/02\\\/estudo-conclui-que-a-pandemia-teve-impacto-negativo-na-saude-mental-dos-jovens\\\/saude\\\/11\\\/07\\\/#breadcrumb\"},\"inLanguage\":\"pt-PT\",\"potentialAction\":[{\"@type\":\"ReadAction\",\"target\":[\"https:\\\/\\\/algarve7.pt\\\/index.php\\\/2021\\\/02\\\/estudo-conclui-que-a-pandemia-teve-impacto-negativo-na-saude-mental-dos-jovens\\\/saude\\\/11\\\/07\\\/\"]}]},{\"@type\":\"ImageObject\",\"inLanguage\":\"pt-PT\",\"@id\":\"https:\\\/\\\/algarve7.pt\\\/index.php\\\/2021\\\/02\\\/estudo-conclui-que-a-pandemia-teve-impacto-negativo-na-saude-mental-dos-jovens\\\/saude\\\/11\\\/07\\\/#primaryimage\",\"url\":\"https:\\\/\\\/algarve7.pt\\\/wp-content\\\/uploads\\\/2021\\\/02\\\/Ana-Paula-Matos.jpg\",\"contentUrl\":\"https:\\\/\\\/algarve7.pt\\\/wp-content\\\/uploads\\\/2021\\\/02\\\/Ana-Paula-Matos.jpg\",\"width\":1920,\"height\":899},{\"@type\":\"BreadcrumbList\",\"@id\":\"https:\\\/\\\/algarve7.pt\\\/index.php\\\/2021\\\/02\\\/estudo-conclui-que-a-pandemia-teve-impacto-negativo-na-saude-mental-dos-jovens\\\/saude\\\/11\\\/07\\\/#breadcrumb\",\"itemListElement\":[{\"@type\":\"ListItem\",\"position\":1,\"name\":\"In\u00edcio\",\"item\":\"https:\\\/\\\/algarve7.pt\\\/\"},{\"@type\":\"ListItem\",\"position\":2,\"name\":\"Estudo conclui que a pandemia teve impacto negativo na sa\u00fade mental dos jovens\"}]},{\"@type\":\"WebSite\",\"@id\":\"https:\\\/\\\/algarve7.pt\\\/#website\",\"url\":\"https:\\\/\\\/algarve7.pt\\\/\",\"name\":\"Algarve 7\",\"description\":\"Informa\u00e7\u00e3o sobre o Algarve\",\"publisher\":{\"@id\":\"https:\\\/\\\/algarve7.pt\\\/#organization\"},\"potentialAction\":[{\"@type\":\"SearchAction\",\"target\":{\"@type\":\"EntryPoint\",\"urlTemplate\":\"https:\\\/\\\/algarve7.pt\\\/?s={search_term_string}\"},\"query-input\":{\"@type\":\"PropertyValueSpecification\",\"valueRequired\":true,\"valueName\":\"search_term_string\"}}],\"inLanguage\":\"pt-PT\"},{\"@type\":\"Organization\",\"@id\":\"https:\\\/\\\/algarve7.pt\\\/#organization\",\"name\":\"Algarve 7\",\"url\":\"https:\\\/\\\/algarve7.pt\\\/\",\"logo\":{\"@type\":\"ImageObject\",\"inLanguage\":\"pt-PT\",\"@id\":\"https:\\\/\\\/algarve7.pt\\\/#\\\/schema\\\/logo\\\/image\\\/\",\"url\":\"https:\\\/\\\/algarve7.pt\\\/wp-content\\\/uploads\\\/2020\\\/10\\\/Logo-8.jpg\",\"contentUrl\":\"https:\\\/\\\/algarve7.pt\\\/wp-content\\\/uploads\\\/2020\\\/10\\\/Logo-8.jpg\",\"width\":1680,\"height\":1186,\"caption\":\"Algarve 7\"},\"image\":{\"@id\":\"https:\\\/\\\/algarve7.pt\\\/#\\\/schema\\\/logo\\\/image\\\/\"},\"sameAs\":[\"https:\\\/\\\/www.facebook.com\\\/algarve7\",\"https:\\\/\\\/x.com\\\/Algarvesete\",\"https:\\\/\\\/www.instagram.com\\\/jornalalgarve7\\\/\",\"https:\\\/\\\/www.linkedin.com\\\/company\\\/algarve7\",\"https:\\\/\\\/www.pinterest.pt\\\/geral0939\\\/_created\\\/\"]},{\"@type\":\"Person\",\"@id\":\"https:\\\/\\\/algarve7.pt\\\/#\\\/schema\\\/person\\\/23fa70681308e7b319a3204bcea45e0c\",\"name\":\"Algarve 7\",\"sameAs\":[\"https:\\\/\\\/algarve7.pt\",\"https:\\\/\\\/www.facebook.com\\\/algarve7\"],\"url\":\"https:\\\/\\\/algarve7.pt\\\/index.php\\\/author\\\/geralalgarve7-pt\\\/\"}]}<\/script>\n<!-- \/ Yoast SEO plugin. -->","yoast_head_json":{"title":"Estudo conclui que a pandemia teve impacto negativo na sa\u00fade mental dos jovens - Algarve 7","description":"Estudo conclui que a pandemia teve impacto negativo na sa\u00fade mental dos jovens Sa\u00fade","robots":{"index":"index","follow":"follow","max-snippet":"max-snippet:-1","max-image-preview":"max-image-preview:large","max-video-preview":"max-video-preview:-1"},"canonical":"https:\/\/algarve7.pt\/index.php\/2021\/02\/estudo-conclui-que-a-pandemia-teve-impacto-negativo-na-saude-mental-dos-jovens\/saude\/11\/07\/","og_locale":"pt_PT","og_type":"article","og_title":"Estudo conclui que a pandemia teve impacto negativo na sa\u00fade mental dos jovens - Algarve 7","og_description":"Estudo conclui que a pandemia teve impacto negativo na sa\u00fade mental dos jovens Sa\u00fade","og_url":"https:\/\/algarve7.pt\/index.php\/2021\/02\/estudo-conclui-que-a-pandemia-teve-impacto-negativo-na-saude-mental-dos-jovens\/saude\/11\/07\/","og_site_name":"Algarve 7","article_publisher":"https:\/\/www.facebook.com\/algarve7","article_author":"https:\/\/www.facebook.com\/algarve7","article_published_time":"2021-02-24T11:07:39+00:00","article_modified_time":"2021-02-24T11:07:43+00:00","og_image":[{"width":1920,"height":899,"url":"https:\/\/algarve7.pt\/wp-content\/uploads\/2021\/02\/Ana-Paula-Matos.jpg","type":"image\/jpeg"}],"author":"Algarve 7","twitter_card":"summary_large_image","twitter_creator":"@Algarvesete","twitter_site":"@Algarvesete","twitter_misc":{"Escrito por":"Algarve 7","Tempo estimado de leitura":"3 minutos"},"schema":{"@context":"https:\/\/schema.org","@graph":[{"@type":"Article","@id":"https:\/\/algarve7.pt\/index.php\/2021\/02\/estudo-conclui-que-a-pandemia-teve-impacto-negativo-na-saude-mental-dos-jovens\/saude\/11\/07\/#article","isPartOf":{"@id":"https:\/\/algarve7.pt\/index.php\/2021\/02\/estudo-conclui-que-a-pandemia-teve-impacto-negativo-na-saude-mental-dos-jovens\/saude\/11\/07\/"},"author":{"name":"Algarve 7","@id":"https:\/\/algarve7.pt\/#\/schema\/person\/23fa70681308e7b319a3204bcea45e0c"},"headline":"Estudo conclui que a pandemia teve impacto negativo na sa\u00fade mental dos jovens","datePublished":"2021-02-24T11:07:39+00:00","dateModified":"2021-02-24T11:07:43+00:00","mainEntityOfPage":{"@id":"https:\/\/algarve7.pt\/index.php\/2021\/02\/estudo-conclui-que-a-pandemia-teve-impacto-negativo-na-saude-mental-dos-jovens\/saude\/11\/07\/"},"wordCount":609,"publisher":{"@id":"https:\/\/algarve7.pt\/#organization"},"image":{"@id":"https:\/\/algarve7.pt\/index.php\/2021\/02\/estudo-conclui-que-a-pandemia-teve-impacto-negativo-na-saude-mental-dos-jovens\/saude\/11\/07\/#primaryimage"},"thumbnailUrl":"https:\/\/algarve7.pt\/wp-content\/uploads\/2021\/02\/Ana-Paula-Matos.jpg","keywords":["Nacional","Sa\u00fade","Universidade Coimbra"],"articleSection":["Sa\u00fade"],"inLanguage":"pt-PT"},{"@type":"WebPage","@id":"https:\/\/algarve7.pt\/index.php\/2021\/02\/estudo-conclui-que-a-pandemia-teve-impacto-negativo-na-saude-mental-dos-jovens\/saude\/11\/07\/","url":"https:\/\/algarve7.pt\/index.php\/2021\/02\/estudo-conclui-que-a-pandemia-teve-impacto-negativo-na-saude-mental-dos-jovens\/saude\/11\/07\/","name":"Estudo conclui que a pandemia teve impacto negativo na sa\u00fade mental dos jovens - Algarve 7","isPartOf":{"@id":"https:\/\/algarve7.pt\/#website"},"primaryImageOfPage":{"@id":"https:\/\/algarve7.pt\/index.php\/2021\/02\/estudo-conclui-que-a-pandemia-teve-impacto-negativo-na-saude-mental-dos-jovens\/saude\/11\/07\/#primaryimage"},"image":{"@id":"https:\/\/algarve7.pt\/index.php\/2021\/02\/estudo-conclui-que-a-pandemia-teve-impacto-negativo-na-saude-mental-dos-jovens\/saude\/11\/07\/#primaryimage"},"thumbnailUrl":"https:\/\/algarve7.pt\/wp-content\/uploads\/2021\/02\/Ana-Paula-Matos.jpg","datePublished":"2021-02-24T11:07:39+00:00","dateModified":"2021-02-24T11:07:43+00:00","description":"Estudo conclui que a pandemia teve impacto negativo na sa\u00fade mental dos jovens Sa\u00fade","breadcrumb":{"@id":"https:\/\/algarve7.pt\/index.php\/2021\/02\/estudo-conclui-que-a-pandemia-teve-impacto-negativo-na-saude-mental-dos-jovens\/saude\/11\/07\/#breadcrumb"},"inLanguage":"pt-PT","potentialAction":[{"@type":"ReadAction","target":["https:\/\/algarve7.pt\/index.php\/2021\/02\/estudo-conclui-que-a-pandemia-teve-impacto-negativo-na-saude-mental-dos-jovens\/saude\/11\/07\/"]}]},{"@type":"ImageObject","inLanguage":"pt-PT","@id":"https:\/\/algarve7.pt\/index.php\/2021\/02\/estudo-conclui-que-a-pandemia-teve-impacto-negativo-na-saude-mental-dos-jovens\/saude\/11\/07\/#primaryimage","url":"https:\/\/algarve7.pt\/wp-content\/uploads\/2021\/02\/Ana-Paula-Matos.jpg","contentUrl":"https:\/\/algarve7.pt\/wp-content\/uploads\/2021\/02\/Ana-Paula-Matos.jpg","width":1920,"height":899},{"@type":"BreadcrumbList","@id":"https:\/\/algarve7.pt\/index.php\/2021\/02\/estudo-conclui-que-a-pandemia-teve-impacto-negativo-na-saude-mental-dos-jovens\/saude\/11\/07\/#breadcrumb","itemListElement":[{"@type":"ListItem","position":1,"name":"In\u00edcio","item":"https:\/\/algarve7.pt\/"},{"@type":"ListItem","position":2,"name":"Estudo conclui que a pandemia teve impacto negativo na sa\u00fade mental dos jovens"}]},{"@type":"WebSite","@id":"https:\/\/algarve7.pt\/#website","url":"https:\/\/algarve7.pt\/","name":"Algarve 7","description":"Informa\u00e7\u00e3o sobre o Algarve","publisher":{"@id":"https:\/\/algarve7.pt\/#organization"},"potentialAction":[{"@type":"SearchAction","target":{"@type":"EntryPoint","urlTemplate":"https:\/\/algarve7.pt\/?s={search_term_string}"},"query-input":{"@type":"PropertyValueSpecification","valueRequired":true,"valueName":"search_term_string"}}],"inLanguage":"pt-PT"},{"@type":"Organization","@id":"https:\/\/algarve7.pt\/#organization","name":"Algarve 7","url":"https:\/\/algarve7.pt\/","logo":{"@type":"ImageObject","inLanguage":"pt-PT","@id":"https:\/\/algarve7.pt\/#\/schema\/logo\/image\/","url":"https:\/\/algarve7.pt\/wp-content\/uploads\/2020\/10\/Logo-8.jpg","contentUrl":"https:\/\/algarve7.pt\/wp-content\/uploads\/2020\/10\/Logo-8.jpg","width":1680,"height":1186,"caption":"Algarve 7"},"image":{"@id":"https:\/\/algarve7.pt\/#\/schema\/logo\/image\/"},"sameAs":["https:\/\/www.facebook.com\/algarve7","https:\/\/x.com\/Algarvesete","https:\/\/www.instagram.com\/jornalalgarve7\/","https:\/\/www.linkedin.com\/company\/algarve7","https:\/\/www.pinterest.pt\/geral0939\/_created\/"]},{"@type":"Person","@id":"https:\/\/algarve7.pt\/#\/schema\/person\/23fa70681308e7b319a3204bcea45e0c","name":"Algarve 7","sameAs":["https:\/\/algarve7.pt","https:\/\/www.facebook.com\/algarve7"],"url":"https:\/\/algarve7.pt\/index.php\/author\/geralalgarve7-pt\/"}]}},"jetpack_publicize_connections":[],"jetpack_featured_media_url":"https:\/\/algarve7.pt\/wp-content\/uploads\/2021\/02\/Ana-Paula-Matos.jpg","jetpack_shortlink":"https:\/\/wp.me\/pcezmW-1DY","jetpack_sharing_enabled":true,"_links":{"self":[{"href":"https:\/\/algarve7.pt\/index.php\/wp-json\/wp\/v2\/posts\/6322","targetHints":{"allow":["GET"]}}],"collection":[{"href":"https:\/\/algarve7.pt\/index.php\/wp-json\/wp\/v2\/posts"}],"about":[{"href":"https:\/\/algarve7.pt\/index.php\/wp-json\/wp\/v2\/types\/post"}],"author":[{"embeddable":true,"href":"https:\/\/algarve7.pt\/index.php\/wp-json\/wp\/v2\/users\/1"}],"replies":[{"embeddable":true,"href":"https:\/\/algarve7.pt\/index.php\/wp-json\/wp\/v2\/comments?post=6322"}],"version-history":[{"count":0,"href":"https:\/\/algarve7.pt\/index.php\/wp-json\/wp\/v2\/posts\/6322\/revisions"}],"wp:featuredmedia":[{"embeddable":true,"href":"https:\/\/algarve7.pt\/index.php\/wp-json\/wp\/v2\/media\/6323"}],"wp:attachment":[{"href":"https:\/\/algarve7.pt\/index.php\/wp-json\/wp\/v2\/media?parent=6322"}],"wp:term":[{"taxonomy":"category","embeddable":true,"href":"https:\/\/algarve7.pt\/index.php\/wp-json\/wp\/v2\/categories?post=6322"},{"taxonomy":"post_tag","embeddable":true,"href":"https:\/\/algarve7.pt\/index.php\/wp-json\/wp\/v2\/tags?post=6322"}],"curies":[{"name":"wp","href":"https:\/\/api.w.org\/{rel}","templated":true}]}}