{"id":6319,"date":"2021-02-23T18:46:57","date_gmt":"2021-02-23T18:46:57","guid":{"rendered":"https:\/\/algarve7.pt\/?p=6319"},"modified":"2021-02-23T18:47:04","modified_gmt":"2021-02-23T18:47:04","slug":"candidaturas-ao-programa-de-apoio-a-producao-nacional-industria-termina-na-proxima-sexta-feira","status":"publish","type":"post","link":"https:\/\/algarve7.pt\/index.php\/2021\/02\/candidaturas-ao-programa-de-apoio-a-producao-nacional-industria-termina-na-proxima-sexta-feira\/economia\/18\/46\/","title":{"rendered":"Candidaturas ao programa de apoio \u00e0 produ\u00e7\u00e3o nacional &#8211; ind\u00fastria termina na pr\u00f3xima sexta-feira"},"content":{"rendered":"\n<p><strong>O Programa Operacional do ALGARVE tem abertos dois avisos de concurso no \u00e2mbito do Programa Apoio \u00e0 Produ\u00e7\u00e3o Nacional (Base Local) \u2013 PAPN para micro e pequenas empresas:<\/strong><strong><\/strong><\/p>\n\n\n\n<p>\u2022\u00a0\u00a0\u00a0\u00a0\u00a0\u00a0\u00a0<a href=\"https:\/\/algarve2020.pt\/info\/aviso\/alg-d7-2020-50\" target=\"_blank\" rel=\"noreferrer noopener\"><strong><em>Aviso n.\u00ba ALG-D7-2020-50<\/em><\/strong><\/a><strong><em>,<\/em><\/strong>\u00a0direcionado exclusivamente para a ind\u00fastria, com o objetivo de promover a diversifica\u00e7\u00e3o da base produtiva regional, que\u00a0<strong>encerra \u00e0s 19 horas da pr\u00f3xima sexta-feira, dia 26 de fevereiro<\/strong>.<\/p>\n\n\n\n<p>\u2022\u00a0\u00a0\u00a0\u00a0\u00a0\u00a0\u00a0<a href=\"https:\/\/algarve2020.pt\/info\/aviso\/alg-d7-2021-03\" target=\"_blank\" rel=\"noreferrer noopener\"><strong><em>Aviso n.\u00ba ALG-D7-2021-03<\/em><\/strong><\/a><strong><em>,<\/em><\/strong>\u00a0direcionado para estimular sobretudo investimentos em efici\u00eancia energ\u00e9tica, promo\u00e7\u00e3o de pr\u00e1ticas circulares e digitaliza\u00e7\u00e3o nas empresas, at\u00e9 22 de mar\u00e7o.<\/p>\n\n\n\n<p>As empresas devem assumir o compromisso de manter os postos de trabalho, n\u00e3o havendo a exig\u00eancia de cria\u00e7\u00e3o de novos postos de trabalho.<\/p>\n\n\n\n<p>Podem ser enquadr\u00e1veis projetos de investimento eleg\u00edvel total no m\u00e1ximo at\u00e9 235 mil euros, sendo que a taxa m\u00e1xima de apoio poder\u00e1 ser de 60% (incentivo n\u00e3o reembols\u00e1vel). A dura\u00e7\u00e3o m\u00e1xima dos projetos \u00e9 de 12 meses, contados a partir da data de in\u00edcio da sua realiza\u00e7\u00e3o, podendo, com justifica\u00e7\u00e3o v\u00e1lida, ser prorrogado pela Autoridade de Gest\u00e3o por mais 6 meses, sendo que a data limite para elegibilidade das despesas termina a 30 de junho de 2023.<\/p>\n\n\n\n<p>Para concorrer o Promotor deve aceder ao Balc\u00e3o 2020. A autentica\u00e7\u00e3o no portal requer o uso do N\u00famero de Identifica\u00e7\u00e3o Fiscal e da palavra-chave fornecida pela Autoridade Tribut\u00e1ria e Aduaneira.<\/p>\n\n\n\n<p>Consulte\u00a0<a href=\"https:\/\/algarve2020.pt\/info\/avisos\" target=\"_blank\" rel=\"noreferrer noopener\"><strong><u>AQUI<\/u><\/strong><\/a>\u00a0estes e outros avisos abertos, no \u00e2mbito do Programa Operacional do Algarve \u2013 CRESC ALGARVE 2020, com o apoio dos fundos da Uni\u00e3o Europeia.<\/p>\n\n\n\n<p>A Comiss\u00e3o de Coordena\u00e7\u00e3o e Desenvolvimento Regional do Algarve (CCDR Algarve) observa estritamente as regras e princ\u00edpios resultantes da legisla\u00e7\u00e3o em vigor em mat\u00e9ria de prote\u00e7\u00e3o de dados, nomeadamente os que constam do Regulamento Geral sobre a Prote\u00e7\u00e3o de Dados (UE) 2016\/679 do Parlamento Europeu e do Conselho, de 27 de abril (doravante RGPD).<\/p>\n\n\n\n<p>O exerc\u00edcio dos direitos previstos no RGPD pode ser efetuado a todo o tempo, nomeadamente atrav\u00e9s do envio de e-mail para epd@ccdr-alg.pt<\/p>\n","protected":false},"excerpt":{"rendered":"<p>O Programa Operacional do ALGARVE tem abertos dois avisos de concurso no \u00e2mbito do Programa Apoio \u00e0 Produ\u00e7\u00e3o Nacional (Base<\/p>\n","protected":false},"author":1,"featured_media":6320,"comment_status":"closed","ping_status":"open","sticky":false,"template":"","format":"standard","meta":{"colormag_page_container_layout":"default_layout","colormag_page_sidebar_layout":"default_layout","_monsterinsights_skip_tracking":false,"_monsterinsights_sitenote_active":false,"_monsterinsights_sitenote_note":"","_monsterinsights_sitenote_category":0,"jetpack_post_was_ever_published":false,"_jetpack_newsletter_access":"","_jetpack_dont_email_post_to_subs":false,"_jetpack_newsletter_tier_id":0,"_jetpack_memberships_contains_paywalled_content":false,"_jetpack_memberships_contains_paid_content":false,"footnotes":"","jetpack_publicize_message":"","jetpack_publicize_feature_enabled":true,"jetpack_social_post_already_shared":true,"jetpack_social_options":{"image_generator_settings":{"template":"highway","default_image_id":0,"font":"","enabled":false},"version":2}},"categories":[151],"tags":[36,143,153],"class_list":["post-6319","post","type-post","status-publish","format-standard","has-post-thumbnail","hentry","category-economia","tag-algarve","tag-ccdr-algarve","tag-economia"],"yoast_head":"<!-- This site is optimized with the Yoast SEO plugin v27.4 - https:\/\/yoast.com\/product\/yoast-seo-wordpress\/ -->\n<title>Candidaturas ao programa de apoio \u00e0 produ\u00e7\u00e3o nacional - ind\u00fastria termina na pr\u00f3xima sexta-feira - Algarve 7<\/title>\n<meta name=\"description\" content=\"Candidaturas ao programa de apoio \u00e0 produ\u00e7\u00e3o nacional - ind\u00fastria termina na pr\u00f3xima sexta-feira Economia\" \/>\n<meta name=\"robots\" content=\"index, follow, max-snippet:-1, max-image-preview:large, max-video-preview:-1\" \/>\n<link rel=\"canonical\" href=\"https:\/\/algarve7.pt\/index.php\/2021\/02\/candidaturas-ao-programa-de-apoio-a-producao-nacional-industria-termina-na-proxima-sexta-feira\/economia\/18\/46\/\" \/>\n<meta property=\"og:locale\" content=\"pt_PT\" \/>\n<meta property=\"og:type\" content=\"article\" \/>\n<meta property=\"og:title\" content=\"Candidaturas ao programa de apoio \u00e0 produ\u00e7\u00e3o nacional - ind\u00fastria termina na pr\u00f3xima sexta-feira - Algarve 7\" \/>\n<meta property=\"og:description\" content=\"Candidaturas ao programa de apoio \u00e0 produ\u00e7\u00e3o nacional - ind\u00fastria termina na pr\u00f3xima sexta-feira Economia\" \/>\n<meta property=\"og:url\" content=\"https:\/\/algarve7.pt\/index.php\/2021\/02\/candidaturas-ao-programa-de-apoio-a-producao-nacional-industria-termina-na-proxima-sexta-feira\/economia\/18\/46\/\" \/>\n<meta property=\"og:site_name\" content=\"Algarve 7\" \/>\n<meta property=\"article:publisher\" content=\"https:\/\/www.facebook.com\/algarve7\" \/>\n<meta property=\"article:author\" content=\"https:\/\/www.facebook.com\/algarve7\" \/>\n<meta property=\"article:published_time\" content=\"2021-02-23T18:46:57+00:00\" \/>\n<meta property=\"article:modified_time\" content=\"2021-02-23T18:47:04+00:00\" \/>\n<meta property=\"og:image\" content=\"https:\/\/algarve7.pt\/wp-content\/uploads\/2021\/02\/A2020_Industria.jpg\" \/>\n\t<meta property=\"og:image:width\" content=\"1000\" \/>\n\t<meta property=\"og:image:height\" content=\"667\" \/>\n\t<meta property=\"og:image:type\" content=\"image\/jpeg\" \/>\n<meta name=\"author\" content=\"Algarve 7\" \/>\n<meta name=\"twitter:card\" content=\"summary_large_image\" \/>\n<meta name=\"twitter:creator\" content=\"@Algarvesete\" \/>\n<meta name=\"twitter:site\" content=\"@Algarvesete\" \/>\n<meta name=\"twitter:label1\" content=\"Escrito por\" \/>\n\t<meta name=\"twitter:data1\" content=\"Algarve 7\" \/>\n\t<meta name=\"twitter:label2\" content=\"Tempo estimado de leitura\" \/>\n\t<meta name=\"twitter:data2\" content=\"2 minutos\" \/>\n<script type=\"application\/ld+json\" class=\"yoast-schema-graph\">{\"@context\":\"https:\\\/\\\/schema.org\",\"@graph\":[{\"@type\":\"Article\",\"@id\":\"https:\\\/\\\/algarve7.pt\\\/index.php\\\/2021\\\/02\\\/candidaturas-ao-programa-de-apoio-a-producao-nacional-industria-termina-na-proxima-sexta-feira\\\/economia\\\/18\\\/46\\\/#article\",\"isPartOf\":{\"@id\":\"https:\\\/\\\/algarve7.pt\\\/index.php\\\/2021\\\/02\\\/candidaturas-ao-programa-de-apoio-a-producao-nacional-industria-termina-na-proxima-sexta-feira\\\/economia\\\/18\\\/46\\\/\"},\"author\":{\"name\":\"Algarve 7\",\"@id\":\"https:\\\/\\\/algarve7.pt\\\/#\\\/schema\\\/person\\\/23fa70681308e7b319a3204bcea45e0c\"},\"headline\":\"Candidaturas ao programa de apoio \u00e0 produ\u00e7\u00e3o nacional &#8211; ind\u00fastria termina na pr\u00f3xima sexta-feira\",\"datePublished\":\"2021-02-23T18:46:57+00:00\",\"dateModified\":\"2021-02-23T18:47:04+00:00\",\"mainEntityOfPage\":{\"@id\":\"https:\\\/\\\/algarve7.pt\\\/index.php\\\/2021\\\/02\\\/candidaturas-ao-programa-de-apoio-a-producao-nacional-industria-termina-na-proxima-sexta-feira\\\/economia\\\/18\\\/46\\\/\"},\"wordCount\":360,\"publisher\":{\"@id\":\"https:\\\/\\\/algarve7.pt\\\/#organization\"},\"image\":{\"@id\":\"https:\\\/\\\/algarve7.pt\\\/index.php\\\/2021\\\/02\\\/candidaturas-ao-programa-de-apoio-a-producao-nacional-industria-termina-na-proxima-sexta-feira\\\/economia\\\/18\\\/46\\\/#primaryimage\"},\"thumbnailUrl\":\"https:\\\/\\\/algarve7.pt\\\/wp-content\\\/uploads\\\/2021\\\/02\\\/A2020_Industria.jpg\",\"keywords\":[\"Algarve\",\"CCDR Algarve\",\"Economia\"],\"articleSection\":[\"Economia\"],\"inLanguage\":\"pt-PT\"},{\"@type\":\"WebPage\",\"@id\":\"https:\\\/\\\/algarve7.pt\\\/index.php\\\/2021\\\/02\\\/candidaturas-ao-programa-de-apoio-a-producao-nacional-industria-termina-na-proxima-sexta-feira\\\/economia\\\/18\\\/46\\\/\",\"url\":\"https:\\\/\\\/algarve7.pt\\\/index.php\\\/2021\\\/02\\\/candidaturas-ao-programa-de-apoio-a-producao-nacional-industria-termina-na-proxima-sexta-feira\\\/economia\\\/18\\\/46\\\/\",\"name\":\"Candidaturas ao programa de apoio \u00e0 produ\u00e7\u00e3o nacional - ind\u00fastria termina na pr\u00f3xima sexta-feira - Algarve 7\",\"isPartOf\":{\"@id\":\"https:\\\/\\\/algarve7.pt\\\/#website\"},\"primaryImageOfPage\":{\"@id\":\"https:\\\/\\\/algarve7.pt\\\/index.php\\\/2021\\\/02\\\/candidaturas-ao-programa-de-apoio-a-producao-nacional-industria-termina-na-proxima-sexta-feira\\\/economia\\\/18\\\/46\\\/#primaryimage\"},\"image\":{\"@id\":\"https:\\\/\\\/algarve7.pt\\\/index.php\\\/2021\\\/02\\\/candidaturas-ao-programa-de-apoio-a-producao-nacional-industria-termina-na-proxima-sexta-feira\\\/economia\\\/18\\\/46\\\/#primaryimage\"},\"thumbnailUrl\":\"https:\\\/\\\/algarve7.pt\\\/wp-content\\\/uploads\\\/2021\\\/02\\\/A2020_Industria.jpg\",\"datePublished\":\"2021-02-23T18:46:57+00:00\",\"dateModified\":\"2021-02-23T18:47:04+00:00\",\"description\":\"Candidaturas ao programa de apoio \u00e0 produ\u00e7\u00e3o nacional - ind\u00fastria termina na pr\u00f3xima sexta-feira Economia\",\"breadcrumb\":{\"@id\":\"https:\\\/\\\/algarve7.pt\\\/index.php\\\/2021\\\/02\\\/candidaturas-ao-programa-de-apoio-a-producao-nacional-industria-termina-na-proxima-sexta-feira\\\/economia\\\/18\\\/46\\\/#breadcrumb\"},\"inLanguage\":\"pt-PT\",\"potentialAction\":[{\"@type\":\"ReadAction\",\"target\":[\"https:\\\/\\\/algarve7.pt\\\/index.php\\\/2021\\\/02\\\/candidaturas-ao-programa-de-apoio-a-producao-nacional-industria-termina-na-proxima-sexta-feira\\\/economia\\\/18\\\/46\\\/\"]}]},{\"@type\":\"ImageObject\",\"inLanguage\":\"pt-PT\",\"@id\":\"https:\\\/\\\/algarve7.pt\\\/index.php\\\/2021\\\/02\\\/candidaturas-ao-programa-de-apoio-a-producao-nacional-industria-termina-na-proxima-sexta-feira\\\/economia\\\/18\\\/46\\\/#primaryimage\",\"url\":\"https:\\\/\\\/algarve7.pt\\\/wp-content\\\/uploads\\\/2021\\\/02\\\/A2020_Industria.jpg\",\"contentUrl\":\"https:\\\/\\\/algarve7.pt\\\/wp-content\\\/uploads\\\/2021\\\/02\\\/A2020_Industria.jpg\",\"width\":1000,\"height\":667,\"caption\":\"NAUTIBER, LDA, Eng\u00ba Rui Roque, CONSTRU\u00c7\u00c3O NAVAL(vila real de santo antonio)\"},{\"@type\":\"BreadcrumbList\",\"@id\":\"https:\\\/\\\/algarve7.pt\\\/index.php\\\/2021\\\/02\\\/candidaturas-ao-programa-de-apoio-a-producao-nacional-industria-termina-na-proxima-sexta-feira\\\/economia\\\/18\\\/46\\\/#breadcrumb\",\"itemListElement\":[{\"@type\":\"ListItem\",\"position\":1,\"name\":\"In\u00edcio\",\"item\":\"https:\\\/\\\/algarve7.pt\\\/\"},{\"@type\":\"ListItem\",\"position\":2,\"name\":\"Candidaturas ao programa de apoio \u00e0 produ\u00e7\u00e3o nacional &#8211; ind\u00fastria termina na pr\u00f3xima sexta-feira\"}]},{\"@type\":\"WebSite\",\"@id\":\"https:\\\/\\\/algarve7.pt\\\/#website\",\"url\":\"https:\\\/\\\/algarve7.pt\\\/\",\"name\":\"Algarve 7\",\"description\":\"Informa\u00e7\u00e3o sobre o Algarve\",\"publisher\":{\"@id\":\"https:\\\/\\\/algarve7.pt\\\/#organization\"},\"potentialAction\":[{\"@type\":\"SearchAction\",\"target\":{\"@type\":\"EntryPoint\",\"urlTemplate\":\"https:\\\/\\\/algarve7.pt\\\/?s={search_term_string}\"},\"query-input\":{\"@type\":\"PropertyValueSpecification\",\"valueRequired\":true,\"valueName\":\"search_term_string\"}}],\"inLanguage\":\"pt-PT\"},{\"@type\":\"Organization\",\"@id\":\"https:\\\/\\\/algarve7.pt\\\/#organization\",\"name\":\"Algarve 7\",\"url\":\"https:\\\/\\\/algarve7.pt\\\/\",\"logo\":{\"@type\":\"ImageObject\",\"inLanguage\":\"pt-PT\",\"@id\":\"https:\\\/\\\/algarve7.pt\\\/#\\\/schema\\\/logo\\\/image\\\/\",\"url\":\"https:\\\/\\\/algarve7.pt\\\/wp-content\\\/uploads\\\/2020\\\/10\\\/Logo-8.jpg\",\"contentUrl\":\"https:\\\/\\\/algarve7.pt\\\/wp-content\\\/uploads\\\/2020\\\/10\\\/Logo-8.jpg\",\"width\":1680,\"height\":1186,\"caption\":\"Algarve 7\"},\"image\":{\"@id\":\"https:\\\/\\\/algarve7.pt\\\/#\\\/schema\\\/logo\\\/image\\\/\"},\"sameAs\":[\"https:\\\/\\\/www.facebook.com\\\/algarve7\",\"https:\\\/\\\/x.com\\\/Algarvesete\",\"https:\\\/\\\/www.instagram.com\\\/jornalalgarve7\\\/\",\"https:\\\/\\\/www.linkedin.com\\\/company\\\/algarve7\",\"https:\\\/\\\/www.pinterest.pt\\\/geral0939\\\/_created\\\/\"]},{\"@type\":\"Person\",\"@id\":\"https:\\\/\\\/algarve7.pt\\\/#\\\/schema\\\/person\\\/23fa70681308e7b319a3204bcea45e0c\",\"name\":\"Algarve 7\",\"sameAs\":[\"https:\\\/\\\/algarve7.pt\",\"https:\\\/\\\/www.facebook.com\\\/algarve7\"],\"url\":\"https:\\\/\\\/algarve7.pt\\\/index.php\\\/author\\\/geralalgarve7-pt\\\/\"}]}<\/script>\n<!-- \/ Yoast SEO plugin. -->","yoast_head_json":{"title":"Candidaturas ao programa de apoio \u00e0 produ\u00e7\u00e3o nacional - ind\u00fastria termina na pr\u00f3xima sexta-feira - Algarve 7","description":"Candidaturas ao programa de apoio \u00e0 produ\u00e7\u00e3o nacional - ind\u00fastria termina na pr\u00f3xima sexta-feira Economia","robots":{"index":"index","follow":"follow","max-snippet":"max-snippet:-1","max-image-preview":"max-image-preview:large","max-video-preview":"max-video-preview:-1"},"canonical":"https:\/\/algarve7.pt\/index.php\/2021\/02\/candidaturas-ao-programa-de-apoio-a-producao-nacional-industria-termina-na-proxima-sexta-feira\/economia\/18\/46\/","og_locale":"pt_PT","og_type":"article","og_title":"Candidaturas ao programa de apoio \u00e0 produ\u00e7\u00e3o nacional - ind\u00fastria termina na pr\u00f3xima sexta-feira - Algarve 7","og_description":"Candidaturas ao programa de apoio \u00e0 produ\u00e7\u00e3o nacional - ind\u00fastria termina na pr\u00f3xima sexta-feira Economia","og_url":"https:\/\/algarve7.pt\/index.php\/2021\/02\/candidaturas-ao-programa-de-apoio-a-producao-nacional-industria-termina-na-proxima-sexta-feira\/economia\/18\/46\/","og_site_name":"Algarve 7","article_publisher":"https:\/\/www.facebook.com\/algarve7","article_author":"https:\/\/www.facebook.com\/algarve7","article_published_time":"2021-02-23T18:46:57+00:00","article_modified_time":"2021-02-23T18:47:04+00:00","og_image":[{"width":1000,"height":667,"url":"https:\/\/algarve7.pt\/wp-content\/uploads\/2021\/02\/A2020_Industria.jpg","type":"image\/jpeg"}],"author":"Algarve 7","twitter_card":"summary_large_image","twitter_creator":"@Algarvesete","twitter_site":"@Algarvesete","twitter_misc":{"Escrito por":"Algarve 7","Tempo estimado de leitura":"2 minutos"},"schema":{"@context":"https:\/\/schema.org","@graph":[{"@type":"Article","@id":"https:\/\/algarve7.pt\/index.php\/2021\/02\/candidaturas-ao-programa-de-apoio-a-producao-nacional-industria-termina-na-proxima-sexta-feira\/economia\/18\/46\/#article","isPartOf":{"@id":"https:\/\/algarve7.pt\/index.php\/2021\/02\/candidaturas-ao-programa-de-apoio-a-producao-nacional-industria-termina-na-proxima-sexta-feira\/economia\/18\/46\/"},"author":{"name":"Algarve 7","@id":"https:\/\/algarve7.pt\/#\/schema\/person\/23fa70681308e7b319a3204bcea45e0c"},"headline":"Candidaturas ao programa de apoio \u00e0 produ\u00e7\u00e3o nacional &#8211; ind\u00fastria termina na pr\u00f3xima sexta-feira","datePublished":"2021-02-23T18:46:57+00:00","dateModified":"2021-02-23T18:47:04+00:00","mainEntityOfPage":{"@id":"https:\/\/algarve7.pt\/index.php\/2021\/02\/candidaturas-ao-programa-de-apoio-a-producao-nacional-industria-termina-na-proxima-sexta-feira\/economia\/18\/46\/"},"wordCount":360,"publisher":{"@id":"https:\/\/algarve7.pt\/#organization"},"image":{"@id":"https:\/\/algarve7.pt\/index.php\/2021\/02\/candidaturas-ao-programa-de-apoio-a-producao-nacional-industria-termina-na-proxima-sexta-feira\/economia\/18\/46\/#primaryimage"},"thumbnailUrl":"https:\/\/algarve7.pt\/wp-content\/uploads\/2021\/02\/A2020_Industria.jpg","keywords":["Algarve","CCDR Algarve","Economia"],"articleSection":["Economia"],"inLanguage":"pt-PT"},{"@type":"WebPage","@id":"https:\/\/algarve7.pt\/index.php\/2021\/02\/candidaturas-ao-programa-de-apoio-a-producao-nacional-industria-termina-na-proxima-sexta-feira\/economia\/18\/46\/","url":"https:\/\/algarve7.pt\/index.php\/2021\/02\/candidaturas-ao-programa-de-apoio-a-producao-nacional-industria-termina-na-proxima-sexta-feira\/economia\/18\/46\/","name":"Candidaturas ao programa de apoio \u00e0 produ\u00e7\u00e3o nacional - ind\u00fastria termina na pr\u00f3xima sexta-feira - Algarve 7","isPartOf":{"@id":"https:\/\/algarve7.pt\/#website"},"primaryImageOfPage":{"@id":"https:\/\/algarve7.pt\/index.php\/2021\/02\/candidaturas-ao-programa-de-apoio-a-producao-nacional-industria-termina-na-proxima-sexta-feira\/economia\/18\/46\/#primaryimage"},"image":{"@id":"https:\/\/algarve7.pt\/index.php\/2021\/02\/candidaturas-ao-programa-de-apoio-a-producao-nacional-industria-termina-na-proxima-sexta-feira\/economia\/18\/46\/#primaryimage"},"thumbnailUrl":"https:\/\/algarve7.pt\/wp-content\/uploads\/2021\/02\/A2020_Industria.jpg","datePublished":"2021-02-23T18:46:57+00:00","dateModified":"2021-02-23T18:47:04+00:00","description":"Candidaturas ao programa de apoio \u00e0 produ\u00e7\u00e3o nacional - ind\u00fastria termina na pr\u00f3xima sexta-feira Economia","breadcrumb":{"@id":"https:\/\/algarve7.pt\/index.php\/2021\/02\/candidaturas-ao-programa-de-apoio-a-producao-nacional-industria-termina-na-proxima-sexta-feira\/economia\/18\/46\/#breadcrumb"},"inLanguage":"pt-PT","potentialAction":[{"@type":"ReadAction","target":["https:\/\/algarve7.pt\/index.php\/2021\/02\/candidaturas-ao-programa-de-apoio-a-producao-nacional-industria-termina-na-proxima-sexta-feira\/economia\/18\/46\/"]}]},{"@type":"ImageObject","inLanguage":"pt-PT","@id":"https:\/\/algarve7.pt\/index.php\/2021\/02\/candidaturas-ao-programa-de-apoio-a-producao-nacional-industria-termina-na-proxima-sexta-feira\/economia\/18\/46\/#primaryimage","url":"https:\/\/algarve7.pt\/wp-content\/uploads\/2021\/02\/A2020_Industria.jpg","contentUrl":"https:\/\/algarve7.pt\/wp-content\/uploads\/2021\/02\/A2020_Industria.jpg","width":1000,"height":667,"caption":"NAUTIBER, LDA, Eng\u00ba Rui Roque, CONSTRU\u00c7\u00c3O NAVAL(vila real de santo antonio)"},{"@type":"BreadcrumbList","@id":"https:\/\/algarve7.pt\/index.php\/2021\/02\/candidaturas-ao-programa-de-apoio-a-producao-nacional-industria-termina-na-proxima-sexta-feira\/economia\/18\/46\/#breadcrumb","itemListElement":[{"@type":"ListItem","position":1,"name":"In\u00edcio","item":"https:\/\/algarve7.pt\/"},{"@type":"ListItem","position":2,"name":"Candidaturas ao programa de apoio \u00e0 produ\u00e7\u00e3o nacional &#8211; ind\u00fastria termina na pr\u00f3xima sexta-feira"}]},{"@type":"WebSite","@id":"https:\/\/algarve7.pt\/#website","url":"https:\/\/algarve7.pt\/","name":"Algarve 7","description":"Informa\u00e7\u00e3o sobre o Algarve","publisher":{"@id":"https:\/\/algarve7.pt\/#organization"},"potentialAction":[{"@type":"SearchAction","target":{"@type":"EntryPoint","urlTemplate":"https:\/\/algarve7.pt\/?s={search_term_string}"},"query-input":{"@type":"PropertyValueSpecification","valueRequired":true,"valueName":"search_term_string"}}],"inLanguage":"pt-PT"},{"@type":"Organization","@id":"https:\/\/algarve7.pt\/#organization","name":"Algarve 7","url":"https:\/\/algarve7.pt\/","logo":{"@type":"ImageObject","inLanguage":"pt-PT","@id":"https:\/\/algarve7.pt\/#\/schema\/logo\/image\/","url":"https:\/\/algarve7.pt\/wp-content\/uploads\/2020\/10\/Logo-8.jpg","contentUrl":"https:\/\/algarve7.pt\/wp-content\/uploads\/2020\/10\/Logo-8.jpg","width":1680,"height":1186,"caption":"Algarve 7"},"image":{"@id":"https:\/\/algarve7.pt\/#\/schema\/logo\/image\/"},"sameAs":["https:\/\/www.facebook.com\/algarve7","https:\/\/x.com\/Algarvesete","https:\/\/www.instagram.com\/jornalalgarve7\/","https:\/\/www.linkedin.com\/company\/algarve7","https:\/\/www.pinterest.pt\/geral0939\/_created\/"]},{"@type":"Person","@id":"https:\/\/algarve7.pt\/#\/schema\/person\/23fa70681308e7b319a3204bcea45e0c","name":"Algarve 7","sameAs":["https:\/\/algarve7.pt","https:\/\/www.facebook.com\/algarve7"],"url":"https:\/\/algarve7.pt\/index.php\/author\/geralalgarve7-pt\/"}]}},"jetpack_publicize_connections":[],"jetpack_featured_media_url":"https:\/\/algarve7.pt\/wp-content\/uploads\/2021\/02\/A2020_Industria.jpg","jetpack_shortlink":"https:\/\/wp.me\/pcezmW-1DV","jetpack_sharing_enabled":true,"_links":{"self":[{"href":"https:\/\/algarve7.pt\/index.php\/wp-json\/wp\/v2\/posts\/6319","targetHints":{"allow":["GET"]}}],"collection":[{"href":"https:\/\/algarve7.pt\/index.php\/wp-json\/wp\/v2\/posts"}],"about":[{"href":"https:\/\/algarve7.pt\/index.php\/wp-json\/wp\/v2\/types\/post"}],"author":[{"embeddable":true,"href":"https:\/\/algarve7.pt\/index.php\/wp-json\/wp\/v2\/users\/1"}],"replies":[{"embeddable":true,"href":"https:\/\/algarve7.pt\/index.php\/wp-json\/wp\/v2\/comments?post=6319"}],"version-history":[{"count":0,"href":"https:\/\/algarve7.pt\/index.php\/wp-json\/wp\/v2\/posts\/6319\/revisions"}],"wp:featuredmedia":[{"embeddable":true,"href":"https:\/\/algarve7.pt\/index.php\/wp-json\/wp\/v2\/media\/6320"}],"wp:attachment":[{"href":"https:\/\/algarve7.pt\/index.php\/wp-json\/wp\/v2\/media?parent=6319"}],"wp:term":[{"taxonomy":"category","embeddable":true,"href":"https:\/\/algarve7.pt\/index.php\/wp-json\/wp\/v2\/categories?post=6319"},{"taxonomy":"post_tag","embeddable":true,"href":"https:\/\/algarve7.pt\/index.php\/wp-json\/wp\/v2\/tags?post=6319"}],"curies":[{"name":"wp","href":"https:\/\/api.w.org\/{rel}","templated":true}]}}