{"id":63164,"date":"2026-06-08T07:20:00","date_gmt":"2026-06-08T06:20:00","guid":{"rendered":"https:\/\/algarve7.pt\/?p=63164"},"modified":"2026-06-04T18:40:50","modified_gmt":"2026-06-04T17:40:50","slug":"museu-zer0-inaugura-lugar-depois-nova-exposicao-redefine-territorio-memoria-e-o-futuro-da-arte","status":"publish","type":"post","link":"https:\/\/algarve7.pt\/index.php\/2026\/06\/museu-zer0-inaugura-lugar-depois-nova-exposicao-redefine-territorio-memoria-e-o-futuro-da-arte\/cultura\/07\/20\/","title":{"rendered":"Museu Zer0 Inaugura &#8220;lugar-depois&#8221; Nova Exposi\u00e7\u00e3o Redefine Territ\u00f3rio, Mem\u00f3ria e o Futuro da Arte"},"content":{"rendered":"\n<p class=\"wp-block-paragraph\">O Museu Zer0, anuncia a sua nova e transformadora exposi\u00e7\u00e3o,&nbsp;<strong>&#8220;lugar-depois&#8221;<\/strong>, que estar\u00e1&nbsp;<strong>patente de 9 de junho a 7 de dezembro de 2026<\/strong>. Este projeto ambicioso marca uma nova fase na trajet\u00f3ria do museu, afirmando um reposicionamento institucional e curatorial que explora as fronteiras entre o tang\u00edvel e o ef\u00e9mero, o local e o global.<\/p>\n\n\n\n<p class=\"wp-block-paragraph\"><strong>&#8220;lugar-depois&#8221;<\/strong>&nbsp;nasce da ideia de que um territ\u00f3rio nunca termina na sua forma vis\u00edvel. A exposi\u00e7\u00e3o prop\u00f5e um estado cont\u00ednuo \u2014 um lugar que existe para al\u00e9m da obra, da presen\u00e7a e das formas convencionais de pensar o territ\u00f3rio e a cria\u00e7\u00e3o contempor\u00e2nea. Mais do que uma simples mostra, \u00e9 uma proposta para o pensamento, refletindo sobre ecologia, sustentabilidade, identidade e os nossos futuros modos de habitar atrav\u00e9s de uma lente art\u00edstica.<\/p>\n\n\n\n<p class=\"wp-block-paragraph\">Instalado numa localiza\u00e7\u00e3o \u00fanica, longe dos circuitos saturados dos grandes centros urbanos, o&nbsp;<strong>Museu Zer0<\/strong>&nbsp;\u00e9, na sua ess\u00eancia, uma plataforma colaborativa onde o humano e o digital se cruzam. O seu compromisso com a inova\u00e7\u00e3o e o seu impacto cultural e territorial foram recentemente reconhecidos com o prestigiado&nbsp;<strong>Pr\u00e9mio de Arquitetura do Algarve 2025<\/strong>, na categoria \u201cEquipamento, Servi\u00e7o e Ind\u00fastria\u201d<\/p>\n\n\n\n<p class=\"wp-block-paragraph\">O&nbsp;<strong>fundador do Museu, Paulo Teixeira Pinto<\/strong>, descreve a filosofia orientadora da institui\u00e7\u00e3o: &#8220;O zero n\u00e3o simboliza o vazio, o nada, mas, pelo contr\u00e1rio, consubstancia o todo, a plenitude.&#8221; Esta vis\u00e3o est\u00e1 no cerne de&nbsp;<strong>&#8220;lugar-depois&#8221;<\/strong>, que convida os visitantes a uma reconfigura\u00e7\u00e3o permanente do seu entendimento do espa\u00e7o e da arte.<\/p>\n\n\n\n<p class=\"wp-block-paragraph\">A exposi\u00e7\u00e3o re\u00fane um leque not\u00e1vel de artistas cujas pr\u00e1ticas atravessam a instala\u00e7\u00e3o, o som, a media art e a experimenta\u00e7\u00e3o contempor\u00e2nea, incluindo:&nbsp;<strong>Francisca Aires Mateus, Openfield, Boris Chimp 504, David Bastos, Jos\u00e9 Jesus, Miguel Teodoro, Ant\u00f3nio Rafael, Lu\u00eds Fernandes, Miguel Pedro, Miguel C. Tavares, Francisca Rocha Gon\u00e7alves, Anna Van Der Velde, Gil Delindro, In\u00eas Mendes Leal, ESEC &#8211; Universidade do Algarve e Lu\u00edsa Cunha.<\/strong><\/p>\n\n\n\n<p class=\"wp-block-paragraph\"><strong>&#8220;lugar-depois&#8221;<\/strong>&nbsp;n\u00e3o \u00e9 apenas uma exposi\u00e7\u00e3o para ser vista, mas um ecossistema para ser vivenciado \u2014 uma afirma\u00e7\u00e3o art\u00edstica, contempor\u00e2nea e de compromisso com o futuro.<\/p>\n\n\n\n<p class=\"wp-block-paragraph\"><strong>Onde:<\/strong>\u00a0Museu Zer0, Cooperativa Agr\u00edcola dos Produtores de Azeite de Santa Catarina da Fonte do Bispo, 8800-166, Santa Catarina da Fonte do Bispo, Portugal.<\/p>\n","protected":false},"excerpt":{"rendered":"<p>O Museu Zer0, anuncia a sua nova e transformadora exposi\u00e7\u00e3o,&nbsp;&#8220;lugar-depois&#8221;, que estar\u00e1&nbsp;patente de 9 de junho a 7 de dezembro<\/p>\n","protected":false},"author":1,"featured_media":63165,"comment_status":"closed","ping_status":"closed","sticky":false,"template":"","format":"standard","meta":{"colormag_page_container_layout":"default_layout","colormag_page_sidebar_layout":"default_layout","_monsterinsights_skip_tracking":false,"_jetpack_newsletter_access":"","_jetpack_dont_email_post_to_subs":false,"_jetpack_newsletter_tier_id":0,"_jetpack_memberships_contains_paywalled_content":false,"_jetpack_feature_clip_id":0,"_jetpack_memberships_contains_paid_content":false,"footnotes":"","jetpack_publicize_message":"","jetpack_publicize_feature_enabled":true,"jetpack_social_post_already_shared":true,"jetpack_social_options":{"image_generator_settings":{"template":"highway","default_image_id":0,"font":"","enabled":false},"version":2},"jetpack_post_was_ever_published":false},"categories":[14],"tags":[36,35,66,97,1296,1297,54],"class_list":["post-63164","post","type-post","status-publish","format-standard","has-post-thumbnail","hentry","category-cultura","tag-algarve","tag-cultura","tag-exposicao","tag-museu","tag-museu-zer0","tag-santa-catarina-da-fonte-do-bispo","tag-tavira"],"yoast_head":"<!-- This site is optimized with the Yoast SEO plugin v28.4 - https:\/\/yoast.com\/product\/yoast-seo-wordpress\/ -->\n<title>Museu Zer0 Inaugura &quot;lugar-depois&quot; Nova Exposi\u00e7\u00e3o Redefine Territ\u00f3rio, Mem\u00f3ria e o Futuro da Arte - Algarve 7<\/title>\n<meta name=\"description\" content=\"Museu Zer0 Inaugura &quot;lugar-depois&quot; Nova Exposi\u00e7\u00e3o Redefine Territ\u00f3rio, Mem\u00f3ria e o Futuro da Arte Cultura\" \/>\n<meta name=\"robots\" content=\"index, follow, max-snippet:-1, max-image-preview:large, max-video-preview:-1\" \/>\n<link rel=\"canonical\" href=\"https:\/\/algarve7.pt\/index.php\/2026\/06\/museu-zer0-inaugura-lugar-depois-nova-exposicao-redefine-territorio-memoria-e-o-futuro-da-arte\/cultura\/07\/20\/\" \/>\n<meta property=\"og:locale\" content=\"pt_PT\" \/>\n<meta property=\"og:type\" content=\"article\" \/>\n<meta property=\"og:title\" content=\"Museu Zer0 Inaugura &quot;lugar-depois&quot; Nova Exposi\u00e7\u00e3o Redefine Territ\u00f3rio, Mem\u00f3ria e o Futuro da Arte - Algarve 7\" \/>\n<meta property=\"og:description\" content=\"Museu Zer0 Inaugura &quot;lugar-depois&quot; Nova Exposi\u00e7\u00e3o Redefine Territ\u00f3rio, Mem\u00f3ria e o Futuro da Arte Cultura\" \/>\n<meta property=\"og:url\" content=\"https:\/\/algarve7.pt\/index.php\/2026\/06\/museu-zer0-inaugura-lugar-depois-nova-exposicao-redefine-territorio-memoria-e-o-futuro-da-arte\/cultura\/07\/20\/\" \/>\n<meta property=\"og:site_name\" content=\"Algarve 7\" \/>\n<meta property=\"article:publisher\" content=\"https:\/\/www.facebook.com\/algarve7\" \/>\n<meta property=\"article:author\" content=\"https:\/\/www.facebook.com\/algarve7\" \/>\n<meta property=\"article:published_time\" content=\"2026-06-08T06:20:00+00:00\" \/>\n<meta property=\"og:image\" content=\"https:\/\/algarve7.pt\/wp-content\/uploads\/2026\/06\/Captura-de-ecra-2026-06-04-as-18.37.11.png\" \/>\n\t<meta property=\"og:image:width\" content=\"800\" \/>\n\t<meta property=\"og:image:height\" content=\"445\" \/>\n\t<meta property=\"og:image:type\" content=\"image\/png\" \/>\n<meta name=\"author\" content=\"Algarve 7\" \/>\n<meta name=\"twitter:card\" content=\"summary_large_image\" \/>\n<meta name=\"twitter:creator\" content=\"@Algarvesete\" \/>\n<meta name=\"twitter:site\" content=\"@Algarvesete\" \/>\n<meta name=\"twitter:label1\" content=\"Escrito por\" \/>\n\t<meta name=\"twitter:data1\" content=\"Algarve 7\" \/>\n\t<meta name=\"twitter:label2\" content=\"Tempo estimado de leitura\" \/>\n\t<meta name=\"twitter:data2\" content=\"3 minutos\" \/>\n<script type=\"application\/ld+json\" class=\"yoast-schema-graph\">{\"@context\":\"https:\\\/\\\/schema.org\",\"@graph\":[{\"@type\":\"Article\",\"@id\":\"https:\\\/\\\/algarve7.pt\\\/index.php\\\/2026\\\/06\\\/museu-zer0-inaugura-lugar-depois-nova-exposicao-redefine-territorio-memoria-e-o-futuro-da-arte\\\/cultura\\\/07\\\/20\\\/#article\",\"isPartOf\":{\"@id\":\"https:\\\/\\\/algarve7.pt\\\/index.php\\\/2026\\\/06\\\/museu-zer0-inaugura-lugar-depois-nova-exposicao-redefine-territorio-memoria-e-o-futuro-da-arte\\\/cultura\\\/07\\\/20\\\/\"},\"author\":{\"name\":\"Algarve 7\",\"@id\":\"https:\\\/\\\/algarve7.pt\\\/#\\\/schema\\\/person\\\/23fa70681308e7b319a3204bcea45e0c\"},\"headline\":\"Museu Zer0 Inaugura &#8220;lugar-depois&#8221; Nova Exposi\u00e7\u00e3o Redefine Territ\u00f3rio, Mem\u00f3ria e o Futuro da Arte\",\"datePublished\":\"2026-06-08T06:20:00+00:00\",\"mainEntityOfPage\":{\"@id\":\"https:\\\/\\\/algarve7.pt\\\/index.php\\\/2026\\\/06\\\/museu-zer0-inaugura-lugar-depois-nova-exposicao-redefine-territorio-memoria-e-o-futuro-da-arte\\\/cultura\\\/07\\\/20\\\/\"},\"wordCount\":419,\"publisher\":{\"@id\":\"https:\\\/\\\/algarve7.pt\\\/#organization\"},\"image\":{\"@id\":\"https:\\\/\\\/algarve7.pt\\\/index.php\\\/2026\\\/06\\\/museu-zer0-inaugura-lugar-depois-nova-exposicao-redefine-territorio-memoria-e-o-futuro-da-arte\\\/cultura\\\/07\\\/20\\\/#primaryimage\"},\"thumbnailUrl\":\"https:\\\/\\\/algarve7.pt\\\/wp-content\\\/uploads\\\/2026\\\/06\\\/Captura-de-ecra-2026-06-04-as-18.37.11.png\",\"keywords\":[\"Algarve\",\"Cultura\",\"Exposi\u00e7\u00e3o\",\"Museu\",\"Museu Zer0\",\"Santa Catarina da Fonte do Bispo\",\"Tavira\"],\"articleSection\":[\"Cultura\"],\"inLanguage\":\"pt-PT\"},{\"@type\":\"WebPage\",\"@id\":\"https:\\\/\\\/algarve7.pt\\\/index.php\\\/2026\\\/06\\\/museu-zer0-inaugura-lugar-depois-nova-exposicao-redefine-territorio-memoria-e-o-futuro-da-arte\\\/cultura\\\/07\\\/20\\\/\",\"url\":\"https:\\\/\\\/algarve7.pt\\\/index.php\\\/2026\\\/06\\\/museu-zer0-inaugura-lugar-depois-nova-exposicao-redefine-territorio-memoria-e-o-futuro-da-arte\\\/cultura\\\/07\\\/20\\\/\",\"name\":\"Museu Zer0 Inaugura \\\"lugar-depois\\\" Nova Exposi\u00e7\u00e3o Redefine Territ\u00f3rio, Mem\u00f3ria e o Futuro da Arte - Algarve 7\",\"isPartOf\":{\"@id\":\"https:\\\/\\\/algarve7.pt\\\/#website\"},\"primaryImageOfPage\":{\"@id\":\"https:\\\/\\\/algarve7.pt\\\/index.php\\\/2026\\\/06\\\/museu-zer0-inaugura-lugar-depois-nova-exposicao-redefine-territorio-memoria-e-o-futuro-da-arte\\\/cultura\\\/07\\\/20\\\/#primaryimage\"},\"image\":{\"@id\":\"https:\\\/\\\/algarve7.pt\\\/index.php\\\/2026\\\/06\\\/museu-zer0-inaugura-lugar-depois-nova-exposicao-redefine-territorio-memoria-e-o-futuro-da-arte\\\/cultura\\\/07\\\/20\\\/#primaryimage\"},\"thumbnailUrl\":\"https:\\\/\\\/algarve7.pt\\\/wp-content\\\/uploads\\\/2026\\\/06\\\/Captura-de-ecra-2026-06-04-as-18.37.11.png\",\"datePublished\":\"2026-06-08T06:20:00+00:00\",\"description\":\"Museu Zer0 Inaugura \\\"lugar-depois\\\" Nova Exposi\u00e7\u00e3o Redefine Territ\u00f3rio, Mem\u00f3ria e o Futuro da Arte Cultura\",\"breadcrumb\":{\"@id\":\"https:\\\/\\\/algarve7.pt\\\/index.php\\\/2026\\\/06\\\/museu-zer0-inaugura-lugar-depois-nova-exposicao-redefine-territorio-memoria-e-o-futuro-da-arte\\\/cultura\\\/07\\\/20\\\/#breadcrumb\"},\"inLanguage\":\"pt-PT\",\"potentialAction\":[{\"@type\":\"ReadAction\",\"target\":[\"https:\\\/\\\/algarve7.pt\\\/index.php\\\/2026\\\/06\\\/museu-zer0-inaugura-lugar-depois-nova-exposicao-redefine-territorio-memoria-e-o-futuro-da-arte\\\/cultura\\\/07\\\/20\\\/\"]}]},{\"@type\":\"ImageObject\",\"inLanguage\":\"pt-PT\",\"@id\":\"https:\\\/\\\/algarve7.pt\\\/index.php\\\/2026\\\/06\\\/museu-zer0-inaugura-lugar-depois-nova-exposicao-redefine-territorio-memoria-e-o-futuro-da-arte\\\/cultura\\\/07\\\/20\\\/#primaryimage\",\"url\":\"https:\\\/\\\/algarve7.pt\\\/wp-content\\\/uploads\\\/2026\\\/06\\\/Captura-de-ecra-2026-06-04-as-18.37.11.png\",\"contentUrl\":\"https:\\\/\\\/algarve7.pt\\\/wp-content\\\/uploads\\\/2026\\\/06\\\/Captura-de-ecra-2026-06-04-as-18.37.11.png\",\"width\":800,\"height\":445},{\"@type\":\"BreadcrumbList\",\"@id\":\"https:\\\/\\\/algarve7.pt\\\/index.php\\\/2026\\\/06\\\/museu-zer0-inaugura-lugar-depois-nova-exposicao-redefine-territorio-memoria-e-o-futuro-da-arte\\\/cultura\\\/07\\\/20\\\/#breadcrumb\",\"itemListElement\":[{\"@type\":\"ListItem\",\"position\":1,\"name\":\"In\u00edcio\",\"item\":\"https:\\\/\\\/algarve7.pt\\\/\"},{\"@type\":\"ListItem\",\"position\":2,\"name\":\"Museu Zer0 Inaugura &#8220;lugar-depois&#8221; Nova Exposi\u00e7\u00e3o Redefine Territ\u00f3rio, Mem\u00f3ria e o Futuro da Arte\"}]},{\"@type\":\"WebSite\",\"@id\":\"https:\\\/\\\/algarve7.pt\\\/#website\",\"url\":\"https:\\\/\\\/algarve7.pt\\\/\",\"name\":\"Algarve 7\",\"description\":\"Informa\u00e7\u00e3o sobre o Algarve\",\"publisher\":{\"@id\":\"https:\\\/\\\/algarve7.pt\\\/#organization\"},\"potentialAction\":[{\"@type\":\"SearchAction\",\"target\":{\"@type\":\"EntryPoint\",\"urlTemplate\":\"https:\\\/\\\/algarve7.pt\\\/?s={search_term_string}\"},\"query-input\":{\"@type\":\"PropertyValueSpecification\",\"valueRequired\":true,\"valueName\":\"search_term_string\"}}],\"inLanguage\":\"pt-PT\"},{\"@type\":\"Organization\",\"@id\":\"https:\\\/\\\/algarve7.pt\\\/#organization\",\"name\":\"Algarve 7\",\"url\":\"https:\\\/\\\/algarve7.pt\\\/\",\"logo\":{\"@type\":\"ImageObject\",\"inLanguage\":\"pt-PT\",\"@id\":\"https:\\\/\\\/algarve7.pt\\\/#\\\/schema\\\/logo\\\/image\\\/\",\"url\":\"https:\\\/\\\/algarve7.pt\\\/wp-content\\\/uploads\\\/2020\\\/10\\\/Logo-8.jpg\",\"contentUrl\":\"https:\\\/\\\/algarve7.pt\\\/wp-content\\\/uploads\\\/2020\\\/10\\\/Logo-8.jpg\",\"width\":1680,\"height\":1186,\"caption\":\"Algarve 7\"},\"image\":{\"@id\":\"https:\\\/\\\/algarve7.pt\\\/#\\\/schema\\\/logo\\\/image\\\/\"},\"sameAs\":[\"https:\\\/\\\/www.facebook.com\\\/algarve7\",\"https:\\\/\\\/x.com\\\/Algarvesete\",\"https:\\\/\\\/www.instagram.com\\\/jornalalgarve7\\\/\",\"https:\\\/\\\/www.linkedin.com\\\/company\\\/algarve7\",\"https:\\\/\\\/www.pinterest.pt\\\/geral0939\\\/_created\\\/\"]},{\"@type\":\"Person\",\"@id\":\"https:\\\/\\\/algarve7.pt\\\/#\\\/schema\\\/person\\\/23fa70681308e7b319a3204bcea45e0c\",\"name\":\"Algarve 7\",\"sameAs\":[\"https:\\\/\\\/algarve7.pt\",\"https:\\\/\\\/www.facebook.com\\\/algarve7\"],\"url\":\"https:\\\/\\\/algarve7.pt\\\/index.php\\\/author\\\/geralalgarve7-pt\\\/\"}]}<\/script>\n<!-- \/ Yoast SEO plugin. -->","yoast_head_json":{"title":"Museu Zer0 Inaugura \"lugar-depois\" Nova Exposi\u00e7\u00e3o Redefine Territ\u00f3rio, Mem\u00f3ria e o Futuro da Arte - Algarve 7","description":"Museu Zer0 Inaugura \"lugar-depois\" Nova Exposi\u00e7\u00e3o Redefine Territ\u00f3rio, Mem\u00f3ria e o Futuro da Arte Cultura","robots":{"index":"index","follow":"follow","max-snippet":"max-snippet:-1","max-image-preview":"max-image-preview:large","max-video-preview":"max-video-preview:-1"},"canonical":"https:\/\/algarve7.pt\/index.php\/2026\/06\/museu-zer0-inaugura-lugar-depois-nova-exposicao-redefine-territorio-memoria-e-o-futuro-da-arte\/cultura\/07\/20\/","og_locale":"pt_PT","og_type":"article","og_title":"Museu Zer0 Inaugura \"lugar-depois\" Nova Exposi\u00e7\u00e3o Redefine Territ\u00f3rio, Mem\u00f3ria e o Futuro da Arte - Algarve 7","og_description":"Museu Zer0 Inaugura \"lugar-depois\" Nova Exposi\u00e7\u00e3o Redefine Territ\u00f3rio, Mem\u00f3ria e o Futuro da Arte Cultura","og_url":"https:\/\/algarve7.pt\/index.php\/2026\/06\/museu-zer0-inaugura-lugar-depois-nova-exposicao-redefine-territorio-memoria-e-o-futuro-da-arte\/cultura\/07\/20\/","og_site_name":"Algarve 7","article_publisher":"https:\/\/www.facebook.com\/algarve7","article_author":"https:\/\/www.facebook.com\/algarve7","article_published_time":"2026-06-08T06:20:00+00:00","og_image":[{"width":800,"height":445,"url":"https:\/\/algarve7.pt\/wp-content\/uploads\/2026\/06\/Captura-de-ecra-2026-06-04-as-18.37.11.png","type":"image\/png"}],"author":"Algarve 7","twitter_card":"summary_large_image","twitter_creator":"@Algarvesete","twitter_site":"@Algarvesete","twitter_misc":{"Escrito por":"Algarve 7","Tempo estimado de leitura":"3 minutos"},"schema":{"@context":"https:\/\/schema.org","@graph":[{"@type":"Article","@id":"https:\/\/algarve7.pt\/index.php\/2026\/06\/museu-zer0-inaugura-lugar-depois-nova-exposicao-redefine-territorio-memoria-e-o-futuro-da-arte\/cultura\/07\/20\/#article","isPartOf":{"@id":"https:\/\/algarve7.pt\/index.php\/2026\/06\/museu-zer0-inaugura-lugar-depois-nova-exposicao-redefine-territorio-memoria-e-o-futuro-da-arte\/cultura\/07\/20\/"},"author":{"name":"Algarve 7","@id":"https:\/\/algarve7.pt\/#\/schema\/person\/23fa70681308e7b319a3204bcea45e0c"},"headline":"Museu Zer0 Inaugura &#8220;lugar-depois&#8221; Nova Exposi\u00e7\u00e3o Redefine Territ\u00f3rio, Mem\u00f3ria e o Futuro da Arte","datePublished":"2026-06-08T06:20:00+00:00","mainEntityOfPage":{"@id":"https:\/\/algarve7.pt\/index.php\/2026\/06\/museu-zer0-inaugura-lugar-depois-nova-exposicao-redefine-territorio-memoria-e-o-futuro-da-arte\/cultura\/07\/20\/"},"wordCount":419,"publisher":{"@id":"https:\/\/algarve7.pt\/#organization"},"image":{"@id":"https:\/\/algarve7.pt\/index.php\/2026\/06\/museu-zer0-inaugura-lugar-depois-nova-exposicao-redefine-territorio-memoria-e-o-futuro-da-arte\/cultura\/07\/20\/#primaryimage"},"thumbnailUrl":"https:\/\/algarve7.pt\/wp-content\/uploads\/2026\/06\/Captura-de-ecra-2026-06-04-as-18.37.11.png","keywords":["Algarve","Cultura","Exposi\u00e7\u00e3o","Museu","Museu Zer0","Santa Catarina da Fonte do Bispo","Tavira"],"articleSection":["Cultura"],"inLanguage":"pt-PT"},{"@type":"WebPage","@id":"https:\/\/algarve7.pt\/index.php\/2026\/06\/museu-zer0-inaugura-lugar-depois-nova-exposicao-redefine-territorio-memoria-e-o-futuro-da-arte\/cultura\/07\/20\/","url":"https:\/\/algarve7.pt\/index.php\/2026\/06\/museu-zer0-inaugura-lugar-depois-nova-exposicao-redefine-territorio-memoria-e-o-futuro-da-arte\/cultura\/07\/20\/","name":"Museu Zer0 Inaugura \"lugar-depois\" Nova Exposi\u00e7\u00e3o Redefine Territ\u00f3rio, Mem\u00f3ria e o Futuro da Arte - Algarve 7","isPartOf":{"@id":"https:\/\/algarve7.pt\/#website"},"primaryImageOfPage":{"@id":"https:\/\/algarve7.pt\/index.php\/2026\/06\/museu-zer0-inaugura-lugar-depois-nova-exposicao-redefine-territorio-memoria-e-o-futuro-da-arte\/cultura\/07\/20\/#primaryimage"},"image":{"@id":"https:\/\/algarve7.pt\/index.php\/2026\/06\/museu-zer0-inaugura-lugar-depois-nova-exposicao-redefine-territorio-memoria-e-o-futuro-da-arte\/cultura\/07\/20\/#primaryimage"},"thumbnailUrl":"https:\/\/algarve7.pt\/wp-content\/uploads\/2026\/06\/Captura-de-ecra-2026-06-04-as-18.37.11.png","datePublished":"2026-06-08T06:20:00+00:00","description":"Museu Zer0 Inaugura \"lugar-depois\" Nova Exposi\u00e7\u00e3o Redefine Territ\u00f3rio, Mem\u00f3ria e o Futuro da Arte Cultura","breadcrumb":{"@id":"https:\/\/algarve7.pt\/index.php\/2026\/06\/museu-zer0-inaugura-lugar-depois-nova-exposicao-redefine-territorio-memoria-e-o-futuro-da-arte\/cultura\/07\/20\/#breadcrumb"},"inLanguage":"pt-PT","potentialAction":[{"@type":"ReadAction","target":["https:\/\/algarve7.pt\/index.php\/2026\/06\/museu-zer0-inaugura-lugar-depois-nova-exposicao-redefine-territorio-memoria-e-o-futuro-da-arte\/cultura\/07\/20\/"]}]},{"@type":"ImageObject","inLanguage":"pt-PT","@id":"https:\/\/algarve7.pt\/index.php\/2026\/06\/museu-zer0-inaugura-lugar-depois-nova-exposicao-redefine-territorio-memoria-e-o-futuro-da-arte\/cultura\/07\/20\/#primaryimage","url":"https:\/\/algarve7.pt\/wp-content\/uploads\/2026\/06\/Captura-de-ecra-2026-06-04-as-18.37.11.png","contentUrl":"https:\/\/algarve7.pt\/wp-content\/uploads\/2026\/06\/Captura-de-ecra-2026-06-04-as-18.37.11.png","width":800,"height":445},{"@type":"BreadcrumbList","@id":"https:\/\/algarve7.pt\/index.php\/2026\/06\/museu-zer0-inaugura-lugar-depois-nova-exposicao-redefine-territorio-memoria-e-o-futuro-da-arte\/cultura\/07\/20\/#breadcrumb","itemListElement":[{"@type":"ListItem","position":1,"name":"In\u00edcio","item":"https:\/\/algarve7.pt\/"},{"@type":"ListItem","position":2,"name":"Museu Zer0 Inaugura &#8220;lugar-depois&#8221; Nova Exposi\u00e7\u00e3o Redefine Territ\u00f3rio, Mem\u00f3ria e o Futuro da Arte"}]},{"@type":"WebSite","@id":"https:\/\/algarve7.pt\/#website","url":"https:\/\/algarve7.pt\/","name":"Algarve 7","description":"Informa\u00e7\u00e3o sobre o Algarve","publisher":{"@id":"https:\/\/algarve7.pt\/#organization"},"potentialAction":[{"@type":"SearchAction","target":{"@type":"EntryPoint","urlTemplate":"https:\/\/algarve7.pt\/?s={search_term_string}"},"query-input":{"@type":"PropertyValueSpecification","valueRequired":true,"valueName":"search_term_string"}}],"inLanguage":"pt-PT"},{"@type":"Organization","@id":"https:\/\/algarve7.pt\/#organization","name":"Algarve 7","url":"https:\/\/algarve7.pt\/","logo":{"@type":"ImageObject","inLanguage":"pt-PT","@id":"https:\/\/algarve7.pt\/#\/schema\/logo\/image\/","url":"https:\/\/algarve7.pt\/wp-content\/uploads\/2020\/10\/Logo-8.jpg","contentUrl":"https:\/\/algarve7.pt\/wp-content\/uploads\/2020\/10\/Logo-8.jpg","width":1680,"height":1186,"caption":"Algarve 7"},"image":{"@id":"https:\/\/algarve7.pt\/#\/schema\/logo\/image\/"},"sameAs":["https:\/\/www.facebook.com\/algarve7","https:\/\/x.com\/Algarvesete","https:\/\/www.instagram.com\/jornalalgarve7\/","https:\/\/www.linkedin.com\/company\/algarve7","https:\/\/www.pinterest.pt\/geral0939\/_created\/"]},{"@type":"Person","@id":"https:\/\/algarve7.pt\/#\/schema\/person\/23fa70681308e7b319a3204bcea45e0c","name":"Algarve 7","sameAs":["https:\/\/algarve7.pt","https:\/\/www.facebook.com\/algarve7"],"url":"https:\/\/algarve7.pt\/index.php\/author\/geralalgarve7-pt\/"}]}},"jetpack_publicize_connections":[],"jetpack_shortlink":"https:\/\/wp.me\/pcezmW-gqM","jetpack_sharing_enabled":true,"jetpack_featured_media_url":"https:\/\/algarve7.pt\/wp-content\/uploads\/2026\/06\/Captura-de-ecra-2026-06-04-as-18.37.11.png","_links":{"self":[{"href":"https:\/\/algarve7.pt\/index.php\/wp-json\/wp\/v2\/posts\/63164","targetHints":{"allow":["GET"]}}],"collection":[{"href":"https:\/\/algarve7.pt\/index.php\/wp-json\/wp\/v2\/posts"}],"about":[{"href":"https:\/\/algarve7.pt\/index.php\/wp-json\/wp\/v2\/types\/post"}],"author":[{"embeddable":true,"href":"https:\/\/algarve7.pt\/index.php\/wp-json\/wp\/v2\/users\/1"}],"replies":[{"embeddable":true,"href":"https:\/\/algarve7.pt\/index.php\/wp-json\/wp\/v2\/comments?post=63164"}],"version-history":[{"count":0,"href":"https:\/\/algarve7.pt\/index.php\/wp-json\/wp\/v2\/posts\/63164\/revisions"}],"wp:featuredmedia":[{"embeddable":true,"href":"https:\/\/algarve7.pt\/index.php\/wp-json\/wp\/v2\/media\/63165"}],"wp:attachment":[{"href":"https:\/\/algarve7.pt\/index.php\/wp-json\/wp\/v2\/media?parent=63164"}],"wp:term":[{"taxonomy":"category","embeddable":true,"href":"https:\/\/algarve7.pt\/index.php\/wp-json\/wp\/v2\/categories?post=63164"},{"taxonomy":"post_tag","embeddable":true,"href":"https:\/\/algarve7.pt\/index.php\/wp-json\/wp\/v2\/tags?post=63164"}],"curies":[{"name":"wp","href":"https:\/\/api.w.org\/{rel}","templated":true}]}}