{"id":6293,"date":"2021-02-23T09:48:12","date_gmt":"2021-02-23T09:48:12","guid":{"rendered":"https:\/\/algarve7.pt\/?p=6293"},"modified":"2021-02-23T09:48:17","modified_gmt":"2021-02-23T09:48:17","slug":"campanha-floresta-segura-2021-fase-de-sensibilizacao","status":"publish","type":"post","link":"https:\/\/algarve7.pt\/index.php\/2021\/02\/campanha-floresta-segura-2021-fase-de-sensibilizacao\/ambiente\/09\/48\/","title":{"rendered":"Campanha Floresta Segura 2021 \u2013 Fase de sensibiliza\u00e7\u00e3o"},"content":{"rendered":"\n<p>A Guarda Nacional Republicana (GNR) iniciou ontem, dia 22 de fevereiro, a fase de monitoriza\u00e7\u00e3o e sensibiliza\u00e7\u00e3o da Campanha Floresta Segura 2021, atrav\u00e9s do Servi\u00e7o de Prote\u00e7\u00e3o da Natureza e do Ambiente (SEPNA), da Unidade de Emerg\u00eancia, de Prote\u00e7\u00e3o e Socorro (UEPS) e dos Comandos Territoriais, para prevenir comportamentos de risco com a finalidade de garantir a seguran\u00e7a das popula\u00e7\u00f5es e do seu patrim\u00f3nio e salvaguardar o tecido florestal nacional.<\/p>\n\n\n\n<p>Esta fase, que decorrer\u00e1 previsivelmente at\u00e9 ao dia 31 de mar\u00e7o, pretende sensibilizar a popula\u00e7\u00e3o em geral, sobretudo as autarquias, agricultores, ca\u00e7adores, produtores florestais e a comunidade escolar, para o cumprimento das faixas de gest\u00e3o de combust\u00edvel em terrenos confinantes com edifica\u00e7\u00f5es e junto \u00e0 rede vi\u00e1ria e sobre o uso do fogo.<\/p>\n\n\n\n<p>No ano de 2020, a GNR, em coordena\u00e7\u00e3o com a Autoridade Nacional de Emerg\u00eancia e Prote\u00e7\u00e3o Civil (ANEPC) e o Instituto da Conserva\u00e7\u00e3o da Natureza e das Florestas (ICNF), realizou&nbsp;<strong>4 179 a\u00e7\u00f5es de sensibiliza\u00e7\u00e3o<\/strong>, que alertaram presencialmente cerca de&nbsp;<strong>60 mil pessoas<\/strong>&nbsp;para a import\u00e2ncia dos procedimentos preventivos a adotar, nomeadamente sobre o uso do fogo em queimas e queimadas, a limpeza e remo\u00e7\u00e3o de matos, a manuten\u00e7\u00e3o das faixas de gest\u00e3o de combust\u00edvel e a ado\u00e7\u00e3o de medidas de prote\u00e7\u00e3o dos aglomerados e de autoprote\u00e7\u00e3o. Para tal, destaca-se a realiza\u00e7\u00e3o de cerca de&nbsp;<strong>53 500 patrulhas<\/strong>, que percorreram mais de&nbsp;<strong>3,5 milh\u00f5es de quil\u00f3metros<\/strong>.<\/p>\n\n\n\n<p>Ap\u00f3s a fase de sensibiliza\u00e7\u00e3o, seguir-se-\u00e1 a fase de fiscaliza\u00e7\u00e3o. No ano passado, a GNR sinalizou numa primeira fase mais de&nbsp;<strong>24 mil situa\u00e7\u00f5es de incumprimento da gest\u00e3o de combust\u00edvel<\/strong>, sendo que 14 mil registaram-se em freguesias priorit\u00e1rias. Numa segunda fase, por se encontrarem ainda situa\u00e7\u00f5es de incumprimento, foram elaborados&nbsp;<strong>6 257 autos de contraordena\u00e7\u00e3o<\/strong>&nbsp;no \u00e2mbito do Decreto-lei n.\u00ba 124\/2006, de 20 de junho.<\/p>\n\n\n\n<p>No que diz respeito aos inc\u00eandios rurais, a GNR registou&nbsp;<strong>4 892 crimes de inc\u00eandio florestal<\/strong>, tendo resultado na&nbsp;<strong>deten\u00e7\u00e3o de 51 pessoas<\/strong>&nbsp;e na&nbsp;<strong>identifica\u00e7\u00e3o de outras 379<\/strong>, real\u00e7ando-se que cerca de&nbsp;<strong>23% das ocorr\u00eancias tiveram origem na realiza\u00e7\u00e3o de queimas e queimadas<\/strong>.<\/p>\n\n\n\n<p>A prote\u00e7\u00e3o de pessoas e bens, no \u00e2mbito dos inc\u00eandios rurais, continua a assumir-se como uma das prioridades da GNR, sustentada numa atua\u00e7\u00e3o preventiva, com o envolvimento de toda a popula\u00e7\u00e3o e demais entidades p\u00fablicas e privadas, na salvaguarda da vida humana e na seguran\u00e7a do patrim\u00f3nio de Portugal e dos portugueses.<\/p>\n","protected":false},"excerpt":{"rendered":"<p>A Guarda Nacional Republicana (GNR) iniciou ontem, dia 22 de fevereiro, a fase de monitoriza\u00e7\u00e3o e sensibiliza\u00e7\u00e3o da Campanha Floresta<\/p>\n","protected":false},"author":1,"featured_media":6294,"comment_status":"closed","ping_status":"open","sticky":false,"template":"","format":"standard","meta":{"colormag_page_container_layout":"default_layout","colormag_page_sidebar_layout":"default_layout","_monsterinsights_skip_tracking":false,"_monsterinsights_sitenote_active":false,"_monsterinsights_sitenote_note":"","_monsterinsights_sitenote_category":0,"jetpack_post_was_ever_published":false,"_jetpack_newsletter_access":"","_jetpack_dont_email_post_to_subs":false,"_jetpack_newsletter_tier_id":0,"_jetpack_memberships_contains_paywalled_content":false,"_jetpack_memberships_contains_paid_content":false,"footnotes":"","jetpack_publicize_message":"","jetpack_publicize_feature_enabled":true,"jetpack_social_post_already_shared":true,"jetpack_social_options":{"image_generator_settings":{"template":"highway","default_image_id":0,"font":"","enabled":false},"version":2}},"categories":[5],"tags":[32,140,98],"class_list":["post-6293","post","type-post","status-publish","format-standard","has-post-thumbnail","hentry","category-ambiente","tag-ambiente","tag-gnr","tag-nacional"],"yoast_head":"<!-- This site is optimized with the Yoast SEO plugin v27.5 - https:\/\/yoast.com\/product\/yoast-seo-wordpress\/ -->\n<title>Campanha Floresta Segura 2021 \u2013 Fase de sensibiliza\u00e7\u00e3o - Algarve 7<\/title>\n<meta name=\"description\" content=\"Campanha Floresta Segura 2021 \u2013 Fase de sensibiliza\u00e7\u00e3o Ambiente\" \/>\n<meta name=\"robots\" content=\"index, follow, max-snippet:-1, max-image-preview:large, max-video-preview:-1\" \/>\n<link rel=\"canonical\" href=\"https:\/\/algarve7.pt\/index.php\/2021\/02\/campanha-floresta-segura-2021-fase-de-sensibilizacao\/ambiente\/09\/48\/\" \/>\n<meta property=\"og:locale\" content=\"pt_PT\" \/>\n<meta property=\"og:type\" content=\"article\" \/>\n<meta property=\"og:title\" content=\"Campanha Floresta Segura 2021 \u2013 Fase de sensibiliza\u00e7\u00e3o - Algarve 7\" \/>\n<meta property=\"og:description\" content=\"Campanha Floresta Segura 2021 \u2013 Fase de sensibiliza\u00e7\u00e3o Ambiente\" \/>\n<meta property=\"og:url\" content=\"https:\/\/algarve7.pt\/index.php\/2021\/02\/campanha-floresta-segura-2021-fase-de-sensibilizacao\/ambiente\/09\/48\/\" \/>\n<meta property=\"og:site_name\" content=\"Algarve 7\" \/>\n<meta property=\"article:publisher\" content=\"https:\/\/www.facebook.com\/algarve7\" \/>\n<meta property=\"article:author\" content=\"https:\/\/www.facebook.com\/algarve7\" \/>\n<meta property=\"article:published_time\" content=\"2021-02-23T09:48:12+00:00\" \/>\n<meta property=\"article:modified_time\" content=\"2021-02-23T09:48:17+00:00\" \/>\n<meta property=\"og:image\" content=\"https:\/\/algarve7.pt\/wp-content\/uploads\/2021\/02\/FlorestaSegura21-e1614073669571.jpg\" \/>\n\t<meta property=\"og:image:width\" content=\"1024\" \/>\n\t<meta property=\"og:image:height\" content=\"563\" \/>\n\t<meta property=\"og:image:type\" content=\"image\/jpeg\" \/>\n<meta name=\"author\" content=\"Algarve 7\" \/>\n<meta name=\"twitter:card\" content=\"summary_large_image\" \/>\n<meta name=\"twitter:creator\" content=\"@Algarvesete\" \/>\n<meta name=\"twitter:site\" content=\"@Algarvesete\" \/>\n<meta name=\"twitter:label1\" content=\"Escrito por\" \/>\n\t<meta name=\"twitter:data1\" content=\"Algarve 7\" \/>\n\t<meta name=\"twitter:label2\" content=\"Tempo estimado de leitura\" \/>\n\t<meta name=\"twitter:data2\" content=\"2 minutos\" \/>\n<script type=\"application\/ld+json\" class=\"yoast-schema-graph\">{\"@context\":\"https:\\\/\\\/schema.org\",\"@graph\":[{\"@type\":\"Article\",\"@id\":\"https:\\\/\\\/algarve7.pt\\\/index.php\\\/2021\\\/02\\\/campanha-floresta-segura-2021-fase-de-sensibilizacao\\\/ambiente\\\/09\\\/48\\\/#article\",\"isPartOf\":{\"@id\":\"https:\\\/\\\/algarve7.pt\\\/index.php\\\/2021\\\/02\\\/campanha-floresta-segura-2021-fase-de-sensibilizacao\\\/ambiente\\\/09\\\/48\\\/\"},\"author\":{\"name\":\"Algarve 7\",\"@id\":\"https:\\\/\\\/algarve7.pt\\\/#\\\/schema\\\/person\\\/23fa70681308e7b319a3204bcea45e0c\"},\"headline\":\"Campanha Floresta Segura 2021 \u2013 Fase de sensibiliza\u00e7\u00e3o\",\"datePublished\":\"2021-02-23T09:48:12+00:00\",\"dateModified\":\"2021-02-23T09:48:17+00:00\",\"mainEntityOfPage\":{\"@id\":\"https:\\\/\\\/algarve7.pt\\\/index.php\\\/2021\\\/02\\\/campanha-floresta-segura-2021-fase-de-sensibilizacao\\\/ambiente\\\/09\\\/48\\\/\"},\"wordCount\":445,\"publisher\":{\"@id\":\"https:\\\/\\\/algarve7.pt\\\/#organization\"},\"image\":{\"@id\":\"https:\\\/\\\/algarve7.pt\\\/index.php\\\/2021\\\/02\\\/campanha-floresta-segura-2021-fase-de-sensibilizacao\\\/ambiente\\\/09\\\/48\\\/#primaryimage\"},\"thumbnailUrl\":\"https:\\\/\\\/algarve7.pt\\\/wp-content\\\/uploads\\\/2021\\\/02\\\/FlorestaSegura21-e1614073669571.jpg\",\"keywords\":[\"Ambiente\",\"GNR\",\"Nacional\"],\"articleSection\":[\"Ambiente\"],\"inLanguage\":\"pt-PT\"},{\"@type\":\"WebPage\",\"@id\":\"https:\\\/\\\/algarve7.pt\\\/index.php\\\/2021\\\/02\\\/campanha-floresta-segura-2021-fase-de-sensibilizacao\\\/ambiente\\\/09\\\/48\\\/\",\"url\":\"https:\\\/\\\/algarve7.pt\\\/index.php\\\/2021\\\/02\\\/campanha-floresta-segura-2021-fase-de-sensibilizacao\\\/ambiente\\\/09\\\/48\\\/\",\"name\":\"Campanha Floresta Segura 2021 \u2013 Fase de sensibiliza\u00e7\u00e3o - Algarve 7\",\"isPartOf\":{\"@id\":\"https:\\\/\\\/algarve7.pt\\\/#website\"},\"primaryImageOfPage\":{\"@id\":\"https:\\\/\\\/algarve7.pt\\\/index.php\\\/2021\\\/02\\\/campanha-floresta-segura-2021-fase-de-sensibilizacao\\\/ambiente\\\/09\\\/48\\\/#primaryimage\"},\"image\":{\"@id\":\"https:\\\/\\\/algarve7.pt\\\/index.php\\\/2021\\\/02\\\/campanha-floresta-segura-2021-fase-de-sensibilizacao\\\/ambiente\\\/09\\\/48\\\/#primaryimage\"},\"thumbnailUrl\":\"https:\\\/\\\/algarve7.pt\\\/wp-content\\\/uploads\\\/2021\\\/02\\\/FlorestaSegura21-e1614073669571.jpg\",\"datePublished\":\"2021-02-23T09:48:12+00:00\",\"dateModified\":\"2021-02-23T09:48:17+00:00\",\"description\":\"Campanha Floresta Segura 2021 \u2013 Fase de sensibiliza\u00e7\u00e3o Ambiente\",\"breadcrumb\":{\"@id\":\"https:\\\/\\\/algarve7.pt\\\/index.php\\\/2021\\\/02\\\/campanha-floresta-segura-2021-fase-de-sensibilizacao\\\/ambiente\\\/09\\\/48\\\/#breadcrumb\"},\"inLanguage\":\"pt-PT\",\"potentialAction\":[{\"@type\":\"ReadAction\",\"target\":[\"https:\\\/\\\/algarve7.pt\\\/index.php\\\/2021\\\/02\\\/campanha-floresta-segura-2021-fase-de-sensibilizacao\\\/ambiente\\\/09\\\/48\\\/\"]}]},{\"@type\":\"ImageObject\",\"inLanguage\":\"pt-PT\",\"@id\":\"https:\\\/\\\/algarve7.pt\\\/index.php\\\/2021\\\/02\\\/campanha-floresta-segura-2021-fase-de-sensibilizacao\\\/ambiente\\\/09\\\/48\\\/#primaryimage\",\"url\":\"https:\\\/\\\/algarve7.pt\\\/wp-content\\\/uploads\\\/2021\\\/02\\\/FlorestaSegura21-e1614073669571.jpg\",\"contentUrl\":\"https:\\\/\\\/algarve7.pt\\\/wp-content\\\/uploads\\\/2021\\\/02\\\/FlorestaSegura21-e1614073669571.jpg\",\"width\":1024,\"height\":563},{\"@type\":\"BreadcrumbList\",\"@id\":\"https:\\\/\\\/algarve7.pt\\\/index.php\\\/2021\\\/02\\\/campanha-floresta-segura-2021-fase-de-sensibilizacao\\\/ambiente\\\/09\\\/48\\\/#breadcrumb\",\"itemListElement\":[{\"@type\":\"ListItem\",\"position\":1,\"name\":\"In\u00edcio\",\"item\":\"https:\\\/\\\/algarve7.pt\\\/\"},{\"@type\":\"ListItem\",\"position\":2,\"name\":\"Campanha Floresta Segura 2021 \u2013 Fase de sensibiliza\u00e7\u00e3o\"}]},{\"@type\":\"WebSite\",\"@id\":\"https:\\\/\\\/algarve7.pt\\\/#website\",\"url\":\"https:\\\/\\\/algarve7.pt\\\/\",\"name\":\"Algarve 7\",\"description\":\"Informa\u00e7\u00e3o sobre o Algarve\",\"publisher\":{\"@id\":\"https:\\\/\\\/algarve7.pt\\\/#organization\"},\"potentialAction\":[{\"@type\":\"SearchAction\",\"target\":{\"@type\":\"EntryPoint\",\"urlTemplate\":\"https:\\\/\\\/algarve7.pt\\\/?s={search_term_string}\"},\"query-input\":{\"@type\":\"PropertyValueSpecification\",\"valueRequired\":true,\"valueName\":\"search_term_string\"}}],\"inLanguage\":\"pt-PT\"},{\"@type\":\"Organization\",\"@id\":\"https:\\\/\\\/algarve7.pt\\\/#organization\",\"name\":\"Algarve 7\",\"url\":\"https:\\\/\\\/algarve7.pt\\\/\",\"logo\":{\"@type\":\"ImageObject\",\"inLanguage\":\"pt-PT\",\"@id\":\"https:\\\/\\\/algarve7.pt\\\/#\\\/schema\\\/logo\\\/image\\\/\",\"url\":\"https:\\\/\\\/algarve7.pt\\\/wp-content\\\/uploads\\\/2020\\\/10\\\/Logo-8.jpg\",\"contentUrl\":\"https:\\\/\\\/algarve7.pt\\\/wp-content\\\/uploads\\\/2020\\\/10\\\/Logo-8.jpg\",\"width\":1680,\"height\":1186,\"caption\":\"Algarve 7\"},\"image\":{\"@id\":\"https:\\\/\\\/algarve7.pt\\\/#\\\/schema\\\/logo\\\/image\\\/\"},\"sameAs\":[\"https:\\\/\\\/www.facebook.com\\\/algarve7\",\"https:\\\/\\\/x.com\\\/Algarvesete\",\"https:\\\/\\\/www.instagram.com\\\/jornalalgarve7\\\/\",\"https:\\\/\\\/www.linkedin.com\\\/company\\\/algarve7\",\"https:\\\/\\\/www.pinterest.pt\\\/geral0939\\\/_created\\\/\"]},{\"@type\":\"Person\",\"@id\":\"https:\\\/\\\/algarve7.pt\\\/#\\\/schema\\\/person\\\/23fa70681308e7b319a3204bcea45e0c\",\"name\":\"Algarve 7\",\"sameAs\":[\"https:\\\/\\\/algarve7.pt\",\"https:\\\/\\\/www.facebook.com\\\/algarve7\"],\"url\":\"https:\\\/\\\/algarve7.pt\\\/index.php\\\/author\\\/geralalgarve7-pt\\\/\"}]}<\/script>\n<!-- \/ Yoast SEO plugin. -->","yoast_head_json":{"title":"Campanha Floresta Segura 2021 \u2013 Fase de sensibiliza\u00e7\u00e3o - Algarve 7","description":"Campanha Floresta Segura 2021 \u2013 Fase de sensibiliza\u00e7\u00e3o Ambiente","robots":{"index":"index","follow":"follow","max-snippet":"max-snippet:-1","max-image-preview":"max-image-preview:large","max-video-preview":"max-video-preview:-1"},"canonical":"https:\/\/algarve7.pt\/index.php\/2021\/02\/campanha-floresta-segura-2021-fase-de-sensibilizacao\/ambiente\/09\/48\/","og_locale":"pt_PT","og_type":"article","og_title":"Campanha Floresta Segura 2021 \u2013 Fase de sensibiliza\u00e7\u00e3o - Algarve 7","og_description":"Campanha Floresta Segura 2021 \u2013 Fase de sensibiliza\u00e7\u00e3o Ambiente","og_url":"https:\/\/algarve7.pt\/index.php\/2021\/02\/campanha-floresta-segura-2021-fase-de-sensibilizacao\/ambiente\/09\/48\/","og_site_name":"Algarve 7","article_publisher":"https:\/\/www.facebook.com\/algarve7","article_author":"https:\/\/www.facebook.com\/algarve7","article_published_time":"2021-02-23T09:48:12+00:00","article_modified_time":"2021-02-23T09:48:17+00:00","og_image":[{"width":1024,"height":563,"url":"https:\/\/algarve7.pt\/wp-content\/uploads\/2021\/02\/FlorestaSegura21-e1614073669571.jpg","type":"image\/jpeg"}],"author":"Algarve 7","twitter_card":"summary_large_image","twitter_creator":"@Algarvesete","twitter_site":"@Algarvesete","twitter_misc":{"Escrito por":"Algarve 7","Tempo estimado de leitura":"2 minutos"},"schema":{"@context":"https:\/\/schema.org","@graph":[{"@type":"Article","@id":"https:\/\/algarve7.pt\/index.php\/2021\/02\/campanha-floresta-segura-2021-fase-de-sensibilizacao\/ambiente\/09\/48\/#article","isPartOf":{"@id":"https:\/\/algarve7.pt\/index.php\/2021\/02\/campanha-floresta-segura-2021-fase-de-sensibilizacao\/ambiente\/09\/48\/"},"author":{"name":"Algarve 7","@id":"https:\/\/algarve7.pt\/#\/schema\/person\/23fa70681308e7b319a3204bcea45e0c"},"headline":"Campanha Floresta Segura 2021 \u2013 Fase de sensibiliza\u00e7\u00e3o","datePublished":"2021-02-23T09:48:12+00:00","dateModified":"2021-02-23T09:48:17+00:00","mainEntityOfPage":{"@id":"https:\/\/algarve7.pt\/index.php\/2021\/02\/campanha-floresta-segura-2021-fase-de-sensibilizacao\/ambiente\/09\/48\/"},"wordCount":445,"publisher":{"@id":"https:\/\/algarve7.pt\/#organization"},"image":{"@id":"https:\/\/algarve7.pt\/index.php\/2021\/02\/campanha-floresta-segura-2021-fase-de-sensibilizacao\/ambiente\/09\/48\/#primaryimage"},"thumbnailUrl":"https:\/\/algarve7.pt\/wp-content\/uploads\/2021\/02\/FlorestaSegura21-e1614073669571.jpg","keywords":["Ambiente","GNR","Nacional"],"articleSection":["Ambiente"],"inLanguage":"pt-PT"},{"@type":"WebPage","@id":"https:\/\/algarve7.pt\/index.php\/2021\/02\/campanha-floresta-segura-2021-fase-de-sensibilizacao\/ambiente\/09\/48\/","url":"https:\/\/algarve7.pt\/index.php\/2021\/02\/campanha-floresta-segura-2021-fase-de-sensibilizacao\/ambiente\/09\/48\/","name":"Campanha Floresta Segura 2021 \u2013 Fase de sensibiliza\u00e7\u00e3o - Algarve 7","isPartOf":{"@id":"https:\/\/algarve7.pt\/#website"},"primaryImageOfPage":{"@id":"https:\/\/algarve7.pt\/index.php\/2021\/02\/campanha-floresta-segura-2021-fase-de-sensibilizacao\/ambiente\/09\/48\/#primaryimage"},"image":{"@id":"https:\/\/algarve7.pt\/index.php\/2021\/02\/campanha-floresta-segura-2021-fase-de-sensibilizacao\/ambiente\/09\/48\/#primaryimage"},"thumbnailUrl":"https:\/\/algarve7.pt\/wp-content\/uploads\/2021\/02\/FlorestaSegura21-e1614073669571.jpg","datePublished":"2021-02-23T09:48:12+00:00","dateModified":"2021-02-23T09:48:17+00:00","description":"Campanha Floresta Segura 2021 \u2013 Fase de sensibiliza\u00e7\u00e3o Ambiente","breadcrumb":{"@id":"https:\/\/algarve7.pt\/index.php\/2021\/02\/campanha-floresta-segura-2021-fase-de-sensibilizacao\/ambiente\/09\/48\/#breadcrumb"},"inLanguage":"pt-PT","potentialAction":[{"@type":"ReadAction","target":["https:\/\/algarve7.pt\/index.php\/2021\/02\/campanha-floresta-segura-2021-fase-de-sensibilizacao\/ambiente\/09\/48\/"]}]},{"@type":"ImageObject","inLanguage":"pt-PT","@id":"https:\/\/algarve7.pt\/index.php\/2021\/02\/campanha-floresta-segura-2021-fase-de-sensibilizacao\/ambiente\/09\/48\/#primaryimage","url":"https:\/\/algarve7.pt\/wp-content\/uploads\/2021\/02\/FlorestaSegura21-e1614073669571.jpg","contentUrl":"https:\/\/algarve7.pt\/wp-content\/uploads\/2021\/02\/FlorestaSegura21-e1614073669571.jpg","width":1024,"height":563},{"@type":"BreadcrumbList","@id":"https:\/\/algarve7.pt\/index.php\/2021\/02\/campanha-floresta-segura-2021-fase-de-sensibilizacao\/ambiente\/09\/48\/#breadcrumb","itemListElement":[{"@type":"ListItem","position":1,"name":"In\u00edcio","item":"https:\/\/algarve7.pt\/"},{"@type":"ListItem","position":2,"name":"Campanha Floresta Segura 2021 \u2013 Fase de sensibiliza\u00e7\u00e3o"}]},{"@type":"WebSite","@id":"https:\/\/algarve7.pt\/#website","url":"https:\/\/algarve7.pt\/","name":"Algarve 7","description":"Informa\u00e7\u00e3o sobre o Algarve","publisher":{"@id":"https:\/\/algarve7.pt\/#organization"},"potentialAction":[{"@type":"SearchAction","target":{"@type":"EntryPoint","urlTemplate":"https:\/\/algarve7.pt\/?s={search_term_string}"},"query-input":{"@type":"PropertyValueSpecification","valueRequired":true,"valueName":"search_term_string"}}],"inLanguage":"pt-PT"},{"@type":"Organization","@id":"https:\/\/algarve7.pt\/#organization","name":"Algarve 7","url":"https:\/\/algarve7.pt\/","logo":{"@type":"ImageObject","inLanguage":"pt-PT","@id":"https:\/\/algarve7.pt\/#\/schema\/logo\/image\/","url":"https:\/\/algarve7.pt\/wp-content\/uploads\/2020\/10\/Logo-8.jpg","contentUrl":"https:\/\/algarve7.pt\/wp-content\/uploads\/2020\/10\/Logo-8.jpg","width":1680,"height":1186,"caption":"Algarve 7"},"image":{"@id":"https:\/\/algarve7.pt\/#\/schema\/logo\/image\/"},"sameAs":["https:\/\/www.facebook.com\/algarve7","https:\/\/x.com\/Algarvesete","https:\/\/www.instagram.com\/jornalalgarve7\/","https:\/\/www.linkedin.com\/company\/algarve7","https:\/\/www.pinterest.pt\/geral0939\/_created\/"]},{"@type":"Person","@id":"https:\/\/algarve7.pt\/#\/schema\/person\/23fa70681308e7b319a3204bcea45e0c","name":"Algarve 7","sameAs":["https:\/\/algarve7.pt","https:\/\/www.facebook.com\/algarve7"],"url":"https:\/\/algarve7.pt\/index.php\/author\/geralalgarve7-pt\/"}]}},"jetpack_publicize_connections":[],"jetpack_featured_media_url":"https:\/\/algarve7.pt\/wp-content\/uploads\/2021\/02\/FlorestaSegura21-e1614073669571.jpg","jetpack_shortlink":"https:\/\/wp.me\/pcezmW-1Dv","jetpack_sharing_enabled":true,"_links":{"self":[{"href":"https:\/\/algarve7.pt\/index.php\/wp-json\/wp\/v2\/posts\/6293","targetHints":{"allow":["GET"]}}],"collection":[{"href":"https:\/\/algarve7.pt\/index.php\/wp-json\/wp\/v2\/posts"}],"about":[{"href":"https:\/\/algarve7.pt\/index.php\/wp-json\/wp\/v2\/types\/post"}],"author":[{"embeddable":true,"href":"https:\/\/algarve7.pt\/index.php\/wp-json\/wp\/v2\/users\/1"}],"replies":[{"embeddable":true,"href":"https:\/\/algarve7.pt\/index.php\/wp-json\/wp\/v2\/comments?post=6293"}],"version-history":[{"count":0,"href":"https:\/\/algarve7.pt\/index.php\/wp-json\/wp\/v2\/posts\/6293\/revisions"}],"wp:featuredmedia":[{"embeddable":true,"href":"https:\/\/algarve7.pt\/index.php\/wp-json\/wp\/v2\/media\/6294"}],"wp:attachment":[{"href":"https:\/\/algarve7.pt\/index.php\/wp-json\/wp\/v2\/media?parent=6293"}],"wp:term":[{"taxonomy":"category","embeddable":true,"href":"https:\/\/algarve7.pt\/index.php\/wp-json\/wp\/v2\/categories?post=6293"},{"taxonomy":"post_tag","embeddable":true,"href":"https:\/\/algarve7.pt\/index.php\/wp-json\/wp\/v2\/tags?post=6293"}],"curies":[{"name":"wp","href":"https:\/\/api.w.org\/{rel}","templated":true}]}}