{"id":61849,"date":"2026-05-03T10:09:56","date_gmt":"2026-05-03T09:09:56","guid":{"rendered":"https:\/\/algarve7.pt\/?p=61849"},"modified":"2026-05-03T10:10:01","modified_gmt":"2026-05-03T09:10:01","slug":"tiago-torres-sagra-se-vice-campeao-de-pares-do-the-campus-open","status":"publish","type":"post","link":"https:\/\/algarve7.pt\/index.php\/2026\/05\/tiago-torres-sagra-se-vice-campeao-de-pares-do-the-campus-open\/desporto\/10\/09\/","title":{"rendered":"Tiago Torres sagra-se vice-campe\u00e3o de pares do The Campus Open"},"content":{"rendered":"\n<p>Tiago Torres terminou o The Campus Open como vice-campe\u00e3o de pares ao lado de John Echeverria, que este domingo discutir\u00e1 o t\u00edtulo de singulares do ITF M25 no Resort da Quinta do Lago com Lucas Poullain. Terceiros cabe\u00e7as de s\u00e9rie, Tiago Torres e John Echeverria perderam a final deste s\u00e1bado pelos parciais de 6-3 e 7-6(2) frente a Thomas Fancutt e Ajeet Rai, dois especialistas da variante que chegaram \u00e0 Quinta do Lago com o t\u00edtulo de Sharm el Sheikh (outro ITF M25) na bagagem.\u00a0<br><br>Fancutt ocupa o 1267.\u00ba lugar no ranking de pares, mas foi 107.\u00ba em dezembro de 2024, enquanto Rai est\u00e1 no 390.\u00ba posto, mas chegou a ser 222.\u00ba em junho desse ano. Os dois tenistas da Oce\u00e2nia come\u00e7aram a campanha no The Campus a derrotar Jo\u00e3o Domingues\/Diogo Marques e j\u00e1 nas meias-finais finais eliminaram Tiago Pereira (que jogou ao lado de Patrick Schoen).\u00a0<br><br>Aos 23 anos, Tiago Torres procurava o terceiro t\u00edtulo da carreira na variante de pares e o segundo com John Echeverria, parceiro com o qual estava invicto (7-0) at\u00e9 \u00e0 final deste s\u00e1bado. No ano passado, os dois triunfaram num ITF M15 em Madrid. O tenista portugu\u00eas seguir\u00e1 para Loul\u00e9, enquanto o espanhol de 24 anos ainda joga, este domingo, a final de singulares.\u00a0<br><br>Depois de eliminar dois portugueses (Guilherme Valdoleiros e Gast\u00e3o Elias) nas primeiras rondas, John Echeverria (669.\u00ba) resistiu, pelo segundo dia consecutivo, a um embate de tr\u00eas partidas: na sexta-feira afastou o terceiro cabe\u00e7a de s\u00e9rie, Olle Wallin, este s\u00e1bado o quinto, Justin Boulais (419.\u00ba). 6-4, 1-6 e 6-1 foram os parciais assinados no embate de 2h54 que abriu a jornada e que o colocou pela quinta vez numa decis\u00e3o individual \u2014 venceu as anteriores, todas em Torell\u00f3, na Catalunha. O derradeiro advers\u00e1rio ser\u00e1 Lucas Poullain (418.\u00ba), seis anos mais velho e com mais experi\u00eancia em finais (8-10), inclusive j\u00e1 com dois t\u00edtulos em Portugal: Sintra em 2019 (o primeiro da carreira) e Faro em 2023. O tenista franc\u00eas confirmou as credenciais de quarto cabe\u00e7a de s\u00e9rie ao vencer por 2-6, 6-3 e 6-1 o su\u00ed\u00e7o Patrick Schoen (781.\u00ba), que fez praticamente toda a forma\u00e7\u00e3o em solo luso antes de se mudar para Alicante, em Espanha.<\/p>\n","protected":false},"excerpt":{"rendered":"<p>Tiago Torres terminou o The Campus Open como vice-campe\u00e3o de pares ao lado de John Echeverria, que este domingo discutir\u00e1<\/p>\n","protected":false},"author":1,"featured_media":61850,"comment_status":"closed","ping_status":"closed","sticky":false,"template":"","format":"standard","meta":{"colormag_page_container_layout":"default_layout","colormag_page_sidebar_layout":"default_layout","_monsterinsights_skip_tracking":false,"_monsterinsights_sitenote_active":false,"_monsterinsights_sitenote_note":"","_monsterinsights_sitenote_category":0,"jetpack_post_was_ever_published":false,"_jetpack_newsletter_access":"","_jetpack_dont_email_post_to_subs":false,"_jetpack_newsletter_tier_id":0,"_jetpack_memberships_contains_paywalled_content":false,"_jetpack_memberships_contains_paid_content":false,"footnotes":"","jetpack_publicize_message":"","jetpack_publicize_feature_enabled":true,"jetpack_social_post_already_shared":true,"jetpack_social_options":{"image_generator_settings":{"template":"highway","default_image_id":0,"font":"","enabled":false},"version":2}},"categories":[15],"tags":[36,40,458,1252],"class_list":["post-61849","post","type-post","status-publish","format-standard","has-post-thumbnail","hentry","category-desporto","tag-algarve","tag-desporto","tag-tenis-2","tag-the-campus"],"yoast_head":"<!-- This site is optimized with the Yoast SEO plugin v27.5 - https:\/\/yoast.com\/product\/yoast-seo-wordpress\/ -->\n<title>Tiago Torres sagra-se vice-campe\u00e3o de pares do The Campus Open - Algarve 7<\/title>\n<meta name=\"description\" content=\"Tiago Torres sagra-se vice-campe\u00e3o de pares do The Campus Open Desporto\" \/>\n<meta name=\"robots\" content=\"index, follow, max-snippet:-1, max-image-preview:large, max-video-preview:-1\" \/>\n<link rel=\"canonical\" href=\"https:\/\/algarve7.pt\/index.php\/2026\/05\/tiago-torres-sagra-se-vice-campeao-de-pares-do-the-campus-open\/desporto\/10\/09\/\" \/>\n<meta property=\"og:locale\" content=\"pt_PT\" \/>\n<meta property=\"og:type\" content=\"article\" \/>\n<meta property=\"og:title\" content=\"Tiago Torres sagra-se vice-campe\u00e3o de pares do The Campus Open - Algarve 7\" \/>\n<meta property=\"og:description\" content=\"Tiago Torres sagra-se vice-campe\u00e3o de pares do The Campus Open Desporto\" \/>\n<meta property=\"og:url\" content=\"https:\/\/algarve7.pt\/index.php\/2026\/05\/tiago-torres-sagra-se-vice-campeao-de-pares-do-the-campus-open\/desporto\/10\/09\/\" \/>\n<meta property=\"og:site_name\" content=\"Algarve 7\" \/>\n<meta property=\"article:publisher\" content=\"https:\/\/www.facebook.com\/algarve7\" \/>\n<meta property=\"article:author\" content=\"https:\/\/www.facebook.com\/algarve7\" \/>\n<meta property=\"article:published_time\" content=\"2026-05-03T09:09:56+00:00\" \/>\n<meta property=\"article:modified_time\" content=\"2026-05-03T09:10:01+00:00\" \/>\n<meta property=\"og:image\" content=\"https:\/\/algarve7.pt\/wp-content\/uploads\/2026\/05\/Tiago-Torres-e-John-Echeverria-1.jpg\" \/>\n\t<meta property=\"og:image:width\" content=\"800\" \/>\n\t<meta property=\"og:image:height\" content=\"445\" \/>\n\t<meta property=\"og:image:type\" content=\"image\/jpeg\" \/>\n<meta name=\"author\" content=\"Algarve 7\" \/>\n<meta name=\"twitter:card\" content=\"summary_large_image\" \/>\n<meta name=\"twitter:creator\" content=\"@Algarvesete\" \/>\n<meta name=\"twitter:site\" content=\"@Algarvesete\" \/>\n<meta name=\"twitter:label1\" content=\"Escrito por\" \/>\n\t<meta name=\"twitter:data1\" content=\"Algarve 7\" \/>\n\t<meta name=\"twitter:label2\" content=\"Tempo estimado de leitura\" \/>\n\t<meta name=\"twitter:data2\" content=\"3 minutos\" \/>\n<script type=\"application\/ld+json\" class=\"yoast-schema-graph\">{\"@context\":\"https:\\\/\\\/schema.org\",\"@graph\":[{\"@type\":\"Article\",\"@id\":\"https:\\\/\\\/algarve7.pt\\\/index.php\\\/2026\\\/05\\\/tiago-torres-sagra-se-vice-campeao-de-pares-do-the-campus-open\\\/desporto\\\/10\\\/09\\\/#article\",\"isPartOf\":{\"@id\":\"https:\\\/\\\/algarve7.pt\\\/index.php\\\/2026\\\/05\\\/tiago-torres-sagra-se-vice-campeao-de-pares-do-the-campus-open\\\/desporto\\\/10\\\/09\\\/\"},\"author\":{\"name\":\"Algarve 7\",\"@id\":\"https:\\\/\\\/algarve7.pt\\\/#\\\/schema\\\/person\\\/23fa70681308e7b319a3204bcea45e0c\"},\"headline\":\"Tiago Torres sagra-se vice-campe\u00e3o de pares do The Campus Open\",\"datePublished\":\"2026-05-03T09:09:56+00:00\",\"dateModified\":\"2026-05-03T09:10:01+00:00\",\"mainEntityOfPage\":{\"@id\":\"https:\\\/\\\/algarve7.pt\\\/index.php\\\/2026\\\/05\\\/tiago-torres-sagra-se-vice-campeao-de-pares-do-the-campus-open\\\/desporto\\\/10\\\/09\\\/\"},\"wordCount\":388,\"publisher\":{\"@id\":\"https:\\\/\\\/algarve7.pt\\\/#organization\"},\"image\":{\"@id\":\"https:\\\/\\\/algarve7.pt\\\/index.php\\\/2026\\\/05\\\/tiago-torres-sagra-se-vice-campeao-de-pares-do-the-campus-open\\\/desporto\\\/10\\\/09\\\/#primaryimage\"},\"thumbnailUrl\":\"https:\\\/\\\/algarve7.pt\\\/wp-content\\\/uploads\\\/2026\\\/05\\\/Tiago-Torres-e-John-Echeverria-1.jpg\",\"keywords\":[\"Algarve\",\"Desporto\",\"Tenis\",\"The Campus\"],\"articleSection\":[\"Desporto\"],\"inLanguage\":\"pt-PT\"},{\"@type\":\"WebPage\",\"@id\":\"https:\\\/\\\/algarve7.pt\\\/index.php\\\/2026\\\/05\\\/tiago-torres-sagra-se-vice-campeao-de-pares-do-the-campus-open\\\/desporto\\\/10\\\/09\\\/\",\"url\":\"https:\\\/\\\/algarve7.pt\\\/index.php\\\/2026\\\/05\\\/tiago-torres-sagra-se-vice-campeao-de-pares-do-the-campus-open\\\/desporto\\\/10\\\/09\\\/\",\"name\":\"Tiago Torres sagra-se vice-campe\u00e3o de pares do The Campus Open - Algarve 7\",\"isPartOf\":{\"@id\":\"https:\\\/\\\/algarve7.pt\\\/#website\"},\"primaryImageOfPage\":{\"@id\":\"https:\\\/\\\/algarve7.pt\\\/index.php\\\/2026\\\/05\\\/tiago-torres-sagra-se-vice-campeao-de-pares-do-the-campus-open\\\/desporto\\\/10\\\/09\\\/#primaryimage\"},\"image\":{\"@id\":\"https:\\\/\\\/algarve7.pt\\\/index.php\\\/2026\\\/05\\\/tiago-torres-sagra-se-vice-campeao-de-pares-do-the-campus-open\\\/desporto\\\/10\\\/09\\\/#primaryimage\"},\"thumbnailUrl\":\"https:\\\/\\\/algarve7.pt\\\/wp-content\\\/uploads\\\/2026\\\/05\\\/Tiago-Torres-e-John-Echeverria-1.jpg\",\"datePublished\":\"2026-05-03T09:09:56+00:00\",\"dateModified\":\"2026-05-03T09:10:01+00:00\",\"description\":\"Tiago Torres sagra-se vice-campe\u00e3o de pares do The Campus Open Desporto\",\"breadcrumb\":{\"@id\":\"https:\\\/\\\/algarve7.pt\\\/index.php\\\/2026\\\/05\\\/tiago-torres-sagra-se-vice-campeao-de-pares-do-the-campus-open\\\/desporto\\\/10\\\/09\\\/#breadcrumb\"},\"inLanguage\":\"pt-PT\",\"potentialAction\":[{\"@type\":\"ReadAction\",\"target\":[\"https:\\\/\\\/algarve7.pt\\\/index.php\\\/2026\\\/05\\\/tiago-torres-sagra-se-vice-campeao-de-pares-do-the-campus-open\\\/desporto\\\/10\\\/09\\\/\"]}]},{\"@type\":\"ImageObject\",\"inLanguage\":\"pt-PT\",\"@id\":\"https:\\\/\\\/algarve7.pt\\\/index.php\\\/2026\\\/05\\\/tiago-torres-sagra-se-vice-campeao-de-pares-do-the-campus-open\\\/desporto\\\/10\\\/09\\\/#primaryimage\",\"url\":\"https:\\\/\\\/algarve7.pt\\\/wp-content\\\/uploads\\\/2026\\\/05\\\/Tiago-Torres-e-John-Echeverria-1.jpg\",\"contentUrl\":\"https:\\\/\\\/algarve7.pt\\\/wp-content\\\/uploads\\\/2026\\\/05\\\/Tiago-Torres-e-John-Echeverria-1.jpg\",\"width\":800,\"height\":445},{\"@type\":\"BreadcrumbList\",\"@id\":\"https:\\\/\\\/algarve7.pt\\\/index.php\\\/2026\\\/05\\\/tiago-torres-sagra-se-vice-campeao-de-pares-do-the-campus-open\\\/desporto\\\/10\\\/09\\\/#breadcrumb\",\"itemListElement\":[{\"@type\":\"ListItem\",\"position\":1,\"name\":\"In\u00edcio\",\"item\":\"https:\\\/\\\/algarve7.pt\\\/\"},{\"@type\":\"ListItem\",\"position\":2,\"name\":\"Tiago Torres sagra-se vice-campe\u00e3o de pares do The Campus Open\"}]},{\"@type\":\"WebSite\",\"@id\":\"https:\\\/\\\/algarve7.pt\\\/#website\",\"url\":\"https:\\\/\\\/algarve7.pt\\\/\",\"name\":\"Algarve 7\",\"description\":\"Informa\u00e7\u00e3o sobre o Algarve\",\"publisher\":{\"@id\":\"https:\\\/\\\/algarve7.pt\\\/#organization\"},\"potentialAction\":[{\"@type\":\"SearchAction\",\"target\":{\"@type\":\"EntryPoint\",\"urlTemplate\":\"https:\\\/\\\/algarve7.pt\\\/?s={search_term_string}\"},\"query-input\":{\"@type\":\"PropertyValueSpecification\",\"valueRequired\":true,\"valueName\":\"search_term_string\"}}],\"inLanguage\":\"pt-PT\"},{\"@type\":\"Organization\",\"@id\":\"https:\\\/\\\/algarve7.pt\\\/#organization\",\"name\":\"Algarve 7\",\"url\":\"https:\\\/\\\/algarve7.pt\\\/\",\"logo\":{\"@type\":\"ImageObject\",\"inLanguage\":\"pt-PT\",\"@id\":\"https:\\\/\\\/algarve7.pt\\\/#\\\/schema\\\/logo\\\/image\\\/\",\"url\":\"https:\\\/\\\/algarve7.pt\\\/wp-content\\\/uploads\\\/2020\\\/10\\\/Logo-8.jpg\",\"contentUrl\":\"https:\\\/\\\/algarve7.pt\\\/wp-content\\\/uploads\\\/2020\\\/10\\\/Logo-8.jpg\",\"width\":1680,\"height\":1186,\"caption\":\"Algarve 7\"},\"image\":{\"@id\":\"https:\\\/\\\/algarve7.pt\\\/#\\\/schema\\\/logo\\\/image\\\/\"},\"sameAs\":[\"https:\\\/\\\/www.facebook.com\\\/algarve7\",\"https:\\\/\\\/x.com\\\/Algarvesete\",\"https:\\\/\\\/www.instagram.com\\\/jornalalgarve7\\\/\",\"https:\\\/\\\/www.linkedin.com\\\/company\\\/algarve7\",\"https:\\\/\\\/www.pinterest.pt\\\/geral0939\\\/_created\\\/\"]},{\"@type\":\"Person\",\"@id\":\"https:\\\/\\\/algarve7.pt\\\/#\\\/schema\\\/person\\\/23fa70681308e7b319a3204bcea45e0c\",\"name\":\"Algarve 7\",\"sameAs\":[\"https:\\\/\\\/algarve7.pt\",\"https:\\\/\\\/www.facebook.com\\\/algarve7\"],\"url\":\"https:\\\/\\\/algarve7.pt\\\/index.php\\\/author\\\/geralalgarve7-pt\\\/\"}]}<\/script>\n<!-- \/ Yoast SEO plugin. -->","yoast_head_json":{"title":"Tiago Torres sagra-se vice-campe\u00e3o de pares do The Campus Open - Algarve 7","description":"Tiago Torres sagra-se vice-campe\u00e3o de pares do The Campus Open Desporto","robots":{"index":"index","follow":"follow","max-snippet":"max-snippet:-1","max-image-preview":"max-image-preview:large","max-video-preview":"max-video-preview:-1"},"canonical":"https:\/\/algarve7.pt\/index.php\/2026\/05\/tiago-torres-sagra-se-vice-campeao-de-pares-do-the-campus-open\/desporto\/10\/09\/","og_locale":"pt_PT","og_type":"article","og_title":"Tiago Torres sagra-se vice-campe\u00e3o de pares do The Campus Open - Algarve 7","og_description":"Tiago Torres sagra-se vice-campe\u00e3o de pares do The Campus Open Desporto","og_url":"https:\/\/algarve7.pt\/index.php\/2026\/05\/tiago-torres-sagra-se-vice-campeao-de-pares-do-the-campus-open\/desporto\/10\/09\/","og_site_name":"Algarve 7","article_publisher":"https:\/\/www.facebook.com\/algarve7","article_author":"https:\/\/www.facebook.com\/algarve7","article_published_time":"2026-05-03T09:09:56+00:00","article_modified_time":"2026-05-03T09:10:01+00:00","og_image":[{"width":800,"height":445,"url":"https:\/\/algarve7.pt\/wp-content\/uploads\/2026\/05\/Tiago-Torres-e-John-Echeverria-1.jpg","type":"image\/jpeg"}],"author":"Algarve 7","twitter_card":"summary_large_image","twitter_creator":"@Algarvesete","twitter_site":"@Algarvesete","twitter_misc":{"Escrito por":"Algarve 7","Tempo estimado de leitura":"3 minutos"},"schema":{"@context":"https:\/\/schema.org","@graph":[{"@type":"Article","@id":"https:\/\/algarve7.pt\/index.php\/2026\/05\/tiago-torres-sagra-se-vice-campeao-de-pares-do-the-campus-open\/desporto\/10\/09\/#article","isPartOf":{"@id":"https:\/\/algarve7.pt\/index.php\/2026\/05\/tiago-torres-sagra-se-vice-campeao-de-pares-do-the-campus-open\/desporto\/10\/09\/"},"author":{"name":"Algarve 7","@id":"https:\/\/algarve7.pt\/#\/schema\/person\/23fa70681308e7b319a3204bcea45e0c"},"headline":"Tiago Torres sagra-se vice-campe\u00e3o de pares do The Campus Open","datePublished":"2026-05-03T09:09:56+00:00","dateModified":"2026-05-03T09:10:01+00:00","mainEntityOfPage":{"@id":"https:\/\/algarve7.pt\/index.php\/2026\/05\/tiago-torres-sagra-se-vice-campeao-de-pares-do-the-campus-open\/desporto\/10\/09\/"},"wordCount":388,"publisher":{"@id":"https:\/\/algarve7.pt\/#organization"},"image":{"@id":"https:\/\/algarve7.pt\/index.php\/2026\/05\/tiago-torres-sagra-se-vice-campeao-de-pares-do-the-campus-open\/desporto\/10\/09\/#primaryimage"},"thumbnailUrl":"https:\/\/algarve7.pt\/wp-content\/uploads\/2026\/05\/Tiago-Torres-e-John-Echeverria-1.jpg","keywords":["Algarve","Desporto","Tenis","The Campus"],"articleSection":["Desporto"],"inLanguage":"pt-PT"},{"@type":"WebPage","@id":"https:\/\/algarve7.pt\/index.php\/2026\/05\/tiago-torres-sagra-se-vice-campeao-de-pares-do-the-campus-open\/desporto\/10\/09\/","url":"https:\/\/algarve7.pt\/index.php\/2026\/05\/tiago-torres-sagra-se-vice-campeao-de-pares-do-the-campus-open\/desporto\/10\/09\/","name":"Tiago Torres sagra-se vice-campe\u00e3o de pares do The Campus Open - Algarve 7","isPartOf":{"@id":"https:\/\/algarve7.pt\/#website"},"primaryImageOfPage":{"@id":"https:\/\/algarve7.pt\/index.php\/2026\/05\/tiago-torres-sagra-se-vice-campeao-de-pares-do-the-campus-open\/desporto\/10\/09\/#primaryimage"},"image":{"@id":"https:\/\/algarve7.pt\/index.php\/2026\/05\/tiago-torres-sagra-se-vice-campeao-de-pares-do-the-campus-open\/desporto\/10\/09\/#primaryimage"},"thumbnailUrl":"https:\/\/algarve7.pt\/wp-content\/uploads\/2026\/05\/Tiago-Torres-e-John-Echeverria-1.jpg","datePublished":"2026-05-03T09:09:56+00:00","dateModified":"2026-05-03T09:10:01+00:00","description":"Tiago Torres sagra-se vice-campe\u00e3o de pares do The Campus Open Desporto","breadcrumb":{"@id":"https:\/\/algarve7.pt\/index.php\/2026\/05\/tiago-torres-sagra-se-vice-campeao-de-pares-do-the-campus-open\/desporto\/10\/09\/#breadcrumb"},"inLanguage":"pt-PT","potentialAction":[{"@type":"ReadAction","target":["https:\/\/algarve7.pt\/index.php\/2026\/05\/tiago-torres-sagra-se-vice-campeao-de-pares-do-the-campus-open\/desporto\/10\/09\/"]}]},{"@type":"ImageObject","inLanguage":"pt-PT","@id":"https:\/\/algarve7.pt\/index.php\/2026\/05\/tiago-torres-sagra-se-vice-campeao-de-pares-do-the-campus-open\/desporto\/10\/09\/#primaryimage","url":"https:\/\/algarve7.pt\/wp-content\/uploads\/2026\/05\/Tiago-Torres-e-John-Echeverria-1.jpg","contentUrl":"https:\/\/algarve7.pt\/wp-content\/uploads\/2026\/05\/Tiago-Torres-e-John-Echeverria-1.jpg","width":800,"height":445},{"@type":"BreadcrumbList","@id":"https:\/\/algarve7.pt\/index.php\/2026\/05\/tiago-torres-sagra-se-vice-campeao-de-pares-do-the-campus-open\/desporto\/10\/09\/#breadcrumb","itemListElement":[{"@type":"ListItem","position":1,"name":"In\u00edcio","item":"https:\/\/algarve7.pt\/"},{"@type":"ListItem","position":2,"name":"Tiago Torres sagra-se vice-campe\u00e3o de pares do The Campus Open"}]},{"@type":"WebSite","@id":"https:\/\/algarve7.pt\/#website","url":"https:\/\/algarve7.pt\/","name":"Algarve 7","description":"Informa\u00e7\u00e3o sobre o Algarve","publisher":{"@id":"https:\/\/algarve7.pt\/#organization"},"potentialAction":[{"@type":"SearchAction","target":{"@type":"EntryPoint","urlTemplate":"https:\/\/algarve7.pt\/?s={search_term_string}"},"query-input":{"@type":"PropertyValueSpecification","valueRequired":true,"valueName":"search_term_string"}}],"inLanguage":"pt-PT"},{"@type":"Organization","@id":"https:\/\/algarve7.pt\/#organization","name":"Algarve 7","url":"https:\/\/algarve7.pt\/","logo":{"@type":"ImageObject","inLanguage":"pt-PT","@id":"https:\/\/algarve7.pt\/#\/schema\/logo\/image\/","url":"https:\/\/algarve7.pt\/wp-content\/uploads\/2020\/10\/Logo-8.jpg","contentUrl":"https:\/\/algarve7.pt\/wp-content\/uploads\/2020\/10\/Logo-8.jpg","width":1680,"height":1186,"caption":"Algarve 7"},"image":{"@id":"https:\/\/algarve7.pt\/#\/schema\/logo\/image\/"},"sameAs":["https:\/\/www.facebook.com\/algarve7","https:\/\/x.com\/Algarvesete","https:\/\/www.instagram.com\/jornalalgarve7\/","https:\/\/www.linkedin.com\/company\/algarve7","https:\/\/www.pinterest.pt\/geral0939\/_created\/"]},{"@type":"Person","@id":"https:\/\/algarve7.pt\/#\/schema\/person\/23fa70681308e7b319a3204bcea45e0c","name":"Algarve 7","sameAs":["https:\/\/algarve7.pt","https:\/\/www.facebook.com\/algarve7"],"url":"https:\/\/algarve7.pt\/index.php\/author\/geralalgarve7-pt\/"}]}},"jetpack_publicize_connections":[],"jetpack_featured_media_url":"https:\/\/algarve7.pt\/wp-content\/uploads\/2026\/05\/Tiago-Torres-e-John-Echeverria-1.jpg","jetpack_shortlink":"https:\/\/wp.me\/pcezmW-g5z","jetpack_sharing_enabled":true,"_links":{"self":[{"href":"https:\/\/algarve7.pt\/index.php\/wp-json\/wp\/v2\/posts\/61849","targetHints":{"allow":["GET"]}}],"collection":[{"href":"https:\/\/algarve7.pt\/index.php\/wp-json\/wp\/v2\/posts"}],"about":[{"href":"https:\/\/algarve7.pt\/index.php\/wp-json\/wp\/v2\/types\/post"}],"author":[{"embeddable":true,"href":"https:\/\/algarve7.pt\/index.php\/wp-json\/wp\/v2\/users\/1"}],"replies":[{"embeddable":true,"href":"https:\/\/algarve7.pt\/index.php\/wp-json\/wp\/v2\/comments?post=61849"}],"version-history":[{"count":1,"href":"https:\/\/algarve7.pt\/index.php\/wp-json\/wp\/v2\/posts\/61849\/revisions"}],"predecessor-version":[{"id":61851,"href":"https:\/\/algarve7.pt\/index.php\/wp-json\/wp\/v2\/posts\/61849\/revisions\/61851"}],"wp:featuredmedia":[{"embeddable":true,"href":"https:\/\/algarve7.pt\/index.php\/wp-json\/wp\/v2\/media\/61850"}],"wp:attachment":[{"href":"https:\/\/algarve7.pt\/index.php\/wp-json\/wp\/v2\/media?parent=61849"}],"wp:term":[{"taxonomy":"category","embeddable":true,"href":"https:\/\/algarve7.pt\/index.php\/wp-json\/wp\/v2\/categories?post=61849"},{"taxonomy":"post_tag","embeddable":true,"href":"https:\/\/algarve7.pt\/index.php\/wp-json\/wp\/v2\/tags?post=61849"}],"curies":[{"name":"wp","href":"https:\/\/api.w.org\/{rel}","templated":true}]}}