{"id":61837,"date":"2026-05-01T17:30:51","date_gmt":"2026-05-01T16:30:51","guid":{"rendered":"https:\/\/algarve7.pt\/?p=61837"},"modified":"2026-05-01T17:30:54","modified_gmt":"2026-05-01T16:30:54","slug":"tiago-torres-apurado-para-a-final-de-pares-do-the-campus-open","status":"publish","type":"post","link":"https:\/\/algarve7.pt\/index.php\/2026\/05\/tiago-torres-apurado-para-a-final-de-pares-do-the-campus-open\/desporto\/17\/30\/","title":{"rendered":"Tiago Torres apurado para a final de pares do The Campus Open"},"content":{"rendered":"\n<p><strong>Tiago Torres<\/strong>&nbsp;apurou-se para a final de pares do The Campus Open e vai lutar pelo primeiro t\u00edtulo da temporada no Resort da Quinta do Lago, onde&nbsp;<strong>Tiago Pereira<\/strong>&nbsp;falhou o apuramento para as meias-finais de singulares e deixou o ITF M25 sem representantes lusos na variante.<\/p>\n\n\n\n<p>Ao lado de&nbsp;<strong>John Echeverria<\/strong>, com quem defende o estatuto de terceiro cabe\u00e7a de s\u00e9rie, Tiago Torres celebrou a terceira vit\u00f3ria da semana ao aplicar os parciais de 6-3 e 6-2 ao&nbsp;polaco&nbsp;<strong>Piotr Pawlak<\/strong>&nbsp;e ao norte-americano&nbsp;<strong>Michael Zhu<\/strong>&nbsp;\u2014 que na v\u00e9spera anularam um&nbsp;<em>match point<\/em>&nbsp;contra&nbsp;<strong>Francisco Rocha<\/strong>&nbsp;e&nbsp;<strong>Justin Boulais<\/strong>.<\/p>\n\n\n\n<p>Aos 23 anos, Tiago Torres vai participar pela sexta vez numa final de pares do circuito internacional. O lisboeta tem dois t\u00edtulos (ITF M25 de Sintra e ITF M15 de Madrid, ambos em 2025) e a decis\u00e3o mais recente, j\u00e1 este ano, foi num ATP Challenger 100, terminando como vice-campe\u00e3o no Jamor com Francisco Rocha.<\/p>\n\n\n\n<p>Para conquistar o terceiro t\u00edtulo da carreira ter\u00e1 de vingar a derrota de Tiago Pereira. Ao lado de&nbsp;<strong>Patrick Schoen<\/strong>, perdeu por 6-4 e 6-2 perante o australiano&nbsp;<strong>Thomas Fancutt<\/strong>&nbsp;e o neozeland\u00eas&nbsp;<strong>Ajeet Rai<\/strong>.<\/p>\n\n\n\n<p>Antes, o algarvio de 21 anos j\u00e1 tinha sido travado nos quartos de final de singulares.<\/p>\n\n\n\n<p>\u00c0 procura das segundas meias-finais do ano, Tiago Pereira (305.\u00ba no&nbsp;<em>ranking<\/em>&nbsp;ATP e primeiro cabe\u00e7a de s\u00e9rie) ainda serviu para a vit\u00f3ria, mas n\u00e3o evitou a reviravolta de Justin Boulais (419.\u00ba), que venceu por 2-6, 7-5 e 6-2 num encontro de altos e baixos.<\/p>\n\n\n\n<p>No s\u00e1bado, a jornada abre \u00e0s 10 horas com a meia-final entre Justin Boulais e John Echeverria (669.\u00ba), que resistiu ao sueco&nbsp;<strong>Olle Wallin<\/strong>&nbsp;(403.\u00ba) e venceu por 6-2, 3-6 e 7-5 ap\u00f3s 2h28.<\/p>\n\n\n\n<p>Depois,&nbsp;<strong>Lucas Poullain<\/strong>&nbsp;(418.\u00ba) medir\u00e1 for\u00e7as com Patrick Schoen (781.\u00ba). O franc\u00eas beneficiou da desist\u00eancia do espanhol&nbsp;<strong>Rafael Izquierdo Luque<\/strong>, lesionado no ombro direito, ainda no primeiro&nbsp;<em>set<\/em>. J\u00e1 o su\u00ed\u00e7o eliminou o segundo cabe\u00e7a de s\u00e9rie,&nbsp;<strong>Florian<\/strong>&nbsp;<strong>Broska<\/strong>&nbsp;(375.\u00ba), com os parciais de 7-5 e 7-6(2).<\/p>\n","protected":false},"excerpt":{"rendered":"<p>Tiago Torres&nbsp;apurou-se para a final de pares do The Campus Open e vai lutar pelo primeiro t\u00edtulo da temporada no<\/p>\n","protected":false},"author":1,"featured_media":61838,"comment_status":"closed","ping_status":"closed","sticky":false,"template":"","format":"standard","meta":{"colormag_page_container_layout":"default_layout","colormag_page_sidebar_layout":"default_layout","_monsterinsights_skip_tracking":false,"_monsterinsights_sitenote_active":false,"_monsterinsights_sitenote_note":"","_monsterinsights_sitenote_category":0,"jetpack_post_was_ever_published":false,"_jetpack_newsletter_access":"","_jetpack_dont_email_post_to_subs":false,"_jetpack_newsletter_tier_id":0,"_jetpack_memberships_contains_paywalled_content":false,"_jetpack_memberships_contains_paid_content":false,"footnotes":"","jetpack_publicize_message":"","jetpack_publicize_feature_enabled":true,"jetpack_social_post_already_shared":true,"jetpack_social_options":{"image_generator_settings":{"template":"highway","default_image_id":0,"font":"","enabled":false},"version":2}},"categories":[15],"tags":[36,40,162,458,1252],"class_list":["post-61837","post","type-post","status-publish","format-standard","has-post-thumbnail","hentry","category-desporto","tag-algarve","tag-desporto","tag-quinta-do-lago","tag-tenis-2","tag-the-campus"],"yoast_head":"<!-- This site is optimized with the Yoast SEO plugin v27.5 - https:\/\/yoast.com\/product\/yoast-seo-wordpress\/ -->\n<title>Tiago Torres apurado para a final de pares do The Campus Open - Algarve 7<\/title>\n<meta name=\"description\" content=\"Tiago Torres apurado para a final de pares do The Campus Open Desporto\" \/>\n<meta name=\"robots\" content=\"index, follow, max-snippet:-1, max-image-preview:large, max-video-preview:-1\" \/>\n<link rel=\"canonical\" href=\"https:\/\/algarve7.pt\/index.php\/2026\/05\/tiago-torres-apurado-para-a-final-de-pares-do-the-campus-open\/desporto\/17\/30\/\" \/>\n<meta property=\"og:locale\" content=\"pt_PT\" \/>\n<meta property=\"og:type\" content=\"article\" \/>\n<meta property=\"og:title\" content=\"Tiago Torres apurado para a final de pares do The Campus Open - Algarve 7\" \/>\n<meta property=\"og:description\" content=\"Tiago Torres apurado para a final de pares do The Campus Open Desporto\" \/>\n<meta property=\"og:url\" content=\"https:\/\/algarve7.pt\/index.php\/2026\/05\/tiago-torres-apurado-para-a-final-de-pares-do-the-campus-open\/desporto\/17\/30\/\" \/>\n<meta property=\"og:site_name\" content=\"Algarve 7\" \/>\n<meta property=\"article:publisher\" content=\"https:\/\/www.facebook.com\/algarve7\" \/>\n<meta property=\"article:author\" content=\"https:\/\/www.facebook.com\/algarve7\" \/>\n<meta property=\"article:published_time\" content=\"2026-05-01T16:30:51+00:00\" \/>\n<meta property=\"article:modified_time\" content=\"2026-05-01T16:30:54+00:00\" \/>\n<meta property=\"og:image\" content=\"https:\/\/algarve7.pt\/wp-content\/uploads\/2026\/05\/Tiago-Torres-e-John-Echeverria.jpg\" \/>\n\t<meta property=\"og:image:width\" content=\"800\" \/>\n\t<meta property=\"og:image:height\" content=\"445\" \/>\n\t<meta property=\"og:image:type\" content=\"image\/jpeg\" \/>\n<meta name=\"author\" content=\"Algarve 7\" \/>\n<meta name=\"twitter:card\" content=\"summary_large_image\" \/>\n<meta name=\"twitter:creator\" content=\"@Algarvesete\" \/>\n<meta name=\"twitter:site\" content=\"@Algarvesete\" \/>\n<meta name=\"twitter:label1\" content=\"Escrito por\" \/>\n\t<meta name=\"twitter:data1\" content=\"Algarve 7\" \/>\n\t<meta name=\"twitter:label2\" content=\"Tempo estimado de leitura\" \/>\n\t<meta name=\"twitter:data2\" content=\"3 minutos\" \/>\n<script type=\"application\/ld+json\" class=\"yoast-schema-graph\">{\"@context\":\"https:\\\/\\\/schema.org\",\"@graph\":[{\"@type\":\"Article\",\"@id\":\"https:\\\/\\\/algarve7.pt\\\/index.php\\\/2026\\\/05\\\/tiago-torres-apurado-para-a-final-de-pares-do-the-campus-open\\\/desporto\\\/17\\\/30\\\/#article\",\"isPartOf\":{\"@id\":\"https:\\\/\\\/algarve7.pt\\\/index.php\\\/2026\\\/05\\\/tiago-torres-apurado-para-a-final-de-pares-do-the-campus-open\\\/desporto\\\/17\\\/30\\\/\"},\"author\":{\"name\":\"Algarve 7\",\"@id\":\"https:\\\/\\\/algarve7.pt\\\/#\\\/schema\\\/person\\\/23fa70681308e7b319a3204bcea45e0c\"},\"headline\":\"Tiago Torres apurado para a final de pares do The Campus Open\",\"datePublished\":\"2026-05-01T16:30:51+00:00\",\"dateModified\":\"2026-05-01T16:30:54+00:00\",\"mainEntityOfPage\":{\"@id\":\"https:\\\/\\\/algarve7.pt\\\/index.php\\\/2026\\\/05\\\/tiago-torres-apurado-para-a-final-de-pares-do-the-campus-open\\\/desporto\\\/17\\\/30\\\/\"},\"wordCount\":382,\"publisher\":{\"@id\":\"https:\\\/\\\/algarve7.pt\\\/#organization\"},\"image\":{\"@id\":\"https:\\\/\\\/algarve7.pt\\\/index.php\\\/2026\\\/05\\\/tiago-torres-apurado-para-a-final-de-pares-do-the-campus-open\\\/desporto\\\/17\\\/30\\\/#primaryimage\"},\"thumbnailUrl\":\"https:\\\/\\\/algarve7.pt\\\/wp-content\\\/uploads\\\/2026\\\/05\\\/Tiago-Torres-e-John-Echeverria.jpg\",\"keywords\":[\"Algarve\",\"Desporto\",\"Quinta do Lago\",\"Tenis\",\"The Campus\"],\"articleSection\":[\"Desporto\"],\"inLanguage\":\"pt-PT\"},{\"@type\":\"WebPage\",\"@id\":\"https:\\\/\\\/algarve7.pt\\\/index.php\\\/2026\\\/05\\\/tiago-torres-apurado-para-a-final-de-pares-do-the-campus-open\\\/desporto\\\/17\\\/30\\\/\",\"url\":\"https:\\\/\\\/algarve7.pt\\\/index.php\\\/2026\\\/05\\\/tiago-torres-apurado-para-a-final-de-pares-do-the-campus-open\\\/desporto\\\/17\\\/30\\\/\",\"name\":\"Tiago Torres apurado para a final de pares do The Campus Open - Algarve 7\",\"isPartOf\":{\"@id\":\"https:\\\/\\\/algarve7.pt\\\/#website\"},\"primaryImageOfPage\":{\"@id\":\"https:\\\/\\\/algarve7.pt\\\/index.php\\\/2026\\\/05\\\/tiago-torres-apurado-para-a-final-de-pares-do-the-campus-open\\\/desporto\\\/17\\\/30\\\/#primaryimage\"},\"image\":{\"@id\":\"https:\\\/\\\/algarve7.pt\\\/index.php\\\/2026\\\/05\\\/tiago-torres-apurado-para-a-final-de-pares-do-the-campus-open\\\/desporto\\\/17\\\/30\\\/#primaryimage\"},\"thumbnailUrl\":\"https:\\\/\\\/algarve7.pt\\\/wp-content\\\/uploads\\\/2026\\\/05\\\/Tiago-Torres-e-John-Echeverria.jpg\",\"datePublished\":\"2026-05-01T16:30:51+00:00\",\"dateModified\":\"2026-05-01T16:30:54+00:00\",\"description\":\"Tiago Torres apurado para a final de pares do The Campus Open Desporto\",\"breadcrumb\":{\"@id\":\"https:\\\/\\\/algarve7.pt\\\/index.php\\\/2026\\\/05\\\/tiago-torres-apurado-para-a-final-de-pares-do-the-campus-open\\\/desporto\\\/17\\\/30\\\/#breadcrumb\"},\"inLanguage\":\"pt-PT\",\"potentialAction\":[{\"@type\":\"ReadAction\",\"target\":[\"https:\\\/\\\/algarve7.pt\\\/index.php\\\/2026\\\/05\\\/tiago-torres-apurado-para-a-final-de-pares-do-the-campus-open\\\/desporto\\\/17\\\/30\\\/\"]}]},{\"@type\":\"ImageObject\",\"inLanguage\":\"pt-PT\",\"@id\":\"https:\\\/\\\/algarve7.pt\\\/index.php\\\/2026\\\/05\\\/tiago-torres-apurado-para-a-final-de-pares-do-the-campus-open\\\/desporto\\\/17\\\/30\\\/#primaryimage\",\"url\":\"https:\\\/\\\/algarve7.pt\\\/wp-content\\\/uploads\\\/2026\\\/05\\\/Tiago-Torres-e-John-Echeverria.jpg\",\"contentUrl\":\"https:\\\/\\\/algarve7.pt\\\/wp-content\\\/uploads\\\/2026\\\/05\\\/Tiago-Torres-e-John-Echeverria.jpg\",\"width\":800,\"height\":445},{\"@type\":\"BreadcrumbList\",\"@id\":\"https:\\\/\\\/algarve7.pt\\\/index.php\\\/2026\\\/05\\\/tiago-torres-apurado-para-a-final-de-pares-do-the-campus-open\\\/desporto\\\/17\\\/30\\\/#breadcrumb\",\"itemListElement\":[{\"@type\":\"ListItem\",\"position\":1,\"name\":\"In\u00edcio\",\"item\":\"https:\\\/\\\/algarve7.pt\\\/\"},{\"@type\":\"ListItem\",\"position\":2,\"name\":\"Tiago Torres apurado para a final de pares do The Campus Open\"}]},{\"@type\":\"WebSite\",\"@id\":\"https:\\\/\\\/algarve7.pt\\\/#website\",\"url\":\"https:\\\/\\\/algarve7.pt\\\/\",\"name\":\"Algarve 7\",\"description\":\"Informa\u00e7\u00e3o sobre o Algarve\",\"publisher\":{\"@id\":\"https:\\\/\\\/algarve7.pt\\\/#organization\"},\"potentialAction\":[{\"@type\":\"SearchAction\",\"target\":{\"@type\":\"EntryPoint\",\"urlTemplate\":\"https:\\\/\\\/algarve7.pt\\\/?s={search_term_string}\"},\"query-input\":{\"@type\":\"PropertyValueSpecification\",\"valueRequired\":true,\"valueName\":\"search_term_string\"}}],\"inLanguage\":\"pt-PT\"},{\"@type\":\"Organization\",\"@id\":\"https:\\\/\\\/algarve7.pt\\\/#organization\",\"name\":\"Algarve 7\",\"url\":\"https:\\\/\\\/algarve7.pt\\\/\",\"logo\":{\"@type\":\"ImageObject\",\"inLanguage\":\"pt-PT\",\"@id\":\"https:\\\/\\\/algarve7.pt\\\/#\\\/schema\\\/logo\\\/image\\\/\",\"url\":\"https:\\\/\\\/algarve7.pt\\\/wp-content\\\/uploads\\\/2020\\\/10\\\/Logo-8.jpg\",\"contentUrl\":\"https:\\\/\\\/algarve7.pt\\\/wp-content\\\/uploads\\\/2020\\\/10\\\/Logo-8.jpg\",\"width\":1680,\"height\":1186,\"caption\":\"Algarve 7\"},\"image\":{\"@id\":\"https:\\\/\\\/algarve7.pt\\\/#\\\/schema\\\/logo\\\/image\\\/\"},\"sameAs\":[\"https:\\\/\\\/www.facebook.com\\\/algarve7\",\"https:\\\/\\\/x.com\\\/Algarvesete\",\"https:\\\/\\\/www.instagram.com\\\/jornalalgarve7\\\/\",\"https:\\\/\\\/www.linkedin.com\\\/company\\\/algarve7\",\"https:\\\/\\\/www.pinterest.pt\\\/geral0939\\\/_created\\\/\"]},{\"@type\":\"Person\",\"@id\":\"https:\\\/\\\/algarve7.pt\\\/#\\\/schema\\\/person\\\/23fa70681308e7b319a3204bcea45e0c\",\"name\":\"Algarve 7\",\"sameAs\":[\"https:\\\/\\\/algarve7.pt\",\"https:\\\/\\\/www.facebook.com\\\/algarve7\"],\"url\":\"https:\\\/\\\/algarve7.pt\\\/index.php\\\/author\\\/geralalgarve7-pt\\\/\"}]}<\/script>\n<!-- \/ Yoast SEO plugin. -->","yoast_head_json":{"title":"Tiago Torres apurado para a final de pares do The Campus Open - Algarve 7","description":"Tiago Torres apurado para a final de pares do The Campus Open Desporto","robots":{"index":"index","follow":"follow","max-snippet":"max-snippet:-1","max-image-preview":"max-image-preview:large","max-video-preview":"max-video-preview:-1"},"canonical":"https:\/\/algarve7.pt\/index.php\/2026\/05\/tiago-torres-apurado-para-a-final-de-pares-do-the-campus-open\/desporto\/17\/30\/","og_locale":"pt_PT","og_type":"article","og_title":"Tiago Torres apurado para a final de pares do The Campus Open - Algarve 7","og_description":"Tiago Torres apurado para a final de pares do The Campus Open Desporto","og_url":"https:\/\/algarve7.pt\/index.php\/2026\/05\/tiago-torres-apurado-para-a-final-de-pares-do-the-campus-open\/desporto\/17\/30\/","og_site_name":"Algarve 7","article_publisher":"https:\/\/www.facebook.com\/algarve7","article_author":"https:\/\/www.facebook.com\/algarve7","article_published_time":"2026-05-01T16:30:51+00:00","article_modified_time":"2026-05-01T16:30:54+00:00","og_image":[{"width":800,"height":445,"url":"https:\/\/algarve7.pt\/wp-content\/uploads\/2026\/05\/Tiago-Torres-e-John-Echeverria.jpg","type":"image\/jpeg"}],"author":"Algarve 7","twitter_card":"summary_large_image","twitter_creator":"@Algarvesete","twitter_site":"@Algarvesete","twitter_misc":{"Escrito por":"Algarve 7","Tempo estimado de leitura":"3 minutos"},"schema":{"@context":"https:\/\/schema.org","@graph":[{"@type":"Article","@id":"https:\/\/algarve7.pt\/index.php\/2026\/05\/tiago-torres-apurado-para-a-final-de-pares-do-the-campus-open\/desporto\/17\/30\/#article","isPartOf":{"@id":"https:\/\/algarve7.pt\/index.php\/2026\/05\/tiago-torres-apurado-para-a-final-de-pares-do-the-campus-open\/desporto\/17\/30\/"},"author":{"name":"Algarve 7","@id":"https:\/\/algarve7.pt\/#\/schema\/person\/23fa70681308e7b319a3204bcea45e0c"},"headline":"Tiago Torres apurado para a final de pares do The Campus Open","datePublished":"2026-05-01T16:30:51+00:00","dateModified":"2026-05-01T16:30:54+00:00","mainEntityOfPage":{"@id":"https:\/\/algarve7.pt\/index.php\/2026\/05\/tiago-torres-apurado-para-a-final-de-pares-do-the-campus-open\/desporto\/17\/30\/"},"wordCount":382,"publisher":{"@id":"https:\/\/algarve7.pt\/#organization"},"image":{"@id":"https:\/\/algarve7.pt\/index.php\/2026\/05\/tiago-torres-apurado-para-a-final-de-pares-do-the-campus-open\/desporto\/17\/30\/#primaryimage"},"thumbnailUrl":"https:\/\/algarve7.pt\/wp-content\/uploads\/2026\/05\/Tiago-Torres-e-John-Echeverria.jpg","keywords":["Algarve","Desporto","Quinta do Lago","Tenis","The Campus"],"articleSection":["Desporto"],"inLanguage":"pt-PT"},{"@type":"WebPage","@id":"https:\/\/algarve7.pt\/index.php\/2026\/05\/tiago-torres-apurado-para-a-final-de-pares-do-the-campus-open\/desporto\/17\/30\/","url":"https:\/\/algarve7.pt\/index.php\/2026\/05\/tiago-torres-apurado-para-a-final-de-pares-do-the-campus-open\/desporto\/17\/30\/","name":"Tiago Torres apurado para a final de pares do The Campus Open - Algarve 7","isPartOf":{"@id":"https:\/\/algarve7.pt\/#website"},"primaryImageOfPage":{"@id":"https:\/\/algarve7.pt\/index.php\/2026\/05\/tiago-torres-apurado-para-a-final-de-pares-do-the-campus-open\/desporto\/17\/30\/#primaryimage"},"image":{"@id":"https:\/\/algarve7.pt\/index.php\/2026\/05\/tiago-torres-apurado-para-a-final-de-pares-do-the-campus-open\/desporto\/17\/30\/#primaryimage"},"thumbnailUrl":"https:\/\/algarve7.pt\/wp-content\/uploads\/2026\/05\/Tiago-Torres-e-John-Echeverria.jpg","datePublished":"2026-05-01T16:30:51+00:00","dateModified":"2026-05-01T16:30:54+00:00","description":"Tiago Torres apurado para a final de pares do The Campus Open Desporto","breadcrumb":{"@id":"https:\/\/algarve7.pt\/index.php\/2026\/05\/tiago-torres-apurado-para-a-final-de-pares-do-the-campus-open\/desporto\/17\/30\/#breadcrumb"},"inLanguage":"pt-PT","potentialAction":[{"@type":"ReadAction","target":["https:\/\/algarve7.pt\/index.php\/2026\/05\/tiago-torres-apurado-para-a-final-de-pares-do-the-campus-open\/desporto\/17\/30\/"]}]},{"@type":"ImageObject","inLanguage":"pt-PT","@id":"https:\/\/algarve7.pt\/index.php\/2026\/05\/tiago-torres-apurado-para-a-final-de-pares-do-the-campus-open\/desporto\/17\/30\/#primaryimage","url":"https:\/\/algarve7.pt\/wp-content\/uploads\/2026\/05\/Tiago-Torres-e-John-Echeverria.jpg","contentUrl":"https:\/\/algarve7.pt\/wp-content\/uploads\/2026\/05\/Tiago-Torres-e-John-Echeverria.jpg","width":800,"height":445},{"@type":"BreadcrumbList","@id":"https:\/\/algarve7.pt\/index.php\/2026\/05\/tiago-torres-apurado-para-a-final-de-pares-do-the-campus-open\/desporto\/17\/30\/#breadcrumb","itemListElement":[{"@type":"ListItem","position":1,"name":"In\u00edcio","item":"https:\/\/algarve7.pt\/"},{"@type":"ListItem","position":2,"name":"Tiago Torres apurado para a final de pares do The Campus Open"}]},{"@type":"WebSite","@id":"https:\/\/algarve7.pt\/#website","url":"https:\/\/algarve7.pt\/","name":"Algarve 7","description":"Informa\u00e7\u00e3o sobre o Algarve","publisher":{"@id":"https:\/\/algarve7.pt\/#organization"},"potentialAction":[{"@type":"SearchAction","target":{"@type":"EntryPoint","urlTemplate":"https:\/\/algarve7.pt\/?s={search_term_string}"},"query-input":{"@type":"PropertyValueSpecification","valueRequired":true,"valueName":"search_term_string"}}],"inLanguage":"pt-PT"},{"@type":"Organization","@id":"https:\/\/algarve7.pt\/#organization","name":"Algarve 7","url":"https:\/\/algarve7.pt\/","logo":{"@type":"ImageObject","inLanguage":"pt-PT","@id":"https:\/\/algarve7.pt\/#\/schema\/logo\/image\/","url":"https:\/\/algarve7.pt\/wp-content\/uploads\/2020\/10\/Logo-8.jpg","contentUrl":"https:\/\/algarve7.pt\/wp-content\/uploads\/2020\/10\/Logo-8.jpg","width":1680,"height":1186,"caption":"Algarve 7"},"image":{"@id":"https:\/\/algarve7.pt\/#\/schema\/logo\/image\/"},"sameAs":["https:\/\/www.facebook.com\/algarve7","https:\/\/x.com\/Algarvesete","https:\/\/www.instagram.com\/jornalalgarve7\/","https:\/\/www.linkedin.com\/company\/algarve7","https:\/\/www.pinterest.pt\/geral0939\/_created\/"]},{"@type":"Person","@id":"https:\/\/algarve7.pt\/#\/schema\/person\/23fa70681308e7b319a3204bcea45e0c","name":"Algarve 7","sameAs":["https:\/\/algarve7.pt","https:\/\/www.facebook.com\/algarve7"],"url":"https:\/\/algarve7.pt\/index.php\/author\/geralalgarve7-pt\/"}]}},"jetpack_publicize_connections":[],"jetpack_featured_media_url":"https:\/\/algarve7.pt\/wp-content\/uploads\/2026\/05\/Tiago-Torres-e-John-Echeverria.jpg","jetpack_shortlink":"https:\/\/wp.me\/pcezmW-g5n","jetpack_sharing_enabled":true,"_links":{"self":[{"href":"https:\/\/algarve7.pt\/index.php\/wp-json\/wp\/v2\/posts\/61837","targetHints":{"allow":["GET"]}}],"collection":[{"href":"https:\/\/algarve7.pt\/index.php\/wp-json\/wp\/v2\/posts"}],"about":[{"href":"https:\/\/algarve7.pt\/index.php\/wp-json\/wp\/v2\/types\/post"}],"author":[{"embeddable":true,"href":"https:\/\/algarve7.pt\/index.php\/wp-json\/wp\/v2\/users\/1"}],"replies":[{"embeddable":true,"href":"https:\/\/algarve7.pt\/index.php\/wp-json\/wp\/v2\/comments?post=61837"}],"version-history":[{"count":0,"href":"https:\/\/algarve7.pt\/index.php\/wp-json\/wp\/v2\/posts\/61837\/revisions"}],"wp:featuredmedia":[{"embeddable":true,"href":"https:\/\/algarve7.pt\/index.php\/wp-json\/wp\/v2\/media\/61838"}],"wp:attachment":[{"href":"https:\/\/algarve7.pt\/index.php\/wp-json\/wp\/v2\/media?parent=61837"}],"wp:term":[{"taxonomy":"category","embeddable":true,"href":"https:\/\/algarve7.pt\/index.php\/wp-json\/wp\/v2\/categories?post=61837"},{"taxonomy":"post_tag","embeddable":true,"href":"https:\/\/algarve7.pt\/index.php\/wp-json\/wp\/v2\/tags?post=61837"}],"curies":[{"name":"wp","href":"https:\/\/api.w.org\/{rel}","templated":true}]}}