{"id":61831,"date":"2026-05-01T17:22:44","date_gmt":"2026-05-01T16:22:44","guid":{"rendered":"https:\/\/algarve7.pt\/?p=61831"},"modified":"2026-05-01T17:22:47","modified_gmt":"2026-05-01T16:22:47","slug":"patrimonio-arqueologico-desafias-novas-geracoes-sao-brasenses","status":"publish","type":"post","link":"https:\/\/algarve7.pt\/index.php\/2026\/05\/patrimonio-arqueologico-desafias-novas-geracoes-sao-brasenses\/educacao\/17\/22\/","title":{"rendered":"Patrim\u00f3nio Arqueol\u00f3gico desafias novas gera\u00e7\u00f5es s\u00e3o-brasenses"},"content":{"rendered":"\n<p><strong>O Munic\u00edpio de S\u00e3o Br\u00e1s de Alportel promoveu, ao longo deste ano letivo 2025\/2026, um conjunto de sess\u00f5es educativas de sensibiliza\u00e7\u00e3o para a valoriza\u00e7\u00e3o e salvaguarda do patrim\u00f3nio arqueol\u00f3gico, dirigidas aos alunos do 4.\u00ba ano do 1.\u00ba ciclo do ensino b\u00e1sico do concelho.<\/strong><\/p>\n\n\n\n<p>As sess\u00f5es, dinamizadas pela arque\u00f3loga Angelina Pereira, da C\u00e2mara Municipal, proporcionaram um enquadramento sobre o contexto hist\u00f3rico do territ\u00f3rio, destacando as vias que o atravessam desde \u00e9pocas antigas e a relev\u00e2ncia do patrim\u00f3nio arqueol\u00f3gico local. A Cal\u00e7adinha de S\u00e3o Br\u00e1s de Alportel, antiga via de origem romana e im\u00f3vel classificado de interesse p\u00fablico, constituiu o principal foco das atividades.<\/p>\n\n\n\n<p>Em contexto de sala de aula, os jovens estudantes perceberam a ordem cronol\u00f3gica da hist\u00f3ria do territ\u00f3rio e evolu\u00e7\u00e3o do concelho at\u00e9 \u00e0 atualidade. Foram igualmente apresentadas as principais etapas do trabalho arqueol\u00f3gico, desde a prospe\u00e7\u00e3o no terreno \u00e0s escava\u00e7\u00f5es e ao registo das descobertas, refor\u00e7ando a compreens\u00e3o sobre os m\u00e9todos de estudo e interpreta\u00e7\u00e3o do passado e a import\u00e2ncia da preserva\u00e7\u00e3o dos bens culturais. As sess\u00f5es inclu\u00edram ainda a observa\u00e7\u00e3o de artefactos arqueol\u00f3gicos dos per\u00edodos romano e medieval isl\u00e2mico, provenientes de trabalhos de campo, permitindo o reconhecimento de objetos do quotidiano de outras \u00e9pocas e a sua contextualiza\u00e7\u00e3o hist\u00f3rica.<\/p>\n\n\n\n<p>Este projeto integrou tamb\u00e9m uma visita ao Centro Explicativo e de Acolhimento da Cal\u00e7adinha de S\u00e3o Br\u00e1s de Alportel, onde foi abordado o papel das vias romanas \u00e0 escala regional e nacional. A visita prosseguiu no local, com a explora\u00e7\u00e3o direta da Cal\u00e7adinha e dos seus diferentes tro\u00e7os atualmente vis\u00edveis: o Tro\u00e7o A, com cerca de 100 metros, correspondente a remodela\u00e7\u00f5es do s\u00e9culo XIX, provavelmente ordenadas pelo Bispo D. Francisco Gomes do Avelar; e o Tro\u00e7o B, cujo pavimento \u00e9, muito provavelmente, de origem romana.<\/p>\n\n\n\n<p>Este projeto l\u00fadico-pedag\u00f3gico promoveu o contacto direto dos alunos com o patrim\u00f3nio arqueol\u00f3gico s\u00e3o-brasense, contribuindo para o conhecimento e valoriza\u00e7\u00e3o da identidade local e sensibiliza\u00e7\u00e3o para a sua salvaguarda atrav\u00e9s de uma abordagem pr\u00e1tica e envolvente.<\/p>\n","protected":false},"excerpt":{"rendered":"<p>O Munic\u00edpio de S\u00e3o Br\u00e1s de Alportel promoveu, ao longo deste ano letivo 2025\/2026, um conjunto de sess\u00f5es educativas de<\/p>\n","protected":false},"author":1,"featured_media":61832,"comment_status":"closed","ping_status":"closed","sticky":false,"template":"","format":"standard","meta":{"colormag_page_container_layout":"default_layout","colormag_page_sidebar_layout":"default_layout","_monsterinsights_skip_tracking":false,"_monsterinsights_sitenote_active":false,"_monsterinsights_sitenote_note":"","_monsterinsights_sitenote_category":0,"jetpack_post_was_ever_published":false,"_jetpack_newsletter_access":"","_jetpack_dont_email_post_to_subs":false,"_jetpack_newsletter_tier_id":0,"_jetpack_memberships_contains_paywalled_content":false,"_jetpack_memberships_contains_paid_content":false,"footnotes":"","jetpack_publicize_message":"","jetpack_publicize_feature_enabled":true,"jetpack_social_post_already_shared":true,"jetpack_social_options":{"image_generator_settings":{"template":"highway","default_image_id":0,"font":"","enabled":false},"version":2}},"categories":[93],"tags":[36,74,63],"class_list":["post-61831","post","type-post","status-publish","format-standard","has-post-thumbnail","hentry","category-educacao","tag-algarve","tag-educacao","tag-sao-bras-de-alportel"],"yoast_head":"<!-- This site is optimized with the Yoast SEO plugin v27.5 - https:\/\/yoast.com\/product\/yoast-seo-wordpress\/ -->\n<title>Patrim\u00f3nio Arqueol\u00f3gico desafias novas gera\u00e7\u00f5es s\u00e3o-brasenses - Algarve 7<\/title>\n<meta name=\"description\" content=\"Patrim\u00f3nio Arqueol\u00f3gico desafias novas gera\u00e7\u00f5es s\u00e3o-brasenses Educa\u00e7\u00e3o\" \/>\n<meta name=\"robots\" content=\"index, follow, max-snippet:-1, max-image-preview:large, max-video-preview:-1\" \/>\n<link rel=\"canonical\" href=\"https:\/\/algarve7.pt\/index.php\/2026\/05\/patrimonio-arqueologico-desafias-novas-geracoes-sao-brasenses\/educacao\/17\/22\/\" \/>\n<meta property=\"og:locale\" content=\"pt_PT\" \/>\n<meta property=\"og:type\" content=\"article\" \/>\n<meta property=\"og:title\" content=\"Patrim\u00f3nio Arqueol\u00f3gico desafias novas gera\u00e7\u00f5es s\u00e3o-brasenses - Algarve 7\" \/>\n<meta property=\"og:description\" content=\"Patrim\u00f3nio Arqueol\u00f3gico desafias novas gera\u00e7\u00f5es s\u00e3o-brasenses Educa\u00e7\u00e3o\" \/>\n<meta property=\"og:url\" content=\"https:\/\/algarve7.pt\/index.php\/2026\/05\/patrimonio-arqueologico-desafias-novas-geracoes-sao-brasenses\/educacao\/17\/22\/\" \/>\n<meta property=\"og:site_name\" content=\"Algarve 7\" \/>\n<meta property=\"article:publisher\" content=\"https:\/\/www.facebook.com\/algarve7\" \/>\n<meta property=\"article:author\" content=\"https:\/\/www.facebook.com\/algarve7\" \/>\n<meta property=\"article:published_time\" content=\"2026-05-01T16:22:44+00:00\" \/>\n<meta property=\"article:modified_time\" content=\"2026-05-01T16:22:47+00:00\" \/>\n<meta property=\"og:image\" content=\"https:\/\/algarve7.pt\/wp-content\/uploads\/2026\/05\/Captura-de-ecra-2026-05-01-as-17.20.33.png\" \/>\n\t<meta property=\"og:image:width\" content=\"800\" \/>\n\t<meta property=\"og:image:height\" content=\"445\" \/>\n\t<meta property=\"og:image:type\" content=\"image\/png\" \/>\n<meta name=\"author\" content=\"Algarve 7\" \/>\n<meta name=\"twitter:card\" content=\"summary_large_image\" \/>\n<meta name=\"twitter:creator\" content=\"@Algarvesete\" \/>\n<meta name=\"twitter:site\" content=\"@Algarvesete\" \/>\n<meta name=\"twitter:label1\" content=\"Escrito por\" \/>\n\t<meta name=\"twitter:data1\" content=\"Algarve 7\" \/>\n\t<meta name=\"twitter:label2\" content=\"Tempo estimado de leitura\" \/>\n\t<meta name=\"twitter:data2\" content=\"2 minutos\" \/>\n<script type=\"application\/ld+json\" class=\"yoast-schema-graph\">{\"@context\":\"https:\\\/\\\/schema.org\",\"@graph\":[{\"@type\":\"Article\",\"@id\":\"https:\\\/\\\/algarve7.pt\\\/index.php\\\/2026\\\/05\\\/patrimonio-arqueologico-desafias-novas-geracoes-sao-brasenses\\\/educacao\\\/17\\\/22\\\/#article\",\"isPartOf\":{\"@id\":\"https:\\\/\\\/algarve7.pt\\\/index.php\\\/2026\\\/05\\\/patrimonio-arqueologico-desafias-novas-geracoes-sao-brasenses\\\/educacao\\\/17\\\/22\\\/\"},\"author\":{\"name\":\"Algarve 7\",\"@id\":\"https:\\\/\\\/algarve7.pt\\\/#\\\/schema\\\/person\\\/23fa70681308e7b319a3204bcea45e0c\"},\"headline\":\"Patrim\u00f3nio Arqueol\u00f3gico desafias novas gera\u00e7\u00f5es s\u00e3o-brasenses\",\"datePublished\":\"2026-05-01T16:22:44+00:00\",\"dateModified\":\"2026-05-01T16:22:47+00:00\",\"mainEntityOfPage\":{\"@id\":\"https:\\\/\\\/algarve7.pt\\\/index.php\\\/2026\\\/05\\\/patrimonio-arqueologico-desafias-novas-geracoes-sao-brasenses\\\/educacao\\\/17\\\/22\\\/\"},\"wordCount\":390,\"publisher\":{\"@id\":\"https:\\\/\\\/algarve7.pt\\\/#organization\"},\"image\":{\"@id\":\"https:\\\/\\\/algarve7.pt\\\/index.php\\\/2026\\\/05\\\/patrimonio-arqueologico-desafias-novas-geracoes-sao-brasenses\\\/educacao\\\/17\\\/22\\\/#primaryimage\"},\"thumbnailUrl\":\"https:\\\/\\\/algarve7.pt\\\/wp-content\\\/uploads\\\/2026\\\/05\\\/Captura-de-ecra-2026-05-01-as-17.20.33.png\",\"keywords\":[\"Algarve\",\"Educa\u00e7\u00e3o\",\"S\u00e3o Br\u00e1s de Alportel\"],\"articleSection\":[\"Educa\u00e7\u00e3o\"],\"inLanguage\":\"pt-PT\"},{\"@type\":\"WebPage\",\"@id\":\"https:\\\/\\\/algarve7.pt\\\/index.php\\\/2026\\\/05\\\/patrimonio-arqueologico-desafias-novas-geracoes-sao-brasenses\\\/educacao\\\/17\\\/22\\\/\",\"url\":\"https:\\\/\\\/algarve7.pt\\\/index.php\\\/2026\\\/05\\\/patrimonio-arqueologico-desafias-novas-geracoes-sao-brasenses\\\/educacao\\\/17\\\/22\\\/\",\"name\":\"Patrim\u00f3nio Arqueol\u00f3gico desafias novas gera\u00e7\u00f5es s\u00e3o-brasenses - Algarve 7\",\"isPartOf\":{\"@id\":\"https:\\\/\\\/algarve7.pt\\\/#website\"},\"primaryImageOfPage\":{\"@id\":\"https:\\\/\\\/algarve7.pt\\\/index.php\\\/2026\\\/05\\\/patrimonio-arqueologico-desafias-novas-geracoes-sao-brasenses\\\/educacao\\\/17\\\/22\\\/#primaryimage\"},\"image\":{\"@id\":\"https:\\\/\\\/algarve7.pt\\\/index.php\\\/2026\\\/05\\\/patrimonio-arqueologico-desafias-novas-geracoes-sao-brasenses\\\/educacao\\\/17\\\/22\\\/#primaryimage\"},\"thumbnailUrl\":\"https:\\\/\\\/algarve7.pt\\\/wp-content\\\/uploads\\\/2026\\\/05\\\/Captura-de-ecra-2026-05-01-as-17.20.33.png\",\"datePublished\":\"2026-05-01T16:22:44+00:00\",\"dateModified\":\"2026-05-01T16:22:47+00:00\",\"description\":\"Patrim\u00f3nio Arqueol\u00f3gico desafias novas gera\u00e7\u00f5es s\u00e3o-brasenses Educa\u00e7\u00e3o\",\"breadcrumb\":{\"@id\":\"https:\\\/\\\/algarve7.pt\\\/index.php\\\/2026\\\/05\\\/patrimonio-arqueologico-desafias-novas-geracoes-sao-brasenses\\\/educacao\\\/17\\\/22\\\/#breadcrumb\"},\"inLanguage\":\"pt-PT\",\"potentialAction\":[{\"@type\":\"ReadAction\",\"target\":[\"https:\\\/\\\/algarve7.pt\\\/index.php\\\/2026\\\/05\\\/patrimonio-arqueologico-desafias-novas-geracoes-sao-brasenses\\\/educacao\\\/17\\\/22\\\/\"]}]},{\"@type\":\"ImageObject\",\"inLanguage\":\"pt-PT\",\"@id\":\"https:\\\/\\\/algarve7.pt\\\/index.php\\\/2026\\\/05\\\/patrimonio-arqueologico-desafias-novas-geracoes-sao-brasenses\\\/educacao\\\/17\\\/22\\\/#primaryimage\",\"url\":\"https:\\\/\\\/algarve7.pt\\\/wp-content\\\/uploads\\\/2026\\\/05\\\/Captura-de-ecra-2026-05-01-as-17.20.33.png\",\"contentUrl\":\"https:\\\/\\\/algarve7.pt\\\/wp-content\\\/uploads\\\/2026\\\/05\\\/Captura-de-ecra-2026-05-01-as-17.20.33.png\",\"width\":800,\"height\":445},{\"@type\":\"BreadcrumbList\",\"@id\":\"https:\\\/\\\/algarve7.pt\\\/index.php\\\/2026\\\/05\\\/patrimonio-arqueologico-desafias-novas-geracoes-sao-brasenses\\\/educacao\\\/17\\\/22\\\/#breadcrumb\",\"itemListElement\":[{\"@type\":\"ListItem\",\"position\":1,\"name\":\"In\u00edcio\",\"item\":\"https:\\\/\\\/algarve7.pt\\\/\"},{\"@type\":\"ListItem\",\"position\":2,\"name\":\"Patrim\u00f3nio Arqueol\u00f3gico desafias novas gera\u00e7\u00f5es s\u00e3o-brasenses\"}]},{\"@type\":\"WebSite\",\"@id\":\"https:\\\/\\\/algarve7.pt\\\/#website\",\"url\":\"https:\\\/\\\/algarve7.pt\\\/\",\"name\":\"Algarve 7\",\"description\":\"Informa\u00e7\u00e3o sobre o Algarve\",\"publisher\":{\"@id\":\"https:\\\/\\\/algarve7.pt\\\/#organization\"},\"potentialAction\":[{\"@type\":\"SearchAction\",\"target\":{\"@type\":\"EntryPoint\",\"urlTemplate\":\"https:\\\/\\\/algarve7.pt\\\/?s={search_term_string}\"},\"query-input\":{\"@type\":\"PropertyValueSpecification\",\"valueRequired\":true,\"valueName\":\"search_term_string\"}}],\"inLanguage\":\"pt-PT\"},{\"@type\":\"Organization\",\"@id\":\"https:\\\/\\\/algarve7.pt\\\/#organization\",\"name\":\"Algarve 7\",\"url\":\"https:\\\/\\\/algarve7.pt\\\/\",\"logo\":{\"@type\":\"ImageObject\",\"inLanguage\":\"pt-PT\",\"@id\":\"https:\\\/\\\/algarve7.pt\\\/#\\\/schema\\\/logo\\\/image\\\/\",\"url\":\"https:\\\/\\\/algarve7.pt\\\/wp-content\\\/uploads\\\/2020\\\/10\\\/Logo-8.jpg\",\"contentUrl\":\"https:\\\/\\\/algarve7.pt\\\/wp-content\\\/uploads\\\/2020\\\/10\\\/Logo-8.jpg\",\"width\":1680,\"height\":1186,\"caption\":\"Algarve 7\"},\"image\":{\"@id\":\"https:\\\/\\\/algarve7.pt\\\/#\\\/schema\\\/logo\\\/image\\\/\"},\"sameAs\":[\"https:\\\/\\\/www.facebook.com\\\/algarve7\",\"https:\\\/\\\/x.com\\\/Algarvesete\",\"https:\\\/\\\/www.instagram.com\\\/jornalalgarve7\\\/\",\"https:\\\/\\\/www.linkedin.com\\\/company\\\/algarve7\",\"https:\\\/\\\/www.pinterest.pt\\\/geral0939\\\/_created\\\/\"]},{\"@type\":\"Person\",\"@id\":\"https:\\\/\\\/algarve7.pt\\\/#\\\/schema\\\/person\\\/23fa70681308e7b319a3204bcea45e0c\",\"name\":\"Algarve 7\",\"sameAs\":[\"https:\\\/\\\/algarve7.pt\",\"https:\\\/\\\/www.facebook.com\\\/algarve7\"],\"url\":\"https:\\\/\\\/algarve7.pt\\\/index.php\\\/author\\\/geralalgarve7-pt\\\/\"}]}<\/script>\n<!-- \/ Yoast SEO plugin. -->","yoast_head_json":{"title":"Patrim\u00f3nio Arqueol\u00f3gico desafias novas gera\u00e7\u00f5es s\u00e3o-brasenses - Algarve 7","description":"Patrim\u00f3nio Arqueol\u00f3gico desafias novas gera\u00e7\u00f5es s\u00e3o-brasenses Educa\u00e7\u00e3o","robots":{"index":"index","follow":"follow","max-snippet":"max-snippet:-1","max-image-preview":"max-image-preview:large","max-video-preview":"max-video-preview:-1"},"canonical":"https:\/\/algarve7.pt\/index.php\/2026\/05\/patrimonio-arqueologico-desafias-novas-geracoes-sao-brasenses\/educacao\/17\/22\/","og_locale":"pt_PT","og_type":"article","og_title":"Patrim\u00f3nio Arqueol\u00f3gico desafias novas gera\u00e7\u00f5es s\u00e3o-brasenses - Algarve 7","og_description":"Patrim\u00f3nio Arqueol\u00f3gico desafias novas gera\u00e7\u00f5es s\u00e3o-brasenses Educa\u00e7\u00e3o","og_url":"https:\/\/algarve7.pt\/index.php\/2026\/05\/patrimonio-arqueologico-desafias-novas-geracoes-sao-brasenses\/educacao\/17\/22\/","og_site_name":"Algarve 7","article_publisher":"https:\/\/www.facebook.com\/algarve7","article_author":"https:\/\/www.facebook.com\/algarve7","article_published_time":"2026-05-01T16:22:44+00:00","article_modified_time":"2026-05-01T16:22:47+00:00","og_image":[{"width":800,"height":445,"url":"https:\/\/algarve7.pt\/wp-content\/uploads\/2026\/05\/Captura-de-ecra-2026-05-01-as-17.20.33.png","type":"image\/png"}],"author":"Algarve 7","twitter_card":"summary_large_image","twitter_creator":"@Algarvesete","twitter_site":"@Algarvesete","twitter_misc":{"Escrito por":"Algarve 7","Tempo estimado de leitura":"2 minutos"},"schema":{"@context":"https:\/\/schema.org","@graph":[{"@type":"Article","@id":"https:\/\/algarve7.pt\/index.php\/2026\/05\/patrimonio-arqueologico-desafias-novas-geracoes-sao-brasenses\/educacao\/17\/22\/#article","isPartOf":{"@id":"https:\/\/algarve7.pt\/index.php\/2026\/05\/patrimonio-arqueologico-desafias-novas-geracoes-sao-brasenses\/educacao\/17\/22\/"},"author":{"name":"Algarve 7","@id":"https:\/\/algarve7.pt\/#\/schema\/person\/23fa70681308e7b319a3204bcea45e0c"},"headline":"Patrim\u00f3nio Arqueol\u00f3gico desafias novas gera\u00e7\u00f5es s\u00e3o-brasenses","datePublished":"2026-05-01T16:22:44+00:00","dateModified":"2026-05-01T16:22:47+00:00","mainEntityOfPage":{"@id":"https:\/\/algarve7.pt\/index.php\/2026\/05\/patrimonio-arqueologico-desafias-novas-geracoes-sao-brasenses\/educacao\/17\/22\/"},"wordCount":390,"publisher":{"@id":"https:\/\/algarve7.pt\/#organization"},"image":{"@id":"https:\/\/algarve7.pt\/index.php\/2026\/05\/patrimonio-arqueologico-desafias-novas-geracoes-sao-brasenses\/educacao\/17\/22\/#primaryimage"},"thumbnailUrl":"https:\/\/algarve7.pt\/wp-content\/uploads\/2026\/05\/Captura-de-ecra-2026-05-01-as-17.20.33.png","keywords":["Algarve","Educa\u00e7\u00e3o","S\u00e3o Br\u00e1s de Alportel"],"articleSection":["Educa\u00e7\u00e3o"],"inLanguage":"pt-PT"},{"@type":"WebPage","@id":"https:\/\/algarve7.pt\/index.php\/2026\/05\/patrimonio-arqueologico-desafias-novas-geracoes-sao-brasenses\/educacao\/17\/22\/","url":"https:\/\/algarve7.pt\/index.php\/2026\/05\/patrimonio-arqueologico-desafias-novas-geracoes-sao-brasenses\/educacao\/17\/22\/","name":"Patrim\u00f3nio Arqueol\u00f3gico desafias novas gera\u00e7\u00f5es s\u00e3o-brasenses - Algarve 7","isPartOf":{"@id":"https:\/\/algarve7.pt\/#website"},"primaryImageOfPage":{"@id":"https:\/\/algarve7.pt\/index.php\/2026\/05\/patrimonio-arqueologico-desafias-novas-geracoes-sao-brasenses\/educacao\/17\/22\/#primaryimage"},"image":{"@id":"https:\/\/algarve7.pt\/index.php\/2026\/05\/patrimonio-arqueologico-desafias-novas-geracoes-sao-brasenses\/educacao\/17\/22\/#primaryimage"},"thumbnailUrl":"https:\/\/algarve7.pt\/wp-content\/uploads\/2026\/05\/Captura-de-ecra-2026-05-01-as-17.20.33.png","datePublished":"2026-05-01T16:22:44+00:00","dateModified":"2026-05-01T16:22:47+00:00","description":"Patrim\u00f3nio Arqueol\u00f3gico desafias novas gera\u00e7\u00f5es s\u00e3o-brasenses Educa\u00e7\u00e3o","breadcrumb":{"@id":"https:\/\/algarve7.pt\/index.php\/2026\/05\/patrimonio-arqueologico-desafias-novas-geracoes-sao-brasenses\/educacao\/17\/22\/#breadcrumb"},"inLanguage":"pt-PT","potentialAction":[{"@type":"ReadAction","target":["https:\/\/algarve7.pt\/index.php\/2026\/05\/patrimonio-arqueologico-desafias-novas-geracoes-sao-brasenses\/educacao\/17\/22\/"]}]},{"@type":"ImageObject","inLanguage":"pt-PT","@id":"https:\/\/algarve7.pt\/index.php\/2026\/05\/patrimonio-arqueologico-desafias-novas-geracoes-sao-brasenses\/educacao\/17\/22\/#primaryimage","url":"https:\/\/algarve7.pt\/wp-content\/uploads\/2026\/05\/Captura-de-ecra-2026-05-01-as-17.20.33.png","contentUrl":"https:\/\/algarve7.pt\/wp-content\/uploads\/2026\/05\/Captura-de-ecra-2026-05-01-as-17.20.33.png","width":800,"height":445},{"@type":"BreadcrumbList","@id":"https:\/\/algarve7.pt\/index.php\/2026\/05\/patrimonio-arqueologico-desafias-novas-geracoes-sao-brasenses\/educacao\/17\/22\/#breadcrumb","itemListElement":[{"@type":"ListItem","position":1,"name":"In\u00edcio","item":"https:\/\/algarve7.pt\/"},{"@type":"ListItem","position":2,"name":"Patrim\u00f3nio Arqueol\u00f3gico desafias novas gera\u00e7\u00f5es s\u00e3o-brasenses"}]},{"@type":"WebSite","@id":"https:\/\/algarve7.pt\/#website","url":"https:\/\/algarve7.pt\/","name":"Algarve 7","description":"Informa\u00e7\u00e3o sobre o Algarve","publisher":{"@id":"https:\/\/algarve7.pt\/#organization"},"potentialAction":[{"@type":"SearchAction","target":{"@type":"EntryPoint","urlTemplate":"https:\/\/algarve7.pt\/?s={search_term_string}"},"query-input":{"@type":"PropertyValueSpecification","valueRequired":true,"valueName":"search_term_string"}}],"inLanguage":"pt-PT"},{"@type":"Organization","@id":"https:\/\/algarve7.pt\/#organization","name":"Algarve 7","url":"https:\/\/algarve7.pt\/","logo":{"@type":"ImageObject","inLanguage":"pt-PT","@id":"https:\/\/algarve7.pt\/#\/schema\/logo\/image\/","url":"https:\/\/algarve7.pt\/wp-content\/uploads\/2020\/10\/Logo-8.jpg","contentUrl":"https:\/\/algarve7.pt\/wp-content\/uploads\/2020\/10\/Logo-8.jpg","width":1680,"height":1186,"caption":"Algarve 7"},"image":{"@id":"https:\/\/algarve7.pt\/#\/schema\/logo\/image\/"},"sameAs":["https:\/\/www.facebook.com\/algarve7","https:\/\/x.com\/Algarvesete","https:\/\/www.instagram.com\/jornalalgarve7\/","https:\/\/www.linkedin.com\/company\/algarve7","https:\/\/www.pinterest.pt\/geral0939\/_created\/"]},{"@type":"Person","@id":"https:\/\/algarve7.pt\/#\/schema\/person\/23fa70681308e7b319a3204bcea45e0c","name":"Algarve 7","sameAs":["https:\/\/algarve7.pt","https:\/\/www.facebook.com\/algarve7"],"url":"https:\/\/algarve7.pt\/index.php\/author\/geralalgarve7-pt\/"}]}},"jetpack_publicize_connections":[],"jetpack_featured_media_url":"https:\/\/algarve7.pt\/wp-content\/uploads\/2026\/05\/Captura-de-ecra-2026-05-01-as-17.20.33.png","jetpack_shortlink":"https:\/\/wp.me\/pcezmW-g5h","jetpack_sharing_enabled":true,"_links":{"self":[{"href":"https:\/\/algarve7.pt\/index.php\/wp-json\/wp\/v2\/posts\/61831","targetHints":{"allow":["GET"]}}],"collection":[{"href":"https:\/\/algarve7.pt\/index.php\/wp-json\/wp\/v2\/posts"}],"about":[{"href":"https:\/\/algarve7.pt\/index.php\/wp-json\/wp\/v2\/types\/post"}],"author":[{"embeddable":true,"href":"https:\/\/algarve7.pt\/index.php\/wp-json\/wp\/v2\/users\/1"}],"replies":[{"embeddable":true,"href":"https:\/\/algarve7.pt\/index.php\/wp-json\/wp\/v2\/comments?post=61831"}],"version-history":[{"count":1,"href":"https:\/\/algarve7.pt\/index.php\/wp-json\/wp\/v2\/posts\/61831\/revisions"}],"predecessor-version":[{"id":61833,"href":"https:\/\/algarve7.pt\/index.php\/wp-json\/wp\/v2\/posts\/61831\/revisions\/61833"}],"wp:featuredmedia":[{"embeddable":true,"href":"https:\/\/algarve7.pt\/index.php\/wp-json\/wp\/v2\/media\/61832"}],"wp:attachment":[{"href":"https:\/\/algarve7.pt\/index.php\/wp-json\/wp\/v2\/media?parent=61831"}],"wp:term":[{"taxonomy":"category","embeddable":true,"href":"https:\/\/algarve7.pt\/index.php\/wp-json\/wp\/v2\/categories?post=61831"},{"taxonomy":"post_tag","embeddable":true,"href":"https:\/\/algarve7.pt\/index.php\/wp-json\/wp\/v2\/tags?post=61831"}],"curies":[{"name":"wp","href":"https:\/\/api.w.org\/{rel}","templated":true}]}}