{"id":61808,"date":"2026-05-01T13:20:00","date_gmt":"2026-05-01T12:20:00","guid":{"rendered":"https:\/\/algarve7.pt\/?p=61808"},"modified":"2026-05-01T10:58:19","modified_gmt":"2026-05-01T09:58:19","slug":"laco-azul-humano-juntou-criancas-de-loule-para-alertar-para-maus-tratos-na-infancia","status":"publish","type":"post","link":"https:\/\/algarve7.pt\/index.php\/2026\/05\/laco-azul-humano-juntou-criancas-de-loule-para-alertar-para-maus-tratos-na-infancia\/atualidade\/13\/20\/","title":{"rendered":"La\u00e7o azul humano juntou crian\u00e7as de Loul\u00e9 para alertar para maus-tratos na inf\u00e2ncia"},"content":{"rendered":"\n<p>Foi o culminar de um m\u00eas de sensibiliza\u00e7\u00e3o para a preven\u00e7\u00e3o dos maus-tratos a crian\u00e7as e jovens. Um imenso la\u00e7o azul humano foi hoje formado na Pra\u00e7a da Rep\u00fablica, em frente aos Pa\u00e7os do Concelho de Loul\u00e9, constitu\u00eddo por alunos de escolas da cidade.<\/p>\n\n\n\n<p>Vestidas de azul, dezenas de&nbsp;crian\u00e7as dos agrupamentos Padre Jo\u00e3o Coelho Cabanita e Eng\u00ba Duarte Pacheco juntaram-se a este momento simb\u00f3lico, promovido pela CPCJ \u2013 Comiss\u00e3o de Prote\u00e7\u00e3o de Crian\u00e7as e Jovens de Loul\u00e9, que, al\u00e9m de ser um alerta, assumiu-se tamb\u00e9m como um compromisso de toda a comunidade para com esta problem\u00e1tica.<\/p>\n\n\n\n<p>Momentos antes, a plateia foi brindada com uma pequena encena\u00e7\u00e3o teatral protagonizada por jovens do Centro de Capacita\u00e7\u00e3o Juvenil e Desenvolvimento Comunit\u00e1rio Espa\u00e7o K, dirigidos por Mariana Teiga. Um momento que trouxe ao palco quest\u00f5es como a viol\u00eancia psicol\u00f3gica sobre as crian\u00e7as, a aus\u00eancia de afeto e aten\u00e7\u00e3o por parte dos cuidadores, muitas vezes absorvidos pelo seu trabalho e vida ocupada. A depend\u00eancia cada vez maior dos dispositivos tecnol\u00f3gicos por parte dos jovens foi tamb\u00e9m retratada nesta atua\u00e7\u00e3o.<\/p>\n\n\n\n<p>C\u00e1tia Dinis, presidente da CPCJ de Loul\u00e9, entidade promotora desta iniciativa, referiu o importante papel de todos os parceiros desta entidade, destacando \u201ca sensibilidade do Munic\u00edpio de Loul\u00e9 \u00e0s causas sociais, e em particular \u00e0s causas de prote\u00e7\u00e3o da inf\u00e2ncia\u201d.<\/p>\n\n\n\n<p>Telmo Pinto lembrou que os maus-tratos na inf\u00e2ncia constituem \u201cuma causa coletiva, para a qual todos somos respons\u00e1veis\u201d.&nbsp;<\/p>\n\n\n\n<p>\u201cProssigam os vossos os vossos sonhos, mas brinquem muito\u201d, disse Silv\u00e9rio Guerreiro, presidente da Assembleia Municipal de Loul\u00e9, dirigindo-se \u00e0 jovem plateia, lembrando que \u201ctamb\u00e9m os professores, pessoas que educam para o resto da vida, devem ser muito bem tratados\u201d.<\/p>\n\n\n\n<p>O simbolismo do la\u00e7o azul nasce quando uma av\u00f3 norte-americana decidiu amarrar uma fita azul na antena do seu carro como homenagem aos seus netos, v\u00edtimas de severos maus-tratos. Este movimento que representa a prote\u00e7\u00e3o da inf\u00e2ncia nasceu nos Estados Unidos, mas rapidamente se estendeu pelo mundo e chegou tamb\u00e9m a Portugal. Abril \u00e9, pois, o m\u00eas para a preven\u00e7\u00e3o nos maus-tratos na inf\u00e2ncia.<\/p>\n","protected":false},"excerpt":{"rendered":"<p>Foi o culminar de um m\u00eas de sensibiliza\u00e7\u00e3o para a preven\u00e7\u00e3o dos maus-tratos a crian\u00e7as e jovens. Um imenso la\u00e7o<\/p>\n","protected":false},"author":1,"featured_media":61809,"comment_status":"closed","ping_status":"closed","sticky":false,"template":"","format":"standard","meta":{"colormag_page_container_layout":"default_layout","colormag_page_sidebar_layout":"default_layout","_monsterinsights_skip_tracking":false,"_monsterinsights_sitenote_active":false,"_monsterinsights_sitenote_note":"","_monsterinsights_sitenote_category":0,"jetpack_post_was_ever_published":false,"_jetpack_newsletter_access":"","_jetpack_dont_email_post_to_subs":false,"_jetpack_newsletter_tier_id":0,"_jetpack_memberships_contains_paywalled_content":false,"_jetpack_memberships_contains_paid_content":false,"footnotes":"","jetpack_publicize_message":"","jetpack_publicize_feature_enabled":true,"jetpack_social_post_already_shared":true,"jetpack_social_options":{"image_generator_settings":{"template":"highway","default_image_id":0,"font":"","enabled":false},"version":2}},"categories":[11],"tags":[36,62,959,31],"class_list":["post-61808","post","type-post","status-publish","format-standard","has-post-thumbnail","hentry","category-atualidade","tag-algarve","tag-atualidade","tag-laco-azul","tag-loule"],"yoast_head":"<!-- This site is optimized with the Yoast SEO plugin v27.5 - https:\/\/yoast.com\/product\/yoast-seo-wordpress\/ -->\n<title>La\u00e7o azul humano juntou crian\u00e7as de Loul\u00e9 para alertar para maus-tratos na inf\u00e2ncia - Algarve 7<\/title>\n<meta name=\"description\" content=\"La\u00e7o azul humano juntou crian\u00e7as de Loul\u00e9 para alertar para maus-tratos na inf\u00e2ncia Atualidade\" \/>\n<meta name=\"robots\" content=\"index, follow, max-snippet:-1, max-image-preview:large, max-video-preview:-1\" \/>\n<link rel=\"canonical\" href=\"https:\/\/algarve7.pt\/index.php\/2026\/05\/laco-azul-humano-juntou-criancas-de-loule-para-alertar-para-maus-tratos-na-infancia\/atualidade\/13\/20\/\" \/>\n<meta property=\"og:locale\" content=\"pt_PT\" \/>\n<meta property=\"og:type\" content=\"article\" \/>\n<meta property=\"og:title\" content=\"La\u00e7o azul humano juntou crian\u00e7as de Loul\u00e9 para alertar para maus-tratos na inf\u00e2ncia - Algarve 7\" \/>\n<meta property=\"og:description\" content=\"La\u00e7o azul humano juntou crian\u00e7as de Loul\u00e9 para alertar para maus-tratos na inf\u00e2ncia Atualidade\" \/>\n<meta property=\"og:url\" content=\"https:\/\/algarve7.pt\/index.php\/2026\/05\/laco-azul-humano-juntou-criancas-de-loule-para-alertar-para-maus-tratos-na-infancia\/atualidade\/13\/20\/\" \/>\n<meta property=\"og:site_name\" content=\"Algarve 7\" \/>\n<meta property=\"article:publisher\" content=\"https:\/\/www.facebook.com\/algarve7\" \/>\n<meta property=\"article:author\" content=\"https:\/\/www.facebook.com\/algarve7\" \/>\n<meta property=\"article:published_time\" content=\"2026-05-01T12:20:00+00:00\" \/>\n<meta property=\"og:image\" content=\"https:\/\/algarve7.pt\/wp-content\/uploads\/2026\/05\/Comemoracao-do-Dia-Laco-Azul-e-m-Loule-CMLoule-Mira-3-1.jpg\" \/>\n\t<meta property=\"og:image:width\" content=\"800\" \/>\n\t<meta property=\"og:image:height\" content=\"445\" \/>\n\t<meta property=\"og:image:type\" content=\"image\/jpeg\" \/>\n<meta name=\"author\" content=\"Algarve 7\" \/>\n<meta name=\"twitter:card\" content=\"summary_large_image\" \/>\n<meta name=\"twitter:creator\" content=\"@Algarvesete\" \/>\n<meta name=\"twitter:site\" content=\"@Algarvesete\" \/>\n<meta name=\"twitter:label1\" content=\"Escrito por\" \/>\n\t<meta name=\"twitter:data1\" content=\"Algarve 7\" \/>\n\t<meta name=\"twitter:label2\" content=\"Tempo estimado de leitura\" \/>\n\t<meta name=\"twitter:data2\" content=\"3 minutos\" \/>\n<script type=\"application\/ld+json\" class=\"yoast-schema-graph\">{\"@context\":\"https:\\\/\\\/schema.org\",\"@graph\":[{\"@type\":\"Article\",\"@id\":\"https:\\\/\\\/algarve7.pt\\\/index.php\\\/2026\\\/05\\\/laco-azul-humano-juntou-criancas-de-loule-para-alertar-para-maus-tratos-na-infancia\\\/atualidade\\\/13\\\/20\\\/#article\",\"isPartOf\":{\"@id\":\"https:\\\/\\\/algarve7.pt\\\/index.php\\\/2026\\\/05\\\/laco-azul-humano-juntou-criancas-de-loule-para-alertar-para-maus-tratos-na-infancia\\\/atualidade\\\/13\\\/20\\\/\"},\"author\":{\"name\":\"Algarve 7\",\"@id\":\"https:\\\/\\\/algarve7.pt\\\/#\\\/schema\\\/person\\\/23fa70681308e7b319a3204bcea45e0c\"},\"headline\":\"La\u00e7o azul humano juntou crian\u00e7as de Loul\u00e9 para alertar para maus-tratos na inf\u00e2ncia\",\"datePublished\":\"2026-05-01T12:20:00+00:00\",\"mainEntityOfPage\":{\"@id\":\"https:\\\/\\\/algarve7.pt\\\/index.php\\\/2026\\\/05\\\/laco-azul-humano-juntou-criancas-de-loule-para-alertar-para-maus-tratos-na-infancia\\\/atualidade\\\/13\\\/20\\\/\"},\"wordCount\":400,\"publisher\":{\"@id\":\"https:\\\/\\\/algarve7.pt\\\/#organization\"},\"image\":{\"@id\":\"https:\\\/\\\/algarve7.pt\\\/index.php\\\/2026\\\/05\\\/laco-azul-humano-juntou-criancas-de-loule-para-alertar-para-maus-tratos-na-infancia\\\/atualidade\\\/13\\\/20\\\/#primaryimage\"},\"thumbnailUrl\":\"https:\\\/\\\/algarve7.pt\\\/wp-content\\\/uploads\\\/2026\\\/05\\\/Comemoracao-do-Dia-Laco-Azul-e-m-Loule-CMLoule-Mira-3-1.jpg\",\"keywords\":[\"Algarve\",\"Atualidade\",\"La\u00e7o Azul\",\"Loul\u00e9\"],\"articleSection\":[\"Atualidade\"],\"inLanguage\":\"pt-PT\"},{\"@type\":\"WebPage\",\"@id\":\"https:\\\/\\\/algarve7.pt\\\/index.php\\\/2026\\\/05\\\/laco-azul-humano-juntou-criancas-de-loule-para-alertar-para-maus-tratos-na-infancia\\\/atualidade\\\/13\\\/20\\\/\",\"url\":\"https:\\\/\\\/algarve7.pt\\\/index.php\\\/2026\\\/05\\\/laco-azul-humano-juntou-criancas-de-loule-para-alertar-para-maus-tratos-na-infancia\\\/atualidade\\\/13\\\/20\\\/\",\"name\":\"La\u00e7o azul humano juntou crian\u00e7as de Loul\u00e9 para alertar para maus-tratos na inf\u00e2ncia - Algarve 7\",\"isPartOf\":{\"@id\":\"https:\\\/\\\/algarve7.pt\\\/#website\"},\"primaryImageOfPage\":{\"@id\":\"https:\\\/\\\/algarve7.pt\\\/index.php\\\/2026\\\/05\\\/laco-azul-humano-juntou-criancas-de-loule-para-alertar-para-maus-tratos-na-infancia\\\/atualidade\\\/13\\\/20\\\/#primaryimage\"},\"image\":{\"@id\":\"https:\\\/\\\/algarve7.pt\\\/index.php\\\/2026\\\/05\\\/laco-azul-humano-juntou-criancas-de-loule-para-alertar-para-maus-tratos-na-infancia\\\/atualidade\\\/13\\\/20\\\/#primaryimage\"},\"thumbnailUrl\":\"https:\\\/\\\/algarve7.pt\\\/wp-content\\\/uploads\\\/2026\\\/05\\\/Comemoracao-do-Dia-Laco-Azul-e-m-Loule-CMLoule-Mira-3-1.jpg\",\"datePublished\":\"2026-05-01T12:20:00+00:00\",\"description\":\"La\u00e7o azul humano juntou crian\u00e7as de Loul\u00e9 para alertar para maus-tratos na inf\u00e2ncia Atualidade\",\"breadcrumb\":{\"@id\":\"https:\\\/\\\/algarve7.pt\\\/index.php\\\/2026\\\/05\\\/laco-azul-humano-juntou-criancas-de-loule-para-alertar-para-maus-tratos-na-infancia\\\/atualidade\\\/13\\\/20\\\/#breadcrumb\"},\"inLanguage\":\"pt-PT\",\"potentialAction\":[{\"@type\":\"ReadAction\",\"target\":[\"https:\\\/\\\/algarve7.pt\\\/index.php\\\/2026\\\/05\\\/laco-azul-humano-juntou-criancas-de-loule-para-alertar-para-maus-tratos-na-infancia\\\/atualidade\\\/13\\\/20\\\/\"]}]},{\"@type\":\"ImageObject\",\"inLanguage\":\"pt-PT\",\"@id\":\"https:\\\/\\\/algarve7.pt\\\/index.php\\\/2026\\\/05\\\/laco-azul-humano-juntou-criancas-de-loule-para-alertar-para-maus-tratos-na-infancia\\\/atualidade\\\/13\\\/20\\\/#primaryimage\",\"url\":\"https:\\\/\\\/algarve7.pt\\\/wp-content\\\/uploads\\\/2026\\\/05\\\/Comemoracao-do-Dia-Laco-Azul-e-m-Loule-CMLoule-Mira-3-1.jpg\",\"contentUrl\":\"https:\\\/\\\/algarve7.pt\\\/wp-content\\\/uploads\\\/2026\\\/05\\\/Comemoracao-do-Dia-Laco-Azul-e-m-Loule-CMLoule-Mira-3-1.jpg\",\"width\":800,\"height\":445},{\"@type\":\"BreadcrumbList\",\"@id\":\"https:\\\/\\\/algarve7.pt\\\/index.php\\\/2026\\\/05\\\/laco-azul-humano-juntou-criancas-de-loule-para-alertar-para-maus-tratos-na-infancia\\\/atualidade\\\/13\\\/20\\\/#breadcrumb\",\"itemListElement\":[{\"@type\":\"ListItem\",\"position\":1,\"name\":\"In\u00edcio\",\"item\":\"https:\\\/\\\/algarve7.pt\\\/\"},{\"@type\":\"ListItem\",\"position\":2,\"name\":\"La\u00e7o azul humano juntou crian\u00e7as de Loul\u00e9 para alertar para maus-tratos na inf\u00e2ncia\"}]},{\"@type\":\"WebSite\",\"@id\":\"https:\\\/\\\/algarve7.pt\\\/#website\",\"url\":\"https:\\\/\\\/algarve7.pt\\\/\",\"name\":\"Algarve 7\",\"description\":\"Informa\u00e7\u00e3o sobre o Algarve\",\"publisher\":{\"@id\":\"https:\\\/\\\/algarve7.pt\\\/#organization\"},\"potentialAction\":[{\"@type\":\"SearchAction\",\"target\":{\"@type\":\"EntryPoint\",\"urlTemplate\":\"https:\\\/\\\/algarve7.pt\\\/?s={search_term_string}\"},\"query-input\":{\"@type\":\"PropertyValueSpecification\",\"valueRequired\":true,\"valueName\":\"search_term_string\"}}],\"inLanguage\":\"pt-PT\"},{\"@type\":\"Organization\",\"@id\":\"https:\\\/\\\/algarve7.pt\\\/#organization\",\"name\":\"Algarve 7\",\"url\":\"https:\\\/\\\/algarve7.pt\\\/\",\"logo\":{\"@type\":\"ImageObject\",\"inLanguage\":\"pt-PT\",\"@id\":\"https:\\\/\\\/algarve7.pt\\\/#\\\/schema\\\/logo\\\/image\\\/\",\"url\":\"https:\\\/\\\/algarve7.pt\\\/wp-content\\\/uploads\\\/2020\\\/10\\\/Logo-8.jpg\",\"contentUrl\":\"https:\\\/\\\/algarve7.pt\\\/wp-content\\\/uploads\\\/2020\\\/10\\\/Logo-8.jpg\",\"width\":1680,\"height\":1186,\"caption\":\"Algarve 7\"},\"image\":{\"@id\":\"https:\\\/\\\/algarve7.pt\\\/#\\\/schema\\\/logo\\\/image\\\/\"},\"sameAs\":[\"https:\\\/\\\/www.facebook.com\\\/algarve7\",\"https:\\\/\\\/x.com\\\/Algarvesete\",\"https:\\\/\\\/www.instagram.com\\\/jornalalgarve7\\\/\",\"https:\\\/\\\/www.linkedin.com\\\/company\\\/algarve7\",\"https:\\\/\\\/www.pinterest.pt\\\/geral0939\\\/_created\\\/\"]},{\"@type\":\"Person\",\"@id\":\"https:\\\/\\\/algarve7.pt\\\/#\\\/schema\\\/person\\\/23fa70681308e7b319a3204bcea45e0c\",\"name\":\"Algarve 7\",\"sameAs\":[\"https:\\\/\\\/algarve7.pt\",\"https:\\\/\\\/www.facebook.com\\\/algarve7\"],\"url\":\"https:\\\/\\\/algarve7.pt\\\/index.php\\\/author\\\/geralalgarve7-pt\\\/\"}]}<\/script>\n<!-- \/ Yoast SEO plugin. -->","yoast_head_json":{"title":"La\u00e7o azul humano juntou crian\u00e7as de Loul\u00e9 para alertar para maus-tratos na inf\u00e2ncia - Algarve 7","description":"La\u00e7o azul humano juntou crian\u00e7as de Loul\u00e9 para alertar para maus-tratos na inf\u00e2ncia Atualidade","robots":{"index":"index","follow":"follow","max-snippet":"max-snippet:-1","max-image-preview":"max-image-preview:large","max-video-preview":"max-video-preview:-1"},"canonical":"https:\/\/algarve7.pt\/index.php\/2026\/05\/laco-azul-humano-juntou-criancas-de-loule-para-alertar-para-maus-tratos-na-infancia\/atualidade\/13\/20\/","og_locale":"pt_PT","og_type":"article","og_title":"La\u00e7o azul humano juntou crian\u00e7as de Loul\u00e9 para alertar para maus-tratos na inf\u00e2ncia - Algarve 7","og_description":"La\u00e7o azul humano juntou crian\u00e7as de Loul\u00e9 para alertar para maus-tratos na inf\u00e2ncia Atualidade","og_url":"https:\/\/algarve7.pt\/index.php\/2026\/05\/laco-azul-humano-juntou-criancas-de-loule-para-alertar-para-maus-tratos-na-infancia\/atualidade\/13\/20\/","og_site_name":"Algarve 7","article_publisher":"https:\/\/www.facebook.com\/algarve7","article_author":"https:\/\/www.facebook.com\/algarve7","article_published_time":"2026-05-01T12:20:00+00:00","og_image":[{"width":800,"height":445,"url":"https:\/\/algarve7.pt\/wp-content\/uploads\/2026\/05\/Comemoracao-do-Dia-Laco-Azul-e-m-Loule-CMLoule-Mira-3-1.jpg","type":"image\/jpeg"}],"author":"Algarve 7","twitter_card":"summary_large_image","twitter_creator":"@Algarvesete","twitter_site":"@Algarvesete","twitter_misc":{"Escrito por":"Algarve 7","Tempo estimado de leitura":"3 minutos"},"schema":{"@context":"https:\/\/schema.org","@graph":[{"@type":"Article","@id":"https:\/\/algarve7.pt\/index.php\/2026\/05\/laco-azul-humano-juntou-criancas-de-loule-para-alertar-para-maus-tratos-na-infancia\/atualidade\/13\/20\/#article","isPartOf":{"@id":"https:\/\/algarve7.pt\/index.php\/2026\/05\/laco-azul-humano-juntou-criancas-de-loule-para-alertar-para-maus-tratos-na-infancia\/atualidade\/13\/20\/"},"author":{"name":"Algarve 7","@id":"https:\/\/algarve7.pt\/#\/schema\/person\/23fa70681308e7b319a3204bcea45e0c"},"headline":"La\u00e7o azul humano juntou crian\u00e7as de Loul\u00e9 para alertar para maus-tratos na inf\u00e2ncia","datePublished":"2026-05-01T12:20:00+00:00","mainEntityOfPage":{"@id":"https:\/\/algarve7.pt\/index.php\/2026\/05\/laco-azul-humano-juntou-criancas-de-loule-para-alertar-para-maus-tratos-na-infancia\/atualidade\/13\/20\/"},"wordCount":400,"publisher":{"@id":"https:\/\/algarve7.pt\/#organization"},"image":{"@id":"https:\/\/algarve7.pt\/index.php\/2026\/05\/laco-azul-humano-juntou-criancas-de-loule-para-alertar-para-maus-tratos-na-infancia\/atualidade\/13\/20\/#primaryimage"},"thumbnailUrl":"https:\/\/algarve7.pt\/wp-content\/uploads\/2026\/05\/Comemoracao-do-Dia-Laco-Azul-e-m-Loule-CMLoule-Mira-3-1.jpg","keywords":["Algarve","Atualidade","La\u00e7o Azul","Loul\u00e9"],"articleSection":["Atualidade"],"inLanguage":"pt-PT"},{"@type":"WebPage","@id":"https:\/\/algarve7.pt\/index.php\/2026\/05\/laco-azul-humano-juntou-criancas-de-loule-para-alertar-para-maus-tratos-na-infancia\/atualidade\/13\/20\/","url":"https:\/\/algarve7.pt\/index.php\/2026\/05\/laco-azul-humano-juntou-criancas-de-loule-para-alertar-para-maus-tratos-na-infancia\/atualidade\/13\/20\/","name":"La\u00e7o azul humano juntou crian\u00e7as de Loul\u00e9 para alertar para maus-tratos na inf\u00e2ncia - Algarve 7","isPartOf":{"@id":"https:\/\/algarve7.pt\/#website"},"primaryImageOfPage":{"@id":"https:\/\/algarve7.pt\/index.php\/2026\/05\/laco-azul-humano-juntou-criancas-de-loule-para-alertar-para-maus-tratos-na-infancia\/atualidade\/13\/20\/#primaryimage"},"image":{"@id":"https:\/\/algarve7.pt\/index.php\/2026\/05\/laco-azul-humano-juntou-criancas-de-loule-para-alertar-para-maus-tratos-na-infancia\/atualidade\/13\/20\/#primaryimage"},"thumbnailUrl":"https:\/\/algarve7.pt\/wp-content\/uploads\/2026\/05\/Comemoracao-do-Dia-Laco-Azul-e-m-Loule-CMLoule-Mira-3-1.jpg","datePublished":"2026-05-01T12:20:00+00:00","description":"La\u00e7o azul humano juntou crian\u00e7as de Loul\u00e9 para alertar para maus-tratos na inf\u00e2ncia Atualidade","breadcrumb":{"@id":"https:\/\/algarve7.pt\/index.php\/2026\/05\/laco-azul-humano-juntou-criancas-de-loule-para-alertar-para-maus-tratos-na-infancia\/atualidade\/13\/20\/#breadcrumb"},"inLanguage":"pt-PT","potentialAction":[{"@type":"ReadAction","target":["https:\/\/algarve7.pt\/index.php\/2026\/05\/laco-azul-humano-juntou-criancas-de-loule-para-alertar-para-maus-tratos-na-infancia\/atualidade\/13\/20\/"]}]},{"@type":"ImageObject","inLanguage":"pt-PT","@id":"https:\/\/algarve7.pt\/index.php\/2026\/05\/laco-azul-humano-juntou-criancas-de-loule-para-alertar-para-maus-tratos-na-infancia\/atualidade\/13\/20\/#primaryimage","url":"https:\/\/algarve7.pt\/wp-content\/uploads\/2026\/05\/Comemoracao-do-Dia-Laco-Azul-e-m-Loule-CMLoule-Mira-3-1.jpg","contentUrl":"https:\/\/algarve7.pt\/wp-content\/uploads\/2026\/05\/Comemoracao-do-Dia-Laco-Azul-e-m-Loule-CMLoule-Mira-3-1.jpg","width":800,"height":445},{"@type":"BreadcrumbList","@id":"https:\/\/algarve7.pt\/index.php\/2026\/05\/laco-azul-humano-juntou-criancas-de-loule-para-alertar-para-maus-tratos-na-infancia\/atualidade\/13\/20\/#breadcrumb","itemListElement":[{"@type":"ListItem","position":1,"name":"In\u00edcio","item":"https:\/\/algarve7.pt\/"},{"@type":"ListItem","position":2,"name":"La\u00e7o azul humano juntou crian\u00e7as de Loul\u00e9 para alertar para maus-tratos na inf\u00e2ncia"}]},{"@type":"WebSite","@id":"https:\/\/algarve7.pt\/#website","url":"https:\/\/algarve7.pt\/","name":"Algarve 7","description":"Informa\u00e7\u00e3o sobre o Algarve","publisher":{"@id":"https:\/\/algarve7.pt\/#organization"},"potentialAction":[{"@type":"SearchAction","target":{"@type":"EntryPoint","urlTemplate":"https:\/\/algarve7.pt\/?s={search_term_string}"},"query-input":{"@type":"PropertyValueSpecification","valueRequired":true,"valueName":"search_term_string"}}],"inLanguage":"pt-PT"},{"@type":"Organization","@id":"https:\/\/algarve7.pt\/#organization","name":"Algarve 7","url":"https:\/\/algarve7.pt\/","logo":{"@type":"ImageObject","inLanguage":"pt-PT","@id":"https:\/\/algarve7.pt\/#\/schema\/logo\/image\/","url":"https:\/\/algarve7.pt\/wp-content\/uploads\/2020\/10\/Logo-8.jpg","contentUrl":"https:\/\/algarve7.pt\/wp-content\/uploads\/2020\/10\/Logo-8.jpg","width":1680,"height":1186,"caption":"Algarve 7"},"image":{"@id":"https:\/\/algarve7.pt\/#\/schema\/logo\/image\/"},"sameAs":["https:\/\/www.facebook.com\/algarve7","https:\/\/x.com\/Algarvesete","https:\/\/www.instagram.com\/jornalalgarve7\/","https:\/\/www.linkedin.com\/company\/algarve7","https:\/\/www.pinterest.pt\/geral0939\/_created\/"]},{"@type":"Person","@id":"https:\/\/algarve7.pt\/#\/schema\/person\/23fa70681308e7b319a3204bcea45e0c","name":"Algarve 7","sameAs":["https:\/\/algarve7.pt","https:\/\/www.facebook.com\/algarve7"],"url":"https:\/\/algarve7.pt\/index.php\/author\/geralalgarve7-pt\/"}]}},"jetpack_publicize_connections":[],"jetpack_featured_media_url":"https:\/\/algarve7.pt\/wp-content\/uploads\/2026\/05\/Comemoracao-do-Dia-Laco-Azul-e-m-Loule-CMLoule-Mira-3-1.jpg","jetpack_shortlink":"https:\/\/wp.me\/pcezmW-g4U","jetpack_sharing_enabled":true,"_links":{"self":[{"href":"https:\/\/algarve7.pt\/index.php\/wp-json\/wp\/v2\/posts\/61808","targetHints":{"allow":["GET"]}}],"collection":[{"href":"https:\/\/algarve7.pt\/index.php\/wp-json\/wp\/v2\/posts"}],"about":[{"href":"https:\/\/algarve7.pt\/index.php\/wp-json\/wp\/v2\/types\/post"}],"author":[{"embeddable":true,"href":"https:\/\/algarve7.pt\/index.php\/wp-json\/wp\/v2\/users\/1"}],"replies":[{"embeddable":true,"href":"https:\/\/algarve7.pt\/index.php\/wp-json\/wp\/v2\/comments?post=61808"}],"version-history":[{"count":1,"href":"https:\/\/algarve7.pt\/index.php\/wp-json\/wp\/v2\/posts\/61808\/revisions"}],"predecessor-version":[{"id":61810,"href":"https:\/\/algarve7.pt\/index.php\/wp-json\/wp\/v2\/posts\/61808\/revisions\/61810"}],"wp:featuredmedia":[{"embeddable":true,"href":"https:\/\/algarve7.pt\/index.php\/wp-json\/wp\/v2\/media\/61809"}],"wp:attachment":[{"href":"https:\/\/algarve7.pt\/index.php\/wp-json\/wp\/v2\/media?parent=61808"}],"wp:term":[{"taxonomy":"category","embeddable":true,"href":"https:\/\/algarve7.pt\/index.php\/wp-json\/wp\/v2\/categories?post=61808"},{"taxonomy":"post_tag","embeddable":true,"href":"https:\/\/algarve7.pt\/index.php\/wp-json\/wp\/v2\/tags?post=61808"}],"curies":[{"name":"wp","href":"https:\/\/api.w.org\/{rel}","templated":true}]}}