{"id":61799,"date":"2026-05-01T13:00:00","date_gmt":"2026-05-01T12:00:00","guid":{"rendered":"https:\/\/algarve7.pt\/?p=61799"},"modified":"2026-04-30T19:23:31","modified_gmt":"2026-04-30T18:23:31","slug":"agencia-de-promocao-de-albufeira-elegeu-novos-orgaos-sociais","status":"publish","type":"post","link":"https:\/\/algarve7.pt\/index.php\/2026\/05\/agencia-de-promocao-de-albufeira-elegeu-novos-orgaos-sociais\/turismo\/13\/00\/","title":{"rendered":"Ag\u00eancia de Promo\u00e7\u00e3o de Albufeira elegeu novos \u00f3rg\u00e3os sociais"},"content":{"rendered":"\n<p>A APAL \u2013 Ag\u00eancia de Promo\u00e7\u00e3o de Albufeira elegeu, no dia 23 de abril, os seus \u00f3rg\u00e3os sociais para o tri\u00e9nio 2026-2029, num ato eleitoral onde a lista proposta foi aprovada por unanimidade, sem votos contra ou nulos. Desid\u00e9rio Silva mant\u00e9m-se como presidente da Dire\u00e7\u00e3o, que surge agora renovada com a entrada de representantes de diversas empresas locais. Paulo Freitas assume a presid\u00eancia da Assembleia Geral, enquanto Carlos Santos passa a presidir o Conselho Fiscal.\u00a0<br><br>Durante a cerim\u00f3nia de tomada de posse, Luna Silva, presidente da Assembleia Municipal de Albufeira, felicitou os novos eleitos e destacou o papel crucial que a associa\u00e7\u00e3o desempenha na valoriza\u00e7\u00e3o de Albufeira, desejando os maiores sucessos para esta nova etapa. Por sua vez, Cristina Corado, vereadora do Turismo na C\u00e2mara Municipal de Albufeira, refor\u00e7ou a import\u00e2ncia da parceria estrat\u00e9gica entre a APAL e a autarquia. Trata-se de um modelo de promo\u00e7\u00e3o conjunta que reparte custos entre o setor p\u00fablico e privado, uma f\u00f3rmula de sucesso que, como sublinhou a autarca, n\u00e3o existe em muitos munic\u00edpios e que espelha bem a vontade proativa dos empres\u00e1rios locais em promover o destino.\u00a0<br><br>No seu discurso de tomada de posse, Desid\u00e9rio Silva focou-se nos desafios que se avizinham, apontando a necessidade de encontrar novas formas de dinamizar a marca \u00abAlbufeira\u00bb e promover o que o territ\u00f3rio tem de melhor. O dirigente enalteceu a diversidade dos cerca de 260 associados, colocando a ag\u00eancia ao servi\u00e7o da estrat\u00e9gia municipal para o setor e sublinhando a import\u00e2ncia de atrair novos membros, n\u00e3o apenas para refor\u00e7ar o or\u00e7amento, mas sobretudo para trazer mais massa cr\u00edtica e qualifica\u00e7\u00e3o \u00e0 implementa\u00e7\u00e3o das a\u00e7\u00f5es.\u00a0<br><br>Sobre a nova equipa, Desid\u00e9rio Silva destacou tratar-se de um grupo de profissionais capacitados, com provas dadas nas suas empresas e um forte conhecimento de Albufeira. Desid\u00e9rio Silva sublinhou que a APAL n\u00e3o tem m\u00fasculo financeiro para\u00a0<strong>\u201cestar em todo o lado\u201d<\/strong>, o que exige escolhas estrat\u00e9gicas para rentabilizar cada investimento em prol dos associados e do concelho. O presidente da Dire\u00e7\u00e3o da APAL ressalvou, por isso, que a associa\u00e7\u00e3o continuar\u00e1 a ser rigorosa, criteriosa e transparente na utiliza\u00e7\u00e3o dos fundos, lembrando que os recursos n\u00e3o s\u00e3o ilimitados.\u00a0<br><br>Para o mandato que agora inicia, a promessa \u00e9 de inova\u00e7\u00e3o, trabalho e uma intera\u00e7\u00e3o mais pr\u00f3xima com os associados. Nesse sentido, Desid\u00e9rio Silva lan\u00e7ou o desafio ao munic\u00edpio para um trabalho conjunto mais estreito, disponibilizando as ferramentas de promo\u00e7\u00e3o da APAL para potenciar \u00e1reas como a cultura e o desporto. O dirigente considera estes dois setores alicerces fundamentais, ganhando ainda maior relev\u00e2ncia num ano em que Albufeira \u00e9 Cidade Europeia do Desporto.<\/p>\n","protected":false},"excerpt":{"rendered":"<p>A APAL \u2013 Ag\u00eancia de Promo\u00e7\u00e3o de Albufeira elegeu, no dia 23 de abril, os seus \u00f3rg\u00e3os sociais para o<\/p>\n","protected":false},"author":1,"featured_media":61800,"comment_status":"closed","ping_status":"closed","sticky":false,"template":"","format":"standard","meta":{"colormag_page_container_layout":"default_layout","colormag_page_sidebar_layout":"default_layout","_monsterinsights_skip_tracking":false,"_monsterinsights_sitenote_active":false,"_monsterinsights_sitenote_note":"","_monsterinsights_sitenote_category":0,"jetpack_post_was_ever_published":false,"_jetpack_newsletter_access":"","_jetpack_dont_email_post_to_subs":false,"_jetpack_newsletter_tier_id":0,"_jetpack_memberships_contains_paywalled_content":false,"_jetpack_memberships_contains_paid_content":false,"footnotes":"","jetpack_publicize_message":"","jetpack_publicize_feature_enabled":true,"jetpack_social_post_already_shared":true,"jetpack_social_options":{"image_generator_settings":{"template":"highway","default_image_id":0,"font":"","enabled":false},"version":2}},"categories":[17],"tags":[155,36,1114,45],"class_list":["post-61799","post","type-post","status-publish","format-standard","has-post-thumbnail","hentry","category-turismo","tag-albufeira","tag-algarve","tag-apal","tag-turismo"],"yoast_head":"<!-- This site is optimized with the Yoast SEO plugin v27.5 - https:\/\/yoast.com\/product\/yoast-seo-wordpress\/ -->\n<title>Ag\u00eancia de Promo\u00e7\u00e3o de Albufeira elegeu novos \u00f3rg\u00e3os sociais - Algarve 7<\/title>\n<meta name=\"description\" content=\"Ag\u00eancia de Promo\u00e7\u00e3o de Albufeira elegeu novos \u00f3rg\u00e3os sociais Turismo\" \/>\n<meta name=\"robots\" content=\"index, follow, max-snippet:-1, max-image-preview:large, max-video-preview:-1\" \/>\n<link rel=\"canonical\" href=\"https:\/\/algarve7.pt\/index.php\/2026\/05\/agencia-de-promocao-de-albufeira-elegeu-novos-orgaos-sociais\/turismo\/13\/00\/\" \/>\n<meta property=\"og:locale\" content=\"pt_PT\" \/>\n<meta property=\"og:type\" content=\"article\" \/>\n<meta property=\"og:title\" content=\"Ag\u00eancia de Promo\u00e7\u00e3o de Albufeira elegeu novos \u00f3rg\u00e3os sociais - Algarve 7\" \/>\n<meta property=\"og:description\" content=\"Ag\u00eancia de Promo\u00e7\u00e3o de Albufeira elegeu novos \u00f3rg\u00e3os sociais Turismo\" \/>\n<meta property=\"og:url\" content=\"https:\/\/algarve7.pt\/index.php\/2026\/05\/agencia-de-promocao-de-albufeira-elegeu-novos-orgaos-sociais\/turismo\/13\/00\/\" \/>\n<meta property=\"og:site_name\" content=\"Algarve 7\" \/>\n<meta property=\"article:publisher\" content=\"https:\/\/www.facebook.com\/algarve7\" \/>\n<meta property=\"article:author\" content=\"https:\/\/www.facebook.com\/algarve7\" \/>\n<meta property=\"article:published_time\" content=\"2026-05-01T12:00:00+00:00\" \/>\n<meta property=\"og:image\" content=\"https:\/\/algarve7.pt\/wp-content\/uploads\/2026\/04\/APAL.jpg\" \/>\n\t<meta property=\"og:image:width\" content=\"800\" \/>\n\t<meta property=\"og:image:height\" content=\"445\" \/>\n\t<meta property=\"og:image:type\" content=\"image\/jpeg\" \/>\n<meta name=\"author\" content=\"Algarve 7\" \/>\n<meta name=\"twitter:card\" content=\"summary_large_image\" \/>\n<meta name=\"twitter:creator\" content=\"@Algarvesete\" \/>\n<meta name=\"twitter:site\" content=\"@Algarvesete\" \/>\n<meta name=\"twitter:label1\" content=\"Escrito por\" \/>\n\t<meta name=\"twitter:data1\" content=\"Algarve 7\" \/>\n\t<meta name=\"twitter:label2\" content=\"Tempo estimado de leitura\" \/>\n\t<meta name=\"twitter:data2\" content=\"3 minutos\" \/>\n<script type=\"application\/ld+json\" class=\"yoast-schema-graph\">{\"@context\":\"https:\\\/\\\/schema.org\",\"@graph\":[{\"@type\":\"Article\",\"@id\":\"https:\\\/\\\/algarve7.pt\\\/index.php\\\/2026\\\/05\\\/agencia-de-promocao-de-albufeira-elegeu-novos-orgaos-sociais\\\/turismo\\\/13\\\/00\\\/#article\",\"isPartOf\":{\"@id\":\"https:\\\/\\\/algarve7.pt\\\/index.php\\\/2026\\\/05\\\/agencia-de-promocao-de-albufeira-elegeu-novos-orgaos-sociais\\\/turismo\\\/13\\\/00\\\/\"},\"author\":{\"name\":\"Algarve 7\",\"@id\":\"https:\\\/\\\/algarve7.pt\\\/#\\\/schema\\\/person\\\/23fa70681308e7b319a3204bcea45e0c\"},\"headline\":\"Ag\u00eancia de Promo\u00e7\u00e3o de Albufeira elegeu novos \u00f3rg\u00e3os sociais\",\"datePublished\":\"2026-05-01T12:00:00+00:00\",\"mainEntityOfPage\":{\"@id\":\"https:\\\/\\\/algarve7.pt\\\/index.php\\\/2026\\\/05\\\/agencia-de-promocao-de-albufeira-elegeu-novos-orgaos-sociais\\\/turismo\\\/13\\\/00\\\/\"},\"wordCount\":487,\"publisher\":{\"@id\":\"https:\\\/\\\/algarve7.pt\\\/#organization\"},\"image\":{\"@id\":\"https:\\\/\\\/algarve7.pt\\\/index.php\\\/2026\\\/05\\\/agencia-de-promocao-de-albufeira-elegeu-novos-orgaos-sociais\\\/turismo\\\/13\\\/00\\\/#primaryimage\"},\"thumbnailUrl\":\"https:\\\/\\\/algarve7.pt\\\/wp-content\\\/uploads\\\/2026\\\/04\\\/APAL.jpg\",\"keywords\":[\"Albufeira\",\"Algarve\",\"APAL\",\"Turismo\"],\"articleSection\":[\"Turismo\"],\"inLanguage\":\"pt-PT\"},{\"@type\":\"WebPage\",\"@id\":\"https:\\\/\\\/algarve7.pt\\\/index.php\\\/2026\\\/05\\\/agencia-de-promocao-de-albufeira-elegeu-novos-orgaos-sociais\\\/turismo\\\/13\\\/00\\\/\",\"url\":\"https:\\\/\\\/algarve7.pt\\\/index.php\\\/2026\\\/05\\\/agencia-de-promocao-de-albufeira-elegeu-novos-orgaos-sociais\\\/turismo\\\/13\\\/00\\\/\",\"name\":\"Ag\u00eancia de Promo\u00e7\u00e3o de Albufeira elegeu novos \u00f3rg\u00e3os sociais - Algarve 7\",\"isPartOf\":{\"@id\":\"https:\\\/\\\/algarve7.pt\\\/#website\"},\"primaryImageOfPage\":{\"@id\":\"https:\\\/\\\/algarve7.pt\\\/index.php\\\/2026\\\/05\\\/agencia-de-promocao-de-albufeira-elegeu-novos-orgaos-sociais\\\/turismo\\\/13\\\/00\\\/#primaryimage\"},\"image\":{\"@id\":\"https:\\\/\\\/algarve7.pt\\\/index.php\\\/2026\\\/05\\\/agencia-de-promocao-de-albufeira-elegeu-novos-orgaos-sociais\\\/turismo\\\/13\\\/00\\\/#primaryimage\"},\"thumbnailUrl\":\"https:\\\/\\\/algarve7.pt\\\/wp-content\\\/uploads\\\/2026\\\/04\\\/APAL.jpg\",\"datePublished\":\"2026-05-01T12:00:00+00:00\",\"description\":\"Ag\u00eancia de Promo\u00e7\u00e3o de Albufeira elegeu novos \u00f3rg\u00e3os sociais Turismo\",\"breadcrumb\":{\"@id\":\"https:\\\/\\\/algarve7.pt\\\/index.php\\\/2026\\\/05\\\/agencia-de-promocao-de-albufeira-elegeu-novos-orgaos-sociais\\\/turismo\\\/13\\\/00\\\/#breadcrumb\"},\"inLanguage\":\"pt-PT\",\"potentialAction\":[{\"@type\":\"ReadAction\",\"target\":[\"https:\\\/\\\/algarve7.pt\\\/index.php\\\/2026\\\/05\\\/agencia-de-promocao-de-albufeira-elegeu-novos-orgaos-sociais\\\/turismo\\\/13\\\/00\\\/\"]}]},{\"@type\":\"ImageObject\",\"inLanguage\":\"pt-PT\",\"@id\":\"https:\\\/\\\/algarve7.pt\\\/index.php\\\/2026\\\/05\\\/agencia-de-promocao-de-albufeira-elegeu-novos-orgaos-sociais\\\/turismo\\\/13\\\/00\\\/#primaryimage\",\"url\":\"https:\\\/\\\/algarve7.pt\\\/wp-content\\\/uploads\\\/2026\\\/04\\\/APAL.jpg\",\"contentUrl\":\"https:\\\/\\\/algarve7.pt\\\/wp-content\\\/uploads\\\/2026\\\/04\\\/APAL.jpg\",\"width\":800,\"height\":445},{\"@type\":\"BreadcrumbList\",\"@id\":\"https:\\\/\\\/algarve7.pt\\\/index.php\\\/2026\\\/05\\\/agencia-de-promocao-de-albufeira-elegeu-novos-orgaos-sociais\\\/turismo\\\/13\\\/00\\\/#breadcrumb\",\"itemListElement\":[{\"@type\":\"ListItem\",\"position\":1,\"name\":\"In\u00edcio\",\"item\":\"https:\\\/\\\/algarve7.pt\\\/\"},{\"@type\":\"ListItem\",\"position\":2,\"name\":\"Ag\u00eancia de Promo\u00e7\u00e3o de Albufeira elegeu novos \u00f3rg\u00e3os sociais\"}]},{\"@type\":\"WebSite\",\"@id\":\"https:\\\/\\\/algarve7.pt\\\/#website\",\"url\":\"https:\\\/\\\/algarve7.pt\\\/\",\"name\":\"Algarve 7\",\"description\":\"Informa\u00e7\u00e3o sobre o Algarve\",\"publisher\":{\"@id\":\"https:\\\/\\\/algarve7.pt\\\/#organization\"},\"potentialAction\":[{\"@type\":\"SearchAction\",\"target\":{\"@type\":\"EntryPoint\",\"urlTemplate\":\"https:\\\/\\\/algarve7.pt\\\/?s={search_term_string}\"},\"query-input\":{\"@type\":\"PropertyValueSpecification\",\"valueRequired\":true,\"valueName\":\"search_term_string\"}}],\"inLanguage\":\"pt-PT\"},{\"@type\":\"Organization\",\"@id\":\"https:\\\/\\\/algarve7.pt\\\/#organization\",\"name\":\"Algarve 7\",\"url\":\"https:\\\/\\\/algarve7.pt\\\/\",\"logo\":{\"@type\":\"ImageObject\",\"inLanguage\":\"pt-PT\",\"@id\":\"https:\\\/\\\/algarve7.pt\\\/#\\\/schema\\\/logo\\\/image\\\/\",\"url\":\"https:\\\/\\\/algarve7.pt\\\/wp-content\\\/uploads\\\/2020\\\/10\\\/Logo-8.jpg\",\"contentUrl\":\"https:\\\/\\\/algarve7.pt\\\/wp-content\\\/uploads\\\/2020\\\/10\\\/Logo-8.jpg\",\"width\":1680,\"height\":1186,\"caption\":\"Algarve 7\"},\"image\":{\"@id\":\"https:\\\/\\\/algarve7.pt\\\/#\\\/schema\\\/logo\\\/image\\\/\"},\"sameAs\":[\"https:\\\/\\\/www.facebook.com\\\/algarve7\",\"https:\\\/\\\/x.com\\\/Algarvesete\",\"https:\\\/\\\/www.instagram.com\\\/jornalalgarve7\\\/\",\"https:\\\/\\\/www.linkedin.com\\\/company\\\/algarve7\",\"https:\\\/\\\/www.pinterest.pt\\\/geral0939\\\/_created\\\/\"]},{\"@type\":\"Person\",\"@id\":\"https:\\\/\\\/algarve7.pt\\\/#\\\/schema\\\/person\\\/23fa70681308e7b319a3204bcea45e0c\",\"name\":\"Algarve 7\",\"sameAs\":[\"https:\\\/\\\/algarve7.pt\",\"https:\\\/\\\/www.facebook.com\\\/algarve7\"],\"url\":\"https:\\\/\\\/algarve7.pt\\\/index.php\\\/author\\\/geralalgarve7-pt\\\/\"}]}<\/script>\n<!-- \/ Yoast SEO plugin. -->","yoast_head_json":{"title":"Ag\u00eancia de Promo\u00e7\u00e3o de Albufeira elegeu novos \u00f3rg\u00e3os sociais - Algarve 7","description":"Ag\u00eancia de Promo\u00e7\u00e3o de Albufeira elegeu novos \u00f3rg\u00e3os sociais Turismo","robots":{"index":"index","follow":"follow","max-snippet":"max-snippet:-1","max-image-preview":"max-image-preview:large","max-video-preview":"max-video-preview:-1"},"canonical":"https:\/\/algarve7.pt\/index.php\/2026\/05\/agencia-de-promocao-de-albufeira-elegeu-novos-orgaos-sociais\/turismo\/13\/00\/","og_locale":"pt_PT","og_type":"article","og_title":"Ag\u00eancia de Promo\u00e7\u00e3o de Albufeira elegeu novos \u00f3rg\u00e3os sociais - Algarve 7","og_description":"Ag\u00eancia de Promo\u00e7\u00e3o de Albufeira elegeu novos \u00f3rg\u00e3os sociais Turismo","og_url":"https:\/\/algarve7.pt\/index.php\/2026\/05\/agencia-de-promocao-de-albufeira-elegeu-novos-orgaos-sociais\/turismo\/13\/00\/","og_site_name":"Algarve 7","article_publisher":"https:\/\/www.facebook.com\/algarve7","article_author":"https:\/\/www.facebook.com\/algarve7","article_published_time":"2026-05-01T12:00:00+00:00","og_image":[{"width":800,"height":445,"url":"https:\/\/algarve7.pt\/wp-content\/uploads\/2026\/04\/APAL.jpg","type":"image\/jpeg"}],"author":"Algarve 7","twitter_card":"summary_large_image","twitter_creator":"@Algarvesete","twitter_site":"@Algarvesete","twitter_misc":{"Escrito por":"Algarve 7","Tempo estimado de leitura":"3 minutos"},"schema":{"@context":"https:\/\/schema.org","@graph":[{"@type":"Article","@id":"https:\/\/algarve7.pt\/index.php\/2026\/05\/agencia-de-promocao-de-albufeira-elegeu-novos-orgaos-sociais\/turismo\/13\/00\/#article","isPartOf":{"@id":"https:\/\/algarve7.pt\/index.php\/2026\/05\/agencia-de-promocao-de-albufeira-elegeu-novos-orgaos-sociais\/turismo\/13\/00\/"},"author":{"name":"Algarve 7","@id":"https:\/\/algarve7.pt\/#\/schema\/person\/23fa70681308e7b319a3204bcea45e0c"},"headline":"Ag\u00eancia de Promo\u00e7\u00e3o de Albufeira elegeu novos \u00f3rg\u00e3os sociais","datePublished":"2026-05-01T12:00:00+00:00","mainEntityOfPage":{"@id":"https:\/\/algarve7.pt\/index.php\/2026\/05\/agencia-de-promocao-de-albufeira-elegeu-novos-orgaos-sociais\/turismo\/13\/00\/"},"wordCount":487,"publisher":{"@id":"https:\/\/algarve7.pt\/#organization"},"image":{"@id":"https:\/\/algarve7.pt\/index.php\/2026\/05\/agencia-de-promocao-de-albufeira-elegeu-novos-orgaos-sociais\/turismo\/13\/00\/#primaryimage"},"thumbnailUrl":"https:\/\/algarve7.pt\/wp-content\/uploads\/2026\/04\/APAL.jpg","keywords":["Albufeira","Algarve","APAL","Turismo"],"articleSection":["Turismo"],"inLanguage":"pt-PT"},{"@type":"WebPage","@id":"https:\/\/algarve7.pt\/index.php\/2026\/05\/agencia-de-promocao-de-albufeira-elegeu-novos-orgaos-sociais\/turismo\/13\/00\/","url":"https:\/\/algarve7.pt\/index.php\/2026\/05\/agencia-de-promocao-de-albufeira-elegeu-novos-orgaos-sociais\/turismo\/13\/00\/","name":"Ag\u00eancia de Promo\u00e7\u00e3o de Albufeira elegeu novos \u00f3rg\u00e3os sociais - Algarve 7","isPartOf":{"@id":"https:\/\/algarve7.pt\/#website"},"primaryImageOfPage":{"@id":"https:\/\/algarve7.pt\/index.php\/2026\/05\/agencia-de-promocao-de-albufeira-elegeu-novos-orgaos-sociais\/turismo\/13\/00\/#primaryimage"},"image":{"@id":"https:\/\/algarve7.pt\/index.php\/2026\/05\/agencia-de-promocao-de-albufeira-elegeu-novos-orgaos-sociais\/turismo\/13\/00\/#primaryimage"},"thumbnailUrl":"https:\/\/algarve7.pt\/wp-content\/uploads\/2026\/04\/APAL.jpg","datePublished":"2026-05-01T12:00:00+00:00","description":"Ag\u00eancia de Promo\u00e7\u00e3o de Albufeira elegeu novos \u00f3rg\u00e3os sociais Turismo","breadcrumb":{"@id":"https:\/\/algarve7.pt\/index.php\/2026\/05\/agencia-de-promocao-de-albufeira-elegeu-novos-orgaos-sociais\/turismo\/13\/00\/#breadcrumb"},"inLanguage":"pt-PT","potentialAction":[{"@type":"ReadAction","target":["https:\/\/algarve7.pt\/index.php\/2026\/05\/agencia-de-promocao-de-albufeira-elegeu-novos-orgaos-sociais\/turismo\/13\/00\/"]}]},{"@type":"ImageObject","inLanguage":"pt-PT","@id":"https:\/\/algarve7.pt\/index.php\/2026\/05\/agencia-de-promocao-de-albufeira-elegeu-novos-orgaos-sociais\/turismo\/13\/00\/#primaryimage","url":"https:\/\/algarve7.pt\/wp-content\/uploads\/2026\/04\/APAL.jpg","contentUrl":"https:\/\/algarve7.pt\/wp-content\/uploads\/2026\/04\/APAL.jpg","width":800,"height":445},{"@type":"BreadcrumbList","@id":"https:\/\/algarve7.pt\/index.php\/2026\/05\/agencia-de-promocao-de-albufeira-elegeu-novos-orgaos-sociais\/turismo\/13\/00\/#breadcrumb","itemListElement":[{"@type":"ListItem","position":1,"name":"In\u00edcio","item":"https:\/\/algarve7.pt\/"},{"@type":"ListItem","position":2,"name":"Ag\u00eancia de Promo\u00e7\u00e3o de Albufeira elegeu novos \u00f3rg\u00e3os sociais"}]},{"@type":"WebSite","@id":"https:\/\/algarve7.pt\/#website","url":"https:\/\/algarve7.pt\/","name":"Algarve 7","description":"Informa\u00e7\u00e3o sobre o Algarve","publisher":{"@id":"https:\/\/algarve7.pt\/#organization"},"potentialAction":[{"@type":"SearchAction","target":{"@type":"EntryPoint","urlTemplate":"https:\/\/algarve7.pt\/?s={search_term_string}"},"query-input":{"@type":"PropertyValueSpecification","valueRequired":true,"valueName":"search_term_string"}}],"inLanguage":"pt-PT"},{"@type":"Organization","@id":"https:\/\/algarve7.pt\/#organization","name":"Algarve 7","url":"https:\/\/algarve7.pt\/","logo":{"@type":"ImageObject","inLanguage":"pt-PT","@id":"https:\/\/algarve7.pt\/#\/schema\/logo\/image\/","url":"https:\/\/algarve7.pt\/wp-content\/uploads\/2020\/10\/Logo-8.jpg","contentUrl":"https:\/\/algarve7.pt\/wp-content\/uploads\/2020\/10\/Logo-8.jpg","width":1680,"height":1186,"caption":"Algarve 7"},"image":{"@id":"https:\/\/algarve7.pt\/#\/schema\/logo\/image\/"},"sameAs":["https:\/\/www.facebook.com\/algarve7","https:\/\/x.com\/Algarvesete","https:\/\/www.instagram.com\/jornalalgarve7\/","https:\/\/www.linkedin.com\/company\/algarve7","https:\/\/www.pinterest.pt\/geral0939\/_created\/"]},{"@type":"Person","@id":"https:\/\/algarve7.pt\/#\/schema\/person\/23fa70681308e7b319a3204bcea45e0c","name":"Algarve 7","sameAs":["https:\/\/algarve7.pt","https:\/\/www.facebook.com\/algarve7"],"url":"https:\/\/algarve7.pt\/index.php\/author\/geralalgarve7-pt\/"}]}},"jetpack_publicize_connections":[],"jetpack_featured_media_url":"https:\/\/algarve7.pt\/wp-content\/uploads\/2026\/04\/APAL.jpg","jetpack_shortlink":"https:\/\/wp.me\/pcezmW-g4L","jetpack_sharing_enabled":true,"_links":{"self":[{"href":"https:\/\/algarve7.pt\/index.php\/wp-json\/wp\/v2\/posts\/61799","targetHints":{"allow":["GET"]}}],"collection":[{"href":"https:\/\/algarve7.pt\/index.php\/wp-json\/wp\/v2\/posts"}],"about":[{"href":"https:\/\/algarve7.pt\/index.php\/wp-json\/wp\/v2\/types\/post"}],"author":[{"embeddable":true,"href":"https:\/\/algarve7.pt\/index.php\/wp-json\/wp\/v2\/users\/1"}],"replies":[{"embeddable":true,"href":"https:\/\/algarve7.pt\/index.php\/wp-json\/wp\/v2\/comments?post=61799"}],"version-history":[{"count":1,"href":"https:\/\/algarve7.pt\/index.php\/wp-json\/wp\/v2\/posts\/61799\/revisions"}],"predecessor-version":[{"id":61801,"href":"https:\/\/algarve7.pt\/index.php\/wp-json\/wp\/v2\/posts\/61799\/revisions\/61801"}],"wp:featuredmedia":[{"embeddable":true,"href":"https:\/\/algarve7.pt\/index.php\/wp-json\/wp\/v2\/media\/61800"}],"wp:attachment":[{"href":"https:\/\/algarve7.pt\/index.php\/wp-json\/wp\/v2\/media?parent=61799"}],"wp:term":[{"taxonomy":"category","embeddable":true,"href":"https:\/\/algarve7.pt\/index.php\/wp-json\/wp\/v2\/categories?post=61799"},{"taxonomy":"post_tag","embeddable":true,"href":"https:\/\/algarve7.pt\/index.php\/wp-json\/wp\/v2\/tags?post=61799"}],"curies":[{"name":"wp","href":"https:\/\/api.w.org\/{rel}","templated":true}]}}