{"id":61775,"date":"2026-05-01T12:36:00","date_gmt":"2026-05-01T11:36:00","guid":{"rendered":"https:\/\/algarve7.pt\/?p=61775"},"modified":"2026-04-30T18:39:11","modified_gmt":"2026-04-30T17:39:11","slug":"maio-traz-o-humor-de-joana-marques-a-ousadia-de-victor-hugo-pontes-os-dias-do-jazz-e-o-talento-de-carminho-ao-teatro-das-figuras","status":"publish","type":"post","link":"https:\/\/algarve7.pt\/index.php\/2026\/05\/maio-traz-o-humor-de-joana-marques-a-ousadia-de-victor-hugo-pontes-os-dias-do-jazz-e-o-talento-de-carminho-ao-teatro-das-figuras\/cultura\/12\/36\/","title":{"rendered":"Maio traz o humor de joana marques, a ousadia de Victor Hugo Pontes, os dias do jazz e o talento de Carminho ao Teatro das Figuras\u00a0"},"content":{"rendered":"\n<p>O m\u00eas de maio chega ao Teatro das Figuras repleto de propostas culturais bastante abrangentes&nbsp;&nbsp;&#8211; do Jazz ao Fado, da Dan\u00e7a ao Teatro, da Com\u00e9dia ao Infantil.&nbsp;&nbsp;<\/p>\n\n\n\n<p>De 30 de abril a 24 de maio, as sonoridades do Jazz v\u00e3o circular pela cidade de Faro no \u00e2mbito da&nbsp;<\/p>\n\n\n\n<p>10.\u00aa edi\u00e7\u00e3o do Festival \u201cOs Dias do Jazz\u201d. O concerto de abertura acontece no dia 30 de abril no Teatro das Figuras, para assinalar o Dia Internacional do Jazz, com o espet\u00e1culo onde&nbsp;<strong>Z\u00e9 Eduardo&nbsp;<\/strong>acompanhado pelo seu<strong>&nbsp;<\/strong>Trio convida&nbsp;&nbsp;o cantor&nbsp;<strong>Clarke Peters<\/strong>, acontece pelas 21h30. Segue-se o concerto do projeto bracarense&nbsp;<strong>OCENPSIEA&nbsp;<\/strong>no Teatro Lethes no dia 9 de maio, pelas 21h00; no dia 10 de maio \u00e9 a vez do projeto&nbsp;<strong>Paula Sousa Trio<\/strong>&nbsp;no Club Farense, pelas 18h00;&nbsp;<strong>Miguel \u00c2ngelo Trio&nbsp;<\/strong>acontece<strong>&nbsp;<\/strong>no Jardim da Alameda, dia 15 de maio, pelas 19h00; o Teatro das Figuras recebe o concerto de&nbsp;<strong>Bruno Pernadas<\/strong>, no dia 16 de maio, \u00e0s 21h30; o Festival encerra com o projeto&nbsp;<strong>Jo\u00e3o Paulo Esteves da Silva Quarteto<\/strong>&nbsp;que acontece no Club Farense no dia 24 de maio, \u00e0s 18h00.<\/p>\n\n\n\n<p>No \u00e2mbito do Festival Mochila, o Teatro das Figuras acolhe o concerto de&nbsp;<strong>Dino D\u2019Santiago<\/strong>&nbsp;no dia 2 de maio pelas 21h30. Dino trabalha a tradi\u00e7\u00e3o cabo-verdiana com o peso contempor\u00e2neo da eletr\u00f3nica global, como prova o hino &#8220;Kriolu&#8221;, com a colabora\u00e7\u00e3o de Julinho KSD e coprodu\u00e7\u00e3o de Branko e \u00e9 consensual \u2013 os seus concertos s\u00e3o marcados por uma energia contagiante.<\/p>\n\n\n\n<p>Com duas sess\u00f5es esgotadas h\u00e1 v\u00e1rios meses, a comediante e radialista&nbsp;<strong>Joana Marques<\/strong>&nbsp;vai finalmente falar sobre tudo o que aconteceu no \u00faltimo ano no espet\u00e1culo \u201cEM SEDE PR\u00d3PRIA\u201d. Ao melhor estilo do \u201cExtremamente Desagrad\u00e1vel\u201d, Joana vai analisar \u201c\u00e0 lupa\u201d os acontecimentos que a tornaram, acidentalmente, protagonista do telejornal durante um longo per\u00edodo.&nbsp;&nbsp;<\/p>\n\n\n\n<p>O Teatro Nacional de S\u00e3o Jo\u00e3o desce ao sul do pa\u00eds para apresentar a pe\u00e7a de teatro \u201c<strong>Falsas Hist\u00f3rias Verdadeiras: Uma Pina Colagem<\/strong>\u201d, de Victor Hugo Pontes e m\u00fasica de A Garota N\u00e3o. O encenador e core\u00f3grafo convida o p\u00fablico a mergulhar no universo de Manuel Ant\u00f3nio Pina, desde textos sobre a inf\u00e2ncia e juventude a cr\u00f3nicas e entrevistas do escritor.&nbsp;&nbsp;<\/p>\n\n\n\n<p>No dia 10 de maio, pelas 19h00, a Orquestra do Algarve apresenta um programa dedicado ao romantismo tardio e \u00e0s suas m\u00faltiplas geografias expressivas. O&nbsp;<strong>Concerto para Violino de Sibelius<\/strong>, integrado no&nbsp;<strong>Ciclo Grandes Solistas<\/strong>&nbsp;conta com a participa\u00e7\u00e3o da solista Heidi Hatch, concertino na Orquestra de Extremadura, cuja sensibilidade e presen\u00e7a art\u00edstica prometem revelar toda a profundidade desta partitura.<\/p>\n\n\n\n<p>A partir do texto de Jon Fosse e com encena\u00e7\u00e3o de Nuno Cardoso,&nbsp;<strong>O Nome<\/strong>&nbsp;\u00e9 uma sonata implac\u00e1vel que exp\u00f5e todas as fraturas que dilaceram o n\u00facleo primeiro das nossas comunidades &#8211; as fam\u00edlias, neste admir\u00e1vel novo mundo tik-tok e p\u00f3s-Covid. \u00c9 uma pe\u00e7a po\u00e9tica, a partir de um texto assombrado, prenhe de fantasmas que tecem a possibilidade de um momento de teatro singular. No dia 21 de maio, pelas 21h30.<\/p>\n\n\n\n<p>\u00a0\u00a0\u00a0\u00a0\u00a0\u00a0\u00a0\u00a0\u00a0\u00a0\u00a0\u00a0\u00a0\u00a0\u00a0\u00a0\u00a0\u00a0\u00a0\u00a0\u00a0\u00a0\u00a0\u00a0\u00a0\u00a0\u00a0\u00a0\u00a0\u00a0\u00a0\u00a0\u00a0\u00a0\u00a0\u00a0\u00a0\u00a0\u00a0\u00a0\u00a0\u00a0\u00a0\u00a0\u00a0\u00a0\u00a0\u00a0\u00a0\u00a0\u00a0\u00a0\u00a0\u00a0\u00a0\u00a0\u00a0\u00a0\u00a0\u00a0\u00a0\u00a0\u00a0\u00a0\u00a0\u00a0\u00a0\u00a0\u00a0\u00a0\u00a0\u00a0\u00a0\u00a0\u00a0\u00a0\u00a0\u00a0\u00a0\u00a0\u00a0\u00a0\u00a0\u00a0\u00a0\u00a0\u00a0\u00a0\u00a0\u00a0\u00a0\u00a0\u00a0\u00a0\u00a0\u00a0\u00a0\u00a0\u00a0\u00a0\u00a0\u00a0\u00a0\u00a0\u00a0\u00a0\u00a0\u00a0\u00a0\u00a0\u00a0\u00a0\u00a0\u00a0\u00a0\u00a0\u00a0\u00a0\u00a0\u00a0\u00a0\u00a0\u00a0\u00a0\u00a0<\/p>\n\n\n\n<p>\u00a0\u201cEu vou Morrer de Amor ou Resistir\u201d \u00e9 o s\u00e9timo \u00e1lbum de\u00a0<strong>Carminho<\/strong>, figura \u00edmpar da m\u00fasica portuguesa. Esta voz inconfund\u00edvel do Fado, refor\u00e7a a sua profunda dedica\u00e7\u00e3o na permanente descoberta deste g\u00e9nero musical em todas as suas formas. Carminho apresenta-se no palco do Teatro das Figuras dia 23 de maio, pelas 21h30.<\/p>\n\n\n\n<p>Partindo da premissa<strong>&nbsp;\u201cPara que serve a Literatura\u201d,<\/strong>&nbsp;Nelson Guerreiro (B\u00f3ia \u2013 Associa\u00e7\u00e3o Cultural) convida as escritoras Maria Ant\u00f3nia Oliveira e&nbsp;&nbsp;Patr\u00edcia Portela para uma conversa sobre o papel da Literatura nos dias de hoje, que utilidade lhe reconhecemos e que valor lhe atribui a sociedade contempor\u00e2nea. Uma conversa para ter ao final da tarde de dia 27 de maio, a partir das 18h00, no bar do Teatro das Figuras.<\/p>\n\n\n\n<p><strong>O Que se Abre em N\u00f3s<\/strong>&nbsp;\u00e9 a proposta de Sofia Dias e V\u00edtor Roriz, que regressam ao dueto \u2014 o formato que melhor espelha a cumplicidade art\u00edstica e a intensidade desta colabora\u00e7\u00e3o de quase duas d\u00e9cadas. Os seus duetos surgem como partilhas \u00edntimas com o p\u00fablico \u2014 partilhas de estados de presen\u00e7a e modos de rela\u00e7\u00e3o, (re)vis\u00f5es do mundo, do que \u00e9 viver, destruir e construir com o outro. O texto deste espet\u00e1culo tem assinatura de Tiago Rodrigues e ter\u00e1 lugar no dia 29 de maio, \u00e0s 21h30.<\/p>\n\n\n\n<p>Para assinalar o Dia Mundial da Crian\u00e7a, celebrado a 1 de junho, o Teatro recebe o espet\u00e1culo&nbsp;<strong>Masha e o Urso \u2013 Miss\u00e3o no Circo<\/strong>, direcionado para o p\u00fablico infantil. Com duas sess\u00f5es no dia 31 de maio, \u00e0s 11h00 e \u00e0s 15h00, a Masha e os seus amigos v\u00e3o viver uma grande aventura enquanto tentam salvar o seu amigo Urso.&nbsp;&nbsp;<\/p>\n","protected":false},"excerpt":{"rendered":"<p>O m\u00eas de maio chega ao Teatro das Figuras repleto de propostas culturais bastante abrangentes&nbsp;&nbsp;&#8211; do Jazz ao Fado, da<\/p>\n","protected":false},"author":1,"featured_media":61777,"comment_status":"closed","ping_status":"closed","sticky":false,"template":"","format":"standard","meta":{"colormag_page_container_layout":"default_layout","colormag_page_sidebar_layout":"default_layout","_monsterinsights_skip_tracking":false,"_monsterinsights_sitenote_active":false,"_monsterinsights_sitenote_note":"","_monsterinsights_sitenote_category":0,"jetpack_post_was_ever_published":false,"_jetpack_newsletter_access":"","_jetpack_dont_email_post_to_subs":false,"_jetpack_newsletter_tier_id":0,"_jetpack_memberships_contains_paywalled_content":false,"_jetpack_memberships_contains_paid_content":false,"footnotes":"","jetpack_publicize_message":"","jetpack_publicize_feature_enabled":true,"jetpack_social_post_already_shared":true,"jetpack_social_options":{"image_generator_settings":{"template":"highway","default_image_id":0,"font":"","enabled":false},"version":2}},"categories":[14],"tags":[36,35,57,245],"class_list":["post-61775","post","type-post","status-publish","format-standard","has-post-thumbnail","hentry","category-cultura","tag-algarve","tag-cultura","tag-faro","tag-teatro-das-figuras"],"yoast_head":"<!-- This site is optimized with the Yoast SEO plugin v27.5 - https:\/\/yoast.com\/product\/yoast-seo-wordpress\/ -->\n<title>Maio traz o humor de joana marques, a ousadia de Victor Hugo Pontes, os dias do jazz e o talento de Carminho ao Teatro das Figuras\u00a0 - Algarve 7<\/title>\n<meta name=\"description\" content=\"Maio traz o humor de joana marques, a ousadia de Victor Hugo Pontes, os dias do jazz e o talento de Carminho ao Teatro das Figuras\u00a0 Cultura\" \/>\n<meta name=\"robots\" content=\"index, follow, max-snippet:-1, max-image-preview:large, max-video-preview:-1\" \/>\n<link rel=\"canonical\" href=\"https:\/\/algarve7.pt\/index.php\/2026\/05\/maio-traz-o-humor-de-joana-marques-a-ousadia-de-victor-hugo-pontes-os-dias-do-jazz-e-o-talento-de-carminho-ao-teatro-das-figuras\/cultura\/12\/36\/\" \/>\n<meta property=\"og:locale\" content=\"pt_PT\" \/>\n<meta property=\"og:type\" content=\"article\" \/>\n<meta property=\"og:title\" content=\"Maio traz o humor de joana marques, a ousadia de Victor Hugo Pontes, os dias do jazz e o talento de Carminho ao Teatro das Figuras\u00a0 - Algarve 7\" \/>\n<meta property=\"og:description\" content=\"Maio traz o humor de joana marques, a ousadia de Victor Hugo Pontes, os dias do jazz e o talento de Carminho ao Teatro das Figuras\u00a0 Cultura\" \/>\n<meta property=\"og:url\" content=\"https:\/\/algarve7.pt\/index.php\/2026\/05\/maio-traz-o-humor-de-joana-marques-a-ousadia-de-victor-hugo-pontes-os-dias-do-jazz-e-o-talento-de-carminho-ao-teatro-das-figuras\/cultura\/12\/36\/\" \/>\n<meta property=\"og:site_name\" content=\"Algarve 7\" \/>\n<meta property=\"article:publisher\" content=\"https:\/\/www.facebook.com\/algarve7\" \/>\n<meta property=\"article:author\" content=\"https:\/\/www.facebook.com\/algarve7\" \/>\n<meta property=\"article:published_time\" content=\"2026-05-01T11:36:00+00:00\" \/>\n<meta property=\"og:image\" content=\"https:\/\/algarve7.pt\/wp-content\/uploads\/2026\/04\/FALSAS-HIstOTIAS-VERDAD-EIRAS_\u00a9Jose-Caldeira.jpg\" \/>\n\t<meta property=\"og:image:width\" content=\"800\" \/>\n\t<meta property=\"og:image:height\" content=\"445\" \/>\n\t<meta property=\"og:image:type\" content=\"image\/jpeg\" \/>\n<meta name=\"author\" content=\"Algarve 7\" \/>\n<meta name=\"twitter:card\" content=\"summary_large_image\" \/>\n<meta name=\"twitter:creator\" content=\"@Algarvesete\" \/>\n<meta name=\"twitter:site\" content=\"@Algarvesete\" \/>\n<meta name=\"twitter:label1\" content=\"Escrito por\" \/>\n\t<meta name=\"twitter:data1\" content=\"Algarve 7\" \/>\n\t<meta name=\"twitter:label2\" content=\"Tempo estimado de leitura\" \/>\n\t<meta name=\"twitter:data2\" content=\"5 minutos\" \/>\n<script type=\"application\/ld+json\" class=\"yoast-schema-graph\">{\"@context\":\"https:\\\/\\\/schema.org\",\"@graph\":[{\"@type\":\"Article\",\"@id\":\"https:\\\/\\\/algarve7.pt\\\/index.php\\\/2026\\\/05\\\/maio-traz-o-humor-de-joana-marques-a-ousadia-de-victor-hugo-pontes-os-dias-do-jazz-e-o-talento-de-carminho-ao-teatro-das-figuras\\\/cultura\\\/12\\\/36\\\/#article\",\"isPartOf\":{\"@id\":\"https:\\\/\\\/algarve7.pt\\\/index.php\\\/2026\\\/05\\\/maio-traz-o-humor-de-joana-marques-a-ousadia-de-victor-hugo-pontes-os-dias-do-jazz-e-o-talento-de-carminho-ao-teatro-das-figuras\\\/cultura\\\/12\\\/36\\\/\"},\"author\":{\"name\":\"Algarve 7\",\"@id\":\"https:\\\/\\\/algarve7.pt\\\/#\\\/schema\\\/person\\\/23fa70681308e7b319a3204bcea45e0c\"},\"headline\":\"Maio traz o humor de joana marques, a ousadia de Victor Hugo Pontes, os dias do jazz e o talento de Carminho ao Teatro das Figuras\u00a0\",\"datePublished\":\"2026-05-01T11:36:00+00:00\",\"mainEntityOfPage\":{\"@id\":\"https:\\\/\\\/algarve7.pt\\\/index.php\\\/2026\\\/05\\\/maio-traz-o-humor-de-joana-marques-a-ousadia-de-victor-hugo-pontes-os-dias-do-jazz-e-o-talento-de-carminho-ao-teatro-das-figuras\\\/cultura\\\/12\\\/36\\\/\"},\"wordCount\":878,\"publisher\":{\"@id\":\"https:\\\/\\\/algarve7.pt\\\/#organization\"},\"image\":{\"@id\":\"https:\\\/\\\/algarve7.pt\\\/index.php\\\/2026\\\/05\\\/maio-traz-o-humor-de-joana-marques-a-ousadia-de-victor-hugo-pontes-os-dias-do-jazz-e-o-talento-de-carminho-ao-teatro-das-figuras\\\/cultura\\\/12\\\/36\\\/#primaryimage\"},\"thumbnailUrl\":\"https:\\\/\\\/algarve7.pt\\\/wp-content\\\/uploads\\\/2026\\\/04\\\/FALSAS-HIstOTIAS-VERDAD-EIRAS_\u00a9Jose-Caldeira.jpg\",\"keywords\":[\"Algarve\",\"Cultura\",\"Faro\",\"Teatro das Figuras\"],\"articleSection\":[\"Cultura\"],\"inLanguage\":\"pt-PT\"},{\"@type\":\"WebPage\",\"@id\":\"https:\\\/\\\/algarve7.pt\\\/index.php\\\/2026\\\/05\\\/maio-traz-o-humor-de-joana-marques-a-ousadia-de-victor-hugo-pontes-os-dias-do-jazz-e-o-talento-de-carminho-ao-teatro-das-figuras\\\/cultura\\\/12\\\/36\\\/\",\"url\":\"https:\\\/\\\/algarve7.pt\\\/index.php\\\/2026\\\/05\\\/maio-traz-o-humor-de-joana-marques-a-ousadia-de-victor-hugo-pontes-os-dias-do-jazz-e-o-talento-de-carminho-ao-teatro-das-figuras\\\/cultura\\\/12\\\/36\\\/\",\"name\":\"Maio traz o humor de joana marques, a ousadia de Victor Hugo Pontes, os dias do jazz e o talento de Carminho ao Teatro das Figuras\u00a0 - Algarve 7\",\"isPartOf\":{\"@id\":\"https:\\\/\\\/algarve7.pt\\\/#website\"},\"primaryImageOfPage\":{\"@id\":\"https:\\\/\\\/algarve7.pt\\\/index.php\\\/2026\\\/05\\\/maio-traz-o-humor-de-joana-marques-a-ousadia-de-victor-hugo-pontes-os-dias-do-jazz-e-o-talento-de-carminho-ao-teatro-das-figuras\\\/cultura\\\/12\\\/36\\\/#primaryimage\"},\"image\":{\"@id\":\"https:\\\/\\\/algarve7.pt\\\/index.php\\\/2026\\\/05\\\/maio-traz-o-humor-de-joana-marques-a-ousadia-de-victor-hugo-pontes-os-dias-do-jazz-e-o-talento-de-carminho-ao-teatro-das-figuras\\\/cultura\\\/12\\\/36\\\/#primaryimage\"},\"thumbnailUrl\":\"https:\\\/\\\/algarve7.pt\\\/wp-content\\\/uploads\\\/2026\\\/04\\\/FALSAS-HIstOTIAS-VERDAD-EIRAS_\u00a9Jose-Caldeira.jpg\",\"datePublished\":\"2026-05-01T11:36:00+00:00\",\"description\":\"Maio traz o humor de joana marques, a ousadia de Victor Hugo Pontes, os dias do jazz e o talento de Carminho ao Teatro das Figuras\u00a0 Cultura\",\"breadcrumb\":{\"@id\":\"https:\\\/\\\/algarve7.pt\\\/index.php\\\/2026\\\/05\\\/maio-traz-o-humor-de-joana-marques-a-ousadia-de-victor-hugo-pontes-os-dias-do-jazz-e-o-talento-de-carminho-ao-teatro-das-figuras\\\/cultura\\\/12\\\/36\\\/#breadcrumb\"},\"inLanguage\":\"pt-PT\",\"potentialAction\":[{\"@type\":\"ReadAction\",\"target\":[\"https:\\\/\\\/algarve7.pt\\\/index.php\\\/2026\\\/05\\\/maio-traz-o-humor-de-joana-marques-a-ousadia-de-victor-hugo-pontes-os-dias-do-jazz-e-o-talento-de-carminho-ao-teatro-das-figuras\\\/cultura\\\/12\\\/36\\\/\"]}]},{\"@type\":\"ImageObject\",\"inLanguage\":\"pt-PT\",\"@id\":\"https:\\\/\\\/algarve7.pt\\\/index.php\\\/2026\\\/05\\\/maio-traz-o-humor-de-joana-marques-a-ousadia-de-victor-hugo-pontes-os-dias-do-jazz-e-o-talento-de-carminho-ao-teatro-das-figuras\\\/cultura\\\/12\\\/36\\\/#primaryimage\",\"url\":\"https:\\\/\\\/algarve7.pt\\\/wp-content\\\/uploads\\\/2026\\\/04\\\/FALSAS-HIstOTIAS-VERDAD-EIRAS_\u00a9Jose-Caldeira.jpg\",\"contentUrl\":\"https:\\\/\\\/algarve7.pt\\\/wp-content\\\/uploads\\\/2026\\\/04\\\/FALSAS-HIstOTIAS-VERDAD-EIRAS_\u00a9Jose-Caldeira.jpg\",\"width\":800,\"height\":445},{\"@type\":\"BreadcrumbList\",\"@id\":\"https:\\\/\\\/algarve7.pt\\\/index.php\\\/2026\\\/05\\\/maio-traz-o-humor-de-joana-marques-a-ousadia-de-victor-hugo-pontes-os-dias-do-jazz-e-o-talento-de-carminho-ao-teatro-das-figuras\\\/cultura\\\/12\\\/36\\\/#breadcrumb\",\"itemListElement\":[{\"@type\":\"ListItem\",\"position\":1,\"name\":\"In\u00edcio\",\"item\":\"https:\\\/\\\/algarve7.pt\\\/\"},{\"@type\":\"ListItem\",\"position\":2,\"name\":\"Maio traz o humor de joana marques, a ousadia de Victor Hugo Pontes, os dias do jazz e o talento de Carminho ao Teatro das Figuras\u00a0\"}]},{\"@type\":\"WebSite\",\"@id\":\"https:\\\/\\\/algarve7.pt\\\/#website\",\"url\":\"https:\\\/\\\/algarve7.pt\\\/\",\"name\":\"Algarve 7\",\"description\":\"Informa\u00e7\u00e3o sobre o Algarve\",\"publisher\":{\"@id\":\"https:\\\/\\\/algarve7.pt\\\/#organization\"},\"potentialAction\":[{\"@type\":\"SearchAction\",\"target\":{\"@type\":\"EntryPoint\",\"urlTemplate\":\"https:\\\/\\\/algarve7.pt\\\/?s={search_term_string}\"},\"query-input\":{\"@type\":\"PropertyValueSpecification\",\"valueRequired\":true,\"valueName\":\"search_term_string\"}}],\"inLanguage\":\"pt-PT\"},{\"@type\":\"Organization\",\"@id\":\"https:\\\/\\\/algarve7.pt\\\/#organization\",\"name\":\"Algarve 7\",\"url\":\"https:\\\/\\\/algarve7.pt\\\/\",\"logo\":{\"@type\":\"ImageObject\",\"inLanguage\":\"pt-PT\",\"@id\":\"https:\\\/\\\/algarve7.pt\\\/#\\\/schema\\\/logo\\\/image\\\/\",\"url\":\"https:\\\/\\\/algarve7.pt\\\/wp-content\\\/uploads\\\/2020\\\/10\\\/Logo-8.jpg\",\"contentUrl\":\"https:\\\/\\\/algarve7.pt\\\/wp-content\\\/uploads\\\/2020\\\/10\\\/Logo-8.jpg\",\"width\":1680,\"height\":1186,\"caption\":\"Algarve 7\"},\"image\":{\"@id\":\"https:\\\/\\\/algarve7.pt\\\/#\\\/schema\\\/logo\\\/image\\\/\"},\"sameAs\":[\"https:\\\/\\\/www.facebook.com\\\/algarve7\",\"https:\\\/\\\/x.com\\\/Algarvesete\",\"https:\\\/\\\/www.instagram.com\\\/jornalalgarve7\\\/\",\"https:\\\/\\\/www.linkedin.com\\\/company\\\/algarve7\",\"https:\\\/\\\/www.pinterest.pt\\\/geral0939\\\/_created\\\/\"]},{\"@type\":\"Person\",\"@id\":\"https:\\\/\\\/algarve7.pt\\\/#\\\/schema\\\/person\\\/23fa70681308e7b319a3204bcea45e0c\",\"name\":\"Algarve 7\",\"sameAs\":[\"https:\\\/\\\/algarve7.pt\",\"https:\\\/\\\/www.facebook.com\\\/algarve7\"],\"url\":\"https:\\\/\\\/algarve7.pt\\\/index.php\\\/author\\\/geralalgarve7-pt\\\/\"}]}<\/script>\n<!-- \/ Yoast SEO plugin. -->","yoast_head_json":{"title":"Maio traz o humor de joana marques, a ousadia de Victor Hugo Pontes, os dias do jazz e o talento de Carminho ao Teatro das Figuras\u00a0 - Algarve 7","description":"Maio traz o humor de joana marques, a ousadia de Victor Hugo Pontes, os dias do jazz e o talento de Carminho ao Teatro das Figuras\u00a0 Cultura","robots":{"index":"index","follow":"follow","max-snippet":"max-snippet:-1","max-image-preview":"max-image-preview:large","max-video-preview":"max-video-preview:-1"},"canonical":"https:\/\/algarve7.pt\/index.php\/2026\/05\/maio-traz-o-humor-de-joana-marques-a-ousadia-de-victor-hugo-pontes-os-dias-do-jazz-e-o-talento-de-carminho-ao-teatro-das-figuras\/cultura\/12\/36\/","og_locale":"pt_PT","og_type":"article","og_title":"Maio traz o humor de joana marques, a ousadia de Victor Hugo Pontes, os dias do jazz e o talento de Carminho ao Teatro das Figuras\u00a0 - Algarve 7","og_description":"Maio traz o humor de joana marques, a ousadia de Victor Hugo Pontes, os dias do jazz e o talento de Carminho ao Teatro das Figuras\u00a0 Cultura","og_url":"https:\/\/algarve7.pt\/index.php\/2026\/05\/maio-traz-o-humor-de-joana-marques-a-ousadia-de-victor-hugo-pontes-os-dias-do-jazz-e-o-talento-de-carminho-ao-teatro-das-figuras\/cultura\/12\/36\/","og_site_name":"Algarve 7","article_publisher":"https:\/\/www.facebook.com\/algarve7","article_author":"https:\/\/www.facebook.com\/algarve7","article_published_time":"2026-05-01T11:36:00+00:00","og_image":[{"width":800,"height":445,"url":"https:\/\/algarve7.pt\/wp-content\/uploads\/2026\/04\/FALSAS-HIstOTIAS-VERDAD-EIRAS_\u00a9Jose-Caldeira.jpg","type":"image\/jpeg"}],"author":"Algarve 7","twitter_card":"summary_large_image","twitter_creator":"@Algarvesete","twitter_site":"@Algarvesete","twitter_misc":{"Escrito por":"Algarve 7","Tempo estimado de leitura":"5 minutos"},"schema":{"@context":"https:\/\/schema.org","@graph":[{"@type":"Article","@id":"https:\/\/algarve7.pt\/index.php\/2026\/05\/maio-traz-o-humor-de-joana-marques-a-ousadia-de-victor-hugo-pontes-os-dias-do-jazz-e-o-talento-de-carminho-ao-teatro-das-figuras\/cultura\/12\/36\/#article","isPartOf":{"@id":"https:\/\/algarve7.pt\/index.php\/2026\/05\/maio-traz-o-humor-de-joana-marques-a-ousadia-de-victor-hugo-pontes-os-dias-do-jazz-e-o-talento-de-carminho-ao-teatro-das-figuras\/cultura\/12\/36\/"},"author":{"name":"Algarve 7","@id":"https:\/\/algarve7.pt\/#\/schema\/person\/23fa70681308e7b319a3204bcea45e0c"},"headline":"Maio traz o humor de joana marques, a ousadia de Victor Hugo Pontes, os dias do jazz e o talento de Carminho ao Teatro das Figuras\u00a0","datePublished":"2026-05-01T11:36:00+00:00","mainEntityOfPage":{"@id":"https:\/\/algarve7.pt\/index.php\/2026\/05\/maio-traz-o-humor-de-joana-marques-a-ousadia-de-victor-hugo-pontes-os-dias-do-jazz-e-o-talento-de-carminho-ao-teatro-das-figuras\/cultura\/12\/36\/"},"wordCount":878,"publisher":{"@id":"https:\/\/algarve7.pt\/#organization"},"image":{"@id":"https:\/\/algarve7.pt\/index.php\/2026\/05\/maio-traz-o-humor-de-joana-marques-a-ousadia-de-victor-hugo-pontes-os-dias-do-jazz-e-o-talento-de-carminho-ao-teatro-das-figuras\/cultura\/12\/36\/#primaryimage"},"thumbnailUrl":"https:\/\/algarve7.pt\/wp-content\/uploads\/2026\/04\/FALSAS-HIstOTIAS-VERDAD-EIRAS_\u00a9Jose-Caldeira.jpg","keywords":["Algarve","Cultura","Faro","Teatro das Figuras"],"articleSection":["Cultura"],"inLanguage":"pt-PT"},{"@type":"WebPage","@id":"https:\/\/algarve7.pt\/index.php\/2026\/05\/maio-traz-o-humor-de-joana-marques-a-ousadia-de-victor-hugo-pontes-os-dias-do-jazz-e-o-talento-de-carminho-ao-teatro-das-figuras\/cultura\/12\/36\/","url":"https:\/\/algarve7.pt\/index.php\/2026\/05\/maio-traz-o-humor-de-joana-marques-a-ousadia-de-victor-hugo-pontes-os-dias-do-jazz-e-o-talento-de-carminho-ao-teatro-das-figuras\/cultura\/12\/36\/","name":"Maio traz o humor de joana marques, a ousadia de Victor Hugo Pontes, os dias do jazz e o talento de Carminho ao Teatro das Figuras\u00a0 - Algarve 7","isPartOf":{"@id":"https:\/\/algarve7.pt\/#website"},"primaryImageOfPage":{"@id":"https:\/\/algarve7.pt\/index.php\/2026\/05\/maio-traz-o-humor-de-joana-marques-a-ousadia-de-victor-hugo-pontes-os-dias-do-jazz-e-o-talento-de-carminho-ao-teatro-das-figuras\/cultura\/12\/36\/#primaryimage"},"image":{"@id":"https:\/\/algarve7.pt\/index.php\/2026\/05\/maio-traz-o-humor-de-joana-marques-a-ousadia-de-victor-hugo-pontes-os-dias-do-jazz-e-o-talento-de-carminho-ao-teatro-das-figuras\/cultura\/12\/36\/#primaryimage"},"thumbnailUrl":"https:\/\/algarve7.pt\/wp-content\/uploads\/2026\/04\/FALSAS-HIstOTIAS-VERDAD-EIRAS_\u00a9Jose-Caldeira.jpg","datePublished":"2026-05-01T11:36:00+00:00","description":"Maio traz o humor de joana marques, a ousadia de Victor Hugo Pontes, os dias do jazz e o talento de Carminho ao Teatro das Figuras\u00a0 Cultura","breadcrumb":{"@id":"https:\/\/algarve7.pt\/index.php\/2026\/05\/maio-traz-o-humor-de-joana-marques-a-ousadia-de-victor-hugo-pontes-os-dias-do-jazz-e-o-talento-de-carminho-ao-teatro-das-figuras\/cultura\/12\/36\/#breadcrumb"},"inLanguage":"pt-PT","potentialAction":[{"@type":"ReadAction","target":["https:\/\/algarve7.pt\/index.php\/2026\/05\/maio-traz-o-humor-de-joana-marques-a-ousadia-de-victor-hugo-pontes-os-dias-do-jazz-e-o-talento-de-carminho-ao-teatro-das-figuras\/cultura\/12\/36\/"]}]},{"@type":"ImageObject","inLanguage":"pt-PT","@id":"https:\/\/algarve7.pt\/index.php\/2026\/05\/maio-traz-o-humor-de-joana-marques-a-ousadia-de-victor-hugo-pontes-os-dias-do-jazz-e-o-talento-de-carminho-ao-teatro-das-figuras\/cultura\/12\/36\/#primaryimage","url":"https:\/\/algarve7.pt\/wp-content\/uploads\/2026\/04\/FALSAS-HIstOTIAS-VERDAD-EIRAS_\u00a9Jose-Caldeira.jpg","contentUrl":"https:\/\/algarve7.pt\/wp-content\/uploads\/2026\/04\/FALSAS-HIstOTIAS-VERDAD-EIRAS_\u00a9Jose-Caldeira.jpg","width":800,"height":445},{"@type":"BreadcrumbList","@id":"https:\/\/algarve7.pt\/index.php\/2026\/05\/maio-traz-o-humor-de-joana-marques-a-ousadia-de-victor-hugo-pontes-os-dias-do-jazz-e-o-talento-de-carminho-ao-teatro-das-figuras\/cultura\/12\/36\/#breadcrumb","itemListElement":[{"@type":"ListItem","position":1,"name":"In\u00edcio","item":"https:\/\/algarve7.pt\/"},{"@type":"ListItem","position":2,"name":"Maio traz o humor de joana marques, a ousadia de Victor Hugo Pontes, os dias do jazz e o talento de Carminho ao Teatro das Figuras\u00a0"}]},{"@type":"WebSite","@id":"https:\/\/algarve7.pt\/#website","url":"https:\/\/algarve7.pt\/","name":"Algarve 7","description":"Informa\u00e7\u00e3o sobre o Algarve","publisher":{"@id":"https:\/\/algarve7.pt\/#organization"},"potentialAction":[{"@type":"SearchAction","target":{"@type":"EntryPoint","urlTemplate":"https:\/\/algarve7.pt\/?s={search_term_string}"},"query-input":{"@type":"PropertyValueSpecification","valueRequired":true,"valueName":"search_term_string"}}],"inLanguage":"pt-PT"},{"@type":"Organization","@id":"https:\/\/algarve7.pt\/#organization","name":"Algarve 7","url":"https:\/\/algarve7.pt\/","logo":{"@type":"ImageObject","inLanguage":"pt-PT","@id":"https:\/\/algarve7.pt\/#\/schema\/logo\/image\/","url":"https:\/\/algarve7.pt\/wp-content\/uploads\/2020\/10\/Logo-8.jpg","contentUrl":"https:\/\/algarve7.pt\/wp-content\/uploads\/2020\/10\/Logo-8.jpg","width":1680,"height":1186,"caption":"Algarve 7"},"image":{"@id":"https:\/\/algarve7.pt\/#\/schema\/logo\/image\/"},"sameAs":["https:\/\/www.facebook.com\/algarve7","https:\/\/x.com\/Algarvesete","https:\/\/www.instagram.com\/jornalalgarve7\/","https:\/\/www.linkedin.com\/company\/algarve7","https:\/\/www.pinterest.pt\/geral0939\/_created\/"]},{"@type":"Person","@id":"https:\/\/algarve7.pt\/#\/schema\/person\/23fa70681308e7b319a3204bcea45e0c","name":"Algarve 7","sameAs":["https:\/\/algarve7.pt","https:\/\/www.facebook.com\/algarve7"],"url":"https:\/\/algarve7.pt\/index.php\/author\/geralalgarve7-pt\/"}]}},"jetpack_publicize_connections":[],"jetpack_featured_media_url":"https:\/\/algarve7.pt\/wp-content\/uploads\/2026\/04\/FALSAS-HIstOTIAS-VERDAD-EIRAS_\u00a9Jose-Caldeira.jpg","jetpack_shortlink":"https:\/\/wp.me\/pcezmW-g4n","jetpack_sharing_enabled":true,"_links":{"self":[{"href":"https:\/\/algarve7.pt\/index.php\/wp-json\/wp\/v2\/posts\/61775","targetHints":{"allow":["GET"]}}],"collection":[{"href":"https:\/\/algarve7.pt\/index.php\/wp-json\/wp\/v2\/posts"}],"about":[{"href":"https:\/\/algarve7.pt\/index.php\/wp-json\/wp\/v2\/types\/post"}],"author":[{"embeddable":true,"href":"https:\/\/algarve7.pt\/index.php\/wp-json\/wp\/v2\/users\/1"}],"replies":[{"embeddable":true,"href":"https:\/\/algarve7.pt\/index.php\/wp-json\/wp\/v2\/comments?post=61775"}],"version-history":[{"count":1,"href":"https:\/\/algarve7.pt\/index.php\/wp-json\/wp\/v2\/posts\/61775\/revisions"}],"predecessor-version":[{"id":61778,"href":"https:\/\/algarve7.pt\/index.php\/wp-json\/wp\/v2\/posts\/61775\/revisions\/61778"}],"wp:featuredmedia":[{"embeddable":true,"href":"https:\/\/algarve7.pt\/index.php\/wp-json\/wp\/v2\/media\/61777"}],"wp:attachment":[{"href":"https:\/\/algarve7.pt\/index.php\/wp-json\/wp\/v2\/media?parent=61775"}],"wp:term":[{"taxonomy":"category","embeddable":true,"href":"https:\/\/algarve7.pt\/index.php\/wp-json\/wp\/v2\/categories?post=61775"},{"taxonomy":"post_tag","embeddable":true,"href":"https:\/\/algarve7.pt\/index.php\/wp-json\/wp\/v2\/tags?post=61775"}],"curies":[{"name":"wp","href":"https:\/\/api.w.org\/{rel}","templated":true}]}}