{"id":61772,"date":"2026-04-30T18:33:55","date_gmt":"2026-04-30T17:33:55","guid":{"rendered":"https:\/\/algarve7.pt\/?p=61772"},"modified":"2026-04-30T18:34:09","modified_gmt":"2026-04-30T17:34:09","slug":"albufeira-projeto-ferias-de-verao-2026-com-inscricoes-entre-5-e-7-de-maio","status":"publish","type":"post","link":"https:\/\/algarve7.pt\/index.php\/2026\/04\/albufeira-projeto-ferias-de-verao-2026-com-inscricoes-entre-5-e-7-de-maio\/atualidade\/18\/33\/","title":{"rendered":"Albufeira: \u201cProjeto f\u00e9rias de ver\u00e3o 2026\u201d com inscri\u00e7\u00f5es entre 5 e 7 de maio"},"content":{"rendered":"\n<p>Animar as f\u00e9rias de ver\u00e3o das crian\u00e7as durante o per\u00edodo de trabalho dos encarregados de educa\u00e7\u00e3o. \u00c9 este o principal objetivo do \u201cProjeto F\u00e9rias de Ver\u00e3o 2026\u201d, que se realiza entre os dias 6 de julho e 28 de agosto, e conta com um total de 750 vagas por per\u00edodo.<\/p>\n\n\n\n<p>A iniciativa \u00e9 organizada pela C\u00e2mara Municipal de Albufeira, e acontece nas instala\u00e7\u00f5es da Escola B\u00e1sica Dr. Francisco Cabrita. As atividades destinam-se a crian\u00e7as que frequentem o 1.\u00ba ciclo do Ensino B\u00e1sico em escolas do concelho, e cujo agregado familiar se encontre a trabalhar.<\/p>\n\n\n\n<p>As inscri\u00e7\u00f5es abrem \u00e0s 14h30 do pr\u00f3ximo dia 5 de maio, num per\u00edodo que se prolonga at\u00e9 \u00e0s 23h59 do dia 7 de maio, e devem ser submetidas atrav\u00e9s do preenchimento de um formul\u00e1rio online (<a href=\"https:\/\/siga.edubox.pt\/auth\" target=\"_blank\" rel=\"noreferrer noopener\">aqui<\/a>). A atribui\u00e7\u00e3o de vagas ser\u00e1 feita por ordem de inscri\u00e7\u00e3o, e respeitar\u00e1 os crit\u00e9rios definidos no procedimento de candidatura, admiss\u00e3o e frequ\u00eancia na iniciativa.<\/p>\n\n\n\n<p>O projeto encontra-se dividido em quatro per\u00edodos distintos. O primeiro decorre entre os dias 6 e 17 de julho. O segundo acontece entre 20 e 31 de julho. Os \u00faltimos dois per\u00edodos realizam-se durante o m\u00eas de agosto, entre os dias 3 e 14, e de 17 a 28.<\/p>\n\n\n\n<p>A participa\u00e7\u00e3o nas atividades tem um custo de 75\u20ac por quinzena. Para alunos com Escal\u00e3o A e B, o montante ser\u00e1 reduzido para 15\u20ac e 35\u20ac, respetivamente. As atividades decorrem entre segunda e sexta-feira, sempre entre as 8h30 e as 17h30.<\/p>\n","protected":false},"excerpt":{"rendered":"<p>Animar as f\u00e9rias de ver\u00e3o das crian\u00e7as durante o per\u00edodo de trabalho dos encarregados de educa\u00e7\u00e3o. \u00c9 este o principal<\/p>\n","protected":false},"author":1,"featured_media":61773,"comment_status":"closed","ping_status":"closed","sticky":false,"template":"","format":"standard","meta":{"colormag_page_container_layout":"default_layout","colormag_page_sidebar_layout":"default_layout","_monsterinsights_skip_tracking":false,"_monsterinsights_sitenote_active":false,"_monsterinsights_sitenote_note":"","_monsterinsights_sitenote_category":0,"jetpack_post_was_ever_published":false,"_jetpack_newsletter_access":"","_jetpack_dont_email_post_to_subs":false,"_jetpack_newsletter_tier_id":0,"_jetpack_memberships_contains_paywalled_content":false,"_jetpack_memberships_contains_paid_content":false,"footnotes":"","jetpack_publicize_message":"","jetpack_publicize_feature_enabled":true,"jetpack_social_post_already_shared":true,"jetpack_social_options":{"image_generator_settings":{"template":"highway","default_image_id":0,"font":"","enabled":false},"version":2}},"categories":[11],"tags":[155,36,62,285],"class_list":["post-61772","post","type-post","status-publish","format-standard","has-post-thumbnail","hentry","category-atualidade","tag-albufeira","tag-algarve","tag-atualidade","tag-ferias"],"yoast_head":"<!-- This site is optimized with the Yoast SEO plugin v27.5 - https:\/\/yoast.com\/product\/yoast-seo-wordpress\/ -->\n<title>Albufeira: \u201cProjeto f\u00e9rias de ver\u00e3o 2026\u201d com inscri\u00e7\u00f5es entre 5 e 7 de maio - Algarve 7<\/title>\n<meta name=\"description\" content=\"Albufeira: \u201cProjeto f\u00e9rias de ver\u00e3o 2026\u201d com inscri\u00e7\u00f5es entre 5 e 7 de maio Atualidade\" \/>\n<meta name=\"robots\" content=\"index, follow, max-snippet:-1, max-image-preview:large, max-video-preview:-1\" \/>\n<link rel=\"canonical\" href=\"https:\/\/algarve7.pt\/index.php\/2026\/04\/albufeira-projeto-ferias-de-verao-2026-com-inscricoes-entre-5-e-7-de-maio\/atualidade\/18\/33\/\" \/>\n<meta property=\"og:locale\" content=\"pt_PT\" \/>\n<meta property=\"og:type\" content=\"article\" \/>\n<meta property=\"og:title\" content=\"Albufeira: \u201cProjeto f\u00e9rias de ver\u00e3o 2026\u201d com inscri\u00e7\u00f5es entre 5 e 7 de maio - Algarve 7\" \/>\n<meta property=\"og:description\" content=\"Albufeira: \u201cProjeto f\u00e9rias de ver\u00e3o 2026\u201d com inscri\u00e7\u00f5es entre 5 e 7 de maio Atualidade\" \/>\n<meta property=\"og:url\" content=\"https:\/\/algarve7.pt\/index.php\/2026\/04\/albufeira-projeto-ferias-de-verao-2026-com-inscricoes-entre-5-e-7-de-maio\/atualidade\/18\/33\/\" \/>\n<meta property=\"og:site_name\" content=\"Algarve 7\" \/>\n<meta property=\"article:publisher\" content=\"https:\/\/www.facebook.com\/algarve7\" \/>\n<meta property=\"article:author\" content=\"https:\/\/www.facebook.com\/algarve7\" \/>\n<meta property=\"article:published_time\" content=\"2026-04-30T17:33:55+00:00\" \/>\n<meta property=\"article:modified_time\" content=\"2026-04-30T17:34:09+00:00\" \/>\n<meta property=\"og:image\" content=\"https:\/\/algarve7.pt\/wp-content\/uploads\/2026\/04\/Captura-de-ecra-2026-04-30-as-18.31.03.png\" \/>\n\t<meta property=\"og:image:width\" content=\"800\" \/>\n\t<meta property=\"og:image:height\" content=\"445\" \/>\n\t<meta property=\"og:image:type\" content=\"image\/png\" \/>\n<meta name=\"author\" content=\"Algarve 7\" \/>\n<meta name=\"twitter:card\" content=\"summary_large_image\" \/>\n<meta name=\"twitter:creator\" content=\"@Algarvesete\" \/>\n<meta name=\"twitter:site\" content=\"@Algarvesete\" \/>\n<meta name=\"twitter:label1\" content=\"Escrito por\" \/>\n\t<meta name=\"twitter:data1\" content=\"Algarve 7\" \/>\n\t<meta name=\"twitter:label2\" content=\"Tempo estimado de leitura\" \/>\n\t<meta name=\"twitter:data2\" content=\"2 minutos\" \/>\n<script type=\"application\/ld+json\" class=\"yoast-schema-graph\">{\"@context\":\"https:\\\/\\\/schema.org\",\"@graph\":[{\"@type\":\"Article\",\"@id\":\"https:\\\/\\\/algarve7.pt\\\/index.php\\\/2026\\\/04\\\/albufeira-projeto-ferias-de-verao-2026-com-inscricoes-entre-5-e-7-de-maio\\\/atualidade\\\/18\\\/33\\\/#article\",\"isPartOf\":{\"@id\":\"https:\\\/\\\/algarve7.pt\\\/index.php\\\/2026\\\/04\\\/albufeira-projeto-ferias-de-verao-2026-com-inscricoes-entre-5-e-7-de-maio\\\/atualidade\\\/18\\\/33\\\/\"},\"author\":{\"name\":\"Algarve 7\",\"@id\":\"https:\\\/\\\/algarve7.pt\\\/#\\\/schema\\\/person\\\/23fa70681308e7b319a3204bcea45e0c\"},\"headline\":\"Albufeira: \u201cProjeto f\u00e9rias de ver\u00e3o 2026\u201d com inscri\u00e7\u00f5es entre 5 e 7 de maio\",\"datePublished\":\"2026-04-30T17:33:55+00:00\",\"dateModified\":\"2026-04-30T17:34:09+00:00\",\"mainEntityOfPage\":{\"@id\":\"https:\\\/\\\/algarve7.pt\\\/index.php\\\/2026\\\/04\\\/albufeira-projeto-ferias-de-verao-2026-com-inscricoes-entre-5-e-7-de-maio\\\/atualidade\\\/18\\\/33\\\/\"},\"wordCount\":266,\"publisher\":{\"@id\":\"https:\\\/\\\/algarve7.pt\\\/#organization\"},\"image\":{\"@id\":\"https:\\\/\\\/algarve7.pt\\\/index.php\\\/2026\\\/04\\\/albufeira-projeto-ferias-de-verao-2026-com-inscricoes-entre-5-e-7-de-maio\\\/atualidade\\\/18\\\/33\\\/#primaryimage\"},\"thumbnailUrl\":\"https:\\\/\\\/algarve7.pt\\\/wp-content\\\/uploads\\\/2026\\\/04\\\/Captura-de-ecra-2026-04-30-as-18.31.03.png\",\"keywords\":[\"Albufeira\",\"Algarve\",\"Atualidade\",\"F\u00e9rias\"],\"articleSection\":[\"Atualidade\"],\"inLanguage\":\"pt-PT\"},{\"@type\":\"WebPage\",\"@id\":\"https:\\\/\\\/algarve7.pt\\\/index.php\\\/2026\\\/04\\\/albufeira-projeto-ferias-de-verao-2026-com-inscricoes-entre-5-e-7-de-maio\\\/atualidade\\\/18\\\/33\\\/\",\"url\":\"https:\\\/\\\/algarve7.pt\\\/index.php\\\/2026\\\/04\\\/albufeira-projeto-ferias-de-verao-2026-com-inscricoes-entre-5-e-7-de-maio\\\/atualidade\\\/18\\\/33\\\/\",\"name\":\"Albufeira: \u201cProjeto f\u00e9rias de ver\u00e3o 2026\u201d com inscri\u00e7\u00f5es entre 5 e 7 de maio - Algarve 7\",\"isPartOf\":{\"@id\":\"https:\\\/\\\/algarve7.pt\\\/#website\"},\"primaryImageOfPage\":{\"@id\":\"https:\\\/\\\/algarve7.pt\\\/index.php\\\/2026\\\/04\\\/albufeira-projeto-ferias-de-verao-2026-com-inscricoes-entre-5-e-7-de-maio\\\/atualidade\\\/18\\\/33\\\/#primaryimage\"},\"image\":{\"@id\":\"https:\\\/\\\/algarve7.pt\\\/index.php\\\/2026\\\/04\\\/albufeira-projeto-ferias-de-verao-2026-com-inscricoes-entre-5-e-7-de-maio\\\/atualidade\\\/18\\\/33\\\/#primaryimage\"},\"thumbnailUrl\":\"https:\\\/\\\/algarve7.pt\\\/wp-content\\\/uploads\\\/2026\\\/04\\\/Captura-de-ecra-2026-04-30-as-18.31.03.png\",\"datePublished\":\"2026-04-30T17:33:55+00:00\",\"dateModified\":\"2026-04-30T17:34:09+00:00\",\"description\":\"Albufeira: \u201cProjeto f\u00e9rias de ver\u00e3o 2026\u201d com inscri\u00e7\u00f5es entre 5 e 7 de maio Atualidade\",\"breadcrumb\":{\"@id\":\"https:\\\/\\\/algarve7.pt\\\/index.php\\\/2026\\\/04\\\/albufeira-projeto-ferias-de-verao-2026-com-inscricoes-entre-5-e-7-de-maio\\\/atualidade\\\/18\\\/33\\\/#breadcrumb\"},\"inLanguage\":\"pt-PT\",\"potentialAction\":[{\"@type\":\"ReadAction\",\"target\":[\"https:\\\/\\\/algarve7.pt\\\/index.php\\\/2026\\\/04\\\/albufeira-projeto-ferias-de-verao-2026-com-inscricoes-entre-5-e-7-de-maio\\\/atualidade\\\/18\\\/33\\\/\"]}]},{\"@type\":\"ImageObject\",\"inLanguage\":\"pt-PT\",\"@id\":\"https:\\\/\\\/algarve7.pt\\\/index.php\\\/2026\\\/04\\\/albufeira-projeto-ferias-de-verao-2026-com-inscricoes-entre-5-e-7-de-maio\\\/atualidade\\\/18\\\/33\\\/#primaryimage\",\"url\":\"https:\\\/\\\/algarve7.pt\\\/wp-content\\\/uploads\\\/2026\\\/04\\\/Captura-de-ecra-2026-04-30-as-18.31.03.png\",\"contentUrl\":\"https:\\\/\\\/algarve7.pt\\\/wp-content\\\/uploads\\\/2026\\\/04\\\/Captura-de-ecra-2026-04-30-as-18.31.03.png\",\"width\":800,\"height\":445},{\"@type\":\"BreadcrumbList\",\"@id\":\"https:\\\/\\\/algarve7.pt\\\/index.php\\\/2026\\\/04\\\/albufeira-projeto-ferias-de-verao-2026-com-inscricoes-entre-5-e-7-de-maio\\\/atualidade\\\/18\\\/33\\\/#breadcrumb\",\"itemListElement\":[{\"@type\":\"ListItem\",\"position\":1,\"name\":\"In\u00edcio\",\"item\":\"https:\\\/\\\/algarve7.pt\\\/\"},{\"@type\":\"ListItem\",\"position\":2,\"name\":\"Albufeira: \u201cProjeto f\u00e9rias de ver\u00e3o 2026\u201d com inscri\u00e7\u00f5es entre 5 e 7 de maio\"}]},{\"@type\":\"WebSite\",\"@id\":\"https:\\\/\\\/algarve7.pt\\\/#website\",\"url\":\"https:\\\/\\\/algarve7.pt\\\/\",\"name\":\"Algarve 7\",\"description\":\"Informa\u00e7\u00e3o sobre o Algarve\",\"publisher\":{\"@id\":\"https:\\\/\\\/algarve7.pt\\\/#organization\"},\"potentialAction\":[{\"@type\":\"SearchAction\",\"target\":{\"@type\":\"EntryPoint\",\"urlTemplate\":\"https:\\\/\\\/algarve7.pt\\\/?s={search_term_string}\"},\"query-input\":{\"@type\":\"PropertyValueSpecification\",\"valueRequired\":true,\"valueName\":\"search_term_string\"}}],\"inLanguage\":\"pt-PT\"},{\"@type\":\"Organization\",\"@id\":\"https:\\\/\\\/algarve7.pt\\\/#organization\",\"name\":\"Algarve 7\",\"url\":\"https:\\\/\\\/algarve7.pt\\\/\",\"logo\":{\"@type\":\"ImageObject\",\"inLanguage\":\"pt-PT\",\"@id\":\"https:\\\/\\\/algarve7.pt\\\/#\\\/schema\\\/logo\\\/image\\\/\",\"url\":\"https:\\\/\\\/algarve7.pt\\\/wp-content\\\/uploads\\\/2020\\\/10\\\/Logo-8.jpg\",\"contentUrl\":\"https:\\\/\\\/algarve7.pt\\\/wp-content\\\/uploads\\\/2020\\\/10\\\/Logo-8.jpg\",\"width\":1680,\"height\":1186,\"caption\":\"Algarve 7\"},\"image\":{\"@id\":\"https:\\\/\\\/algarve7.pt\\\/#\\\/schema\\\/logo\\\/image\\\/\"},\"sameAs\":[\"https:\\\/\\\/www.facebook.com\\\/algarve7\",\"https:\\\/\\\/x.com\\\/Algarvesete\",\"https:\\\/\\\/www.instagram.com\\\/jornalalgarve7\\\/\",\"https:\\\/\\\/www.linkedin.com\\\/company\\\/algarve7\",\"https:\\\/\\\/www.pinterest.pt\\\/geral0939\\\/_created\\\/\"]},{\"@type\":\"Person\",\"@id\":\"https:\\\/\\\/algarve7.pt\\\/#\\\/schema\\\/person\\\/23fa70681308e7b319a3204bcea45e0c\",\"name\":\"Algarve 7\",\"sameAs\":[\"https:\\\/\\\/algarve7.pt\",\"https:\\\/\\\/www.facebook.com\\\/algarve7\"],\"url\":\"https:\\\/\\\/algarve7.pt\\\/index.php\\\/author\\\/geralalgarve7-pt\\\/\"}]}<\/script>\n<!-- \/ Yoast SEO plugin. -->","yoast_head_json":{"title":"Albufeira: \u201cProjeto f\u00e9rias de ver\u00e3o 2026\u201d com inscri\u00e7\u00f5es entre 5 e 7 de maio - Algarve 7","description":"Albufeira: \u201cProjeto f\u00e9rias de ver\u00e3o 2026\u201d com inscri\u00e7\u00f5es entre 5 e 7 de maio Atualidade","robots":{"index":"index","follow":"follow","max-snippet":"max-snippet:-1","max-image-preview":"max-image-preview:large","max-video-preview":"max-video-preview:-1"},"canonical":"https:\/\/algarve7.pt\/index.php\/2026\/04\/albufeira-projeto-ferias-de-verao-2026-com-inscricoes-entre-5-e-7-de-maio\/atualidade\/18\/33\/","og_locale":"pt_PT","og_type":"article","og_title":"Albufeira: \u201cProjeto f\u00e9rias de ver\u00e3o 2026\u201d com inscri\u00e7\u00f5es entre 5 e 7 de maio - Algarve 7","og_description":"Albufeira: \u201cProjeto f\u00e9rias de ver\u00e3o 2026\u201d com inscri\u00e7\u00f5es entre 5 e 7 de maio Atualidade","og_url":"https:\/\/algarve7.pt\/index.php\/2026\/04\/albufeira-projeto-ferias-de-verao-2026-com-inscricoes-entre-5-e-7-de-maio\/atualidade\/18\/33\/","og_site_name":"Algarve 7","article_publisher":"https:\/\/www.facebook.com\/algarve7","article_author":"https:\/\/www.facebook.com\/algarve7","article_published_time":"2026-04-30T17:33:55+00:00","article_modified_time":"2026-04-30T17:34:09+00:00","og_image":[{"width":800,"height":445,"url":"https:\/\/algarve7.pt\/wp-content\/uploads\/2026\/04\/Captura-de-ecra-2026-04-30-as-18.31.03.png","type":"image\/png"}],"author":"Algarve 7","twitter_card":"summary_large_image","twitter_creator":"@Algarvesete","twitter_site":"@Algarvesete","twitter_misc":{"Escrito por":"Algarve 7","Tempo estimado de leitura":"2 minutos"},"schema":{"@context":"https:\/\/schema.org","@graph":[{"@type":"Article","@id":"https:\/\/algarve7.pt\/index.php\/2026\/04\/albufeira-projeto-ferias-de-verao-2026-com-inscricoes-entre-5-e-7-de-maio\/atualidade\/18\/33\/#article","isPartOf":{"@id":"https:\/\/algarve7.pt\/index.php\/2026\/04\/albufeira-projeto-ferias-de-verao-2026-com-inscricoes-entre-5-e-7-de-maio\/atualidade\/18\/33\/"},"author":{"name":"Algarve 7","@id":"https:\/\/algarve7.pt\/#\/schema\/person\/23fa70681308e7b319a3204bcea45e0c"},"headline":"Albufeira: \u201cProjeto f\u00e9rias de ver\u00e3o 2026\u201d com inscri\u00e7\u00f5es entre 5 e 7 de maio","datePublished":"2026-04-30T17:33:55+00:00","dateModified":"2026-04-30T17:34:09+00:00","mainEntityOfPage":{"@id":"https:\/\/algarve7.pt\/index.php\/2026\/04\/albufeira-projeto-ferias-de-verao-2026-com-inscricoes-entre-5-e-7-de-maio\/atualidade\/18\/33\/"},"wordCount":266,"publisher":{"@id":"https:\/\/algarve7.pt\/#organization"},"image":{"@id":"https:\/\/algarve7.pt\/index.php\/2026\/04\/albufeira-projeto-ferias-de-verao-2026-com-inscricoes-entre-5-e-7-de-maio\/atualidade\/18\/33\/#primaryimage"},"thumbnailUrl":"https:\/\/algarve7.pt\/wp-content\/uploads\/2026\/04\/Captura-de-ecra-2026-04-30-as-18.31.03.png","keywords":["Albufeira","Algarve","Atualidade","F\u00e9rias"],"articleSection":["Atualidade"],"inLanguage":"pt-PT"},{"@type":"WebPage","@id":"https:\/\/algarve7.pt\/index.php\/2026\/04\/albufeira-projeto-ferias-de-verao-2026-com-inscricoes-entre-5-e-7-de-maio\/atualidade\/18\/33\/","url":"https:\/\/algarve7.pt\/index.php\/2026\/04\/albufeira-projeto-ferias-de-verao-2026-com-inscricoes-entre-5-e-7-de-maio\/atualidade\/18\/33\/","name":"Albufeira: \u201cProjeto f\u00e9rias de ver\u00e3o 2026\u201d com inscri\u00e7\u00f5es entre 5 e 7 de maio - Algarve 7","isPartOf":{"@id":"https:\/\/algarve7.pt\/#website"},"primaryImageOfPage":{"@id":"https:\/\/algarve7.pt\/index.php\/2026\/04\/albufeira-projeto-ferias-de-verao-2026-com-inscricoes-entre-5-e-7-de-maio\/atualidade\/18\/33\/#primaryimage"},"image":{"@id":"https:\/\/algarve7.pt\/index.php\/2026\/04\/albufeira-projeto-ferias-de-verao-2026-com-inscricoes-entre-5-e-7-de-maio\/atualidade\/18\/33\/#primaryimage"},"thumbnailUrl":"https:\/\/algarve7.pt\/wp-content\/uploads\/2026\/04\/Captura-de-ecra-2026-04-30-as-18.31.03.png","datePublished":"2026-04-30T17:33:55+00:00","dateModified":"2026-04-30T17:34:09+00:00","description":"Albufeira: \u201cProjeto f\u00e9rias de ver\u00e3o 2026\u201d com inscri\u00e7\u00f5es entre 5 e 7 de maio Atualidade","breadcrumb":{"@id":"https:\/\/algarve7.pt\/index.php\/2026\/04\/albufeira-projeto-ferias-de-verao-2026-com-inscricoes-entre-5-e-7-de-maio\/atualidade\/18\/33\/#breadcrumb"},"inLanguage":"pt-PT","potentialAction":[{"@type":"ReadAction","target":["https:\/\/algarve7.pt\/index.php\/2026\/04\/albufeira-projeto-ferias-de-verao-2026-com-inscricoes-entre-5-e-7-de-maio\/atualidade\/18\/33\/"]}]},{"@type":"ImageObject","inLanguage":"pt-PT","@id":"https:\/\/algarve7.pt\/index.php\/2026\/04\/albufeira-projeto-ferias-de-verao-2026-com-inscricoes-entre-5-e-7-de-maio\/atualidade\/18\/33\/#primaryimage","url":"https:\/\/algarve7.pt\/wp-content\/uploads\/2026\/04\/Captura-de-ecra-2026-04-30-as-18.31.03.png","contentUrl":"https:\/\/algarve7.pt\/wp-content\/uploads\/2026\/04\/Captura-de-ecra-2026-04-30-as-18.31.03.png","width":800,"height":445},{"@type":"BreadcrumbList","@id":"https:\/\/algarve7.pt\/index.php\/2026\/04\/albufeira-projeto-ferias-de-verao-2026-com-inscricoes-entre-5-e-7-de-maio\/atualidade\/18\/33\/#breadcrumb","itemListElement":[{"@type":"ListItem","position":1,"name":"In\u00edcio","item":"https:\/\/algarve7.pt\/"},{"@type":"ListItem","position":2,"name":"Albufeira: \u201cProjeto f\u00e9rias de ver\u00e3o 2026\u201d com inscri\u00e7\u00f5es entre 5 e 7 de maio"}]},{"@type":"WebSite","@id":"https:\/\/algarve7.pt\/#website","url":"https:\/\/algarve7.pt\/","name":"Algarve 7","description":"Informa\u00e7\u00e3o sobre o Algarve","publisher":{"@id":"https:\/\/algarve7.pt\/#organization"},"potentialAction":[{"@type":"SearchAction","target":{"@type":"EntryPoint","urlTemplate":"https:\/\/algarve7.pt\/?s={search_term_string}"},"query-input":{"@type":"PropertyValueSpecification","valueRequired":true,"valueName":"search_term_string"}}],"inLanguage":"pt-PT"},{"@type":"Organization","@id":"https:\/\/algarve7.pt\/#organization","name":"Algarve 7","url":"https:\/\/algarve7.pt\/","logo":{"@type":"ImageObject","inLanguage":"pt-PT","@id":"https:\/\/algarve7.pt\/#\/schema\/logo\/image\/","url":"https:\/\/algarve7.pt\/wp-content\/uploads\/2020\/10\/Logo-8.jpg","contentUrl":"https:\/\/algarve7.pt\/wp-content\/uploads\/2020\/10\/Logo-8.jpg","width":1680,"height":1186,"caption":"Algarve 7"},"image":{"@id":"https:\/\/algarve7.pt\/#\/schema\/logo\/image\/"},"sameAs":["https:\/\/www.facebook.com\/algarve7","https:\/\/x.com\/Algarvesete","https:\/\/www.instagram.com\/jornalalgarve7\/","https:\/\/www.linkedin.com\/company\/algarve7","https:\/\/www.pinterest.pt\/geral0939\/_created\/"]},{"@type":"Person","@id":"https:\/\/algarve7.pt\/#\/schema\/person\/23fa70681308e7b319a3204bcea45e0c","name":"Algarve 7","sameAs":["https:\/\/algarve7.pt","https:\/\/www.facebook.com\/algarve7"],"url":"https:\/\/algarve7.pt\/index.php\/author\/geralalgarve7-pt\/"}]}},"jetpack_publicize_connections":[],"jetpack_featured_media_url":"https:\/\/algarve7.pt\/wp-content\/uploads\/2026\/04\/Captura-de-ecra-2026-04-30-as-18.31.03.png","jetpack_shortlink":"https:\/\/wp.me\/pcezmW-g4k","jetpack_sharing_enabled":true,"_links":{"self":[{"href":"https:\/\/algarve7.pt\/index.php\/wp-json\/wp\/v2\/posts\/61772","targetHints":{"allow":["GET"]}}],"collection":[{"href":"https:\/\/algarve7.pt\/index.php\/wp-json\/wp\/v2\/posts"}],"about":[{"href":"https:\/\/algarve7.pt\/index.php\/wp-json\/wp\/v2\/types\/post"}],"author":[{"embeddable":true,"href":"https:\/\/algarve7.pt\/index.php\/wp-json\/wp\/v2\/users\/1"}],"replies":[{"embeddable":true,"href":"https:\/\/algarve7.pt\/index.php\/wp-json\/wp\/v2\/comments?post=61772"}],"version-history":[{"count":1,"href":"https:\/\/algarve7.pt\/index.php\/wp-json\/wp\/v2\/posts\/61772\/revisions"}],"predecessor-version":[{"id":61774,"href":"https:\/\/algarve7.pt\/index.php\/wp-json\/wp\/v2\/posts\/61772\/revisions\/61774"}],"wp:featuredmedia":[{"embeddable":true,"href":"https:\/\/algarve7.pt\/index.php\/wp-json\/wp\/v2\/media\/61773"}],"wp:attachment":[{"href":"https:\/\/algarve7.pt\/index.php\/wp-json\/wp\/v2\/media?parent=61772"}],"wp:term":[{"taxonomy":"category","embeddable":true,"href":"https:\/\/algarve7.pt\/index.php\/wp-json\/wp\/v2\/categories?post=61772"},{"taxonomy":"post_tag","embeddable":true,"href":"https:\/\/algarve7.pt\/index.php\/wp-json\/wp\/v2\/tags?post=61772"}],"curies":[{"name":"wp","href":"https:\/\/api.w.org\/{rel}","templated":true}]}}