{"id":61762,"date":"2026-05-03T10:20:00","date_gmt":"2026-05-03T09:20:00","guid":{"rendered":"https:\/\/algarve7.pt\/?p=61762"},"modified":"2026-04-30T18:15:29","modified_gmt":"2026-04-30T17:15:29","slug":"algarve-regista-crescimento-de-119-de-proveitos-turisticos-em-marco","status":"publish","type":"post","link":"https:\/\/algarve7.pt\/index.php\/2026\/05\/algarve-regista-crescimento-de-119-de-proveitos-turisticos-em-marco\/turismo\/10\/20\/","title":{"rendered":"Algarve regista crescimento de 11,9% de proveitos tur\u00edsticos em mar\u00e7o"},"content":{"rendered":"\n<p>O Algarve registou em mar\u00e7o um crescimento de 11,9% nos proveitos tur\u00edsticos e de 3,9% nas dormidas face ao per\u00edodo hom\u00f3logo em 2025, confirmando a sua capacidade de atra\u00e7\u00e3o tur\u00edstica em tempos de incerteza \u00e0 escala global, de acordo com os dados divulgados hoje pelo Instituto Nacional de Estat\u00edstica (INE).<\/p>\n\n\n\n<p>A regi\u00e3o registou indicadores de crescimento superiores \u00e0 m\u00e9dia nacional, seja nos proveitos tur\u00edsticos, nos quais foi a regi\u00e3o que registou um maior aumento, seja na evolu\u00e7\u00e3o das dormidas, onde a taxa de varia\u00e7\u00e3o hom\u00f3loga, no caso dos n\u00e3o residentes, foi de 4%, tamb\u00e9m a mais elevada a n\u00edvel nacional. Igualmente, a estada m\u00e9dia dos turistas na regi\u00e3o, de 3,58 noites, foi superior \u00e0 m\u00e9dia nacional (2,42 noites).<\/p>\n\n\n\n<p>Para Andr\u00e9 Gomes, Presidente do Turismo do Algarve,&nbsp;<strong>\u201cestes resultados&nbsp;s\u00e3o um sinal positivo do trabalho que tem vindo a ser desenvolvido, em conjunto com os nossos parceiros p\u00fablicos e privados, na afirma\u00e7\u00e3o da regi\u00e3o como destino competitivo, seguro e atrativo durante todo o ano, e&nbsp;confirmam o Algarve como um destino de confian\u00e7a, perante os cen\u00e1rios de instabilidade \u00e0 escala global\u201d.<\/strong><\/p>\n\n\n\n<p><strong>\u201cOs indicadores de mar\u00e7o, ainda em \u00e9poca baixa, atestam que o Algarve atrai cada vez mais turistas durante todo o ano e permitem-nos, igualmente, encarar com otimismo os meses que se aproximam, os quais n\u00e3o deixam de ser especialmente desafiantes, se a conjuntura internacional se mantiver\u201d,&nbsp;<\/strong>acrescenta Andr\u00e9 Gomes.<\/p>\n\n\n\n<p>Apesar da relev\u00e2ncia que o mercado externo teve no bom desempenho de mar\u00e7o (+4% ao n\u00edvel das dormidas, face ao per\u00edodo hom\u00f3logo), o Algarve continua a ser um destino de elei\u00e7\u00e3o para os portugueses, tendo as dormidas de turistas nacionais crescido 3,2%.<\/p>\n\n\n\n<p>O crescimento registado em mercados como Espanha (+26,1%), It\u00e1lia (+15,2%) e Irlanda (+14,6%) confirma a import\u00e2ncia de uma estrat\u00e9gia promocional diversificada, que combina mercados consolidados com mercados de elevado potencial, permitindo reduzir depend\u00eancias e alargar a base internacional de procura pelo Algarve.<\/p>\n\n\n\n<p>No boletim do INE \u00e9 ainda destacada a performance de Albufeira, no m\u00eas de mar\u00e7o, com um crescimento de dormidas de 16% (28,6% nos residentes e 14,3% nos n\u00e3o residentes), tendo o concelho representado 7,4% do total de dormidas tur\u00edsticas a n\u00edvel nacional.&nbsp;<\/p>\n\n\n\n<p>A presen\u00e7a de sete munic\u00edpios algarvios entre os quinze principais concelhos nacionais em volume de dormidas confirma a for\u00e7a do Algarve enquanto destino regional integrado e com uma oferta diversificada, em todo o territ\u00f3rio e ao longo de todo o ano.<\/p>\n","protected":false},"excerpt":{"rendered":"<p>O Algarve registou em mar\u00e7o um crescimento de 11,9% nos proveitos tur\u00edsticos e de 3,9% nas dormidas face ao per\u00edodo<\/p>\n","protected":false},"author":1,"featured_media":61763,"comment_status":"closed","ping_status":"closed","sticky":false,"template":"","format":"standard","meta":{"colormag_page_container_layout":"default_layout","colormag_page_sidebar_layout":"default_layout","_monsterinsights_skip_tracking":false,"_monsterinsights_sitenote_active":false,"_monsterinsights_sitenote_note":"","_monsterinsights_sitenote_category":0,"jetpack_post_was_ever_published":false,"_jetpack_newsletter_access":"","_jetpack_dont_email_post_to_subs":false,"_jetpack_newsletter_tier_id":0,"_jetpack_memberships_contains_paywalled_content":false,"_jetpack_memberships_contains_paid_content":false,"footnotes":"","jetpack_publicize_message":"","jetpack_publicize_feature_enabled":true,"jetpack_social_post_already_shared":true,"jetpack_social_options":{"image_generator_settings":{"template":"highway","default_image_id":0,"font":"","enabled":false},"version":2}},"categories":[17],"tags":[36,1069,45],"class_list":["post-61762","post","type-post","status-publish","format-standard","has-post-thumbnail","hentry","category-turismo","tag-algarve","tag-regiao-de-turismo-do-algarve","tag-turismo"],"yoast_head":"<!-- This site is optimized with the Yoast SEO plugin v27.5 - https:\/\/yoast.com\/product\/yoast-seo-wordpress\/ -->\n<title>Algarve regista crescimento de 11,9% de proveitos tur\u00edsticos em mar\u00e7o - Algarve 7<\/title>\n<meta name=\"description\" content=\"Algarve regista crescimento de 11,9% de proveitos tur\u00edsticos em mar\u00e7o Turismo\" \/>\n<meta name=\"robots\" content=\"index, follow, max-snippet:-1, max-image-preview:large, max-video-preview:-1\" \/>\n<link rel=\"canonical\" href=\"https:\/\/algarve7.pt\/index.php\/2026\/05\/algarve-regista-crescimento-de-119-de-proveitos-turisticos-em-marco\/turismo\/10\/20\/\" \/>\n<meta property=\"og:locale\" content=\"pt_PT\" \/>\n<meta property=\"og:type\" content=\"article\" \/>\n<meta property=\"og:title\" content=\"Algarve regista crescimento de 11,9% de proveitos tur\u00edsticos em mar\u00e7o - Algarve 7\" \/>\n<meta property=\"og:description\" content=\"Algarve regista crescimento de 11,9% de proveitos tur\u00edsticos em mar\u00e7o Turismo\" \/>\n<meta property=\"og:url\" content=\"https:\/\/algarve7.pt\/index.php\/2026\/05\/algarve-regista-crescimento-de-119-de-proveitos-turisticos-em-marco\/turismo\/10\/20\/\" \/>\n<meta property=\"og:site_name\" content=\"Algarve 7\" \/>\n<meta property=\"article:publisher\" content=\"https:\/\/www.facebook.com\/algarve7\" \/>\n<meta property=\"article:author\" content=\"https:\/\/www.facebook.com\/algarve7\" \/>\n<meta property=\"article:published_time\" content=\"2026-05-03T09:20:00+00:00\" \/>\n<meta property=\"og:image\" content=\"https:\/\/algarve7.pt\/wp-content\/uploads\/2026\/04\/FestivalCaminheiros.jpg\" \/>\n\t<meta property=\"og:image:width\" content=\"800\" \/>\n\t<meta property=\"og:image:height\" content=\"445\" \/>\n\t<meta property=\"og:image:type\" content=\"image\/jpeg\" \/>\n<meta name=\"author\" content=\"Algarve 7\" \/>\n<meta name=\"twitter:card\" content=\"summary_large_image\" \/>\n<meta name=\"twitter:creator\" content=\"@Algarvesete\" \/>\n<meta name=\"twitter:site\" content=\"@Algarvesete\" \/>\n<meta name=\"twitter:label1\" content=\"Escrito por\" \/>\n\t<meta name=\"twitter:data1\" content=\"Algarve 7\" \/>\n\t<meta name=\"twitter:label2\" content=\"Tempo estimado de leitura\" \/>\n\t<meta name=\"twitter:data2\" content=\"3 minutos\" \/>\n<script type=\"application\/ld+json\" class=\"yoast-schema-graph\">{\"@context\":\"https:\\\/\\\/schema.org\",\"@graph\":[{\"@type\":\"Article\",\"@id\":\"https:\\\/\\\/algarve7.pt\\\/index.php\\\/2026\\\/05\\\/algarve-regista-crescimento-de-119-de-proveitos-turisticos-em-marco\\\/turismo\\\/10\\\/20\\\/#article\",\"isPartOf\":{\"@id\":\"https:\\\/\\\/algarve7.pt\\\/index.php\\\/2026\\\/05\\\/algarve-regista-crescimento-de-119-de-proveitos-turisticos-em-marco\\\/turismo\\\/10\\\/20\\\/\"},\"author\":{\"name\":\"Algarve 7\",\"@id\":\"https:\\\/\\\/algarve7.pt\\\/#\\\/schema\\\/person\\\/23fa70681308e7b319a3204bcea45e0c\"},\"headline\":\"Algarve regista crescimento de 11,9% de proveitos tur\u00edsticos em mar\u00e7o\",\"datePublished\":\"2026-05-03T09:20:00+00:00\",\"mainEntityOfPage\":{\"@id\":\"https:\\\/\\\/algarve7.pt\\\/index.php\\\/2026\\\/05\\\/algarve-regista-crescimento-de-119-de-proveitos-turisticos-em-marco\\\/turismo\\\/10\\\/20\\\/\"},\"wordCount\":440,\"publisher\":{\"@id\":\"https:\\\/\\\/algarve7.pt\\\/#organization\"},\"image\":{\"@id\":\"https:\\\/\\\/algarve7.pt\\\/index.php\\\/2026\\\/05\\\/algarve-regista-crescimento-de-119-de-proveitos-turisticos-em-marco\\\/turismo\\\/10\\\/20\\\/#primaryimage\"},\"thumbnailUrl\":\"https:\\\/\\\/algarve7.pt\\\/wp-content\\\/uploads\\\/2026\\\/04\\\/FestivalCaminheiros.jpg\",\"keywords\":[\"Algarve\",\"Regi\u00e3o de Turismo do Algarve\",\"Turismo\"],\"articleSection\":[\"Turismo\"],\"inLanguage\":\"pt-PT\"},{\"@type\":\"WebPage\",\"@id\":\"https:\\\/\\\/algarve7.pt\\\/index.php\\\/2026\\\/05\\\/algarve-regista-crescimento-de-119-de-proveitos-turisticos-em-marco\\\/turismo\\\/10\\\/20\\\/\",\"url\":\"https:\\\/\\\/algarve7.pt\\\/index.php\\\/2026\\\/05\\\/algarve-regista-crescimento-de-119-de-proveitos-turisticos-em-marco\\\/turismo\\\/10\\\/20\\\/\",\"name\":\"Algarve regista crescimento de 11,9% de proveitos tur\u00edsticos em mar\u00e7o - Algarve 7\",\"isPartOf\":{\"@id\":\"https:\\\/\\\/algarve7.pt\\\/#website\"},\"primaryImageOfPage\":{\"@id\":\"https:\\\/\\\/algarve7.pt\\\/index.php\\\/2026\\\/05\\\/algarve-regista-crescimento-de-119-de-proveitos-turisticos-em-marco\\\/turismo\\\/10\\\/20\\\/#primaryimage\"},\"image\":{\"@id\":\"https:\\\/\\\/algarve7.pt\\\/index.php\\\/2026\\\/05\\\/algarve-regista-crescimento-de-119-de-proveitos-turisticos-em-marco\\\/turismo\\\/10\\\/20\\\/#primaryimage\"},\"thumbnailUrl\":\"https:\\\/\\\/algarve7.pt\\\/wp-content\\\/uploads\\\/2026\\\/04\\\/FestivalCaminheiros.jpg\",\"datePublished\":\"2026-05-03T09:20:00+00:00\",\"description\":\"Algarve regista crescimento de 11,9% de proveitos tur\u00edsticos em mar\u00e7o Turismo\",\"breadcrumb\":{\"@id\":\"https:\\\/\\\/algarve7.pt\\\/index.php\\\/2026\\\/05\\\/algarve-regista-crescimento-de-119-de-proveitos-turisticos-em-marco\\\/turismo\\\/10\\\/20\\\/#breadcrumb\"},\"inLanguage\":\"pt-PT\",\"potentialAction\":[{\"@type\":\"ReadAction\",\"target\":[\"https:\\\/\\\/algarve7.pt\\\/index.php\\\/2026\\\/05\\\/algarve-regista-crescimento-de-119-de-proveitos-turisticos-em-marco\\\/turismo\\\/10\\\/20\\\/\"]}]},{\"@type\":\"ImageObject\",\"inLanguage\":\"pt-PT\",\"@id\":\"https:\\\/\\\/algarve7.pt\\\/index.php\\\/2026\\\/05\\\/algarve-regista-crescimento-de-119-de-proveitos-turisticos-em-marco\\\/turismo\\\/10\\\/20\\\/#primaryimage\",\"url\":\"https:\\\/\\\/algarve7.pt\\\/wp-content\\\/uploads\\\/2026\\\/04\\\/FestivalCaminheiros.jpg\",\"contentUrl\":\"https:\\\/\\\/algarve7.pt\\\/wp-content\\\/uploads\\\/2026\\\/04\\\/FestivalCaminheiros.jpg\",\"width\":800,\"height\":445},{\"@type\":\"BreadcrumbList\",\"@id\":\"https:\\\/\\\/algarve7.pt\\\/index.php\\\/2026\\\/05\\\/algarve-regista-crescimento-de-119-de-proveitos-turisticos-em-marco\\\/turismo\\\/10\\\/20\\\/#breadcrumb\",\"itemListElement\":[{\"@type\":\"ListItem\",\"position\":1,\"name\":\"In\u00edcio\",\"item\":\"https:\\\/\\\/algarve7.pt\\\/\"},{\"@type\":\"ListItem\",\"position\":2,\"name\":\"Algarve regista crescimento de 11,9% de proveitos tur\u00edsticos em mar\u00e7o\"}]},{\"@type\":\"WebSite\",\"@id\":\"https:\\\/\\\/algarve7.pt\\\/#website\",\"url\":\"https:\\\/\\\/algarve7.pt\\\/\",\"name\":\"Algarve 7\",\"description\":\"Informa\u00e7\u00e3o sobre o Algarve\",\"publisher\":{\"@id\":\"https:\\\/\\\/algarve7.pt\\\/#organization\"},\"potentialAction\":[{\"@type\":\"SearchAction\",\"target\":{\"@type\":\"EntryPoint\",\"urlTemplate\":\"https:\\\/\\\/algarve7.pt\\\/?s={search_term_string}\"},\"query-input\":{\"@type\":\"PropertyValueSpecification\",\"valueRequired\":true,\"valueName\":\"search_term_string\"}}],\"inLanguage\":\"pt-PT\"},{\"@type\":\"Organization\",\"@id\":\"https:\\\/\\\/algarve7.pt\\\/#organization\",\"name\":\"Algarve 7\",\"url\":\"https:\\\/\\\/algarve7.pt\\\/\",\"logo\":{\"@type\":\"ImageObject\",\"inLanguage\":\"pt-PT\",\"@id\":\"https:\\\/\\\/algarve7.pt\\\/#\\\/schema\\\/logo\\\/image\\\/\",\"url\":\"https:\\\/\\\/algarve7.pt\\\/wp-content\\\/uploads\\\/2020\\\/10\\\/Logo-8.jpg\",\"contentUrl\":\"https:\\\/\\\/algarve7.pt\\\/wp-content\\\/uploads\\\/2020\\\/10\\\/Logo-8.jpg\",\"width\":1680,\"height\":1186,\"caption\":\"Algarve 7\"},\"image\":{\"@id\":\"https:\\\/\\\/algarve7.pt\\\/#\\\/schema\\\/logo\\\/image\\\/\"},\"sameAs\":[\"https:\\\/\\\/www.facebook.com\\\/algarve7\",\"https:\\\/\\\/x.com\\\/Algarvesete\",\"https:\\\/\\\/www.instagram.com\\\/jornalalgarve7\\\/\",\"https:\\\/\\\/www.linkedin.com\\\/company\\\/algarve7\",\"https:\\\/\\\/www.pinterest.pt\\\/geral0939\\\/_created\\\/\"]},{\"@type\":\"Person\",\"@id\":\"https:\\\/\\\/algarve7.pt\\\/#\\\/schema\\\/person\\\/23fa70681308e7b319a3204bcea45e0c\",\"name\":\"Algarve 7\",\"sameAs\":[\"https:\\\/\\\/algarve7.pt\",\"https:\\\/\\\/www.facebook.com\\\/algarve7\"],\"url\":\"https:\\\/\\\/algarve7.pt\\\/index.php\\\/author\\\/geralalgarve7-pt\\\/\"}]}<\/script>\n<!-- \/ Yoast SEO plugin. -->","yoast_head_json":{"title":"Algarve regista crescimento de 11,9% de proveitos tur\u00edsticos em mar\u00e7o - Algarve 7","description":"Algarve regista crescimento de 11,9% de proveitos tur\u00edsticos em mar\u00e7o Turismo","robots":{"index":"index","follow":"follow","max-snippet":"max-snippet:-1","max-image-preview":"max-image-preview:large","max-video-preview":"max-video-preview:-1"},"canonical":"https:\/\/algarve7.pt\/index.php\/2026\/05\/algarve-regista-crescimento-de-119-de-proveitos-turisticos-em-marco\/turismo\/10\/20\/","og_locale":"pt_PT","og_type":"article","og_title":"Algarve regista crescimento de 11,9% de proveitos tur\u00edsticos em mar\u00e7o - Algarve 7","og_description":"Algarve regista crescimento de 11,9% de proveitos tur\u00edsticos em mar\u00e7o Turismo","og_url":"https:\/\/algarve7.pt\/index.php\/2026\/05\/algarve-regista-crescimento-de-119-de-proveitos-turisticos-em-marco\/turismo\/10\/20\/","og_site_name":"Algarve 7","article_publisher":"https:\/\/www.facebook.com\/algarve7","article_author":"https:\/\/www.facebook.com\/algarve7","article_published_time":"2026-05-03T09:20:00+00:00","og_image":[{"width":800,"height":445,"url":"https:\/\/algarve7.pt\/wp-content\/uploads\/2026\/04\/FestivalCaminheiros.jpg","type":"image\/jpeg"}],"author":"Algarve 7","twitter_card":"summary_large_image","twitter_creator":"@Algarvesete","twitter_site":"@Algarvesete","twitter_misc":{"Escrito por":"Algarve 7","Tempo estimado de leitura":"3 minutos"},"schema":{"@context":"https:\/\/schema.org","@graph":[{"@type":"Article","@id":"https:\/\/algarve7.pt\/index.php\/2026\/05\/algarve-regista-crescimento-de-119-de-proveitos-turisticos-em-marco\/turismo\/10\/20\/#article","isPartOf":{"@id":"https:\/\/algarve7.pt\/index.php\/2026\/05\/algarve-regista-crescimento-de-119-de-proveitos-turisticos-em-marco\/turismo\/10\/20\/"},"author":{"name":"Algarve 7","@id":"https:\/\/algarve7.pt\/#\/schema\/person\/23fa70681308e7b319a3204bcea45e0c"},"headline":"Algarve regista crescimento de 11,9% de proveitos tur\u00edsticos em mar\u00e7o","datePublished":"2026-05-03T09:20:00+00:00","mainEntityOfPage":{"@id":"https:\/\/algarve7.pt\/index.php\/2026\/05\/algarve-regista-crescimento-de-119-de-proveitos-turisticos-em-marco\/turismo\/10\/20\/"},"wordCount":440,"publisher":{"@id":"https:\/\/algarve7.pt\/#organization"},"image":{"@id":"https:\/\/algarve7.pt\/index.php\/2026\/05\/algarve-regista-crescimento-de-119-de-proveitos-turisticos-em-marco\/turismo\/10\/20\/#primaryimage"},"thumbnailUrl":"https:\/\/algarve7.pt\/wp-content\/uploads\/2026\/04\/FestivalCaminheiros.jpg","keywords":["Algarve","Regi\u00e3o de Turismo do Algarve","Turismo"],"articleSection":["Turismo"],"inLanguage":"pt-PT"},{"@type":"WebPage","@id":"https:\/\/algarve7.pt\/index.php\/2026\/05\/algarve-regista-crescimento-de-119-de-proveitos-turisticos-em-marco\/turismo\/10\/20\/","url":"https:\/\/algarve7.pt\/index.php\/2026\/05\/algarve-regista-crescimento-de-119-de-proveitos-turisticos-em-marco\/turismo\/10\/20\/","name":"Algarve regista crescimento de 11,9% de proveitos tur\u00edsticos em mar\u00e7o - Algarve 7","isPartOf":{"@id":"https:\/\/algarve7.pt\/#website"},"primaryImageOfPage":{"@id":"https:\/\/algarve7.pt\/index.php\/2026\/05\/algarve-regista-crescimento-de-119-de-proveitos-turisticos-em-marco\/turismo\/10\/20\/#primaryimage"},"image":{"@id":"https:\/\/algarve7.pt\/index.php\/2026\/05\/algarve-regista-crescimento-de-119-de-proveitos-turisticos-em-marco\/turismo\/10\/20\/#primaryimage"},"thumbnailUrl":"https:\/\/algarve7.pt\/wp-content\/uploads\/2026\/04\/FestivalCaminheiros.jpg","datePublished":"2026-05-03T09:20:00+00:00","description":"Algarve regista crescimento de 11,9% de proveitos tur\u00edsticos em mar\u00e7o Turismo","breadcrumb":{"@id":"https:\/\/algarve7.pt\/index.php\/2026\/05\/algarve-regista-crescimento-de-119-de-proveitos-turisticos-em-marco\/turismo\/10\/20\/#breadcrumb"},"inLanguage":"pt-PT","potentialAction":[{"@type":"ReadAction","target":["https:\/\/algarve7.pt\/index.php\/2026\/05\/algarve-regista-crescimento-de-119-de-proveitos-turisticos-em-marco\/turismo\/10\/20\/"]}]},{"@type":"ImageObject","inLanguage":"pt-PT","@id":"https:\/\/algarve7.pt\/index.php\/2026\/05\/algarve-regista-crescimento-de-119-de-proveitos-turisticos-em-marco\/turismo\/10\/20\/#primaryimage","url":"https:\/\/algarve7.pt\/wp-content\/uploads\/2026\/04\/FestivalCaminheiros.jpg","contentUrl":"https:\/\/algarve7.pt\/wp-content\/uploads\/2026\/04\/FestivalCaminheiros.jpg","width":800,"height":445},{"@type":"BreadcrumbList","@id":"https:\/\/algarve7.pt\/index.php\/2026\/05\/algarve-regista-crescimento-de-119-de-proveitos-turisticos-em-marco\/turismo\/10\/20\/#breadcrumb","itemListElement":[{"@type":"ListItem","position":1,"name":"In\u00edcio","item":"https:\/\/algarve7.pt\/"},{"@type":"ListItem","position":2,"name":"Algarve regista crescimento de 11,9% de proveitos tur\u00edsticos em mar\u00e7o"}]},{"@type":"WebSite","@id":"https:\/\/algarve7.pt\/#website","url":"https:\/\/algarve7.pt\/","name":"Algarve 7","description":"Informa\u00e7\u00e3o sobre o Algarve","publisher":{"@id":"https:\/\/algarve7.pt\/#organization"},"potentialAction":[{"@type":"SearchAction","target":{"@type":"EntryPoint","urlTemplate":"https:\/\/algarve7.pt\/?s={search_term_string}"},"query-input":{"@type":"PropertyValueSpecification","valueRequired":true,"valueName":"search_term_string"}}],"inLanguage":"pt-PT"},{"@type":"Organization","@id":"https:\/\/algarve7.pt\/#organization","name":"Algarve 7","url":"https:\/\/algarve7.pt\/","logo":{"@type":"ImageObject","inLanguage":"pt-PT","@id":"https:\/\/algarve7.pt\/#\/schema\/logo\/image\/","url":"https:\/\/algarve7.pt\/wp-content\/uploads\/2020\/10\/Logo-8.jpg","contentUrl":"https:\/\/algarve7.pt\/wp-content\/uploads\/2020\/10\/Logo-8.jpg","width":1680,"height":1186,"caption":"Algarve 7"},"image":{"@id":"https:\/\/algarve7.pt\/#\/schema\/logo\/image\/"},"sameAs":["https:\/\/www.facebook.com\/algarve7","https:\/\/x.com\/Algarvesete","https:\/\/www.instagram.com\/jornalalgarve7\/","https:\/\/www.linkedin.com\/company\/algarve7","https:\/\/www.pinterest.pt\/geral0939\/_created\/"]},{"@type":"Person","@id":"https:\/\/algarve7.pt\/#\/schema\/person\/23fa70681308e7b319a3204bcea45e0c","name":"Algarve 7","sameAs":["https:\/\/algarve7.pt","https:\/\/www.facebook.com\/algarve7"],"url":"https:\/\/algarve7.pt\/index.php\/author\/geralalgarve7-pt\/"}]}},"jetpack_publicize_connections":[],"jetpack_featured_media_url":"https:\/\/algarve7.pt\/wp-content\/uploads\/2026\/04\/FestivalCaminheiros.jpg","jetpack_shortlink":"https:\/\/wp.me\/pcezmW-g4a","jetpack_sharing_enabled":true,"_links":{"self":[{"href":"https:\/\/algarve7.pt\/index.php\/wp-json\/wp\/v2\/posts\/61762","targetHints":{"allow":["GET"]}}],"collection":[{"href":"https:\/\/algarve7.pt\/index.php\/wp-json\/wp\/v2\/posts"}],"about":[{"href":"https:\/\/algarve7.pt\/index.php\/wp-json\/wp\/v2\/types\/post"}],"author":[{"embeddable":true,"href":"https:\/\/algarve7.pt\/index.php\/wp-json\/wp\/v2\/users\/1"}],"replies":[{"embeddable":true,"href":"https:\/\/algarve7.pt\/index.php\/wp-json\/wp\/v2\/comments?post=61762"}],"version-history":[{"count":1,"href":"https:\/\/algarve7.pt\/index.php\/wp-json\/wp\/v2\/posts\/61762\/revisions"}],"predecessor-version":[{"id":61855,"href":"https:\/\/algarve7.pt\/index.php\/wp-json\/wp\/v2\/posts\/61762\/revisions\/61855"}],"wp:featuredmedia":[{"embeddable":true,"href":"https:\/\/algarve7.pt\/index.php\/wp-json\/wp\/v2\/media\/61763"}],"wp:attachment":[{"href":"https:\/\/algarve7.pt\/index.php\/wp-json\/wp\/v2\/media?parent=61762"}],"wp:term":[{"taxonomy":"category","embeddable":true,"href":"https:\/\/algarve7.pt\/index.php\/wp-json\/wp\/v2\/categories?post=61762"},{"taxonomy":"post_tag","embeddable":true,"href":"https:\/\/algarve7.pt\/index.php\/wp-json\/wp\/v2\/tags?post=61762"}],"curies":[{"name":"wp","href":"https:\/\/api.w.org\/{rel}","templated":true}]}}