{"id":61754,"date":"2026-05-01T11:30:00","date_gmt":"2026-05-01T10:30:00","guid":{"rendered":"https:\/\/algarve7.pt\/?p=61754"},"modified":"2026-04-30T18:02:18","modified_gmt":"2026-04-30T17:02:18","slug":"associacao-turismo-do-algarve-fecha-2025-com-resultados-positivos-e-consolida-estrategia-para-um-algarve-menos-sazonal","status":"publish","type":"post","link":"https:\/\/algarve7.pt\/index.php\/2026\/05\/associacao-turismo-do-algarve-fecha-2025-com-resultados-positivos-e-consolida-estrategia-para-um-algarve-menos-sazonal\/turismo\/11\/30\/","title":{"rendered":"Associa\u00e7\u00e3o Turismo do Algarve fecha 2025 com resultados positivos e consolida estrat\u00e9gia para um algarve menos sazonal"},"content":{"rendered":"\n<p id=\"isPasted\">A Associa\u00e7\u00e3o Turismo do Algarve (ATA), entidade regional respons\u00e1vel pela promo\u00e7\u00e3o tur\u00edstica do Algarve junto dos mercados internacionais, fechou 2025 com resultados positivos superiores a 83 mil euros. O Relat\u00f3rio e Contas do ano passado foi aprovado por unanimidade, esta quarta-feira, 29 de abril, em Assembleia Geral, num sinal claro de confian\u00e7a dos associados no trabalho desenvolvido e na estrat\u00e9gia promocional seguida para o destino.<br><\/p>\n\n\n\n<p>O balan\u00e7o do exerc\u00edcio revela uma Associa\u00e7\u00e3o mais robusta e com uma base associativa em crescimento. No ano passado, a ATA registou a entrada de 36 novos associados ao longo do ano, o que contribuiu para o refor\u00e7o da sua representatividade, para uma maior solidez financeira e para o aumento da sua capacidade de interven\u00e7\u00e3o.<br><\/p>\n\n\n\n<p>Esta evolu\u00e7\u00e3o refor\u00e7a tamb\u00e9m a natureza regional e agregadora da ATA, cuja atua\u00e7\u00e3o promocional procura valorizar o Algarve como um destino integrado, com cobertura dos 16 concelhos e envolvimento dos seus associados, representativos das diferentes \u00e1reas de atividade tur\u00edstica da regi\u00e3o. A promo\u00e7\u00e3o externa desenvolvida pela Associa\u00e7\u00e3o assenta numa l\u00f3gica de destino, procurando dar visibilidade \u00e0 diversidade da oferta tur\u00edstica algarvia, dos produtos consolidados \u00e0s novas propostas de valor, e contribuir para uma distribui\u00e7\u00e3o mais equilibrada da procura pelo territ\u00f3rio.<br><br>Em 2025, a atividade promocional da ATA manteve uma presen\u00e7a cont\u00ednua nos principais mercados emissores, assegurando uma execu\u00e7\u00e3o de 100% do plano de marca e concretizando um investimento total de 4,39 milh\u00f5es de euros. Mais do que uma execu\u00e7\u00e3o integral, tratou-se de uma atua\u00e7\u00e3o seletiva e orientada para os mercados, canais e produtos com maior capacidade de gerar procura e acrescentar valor ao destino. Entre os principais mercados, o maior refor\u00e7o foi direcionado para os EUA, com um aumento de investimento pr\u00f3ximo dos 48% face a 2024.<br><\/p>\n\n\n\n<p>Ao longo do ano, a associa\u00e7\u00e3o apoiou mais de 64 operadores tur\u00edsticos, ag\u00eancias de viagens e companhias a\u00e9reas em cerca de 19 mercados, atrav\u00e9s de campanhas de co-marketing; participou em cerca de 60 feiras, workshops e eventos profissionais; e trouxe ao Algarve mais de 430 agentes de viagens, operadores, jornalistas e criadores de conte\u00fados em viagens de familiariza\u00e7\u00e3o e visitas de imprensa.<\/p>\n\n\n\n<p>Estes indicadores refletem a intensidade da atividade promocional desenvolvida e a capacidade da ATA para atuar, em simult\u00e2neo, na notoriedade internacional do Algarve, na convers\u00e3o comercial, na conectividade a\u00e9rea e na diversifica\u00e7\u00e3o da procura tur\u00edstica.<br><\/p>\n\n\n\n<p>No \u00e2mbito dos Planos de Comercializa\u00e7\u00e3o e Vendas &#8211; instrumentos de alavancagem promocional disponibilizados aos associados -, foram mobilizados mais de 2,18 milh\u00f5es de euros de apoio \u00e0 promo\u00e7\u00e3o externa, envolvendo 70 empresas eleg\u00edveis, com destaque para campanhas internacionais e para a aposta em produtos estrat\u00e9gicos como sol e mar, turismo de luxo e golfe. O Reino Unido manteve-se como principal mercado destinat\u00e1rio das a\u00e7\u00f5es desenvolvidas pelas empresas, seguido dos Estados Unidos e da Alemanha.<br><\/p>\n\n\n\n<p>Para Andr\u00e9 Gomes, presidente da ATA,<em>&nbsp;<strong>estes resultados n\u00e3o s\u00f3 confirmam uma associa\u00e7\u00e3o financeiramente robusta e aut\u00f3noma, como refletem confian\u00e7a, consist\u00eancia e a capacidade do Algarve para continuar a afirmar-se nos mercados internacionais com ambi\u00e7\u00e3o e vis\u00e3o de longo prazo. Ao mesmo tempo, traduzem uma estrat\u00e9gia que est\u00e1 a ajudar o destino a evoluir para um modelo mais equilibrado, com menos sazonalidade, mercados mais s\u00f3lidos e maior procura fora da \u00e9poca alta, o que nos permite refor\u00e7ar a sustentabilidade e a competitividade do Algarve<\/strong>.\u201d<\/em><\/p>\n","protected":false},"excerpt":{"rendered":"<p>A Associa\u00e7\u00e3o Turismo do Algarve (ATA), entidade regional respons\u00e1vel pela promo\u00e7\u00e3o tur\u00edstica do Algarve junto dos mercados internacionais, fechou 2025<\/p>\n","protected":false},"author":1,"featured_media":30171,"comment_status":"closed","ping_status":"closed","sticky":false,"template":"","format":"standard","meta":{"colormag_page_container_layout":"default_layout","colormag_page_sidebar_layout":"default_layout","_monsterinsights_skip_tracking":false,"_monsterinsights_sitenote_active":false,"_monsterinsights_sitenote_note":"","_monsterinsights_sitenote_category":0,"jetpack_post_was_ever_published":false,"_jetpack_newsletter_access":"","_jetpack_dont_email_post_to_subs":false,"_jetpack_newsletter_tier_id":0,"_jetpack_memberships_contains_paywalled_content":false,"_jetpack_memberships_contains_paid_content":false,"footnotes":"","jetpack_publicize_message":"","jetpack_publicize_feature_enabled":true,"jetpack_social_post_already_shared":true,"jetpack_social_options":{"image_generator_settings":{"template":"highway","default_image_id":0,"font":"","enabled":false},"version":2}},"categories":[17],"tags":[36,1051,1151,426,45],"class_list":["post-61754","post","type-post","status-publish","format-standard","has-post-thumbnail","hentry","category-turismo","tag-algarve","tag-andre-gomes","tag-associacao-turismo-do-algarve","tag-ata","tag-turismo"],"yoast_head":"<!-- This site is optimized with the Yoast SEO plugin v27.5 - https:\/\/yoast.com\/product\/yoast-seo-wordpress\/ -->\n<title>Associa\u00e7\u00e3o Turismo do Algarve fecha 2025 com resultados positivos e consolida estrat\u00e9gia para um algarve menos sazonal - Algarve 7<\/title>\n<meta name=\"description\" content=\"Associa\u00e7\u00e3o Turismo do Algarve fecha 2025 com resultados positivos e consolida estrat\u00e9gia para um algarve menos sazonal Turismo\" \/>\n<meta name=\"robots\" content=\"index, follow, max-snippet:-1, max-image-preview:large, max-video-preview:-1\" \/>\n<link rel=\"canonical\" href=\"https:\/\/algarve7.pt\/index.php\/2026\/05\/associacao-turismo-do-algarve-fecha-2025-com-resultados-positivos-e-consolida-estrategia-para-um-algarve-menos-sazonal\/turismo\/11\/30\/\" \/>\n<meta property=\"og:locale\" content=\"pt_PT\" \/>\n<meta property=\"og:type\" content=\"article\" \/>\n<meta property=\"og:title\" content=\"Associa\u00e7\u00e3o Turismo do Algarve fecha 2025 com resultados positivos e consolida estrat\u00e9gia para um algarve menos sazonal - Algarve 7\" \/>\n<meta property=\"og:description\" content=\"Associa\u00e7\u00e3o Turismo do Algarve fecha 2025 com resultados positivos e consolida estrat\u00e9gia para um algarve menos sazonal Turismo\" \/>\n<meta property=\"og:url\" content=\"https:\/\/algarve7.pt\/index.php\/2026\/05\/associacao-turismo-do-algarve-fecha-2025-com-resultados-positivos-e-consolida-estrategia-para-um-algarve-menos-sazonal\/turismo\/11\/30\/\" \/>\n<meta property=\"og:site_name\" content=\"Algarve 7\" \/>\n<meta property=\"article:publisher\" content=\"https:\/\/www.facebook.com\/algarve7\" \/>\n<meta property=\"article:author\" content=\"https:\/\/www.facebook.com\/algarve7\" \/>\n<meta property=\"article:published_time\" content=\"2026-05-01T10:30:00+00:00\" \/>\n<meta property=\"og:image\" content=\"https:\/\/algarve7.pt\/wp-content\/uploads\/2023\/08\/Andre_Gomes-e1692203863335.jpg\" \/>\n\t<meta property=\"og:image:width\" content=\"999\" \/>\n\t<meta property=\"og:image:height\" content=\"1148\" \/>\n\t<meta property=\"og:image:type\" content=\"image\/jpeg\" \/>\n<meta name=\"author\" content=\"Algarve 7\" \/>\n<meta name=\"twitter:card\" content=\"summary_large_image\" \/>\n<meta name=\"twitter:creator\" content=\"@Algarvesete\" \/>\n<meta name=\"twitter:site\" content=\"@Algarvesete\" \/>\n<meta name=\"twitter:label1\" content=\"Escrito por\" \/>\n\t<meta name=\"twitter:data1\" content=\"Algarve 7\" \/>\n\t<meta name=\"twitter:label2\" content=\"Tempo estimado de leitura\" \/>\n\t<meta name=\"twitter:data2\" content=\"4 minutos\" \/>\n<script type=\"application\/ld+json\" class=\"yoast-schema-graph\">{\"@context\":\"https:\\\/\\\/schema.org\",\"@graph\":[{\"@type\":\"Article\",\"@id\":\"https:\\\/\\\/algarve7.pt\\\/index.php\\\/2026\\\/05\\\/associacao-turismo-do-algarve-fecha-2025-com-resultados-positivos-e-consolida-estrategia-para-um-algarve-menos-sazonal\\\/turismo\\\/11\\\/30\\\/#article\",\"isPartOf\":{\"@id\":\"https:\\\/\\\/algarve7.pt\\\/index.php\\\/2026\\\/05\\\/associacao-turismo-do-algarve-fecha-2025-com-resultados-positivos-e-consolida-estrategia-para-um-algarve-menos-sazonal\\\/turismo\\\/11\\\/30\\\/\"},\"author\":{\"name\":\"Algarve 7\",\"@id\":\"https:\\\/\\\/algarve7.pt\\\/#\\\/schema\\\/person\\\/23fa70681308e7b319a3204bcea45e0c\"},\"headline\":\"Associa\u00e7\u00e3o Turismo do Algarve fecha 2025 com resultados positivos e consolida estrat\u00e9gia para um algarve menos sazonal\",\"datePublished\":\"2026-05-01T10:30:00+00:00\",\"mainEntityOfPage\":{\"@id\":\"https:\\\/\\\/algarve7.pt\\\/index.php\\\/2026\\\/05\\\/associacao-turismo-do-algarve-fecha-2025-com-resultados-positivos-e-consolida-estrategia-para-um-algarve-menos-sazonal\\\/turismo\\\/11\\\/30\\\/\"},\"wordCount\":605,\"publisher\":{\"@id\":\"https:\\\/\\\/algarve7.pt\\\/#organization\"},\"image\":{\"@id\":\"https:\\\/\\\/algarve7.pt\\\/index.php\\\/2026\\\/05\\\/associacao-turismo-do-algarve-fecha-2025-com-resultados-positivos-e-consolida-estrategia-para-um-algarve-menos-sazonal\\\/turismo\\\/11\\\/30\\\/#primaryimage\"},\"thumbnailUrl\":\"https:\\\/\\\/algarve7.pt\\\/wp-content\\\/uploads\\\/2023\\\/08\\\/Andre_Gomes-e1692203863335.jpg\",\"keywords\":[\"Algarve\",\"Andr\u00e9 Gomes\",\"Associa\u00e7\u00e3o Turismo do Algarve\",\"ATA\",\"Turismo\"],\"articleSection\":[\"Turismo\"],\"inLanguage\":\"pt-PT\"},{\"@type\":\"WebPage\",\"@id\":\"https:\\\/\\\/algarve7.pt\\\/index.php\\\/2026\\\/05\\\/associacao-turismo-do-algarve-fecha-2025-com-resultados-positivos-e-consolida-estrategia-para-um-algarve-menos-sazonal\\\/turismo\\\/11\\\/30\\\/\",\"url\":\"https:\\\/\\\/algarve7.pt\\\/index.php\\\/2026\\\/05\\\/associacao-turismo-do-algarve-fecha-2025-com-resultados-positivos-e-consolida-estrategia-para-um-algarve-menos-sazonal\\\/turismo\\\/11\\\/30\\\/\",\"name\":\"Associa\u00e7\u00e3o Turismo do Algarve fecha 2025 com resultados positivos e consolida estrat\u00e9gia para um algarve menos sazonal - Algarve 7\",\"isPartOf\":{\"@id\":\"https:\\\/\\\/algarve7.pt\\\/#website\"},\"primaryImageOfPage\":{\"@id\":\"https:\\\/\\\/algarve7.pt\\\/index.php\\\/2026\\\/05\\\/associacao-turismo-do-algarve-fecha-2025-com-resultados-positivos-e-consolida-estrategia-para-um-algarve-menos-sazonal\\\/turismo\\\/11\\\/30\\\/#primaryimage\"},\"image\":{\"@id\":\"https:\\\/\\\/algarve7.pt\\\/index.php\\\/2026\\\/05\\\/associacao-turismo-do-algarve-fecha-2025-com-resultados-positivos-e-consolida-estrategia-para-um-algarve-menos-sazonal\\\/turismo\\\/11\\\/30\\\/#primaryimage\"},\"thumbnailUrl\":\"https:\\\/\\\/algarve7.pt\\\/wp-content\\\/uploads\\\/2023\\\/08\\\/Andre_Gomes-e1692203863335.jpg\",\"datePublished\":\"2026-05-01T10:30:00+00:00\",\"description\":\"Associa\u00e7\u00e3o Turismo do Algarve fecha 2025 com resultados positivos e consolida estrat\u00e9gia para um algarve menos sazonal Turismo\",\"breadcrumb\":{\"@id\":\"https:\\\/\\\/algarve7.pt\\\/index.php\\\/2026\\\/05\\\/associacao-turismo-do-algarve-fecha-2025-com-resultados-positivos-e-consolida-estrategia-para-um-algarve-menos-sazonal\\\/turismo\\\/11\\\/30\\\/#breadcrumb\"},\"inLanguage\":\"pt-PT\",\"potentialAction\":[{\"@type\":\"ReadAction\",\"target\":[\"https:\\\/\\\/algarve7.pt\\\/index.php\\\/2026\\\/05\\\/associacao-turismo-do-algarve-fecha-2025-com-resultados-positivos-e-consolida-estrategia-para-um-algarve-menos-sazonal\\\/turismo\\\/11\\\/30\\\/\"]}]},{\"@type\":\"ImageObject\",\"inLanguage\":\"pt-PT\",\"@id\":\"https:\\\/\\\/algarve7.pt\\\/index.php\\\/2026\\\/05\\\/associacao-turismo-do-algarve-fecha-2025-com-resultados-positivos-e-consolida-estrategia-para-um-algarve-menos-sazonal\\\/turismo\\\/11\\\/30\\\/#primaryimage\",\"url\":\"https:\\\/\\\/algarve7.pt\\\/wp-content\\\/uploads\\\/2023\\\/08\\\/Andre_Gomes-e1692203863335.jpg\",\"contentUrl\":\"https:\\\/\\\/algarve7.pt\\\/wp-content\\\/uploads\\\/2023\\\/08\\\/Andre_Gomes-e1692203863335.jpg\",\"width\":999,\"height\":1148},{\"@type\":\"BreadcrumbList\",\"@id\":\"https:\\\/\\\/algarve7.pt\\\/index.php\\\/2026\\\/05\\\/associacao-turismo-do-algarve-fecha-2025-com-resultados-positivos-e-consolida-estrategia-para-um-algarve-menos-sazonal\\\/turismo\\\/11\\\/30\\\/#breadcrumb\",\"itemListElement\":[{\"@type\":\"ListItem\",\"position\":1,\"name\":\"In\u00edcio\",\"item\":\"https:\\\/\\\/algarve7.pt\\\/\"},{\"@type\":\"ListItem\",\"position\":2,\"name\":\"Associa\u00e7\u00e3o Turismo do Algarve fecha 2025 com resultados positivos e consolida estrat\u00e9gia para um algarve menos sazonal\"}]},{\"@type\":\"WebSite\",\"@id\":\"https:\\\/\\\/algarve7.pt\\\/#website\",\"url\":\"https:\\\/\\\/algarve7.pt\\\/\",\"name\":\"Algarve 7\",\"description\":\"Informa\u00e7\u00e3o sobre o Algarve\",\"publisher\":{\"@id\":\"https:\\\/\\\/algarve7.pt\\\/#organization\"},\"potentialAction\":[{\"@type\":\"SearchAction\",\"target\":{\"@type\":\"EntryPoint\",\"urlTemplate\":\"https:\\\/\\\/algarve7.pt\\\/?s={search_term_string}\"},\"query-input\":{\"@type\":\"PropertyValueSpecification\",\"valueRequired\":true,\"valueName\":\"search_term_string\"}}],\"inLanguage\":\"pt-PT\"},{\"@type\":\"Organization\",\"@id\":\"https:\\\/\\\/algarve7.pt\\\/#organization\",\"name\":\"Algarve 7\",\"url\":\"https:\\\/\\\/algarve7.pt\\\/\",\"logo\":{\"@type\":\"ImageObject\",\"inLanguage\":\"pt-PT\",\"@id\":\"https:\\\/\\\/algarve7.pt\\\/#\\\/schema\\\/logo\\\/image\\\/\",\"url\":\"https:\\\/\\\/algarve7.pt\\\/wp-content\\\/uploads\\\/2020\\\/10\\\/Logo-8.jpg\",\"contentUrl\":\"https:\\\/\\\/algarve7.pt\\\/wp-content\\\/uploads\\\/2020\\\/10\\\/Logo-8.jpg\",\"width\":1680,\"height\":1186,\"caption\":\"Algarve 7\"},\"image\":{\"@id\":\"https:\\\/\\\/algarve7.pt\\\/#\\\/schema\\\/logo\\\/image\\\/\"},\"sameAs\":[\"https:\\\/\\\/www.facebook.com\\\/algarve7\",\"https:\\\/\\\/x.com\\\/Algarvesete\",\"https:\\\/\\\/www.instagram.com\\\/jornalalgarve7\\\/\",\"https:\\\/\\\/www.linkedin.com\\\/company\\\/algarve7\",\"https:\\\/\\\/www.pinterest.pt\\\/geral0939\\\/_created\\\/\"]},{\"@type\":\"Person\",\"@id\":\"https:\\\/\\\/algarve7.pt\\\/#\\\/schema\\\/person\\\/23fa70681308e7b319a3204bcea45e0c\",\"name\":\"Algarve 7\",\"sameAs\":[\"https:\\\/\\\/algarve7.pt\",\"https:\\\/\\\/www.facebook.com\\\/algarve7\"],\"url\":\"https:\\\/\\\/algarve7.pt\\\/index.php\\\/author\\\/geralalgarve7-pt\\\/\"}]}<\/script>\n<!-- \/ Yoast SEO plugin. -->","yoast_head_json":{"title":"Associa\u00e7\u00e3o Turismo do Algarve fecha 2025 com resultados positivos e consolida estrat\u00e9gia para um algarve menos sazonal - Algarve 7","description":"Associa\u00e7\u00e3o Turismo do Algarve fecha 2025 com resultados positivos e consolida estrat\u00e9gia para um algarve menos sazonal Turismo","robots":{"index":"index","follow":"follow","max-snippet":"max-snippet:-1","max-image-preview":"max-image-preview:large","max-video-preview":"max-video-preview:-1"},"canonical":"https:\/\/algarve7.pt\/index.php\/2026\/05\/associacao-turismo-do-algarve-fecha-2025-com-resultados-positivos-e-consolida-estrategia-para-um-algarve-menos-sazonal\/turismo\/11\/30\/","og_locale":"pt_PT","og_type":"article","og_title":"Associa\u00e7\u00e3o Turismo do Algarve fecha 2025 com resultados positivos e consolida estrat\u00e9gia para um algarve menos sazonal - Algarve 7","og_description":"Associa\u00e7\u00e3o Turismo do Algarve fecha 2025 com resultados positivos e consolida estrat\u00e9gia para um algarve menos sazonal Turismo","og_url":"https:\/\/algarve7.pt\/index.php\/2026\/05\/associacao-turismo-do-algarve-fecha-2025-com-resultados-positivos-e-consolida-estrategia-para-um-algarve-menos-sazonal\/turismo\/11\/30\/","og_site_name":"Algarve 7","article_publisher":"https:\/\/www.facebook.com\/algarve7","article_author":"https:\/\/www.facebook.com\/algarve7","article_published_time":"2026-05-01T10:30:00+00:00","og_image":[{"width":999,"height":1148,"url":"https:\/\/algarve7.pt\/wp-content\/uploads\/2023\/08\/Andre_Gomes-e1692203863335.jpg","type":"image\/jpeg"}],"author":"Algarve 7","twitter_card":"summary_large_image","twitter_creator":"@Algarvesete","twitter_site":"@Algarvesete","twitter_misc":{"Escrito por":"Algarve 7","Tempo estimado de leitura":"4 minutos"},"schema":{"@context":"https:\/\/schema.org","@graph":[{"@type":"Article","@id":"https:\/\/algarve7.pt\/index.php\/2026\/05\/associacao-turismo-do-algarve-fecha-2025-com-resultados-positivos-e-consolida-estrategia-para-um-algarve-menos-sazonal\/turismo\/11\/30\/#article","isPartOf":{"@id":"https:\/\/algarve7.pt\/index.php\/2026\/05\/associacao-turismo-do-algarve-fecha-2025-com-resultados-positivos-e-consolida-estrategia-para-um-algarve-menos-sazonal\/turismo\/11\/30\/"},"author":{"name":"Algarve 7","@id":"https:\/\/algarve7.pt\/#\/schema\/person\/23fa70681308e7b319a3204bcea45e0c"},"headline":"Associa\u00e7\u00e3o Turismo do Algarve fecha 2025 com resultados positivos e consolida estrat\u00e9gia para um algarve menos sazonal","datePublished":"2026-05-01T10:30:00+00:00","mainEntityOfPage":{"@id":"https:\/\/algarve7.pt\/index.php\/2026\/05\/associacao-turismo-do-algarve-fecha-2025-com-resultados-positivos-e-consolida-estrategia-para-um-algarve-menos-sazonal\/turismo\/11\/30\/"},"wordCount":605,"publisher":{"@id":"https:\/\/algarve7.pt\/#organization"},"image":{"@id":"https:\/\/algarve7.pt\/index.php\/2026\/05\/associacao-turismo-do-algarve-fecha-2025-com-resultados-positivos-e-consolida-estrategia-para-um-algarve-menos-sazonal\/turismo\/11\/30\/#primaryimage"},"thumbnailUrl":"https:\/\/algarve7.pt\/wp-content\/uploads\/2023\/08\/Andre_Gomes-e1692203863335.jpg","keywords":["Algarve","Andr\u00e9 Gomes","Associa\u00e7\u00e3o Turismo do Algarve","ATA","Turismo"],"articleSection":["Turismo"],"inLanguage":"pt-PT"},{"@type":"WebPage","@id":"https:\/\/algarve7.pt\/index.php\/2026\/05\/associacao-turismo-do-algarve-fecha-2025-com-resultados-positivos-e-consolida-estrategia-para-um-algarve-menos-sazonal\/turismo\/11\/30\/","url":"https:\/\/algarve7.pt\/index.php\/2026\/05\/associacao-turismo-do-algarve-fecha-2025-com-resultados-positivos-e-consolida-estrategia-para-um-algarve-menos-sazonal\/turismo\/11\/30\/","name":"Associa\u00e7\u00e3o Turismo do Algarve fecha 2025 com resultados positivos e consolida estrat\u00e9gia para um algarve menos sazonal - Algarve 7","isPartOf":{"@id":"https:\/\/algarve7.pt\/#website"},"primaryImageOfPage":{"@id":"https:\/\/algarve7.pt\/index.php\/2026\/05\/associacao-turismo-do-algarve-fecha-2025-com-resultados-positivos-e-consolida-estrategia-para-um-algarve-menos-sazonal\/turismo\/11\/30\/#primaryimage"},"image":{"@id":"https:\/\/algarve7.pt\/index.php\/2026\/05\/associacao-turismo-do-algarve-fecha-2025-com-resultados-positivos-e-consolida-estrategia-para-um-algarve-menos-sazonal\/turismo\/11\/30\/#primaryimage"},"thumbnailUrl":"https:\/\/algarve7.pt\/wp-content\/uploads\/2023\/08\/Andre_Gomes-e1692203863335.jpg","datePublished":"2026-05-01T10:30:00+00:00","description":"Associa\u00e7\u00e3o Turismo do Algarve fecha 2025 com resultados positivos e consolida estrat\u00e9gia para um algarve menos sazonal Turismo","breadcrumb":{"@id":"https:\/\/algarve7.pt\/index.php\/2026\/05\/associacao-turismo-do-algarve-fecha-2025-com-resultados-positivos-e-consolida-estrategia-para-um-algarve-menos-sazonal\/turismo\/11\/30\/#breadcrumb"},"inLanguage":"pt-PT","potentialAction":[{"@type":"ReadAction","target":["https:\/\/algarve7.pt\/index.php\/2026\/05\/associacao-turismo-do-algarve-fecha-2025-com-resultados-positivos-e-consolida-estrategia-para-um-algarve-menos-sazonal\/turismo\/11\/30\/"]}]},{"@type":"ImageObject","inLanguage":"pt-PT","@id":"https:\/\/algarve7.pt\/index.php\/2026\/05\/associacao-turismo-do-algarve-fecha-2025-com-resultados-positivos-e-consolida-estrategia-para-um-algarve-menos-sazonal\/turismo\/11\/30\/#primaryimage","url":"https:\/\/algarve7.pt\/wp-content\/uploads\/2023\/08\/Andre_Gomes-e1692203863335.jpg","contentUrl":"https:\/\/algarve7.pt\/wp-content\/uploads\/2023\/08\/Andre_Gomes-e1692203863335.jpg","width":999,"height":1148},{"@type":"BreadcrumbList","@id":"https:\/\/algarve7.pt\/index.php\/2026\/05\/associacao-turismo-do-algarve-fecha-2025-com-resultados-positivos-e-consolida-estrategia-para-um-algarve-menos-sazonal\/turismo\/11\/30\/#breadcrumb","itemListElement":[{"@type":"ListItem","position":1,"name":"In\u00edcio","item":"https:\/\/algarve7.pt\/"},{"@type":"ListItem","position":2,"name":"Associa\u00e7\u00e3o Turismo do Algarve fecha 2025 com resultados positivos e consolida estrat\u00e9gia para um algarve menos sazonal"}]},{"@type":"WebSite","@id":"https:\/\/algarve7.pt\/#website","url":"https:\/\/algarve7.pt\/","name":"Algarve 7","description":"Informa\u00e7\u00e3o sobre o Algarve","publisher":{"@id":"https:\/\/algarve7.pt\/#organization"},"potentialAction":[{"@type":"SearchAction","target":{"@type":"EntryPoint","urlTemplate":"https:\/\/algarve7.pt\/?s={search_term_string}"},"query-input":{"@type":"PropertyValueSpecification","valueRequired":true,"valueName":"search_term_string"}}],"inLanguage":"pt-PT"},{"@type":"Organization","@id":"https:\/\/algarve7.pt\/#organization","name":"Algarve 7","url":"https:\/\/algarve7.pt\/","logo":{"@type":"ImageObject","inLanguage":"pt-PT","@id":"https:\/\/algarve7.pt\/#\/schema\/logo\/image\/","url":"https:\/\/algarve7.pt\/wp-content\/uploads\/2020\/10\/Logo-8.jpg","contentUrl":"https:\/\/algarve7.pt\/wp-content\/uploads\/2020\/10\/Logo-8.jpg","width":1680,"height":1186,"caption":"Algarve 7"},"image":{"@id":"https:\/\/algarve7.pt\/#\/schema\/logo\/image\/"},"sameAs":["https:\/\/www.facebook.com\/algarve7","https:\/\/x.com\/Algarvesete","https:\/\/www.instagram.com\/jornalalgarve7\/","https:\/\/www.linkedin.com\/company\/algarve7","https:\/\/www.pinterest.pt\/geral0939\/_created\/"]},{"@type":"Person","@id":"https:\/\/algarve7.pt\/#\/schema\/person\/23fa70681308e7b319a3204bcea45e0c","name":"Algarve 7","sameAs":["https:\/\/algarve7.pt","https:\/\/www.facebook.com\/algarve7"],"url":"https:\/\/algarve7.pt\/index.php\/author\/geralalgarve7-pt\/"}]}},"jetpack_publicize_connections":[],"jetpack_featured_media_url":"https:\/\/algarve7.pt\/wp-content\/uploads\/2023\/08\/Andre_Gomes-e1692203863335.jpg","jetpack_shortlink":"https:\/\/wp.me\/pcezmW-g42","jetpack_sharing_enabled":true,"_links":{"self":[{"href":"https:\/\/algarve7.pt\/index.php\/wp-json\/wp\/v2\/posts\/61754","targetHints":{"allow":["GET"]}}],"collection":[{"href":"https:\/\/algarve7.pt\/index.php\/wp-json\/wp\/v2\/posts"}],"about":[{"href":"https:\/\/algarve7.pt\/index.php\/wp-json\/wp\/v2\/types\/post"}],"author":[{"embeddable":true,"href":"https:\/\/algarve7.pt\/index.php\/wp-json\/wp\/v2\/users\/1"}],"replies":[{"embeddable":true,"href":"https:\/\/algarve7.pt\/index.php\/wp-json\/wp\/v2\/comments?post=61754"}],"version-history":[{"count":1,"href":"https:\/\/algarve7.pt\/index.php\/wp-json\/wp\/v2\/posts\/61754\/revisions"}],"predecessor-version":[{"id":61755,"href":"https:\/\/algarve7.pt\/index.php\/wp-json\/wp\/v2\/posts\/61754\/revisions\/61755"}],"wp:featuredmedia":[{"embeddable":true,"href":"https:\/\/algarve7.pt\/index.php\/wp-json\/wp\/v2\/media\/30171"}],"wp:attachment":[{"href":"https:\/\/algarve7.pt\/index.php\/wp-json\/wp\/v2\/media?parent=61754"}],"wp:term":[{"taxonomy":"category","embeddable":true,"href":"https:\/\/algarve7.pt\/index.php\/wp-json\/wp\/v2\/categories?post=61754"},{"taxonomy":"post_tag","embeddable":true,"href":"https:\/\/algarve7.pt\/index.php\/wp-json\/wp\/v2\/tags?post=61754"}],"curies":[{"name":"wp","href":"https:\/\/api.w.org\/{rel}","templated":true}]}}