{"id":61750,"date":"2026-05-02T10:15:00","date_gmt":"2026-05-02T09:15:00","guid":{"rendered":"https:\/\/algarve7.pt\/?p=61750"},"modified":"2026-04-30T17:53:31","modified_gmt":"2026-04-30T16:53:31","slug":"musica-ao-vivo-regressa-ao-albufeira-terrace-com-concertos-gratuitos-ao-por-do-sol","status":"publish","type":"post","link":"https:\/\/algarve7.pt\/index.php\/2026\/05\/musica-ao-vivo-regressa-ao-albufeira-terrace-com-concertos-gratuitos-ao-por-do-sol\/turismo\/10\/15\/","title":{"rendered":"M\u00fasica ao vivo regressa ao Albufeira Terrace com concertos gratuitos ao p\u00f4r do sol\u00a0"},"content":{"rendered":"\n<p>A iniciativa \u201cH\u00e1 M\u00fasica no Terra\u00e7o\u201d arranca no dia 3 de maio e prolonga-se at\u00e9 25 de outubro, com atua\u00e7\u00f5es semanais entre as 19h00 e as 20h30, convidando residentes e visitantes a desfrutar de um ambiente descontra\u00eddo, no Albufeira Terrace, onde a m\u00fasica ao vivo e o p\u00f4r do sol se cruzam com uma vista mar \u00edmpar.Para dar in\u00edcio \u00e0 programa\u00e7\u00e3o, o m\u00eas de maio apresenta um alinhamento completo com concertos todos os domingos. No dia 3, a anima\u00e7\u00e3o fica a cargo de Zana Luz, cantora com uma carreira consolidada e presen\u00e7a em diversos palcos e programas televisivos, que traz um repert\u00f3rio vers\u00e1til que percorre diferentes estilos musicais. Segue-se, no dia 10, Jo\u00e3o Pid, m\u00fasico com mais de duas d\u00e9cadas&nbsp;<\/p>\n\n\n\n<p>de experi\u00eancia, cuja forma\u00e7\u00e3o cl\u00e1ssica se cruza com sonoridades contempor\u00e2neas, criando atua\u00e7\u00f5es envolventes e emotivas.<\/p>\n\n\n\n<p>No dia 17, sobe ao palco o projeto Footprint Duo, liderado pelo guitarrista Nuno Rom\u00e3o, que aposta em interpreta\u00e7\u00f5es intimistas e inovadoras de cl\u00e1ssicos da m\u00fasica&nbsp;<em>pop, rock<\/em>&nbsp;e&nbsp;<em>jazz<\/em>. A 24 de maio, \u00e9 a vez de Marco Quelhas, m\u00fasico com mais de 30 anos de carreira e representante de Portugal no Festival Eurovis\u00e3o da Can\u00e7\u00e3o \u2013 2001, na Dinamarca, com a m\u00fasica \u201cS\u00f3 Sei Ser Feliz Assim\u201d \u2013, apresentar um repert\u00f3rio que atravessa diferentes g\u00e9neros, do&nbsp;<em>pop<\/em>&nbsp;ao&nbsp;<em>soul<\/em>. O m\u00eas encerra com a atua\u00e7\u00e3o da TVN Band, banda algarvia conhecida pela sua energia em palco e por concertos din\u00e2micos que cruzam&nbsp;<em>pop<\/em>,&nbsp;<em>rock<\/em>&nbsp;e dance.<\/p>\n\n\n\n<p>Ao longo dos meses seguintes, o ciclo continuar\u00e1 a trazer uma programa\u00e7\u00e3o diversificada, com o objetivo de criar o ambiente ideal para finais de tarde animados e momentos de lazer ao ar livre, refor\u00e7ando a aposta do Albufeira Terrace na dinamiza\u00e7\u00e3o cultural e na valoriza\u00e7\u00e3o da experi\u00eancia de quem visita o espa\u00e7o.<\/p>\n\n\n\n<p>A programa\u00e7\u00e3o decorre aos domingos, at\u00e9 outubro, com exce\u00e7\u00e3o dos dias 14, 21 e 28 de junho e 5 e 19 de julho, retomando depois o seu ritmo habitual. Com entrada livre, \u201cH\u00e1 M\u00fasica no Terra\u00e7o\u201d afirma-se como um convite aberto a quem procura um programa para fechar o fim de semana em grande.<\/p>\n","protected":false},"excerpt":{"rendered":"<p>A iniciativa \u201cH\u00e1 M\u00fasica no Terra\u00e7o\u201d arranca no dia 3 de maio e prolonga-se at\u00e9 25 de outubro, com atua\u00e7\u00f5es<\/p>\n","protected":false},"author":1,"featured_media":61751,"comment_status":"closed","ping_status":"closed","sticky":false,"template":"","format":"standard","meta":{"colormag_page_container_layout":"default_layout","colormag_page_sidebar_layout":"default_layout","_monsterinsights_skip_tracking":false,"_monsterinsights_sitenote_active":false,"_monsterinsights_sitenote_note":"","_monsterinsights_sitenote_category":0,"jetpack_post_was_ever_published":false,"_jetpack_newsletter_access":"","_jetpack_dont_email_post_to_subs":false,"_jetpack_newsletter_tier_id":0,"_jetpack_memberships_contains_paywalled_content":false,"_jetpack_memberships_contains_paid_content":false,"footnotes":"","jetpack_publicize_message":"","jetpack_publicize_feature_enabled":true,"jetpack_social_post_already_shared":true,"jetpack_social_options":{"image_generator_settings":{"template":"highway","default_image_id":0,"font":"","enabled":false},"version":2}},"categories":[17],"tags":[155,36,45],"class_list":["post-61750","post","type-post","status-publish","format-standard","has-post-thumbnail","hentry","category-turismo","tag-albufeira","tag-algarve","tag-turismo"],"yoast_head":"<!-- This site is optimized with the Yoast SEO plugin v27.5 - https:\/\/yoast.com\/product\/yoast-seo-wordpress\/ -->\n<title>M\u00fasica ao vivo regressa ao Albufeira Terrace com concertos gratuitos ao p\u00f4r do sol\u00a0 - Algarve 7<\/title>\n<meta name=\"description\" content=\"M\u00fasica ao vivo regressa ao Albufeira Terrace com concertos gratuitos ao p\u00f4r do sol\u00a0 Turismo\" \/>\n<meta name=\"robots\" content=\"index, follow, max-snippet:-1, max-image-preview:large, max-video-preview:-1\" \/>\n<link rel=\"canonical\" href=\"https:\/\/algarve7.pt\/index.php\/2026\/05\/musica-ao-vivo-regressa-ao-albufeira-terrace-com-concertos-gratuitos-ao-por-do-sol\/turismo\/10\/15\/\" \/>\n<meta property=\"og:locale\" content=\"pt_PT\" \/>\n<meta property=\"og:type\" content=\"article\" \/>\n<meta property=\"og:title\" content=\"M\u00fasica ao vivo regressa ao Albufeira Terrace com concertos gratuitos ao p\u00f4r do sol\u00a0 - Algarve 7\" \/>\n<meta property=\"og:description\" content=\"M\u00fasica ao vivo regressa ao Albufeira Terrace com concertos gratuitos ao p\u00f4r do sol\u00a0 Turismo\" \/>\n<meta property=\"og:url\" content=\"https:\/\/algarve7.pt\/index.php\/2026\/05\/musica-ao-vivo-regressa-ao-albufeira-terrace-com-concertos-gratuitos-ao-por-do-sol\/turismo\/10\/15\/\" \/>\n<meta property=\"og:site_name\" content=\"Algarve 7\" \/>\n<meta property=\"article:publisher\" content=\"https:\/\/www.facebook.com\/algarve7\" \/>\n<meta property=\"article:author\" content=\"https:\/\/www.facebook.com\/algarve7\" \/>\n<meta property=\"article:published_time\" content=\"2026-05-02T09:15:00+00:00\" \/>\n<meta property=\"og:image\" content=\"https:\/\/algarve7.pt\/wp-content\/uploads\/2026\/04\/PrImage_5f3464d3b5d44868b419386ca522513a.jpg\" \/>\n\t<meta property=\"og:image:width\" content=\"800\" \/>\n\t<meta property=\"og:image:height\" content=\"445\" \/>\n\t<meta property=\"og:image:type\" content=\"image\/jpeg\" \/>\n<meta name=\"author\" content=\"Algarve 7\" \/>\n<meta name=\"twitter:card\" content=\"summary_large_image\" \/>\n<meta name=\"twitter:creator\" content=\"@Algarvesete\" \/>\n<meta name=\"twitter:site\" content=\"@Algarvesete\" \/>\n<meta name=\"twitter:label1\" content=\"Escrito por\" \/>\n\t<meta name=\"twitter:data1\" content=\"Algarve 7\" \/>\n\t<meta name=\"twitter:label2\" content=\"Tempo estimado de leitura\" \/>\n\t<meta name=\"twitter:data2\" content=\"3 minutos\" \/>\n<script type=\"application\/ld+json\" class=\"yoast-schema-graph\">{\"@context\":\"https:\\\/\\\/schema.org\",\"@graph\":[{\"@type\":\"Article\",\"@id\":\"https:\\\/\\\/algarve7.pt\\\/index.php\\\/2026\\\/05\\\/musica-ao-vivo-regressa-ao-albufeira-terrace-com-concertos-gratuitos-ao-por-do-sol\\\/turismo\\\/10\\\/15\\\/#article\",\"isPartOf\":{\"@id\":\"https:\\\/\\\/algarve7.pt\\\/index.php\\\/2026\\\/05\\\/musica-ao-vivo-regressa-ao-albufeira-terrace-com-concertos-gratuitos-ao-por-do-sol\\\/turismo\\\/10\\\/15\\\/\"},\"author\":{\"name\":\"Algarve 7\",\"@id\":\"https:\\\/\\\/algarve7.pt\\\/#\\\/schema\\\/person\\\/23fa70681308e7b319a3204bcea45e0c\"},\"headline\":\"M\u00fasica ao vivo regressa ao Albufeira Terrace com concertos gratuitos ao p\u00f4r do sol\u00a0\",\"datePublished\":\"2026-05-02T09:15:00+00:00\",\"mainEntityOfPage\":{\"@id\":\"https:\\\/\\\/algarve7.pt\\\/index.php\\\/2026\\\/05\\\/musica-ao-vivo-regressa-ao-albufeira-terrace-com-concertos-gratuitos-ao-por-do-sol\\\/turismo\\\/10\\\/15\\\/\"},\"wordCount\":403,\"publisher\":{\"@id\":\"https:\\\/\\\/algarve7.pt\\\/#organization\"},\"image\":{\"@id\":\"https:\\\/\\\/algarve7.pt\\\/index.php\\\/2026\\\/05\\\/musica-ao-vivo-regressa-ao-albufeira-terrace-com-concertos-gratuitos-ao-por-do-sol\\\/turismo\\\/10\\\/15\\\/#primaryimage\"},\"thumbnailUrl\":\"https:\\\/\\\/algarve7.pt\\\/wp-content\\\/uploads\\\/2026\\\/04\\\/PrImage_5f3464d3b5d44868b419386ca522513a.jpg\",\"keywords\":[\"Albufeira\",\"Algarve\",\"Turismo\"],\"articleSection\":[\"Turismo\"],\"inLanguage\":\"pt-PT\"},{\"@type\":\"WebPage\",\"@id\":\"https:\\\/\\\/algarve7.pt\\\/index.php\\\/2026\\\/05\\\/musica-ao-vivo-regressa-ao-albufeira-terrace-com-concertos-gratuitos-ao-por-do-sol\\\/turismo\\\/10\\\/15\\\/\",\"url\":\"https:\\\/\\\/algarve7.pt\\\/index.php\\\/2026\\\/05\\\/musica-ao-vivo-regressa-ao-albufeira-terrace-com-concertos-gratuitos-ao-por-do-sol\\\/turismo\\\/10\\\/15\\\/\",\"name\":\"M\u00fasica ao vivo regressa ao Albufeira Terrace com concertos gratuitos ao p\u00f4r do sol\u00a0 - Algarve 7\",\"isPartOf\":{\"@id\":\"https:\\\/\\\/algarve7.pt\\\/#website\"},\"primaryImageOfPage\":{\"@id\":\"https:\\\/\\\/algarve7.pt\\\/index.php\\\/2026\\\/05\\\/musica-ao-vivo-regressa-ao-albufeira-terrace-com-concertos-gratuitos-ao-por-do-sol\\\/turismo\\\/10\\\/15\\\/#primaryimage\"},\"image\":{\"@id\":\"https:\\\/\\\/algarve7.pt\\\/index.php\\\/2026\\\/05\\\/musica-ao-vivo-regressa-ao-albufeira-terrace-com-concertos-gratuitos-ao-por-do-sol\\\/turismo\\\/10\\\/15\\\/#primaryimage\"},\"thumbnailUrl\":\"https:\\\/\\\/algarve7.pt\\\/wp-content\\\/uploads\\\/2026\\\/04\\\/PrImage_5f3464d3b5d44868b419386ca522513a.jpg\",\"datePublished\":\"2026-05-02T09:15:00+00:00\",\"description\":\"M\u00fasica ao vivo regressa ao Albufeira Terrace com concertos gratuitos ao p\u00f4r do sol\u00a0 Turismo\",\"breadcrumb\":{\"@id\":\"https:\\\/\\\/algarve7.pt\\\/index.php\\\/2026\\\/05\\\/musica-ao-vivo-regressa-ao-albufeira-terrace-com-concertos-gratuitos-ao-por-do-sol\\\/turismo\\\/10\\\/15\\\/#breadcrumb\"},\"inLanguage\":\"pt-PT\",\"potentialAction\":[{\"@type\":\"ReadAction\",\"target\":[\"https:\\\/\\\/algarve7.pt\\\/index.php\\\/2026\\\/05\\\/musica-ao-vivo-regressa-ao-albufeira-terrace-com-concertos-gratuitos-ao-por-do-sol\\\/turismo\\\/10\\\/15\\\/\"]}]},{\"@type\":\"ImageObject\",\"inLanguage\":\"pt-PT\",\"@id\":\"https:\\\/\\\/algarve7.pt\\\/index.php\\\/2026\\\/05\\\/musica-ao-vivo-regressa-ao-albufeira-terrace-com-concertos-gratuitos-ao-por-do-sol\\\/turismo\\\/10\\\/15\\\/#primaryimage\",\"url\":\"https:\\\/\\\/algarve7.pt\\\/wp-content\\\/uploads\\\/2026\\\/04\\\/PrImage_5f3464d3b5d44868b419386ca522513a.jpg\",\"contentUrl\":\"https:\\\/\\\/algarve7.pt\\\/wp-content\\\/uploads\\\/2026\\\/04\\\/PrImage_5f3464d3b5d44868b419386ca522513a.jpg\",\"width\":800,\"height\":445},{\"@type\":\"BreadcrumbList\",\"@id\":\"https:\\\/\\\/algarve7.pt\\\/index.php\\\/2026\\\/05\\\/musica-ao-vivo-regressa-ao-albufeira-terrace-com-concertos-gratuitos-ao-por-do-sol\\\/turismo\\\/10\\\/15\\\/#breadcrumb\",\"itemListElement\":[{\"@type\":\"ListItem\",\"position\":1,\"name\":\"In\u00edcio\",\"item\":\"https:\\\/\\\/algarve7.pt\\\/\"},{\"@type\":\"ListItem\",\"position\":2,\"name\":\"M\u00fasica ao vivo regressa ao Albufeira Terrace com concertos gratuitos ao p\u00f4r do sol\u00a0\"}]},{\"@type\":\"WebSite\",\"@id\":\"https:\\\/\\\/algarve7.pt\\\/#website\",\"url\":\"https:\\\/\\\/algarve7.pt\\\/\",\"name\":\"Algarve 7\",\"description\":\"Informa\u00e7\u00e3o sobre o Algarve\",\"publisher\":{\"@id\":\"https:\\\/\\\/algarve7.pt\\\/#organization\"},\"potentialAction\":[{\"@type\":\"SearchAction\",\"target\":{\"@type\":\"EntryPoint\",\"urlTemplate\":\"https:\\\/\\\/algarve7.pt\\\/?s={search_term_string}\"},\"query-input\":{\"@type\":\"PropertyValueSpecification\",\"valueRequired\":true,\"valueName\":\"search_term_string\"}}],\"inLanguage\":\"pt-PT\"},{\"@type\":\"Organization\",\"@id\":\"https:\\\/\\\/algarve7.pt\\\/#organization\",\"name\":\"Algarve 7\",\"url\":\"https:\\\/\\\/algarve7.pt\\\/\",\"logo\":{\"@type\":\"ImageObject\",\"inLanguage\":\"pt-PT\",\"@id\":\"https:\\\/\\\/algarve7.pt\\\/#\\\/schema\\\/logo\\\/image\\\/\",\"url\":\"https:\\\/\\\/algarve7.pt\\\/wp-content\\\/uploads\\\/2020\\\/10\\\/Logo-8.jpg\",\"contentUrl\":\"https:\\\/\\\/algarve7.pt\\\/wp-content\\\/uploads\\\/2020\\\/10\\\/Logo-8.jpg\",\"width\":1680,\"height\":1186,\"caption\":\"Algarve 7\"},\"image\":{\"@id\":\"https:\\\/\\\/algarve7.pt\\\/#\\\/schema\\\/logo\\\/image\\\/\"},\"sameAs\":[\"https:\\\/\\\/www.facebook.com\\\/algarve7\",\"https:\\\/\\\/x.com\\\/Algarvesete\",\"https:\\\/\\\/www.instagram.com\\\/jornalalgarve7\\\/\",\"https:\\\/\\\/www.linkedin.com\\\/company\\\/algarve7\",\"https:\\\/\\\/www.pinterest.pt\\\/geral0939\\\/_created\\\/\"]},{\"@type\":\"Person\",\"@id\":\"https:\\\/\\\/algarve7.pt\\\/#\\\/schema\\\/person\\\/23fa70681308e7b319a3204bcea45e0c\",\"name\":\"Algarve 7\",\"sameAs\":[\"https:\\\/\\\/algarve7.pt\",\"https:\\\/\\\/www.facebook.com\\\/algarve7\"],\"url\":\"https:\\\/\\\/algarve7.pt\\\/index.php\\\/author\\\/geralalgarve7-pt\\\/\"}]}<\/script>\n<!-- \/ Yoast SEO plugin. -->","yoast_head_json":{"title":"M\u00fasica ao vivo regressa ao Albufeira Terrace com concertos gratuitos ao p\u00f4r do sol\u00a0 - Algarve 7","description":"M\u00fasica ao vivo regressa ao Albufeira Terrace com concertos gratuitos ao p\u00f4r do sol\u00a0 Turismo","robots":{"index":"index","follow":"follow","max-snippet":"max-snippet:-1","max-image-preview":"max-image-preview:large","max-video-preview":"max-video-preview:-1"},"canonical":"https:\/\/algarve7.pt\/index.php\/2026\/05\/musica-ao-vivo-regressa-ao-albufeira-terrace-com-concertos-gratuitos-ao-por-do-sol\/turismo\/10\/15\/","og_locale":"pt_PT","og_type":"article","og_title":"M\u00fasica ao vivo regressa ao Albufeira Terrace com concertos gratuitos ao p\u00f4r do sol\u00a0 - Algarve 7","og_description":"M\u00fasica ao vivo regressa ao Albufeira Terrace com concertos gratuitos ao p\u00f4r do sol\u00a0 Turismo","og_url":"https:\/\/algarve7.pt\/index.php\/2026\/05\/musica-ao-vivo-regressa-ao-albufeira-terrace-com-concertos-gratuitos-ao-por-do-sol\/turismo\/10\/15\/","og_site_name":"Algarve 7","article_publisher":"https:\/\/www.facebook.com\/algarve7","article_author":"https:\/\/www.facebook.com\/algarve7","article_published_time":"2026-05-02T09:15:00+00:00","og_image":[{"width":800,"height":445,"url":"https:\/\/algarve7.pt\/wp-content\/uploads\/2026\/04\/PrImage_5f3464d3b5d44868b419386ca522513a.jpg","type":"image\/jpeg"}],"author":"Algarve 7","twitter_card":"summary_large_image","twitter_creator":"@Algarvesete","twitter_site":"@Algarvesete","twitter_misc":{"Escrito por":"Algarve 7","Tempo estimado de leitura":"3 minutos"},"schema":{"@context":"https:\/\/schema.org","@graph":[{"@type":"Article","@id":"https:\/\/algarve7.pt\/index.php\/2026\/05\/musica-ao-vivo-regressa-ao-albufeira-terrace-com-concertos-gratuitos-ao-por-do-sol\/turismo\/10\/15\/#article","isPartOf":{"@id":"https:\/\/algarve7.pt\/index.php\/2026\/05\/musica-ao-vivo-regressa-ao-albufeira-terrace-com-concertos-gratuitos-ao-por-do-sol\/turismo\/10\/15\/"},"author":{"name":"Algarve 7","@id":"https:\/\/algarve7.pt\/#\/schema\/person\/23fa70681308e7b319a3204bcea45e0c"},"headline":"M\u00fasica ao vivo regressa ao Albufeira Terrace com concertos gratuitos ao p\u00f4r do sol\u00a0","datePublished":"2026-05-02T09:15:00+00:00","mainEntityOfPage":{"@id":"https:\/\/algarve7.pt\/index.php\/2026\/05\/musica-ao-vivo-regressa-ao-albufeira-terrace-com-concertos-gratuitos-ao-por-do-sol\/turismo\/10\/15\/"},"wordCount":403,"publisher":{"@id":"https:\/\/algarve7.pt\/#organization"},"image":{"@id":"https:\/\/algarve7.pt\/index.php\/2026\/05\/musica-ao-vivo-regressa-ao-albufeira-terrace-com-concertos-gratuitos-ao-por-do-sol\/turismo\/10\/15\/#primaryimage"},"thumbnailUrl":"https:\/\/algarve7.pt\/wp-content\/uploads\/2026\/04\/PrImage_5f3464d3b5d44868b419386ca522513a.jpg","keywords":["Albufeira","Algarve","Turismo"],"articleSection":["Turismo"],"inLanguage":"pt-PT"},{"@type":"WebPage","@id":"https:\/\/algarve7.pt\/index.php\/2026\/05\/musica-ao-vivo-regressa-ao-albufeira-terrace-com-concertos-gratuitos-ao-por-do-sol\/turismo\/10\/15\/","url":"https:\/\/algarve7.pt\/index.php\/2026\/05\/musica-ao-vivo-regressa-ao-albufeira-terrace-com-concertos-gratuitos-ao-por-do-sol\/turismo\/10\/15\/","name":"M\u00fasica ao vivo regressa ao Albufeira Terrace com concertos gratuitos ao p\u00f4r do sol\u00a0 - Algarve 7","isPartOf":{"@id":"https:\/\/algarve7.pt\/#website"},"primaryImageOfPage":{"@id":"https:\/\/algarve7.pt\/index.php\/2026\/05\/musica-ao-vivo-regressa-ao-albufeira-terrace-com-concertos-gratuitos-ao-por-do-sol\/turismo\/10\/15\/#primaryimage"},"image":{"@id":"https:\/\/algarve7.pt\/index.php\/2026\/05\/musica-ao-vivo-regressa-ao-albufeira-terrace-com-concertos-gratuitos-ao-por-do-sol\/turismo\/10\/15\/#primaryimage"},"thumbnailUrl":"https:\/\/algarve7.pt\/wp-content\/uploads\/2026\/04\/PrImage_5f3464d3b5d44868b419386ca522513a.jpg","datePublished":"2026-05-02T09:15:00+00:00","description":"M\u00fasica ao vivo regressa ao Albufeira Terrace com concertos gratuitos ao p\u00f4r do sol\u00a0 Turismo","breadcrumb":{"@id":"https:\/\/algarve7.pt\/index.php\/2026\/05\/musica-ao-vivo-regressa-ao-albufeira-terrace-com-concertos-gratuitos-ao-por-do-sol\/turismo\/10\/15\/#breadcrumb"},"inLanguage":"pt-PT","potentialAction":[{"@type":"ReadAction","target":["https:\/\/algarve7.pt\/index.php\/2026\/05\/musica-ao-vivo-regressa-ao-albufeira-terrace-com-concertos-gratuitos-ao-por-do-sol\/turismo\/10\/15\/"]}]},{"@type":"ImageObject","inLanguage":"pt-PT","@id":"https:\/\/algarve7.pt\/index.php\/2026\/05\/musica-ao-vivo-regressa-ao-albufeira-terrace-com-concertos-gratuitos-ao-por-do-sol\/turismo\/10\/15\/#primaryimage","url":"https:\/\/algarve7.pt\/wp-content\/uploads\/2026\/04\/PrImage_5f3464d3b5d44868b419386ca522513a.jpg","contentUrl":"https:\/\/algarve7.pt\/wp-content\/uploads\/2026\/04\/PrImage_5f3464d3b5d44868b419386ca522513a.jpg","width":800,"height":445},{"@type":"BreadcrumbList","@id":"https:\/\/algarve7.pt\/index.php\/2026\/05\/musica-ao-vivo-regressa-ao-albufeira-terrace-com-concertos-gratuitos-ao-por-do-sol\/turismo\/10\/15\/#breadcrumb","itemListElement":[{"@type":"ListItem","position":1,"name":"In\u00edcio","item":"https:\/\/algarve7.pt\/"},{"@type":"ListItem","position":2,"name":"M\u00fasica ao vivo regressa ao Albufeira Terrace com concertos gratuitos ao p\u00f4r do sol\u00a0"}]},{"@type":"WebSite","@id":"https:\/\/algarve7.pt\/#website","url":"https:\/\/algarve7.pt\/","name":"Algarve 7","description":"Informa\u00e7\u00e3o sobre o Algarve","publisher":{"@id":"https:\/\/algarve7.pt\/#organization"},"potentialAction":[{"@type":"SearchAction","target":{"@type":"EntryPoint","urlTemplate":"https:\/\/algarve7.pt\/?s={search_term_string}"},"query-input":{"@type":"PropertyValueSpecification","valueRequired":true,"valueName":"search_term_string"}}],"inLanguage":"pt-PT"},{"@type":"Organization","@id":"https:\/\/algarve7.pt\/#organization","name":"Algarve 7","url":"https:\/\/algarve7.pt\/","logo":{"@type":"ImageObject","inLanguage":"pt-PT","@id":"https:\/\/algarve7.pt\/#\/schema\/logo\/image\/","url":"https:\/\/algarve7.pt\/wp-content\/uploads\/2020\/10\/Logo-8.jpg","contentUrl":"https:\/\/algarve7.pt\/wp-content\/uploads\/2020\/10\/Logo-8.jpg","width":1680,"height":1186,"caption":"Algarve 7"},"image":{"@id":"https:\/\/algarve7.pt\/#\/schema\/logo\/image\/"},"sameAs":["https:\/\/www.facebook.com\/algarve7","https:\/\/x.com\/Algarvesete","https:\/\/www.instagram.com\/jornalalgarve7\/","https:\/\/www.linkedin.com\/company\/algarve7","https:\/\/www.pinterest.pt\/geral0939\/_created\/"]},{"@type":"Person","@id":"https:\/\/algarve7.pt\/#\/schema\/person\/23fa70681308e7b319a3204bcea45e0c","name":"Algarve 7","sameAs":["https:\/\/algarve7.pt","https:\/\/www.facebook.com\/algarve7"],"url":"https:\/\/algarve7.pt\/index.php\/author\/geralalgarve7-pt\/"}]}},"jetpack_publicize_connections":[],"jetpack_featured_media_url":"https:\/\/algarve7.pt\/wp-content\/uploads\/2026\/04\/PrImage_5f3464d3b5d44868b419386ca522513a.jpg","jetpack_shortlink":"https:\/\/wp.me\/pcezmW-g3Y","jetpack_sharing_enabled":true,"_links":{"self":[{"href":"https:\/\/algarve7.pt\/index.php\/wp-json\/wp\/v2\/posts\/61750","targetHints":{"allow":["GET"]}}],"collection":[{"href":"https:\/\/algarve7.pt\/index.php\/wp-json\/wp\/v2\/posts"}],"about":[{"href":"https:\/\/algarve7.pt\/index.php\/wp-json\/wp\/v2\/types\/post"}],"author":[{"embeddable":true,"href":"https:\/\/algarve7.pt\/index.php\/wp-json\/wp\/v2\/users\/1"}],"replies":[{"embeddable":true,"href":"https:\/\/algarve7.pt\/index.php\/wp-json\/wp\/v2\/comments?post=61750"}],"version-history":[{"count":1,"href":"https:\/\/algarve7.pt\/index.php\/wp-json\/wp\/v2\/posts\/61750\/revisions"}],"predecessor-version":[{"id":61752,"href":"https:\/\/algarve7.pt\/index.php\/wp-json\/wp\/v2\/posts\/61750\/revisions\/61752"}],"wp:featuredmedia":[{"embeddable":true,"href":"https:\/\/algarve7.pt\/index.php\/wp-json\/wp\/v2\/media\/61751"}],"wp:attachment":[{"href":"https:\/\/algarve7.pt\/index.php\/wp-json\/wp\/v2\/media?parent=61750"}],"wp:term":[{"taxonomy":"category","embeddable":true,"href":"https:\/\/algarve7.pt\/index.php\/wp-json\/wp\/v2\/categories?post=61750"},{"taxonomy":"post_tag","embeddable":true,"href":"https:\/\/algarve7.pt\/index.php\/wp-json\/wp\/v2\/tags?post=61750"}],"curies":[{"name":"wp","href":"https:\/\/api.w.org\/{rel}","templated":true}]}}