{"id":61744,"date":"2026-04-30T17:45:22","date_gmt":"2026-04-30T16:45:22","guid":{"rendered":"https:\/\/algarve7.pt\/?p=61744"},"modified":"2026-04-30T17:45:27","modified_gmt":"2026-04-30T16:45:27","slug":"olhao-celebra-a-tradicao-dos-maios-com-programacao-em-todo-o-concelho","status":"publish","type":"post","link":"https:\/\/algarve7.pt\/index.php\/2026\/04\/olhao-celebra-a-tradicao-dos-maios-com-programacao-em-todo-o-concelho\/cultura\/17\/45\/","title":{"rendered":"Olh\u00e3o celebra a tradi\u00e7\u00e3o dos Maios com programa\u00e7\u00e3o em todo o concelho\u00a0"},"content":{"rendered":"\n<p>No pr\u00f3ximo dia 1 de maio, o concelho de Olh\u00e3o volta a celebrar uma das suas tradi\u00e7\u00f5es mais emblem\u00e1ticas: os Maios. Ao longo da EN125, entre Marim e Alfandanga, dezenas de bonecos em tamanho real ser\u00e3o expostos ao ar livre, surpreendendo quem por ali passa com cenas criativas e, muitas vezes, cr\u00edticas da vida quotidiana.&nbsp;<\/p>\n\n\n\n<p>Paralelamente, entre os meses de janeiro e abril, o Museu Municipal de Olh\u00e3o dinamizou um conjunto de atividades junto dos Jardins de Inf\u00e2ncia p\u00fablicos do concelho, levando a tradi\u00e7\u00e3o dos Maios \u00e0s escolas e envolvendo a comunidade educativa. O resultado deste trabalho poder\u00e1 ser apreciado durante todo o m\u00eas de maio, numa parceria com os Bairros Comerciais Digitais, com a exposi\u00e7\u00e3o dos trabalhos das crian\u00e7as em 17 espa\u00e7os comerciais da cidade, criando um percurso cultural pelo com\u00e9rcio local.&nbsp;<\/p>\n\n\n\n<p>Simultaneamente, estar\u00e1 patente na Rua do Com\u00e9rcio uma exposi\u00e7\u00e3o dedicada \u00e0 tradi\u00e7\u00e3o dos Maios, permitindo ao p\u00fablico conhecer a origem e o significado desta pr\u00e1tica cultural. Atrav\u00e9s de conte\u00fados informativos, a mostra contextualiza os Maios enquanto express\u00e3o de criatividade popular, complementando o percurso expositivo nos estabelecimentos comerciais.&nbsp;<\/p>\n\n\n\n<p>Os trabalhos realizados pelas escolas da Fuseta e de Moncarapacho estar\u00e3o tamb\u00e9m em destaque, com exposi\u00e7\u00f5es no Mercado Municipal da Fuseta e no Mercado Municipal de Moncarapacho.&nbsp;<\/p>\n\n\n\n<p>J\u00e1 os Maios constru\u00eddos pela comunidade e apresentados no dia 1 de maio poder\u00e3o ser revisitados ao longo do m\u00eas no Centro Comercial Ria Shopping.&nbsp;<\/p>\n\n\n\n<p>A iniciativa resulta de uma parceria com o Futebol Clube de Bias e os Agrupamentos de Escolas Alberto Iria, Professor Paula Nogueira, Dr. Francisco Fernandes Lopes e Jo\u00e3o da Rosa, unindo educa\u00e7\u00e3o, cultura e comunidade numa celebra\u00e7\u00e3o viva.&nbsp;<\/p>\n\n\n\n<p>Este projeto contribui para a salvaguarda do patrim\u00f3nio cultural imaterial, promovendo a partilha de saberes entre gera\u00e7\u00f5es e a preserva\u00e7\u00e3o da mem\u00f3ria coletiva. Ao envolver escolas, fam\u00edlias e comunidade, refor\u00e7a-se a identidade local e o sentimento de perten\u00e7a, valorizando pr\u00e1ticas sociais e eventos festivos ligados \u00e0 cultura popular.&nbsp;<\/p>\n","protected":false},"excerpt":{"rendered":"<p>No pr\u00f3ximo dia 1 de maio, o concelho de Olh\u00e3o volta a celebrar uma das suas tradi\u00e7\u00f5es mais emblem\u00e1ticas: os<\/p>\n","protected":false},"author":1,"featured_media":61745,"comment_status":"closed","ping_status":"closed","sticky":false,"template":"","format":"standard","meta":{"colormag_page_container_layout":"default_layout","colormag_page_sidebar_layout":"default_layout","_monsterinsights_skip_tracking":false,"_monsterinsights_sitenote_active":false,"_monsterinsights_sitenote_note":"","_monsterinsights_sitenote_category":0,"jetpack_post_was_ever_published":false,"_jetpack_newsletter_access":"","_jetpack_dont_email_post_to_subs":false,"_jetpack_newsletter_tier_id":0,"_jetpack_memberships_contains_paywalled_content":false,"_jetpack_memberships_contains_paid_content":false,"footnotes":"","jetpack_publicize_message":"","jetpack_publicize_feature_enabled":true,"jetpack_social_post_already_shared":true,"jetpack_social_options":{"image_generator_settings":{"template":"highway","default_image_id":0,"font":"","enabled":false},"version":2}},"categories":[14],"tags":[36,35,37],"class_list":["post-61744","post","type-post","status-publish","format-standard","has-post-thumbnail","hentry","category-cultura","tag-algarve","tag-cultura","tag-olhao"],"yoast_head":"<!-- This site is optimized with the Yoast SEO plugin v27.5 - https:\/\/yoast.com\/product\/yoast-seo-wordpress\/ -->\n<title>Olh\u00e3o celebra a tradi\u00e7\u00e3o dos Maios com programa\u00e7\u00e3o em todo o concelho\u00a0 - Algarve 7<\/title>\n<meta name=\"description\" content=\"Olh\u00e3o celebra a tradi\u00e7\u00e3o dos Maios com programa\u00e7\u00e3o em todo o concelho\u00a0 Cultura\" \/>\n<meta name=\"robots\" content=\"index, follow, max-snippet:-1, max-image-preview:large, max-video-preview:-1\" \/>\n<link rel=\"canonical\" href=\"https:\/\/algarve7.pt\/index.php\/2026\/04\/olhao-celebra-a-tradicao-dos-maios-com-programacao-em-todo-o-concelho\/cultura\/17\/45\/\" \/>\n<meta property=\"og:locale\" content=\"pt_PT\" \/>\n<meta property=\"og:type\" content=\"article\" \/>\n<meta property=\"og:title\" content=\"Olh\u00e3o celebra a tradi\u00e7\u00e3o dos Maios com programa\u00e7\u00e3o em todo o concelho\u00a0 - Algarve 7\" \/>\n<meta property=\"og:description\" content=\"Olh\u00e3o celebra a tradi\u00e7\u00e3o dos Maios com programa\u00e7\u00e3o em todo o concelho\u00a0 Cultura\" \/>\n<meta property=\"og:url\" content=\"https:\/\/algarve7.pt\/index.php\/2026\/04\/olhao-celebra-a-tradicao-dos-maios-com-programacao-em-todo-o-concelho\/cultura\/17\/45\/\" \/>\n<meta property=\"og:site_name\" content=\"Algarve 7\" \/>\n<meta property=\"article:publisher\" content=\"https:\/\/www.facebook.com\/algarve7\" \/>\n<meta property=\"article:author\" content=\"https:\/\/www.facebook.com\/algarve7\" \/>\n<meta property=\"article:published_time\" content=\"2026-04-30T16:45:22+00:00\" \/>\n<meta property=\"article:modified_time\" content=\"2026-04-30T16:45:27+00:00\" \/>\n<meta property=\"og:image\" content=\"https:\/\/algarve7.pt\/wp-content\/uploads\/2026\/04\/2026-Museu-Maios-site.jpg\" \/>\n\t<meta property=\"og:image:width\" content=\"800\" \/>\n\t<meta property=\"og:image:height\" content=\"445\" \/>\n\t<meta property=\"og:image:type\" content=\"image\/jpeg\" \/>\n<meta name=\"author\" content=\"Algarve 7\" \/>\n<meta name=\"twitter:card\" content=\"summary_large_image\" \/>\n<meta name=\"twitter:creator\" content=\"@Algarvesete\" \/>\n<meta name=\"twitter:site\" content=\"@Algarvesete\" \/>\n<meta name=\"twitter:label1\" content=\"Escrito por\" \/>\n\t<meta name=\"twitter:data1\" content=\"Algarve 7\" \/>\n\t<meta name=\"twitter:label2\" content=\"Tempo estimado de leitura\" \/>\n\t<meta name=\"twitter:data2\" content=\"2 minutos\" \/>\n<script type=\"application\/ld+json\" class=\"yoast-schema-graph\">{\"@context\":\"https:\\\/\\\/schema.org\",\"@graph\":[{\"@type\":\"Article\",\"@id\":\"https:\\\/\\\/algarve7.pt\\\/index.php\\\/2026\\\/04\\\/olhao-celebra-a-tradicao-dos-maios-com-programacao-em-todo-o-concelho\\\/cultura\\\/17\\\/45\\\/#article\",\"isPartOf\":{\"@id\":\"https:\\\/\\\/algarve7.pt\\\/index.php\\\/2026\\\/04\\\/olhao-celebra-a-tradicao-dos-maios-com-programacao-em-todo-o-concelho\\\/cultura\\\/17\\\/45\\\/\"},\"author\":{\"name\":\"Algarve 7\",\"@id\":\"https:\\\/\\\/algarve7.pt\\\/#\\\/schema\\\/person\\\/23fa70681308e7b319a3204bcea45e0c\"},\"headline\":\"Olh\u00e3o celebra a tradi\u00e7\u00e3o dos Maios com programa\u00e7\u00e3o em todo o concelho\u00a0\",\"datePublished\":\"2026-04-30T16:45:22+00:00\",\"dateModified\":\"2026-04-30T16:45:27+00:00\",\"mainEntityOfPage\":{\"@id\":\"https:\\\/\\\/algarve7.pt\\\/index.php\\\/2026\\\/04\\\/olhao-celebra-a-tradicao-dos-maios-com-programacao-em-todo-o-concelho\\\/cultura\\\/17\\\/45\\\/\"},\"wordCount\":375,\"publisher\":{\"@id\":\"https:\\\/\\\/algarve7.pt\\\/#organization\"},\"image\":{\"@id\":\"https:\\\/\\\/algarve7.pt\\\/index.php\\\/2026\\\/04\\\/olhao-celebra-a-tradicao-dos-maios-com-programacao-em-todo-o-concelho\\\/cultura\\\/17\\\/45\\\/#primaryimage\"},\"thumbnailUrl\":\"https:\\\/\\\/algarve7.pt\\\/wp-content\\\/uploads\\\/2026\\\/04\\\/2026-Museu-Maios-site.jpg\",\"keywords\":[\"Algarve\",\"Cultura\",\"Olh\u00e3o\"],\"articleSection\":[\"Cultura\"],\"inLanguage\":\"pt-PT\"},{\"@type\":\"WebPage\",\"@id\":\"https:\\\/\\\/algarve7.pt\\\/index.php\\\/2026\\\/04\\\/olhao-celebra-a-tradicao-dos-maios-com-programacao-em-todo-o-concelho\\\/cultura\\\/17\\\/45\\\/\",\"url\":\"https:\\\/\\\/algarve7.pt\\\/index.php\\\/2026\\\/04\\\/olhao-celebra-a-tradicao-dos-maios-com-programacao-em-todo-o-concelho\\\/cultura\\\/17\\\/45\\\/\",\"name\":\"Olh\u00e3o celebra a tradi\u00e7\u00e3o dos Maios com programa\u00e7\u00e3o em todo o concelho\u00a0 - Algarve 7\",\"isPartOf\":{\"@id\":\"https:\\\/\\\/algarve7.pt\\\/#website\"},\"primaryImageOfPage\":{\"@id\":\"https:\\\/\\\/algarve7.pt\\\/index.php\\\/2026\\\/04\\\/olhao-celebra-a-tradicao-dos-maios-com-programacao-em-todo-o-concelho\\\/cultura\\\/17\\\/45\\\/#primaryimage\"},\"image\":{\"@id\":\"https:\\\/\\\/algarve7.pt\\\/index.php\\\/2026\\\/04\\\/olhao-celebra-a-tradicao-dos-maios-com-programacao-em-todo-o-concelho\\\/cultura\\\/17\\\/45\\\/#primaryimage\"},\"thumbnailUrl\":\"https:\\\/\\\/algarve7.pt\\\/wp-content\\\/uploads\\\/2026\\\/04\\\/2026-Museu-Maios-site.jpg\",\"datePublished\":\"2026-04-30T16:45:22+00:00\",\"dateModified\":\"2026-04-30T16:45:27+00:00\",\"description\":\"Olh\u00e3o celebra a tradi\u00e7\u00e3o dos Maios com programa\u00e7\u00e3o em todo o concelho\u00a0 Cultura\",\"breadcrumb\":{\"@id\":\"https:\\\/\\\/algarve7.pt\\\/index.php\\\/2026\\\/04\\\/olhao-celebra-a-tradicao-dos-maios-com-programacao-em-todo-o-concelho\\\/cultura\\\/17\\\/45\\\/#breadcrumb\"},\"inLanguage\":\"pt-PT\",\"potentialAction\":[{\"@type\":\"ReadAction\",\"target\":[\"https:\\\/\\\/algarve7.pt\\\/index.php\\\/2026\\\/04\\\/olhao-celebra-a-tradicao-dos-maios-com-programacao-em-todo-o-concelho\\\/cultura\\\/17\\\/45\\\/\"]}]},{\"@type\":\"ImageObject\",\"inLanguage\":\"pt-PT\",\"@id\":\"https:\\\/\\\/algarve7.pt\\\/index.php\\\/2026\\\/04\\\/olhao-celebra-a-tradicao-dos-maios-com-programacao-em-todo-o-concelho\\\/cultura\\\/17\\\/45\\\/#primaryimage\",\"url\":\"https:\\\/\\\/algarve7.pt\\\/wp-content\\\/uploads\\\/2026\\\/04\\\/2026-Museu-Maios-site.jpg\",\"contentUrl\":\"https:\\\/\\\/algarve7.pt\\\/wp-content\\\/uploads\\\/2026\\\/04\\\/2026-Museu-Maios-site.jpg\",\"width\":800,\"height\":445},{\"@type\":\"BreadcrumbList\",\"@id\":\"https:\\\/\\\/algarve7.pt\\\/index.php\\\/2026\\\/04\\\/olhao-celebra-a-tradicao-dos-maios-com-programacao-em-todo-o-concelho\\\/cultura\\\/17\\\/45\\\/#breadcrumb\",\"itemListElement\":[{\"@type\":\"ListItem\",\"position\":1,\"name\":\"In\u00edcio\",\"item\":\"https:\\\/\\\/algarve7.pt\\\/\"},{\"@type\":\"ListItem\",\"position\":2,\"name\":\"Olh\u00e3o celebra a tradi\u00e7\u00e3o dos Maios com programa\u00e7\u00e3o em todo o concelho\u00a0\"}]},{\"@type\":\"WebSite\",\"@id\":\"https:\\\/\\\/algarve7.pt\\\/#website\",\"url\":\"https:\\\/\\\/algarve7.pt\\\/\",\"name\":\"Algarve 7\",\"description\":\"Informa\u00e7\u00e3o sobre o Algarve\",\"publisher\":{\"@id\":\"https:\\\/\\\/algarve7.pt\\\/#organization\"},\"potentialAction\":[{\"@type\":\"SearchAction\",\"target\":{\"@type\":\"EntryPoint\",\"urlTemplate\":\"https:\\\/\\\/algarve7.pt\\\/?s={search_term_string}\"},\"query-input\":{\"@type\":\"PropertyValueSpecification\",\"valueRequired\":true,\"valueName\":\"search_term_string\"}}],\"inLanguage\":\"pt-PT\"},{\"@type\":\"Organization\",\"@id\":\"https:\\\/\\\/algarve7.pt\\\/#organization\",\"name\":\"Algarve 7\",\"url\":\"https:\\\/\\\/algarve7.pt\\\/\",\"logo\":{\"@type\":\"ImageObject\",\"inLanguage\":\"pt-PT\",\"@id\":\"https:\\\/\\\/algarve7.pt\\\/#\\\/schema\\\/logo\\\/image\\\/\",\"url\":\"https:\\\/\\\/algarve7.pt\\\/wp-content\\\/uploads\\\/2020\\\/10\\\/Logo-8.jpg\",\"contentUrl\":\"https:\\\/\\\/algarve7.pt\\\/wp-content\\\/uploads\\\/2020\\\/10\\\/Logo-8.jpg\",\"width\":1680,\"height\":1186,\"caption\":\"Algarve 7\"},\"image\":{\"@id\":\"https:\\\/\\\/algarve7.pt\\\/#\\\/schema\\\/logo\\\/image\\\/\"},\"sameAs\":[\"https:\\\/\\\/www.facebook.com\\\/algarve7\",\"https:\\\/\\\/x.com\\\/Algarvesete\",\"https:\\\/\\\/www.instagram.com\\\/jornalalgarve7\\\/\",\"https:\\\/\\\/www.linkedin.com\\\/company\\\/algarve7\",\"https:\\\/\\\/www.pinterest.pt\\\/geral0939\\\/_created\\\/\"]},{\"@type\":\"Person\",\"@id\":\"https:\\\/\\\/algarve7.pt\\\/#\\\/schema\\\/person\\\/23fa70681308e7b319a3204bcea45e0c\",\"name\":\"Algarve 7\",\"sameAs\":[\"https:\\\/\\\/algarve7.pt\",\"https:\\\/\\\/www.facebook.com\\\/algarve7\"],\"url\":\"https:\\\/\\\/algarve7.pt\\\/index.php\\\/author\\\/geralalgarve7-pt\\\/\"}]}<\/script>\n<!-- \/ Yoast SEO plugin. -->","yoast_head_json":{"title":"Olh\u00e3o celebra a tradi\u00e7\u00e3o dos Maios com programa\u00e7\u00e3o em todo o concelho\u00a0 - Algarve 7","description":"Olh\u00e3o celebra a tradi\u00e7\u00e3o dos Maios com programa\u00e7\u00e3o em todo o concelho\u00a0 Cultura","robots":{"index":"index","follow":"follow","max-snippet":"max-snippet:-1","max-image-preview":"max-image-preview:large","max-video-preview":"max-video-preview:-1"},"canonical":"https:\/\/algarve7.pt\/index.php\/2026\/04\/olhao-celebra-a-tradicao-dos-maios-com-programacao-em-todo-o-concelho\/cultura\/17\/45\/","og_locale":"pt_PT","og_type":"article","og_title":"Olh\u00e3o celebra a tradi\u00e7\u00e3o dos Maios com programa\u00e7\u00e3o em todo o concelho\u00a0 - Algarve 7","og_description":"Olh\u00e3o celebra a tradi\u00e7\u00e3o dos Maios com programa\u00e7\u00e3o em todo o concelho\u00a0 Cultura","og_url":"https:\/\/algarve7.pt\/index.php\/2026\/04\/olhao-celebra-a-tradicao-dos-maios-com-programacao-em-todo-o-concelho\/cultura\/17\/45\/","og_site_name":"Algarve 7","article_publisher":"https:\/\/www.facebook.com\/algarve7","article_author":"https:\/\/www.facebook.com\/algarve7","article_published_time":"2026-04-30T16:45:22+00:00","article_modified_time":"2026-04-30T16:45:27+00:00","og_image":[{"width":800,"height":445,"url":"https:\/\/algarve7.pt\/wp-content\/uploads\/2026\/04\/2026-Museu-Maios-site.jpg","type":"image\/jpeg"}],"author":"Algarve 7","twitter_card":"summary_large_image","twitter_creator":"@Algarvesete","twitter_site":"@Algarvesete","twitter_misc":{"Escrito por":"Algarve 7","Tempo estimado de leitura":"2 minutos"},"schema":{"@context":"https:\/\/schema.org","@graph":[{"@type":"Article","@id":"https:\/\/algarve7.pt\/index.php\/2026\/04\/olhao-celebra-a-tradicao-dos-maios-com-programacao-em-todo-o-concelho\/cultura\/17\/45\/#article","isPartOf":{"@id":"https:\/\/algarve7.pt\/index.php\/2026\/04\/olhao-celebra-a-tradicao-dos-maios-com-programacao-em-todo-o-concelho\/cultura\/17\/45\/"},"author":{"name":"Algarve 7","@id":"https:\/\/algarve7.pt\/#\/schema\/person\/23fa70681308e7b319a3204bcea45e0c"},"headline":"Olh\u00e3o celebra a tradi\u00e7\u00e3o dos Maios com programa\u00e7\u00e3o em todo o concelho\u00a0","datePublished":"2026-04-30T16:45:22+00:00","dateModified":"2026-04-30T16:45:27+00:00","mainEntityOfPage":{"@id":"https:\/\/algarve7.pt\/index.php\/2026\/04\/olhao-celebra-a-tradicao-dos-maios-com-programacao-em-todo-o-concelho\/cultura\/17\/45\/"},"wordCount":375,"publisher":{"@id":"https:\/\/algarve7.pt\/#organization"},"image":{"@id":"https:\/\/algarve7.pt\/index.php\/2026\/04\/olhao-celebra-a-tradicao-dos-maios-com-programacao-em-todo-o-concelho\/cultura\/17\/45\/#primaryimage"},"thumbnailUrl":"https:\/\/algarve7.pt\/wp-content\/uploads\/2026\/04\/2026-Museu-Maios-site.jpg","keywords":["Algarve","Cultura","Olh\u00e3o"],"articleSection":["Cultura"],"inLanguage":"pt-PT"},{"@type":"WebPage","@id":"https:\/\/algarve7.pt\/index.php\/2026\/04\/olhao-celebra-a-tradicao-dos-maios-com-programacao-em-todo-o-concelho\/cultura\/17\/45\/","url":"https:\/\/algarve7.pt\/index.php\/2026\/04\/olhao-celebra-a-tradicao-dos-maios-com-programacao-em-todo-o-concelho\/cultura\/17\/45\/","name":"Olh\u00e3o celebra a tradi\u00e7\u00e3o dos Maios com programa\u00e7\u00e3o em todo o concelho\u00a0 - Algarve 7","isPartOf":{"@id":"https:\/\/algarve7.pt\/#website"},"primaryImageOfPage":{"@id":"https:\/\/algarve7.pt\/index.php\/2026\/04\/olhao-celebra-a-tradicao-dos-maios-com-programacao-em-todo-o-concelho\/cultura\/17\/45\/#primaryimage"},"image":{"@id":"https:\/\/algarve7.pt\/index.php\/2026\/04\/olhao-celebra-a-tradicao-dos-maios-com-programacao-em-todo-o-concelho\/cultura\/17\/45\/#primaryimage"},"thumbnailUrl":"https:\/\/algarve7.pt\/wp-content\/uploads\/2026\/04\/2026-Museu-Maios-site.jpg","datePublished":"2026-04-30T16:45:22+00:00","dateModified":"2026-04-30T16:45:27+00:00","description":"Olh\u00e3o celebra a tradi\u00e7\u00e3o dos Maios com programa\u00e7\u00e3o em todo o concelho\u00a0 Cultura","breadcrumb":{"@id":"https:\/\/algarve7.pt\/index.php\/2026\/04\/olhao-celebra-a-tradicao-dos-maios-com-programacao-em-todo-o-concelho\/cultura\/17\/45\/#breadcrumb"},"inLanguage":"pt-PT","potentialAction":[{"@type":"ReadAction","target":["https:\/\/algarve7.pt\/index.php\/2026\/04\/olhao-celebra-a-tradicao-dos-maios-com-programacao-em-todo-o-concelho\/cultura\/17\/45\/"]}]},{"@type":"ImageObject","inLanguage":"pt-PT","@id":"https:\/\/algarve7.pt\/index.php\/2026\/04\/olhao-celebra-a-tradicao-dos-maios-com-programacao-em-todo-o-concelho\/cultura\/17\/45\/#primaryimage","url":"https:\/\/algarve7.pt\/wp-content\/uploads\/2026\/04\/2026-Museu-Maios-site.jpg","contentUrl":"https:\/\/algarve7.pt\/wp-content\/uploads\/2026\/04\/2026-Museu-Maios-site.jpg","width":800,"height":445},{"@type":"BreadcrumbList","@id":"https:\/\/algarve7.pt\/index.php\/2026\/04\/olhao-celebra-a-tradicao-dos-maios-com-programacao-em-todo-o-concelho\/cultura\/17\/45\/#breadcrumb","itemListElement":[{"@type":"ListItem","position":1,"name":"In\u00edcio","item":"https:\/\/algarve7.pt\/"},{"@type":"ListItem","position":2,"name":"Olh\u00e3o celebra a tradi\u00e7\u00e3o dos Maios com programa\u00e7\u00e3o em todo o concelho\u00a0"}]},{"@type":"WebSite","@id":"https:\/\/algarve7.pt\/#website","url":"https:\/\/algarve7.pt\/","name":"Algarve 7","description":"Informa\u00e7\u00e3o sobre o Algarve","publisher":{"@id":"https:\/\/algarve7.pt\/#organization"},"potentialAction":[{"@type":"SearchAction","target":{"@type":"EntryPoint","urlTemplate":"https:\/\/algarve7.pt\/?s={search_term_string}"},"query-input":{"@type":"PropertyValueSpecification","valueRequired":true,"valueName":"search_term_string"}}],"inLanguage":"pt-PT"},{"@type":"Organization","@id":"https:\/\/algarve7.pt\/#organization","name":"Algarve 7","url":"https:\/\/algarve7.pt\/","logo":{"@type":"ImageObject","inLanguage":"pt-PT","@id":"https:\/\/algarve7.pt\/#\/schema\/logo\/image\/","url":"https:\/\/algarve7.pt\/wp-content\/uploads\/2020\/10\/Logo-8.jpg","contentUrl":"https:\/\/algarve7.pt\/wp-content\/uploads\/2020\/10\/Logo-8.jpg","width":1680,"height":1186,"caption":"Algarve 7"},"image":{"@id":"https:\/\/algarve7.pt\/#\/schema\/logo\/image\/"},"sameAs":["https:\/\/www.facebook.com\/algarve7","https:\/\/x.com\/Algarvesete","https:\/\/www.instagram.com\/jornalalgarve7\/","https:\/\/www.linkedin.com\/company\/algarve7","https:\/\/www.pinterest.pt\/geral0939\/_created\/"]},{"@type":"Person","@id":"https:\/\/algarve7.pt\/#\/schema\/person\/23fa70681308e7b319a3204bcea45e0c","name":"Algarve 7","sameAs":["https:\/\/algarve7.pt","https:\/\/www.facebook.com\/algarve7"],"url":"https:\/\/algarve7.pt\/index.php\/author\/geralalgarve7-pt\/"}]}},"jetpack_publicize_connections":[],"jetpack_featured_media_url":"https:\/\/algarve7.pt\/wp-content\/uploads\/2026\/04\/2026-Museu-Maios-site.jpg","jetpack_shortlink":"https:\/\/wp.me\/pcezmW-g3S","jetpack_sharing_enabled":true,"_links":{"self":[{"href":"https:\/\/algarve7.pt\/index.php\/wp-json\/wp\/v2\/posts\/61744","targetHints":{"allow":["GET"]}}],"collection":[{"href":"https:\/\/algarve7.pt\/index.php\/wp-json\/wp\/v2\/posts"}],"about":[{"href":"https:\/\/algarve7.pt\/index.php\/wp-json\/wp\/v2\/types\/post"}],"author":[{"embeddable":true,"href":"https:\/\/algarve7.pt\/index.php\/wp-json\/wp\/v2\/users\/1"}],"replies":[{"embeddable":true,"href":"https:\/\/algarve7.pt\/index.php\/wp-json\/wp\/v2\/comments?post=61744"}],"version-history":[{"count":1,"href":"https:\/\/algarve7.pt\/index.php\/wp-json\/wp\/v2\/posts\/61744\/revisions"}],"predecessor-version":[{"id":61746,"href":"https:\/\/algarve7.pt\/index.php\/wp-json\/wp\/v2\/posts\/61744\/revisions\/61746"}],"wp:featuredmedia":[{"embeddable":true,"href":"https:\/\/algarve7.pt\/index.php\/wp-json\/wp\/v2\/media\/61745"}],"wp:attachment":[{"href":"https:\/\/algarve7.pt\/index.php\/wp-json\/wp\/v2\/media?parent=61744"}],"wp:term":[{"taxonomy":"category","embeddable":true,"href":"https:\/\/algarve7.pt\/index.php\/wp-json\/wp\/v2\/categories?post=61744"},{"taxonomy":"post_tag","embeddable":true,"href":"https:\/\/algarve7.pt\/index.php\/wp-json\/wp\/v2\/tags?post=61744"}],"curies":[{"name":"wp","href":"https:\/\/api.w.org\/{rel}","templated":true}]}}