{"id":61732,"date":"2026-04-30T17:32:19","date_gmt":"2026-04-30T16:32:19","guid":{"rendered":"https:\/\/algarve7.pt\/?p=61732"},"modified":"2026-04-30T17:32:23","modified_gmt":"2026-04-30T16:32:23","slug":"portimao-recruta-jovens-monitores-para-a-maior-edicao-de-sempre-das-ferias-de-verao","status":"publish","type":"post","link":"https:\/\/algarve7.pt\/index.php\/2026\/04\/portimao-recruta-jovens-monitores-para-a-maior-edicao-de-sempre-das-ferias-de-verao\/atualidade\/17\/32\/","title":{"rendered":"Portim\u00e3o recruta jovens monitores para a maior edi\u00e7\u00e3o de sempre das F\u00e9rias de Ver\u00e3o"},"content":{"rendered":"\n<p>O Munic\u00edpio de Portim\u00e3o j\u00e1 abriu as inscri\u00e7\u00f5es para o recrutamento de jovens monitores que ir\u00e3o integrar as F\u00e9rias de Ver\u00e3o 2026. Este programa municipal, que visa proporcionar atividades de ocupa\u00e7\u00e3o de tempos livres a crian\u00e7as e jovens dos 6 aos 18 anos, decorrer\u00e1 entre 1 de julho e 7 de agosto, apostando numa forte din\u00e2mica de experi\u00eancias educativas, culturais, desportivas e ambientais durante a pausa letiva.<\/p>\n\n\n\n<p><strong>Perfil dos candidatos<\/strong><\/p>\n\n\n\n<p>O recrutamento est\u00e1 direcionado a estudantes com idades entre os 17 e os 25 anos que demonstrem esp\u00edrito de equipa, sentido de responsabilidade, criatividade e motiva\u00e7\u00e3o para o trabalho com os mais novos.<\/p>\n\n\n\n<p>Os candidatos dever\u00e3o ter disponibilidade de segunda a sexta-feira, entre as 8h30 e as 17h30, para assegurar o acompanhamento das atividades e a dinamiza\u00e7\u00e3o dos grupos. Ser\u00e1 valorizada a experi\u00eancia pr\u00e9via em edi\u00e7\u00f5es anteriores ou projetos semelhantes, bem como compet\u00eancias em modalidades como jogos coletivos, desportos aqu\u00e1ticos, t\u00e9nis, vela, dan\u00e7a ou em a\u00e7\u00f5es de cariz l\u00fadico-pedag\u00f3gico, cultural e ambiental.<\/p>\n\n\n\n<p>Al\u00e9m do seguro de acidentes pessoais e de um diploma de participa\u00e7\u00e3o, cada monitor selecionado ter\u00e1 direito a uma bolsa de participa\u00e7\u00e3o e a almo\u00e7o durante todo o per\u00edodo.<\/p>\n\n\n\n<p><strong>Datas e Fases do Processo de Sele\u00e7\u00e3o<\/strong><\/p>\n\n\n\n<p>O processo de sele\u00e7\u00e3o e integra\u00e7\u00e3o dos monitores segue um cronograma rigoroso que arranca com o per\u00edodo de candidaturas, aberto at\u00e9 ao dia 22 de maio.&nbsp;<\/p>\n\n\n\n<p>Ap\u00f3s esta fase, decorrer\u00e3o as entrevistas de sele\u00e7\u00e3o entre 22 de maio e 5 de junho, sendo os resultados comunicados aos jovens selecionados no dia 10 de junho.&nbsp;<\/p>\n\n\n\n<p>Antes do in\u00edcio das atividades, todos os futuros monitores dever\u00e3o frequentar uma forma\u00e7\u00e3o obrigat\u00f3ria, agendada para o per\u00edodo de 24 a 30 de junho, de forma a estarem preparados para o acompanhamento das crian\u00e7as e jovens que participam nas F\u00e9rias de Ver\u00e3o entre 1 de julho e 7 de agosto.<\/p>\n\n\n\n<p><strong>N\u00facleos de Atividade e Hor\u00e1rios<\/strong><\/p>\n\n\n\n<p>As atividades estar\u00e3o divididas por v\u00e1rios n\u00facleos incluindo, nas F\u00e9rias Desportivas, o Pavilh\u00e3o Desportivo da Boavista, os Complexos Desportivos de Alvor e Mexilhoeira Grande, as escolas b\u00e1sicas D. Martinho Castelo Branco e EB Eng.\u00ba Nuno Mergulh\u00e3o.&nbsp;<\/p>\n\n\n\n<p>No \u00e2mbito cultural e ambiental, o programa passar\u00e1 pela Biblioteca Manuel Teixeira Gomes, Museu de Portim\u00e3o, Quinta Pedag\u00f3gica e TEMPO &#8211; Teatro Municipal, enquanto as atividades exclusivas para jovens, com idades entre os 12 e os 18 anos, decorrer\u00e3o no Lugar do Rio &#8211; Espa\u00e7o Jovem, entre as 14h00 e as 18h00.<\/p>\n\n\n\n<p><strong>Candidaturas para monitores<\/strong><\/p>\n\n\n\n<p>As candidaturas devem ser formalizadas at\u00e9 22 de maio atrav\u00e9s do preenchimento do formul\u00e1rio dispon\u00edvel no site oficial da autarquia, em\u00a0<a href=\"https:\/\/tinyurl.com\/candidaturasmonitorFV\" target=\"_blank\" rel=\"noreferrer noopener\">https:\/\/tinyurl.com\/candidaturasmonitorFV<\/a><\/p>\n\n\n\n<p>Para esclarecimentos adicionais, os interessados podem contactar o n\u00famero 282&nbsp;242&nbsp;640 ou e-mail feriasportimao@cm-portimao.pt.&nbsp;<\/p>\n\n\n\n<p><strong>Informa\u00e7\u00f5es adicionais para participantes<\/strong><\/p>\n\n\n\n<p>Para al\u00e9m do processo de recrutamento de monitores, importa ainda referir que o calend\u00e1rio de inscri\u00e7\u00f5es para os participantes (crian\u00e7as e jovens) nas F\u00e9rias de Ver\u00e3o 2026 j\u00e1 se encontra definido e ser\u00e1 processado de forma faseada por turno.<\/p>\n\n\n\n<p>Todas as informa\u00e7\u00f5es detalhadas sobre este processo espec\u00edfico, incluindo os prazos espec\u00edficos para cada per\u00edodo, est\u00e3o dispon\u00edveis para consulta no site oficial da autarquia em\u00a0<a href=\"https:\/\/www.cm-portimao.pt\/ferias-de-verao\" target=\"_blank\" rel=\"noreferrer noopener\">https:\/\/www.cm-portimao.pt\/ferias-de-verao<\/a><\/p>\n","protected":false},"excerpt":{"rendered":"<p>O Munic\u00edpio de Portim\u00e3o j\u00e1 abriu as inscri\u00e7\u00f5es para o recrutamento de jovens monitores que ir\u00e3o integrar as F\u00e9rias de<\/p>\n","protected":false},"author":1,"featured_media":61733,"comment_status":"closed","ping_status":"closed","sticky":false,"template":"","format":"standard","meta":{"colormag_page_container_layout":"default_layout","colormag_page_sidebar_layout":"default_layout","_monsterinsights_skip_tracking":false,"_monsterinsights_sitenote_active":false,"_monsterinsights_sitenote_note":"","_monsterinsights_sitenote_category":0,"jetpack_post_was_ever_published":false,"_jetpack_newsletter_access":"","_jetpack_dont_email_post_to_subs":false,"_jetpack_newsletter_tier_id":0,"_jetpack_memberships_contains_paywalled_content":false,"_jetpack_memberships_contains_paid_content":false,"footnotes":"","jetpack_publicize_message":"","jetpack_publicize_feature_enabled":true,"jetpack_social_post_already_shared":true,"jetpack_social_options":{"image_generator_settings":{"template":"highway","default_image_id":0,"font":"","enabled":false},"version":2}},"categories":[11],"tags":[36,62,72],"class_list":["post-61732","post","type-post","status-publish","format-standard","has-post-thumbnail","hentry","category-atualidade","tag-algarve","tag-atualidade","tag-portimao"],"yoast_head":"<!-- This site is optimized with the Yoast SEO plugin v27.5 - https:\/\/yoast.com\/product\/yoast-seo-wordpress\/ -->\n<title>Portim\u00e3o recruta jovens monitores para a maior edi\u00e7\u00e3o de sempre das F\u00e9rias de Ver\u00e3o - Algarve 7<\/title>\n<meta name=\"description\" content=\"Portim\u00e3o recruta jovens monitores para a maior edi\u00e7\u00e3o de sempre das F\u00e9rias de Ver\u00e3o Atualidade\" \/>\n<meta name=\"robots\" content=\"index, follow, max-snippet:-1, max-image-preview:large, max-video-preview:-1\" \/>\n<link rel=\"canonical\" href=\"https:\/\/algarve7.pt\/index.php\/2026\/04\/portimao-recruta-jovens-monitores-para-a-maior-edicao-de-sempre-das-ferias-de-verao\/atualidade\/17\/32\/\" \/>\n<meta property=\"og:locale\" content=\"pt_PT\" \/>\n<meta property=\"og:type\" content=\"article\" \/>\n<meta property=\"og:title\" content=\"Portim\u00e3o recruta jovens monitores para a maior edi\u00e7\u00e3o de sempre das F\u00e9rias de Ver\u00e3o - Algarve 7\" \/>\n<meta property=\"og:description\" content=\"Portim\u00e3o recruta jovens monitores para a maior edi\u00e7\u00e3o de sempre das F\u00e9rias de Ver\u00e3o Atualidade\" \/>\n<meta property=\"og:url\" content=\"https:\/\/algarve7.pt\/index.php\/2026\/04\/portimao-recruta-jovens-monitores-para-a-maior-edicao-de-sempre-das-ferias-de-verao\/atualidade\/17\/32\/\" \/>\n<meta property=\"og:site_name\" content=\"Algarve 7\" \/>\n<meta property=\"article:publisher\" content=\"https:\/\/www.facebook.com\/algarve7\" \/>\n<meta property=\"article:author\" content=\"https:\/\/www.facebook.com\/algarve7\" \/>\n<meta property=\"article:published_time\" content=\"2026-04-30T16:32:19+00:00\" \/>\n<meta property=\"article:modified_time\" content=\"2026-04-30T16:32:23+00:00\" \/>\n<meta property=\"og:image\" content=\"https:\/\/algarve7.pt\/wp-content\/uploads\/2026\/04\/Monitores-FV-Boavista.jpg\" \/>\n\t<meta property=\"og:image:width\" content=\"800\" \/>\n\t<meta property=\"og:image:height\" content=\"445\" \/>\n\t<meta property=\"og:image:type\" content=\"image\/jpeg\" \/>\n<meta name=\"author\" content=\"Algarve 7\" \/>\n<meta name=\"twitter:card\" content=\"summary_large_image\" \/>\n<meta name=\"twitter:creator\" content=\"@Algarvesete\" \/>\n<meta name=\"twitter:site\" content=\"@Algarvesete\" \/>\n<meta name=\"twitter:label1\" content=\"Escrito por\" \/>\n\t<meta name=\"twitter:data1\" content=\"Algarve 7\" \/>\n\t<meta name=\"twitter:label2\" content=\"Tempo estimado de leitura\" \/>\n\t<meta name=\"twitter:data2\" content=\"3 minutos\" \/>\n<script type=\"application\/ld+json\" class=\"yoast-schema-graph\">{\"@context\":\"https:\\\/\\\/schema.org\",\"@graph\":[{\"@type\":\"Article\",\"@id\":\"https:\\\/\\\/algarve7.pt\\\/index.php\\\/2026\\\/04\\\/portimao-recruta-jovens-monitores-para-a-maior-edicao-de-sempre-das-ferias-de-verao\\\/atualidade\\\/17\\\/32\\\/#article\",\"isPartOf\":{\"@id\":\"https:\\\/\\\/algarve7.pt\\\/index.php\\\/2026\\\/04\\\/portimao-recruta-jovens-monitores-para-a-maior-edicao-de-sempre-das-ferias-de-verao\\\/atualidade\\\/17\\\/32\\\/\"},\"author\":{\"name\":\"Algarve 7\",\"@id\":\"https:\\\/\\\/algarve7.pt\\\/#\\\/schema\\\/person\\\/23fa70681308e7b319a3204bcea45e0c\"},\"headline\":\"Portim\u00e3o recruta jovens monitores para a maior edi\u00e7\u00e3o de sempre das F\u00e9rias de Ver\u00e3o\",\"datePublished\":\"2026-04-30T16:32:19+00:00\",\"dateModified\":\"2026-04-30T16:32:23+00:00\",\"mainEntityOfPage\":{\"@id\":\"https:\\\/\\\/algarve7.pt\\\/index.php\\\/2026\\\/04\\\/portimao-recruta-jovens-monitores-para-a-maior-edicao-de-sempre-das-ferias-de-verao\\\/atualidade\\\/17\\\/32\\\/\"},\"wordCount\":589,\"publisher\":{\"@id\":\"https:\\\/\\\/algarve7.pt\\\/#organization\"},\"image\":{\"@id\":\"https:\\\/\\\/algarve7.pt\\\/index.php\\\/2026\\\/04\\\/portimao-recruta-jovens-monitores-para-a-maior-edicao-de-sempre-das-ferias-de-verao\\\/atualidade\\\/17\\\/32\\\/#primaryimage\"},\"thumbnailUrl\":\"https:\\\/\\\/algarve7.pt\\\/wp-content\\\/uploads\\\/2026\\\/04\\\/Monitores-FV-Boavista.jpg\",\"keywords\":[\"Algarve\",\"Atualidade\",\"Portim\u00e3o\"],\"articleSection\":[\"Atualidade\"],\"inLanguage\":\"pt-PT\"},{\"@type\":\"WebPage\",\"@id\":\"https:\\\/\\\/algarve7.pt\\\/index.php\\\/2026\\\/04\\\/portimao-recruta-jovens-monitores-para-a-maior-edicao-de-sempre-das-ferias-de-verao\\\/atualidade\\\/17\\\/32\\\/\",\"url\":\"https:\\\/\\\/algarve7.pt\\\/index.php\\\/2026\\\/04\\\/portimao-recruta-jovens-monitores-para-a-maior-edicao-de-sempre-das-ferias-de-verao\\\/atualidade\\\/17\\\/32\\\/\",\"name\":\"Portim\u00e3o recruta jovens monitores para a maior edi\u00e7\u00e3o de sempre das F\u00e9rias de Ver\u00e3o - Algarve 7\",\"isPartOf\":{\"@id\":\"https:\\\/\\\/algarve7.pt\\\/#website\"},\"primaryImageOfPage\":{\"@id\":\"https:\\\/\\\/algarve7.pt\\\/index.php\\\/2026\\\/04\\\/portimao-recruta-jovens-monitores-para-a-maior-edicao-de-sempre-das-ferias-de-verao\\\/atualidade\\\/17\\\/32\\\/#primaryimage\"},\"image\":{\"@id\":\"https:\\\/\\\/algarve7.pt\\\/index.php\\\/2026\\\/04\\\/portimao-recruta-jovens-monitores-para-a-maior-edicao-de-sempre-das-ferias-de-verao\\\/atualidade\\\/17\\\/32\\\/#primaryimage\"},\"thumbnailUrl\":\"https:\\\/\\\/algarve7.pt\\\/wp-content\\\/uploads\\\/2026\\\/04\\\/Monitores-FV-Boavista.jpg\",\"datePublished\":\"2026-04-30T16:32:19+00:00\",\"dateModified\":\"2026-04-30T16:32:23+00:00\",\"description\":\"Portim\u00e3o recruta jovens monitores para a maior edi\u00e7\u00e3o de sempre das F\u00e9rias de Ver\u00e3o Atualidade\",\"breadcrumb\":{\"@id\":\"https:\\\/\\\/algarve7.pt\\\/index.php\\\/2026\\\/04\\\/portimao-recruta-jovens-monitores-para-a-maior-edicao-de-sempre-das-ferias-de-verao\\\/atualidade\\\/17\\\/32\\\/#breadcrumb\"},\"inLanguage\":\"pt-PT\",\"potentialAction\":[{\"@type\":\"ReadAction\",\"target\":[\"https:\\\/\\\/algarve7.pt\\\/index.php\\\/2026\\\/04\\\/portimao-recruta-jovens-monitores-para-a-maior-edicao-de-sempre-das-ferias-de-verao\\\/atualidade\\\/17\\\/32\\\/\"]}]},{\"@type\":\"ImageObject\",\"inLanguage\":\"pt-PT\",\"@id\":\"https:\\\/\\\/algarve7.pt\\\/index.php\\\/2026\\\/04\\\/portimao-recruta-jovens-monitores-para-a-maior-edicao-de-sempre-das-ferias-de-verao\\\/atualidade\\\/17\\\/32\\\/#primaryimage\",\"url\":\"https:\\\/\\\/algarve7.pt\\\/wp-content\\\/uploads\\\/2026\\\/04\\\/Monitores-FV-Boavista.jpg\",\"contentUrl\":\"https:\\\/\\\/algarve7.pt\\\/wp-content\\\/uploads\\\/2026\\\/04\\\/Monitores-FV-Boavista.jpg\",\"width\":800,\"height\":445},{\"@type\":\"BreadcrumbList\",\"@id\":\"https:\\\/\\\/algarve7.pt\\\/index.php\\\/2026\\\/04\\\/portimao-recruta-jovens-monitores-para-a-maior-edicao-de-sempre-das-ferias-de-verao\\\/atualidade\\\/17\\\/32\\\/#breadcrumb\",\"itemListElement\":[{\"@type\":\"ListItem\",\"position\":1,\"name\":\"In\u00edcio\",\"item\":\"https:\\\/\\\/algarve7.pt\\\/\"},{\"@type\":\"ListItem\",\"position\":2,\"name\":\"Portim\u00e3o recruta jovens monitores para a maior edi\u00e7\u00e3o de sempre das F\u00e9rias de Ver\u00e3o\"}]},{\"@type\":\"WebSite\",\"@id\":\"https:\\\/\\\/algarve7.pt\\\/#website\",\"url\":\"https:\\\/\\\/algarve7.pt\\\/\",\"name\":\"Algarve 7\",\"description\":\"Informa\u00e7\u00e3o sobre o Algarve\",\"publisher\":{\"@id\":\"https:\\\/\\\/algarve7.pt\\\/#organization\"},\"potentialAction\":[{\"@type\":\"SearchAction\",\"target\":{\"@type\":\"EntryPoint\",\"urlTemplate\":\"https:\\\/\\\/algarve7.pt\\\/?s={search_term_string}\"},\"query-input\":{\"@type\":\"PropertyValueSpecification\",\"valueRequired\":true,\"valueName\":\"search_term_string\"}}],\"inLanguage\":\"pt-PT\"},{\"@type\":\"Organization\",\"@id\":\"https:\\\/\\\/algarve7.pt\\\/#organization\",\"name\":\"Algarve 7\",\"url\":\"https:\\\/\\\/algarve7.pt\\\/\",\"logo\":{\"@type\":\"ImageObject\",\"inLanguage\":\"pt-PT\",\"@id\":\"https:\\\/\\\/algarve7.pt\\\/#\\\/schema\\\/logo\\\/image\\\/\",\"url\":\"https:\\\/\\\/algarve7.pt\\\/wp-content\\\/uploads\\\/2020\\\/10\\\/Logo-8.jpg\",\"contentUrl\":\"https:\\\/\\\/algarve7.pt\\\/wp-content\\\/uploads\\\/2020\\\/10\\\/Logo-8.jpg\",\"width\":1680,\"height\":1186,\"caption\":\"Algarve 7\"},\"image\":{\"@id\":\"https:\\\/\\\/algarve7.pt\\\/#\\\/schema\\\/logo\\\/image\\\/\"},\"sameAs\":[\"https:\\\/\\\/www.facebook.com\\\/algarve7\",\"https:\\\/\\\/x.com\\\/Algarvesete\",\"https:\\\/\\\/www.instagram.com\\\/jornalalgarve7\\\/\",\"https:\\\/\\\/www.linkedin.com\\\/company\\\/algarve7\",\"https:\\\/\\\/www.pinterest.pt\\\/geral0939\\\/_created\\\/\"]},{\"@type\":\"Person\",\"@id\":\"https:\\\/\\\/algarve7.pt\\\/#\\\/schema\\\/person\\\/23fa70681308e7b319a3204bcea45e0c\",\"name\":\"Algarve 7\",\"sameAs\":[\"https:\\\/\\\/algarve7.pt\",\"https:\\\/\\\/www.facebook.com\\\/algarve7\"],\"url\":\"https:\\\/\\\/algarve7.pt\\\/index.php\\\/author\\\/geralalgarve7-pt\\\/\"}]}<\/script>\n<!-- \/ Yoast SEO plugin. -->","yoast_head_json":{"title":"Portim\u00e3o recruta jovens monitores para a maior edi\u00e7\u00e3o de sempre das F\u00e9rias de Ver\u00e3o - Algarve 7","description":"Portim\u00e3o recruta jovens monitores para a maior edi\u00e7\u00e3o de sempre das F\u00e9rias de Ver\u00e3o Atualidade","robots":{"index":"index","follow":"follow","max-snippet":"max-snippet:-1","max-image-preview":"max-image-preview:large","max-video-preview":"max-video-preview:-1"},"canonical":"https:\/\/algarve7.pt\/index.php\/2026\/04\/portimao-recruta-jovens-monitores-para-a-maior-edicao-de-sempre-das-ferias-de-verao\/atualidade\/17\/32\/","og_locale":"pt_PT","og_type":"article","og_title":"Portim\u00e3o recruta jovens monitores para a maior edi\u00e7\u00e3o de sempre das F\u00e9rias de Ver\u00e3o - Algarve 7","og_description":"Portim\u00e3o recruta jovens monitores para a maior edi\u00e7\u00e3o de sempre das F\u00e9rias de Ver\u00e3o Atualidade","og_url":"https:\/\/algarve7.pt\/index.php\/2026\/04\/portimao-recruta-jovens-monitores-para-a-maior-edicao-de-sempre-das-ferias-de-verao\/atualidade\/17\/32\/","og_site_name":"Algarve 7","article_publisher":"https:\/\/www.facebook.com\/algarve7","article_author":"https:\/\/www.facebook.com\/algarve7","article_published_time":"2026-04-30T16:32:19+00:00","article_modified_time":"2026-04-30T16:32:23+00:00","og_image":[{"width":800,"height":445,"url":"https:\/\/algarve7.pt\/wp-content\/uploads\/2026\/04\/Monitores-FV-Boavista.jpg","type":"image\/jpeg"}],"author":"Algarve 7","twitter_card":"summary_large_image","twitter_creator":"@Algarvesete","twitter_site":"@Algarvesete","twitter_misc":{"Escrito por":"Algarve 7","Tempo estimado de leitura":"3 minutos"},"schema":{"@context":"https:\/\/schema.org","@graph":[{"@type":"Article","@id":"https:\/\/algarve7.pt\/index.php\/2026\/04\/portimao-recruta-jovens-monitores-para-a-maior-edicao-de-sempre-das-ferias-de-verao\/atualidade\/17\/32\/#article","isPartOf":{"@id":"https:\/\/algarve7.pt\/index.php\/2026\/04\/portimao-recruta-jovens-monitores-para-a-maior-edicao-de-sempre-das-ferias-de-verao\/atualidade\/17\/32\/"},"author":{"name":"Algarve 7","@id":"https:\/\/algarve7.pt\/#\/schema\/person\/23fa70681308e7b319a3204bcea45e0c"},"headline":"Portim\u00e3o recruta jovens monitores para a maior edi\u00e7\u00e3o de sempre das F\u00e9rias de Ver\u00e3o","datePublished":"2026-04-30T16:32:19+00:00","dateModified":"2026-04-30T16:32:23+00:00","mainEntityOfPage":{"@id":"https:\/\/algarve7.pt\/index.php\/2026\/04\/portimao-recruta-jovens-monitores-para-a-maior-edicao-de-sempre-das-ferias-de-verao\/atualidade\/17\/32\/"},"wordCount":589,"publisher":{"@id":"https:\/\/algarve7.pt\/#organization"},"image":{"@id":"https:\/\/algarve7.pt\/index.php\/2026\/04\/portimao-recruta-jovens-monitores-para-a-maior-edicao-de-sempre-das-ferias-de-verao\/atualidade\/17\/32\/#primaryimage"},"thumbnailUrl":"https:\/\/algarve7.pt\/wp-content\/uploads\/2026\/04\/Monitores-FV-Boavista.jpg","keywords":["Algarve","Atualidade","Portim\u00e3o"],"articleSection":["Atualidade"],"inLanguage":"pt-PT"},{"@type":"WebPage","@id":"https:\/\/algarve7.pt\/index.php\/2026\/04\/portimao-recruta-jovens-monitores-para-a-maior-edicao-de-sempre-das-ferias-de-verao\/atualidade\/17\/32\/","url":"https:\/\/algarve7.pt\/index.php\/2026\/04\/portimao-recruta-jovens-monitores-para-a-maior-edicao-de-sempre-das-ferias-de-verao\/atualidade\/17\/32\/","name":"Portim\u00e3o recruta jovens monitores para a maior edi\u00e7\u00e3o de sempre das F\u00e9rias de Ver\u00e3o - Algarve 7","isPartOf":{"@id":"https:\/\/algarve7.pt\/#website"},"primaryImageOfPage":{"@id":"https:\/\/algarve7.pt\/index.php\/2026\/04\/portimao-recruta-jovens-monitores-para-a-maior-edicao-de-sempre-das-ferias-de-verao\/atualidade\/17\/32\/#primaryimage"},"image":{"@id":"https:\/\/algarve7.pt\/index.php\/2026\/04\/portimao-recruta-jovens-monitores-para-a-maior-edicao-de-sempre-das-ferias-de-verao\/atualidade\/17\/32\/#primaryimage"},"thumbnailUrl":"https:\/\/algarve7.pt\/wp-content\/uploads\/2026\/04\/Monitores-FV-Boavista.jpg","datePublished":"2026-04-30T16:32:19+00:00","dateModified":"2026-04-30T16:32:23+00:00","description":"Portim\u00e3o recruta jovens monitores para a maior edi\u00e7\u00e3o de sempre das F\u00e9rias de Ver\u00e3o Atualidade","breadcrumb":{"@id":"https:\/\/algarve7.pt\/index.php\/2026\/04\/portimao-recruta-jovens-monitores-para-a-maior-edicao-de-sempre-das-ferias-de-verao\/atualidade\/17\/32\/#breadcrumb"},"inLanguage":"pt-PT","potentialAction":[{"@type":"ReadAction","target":["https:\/\/algarve7.pt\/index.php\/2026\/04\/portimao-recruta-jovens-monitores-para-a-maior-edicao-de-sempre-das-ferias-de-verao\/atualidade\/17\/32\/"]}]},{"@type":"ImageObject","inLanguage":"pt-PT","@id":"https:\/\/algarve7.pt\/index.php\/2026\/04\/portimao-recruta-jovens-monitores-para-a-maior-edicao-de-sempre-das-ferias-de-verao\/atualidade\/17\/32\/#primaryimage","url":"https:\/\/algarve7.pt\/wp-content\/uploads\/2026\/04\/Monitores-FV-Boavista.jpg","contentUrl":"https:\/\/algarve7.pt\/wp-content\/uploads\/2026\/04\/Monitores-FV-Boavista.jpg","width":800,"height":445},{"@type":"BreadcrumbList","@id":"https:\/\/algarve7.pt\/index.php\/2026\/04\/portimao-recruta-jovens-monitores-para-a-maior-edicao-de-sempre-das-ferias-de-verao\/atualidade\/17\/32\/#breadcrumb","itemListElement":[{"@type":"ListItem","position":1,"name":"In\u00edcio","item":"https:\/\/algarve7.pt\/"},{"@type":"ListItem","position":2,"name":"Portim\u00e3o recruta jovens monitores para a maior edi\u00e7\u00e3o de sempre das F\u00e9rias de Ver\u00e3o"}]},{"@type":"WebSite","@id":"https:\/\/algarve7.pt\/#website","url":"https:\/\/algarve7.pt\/","name":"Algarve 7","description":"Informa\u00e7\u00e3o sobre o Algarve","publisher":{"@id":"https:\/\/algarve7.pt\/#organization"},"potentialAction":[{"@type":"SearchAction","target":{"@type":"EntryPoint","urlTemplate":"https:\/\/algarve7.pt\/?s={search_term_string}"},"query-input":{"@type":"PropertyValueSpecification","valueRequired":true,"valueName":"search_term_string"}}],"inLanguage":"pt-PT"},{"@type":"Organization","@id":"https:\/\/algarve7.pt\/#organization","name":"Algarve 7","url":"https:\/\/algarve7.pt\/","logo":{"@type":"ImageObject","inLanguage":"pt-PT","@id":"https:\/\/algarve7.pt\/#\/schema\/logo\/image\/","url":"https:\/\/algarve7.pt\/wp-content\/uploads\/2020\/10\/Logo-8.jpg","contentUrl":"https:\/\/algarve7.pt\/wp-content\/uploads\/2020\/10\/Logo-8.jpg","width":1680,"height":1186,"caption":"Algarve 7"},"image":{"@id":"https:\/\/algarve7.pt\/#\/schema\/logo\/image\/"},"sameAs":["https:\/\/www.facebook.com\/algarve7","https:\/\/x.com\/Algarvesete","https:\/\/www.instagram.com\/jornalalgarve7\/","https:\/\/www.linkedin.com\/company\/algarve7","https:\/\/www.pinterest.pt\/geral0939\/_created\/"]},{"@type":"Person","@id":"https:\/\/algarve7.pt\/#\/schema\/person\/23fa70681308e7b319a3204bcea45e0c","name":"Algarve 7","sameAs":["https:\/\/algarve7.pt","https:\/\/www.facebook.com\/algarve7"],"url":"https:\/\/algarve7.pt\/index.php\/author\/geralalgarve7-pt\/"}]}},"jetpack_publicize_connections":[],"jetpack_featured_media_url":"https:\/\/algarve7.pt\/wp-content\/uploads\/2026\/04\/Monitores-FV-Boavista.jpg","jetpack_shortlink":"https:\/\/wp.me\/pcezmW-g3G","jetpack_sharing_enabled":true,"_links":{"self":[{"href":"https:\/\/algarve7.pt\/index.php\/wp-json\/wp\/v2\/posts\/61732","targetHints":{"allow":["GET"]}}],"collection":[{"href":"https:\/\/algarve7.pt\/index.php\/wp-json\/wp\/v2\/posts"}],"about":[{"href":"https:\/\/algarve7.pt\/index.php\/wp-json\/wp\/v2\/types\/post"}],"author":[{"embeddable":true,"href":"https:\/\/algarve7.pt\/index.php\/wp-json\/wp\/v2\/users\/1"}],"replies":[{"embeddable":true,"href":"https:\/\/algarve7.pt\/index.php\/wp-json\/wp\/v2\/comments?post=61732"}],"version-history":[{"count":1,"href":"https:\/\/algarve7.pt\/index.php\/wp-json\/wp\/v2\/posts\/61732\/revisions"}],"predecessor-version":[{"id":61734,"href":"https:\/\/algarve7.pt\/index.php\/wp-json\/wp\/v2\/posts\/61732\/revisions\/61734"}],"wp:featuredmedia":[{"embeddable":true,"href":"https:\/\/algarve7.pt\/index.php\/wp-json\/wp\/v2\/media\/61733"}],"wp:attachment":[{"href":"https:\/\/algarve7.pt\/index.php\/wp-json\/wp\/v2\/media?parent=61732"}],"wp:term":[{"taxonomy":"category","embeddable":true,"href":"https:\/\/algarve7.pt\/index.php\/wp-json\/wp\/v2\/categories?post=61732"},{"taxonomy":"post_tag","embeddable":true,"href":"https:\/\/algarve7.pt\/index.php\/wp-json\/wp\/v2\/tags?post=61732"}],"curies":[{"name":"wp","href":"https:\/\/api.w.org\/{rel}","templated":true}]}}