{"id":61729,"date":"2026-05-03T10:00:00","date_gmt":"2026-05-03T09:00:00","guid":{"rendered":"https:\/\/algarve7.pt\/?p=61729"},"modified":"2026-04-30T17:28:02","modified_gmt":"2026-04-30T16:28:02","slug":"olhao-lado-b-concurso-fotografico-2026","status":"publish","type":"post","link":"https:\/\/algarve7.pt\/index.php\/2026\/05\/olhao-lado-b-concurso-fotografico-2026\/cultura\/10\/00\/","title":{"rendered":"Olh\u00e3o: Lado B &#8211; Concurso Fotogr\u00e1fico 2026\u00a0"},"content":{"rendered":"\n<p>No \u00e2mbito das comemora\u00e7\u00f5es do Bicenten\u00e1rio da C\u00e2mara Municipal de Olh\u00e3o, o Munic\u00edpio promove&nbsp;o concurso fotogr\u00e1fico \u201cOlh\u00e3o: Lado B\u201d, uma iniciativa dirigida a crian\u00e7as e jovens do concelho, do&nbsp;1.\u00ba ciclo ao ensino secund\u00e1rio, que convida a descobrir e revelar um outro olhar sobre a cidade.&nbsp;<\/p>\n\n\n\n<p>Com candidaturas abertas entre 30 de abril e 5 de junho, o desafio passa por captar, atrav\u00e9s da fotografia, perspetivas menos \u00f3bvias do quotidiano olhanense: os seus lugares, protagonistas, rotinas e detalhes inesperados. Pretende-se estimular a criatividade e a capacidade de observa\u00e7\u00e3o, incentivando uma leitura mais atenta, cr\u00edtica e sens\u00edvel do territ\u00f3rio.&nbsp;<\/p>\n\n\n\n<p>O concurso est\u00e1 organizado em dois escal\u00f5es (1.\u00ba e 2.\u00ba ciclos; 3.\u00ba ciclo e ensino secund\u00e1rio) e resulta de uma parceria entre o Munic\u00edpio de Olh\u00e3o, os agrupamentos de escolas p\u00fablicas e privadas do concelho, a Rede de Bibliotecas de Olh\u00e3o e o Plano Nacional das Artes.&nbsp;<\/p>\n\n\n\n<p>Por cada escal\u00e3o ser\u00e3o atribu\u00eddos tr\u00eas pr\u00e9mios e uma men\u00e7\u00e3o honrosa. Os trabalhos vencedores, bem como outras fotografias selecionadas, ir\u00e3o integrar uma exposi\u00e7\u00e3o coletiva itinerante ao longo do ano letivo 2026\/2027.&nbsp;<\/p>\n\n\n\n<p>Os vencedores ser\u00e3o anunciados numa cerim\u00f3nia p\u00fablica no dia 14 de outubro, \u00e0s 18:30, no Audit\u00f3rio da Escola Secund\u00e1ria Dr. Francisco Fernandes Lopes.&nbsp;<\/p>\n\n\n\n<p>Submiss\u00e3o de trabalhos:\u00a0departamento.<a href=\"mailto:cultura@cm-olhao.pt\" target=\"_blank\" rel=\"noreferrer noopener\">cultura@cm-olhao.pt<\/a><\/p>\n","protected":false},"excerpt":{"rendered":"<p>No \u00e2mbito das comemora\u00e7\u00f5es do Bicenten\u00e1rio da C\u00e2mara Municipal de Olh\u00e3o, o Munic\u00edpio promove&nbsp;o concurso fotogr\u00e1fico \u201cOlh\u00e3o: Lado B\u201d, uma<\/p>\n","protected":false},"author":1,"featured_media":61730,"comment_status":"closed","ping_status":"closed","sticky":false,"template":"","format":"standard","meta":{"colormag_page_container_layout":"default_layout","colormag_page_sidebar_layout":"default_layout","_monsterinsights_skip_tracking":false,"_monsterinsights_sitenote_active":false,"_monsterinsights_sitenote_note":"","_monsterinsights_sitenote_category":0,"jetpack_post_was_ever_published":false,"_jetpack_newsletter_access":"","_jetpack_dont_email_post_to_subs":false,"_jetpack_newsletter_tier_id":0,"_jetpack_memberships_contains_paywalled_content":false,"_jetpack_memberships_contains_paid_content":false,"footnotes":"","jetpack_publicize_message":"","jetpack_publicize_feature_enabled":true,"jetpack_social_post_already_shared":true,"jetpack_social_options":{"image_generator_settings":{"template":"highway","default_image_id":0,"font":"","enabled":false},"version":2}},"categories":[14],"tags":[36,35,37],"class_list":["post-61729","post","type-post","status-publish","format-standard","has-post-thumbnail","hentry","category-cultura","tag-algarve","tag-cultura","tag-olhao"],"yoast_head":"<!-- This site is optimized with the Yoast SEO plugin v27.5 - https:\/\/yoast.com\/product\/yoast-seo-wordpress\/ -->\n<title>Olh\u00e3o: Lado B - Concurso Fotogr\u00e1fico 2026\u00a0 - Algarve 7<\/title>\n<meta name=\"description\" content=\"Olh\u00e3o: Lado B - Concurso Fotogr\u00e1fico 2026\u00a0 Cultura\" \/>\n<meta name=\"robots\" content=\"index, follow, max-snippet:-1, max-image-preview:large, max-video-preview:-1\" \/>\n<link rel=\"canonical\" href=\"https:\/\/algarve7.pt\/index.php\/2026\/05\/olhao-lado-b-concurso-fotografico-2026\/cultura\/10\/00\/\" \/>\n<meta property=\"og:locale\" content=\"pt_PT\" \/>\n<meta property=\"og:type\" content=\"article\" \/>\n<meta property=\"og:title\" content=\"Olh\u00e3o: Lado B - Concurso Fotogr\u00e1fico 2026\u00a0 - Algarve 7\" \/>\n<meta property=\"og:description\" content=\"Olh\u00e3o: Lado B - Concurso Fotogr\u00e1fico 2026\u00a0 Cultura\" \/>\n<meta property=\"og:url\" content=\"https:\/\/algarve7.pt\/index.php\/2026\/05\/olhao-lado-b-concurso-fotografico-2026\/cultura\/10\/00\/\" \/>\n<meta property=\"og:site_name\" content=\"Algarve 7\" \/>\n<meta property=\"article:publisher\" content=\"https:\/\/www.facebook.com\/algarve7\" \/>\n<meta property=\"article:author\" content=\"https:\/\/www.facebook.com\/algarve7\" \/>\n<meta property=\"article:published_time\" content=\"2026-05-03T09:00:00+00:00\" \/>\n<meta property=\"og:image\" content=\"https:\/\/algarve7.pt\/wp-content\/uploads\/2026\/04\/Captura-de-ecra-2026-04-30-as-17.25.06.png\" \/>\n\t<meta property=\"og:image:width\" content=\"800\" \/>\n\t<meta property=\"og:image:height\" content=\"445\" \/>\n\t<meta property=\"og:image:type\" content=\"image\/png\" \/>\n<meta name=\"author\" content=\"Algarve 7\" \/>\n<meta name=\"twitter:card\" content=\"summary_large_image\" \/>\n<meta name=\"twitter:creator\" content=\"@Algarvesete\" \/>\n<meta name=\"twitter:site\" content=\"@Algarvesete\" \/>\n<meta name=\"twitter:label1\" content=\"Escrito por\" \/>\n\t<meta name=\"twitter:data1\" content=\"Algarve 7\" \/>\n\t<meta name=\"twitter:label2\" content=\"Tempo estimado de leitura\" \/>\n\t<meta name=\"twitter:data2\" content=\"2 minutos\" \/>\n<script type=\"application\/ld+json\" class=\"yoast-schema-graph\">{\"@context\":\"https:\\\/\\\/schema.org\",\"@graph\":[{\"@type\":\"Article\",\"@id\":\"https:\\\/\\\/algarve7.pt\\\/index.php\\\/2026\\\/05\\\/olhao-lado-b-concurso-fotografico-2026\\\/cultura\\\/10\\\/00\\\/#article\",\"isPartOf\":{\"@id\":\"https:\\\/\\\/algarve7.pt\\\/index.php\\\/2026\\\/05\\\/olhao-lado-b-concurso-fotografico-2026\\\/cultura\\\/10\\\/00\\\/\"},\"author\":{\"name\":\"Algarve 7\",\"@id\":\"https:\\\/\\\/algarve7.pt\\\/#\\\/schema\\\/person\\\/23fa70681308e7b319a3204bcea45e0c\"},\"headline\":\"Olh\u00e3o: Lado B &#8211; Concurso Fotogr\u00e1fico 2026\u00a0\",\"datePublished\":\"2026-05-03T09:00:00+00:00\",\"mainEntityOfPage\":{\"@id\":\"https:\\\/\\\/algarve7.pt\\\/index.php\\\/2026\\\/05\\\/olhao-lado-b-concurso-fotografico-2026\\\/cultura\\\/10\\\/00\\\/\"},\"wordCount\":247,\"publisher\":{\"@id\":\"https:\\\/\\\/algarve7.pt\\\/#organization\"},\"image\":{\"@id\":\"https:\\\/\\\/algarve7.pt\\\/index.php\\\/2026\\\/05\\\/olhao-lado-b-concurso-fotografico-2026\\\/cultura\\\/10\\\/00\\\/#primaryimage\"},\"thumbnailUrl\":\"https:\\\/\\\/algarve7.pt\\\/wp-content\\\/uploads\\\/2026\\\/04\\\/Captura-de-ecra-2026-04-30-as-17.25.06.png\",\"keywords\":[\"Algarve\",\"Cultura\",\"Olh\u00e3o\"],\"articleSection\":[\"Cultura\"],\"inLanguage\":\"pt-PT\"},{\"@type\":\"WebPage\",\"@id\":\"https:\\\/\\\/algarve7.pt\\\/index.php\\\/2026\\\/05\\\/olhao-lado-b-concurso-fotografico-2026\\\/cultura\\\/10\\\/00\\\/\",\"url\":\"https:\\\/\\\/algarve7.pt\\\/index.php\\\/2026\\\/05\\\/olhao-lado-b-concurso-fotografico-2026\\\/cultura\\\/10\\\/00\\\/\",\"name\":\"Olh\u00e3o: Lado B - Concurso Fotogr\u00e1fico 2026\u00a0 - Algarve 7\",\"isPartOf\":{\"@id\":\"https:\\\/\\\/algarve7.pt\\\/#website\"},\"primaryImageOfPage\":{\"@id\":\"https:\\\/\\\/algarve7.pt\\\/index.php\\\/2026\\\/05\\\/olhao-lado-b-concurso-fotografico-2026\\\/cultura\\\/10\\\/00\\\/#primaryimage\"},\"image\":{\"@id\":\"https:\\\/\\\/algarve7.pt\\\/index.php\\\/2026\\\/05\\\/olhao-lado-b-concurso-fotografico-2026\\\/cultura\\\/10\\\/00\\\/#primaryimage\"},\"thumbnailUrl\":\"https:\\\/\\\/algarve7.pt\\\/wp-content\\\/uploads\\\/2026\\\/04\\\/Captura-de-ecra-2026-04-30-as-17.25.06.png\",\"datePublished\":\"2026-05-03T09:00:00+00:00\",\"description\":\"Olh\u00e3o: Lado B - Concurso Fotogr\u00e1fico 2026\u00a0 Cultura\",\"breadcrumb\":{\"@id\":\"https:\\\/\\\/algarve7.pt\\\/index.php\\\/2026\\\/05\\\/olhao-lado-b-concurso-fotografico-2026\\\/cultura\\\/10\\\/00\\\/#breadcrumb\"},\"inLanguage\":\"pt-PT\",\"potentialAction\":[{\"@type\":\"ReadAction\",\"target\":[\"https:\\\/\\\/algarve7.pt\\\/index.php\\\/2026\\\/05\\\/olhao-lado-b-concurso-fotografico-2026\\\/cultura\\\/10\\\/00\\\/\"]}]},{\"@type\":\"ImageObject\",\"inLanguage\":\"pt-PT\",\"@id\":\"https:\\\/\\\/algarve7.pt\\\/index.php\\\/2026\\\/05\\\/olhao-lado-b-concurso-fotografico-2026\\\/cultura\\\/10\\\/00\\\/#primaryimage\",\"url\":\"https:\\\/\\\/algarve7.pt\\\/wp-content\\\/uploads\\\/2026\\\/04\\\/Captura-de-ecra-2026-04-30-as-17.25.06.png\",\"contentUrl\":\"https:\\\/\\\/algarve7.pt\\\/wp-content\\\/uploads\\\/2026\\\/04\\\/Captura-de-ecra-2026-04-30-as-17.25.06.png\",\"width\":800,\"height\":445},{\"@type\":\"BreadcrumbList\",\"@id\":\"https:\\\/\\\/algarve7.pt\\\/index.php\\\/2026\\\/05\\\/olhao-lado-b-concurso-fotografico-2026\\\/cultura\\\/10\\\/00\\\/#breadcrumb\",\"itemListElement\":[{\"@type\":\"ListItem\",\"position\":1,\"name\":\"In\u00edcio\",\"item\":\"https:\\\/\\\/algarve7.pt\\\/\"},{\"@type\":\"ListItem\",\"position\":2,\"name\":\"Olh\u00e3o: Lado B &#8211; Concurso Fotogr\u00e1fico 2026\u00a0\"}]},{\"@type\":\"WebSite\",\"@id\":\"https:\\\/\\\/algarve7.pt\\\/#website\",\"url\":\"https:\\\/\\\/algarve7.pt\\\/\",\"name\":\"Algarve 7\",\"description\":\"Informa\u00e7\u00e3o sobre o Algarve\",\"publisher\":{\"@id\":\"https:\\\/\\\/algarve7.pt\\\/#organization\"},\"potentialAction\":[{\"@type\":\"SearchAction\",\"target\":{\"@type\":\"EntryPoint\",\"urlTemplate\":\"https:\\\/\\\/algarve7.pt\\\/?s={search_term_string}\"},\"query-input\":{\"@type\":\"PropertyValueSpecification\",\"valueRequired\":true,\"valueName\":\"search_term_string\"}}],\"inLanguage\":\"pt-PT\"},{\"@type\":\"Organization\",\"@id\":\"https:\\\/\\\/algarve7.pt\\\/#organization\",\"name\":\"Algarve 7\",\"url\":\"https:\\\/\\\/algarve7.pt\\\/\",\"logo\":{\"@type\":\"ImageObject\",\"inLanguage\":\"pt-PT\",\"@id\":\"https:\\\/\\\/algarve7.pt\\\/#\\\/schema\\\/logo\\\/image\\\/\",\"url\":\"https:\\\/\\\/algarve7.pt\\\/wp-content\\\/uploads\\\/2020\\\/10\\\/Logo-8.jpg\",\"contentUrl\":\"https:\\\/\\\/algarve7.pt\\\/wp-content\\\/uploads\\\/2020\\\/10\\\/Logo-8.jpg\",\"width\":1680,\"height\":1186,\"caption\":\"Algarve 7\"},\"image\":{\"@id\":\"https:\\\/\\\/algarve7.pt\\\/#\\\/schema\\\/logo\\\/image\\\/\"},\"sameAs\":[\"https:\\\/\\\/www.facebook.com\\\/algarve7\",\"https:\\\/\\\/x.com\\\/Algarvesete\",\"https:\\\/\\\/www.instagram.com\\\/jornalalgarve7\\\/\",\"https:\\\/\\\/www.linkedin.com\\\/company\\\/algarve7\",\"https:\\\/\\\/www.pinterest.pt\\\/geral0939\\\/_created\\\/\"]},{\"@type\":\"Person\",\"@id\":\"https:\\\/\\\/algarve7.pt\\\/#\\\/schema\\\/person\\\/23fa70681308e7b319a3204bcea45e0c\",\"name\":\"Algarve 7\",\"sameAs\":[\"https:\\\/\\\/algarve7.pt\",\"https:\\\/\\\/www.facebook.com\\\/algarve7\"],\"url\":\"https:\\\/\\\/algarve7.pt\\\/index.php\\\/author\\\/geralalgarve7-pt\\\/\"}]}<\/script>\n<!-- \/ Yoast SEO plugin. -->","yoast_head_json":{"title":"Olh\u00e3o: Lado B - Concurso Fotogr\u00e1fico 2026\u00a0 - Algarve 7","description":"Olh\u00e3o: Lado B - Concurso Fotogr\u00e1fico 2026\u00a0 Cultura","robots":{"index":"index","follow":"follow","max-snippet":"max-snippet:-1","max-image-preview":"max-image-preview:large","max-video-preview":"max-video-preview:-1"},"canonical":"https:\/\/algarve7.pt\/index.php\/2026\/05\/olhao-lado-b-concurso-fotografico-2026\/cultura\/10\/00\/","og_locale":"pt_PT","og_type":"article","og_title":"Olh\u00e3o: Lado B - Concurso Fotogr\u00e1fico 2026\u00a0 - Algarve 7","og_description":"Olh\u00e3o: Lado B - Concurso Fotogr\u00e1fico 2026\u00a0 Cultura","og_url":"https:\/\/algarve7.pt\/index.php\/2026\/05\/olhao-lado-b-concurso-fotografico-2026\/cultura\/10\/00\/","og_site_name":"Algarve 7","article_publisher":"https:\/\/www.facebook.com\/algarve7","article_author":"https:\/\/www.facebook.com\/algarve7","article_published_time":"2026-05-03T09:00:00+00:00","og_image":[{"width":800,"height":445,"url":"https:\/\/algarve7.pt\/wp-content\/uploads\/2026\/04\/Captura-de-ecra-2026-04-30-as-17.25.06.png","type":"image\/png"}],"author":"Algarve 7","twitter_card":"summary_large_image","twitter_creator":"@Algarvesete","twitter_site":"@Algarvesete","twitter_misc":{"Escrito por":"Algarve 7","Tempo estimado de leitura":"2 minutos"},"schema":{"@context":"https:\/\/schema.org","@graph":[{"@type":"Article","@id":"https:\/\/algarve7.pt\/index.php\/2026\/05\/olhao-lado-b-concurso-fotografico-2026\/cultura\/10\/00\/#article","isPartOf":{"@id":"https:\/\/algarve7.pt\/index.php\/2026\/05\/olhao-lado-b-concurso-fotografico-2026\/cultura\/10\/00\/"},"author":{"name":"Algarve 7","@id":"https:\/\/algarve7.pt\/#\/schema\/person\/23fa70681308e7b319a3204bcea45e0c"},"headline":"Olh\u00e3o: Lado B &#8211; Concurso Fotogr\u00e1fico 2026\u00a0","datePublished":"2026-05-03T09:00:00+00:00","mainEntityOfPage":{"@id":"https:\/\/algarve7.pt\/index.php\/2026\/05\/olhao-lado-b-concurso-fotografico-2026\/cultura\/10\/00\/"},"wordCount":247,"publisher":{"@id":"https:\/\/algarve7.pt\/#organization"},"image":{"@id":"https:\/\/algarve7.pt\/index.php\/2026\/05\/olhao-lado-b-concurso-fotografico-2026\/cultura\/10\/00\/#primaryimage"},"thumbnailUrl":"https:\/\/algarve7.pt\/wp-content\/uploads\/2026\/04\/Captura-de-ecra-2026-04-30-as-17.25.06.png","keywords":["Algarve","Cultura","Olh\u00e3o"],"articleSection":["Cultura"],"inLanguage":"pt-PT"},{"@type":"WebPage","@id":"https:\/\/algarve7.pt\/index.php\/2026\/05\/olhao-lado-b-concurso-fotografico-2026\/cultura\/10\/00\/","url":"https:\/\/algarve7.pt\/index.php\/2026\/05\/olhao-lado-b-concurso-fotografico-2026\/cultura\/10\/00\/","name":"Olh\u00e3o: Lado B - Concurso Fotogr\u00e1fico 2026\u00a0 - Algarve 7","isPartOf":{"@id":"https:\/\/algarve7.pt\/#website"},"primaryImageOfPage":{"@id":"https:\/\/algarve7.pt\/index.php\/2026\/05\/olhao-lado-b-concurso-fotografico-2026\/cultura\/10\/00\/#primaryimage"},"image":{"@id":"https:\/\/algarve7.pt\/index.php\/2026\/05\/olhao-lado-b-concurso-fotografico-2026\/cultura\/10\/00\/#primaryimage"},"thumbnailUrl":"https:\/\/algarve7.pt\/wp-content\/uploads\/2026\/04\/Captura-de-ecra-2026-04-30-as-17.25.06.png","datePublished":"2026-05-03T09:00:00+00:00","description":"Olh\u00e3o: Lado B - Concurso Fotogr\u00e1fico 2026\u00a0 Cultura","breadcrumb":{"@id":"https:\/\/algarve7.pt\/index.php\/2026\/05\/olhao-lado-b-concurso-fotografico-2026\/cultura\/10\/00\/#breadcrumb"},"inLanguage":"pt-PT","potentialAction":[{"@type":"ReadAction","target":["https:\/\/algarve7.pt\/index.php\/2026\/05\/olhao-lado-b-concurso-fotografico-2026\/cultura\/10\/00\/"]}]},{"@type":"ImageObject","inLanguage":"pt-PT","@id":"https:\/\/algarve7.pt\/index.php\/2026\/05\/olhao-lado-b-concurso-fotografico-2026\/cultura\/10\/00\/#primaryimage","url":"https:\/\/algarve7.pt\/wp-content\/uploads\/2026\/04\/Captura-de-ecra-2026-04-30-as-17.25.06.png","contentUrl":"https:\/\/algarve7.pt\/wp-content\/uploads\/2026\/04\/Captura-de-ecra-2026-04-30-as-17.25.06.png","width":800,"height":445},{"@type":"BreadcrumbList","@id":"https:\/\/algarve7.pt\/index.php\/2026\/05\/olhao-lado-b-concurso-fotografico-2026\/cultura\/10\/00\/#breadcrumb","itemListElement":[{"@type":"ListItem","position":1,"name":"In\u00edcio","item":"https:\/\/algarve7.pt\/"},{"@type":"ListItem","position":2,"name":"Olh\u00e3o: Lado B &#8211; Concurso Fotogr\u00e1fico 2026\u00a0"}]},{"@type":"WebSite","@id":"https:\/\/algarve7.pt\/#website","url":"https:\/\/algarve7.pt\/","name":"Algarve 7","description":"Informa\u00e7\u00e3o sobre o Algarve","publisher":{"@id":"https:\/\/algarve7.pt\/#organization"},"potentialAction":[{"@type":"SearchAction","target":{"@type":"EntryPoint","urlTemplate":"https:\/\/algarve7.pt\/?s={search_term_string}"},"query-input":{"@type":"PropertyValueSpecification","valueRequired":true,"valueName":"search_term_string"}}],"inLanguage":"pt-PT"},{"@type":"Organization","@id":"https:\/\/algarve7.pt\/#organization","name":"Algarve 7","url":"https:\/\/algarve7.pt\/","logo":{"@type":"ImageObject","inLanguage":"pt-PT","@id":"https:\/\/algarve7.pt\/#\/schema\/logo\/image\/","url":"https:\/\/algarve7.pt\/wp-content\/uploads\/2020\/10\/Logo-8.jpg","contentUrl":"https:\/\/algarve7.pt\/wp-content\/uploads\/2020\/10\/Logo-8.jpg","width":1680,"height":1186,"caption":"Algarve 7"},"image":{"@id":"https:\/\/algarve7.pt\/#\/schema\/logo\/image\/"},"sameAs":["https:\/\/www.facebook.com\/algarve7","https:\/\/x.com\/Algarvesete","https:\/\/www.instagram.com\/jornalalgarve7\/","https:\/\/www.linkedin.com\/company\/algarve7","https:\/\/www.pinterest.pt\/geral0939\/_created\/"]},{"@type":"Person","@id":"https:\/\/algarve7.pt\/#\/schema\/person\/23fa70681308e7b319a3204bcea45e0c","name":"Algarve 7","sameAs":["https:\/\/algarve7.pt","https:\/\/www.facebook.com\/algarve7"],"url":"https:\/\/algarve7.pt\/index.php\/author\/geralalgarve7-pt\/"}]}},"jetpack_publicize_connections":[],"jetpack_featured_media_url":"https:\/\/algarve7.pt\/wp-content\/uploads\/2026\/04\/Captura-de-ecra-2026-04-30-as-17.25.06.png","jetpack_shortlink":"https:\/\/wp.me\/pcezmW-g3D","jetpack_sharing_enabled":true,"_links":{"self":[{"href":"https:\/\/algarve7.pt\/index.php\/wp-json\/wp\/v2\/posts\/61729","targetHints":{"allow":["GET"]}}],"collection":[{"href":"https:\/\/algarve7.pt\/index.php\/wp-json\/wp\/v2\/posts"}],"about":[{"href":"https:\/\/algarve7.pt\/index.php\/wp-json\/wp\/v2\/types\/post"}],"author":[{"embeddable":true,"href":"https:\/\/algarve7.pt\/index.php\/wp-json\/wp\/v2\/users\/1"}],"replies":[{"embeddable":true,"href":"https:\/\/algarve7.pt\/index.php\/wp-json\/wp\/v2\/comments?post=61729"}],"version-history":[{"count":1,"href":"https:\/\/algarve7.pt\/index.php\/wp-json\/wp\/v2\/posts\/61729\/revisions"}],"predecessor-version":[{"id":61845,"href":"https:\/\/algarve7.pt\/index.php\/wp-json\/wp\/v2\/posts\/61729\/revisions\/61845"}],"wp:featuredmedia":[{"embeddable":true,"href":"https:\/\/algarve7.pt\/index.php\/wp-json\/wp\/v2\/media\/61730"}],"wp:attachment":[{"href":"https:\/\/algarve7.pt\/index.php\/wp-json\/wp\/v2\/media?parent=61729"}],"wp:term":[{"taxonomy":"category","embeddable":true,"href":"https:\/\/algarve7.pt\/index.php\/wp-json\/wp\/v2\/categories?post=61729"},{"taxonomy":"post_tag","embeddable":true,"href":"https:\/\/algarve7.pt\/index.php\/wp-json\/wp\/v2\/tags?post=61729"}],"curies":[{"name":"wp","href":"https:\/\/api.w.org\/{rel}","templated":true}]}}