{"id":61724,"date":"2026-05-02T09:50:00","date_gmt":"2026-05-02T08:50:00","guid":{"rendered":"https:\/\/algarve7.pt\/?p=61724"},"modified":"2026-04-30T17:22:24","modified_gmt":"2026-04-30T16:22:24","slug":"maio-traz-programacao-de-excelencia-e-diversificada-ao-cineteatro-louletano","status":"publish","type":"post","link":"https:\/\/algarve7.pt\/index.php\/2026\/05\/maio-traz-programacao-de-excelencia-e-diversificada-ao-cineteatro-louletano\/cultura\/09\/50\/","title":{"rendered":"Maio traz programa\u00e7\u00e3o de excel\u00eancia e diversificada ao Cineteatro Louletano"},"content":{"rendered":"\n<p>Em maio, o Cineteatro Louletano apresenta uma programa\u00e7\u00e3o que atravessa teatro, m\u00fasica, dan\u00e7a, cinema e projetos multidisciplinares, mantendo uma forte aposta na coprodu\u00e7\u00e3o, na media\u00e7\u00e3o cultural e na acessibilidade. Ao longo do m\u00eas, destacam-se propostas que cruzam linguagens art\u00edsticas e promovem o encontro entre artistas e comunidades.<\/p>\n\n\n\n<p>O m\u00eas arranca a 2 de maio, \u00e0s 21h00, no Cineteatro Louletano, com&nbsp;<em>Vaga Luz<\/em>, pelo Umcolectivo, numa coprodu\u00e7\u00e3o que prop\u00f5e um dispositivo especulativo em torno da obra de Fiama Hasse Pais Brand\u00e3o. O espet\u00e1culo explora possibilidades para um teatro futuro entre poesia, mem\u00f3ria e experimenta\u00e7\u00e3o.&nbsp;<\/p>\n\n\n\n<p>Tamb\u00e9m a 2 e no dia seguinte, s\u00e1bado e domingo, com sess\u00f5es \u00e0s 16h00 e \u00e0s 19h00, o Audit\u00f3rio do Solar da M\u00fasica Nova acolhe de novo a&nbsp;<em>Mostra de Cinema da Am\u00e9rica Latina<\/em>, que j\u00e1 vai na 16.\u00aa edi\u00e7\u00e3o. O evento \u00e9 promovido pela Casa da Am\u00e9rica Latina e os filmes v\u00eam do Panam\u00e1, Peru, Rep\u00fablica Dominicana e Venezuela.<\/p>\n\n\n\n<p>Entre 6 e 8 de maio, o Cineteatro Louletano recebe&nbsp;<em>eRrAdO<\/em>, pela Plataforma 285, com sess\u00f5es dia 6 \u00e0s 11h00 (ensino pr\u00e9-escolar) e \u00e0s 19h00 (fam\u00edlias), e dias 7 e 8 pelas 9h30 e 11h00 (ensino pr\u00e9-escolar). Este espet\u00e1culo multidisciplinar \u00e9 uma coprodu\u00e7\u00e3o do Cineteatro Louletano e conta com L\u00edngua Gestual Portuguesa. Todas as sess\u00f5es s\u00e3o descontra\u00eddas, o que significa que o p\u00fablico pode entrar e sair da sala sem ter que manter o habitual n\u00edvel de sil\u00eancio, favorecendo a assist\u00eancia por parte de pessoas com neurodiverg\u00eancia e\/ou do p\u00fablico infantil. eRrAdO prop\u00f5e uma reflex\u00e3o sobre o erro como espa\u00e7o de experimenta\u00e7\u00e3o e descoberta.&nbsp;<\/p>\n\n\n\n<p>No dia 7 de maio, entre as 18h00 e as 21h00, no Pal\u00e1cio Gama Lobo, realiza-se ainda o workshop\u00a0<em>eRrOs e eRrAdOs<\/em>, orientado por Raimundo Cosme e Raquel Bravo, dirigido a professores, educadores e auxiliares de educa\u00e7\u00e3o, que cuidam de crian\u00e7as em idade pr\u00e9-escolar. Inscri\u00e7\u00f5es por email em\u00a0<a href=\"mailto:cinereservas@cm-loule.pt\" target=\"_blank\" rel=\"noreferrer noopener\">cinereservas@cm-loule.pt<\/a><\/p>\n\n\n\n<p>Ainda no dia 7 de maio, entre as 10h30 e as 18h00, no Cineteatro Louletano, a M\u00e1kina B e a Escola Secund\u00e1ria de Loul\u00e9 acolhem mais um&nbsp;<em>RHI \u2013 Revolution, Hope, Imagination<\/em>, do Arte Institute. \u00c9 a oitava edi\u00e7\u00e3o. A iniciativa, de entrada gratuita, promove o encontro entre arte, pensamento e comunidade. No dia 7, h\u00e1 duas palestras: \u00e0s 11h00, na Escola Secund\u00e1ria de Loul\u00e9, sobre inclus\u00e3o e acessibilidade na arte e \u00e0s 15h00, no bar do Cineteatro Louletano, sobre di\u00e1logos interculturais. Esta \u00faltima conta com dois convidados estrangeiros: Anna Villegas do McCarter Theatre Center da Universidade de Princeton (EUA) e Sullivan Silva, do Crias Lab, de Vit\u00f3ria do Esp\u00edrito Santo (Brasil). O RHI proporciona ainda um workshop dirigido a escolas, sobre arte e ci\u00eancia, no dia 12 de maio.&nbsp;<\/p>\n\n\n\n<p>A m\u00fasica regressa a 9 de maio, \u00e0s 21h00, no Cineteatro Louletano, com a estreia do \u00faltimo trabalho do guitarrista Ricardo Martins.&nbsp;<em>Ricardo J. Martins &amp; Quarteto de Cordas<\/em>&nbsp;\u00e9 um concerto que d\u00e1 voz \u00e0 guitarra portuguesa, cruzando linguagens contempor\u00e2neas e cl\u00e1ssicas.&nbsp;<\/p>\n\n\n\n<p>No dia 10 de maio, \u00e0s 17h00, tamb\u00e9m no Cineteatro Louletano, sobe ao palco&nbsp;<em>E se fosse contigo?<\/em>, pelo coletivo Que Cena! \/ Os Bar\u00f5es, abordando quest\u00f5es sociais e \u00e9ticas. A pe\u00e7a incide sobre a opress\u00e3o nos dias de hoje e sobre o teatro como forma de express\u00e3o de problemas como a viol\u00eancia no namoro, viol\u00eancia dom\u00e9stica, nas redes sociais e outras. \u00c9 apoiada pela Bolsa de Apoio ao Teatro de Loul\u00e9.&nbsp;<\/p>\n\n\n\n<p>O cinema volta a marcar presen\u00e7a a 12 de maio, \u00e0s 21h00, no Audit\u00f3rio do Solar da M\u00fasica Nova, com a exibi\u00e7\u00e3o de&nbsp;<em>Le Royaume<\/em>, de Julien Colonna (2024), integrada no ciclo do&nbsp;<em>Filme Franc\u00eas do M\u00eas<\/em>, em parceria com a Alliance Fran\u00e7aise do Algarve.<\/p>\n\n\n\n<p>No dia 13, \u00e0s 10h30, no Cineteatro Louletano, o espet\u00e1culo&nbsp;<em>Serm\u00e3o de Santo Ant\u00f3nio aos peixes e aos outros pela divina gra\u00e7a do teatro<\/em>, pela ACTA \u2013 A Companhia de Teatro do Algarve, dirige-se ao ensino secund\u00e1rio, promovendo a reflex\u00e3o cr\u00edtica a partir de um cl\u00e1ssico da literatura portuguesa.<\/p>\n\n\n\n<p>A 16 de maio, \u00e0s 11h30, o Audit\u00f3rio do Solar da M\u00fasica Nova recebe os&nbsp;<em>Concertos Crescendo<\/em>, pelo Conservat\u00f3rio de M\u00fasica de Loul\u00e9 \u2013 Francisco Rosado, promovendo o contacto com jovens int\u00e9rpretes e a promo\u00e7\u00e3o da m\u00fasica erudita junto da comunidade local.&nbsp;<\/p>\n\n\n\n<p>No mesmo s\u00e1bado, mas \u00e0s 21h00, no Cineteatro Louletano, apresenta-se&nbsp;<em>18 Months \u2013 \u00d3pera sobre (Corpos) Refugiados<\/em>, pelo Quarteto Contratempus, uma coprodu\u00e7\u00e3o com audiodescri\u00e7\u00e3o (para cegos e\/ou pessoas com baixa vis\u00e3o) que cruza m\u00fasica e quest\u00f5es contempor\u00e2neas ligadas \u00e0s migra\u00e7\u00f5es.<\/p>\n\n\n\n<p>No domingo, 17 de maio, \u00e0s 10h00 e \u00e0s 11h30, o Audit\u00f3rio do Solar da M\u00fasica Nova acolhe os j\u00e1 bem conhecidos Concertos para Beb\u00e9s, pela Musicalmente. O espet\u00e1culo chama-se&nbsp;<em>O Beb\u00e9 de Tr\u00e1s-os-Montes<\/em>, proporcionando uma experi\u00eancia musical imersiva, dirigida a fam\u00edlias com beb\u00e9s.<\/p>\n\n\n\n<p>Dias 19 e 20 de maio, entre as 10h00 e as 16h00, nas escolas do 1.\u00ba ciclo de Loul\u00e9, decorre&nbsp;<em>A M\u00fasica D\u00e1 Trabalho<\/em>, pelo projeto Omnichord, uma iniciativa de media\u00e7\u00e3o que promove o contacto dos mais jovens com a cria\u00e7\u00e3o musical. Uma equipa de profissionais da \u00e1rea \u2014 incluindo m\u00fasicos, t\u00e9cnicos de som e realizadores de v\u00eddeo \u2014 visita as escolas e monta cinco esta\u00e7\u00f5es de trabalho que demonstram o processo completo, desde a cria\u00e7\u00e3o da m\u00fasica at\u00e9 \u00e0 sua interpreta\u00e7\u00e3o em palco. \u00c0 medida que v\u00e3o passando por cada esta\u00e7\u00e3o, as turmas t\u00eam a oportunidade de experimentar as atividades relacionadas com cada uma das diferentes profiss\u00f5es do setor.<\/p>\n\n\n\n<p>No dia seguinte, 21, quinta-feira, \u00e0s 18h00, e antes da pe\u00e7a que traz a Loul\u00e9 no dia seguinte, Hugo Cabral Mendes prop\u00f5e o&nbsp;<em>workshop<\/em>&nbsp;<em>Cartas para a Nuvem: Corpo, Mem\u00f3ria e Presen\u00e7a<\/em>. \u00c9 no Pal\u00e1cio Gama Lobo e as inscri\u00e7\u00f5es podem fazer-se atrav\u00e9s do email&nbsp;<a href=\"mailto:cinereservas@gmail.com\">cinereservas@gmail.com<\/a><\/p>\n\n\n\n<p>A 22, sexta, \u00e0s 21h00, sobe ao palco do Cineteatro Louletano&nbsp;<em>This is Only About Dance ou Cartas para a Nuvem<\/em>, de Hugo Cabral Mendes. Uma coprodu\u00e7\u00e3o que cruza dan\u00e7a e reflex\u00e3o sobre corpo e mem\u00f3ria, e que aborda o uso (e abuso) das&nbsp;<em>clouds<\/em>&nbsp;\u2013 nuvens \u2013 e da informa\u00e7\u00e3o digital nas nossas vidas, e de que forma isso se pode relacionar com a dan\u00e7a e com o espet\u00e1culo.&nbsp;<\/p>\n\n\n\n<p>No dia 23 de maio, \u00e0s 21h00, tamb\u00e9m no Cineteatro Louletano, realiza-se a apresenta\u00e7\u00e3o do projeto musical&nbsp;<em>\u00c3O<\/em>, no \u00e2mbito do Festival MED. Trata-se de um quarteto belga que desafia limites e resiste a todos os r\u00f3tulos de g\u00e9nero. O som, que transita entre melodias delicadas e batidas dan\u00e7antes, tem eletrizado e hipnotizado o p\u00fablico por toda a Europa. A Loul\u00e9, trazem o novo \u00e1lbum&nbsp;<em>Malandra<\/em>.<\/p>\n\n\n\n<p>O dia 24 de maio, \u00e0s 17h00, no Cineteatro Louletano, assinala o anivers\u00e1rio da Banda Filarm\u00f3nica Sociedade Artistas de Minerva, com um concerto comemorativo dos 150 anos da Banda, que prop\u00f5e uma viagem sonora por diferentes geografias e tradi\u00e7\u00f5es musicais.<\/p>\n\n\n\n<p>Entre 27 e 30 de maio, o Cineteatro Louletano acolhe a 7.\u00aa edi\u00e7\u00e3o do&nbsp;<em>Tanto Mar \u2013 Festival Internacional de Artes Performativas<\/em>, organizado pela Folha de Medronho, com programa\u00e7\u00e3o multidisciplinar e com L\u00edngua Gestual Portuguesa no dia 28, promovendo o di\u00e1logo intercultural atrav\u00e9s das artes. Este ano os pa\u00edses participantes s\u00e3o Portugal, Mo\u00e7ambique, Angola e Brasil.<\/p>\n\n\n\n<p>A encerrar o m\u00eas, a 31 de maio, \u00e0s 17h00, no Audit\u00f3rio do Solar da M\u00fasica Nova, apresentam-se os&nbsp;<em>Bardino<\/em>, no \u00e2mbito do ciclo Ilustres Desconhecidos, um projeto musical que cruza eletr\u00f3nica, rock e jazz, explorando novas sonoridades contempor\u00e2neas.<\/p>\n","protected":false},"excerpt":{"rendered":"<p>Em maio, o Cineteatro Louletano apresenta uma programa\u00e7\u00e3o que atravessa teatro, m\u00fasica, dan\u00e7a, cinema e projetos multidisciplinares, mantendo uma forte<\/p>\n","protected":false},"author":1,"featured_media":61725,"comment_status":"closed","ping_status":"closed","sticky":false,"template":"","format":"standard","meta":{"colormag_page_container_layout":"default_layout","colormag_page_sidebar_layout":"default_layout","_monsterinsights_skip_tracking":false,"_monsterinsights_sitenote_active":false,"_monsterinsights_sitenote_note":"","_monsterinsights_sitenote_category":0,"jetpack_post_was_ever_published":false,"_jetpack_newsletter_access":"","_jetpack_dont_email_post_to_subs":false,"_jetpack_newsletter_tier_id":0,"_jetpack_memberships_contains_paywalled_content":false,"_jetpack_memberships_contains_paid_content":false,"footnotes":"","jetpack_publicize_message":"","jetpack_publicize_feature_enabled":true,"jetpack_social_post_already_shared":true,"jetpack_social_options":{"image_generator_settings":{"template":"highway","default_image_id":0,"font":"","enabled":false},"version":2}},"categories":[14],"tags":[36,498,35,31],"class_list":["post-61724","post","type-post","status-publish","format-standard","has-post-thumbnail","hentry","category-cultura","tag-algarve","tag-cineteatro-louletano","tag-cultura","tag-loule"],"yoast_head":"<!-- This site is optimized with the Yoast SEO plugin v27.5 - https:\/\/yoast.com\/product\/yoast-seo-wordpress\/ -->\n<title>Maio traz programa\u00e7\u00e3o de excel\u00eancia e diversificada ao Cineteatro Louletano - Algarve 7<\/title>\n<meta name=\"description\" content=\"Maio traz programa\u00e7\u00e3o de excel\u00eancia e diversificada ao Cineteatro Louletano Cultura\" \/>\n<meta name=\"robots\" content=\"index, follow, max-snippet:-1, max-image-preview:large, max-video-preview:-1\" \/>\n<link rel=\"canonical\" href=\"https:\/\/algarve7.pt\/index.php\/2026\/05\/maio-traz-programacao-de-excelencia-e-diversificada-ao-cineteatro-louletano\/cultura\/09\/50\/\" \/>\n<meta property=\"og:locale\" content=\"pt_PT\" \/>\n<meta property=\"og:type\" content=\"article\" \/>\n<meta property=\"og:title\" content=\"Maio traz programa\u00e7\u00e3o de excel\u00eancia e diversificada ao Cineteatro Louletano - Algarve 7\" \/>\n<meta property=\"og:description\" content=\"Maio traz programa\u00e7\u00e3o de excel\u00eancia e diversificada ao Cineteatro Louletano Cultura\" \/>\n<meta property=\"og:url\" content=\"https:\/\/algarve7.pt\/index.php\/2026\/05\/maio-traz-programacao-de-excelencia-e-diversificada-ao-cineteatro-louletano\/cultura\/09\/50\/\" \/>\n<meta property=\"og:site_name\" content=\"Algarve 7\" \/>\n<meta property=\"article:publisher\" content=\"https:\/\/www.facebook.com\/algarve7\" \/>\n<meta property=\"article:author\" content=\"https:\/\/www.facebook.com\/algarve7\" \/>\n<meta property=\"article:published_time\" content=\"2026-05-02T08:50:00+00:00\" \/>\n<meta property=\"og:image\" content=\"https:\/\/algarve7.pt\/wp-content\/uploads\/2026\/04\/Mostra-America-Latina.png\" \/>\n\t<meta property=\"og:image:width\" content=\"800\" \/>\n\t<meta property=\"og:image:height\" content=\"445\" \/>\n\t<meta property=\"og:image:type\" content=\"image\/png\" \/>\n<meta name=\"author\" content=\"Algarve 7\" \/>\n<meta name=\"twitter:card\" content=\"summary_large_image\" \/>\n<meta name=\"twitter:creator\" content=\"@Algarvesete\" \/>\n<meta name=\"twitter:site\" content=\"@Algarvesete\" \/>\n<meta name=\"twitter:label1\" content=\"Escrito por\" \/>\n\t<meta name=\"twitter:data1\" content=\"Algarve 7\" \/>\n\t<meta name=\"twitter:label2\" content=\"Tempo estimado de leitura\" \/>\n\t<meta name=\"twitter:data2\" content=\"7 minutos\" \/>\n<script type=\"application\/ld+json\" class=\"yoast-schema-graph\">{\"@context\":\"https:\\\/\\\/schema.org\",\"@graph\":[{\"@type\":\"Article\",\"@id\":\"https:\\\/\\\/algarve7.pt\\\/index.php\\\/2026\\\/05\\\/maio-traz-programacao-de-excelencia-e-diversificada-ao-cineteatro-louletano\\\/cultura\\\/09\\\/50\\\/#article\",\"isPartOf\":{\"@id\":\"https:\\\/\\\/algarve7.pt\\\/index.php\\\/2026\\\/05\\\/maio-traz-programacao-de-excelencia-e-diversificada-ao-cineteatro-louletano\\\/cultura\\\/09\\\/50\\\/\"},\"author\":{\"name\":\"Algarve 7\",\"@id\":\"https:\\\/\\\/algarve7.pt\\\/#\\\/schema\\\/person\\\/23fa70681308e7b319a3204bcea45e0c\"},\"headline\":\"Maio traz programa\u00e7\u00e3o de excel\u00eancia e diversificada ao Cineteatro Louletano\",\"datePublished\":\"2026-05-02T08:50:00+00:00\",\"mainEntityOfPage\":{\"@id\":\"https:\\\/\\\/algarve7.pt\\\/index.php\\\/2026\\\/05\\\/maio-traz-programacao-de-excelencia-e-diversificada-ao-cineteatro-louletano\\\/cultura\\\/09\\\/50\\\/\"},\"wordCount\":1353,\"publisher\":{\"@id\":\"https:\\\/\\\/algarve7.pt\\\/#organization\"},\"image\":{\"@id\":\"https:\\\/\\\/algarve7.pt\\\/index.php\\\/2026\\\/05\\\/maio-traz-programacao-de-excelencia-e-diversificada-ao-cineteatro-louletano\\\/cultura\\\/09\\\/50\\\/#primaryimage\"},\"thumbnailUrl\":\"https:\\\/\\\/algarve7.pt\\\/wp-content\\\/uploads\\\/2026\\\/04\\\/Mostra-America-Latina.png\",\"keywords\":[\"Algarve\",\"Cineteatro Louletano\",\"Cultura\",\"Loul\u00e9\"],\"articleSection\":[\"Cultura\"],\"inLanguage\":\"pt-PT\"},{\"@type\":\"WebPage\",\"@id\":\"https:\\\/\\\/algarve7.pt\\\/index.php\\\/2026\\\/05\\\/maio-traz-programacao-de-excelencia-e-diversificada-ao-cineteatro-louletano\\\/cultura\\\/09\\\/50\\\/\",\"url\":\"https:\\\/\\\/algarve7.pt\\\/index.php\\\/2026\\\/05\\\/maio-traz-programacao-de-excelencia-e-diversificada-ao-cineteatro-louletano\\\/cultura\\\/09\\\/50\\\/\",\"name\":\"Maio traz programa\u00e7\u00e3o de excel\u00eancia e diversificada ao Cineteatro Louletano - Algarve 7\",\"isPartOf\":{\"@id\":\"https:\\\/\\\/algarve7.pt\\\/#website\"},\"primaryImageOfPage\":{\"@id\":\"https:\\\/\\\/algarve7.pt\\\/index.php\\\/2026\\\/05\\\/maio-traz-programacao-de-excelencia-e-diversificada-ao-cineteatro-louletano\\\/cultura\\\/09\\\/50\\\/#primaryimage\"},\"image\":{\"@id\":\"https:\\\/\\\/algarve7.pt\\\/index.php\\\/2026\\\/05\\\/maio-traz-programacao-de-excelencia-e-diversificada-ao-cineteatro-louletano\\\/cultura\\\/09\\\/50\\\/#primaryimage\"},\"thumbnailUrl\":\"https:\\\/\\\/algarve7.pt\\\/wp-content\\\/uploads\\\/2026\\\/04\\\/Mostra-America-Latina.png\",\"datePublished\":\"2026-05-02T08:50:00+00:00\",\"description\":\"Maio traz programa\u00e7\u00e3o de excel\u00eancia e diversificada ao Cineteatro Louletano Cultura\",\"breadcrumb\":{\"@id\":\"https:\\\/\\\/algarve7.pt\\\/index.php\\\/2026\\\/05\\\/maio-traz-programacao-de-excelencia-e-diversificada-ao-cineteatro-louletano\\\/cultura\\\/09\\\/50\\\/#breadcrumb\"},\"inLanguage\":\"pt-PT\",\"potentialAction\":[{\"@type\":\"ReadAction\",\"target\":[\"https:\\\/\\\/algarve7.pt\\\/index.php\\\/2026\\\/05\\\/maio-traz-programacao-de-excelencia-e-diversificada-ao-cineteatro-louletano\\\/cultura\\\/09\\\/50\\\/\"]}]},{\"@type\":\"ImageObject\",\"inLanguage\":\"pt-PT\",\"@id\":\"https:\\\/\\\/algarve7.pt\\\/index.php\\\/2026\\\/05\\\/maio-traz-programacao-de-excelencia-e-diversificada-ao-cineteatro-louletano\\\/cultura\\\/09\\\/50\\\/#primaryimage\",\"url\":\"https:\\\/\\\/algarve7.pt\\\/wp-content\\\/uploads\\\/2026\\\/04\\\/Mostra-America-Latina.png\",\"contentUrl\":\"https:\\\/\\\/algarve7.pt\\\/wp-content\\\/uploads\\\/2026\\\/04\\\/Mostra-America-Latina.png\",\"width\":800,\"height\":445},{\"@type\":\"BreadcrumbList\",\"@id\":\"https:\\\/\\\/algarve7.pt\\\/index.php\\\/2026\\\/05\\\/maio-traz-programacao-de-excelencia-e-diversificada-ao-cineteatro-louletano\\\/cultura\\\/09\\\/50\\\/#breadcrumb\",\"itemListElement\":[{\"@type\":\"ListItem\",\"position\":1,\"name\":\"In\u00edcio\",\"item\":\"https:\\\/\\\/algarve7.pt\\\/\"},{\"@type\":\"ListItem\",\"position\":2,\"name\":\"Maio traz programa\u00e7\u00e3o de excel\u00eancia e diversificada ao Cineteatro Louletano\"}]},{\"@type\":\"WebSite\",\"@id\":\"https:\\\/\\\/algarve7.pt\\\/#website\",\"url\":\"https:\\\/\\\/algarve7.pt\\\/\",\"name\":\"Algarve 7\",\"description\":\"Informa\u00e7\u00e3o sobre o Algarve\",\"publisher\":{\"@id\":\"https:\\\/\\\/algarve7.pt\\\/#organization\"},\"potentialAction\":[{\"@type\":\"SearchAction\",\"target\":{\"@type\":\"EntryPoint\",\"urlTemplate\":\"https:\\\/\\\/algarve7.pt\\\/?s={search_term_string}\"},\"query-input\":{\"@type\":\"PropertyValueSpecification\",\"valueRequired\":true,\"valueName\":\"search_term_string\"}}],\"inLanguage\":\"pt-PT\"},{\"@type\":\"Organization\",\"@id\":\"https:\\\/\\\/algarve7.pt\\\/#organization\",\"name\":\"Algarve 7\",\"url\":\"https:\\\/\\\/algarve7.pt\\\/\",\"logo\":{\"@type\":\"ImageObject\",\"inLanguage\":\"pt-PT\",\"@id\":\"https:\\\/\\\/algarve7.pt\\\/#\\\/schema\\\/logo\\\/image\\\/\",\"url\":\"https:\\\/\\\/algarve7.pt\\\/wp-content\\\/uploads\\\/2020\\\/10\\\/Logo-8.jpg\",\"contentUrl\":\"https:\\\/\\\/algarve7.pt\\\/wp-content\\\/uploads\\\/2020\\\/10\\\/Logo-8.jpg\",\"width\":1680,\"height\":1186,\"caption\":\"Algarve 7\"},\"image\":{\"@id\":\"https:\\\/\\\/algarve7.pt\\\/#\\\/schema\\\/logo\\\/image\\\/\"},\"sameAs\":[\"https:\\\/\\\/www.facebook.com\\\/algarve7\",\"https:\\\/\\\/x.com\\\/Algarvesete\",\"https:\\\/\\\/www.instagram.com\\\/jornalalgarve7\\\/\",\"https:\\\/\\\/www.linkedin.com\\\/company\\\/algarve7\",\"https:\\\/\\\/www.pinterest.pt\\\/geral0939\\\/_created\\\/\"]},{\"@type\":\"Person\",\"@id\":\"https:\\\/\\\/algarve7.pt\\\/#\\\/schema\\\/person\\\/23fa70681308e7b319a3204bcea45e0c\",\"name\":\"Algarve 7\",\"sameAs\":[\"https:\\\/\\\/algarve7.pt\",\"https:\\\/\\\/www.facebook.com\\\/algarve7\"],\"url\":\"https:\\\/\\\/algarve7.pt\\\/index.php\\\/author\\\/geralalgarve7-pt\\\/\"}]}<\/script>\n<!-- \/ Yoast SEO plugin. -->","yoast_head_json":{"title":"Maio traz programa\u00e7\u00e3o de excel\u00eancia e diversificada ao Cineteatro Louletano - Algarve 7","description":"Maio traz programa\u00e7\u00e3o de excel\u00eancia e diversificada ao Cineteatro Louletano Cultura","robots":{"index":"index","follow":"follow","max-snippet":"max-snippet:-1","max-image-preview":"max-image-preview:large","max-video-preview":"max-video-preview:-1"},"canonical":"https:\/\/algarve7.pt\/index.php\/2026\/05\/maio-traz-programacao-de-excelencia-e-diversificada-ao-cineteatro-louletano\/cultura\/09\/50\/","og_locale":"pt_PT","og_type":"article","og_title":"Maio traz programa\u00e7\u00e3o de excel\u00eancia e diversificada ao Cineteatro Louletano - Algarve 7","og_description":"Maio traz programa\u00e7\u00e3o de excel\u00eancia e diversificada ao Cineteatro Louletano Cultura","og_url":"https:\/\/algarve7.pt\/index.php\/2026\/05\/maio-traz-programacao-de-excelencia-e-diversificada-ao-cineteatro-louletano\/cultura\/09\/50\/","og_site_name":"Algarve 7","article_publisher":"https:\/\/www.facebook.com\/algarve7","article_author":"https:\/\/www.facebook.com\/algarve7","article_published_time":"2026-05-02T08:50:00+00:00","og_image":[{"width":800,"height":445,"url":"https:\/\/algarve7.pt\/wp-content\/uploads\/2026\/04\/Mostra-America-Latina.png","type":"image\/png"}],"author":"Algarve 7","twitter_card":"summary_large_image","twitter_creator":"@Algarvesete","twitter_site":"@Algarvesete","twitter_misc":{"Escrito por":"Algarve 7","Tempo estimado de leitura":"7 minutos"},"schema":{"@context":"https:\/\/schema.org","@graph":[{"@type":"Article","@id":"https:\/\/algarve7.pt\/index.php\/2026\/05\/maio-traz-programacao-de-excelencia-e-diversificada-ao-cineteatro-louletano\/cultura\/09\/50\/#article","isPartOf":{"@id":"https:\/\/algarve7.pt\/index.php\/2026\/05\/maio-traz-programacao-de-excelencia-e-diversificada-ao-cineteatro-louletano\/cultura\/09\/50\/"},"author":{"name":"Algarve 7","@id":"https:\/\/algarve7.pt\/#\/schema\/person\/23fa70681308e7b319a3204bcea45e0c"},"headline":"Maio traz programa\u00e7\u00e3o de excel\u00eancia e diversificada ao Cineteatro Louletano","datePublished":"2026-05-02T08:50:00+00:00","mainEntityOfPage":{"@id":"https:\/\/algarve7.pt\/index.php\/2026\/05\/maio-traz-programacao-de-excelencia-e-diversificada-ao-cineteatro-louletano\/cultura\/09\/50\/"},"wordCount":1353,"publisher":{"@id":"https:\/\/algarve7.pt\/#organization"},"image":{"@id":"https:\/\/algarve7.pt\/index.php\/2026\/05\/maio-traz-programacao-de-excelencia-e-diversificada-ao-cineteatro-louletano\/cultura\/09\/50\/#primaryimage"},"thumbnailUrl":"https:\/\/algarve7.pt\/wp-content\/uploads\/2026\/04\/Mostra-America-Latina.png","keywords":["Algarve","Cineteatro Louletano","Cultura","Loul\u00e9"],"articleSection":["Cultura"],"inLanguage":"pt-PT"},{"@type":"WebPage","@id":"https:\/\/algarve7.pt\/index.php\/2026\/05\/maio-traz-programacao-de-excelencia-e-diversificada-ao-cineteatro-louletano\/cultura\/09\/50\/","url":"https:\/\/algarve7.pt\/index.php\/2026\/05\/maio-traz-programacao-de-excelencia-e-diversificada-ao-cineteatro-louletano\/cultura\/09\/50\/","name":"Maio traz programa\u00e7\u00e3o de excel\u00eancia e diversificada ao Cineteatro Louletano - Algarve 7","isPartOf":{"@id":"https:\/\/algarve7.pt\/#website"},"primaryImageOfPage":{"@id":"https:\/\/algarve7.pt\/index.php\/2026\/05\/maio-traz-programacao-de-excelencia-e-diversificada-ao-cineteatro-louletano\/cultura\/09\/50\/#primaryimage"},"image":{"@id":"https:\/\/algarve7.pt\/index.php\/2026\/05\/maio-traz-programacao-de-excelencia-e-diversificada-ao-cineteatro-louletano\/cultura\/09\/50\/#primaryimage"},"thumbnailUrl":"https:\/\/algarve7.pt\/wp-content\/uploads\/2026\/04\/Mostra-America-Latina.png","datePublished":"2026-05-02T08:50:00+00:00","description":"Maio traz programa\u00e7\u00e3o de excel\u00eancia e diversificada ao Cineteatro Louletano Cultura","breadcrumb":{"@id":"https:\/\/algarve7.pt\/index.php\/2026\/05\/maio-traz-programacao-de-excelencia-e-diversificada-ao-cineteatro-louletano\/cultura\/09\/50\/#breadcrumb"},"inLanguage":"pt-PT","potentialAction":[{"@type":"ReadAction","target":["https:\/\/algarve7.pt\/index.php\/2026\/05\/maio-traz-programacao-de-excelencia-e-diversificada-ao-cineteatro-louletano\/cultura\/09\/50\/"]}]},{"@type":"ImageObject","inLanguage":"pt-PT","@id":"https:\/\/algarve7.pt\/index.php\/2026\/05\/maio-traz-programacao-de-excelencia-e-diversificada-ao-cineteatro-louletano\/cultura\/09\/50\/#primaryimage","url":"https:\/\/algarve7.pt\/wp-content\/uploads\/2026\/04\/Mostra-America-Latina.png","contentUrl":"https:\/\/algarve7.pt\/wp-content\/uploads\/2026\/04\/Mostra-America-Latina.png","width":800,"height":445},{"@type":"BreadcrumbList","@id":"https:\/\/algarve7.pt\/index.php\/2026\/05\/maio-traz-programacao-de-excelencia-e-diversificada-ao-cineteatro-louletano\/cultura\/09\/50\/#breadcrumb","itemListElement":[{"@type":"ListItem","position":1,"name":"In\u00edcio","item":"https:\/\/algarve7.pt\/"},{"@type":"ListItem","position":2,"name":"Maio traz programa\u00e7\u00e3o de excel\u00eancia e diversificada ao Cineteatro Louletano"}]},{"@type":"WebSite","@id":"https:\/\/algarve7.pt\/#website","url":"https:\/\/algarve7.pt\/","name":"Algarve 7","description":"Informa\u00e7\u00e3o sobre o Algarve","publisher":{"@id":"https:\/\/algarve7.pt\/#organization"},"potentialAction":[{"@type":"SearchAction","target":{"@type":"EntryPoint","urlTemplate":"https:\/\/algarve7.pt\/?s={search_term_string}"},"query-input":{"@type":"PropertyValueSpecification","valueRequired":true,"valueName":"search_term_string"}}],"inLanguage":"pt-PT"},{"@type":"Organization","@id":"https:\/\/algarve7.pt\/#organization","name":"Algarve 7","url":"https:\/\/algarve7.pt\/","logo":{"@type":"ImageObject","inLanguage":"pt-PT","@id":"https:\/\/algarve7.pt\/#\/schema\/logo\/image\/","url":"https:\/\/algarve7.pt\/wp-content\/uploads\/2020\/10\/Logo-8.jpg","contentUrl":"https:\/\/algarve7.pt\/wp-content\/uploads\/2020\/10\/Logo-8.jpg","width":1680,"height":1186,"caption":"Algarve 7"},"image":{"@id":"https:\/\/algarve7.pt\/#\/schema\/logo\/image\/"},"sameAs":["https:\/\/www.facebook.com\/algarve7","https:\/\/x.com\/Algarvesete","https:\/\/www.instagram.com\/jornalalgarve7\/","https:\/\/www.linkedin.com\/company\/algarve7","https:\/\/www.pinterest.pt\/geral0939\/_created\/"]},{"@type":"Person","@id":"https:\/\/algarve7.pt\/#\/schema\/person\/23fa70681308e7b319a3204bcea45e0c","name":"Algarve 7","sameAs":["https:\/\/algarve7.pt","https:\/\/www.facebook.com\/algarve7"],"url":"https:\/\/algarve7.pt\/index.php\/author\/geralalgarve7-pt\/"}]}},"jetpack_publicize_connections":[],"jetpack_featured_media_url":"https:\/\/algarve7.pt\/wp-content\/uploads\/2026\/04\/Mostra-America-Latina.png","jetpack_shortlink":"https:\/\/wp.me\/pcezmW-g3y","jetpack_sharing_enabled":true,"_links":{"self":[{"href":"https:\/\/algarve7.pt\/index.php\/wp-json\/wp\/v2\/posts\/61724","targetHints":{"allow":["GET"]}}],"collection":[{"href":"https:\/\/algarve7.pt\/index.php\/wp-json\/wp\/v2\/posts"}],"about":[{"href":"https:\/\/algarve7.pt\/index.php\/wp-json\/wp\/v2\/types\/post"}],"author":[{"embeddable":true,"href":"https:\/\/algarve7.pt\/index.php\/wp-json\/wp\/v2\/users\/1"}],"replies":[{"embeddable":true,"href":"https:\/\/algarve7.pt\/index.php\/wp-json\/wp\/v2\/comments?post=61724"}],"version-history":[{"count":1,"href":"https:\/\/algarve7.pt\/index.php\/wp-json\/wp\/v2\/posts\/61724\/revisions"}],"predecessor-version":[{"id":61726,"href":"https:\/\/algarve7.pt\/index.php\/wp-json\/wp\/v2\/posts\/61724\/revisions\/61726"}],"wp:featuredmedia":[{"embeddable":true,"href":"https:\/\/algarve7.pt\/index.php\/wp-json\/wp\/v2\/media\/61725"}],"wp:attachment":[{"href":"https:\/\/algarve7.pt\/index.php\/wp-json\/wp\/v2\/media?parent=61724"}],"wp:term":[{"taxonomy":"category","embeddable":true,"href":"https:\/\/algarve7.pt\/index.php\/wp-json\/wp\/v2\/categories?post=61724"},{"taxonomy":"post_tag","embeddable":true,"href":"https:\/\/algarve7.pt\/index.php\/wp-json\/wp\/v2\/tags?post=61724"}],"curies":[{"name":"wp","href":"https:\/\/api.w.org\/{rel}","templated":true}]}}