{"id":61718,"date":"2026-04-30T17:11:53","date_gmt":"2026-04-30T16:11:53","guid":{"rendered":"https:\/\/algarve7.pt\/?p=61718"},"modified":"2026-04-30T17:11:55","modified_gmt":"2026-04-30T16:11:55","slug":"camara-municipal-de-albufeira-apoia-ciclo-de-palestras-educar-para-o-direito-promovido-pela-cpcj","status":"publish","type":"post","link":"https:\/\/algarve7.pt\/index.php\/2026\/04\/camara-municipal-de-albufeira-apoia-ciclo-de-palestras-educar-para-o-direito-promovido-pela-cpcj\/educacao\/17\/11\/","title":{"rendered":"C\u00e2mara municipal de Albufeira apoia ciclo de palestras \u201ceducar para o direito\u201d promovido pela CPCJ"},"content":{"rendered":"\n<p>Nos dias 5 e 6 de maio, o Audit\u00f3rio Municipal de Albufeira recebe o ciclo de palestras \u201cEducar para Direito\u201d, uma iniciativa da Comiss\u00e3o de Prote\u00e7\u00e3o de Crian\u00e7as e Jovens de Albufeira que pretende sensibilizar os jovens os seus direitos, deveres e responsabilidades, com sess\u00f5es a decorrer entre as 10h00 e as 13h00 e das 14h00 \u00e0s 16h00.<\/p>\n\n\n\n<p>Dirigido \u00e0 comunidade escolar, nomeadamente a docentes e alunos do 3.\u00ba ciclo, a iniciativa aposta numa abordagem pedag\u00f3gica centrada na preven\u00e7\u00e3o e na educa\u00e7\u00e3o para a cidadania e promove a reflex\u00e3o sobre comportamentos de riscos e as suas consequ\u00eancias.<\/p>\n\n\n\n<p>Ao longo das sess\u00f5es, ser\u00e3o abordadas tem\u00e1ticas atuais e de grande relev\u00e2ncia no contexto juvenil, como bullying e o ciberbullying, a viol\u00eancia nas rela\u00e7\u00f5es interpessoais, o consumo de subst\u00e2ncias il\u00edcitas, bem como comportamentos associados \u00e0 pr\u00e1tica de crimes como inj\u00farias, amea\u00e7as ou furtos. Paralelamente, ser\u00e1 promovida a literacia jur\u00eddica dos participantes, atrav\u00e9s da explica\u00e7\u00e3o de conceitos fundamentais do Direito e do enquadramento da responsabilidade penal dos jovens.<\/p>\n\n\n\n<p>Com esta iniciativa, a CPCJ de Albufeira, refor\u00e7a o compromisso na preven\u00e7\u00e3o de situa\u00e7\u00f5es de risco e na promo\u00e7\u00e3o de uma cidadania mais informada, consciente e respons\u00e1vel.<\/p>\n\n\n\n<p>A autarquia apoia e sublinha a import\u00e2ncia de iniciativas desta natureza na promo\u00e7\u00e3o da literacia c\u00edvica e jur\u00eddica junto das camadas mais jovens, incentivando uma maior consci\u00eancia dos seus direitos e deveres.<\/p>\n","protected":false},"excerpt":{"rendered":"<p>Nos dias 5 e 6 de maio, o Audit\u00f3rio Municipal de Albufeira recebe o ciclo de palestras \u201cEducar para Direito\u201d,<\/p>\n","protected":false},"author":1,"featured_media":61719,"comment_status":"closed","ping_status":"closed","sticky":false,"template":"","format":"standard","meta":{"colormag_page_container_layout":"default_layout","colormag_page_sidebar_layout":"default_layout","_monsterinsights_skip_tracking":false,"_monsterinsights_sitenote_active":false,"_monsterinsights_sitenote_note":"","_monsterinsights_sitenote_category":0,"jetpack_post_was_ever_published":false,"_jetpack_newsletter_access":"","_jetpack_dont_email_post_to_subs":false,"_jetpack_newsletter_tier_id":0,"_jetpack_memberships_contains_paywalled_content":false,"_jetpack_memberships_contains_paid_content":false,"footnotes":"","jetpack_publicize_message":"","jetpack_publicize_feature_enabled":true,"jetpack_social_post_already_shared":true,"jetpack_social_options":{"image_generator_settings":{"template":"highway","default_image_id":0,"font":"","enabled":false},"version":2}},"categories":[93],"tags":[155,36,357,74],"class_list":["post-61718","post","type-post","status-publish","format-standard","has-post-thumbnail","hentry","category-educacao","tag-albufeira","tag-algarve","tag-cpcj","tag-educacao"],"yoast_head":"<!-- This site is optimized with the Yoast SEO plugin v27.5 - https:\/\/yoast.com\/product\/yoast-seo-wordpress\/ -->\n<title>C\u00e2mara municipal de Albufeira apoia ciclo de palestras \u201ceducar para o direito\u201d promovido pela CPCJ - Algarve 7<\/title>\n<meta name=\"description\" content=\"C\u00e2mara municipal de Albufeira apoia ciclo de palestras \u201ceducar para o direito\u201d promovido pela CPCJ Educa\u00e7\u00e3o\" \/>\n<meta name=\"robots\" content=\"index, follow, max-snippet:-1, max-image-preview:large, max-video-preview:-1\" \/>\n<link rel=\"canonical\" href=\"https:\/\/algarve7.pt\/index.php\/2026\/04\/camara-municipal-de-albufeira-apoia-ciclo-de-palestras-educar-para-o-direito-promovido-pela-cpcj\/educacao\/17\/11\/\" \/>\n<meta property=\"og:locale\" content=\"pt_PT\" \/>\n<meta property=\"og:type\" content=\"article\" \/>\n<meta property=\"og:title\" content=\"C\u00e2mara municipal de Albufeira apoia ciclo de palestras \u201ceducar para o direito\u201d promovido pela CPCJ - Algarve 7\" \/>\n<meta property=\"og:description\" content=\"C\u00e2mara municipal de Albufeira apoia ciclo de palestras \u201ceducar para o direito\u201d promovido pela CPCJ Educa\u00e7\u00e3o\" \/>\n<meta property=\"og:url\" content=\"https:\/\/algarve7.pt\/index.php\/2026\/04\/camara-municipal-de-albufeira-apoia-ciclo-de-palestras-educar-para-o-direito-promovido-pela-cpcj\/educacao\/17\/11\/\" \/>\n<meta property=\"og:site_name\" content=\"Algarve 7\" \/>\n<meta property=\"article:publisher\" content=\"https:\/\/www.facebook.com\/algarve7\" \/>\n<meta property=\"article:author\" content=\"https:\/\/www.facebook.com\/algarve7\" \/>\n<meta property=\"article:published_time\" content=\"2026-04-30T16:11:53+00:00\" \/>\n<meta property=\"article:modified_time\" content=\"2026-04-30T16:11:55+00:00\" \/>\n<meta property=\"og:image\" content=\"https:\/\/algarve7.pt\/wp-content\/uploads\/2026\/04\/auditorio-municipal_03.jpg\" \/>\n\t<meta property=\"og:image:width\" content=\"800\" \/>\n\t<meta property=\"og:image:height\" content=\"445\" \/>\n\t<meta property=\"og:image:type\" content=\"image\/jpeg\" \/>\n<meta name=\"author\" content=\"Algarve 7\" \/>\n<meta name=\"twitter:card\" content=\"summary_large_image\" \/>\n<meta name=\"twitter:creator\" content=\"@Algarvesete\" \/>\n<meta name=\"twitter:site\" content=\"@Algarvesete\" \/>\n<meta name=\"twitter:label1\" content=\"Escrito por\" \/>\n\t<meta name=\"twitter:data1\" content=\"Algarve 7\" \/>\n\t<meta name=\"twitter:label2\" content=\"Tempo estimado de leitura\" \/>\n\t<meta name=\"twitter:data2\" content=\"2 minutos\" \/>\n<script type=\"application\/ld+json\" class=\"yoast-schema-graph\">{\"@context\":\"https:\\\/\\\/schema.org\",\"@graph\":[{\"@type\":\"Article\",\"@id\":\"https:\\\/\\\/algarve7.pt\\\/index.php\\\/2026\\\/04\\\/camara-municipal-de-albufeira-apoia-ciclo-de-palestras-educar-para-o-direito-promovido-pela-cpcj\\\/educacao\\\/17\\\/11\\\/#article\",\"isPartOf\":{\"@id\":\"https:\\\/\\\/algarve7.pt\\\/index.php\\\/2026\\\/04\\\/camara-municipal-de-albufeira-apoia-ciclo-de-palestras-educar-para-o-direito-promovido-pela-cpcj\\\/educacao\\\/17\\\/11\\\/\"},\"author\":{\"name\":\"Algarve 7\",\"@id\":\"https:\\\/\\\/algarve7.pt\\\/#\\\/schema\\\/person\\\/23fa70681308e7b319a3204bcea45e0c\"},\"headline\":\"C\u00e2mara municipal de Albufeira apoia ciclo de palestras \u201ceducar para o direito\u201d promovido pela CPCJ\",\"datePublished\":\"2026-04-30T16:11:53+00:00\",\"dateModified\":\"2026-04-30T16:11:55+00:00\",\"mainEntityOfPage\":{\"@id\":\"https:\\\/\\\/algarve7.pt\\\/index.php\\\/2026\\\/04\\\/camara-municipal-de-albufeira-apoia-ciclo-de-palestras-educar-para-o-direito-promovido-pela-cpcj\\\/educacao\\\/17\\\/11\\\/\"},\"wordCount\":268,\"publisher\":{\"@id\":\"https:\\\/\\\/algarve7.pt\\\/#organization\"},\"image\":{\"@id\":\"https:\\\/\\\/algarve7.pt\\\/index.php\\\/2026\\\/04\\\/camara-municipal-de-albufeira-apoia-ciclo-de-palestras-educar-para-o-direito-promovido-pela-cpcj\\\/educacao\\\/17\\\/11\\\/#primaryimage\"},\"thumbnailUrl\":\"https:\\\/\\\/algarve7.pt\\\/wp-content\\\/uploads\\\/2026\\\/04\\\/auditorio-municipal_03.jpg\",\"keywords\":[\"Albufeira\",\"Algarve\",\"CPCJ\",\"Educa\u00e7\u00e3o\"],\"articleSection\":[\"Educa\u00e7\u00e3o\"],\"inLanguage\":\"pt-PT\"},{\"@type\":\"WebPage\",\"@id\":\"https:\\\/\\\/algarve7.pt\\\/index.php\\\/2026\\\/04\\\/camara-municipal-de-albufeira-apoia-ciclo-de-palestras-educar-para-o-direito-promovido-pela-cpcj\\\/educacao\\\/17\\\/11\\\/\",\"url\":\"https:\\\/\\\/algarve7.pt\\\/index.php\\\/2026\\\/04\\\/camara-municipal-de-albufeira-apoia-ciclo-de-palestras-educar-para-o-direito-promovido-pela-cpcj\\\/educacao\\\/17\\\/11\\\/\",\"name\":\"C\u00e2mara municipal de Albufeira apoia ciclo de palestras \u201ceducar para o direito\u201d promovido pela CPCJ - Algarve 7\",\"isPartOf\":{\"@id\":\"https:\\\/\\\/algarve7.pt\\\/#website\"},\"primaryImageOfPage\":{\"@id\":\"https:\\\/\\\/algarve7.pt\\\/index.php\\\/2026\\\/04\\\/camara-municipal-de-albufeira-apoia-ciclo-de-palestras-educar-para-o-direito-promovido-pela-cpcj\\\/educacao\\\/17\\\/11\\\/#primaryimage\"},\"image\":{\"@id\":\"https:\\\/\\\/algarve7.pt\\\/index.php\\\/2026\\\/04\\\/camara-municipal-de-albufeira-apoia-ciclo-de-palestras-educar-para-o-direito-promovido-pela-cpcj\\\/educacao\\\/17\\\/11\\\/#primaryimage\"},\"thumbnailUrl\":\"https:\\\/\\\/algarve7.pt\\\/wp-content\\\/uploads\\\/2026\\\/04\\\/auditorio-municipal_03.jpg\",\"datePublished\":\"2026-04-30T16:11:53+00:00\",\"dateModified\":\"2026-04-30T16:11:55+00:00\",\"description\":\"C\u00e2mara municipal de Albufeira apoia ciclo de palestras \u201ceducar para o direito\u201d promovido pela CPCJ Educa\u00e7\u00e3o\",\"breadcrumb\":{\"@id\":\"https:\\\/\\\/algarve7.pt\\\/index.php\\\/2026\\\/04\\\/camara-municipal-de-albufeira-apoia-ciclo-de-palestras-educar-para-o-direito-promovido-pela-cpcj\\\/educacao\\\/17\\\/11\\\/#breadcrumb\"},\"inLanguage\":\"pt-PT\",\"potentialAction\":[{\"@type\":\"ReadAction\",\"target\":[\"https:\\\/\\\/algarve7.pt\\\/index.php\\\/2026\\\/04\\\/camara-municipal-de-albufeira-apoia-ciclo-de-palestras-educar-para-o-direito-promovido-pela-cpcj\\\/educacao\\\/17\\\/11\\\/\"]}]},{\"@type\":\"ImageObject\",\"inLanguage\":\"pt-PT\",\"@id\":\"https:\\\/\\\/algarve7.pt\\\/index.php\\\/2026\\\/04\\\/camara-municipal-de-albufeira-apoia-ciclo-de-palestras-educar-para-o-direito-promovido-pela-cpcj\\\/educacao\\\/17\\\/11\\\/#primaryimage\",\"url\":\"https:\\\/\\\/algarve7.pt\\\/wp-content\\\/uploads\\\/2026\\\/04\\\/auditorio-municipal_03.jpg\",\"contentUrl\":\"https:\\\/\\\/algarve7.pt\\\/wp-content\\\/uploads\\\/2026\\\/04\\\/auditorio-municipal_03.jpg\",\"width\":800,\"height\":445},{\"@type\":\"BreadcrumbList\",\"@id\":\"https:\\\/\\\/algarve7.pt\\\/index.php\\\/2026\\\/04\\\/camara-municipal-de-albufeira-apoia-ciclo-de-palestras-educar-para-o-direito-promovido-pela-cpcj\\\/educacao\\\/17\\\/11\\\/#breadcrumb\",\"itemListElement\":[{\"@type\":\"ListItem\",\"position\":1,\"name\":\"In\u00edcio\",\"item\":\"https:\\\/\\\/algarve7.pt\\\/\"},{\"@type\":\"ListItem\",\"position\":2,\"name\":\"C\u00e2mara municipal de Albufeira apoia ciclo de palestras \u201ceducar para o direito\u201d promovido pela CPCJ\"}]},{\"@type\":\"WebSite\",\"@id\":\"https:\\\/\\\/algarve7.pt\\\/#website\",\"url\":\"https:\\\/\\\/algarve7.pt\\\/\",\"name\":\"Algarve 7\",\"description\":\"Informa\u00e7\u00e3o sobre o Algarve\",\"publisher\":{\"@id\":\"https:\\\/\\\/algarve7.pt\\\/#organization\"},\"potentialAction\":[{\"@type\":\"SearchAction\",\"target\":{\"@type\":\"EntryPoint\",\"urlTemplate\":\"https:\\\/\\\/algarve7.pt\\\/?s={search_term_string}\"},\"query-input\":{\"@type\":\"PropertyValueSpecification\",\"valueRequired\":true,\"valueName\":\"search_term_string\"}}],\"inLanguage\":\"pt-PT\"},{\"@type\":\"Organization\",\"@id\":\"https:\\\/\\\/algarve7.pt\\\/#organization\",\"name\":\"Algarve 7\",\"url\":\"https:\\\/\\\/algarve7.pt\\\/\",\"logo\":{\"@type\":\"ImageObject\",\"inLanguage\":\"pt-PT\",\"@id\":\"https:\\\/\\\/algarve7.pt\\\/#\\\/schema\\\/logo\\\/image\\\/\",\"url\":\"https:\\\/\\\/algarve7.pt\\\/wp-content\\\/uploads\\\/2020\\\/10\\\/Logo-8.jpg\",\"contentUrl\":\"https:\\\/\\\/algarve7.pt\\\/wp-content\\\/uploads\\\/2020\\\/10\\\/Logo-8.jpg\",\"width\":1680,\"height\":1186,\"caption\":\"Algarve 7\"},\"image\":{\"@id\":\"https:\\\/\\\/algarve7.pt\\\/#\\\/schema\\\/logo\\\/image\\\/\"},\"sameAs\":[\"https:\\\/\\\/www.facebook.com\\\/algarve7\",\"https:\\\/\\\/x.com\\\/Algarvesete\",\"https:\\\/\\\/www.instagram.com\\\/jornalalgarve7\\\/\",\"https:\\\/\\\/www.linkedin.com\\\/company\\\/algarve7\",\"https:\\\/\\\/www.pinterest.pt\\\/geral0939\\\/_created\\\/\"]},{\"@type\":\"Person\",\"@id\":\"https:\\\/\\\/algarve7.pt\\\/#\\\/schema\\\/person\\\/23fa70681308e7b319a3204bcea45e0c\",\"name\":\"Algarve 7\",\"sameAs\":[\"https:\\\/\\\/algarve7.pt\",\"https:\\\/\\\/www.facebook.com\\\/algarve7\"],\"url\":\"https:\\\/\\\/algarve7.pt\\\/index.php\\\/author\\\/geralalgarve7-pt\\\/\"}]}<\/script>\n<!-- \/ Yoast SEO plugin. -->","yoast_head_json":{"title":"C\u00e2mara municipal de Albufeira apoia ciclo de palestras \u201ceducar para o direito\u201d promovido pela CPCJ - Algarve 7","description":"C\u00e2mara municipal de Albufeira apoia ciclo de palestras \u201ceducar para o direito\u201d promovido pela CPCJ Educa\u00e7\u00e3o","robots":{"index":"index","follow":"follow","max-snippet":"max-snippet:-1","max-image-preview":"max-image-preview:large","max-video-preview":"max-video-preview:-1"},"canonical":"https:\/\/algarve7.pt\/index.php\/2026\/04\/camara-municipal-de-albufeira-apoia-ciclo-de-palestras-educar-para-o-direito-promovido-pela-cpcj\/educacao\/17\/11\/","og_locale":"pt_PT","og_type":"article","og_title":"C\u00e2mara municipal de Albufeira apoia ciclo de palestras \u201ceducar para o direito\u201d promovido pela CPCJ - Algarve 7","og_description":"C\u00e2mara municipal de Albufeira apoia ciclo de palestras \u201ceducar para o direito\u201d promovido pela CPCJ Educa\u00e7\u00e3o","og_url":"https:\/\/algarve7.pt\/index.php\/2026\/04\/camara-municipal-de-albufeira-apoia-ciclo-de-palestras-educar-para-o-direito-promovido-pela-cpcj\/educacao\/17\/11\/","og_site_name":"Algarve 7","article_publisher":"https:\/\/www.facebook.com\/algarve7","article_author":"https:\/\/www.facebook.com\/algarve7","article_published_time":"2026-04-30T16:11:53+00:00","article_modified_time":"2026-04-30T16:11:55+00:00","og_image":[{"width":800,"height":445,"url":"https:\/\/algarve7.pt\/wp-content\/uploads\/2026\/04\/auditorio-municipal_03.jpg","type":"image\/jpeg"}],"author":"Algarve 7","twitter_card":"summary_large_image","twitter_creator":"@Algarvesete","twitter_site":"@Algarvesete","twitter_misc":{"Escrito por":"Algarve 7","Tempo estimado de leitura":"2 minutos"},"schema":{"@context":"https:\/\/schema.org","@graph":[{"@type":"Article","@id":"https:\/\/algarve7.pt\/index.php\/2026\/04\/camara-municipal-de-albufeira-apoia-ciclo-de-palestras-educar-para-o-direito-promovido-pela-cpcj\/educacao\/17\/11\/#article","isPartOf":{"@id":"https:\/\/algarve7.pt\/index.php\/2026\/04\/camara-municipal-de-albufeira-apoia-ciclo-de-palestras-educar-para-o-direito-promovido-pela-cpcj\/educacao\/17\/11\/"},"author":{"name":"Algarve 7","@id":"https:\/\/algarve7.pt\/#\/schema\/person\/23fa70681308e7b319a3204bcea45e0c"},"headline":"C\u00e2mara municipal de Albufeira apoia ciclo de palestras \u201ceducar para o direito\u201d promovido pela CPCJ","datePublished":"2026-04-30T16:11:53+00:00","dateModified":"2026-04-30T16:11:55+00:00","mainEntityOfPage":{"@id":"https:\/\/algarve7.pt\/index.php\/2026\/04\/camara-municipal-de-albufeira-apoia-ciclo-de-palestras-educar-para-o-direito-promovido-pela-cpcj\/educacao\/17\/11\/"},"wordCount":268,"publisher":{"@id":"https:\/\/algarve7.pt\/#organization"},"image":{"@id":"https:\/\/algarve7.pt\/index.php\/2026\/04\/camara-municipal-de-albufeira-apoia-ciclo-de-palestras-educar-para-o-direito-promovido-pela-cpcj\/educacao\/17\/11\/#primaryimage"},"thumbnailUrl":"https:\/\/algarve7.pt\/wp-content\/uploads\/2026\/04\/auditorio-municipal_03.jpg","keywords":["Albufeira","Algarve","CPCJ","Educa\u00e7\u00e3o"],"articleSection":["Educa\u00e7\u00e3o"],"inLanguage":"pt-PT"},{"@type":"WebPage","@id":"https:\/\/algarve7.pt\/index.php\/2026\/04\/camara-municipal-de-albufeira-apoia-ciclo-de-palestras-educar-para-o-direito-promovido-pela-cpcj\/educacao\/17\/11\/","url":"https:\/\/algarve7.pt\/index.php\/2026\/04\/camara-municipal-de-albufeira-apoia-ciclo-de-palestras-educar-para-o-direito-promovido-pela-cpcj\/educacao\/17\/11\/","name":"C\u00e2mara municipal de Albufeira apoia ciclo de palestras \u201ceducar para o direito\u201d promovido pela CPCJ - Algarve 7","isPartOf":{"@id":"https:\/\/algarve7.pt\/#website"},"primaryImageOfPage":{"@id":"https:\/\/algarve7.pt\/index.php\/2026\/04\/camara-municipal-de-albufeira-apoia-ciclo-de-palestras-educar-para-o-direito-promovido-pela-cpcj\/educacao\/17\/11\/#primaryimage"},"image":{"@id":"https:\/\/algarve7.pt\/index.php\/2026\/04\/camara-municipal-de-albufeira-apoia-ciclo-de-palestras-educar-para-o-direito-promovido-pela-cpcj\/educacao\/17\/11\/#primaryimage"},"thumbnailUrl":"https:\/\/algarve7.pt\/wp-content\/uploads\/2026\/04\/auditorio-municipal_03.jpg","datePublished":"2026-04-30T16:11:53+00:00","dateModified":"2026-04-30T16:11:55+00:00","description":"C\u00e2mara municipal de Albufeira apoia ciclo de palestras \u201ceducar para o direito\u201d promovido pela CPCJ Educa\u00e7\u00e3o","breadcrumb":{"@id":"https:\/\/algarve7.pt\/index.php\/2026\/04\/camara-municipal-de-albufeira-apoia-ciclo-de-palestras-educar-para-o-direito-promovido-pela-cpcj\/educacao\/17\/11\/#breadcrumb"},"inLanguage":"pt-PT","potentialAction":[{"@type":"ReadAction","target":["https:\/\/algarve7.pt\/index.php\/2026\/04\/camara-municipal-de-albufeira-apoia-ciclo-de-palestras-educar-para-o-direito-promovido-pela-cpcj\/educacao\/17\/11\/"]}]},{"@type":"ImageObject","inLanguage":"pt-PT","@id":"https:\/\/algarve7.pt\/index.php\/2026\/04\/camara-municipal-de-albufeira-apoia-ciclo-de-palestras-educar-para-o-direito-promovido-pela-cpcj\/educacao\/17\/11\/#primaryimage","url":"https:\/\/algarve7.pt\/wp-content\/uploads\/2026\/04\/auditorio-municipal_03.jpg","contentUrl":"https:\/\/algarve7.pt\/wp-content\/uploads\/2026\/04\/auditorio-municipal_03.jpg","width":800,"height":445},{"@type":"BreadcrumbList","@id":"https:\/\/algarve7.pt\/index.php\/2026\/04\/camara-municipal-de-albufeira-apoia-ciclo-de-palestras-educar-para-o-direito-promovido-pela-cpcj\/educacao\/17\/11\/#breadcrumb","itemListElement":[{"@type":"ListItem","position":1,"name":"In\u00edcio","item":"https:\/\/algarve7.pt\/"},{"@type":"ListItem","position":2,"name":"C\u00e2mara municipal de Albufeira apoia ciclo de palestras \u201ceducar para o direito\u201d promovido pela CPCJ"}]},{"@type":"WebSite","@id":"https:\/\/algarve7.pt\/#website","url":"https:\/\/algarve7.pt\/","name":"Algarve 7","description":"Informa\u00e7\u00e3o sobre o Algarve","publisher":{"@id":"https:\/\/algarve7.pt\/#organization"},"potentialAction":[{"@type":"SearchAction","target":{"@type":"EntryPoint","urlTemplate":"https:\/\/algarve7.pt\/?s={search_term_string}"},"query-input":{"@type":"PropertyValueSpecification","valueRequired":true,"valueName":"search_term_string"}}],"inLanguage":"pt-PT"},{"@type":"Organization","@id":"https:\/\/algarve7.pt\/#organization","name":"Algarve 7","url":"https:\/\/algarve7.pt\/","logo":{"@type":"ImageObject","inLanguage":"pt-PT","@id":"https:\/\/algarve7.pt\/#\/schema\/logo\/image\/","url":"https:\/\/algarve7.pt\/wp-content\/uploads\/2020\/10\/Logo-8.jpg","contentUrl":"https:\/\/algarve7.pt\/wp-content\/uploads\/2020\/10\/Logo-8.jpg","width":1680,"height":1186,"caption":"Algarve 7"},"image":{"@id":"https:\/\/algarve7.pt\/#\/schema\/logo\/image\/"},"sameAs":["https:\/\/www.facebook.com\/algarve7","https:\/\/x.com\/Algarvesete","https:\/\/www.instagram.com\/jornalalgarve7\/","https:\/\/www.linkedin.com\/company\/algarve7","https:\/\/www.pinterest.pt\/geral0939\/_created\/"]},{"@type":"Person","@id":"https:\/\/algarve7.pt\/#\/schema\/person\/23fa70681308e7b319a3204bcea45e0c","name":"Algarve 7","sameAs":["https:\/\/algarve7.pt","https:\/\/www.facebook.com\/algarve7"],"url":"https:\/\/algarve7.pt\/index.php\/author\/geralalgarve7-pt\/"}]}},"jetpack_publicize_connections":[],"jetpack_featured_media_url":"https:\/\/algarve7.pt\/wp-content\/uploads\/2026\/04\/auditorio-municipal_03.jpg","jetpack_shortlink":"https:\/\/wp.me\/pcezmW-g3s","jetpack_sharing_enabled":true,"_links":{"self":[{"href":"https:\/\/algarve7.pt\/index.php\/wp-json\/wp\/v2\/posts\/61718","targetHints":{"allow":["GET"]}}],"collection":[{"href":"https:\/\/algarve7.pt\/index.php\/wp-json\/wp\/v2\/posts"}],"about":[{"href":"https:\/\/algarve7.pt\/index.php\/wp-json\/wp\/v2\/types\/post"}],"author":[{"embeddable":true,"href":"https:\/\/algarve7.pt\/index.php\/wp-json\/wp\/v2\/users\/1"}],"replies":[{"embeddable":true,"href":"https:\/\/algarve7.pt\/index.php\/wp-json\/wp\/v2\/comments?post=61718"}],"version-history":[{"count":1,"href":"https:\/\/algarve7.pt\/index.php\/wp-json\/wp\/v2\/posts\/61718\/revisions"}],"predecessor-version":[{"id":61720,"href":"https:\/\/algarve7.pt\/index.php\/wp-json\/wp\/v2\/posts\/61718\/revisions\/61720"}],"wp:featuredmedia":[{"embeddable":true,"href":"https:\/\/algarve7.pt\/index.php\/wp-json\/wp\/v2\/media\/61719"}],"wp:attachment":[{"href":"https:\/\/algarve7.pt\/index.php\/wp-json\/wp\/v2\/media?parent=61718"}],"wp:term":[{"taxonomy":"category","embeddable":true,"href":"https:\/\/algarve7.pt\/index.php\/wp-json\/wp\/v2\/categories?post=61718"},{"taxonomy":"post_tag","embeddable":true,"href":"https:\/\/algarve7.pt\/index.php\/wp-json\/wp\/v2\/tags?post=61718"}],"curies":[{"name":"wp","href":"https:\/\/api.w.org\/{rel}","templated":true}]}}