{"id":61714,"date":"2026-04-30T12:52:45","date_gmt":"2026-04-30T11:52:45","guid":{"rendered":"https:\/\/algarve7.pt\/?p=61714"},"modified":"2026-04-30T12:52:50","modified_gmt":"2026-04-30T11:52:50","slug":"1-o-de-maio-de-regresso-ao-castelo-de-paderne","status":"publish","type":"post","link":"https:\/\/algarve7.pt\/index.php\/2026\/04\/1-o-de-maio-de-regresso-ao-castelo-de-paderne\/cultura\/12\/52\/","title":{"rendered":"1.\u00ba de maio de regresso ao Castelo de Paderne"},"content":{"rendered":"\n<p>O Castelo de Paderne prepara-se para receber mais uma celebra\u00e7\u00e3o do 1.\u00ba de Maio. Como tem vindo a acontecer em anos anteriores, a ocasi\u00e3o volta a assinalar-se com um programa repleto de anima\u00e7\u00e3o.<\/p>\n\n\n\n<p>As comemora\u00e7\u00f5es do 1.\u00ba de Maio acontecem todos os anos em Paderne, e convidam os participantes a desfrutar de produtos tradicionais da \u00e9poca, a come\u00e7ar pelos habituais carac\u00f3is. Para isso, o recinto conta com v\u00e1rias bancas e quiosques de venda de comida e bebida.<\/p>\n\n\n\n<p>A iniciativa \u00e9 organizada pela Junta de Freguesia de Paderne, e conta com o apoio da C\u00e2mara Municipal de Albufeira. Entre as 12h00 e as 20h00, est\u00e1 prevista a atua\u00e7\u00e3o de v\u00e1rios conjuntos musicais, sempre com foco na m\u00fasica popular.<\/p>\n\n\n\n<p>O cartaz conta com a presen\u00e7a confirmada da Sociedade Musical e Recreio Popular de Paderne, do Rancho Folcl\u00f3rico de Olhos de \u00c1gua, e do Rancho Folcl\u00f3rico de Algoz. Est\u00e1 ainda prevista a atua\u00e7\u00e3o de Marco Ant\u00f3nio.<\/p>\n\n\n\n<p>As celebra\u00e7\u00f5es acontecem num dos locais mais emblem\u00e1ticos do concelho de Albufeira. O Castelo de Paderne encontra-se classificado como Im\u00f3vel de Interesse P\u00fablico, e desempenhou um papel muito relevante na hist\u00f3ria da regi\u00e3o.<\/p>\n\n\n\n<p>Os acessos ao local do evento ser\u00e3o feitos atrav\u00e9s da Estrada da Fonte de Paderne. \u00c0 sa\u00edda, o tr\u00e2nsito ser\u00e1 encaminhado atrav\u00e9s do Caminho da Barradinha.<\/p>\n\n\n\n<p>A entrada \u00e9 livre.<\/p>\n","protected":false},"excerpt":{"rendered":"<p>O Castelo de Paderne prepara-se para receber mais uma celebra\u00e7\u00e3o do 1.\u00ba de Maio. Como tem vindo a acontecer em<\/p>\n","protected":false},"author":1,"featured_media":61715,"comment_status":"closed","ping_status":"closed","sticky":false,"template":"","format":"standard","meta":{"colormag_page_container_layout":"default_layout","colormag_page_sidebar_layout":"default_layout","_monsterinsights_skip_tracking":false,"_monsterinsights_sitenote_active":false,"_monsterinsights_sitenote_note":"","_monsterinsights_sitenote_category":0,"jetpack_post_was_ever_published":false,"_jetpack_newsletter_access":"","_jetpack_dont_email_post_to_subs":false,"_jetpack_newsletter_tier_id":0,"_jetpack_memberships_contains_paywalled_content":false,"_jetpack_memberships_contains_paid_content":false,"footnotes":"","jetpack_publicize_message":"","jetpack_publicize_feature_enabled":true,"jetpack_social_post_already_shared":true,"jetpack_social_options":{"image_generator_settings":{"template":"highway","default_image_id":0,"font":"","enabled":false},"version":2}},"categories":[14],"tags":[36,800,35,293],"class_list":["post-61714","post","type-post","status-publish","format-standard","has-post-thumbnail","hentry","category-cultura","tag-algarve","tag-castelo-de-paderne","tag-cultura","tag-paderne"],"yoast_head":"<!-- This site is optimized with the Yoast SEO plugin v27.5 - https:\/\/yoast.com\/product\/yoast-seo-wordpress\/ -->\n<title>1.\u00ba de maio de regresso ao Castelo de Paderne - Algarve 7<\/title>\n<meta name=\"description\" content=\"1.\u00ba de maio de regresso ao Castelo de Paderne Cultura\" \/>\n<meta name=\"robots\" content=\"index, follow, max-snippet:-1, max-image-preview:large, max-video-preview:-1\" \/>\n<link rel=\"canonical\" href=\"https:\/\/algarve7.pt\/index.php\/2026\/04\/1-o-de-maio-de-regresso-ao-castelo-de-paderne\/cultura\/12\/52\/\" \/>\n<meta property=\"og:locale\" content=\"pt_PT\" \/>\n<meta property=\"og:type\" content=\"article\" \/>\n<meta property=\"og:title\" content=\"1.\u00ba de maio de regresso ao Castelo de Paderne - Algarve 7\" \/>\n<meta property=\"og:description\" content=\"1.\u00ba de maio de regresso ao Castelo de Paderne Cultura\" \/>\n<meta property=\"og:url\" content=\"https:\/\/algarve7.pt\/index.php\/2026\/04\/1-o-de-maio-de-regresso-ao-castelo-de-paderne\/cultura\/12\/52\/\" \/>\n<meta property=\"og:site_name\" content=\"Algarve 7\" \/>\n<meta property=\"article:publisher\" content=\"https:\/\/www.facebook.com\/algarve7\" \/>\n<meta property=\"article:author\" content=\"https:\/\/www.facebook.com\/algarve7\" \/>\n<meta property=\"article:published_time\" content=\"2026-04-30T11:52:45+00:00\" \/>\n<meta property=\"article:modified_time\" content=\"2026-04-30T11:52:50+00:00\" \/>\n<meta property=\"og:image\" content=\"https:\/\/algarve7.pt\/wp-content\/uploads\/2026\/04\/Captura-de-ecra-2026-04-30-as-12.50.03.png\" \/>\n\t<meta property=\"og:image:width\" content=\"800\" \/>\n\t<meta property=\"og:image:height\" content=\"445\" \/>\n\t<meta property=\"og:image:type\" content=\"image\/png\" \/>\n<meta name=\"author\" content=\"Algarve 7\" \/>\n<meta name=\"twitter:card\" content=\"summary_large_image\" \/>\n<meta name=\"twitter:creator\" content=\"@Algarvesete\" \/>\n<meta name=\"twitter:site\" content=\"@Algarvesete\" \/>\n<meta name=\"twitter:label1\" content=\"Escrito por\" \/>\n\t<meta name=\"twitter:data1\" content=\"Algarve 7\" \/>\n\t<meta name=\"twitter:label2\" content=\"Tempo estimado de leitura\" \/>\n\t<meta name=\"twitter:data2\" content=\"2 minutos\" \/>\n<script type=\"application\/ld+json\" class=\"yoast-schema-graph\">{\"@context\":\"https:\\\/\\\/schema.org\",\"@graph\":[{\"@type\":\"Article\",\"@id\":\"https:\\\/\\\/algarve7.pt\\\/index.php\\\/2026\\\/04\\\/1-o-de-maio-de-regresso-ao-castelo-de-paderne\\\/cultura\\\/12\\\/52\\\/#article\",\"isPartOf\":{\"@id\":\"https:\\\/\\\/algarve7.pt\\\/index.php\\\/2026\\\/04\\\/1-o-de-maio-de-regresso-ao-castelo-de-paderne\\\/cultura\\\/12\\\/52\\\/\"},\"author\":{\"name\":\"Algarve 7\",\"@id\":\"https:\\\/\\\/algarve7.pt\\\/#\\\/schema\\\/person\\\/23fa70681308e7b319a3204bcea45e0c\"},\"headline\":\"1.\u00ba de maio de regresso ao Castelo de Paderne\",\"datePublished\":\"2026-04-30T11:52:45+00:00\",\"dateModified\":\"2026-04-30T11:52:50+00:00\",\"mainEntityOfPage\":{\"@id\":\"https:\\\/\\\/algarve7.pt\\\/index.php\\\/2026\\\/04\\\/1-o-de-maio-de-regresso-ao-castelo-de-paderne\\\/cultura\\\/12\\\/52\\\/\"},\"wordCount\":246,\"publisher\":{\"@id\":\"https:\\\/\\\/algarve7.pt\\\/#organization\"},\"image\":{\"@id\":\"https:\\\/\\\/algarve7.pt\\\/index.php\\\/2026\\\/04\\\/1-o-de-maio-de-regresso-ao-castelo-de-paderne\\\/cultura\\\/12\\\/52\\\/#primaryimage\"},\"thumbnailUrl\":\"https:\\\/\\\/algarve7.pt\\\/wp-content\\\/uploads\\\/2026\\\/04\\\/Captura-de-ecra-2026-04-30-as-12.50.03.png\",\"keywords\":[\"Algarve\",\"Castelo de Paderne\",\"Cultura\",\"Paderne\"],\"articleSection\":[\"Cultura\"],\"inLanguage\":\"pt-PT\"},{\"@type\":\"WebPage\",\"@id\":\"https:\\\/\\\/algarve7.pt\\\/index.php\\\/2026\\\/04\\\/1-o-de-maio-de-regresso-ao-castelo-de-paderne\\\/cultura\\\/12\\\/52\\\/\",\"url\":\"https:\\\/\\\/algarve7.pt\\\/index.php\\\/2026\\\/04\\\/1-o-de-maio-de-regresso-ao-castelo-de-paderne\\\/cultura\\\/12\\\/52\\\/\",\"name\":\"1.\u00ba de maio de regresso ao Castelo de Paderne - Algarve 7\",\"isPartOf\":{\"@id\":\"https:\\\/\\\/algarve7.pt\\\/#website\"},\"primaryImageOfPage\":{\"@id\":\"https:\\\/\\\/algarve7.pt\\\/index.php\\\/2026\\\/04\\\/1-o-de-maio-de-regresso-ao-castelo-de-paderne\\\/cultura\\\/12\\\/52\\\/#primaryimage\"},\"image\":{\"@id\":\"https:\\\/\\\/algarve7.pt\\\/index.php\\\/2026\\\/04\\\/1-o-de-maio-de-regresso-ao-castelo-de-paderne\\\/cultura\\\/12\\\/52\\\/#primaryimage\"},\"thumbnailUrl\":\"https:\\\/\\\/algarve7.pt\\\/wp-content\\\/uploads\\\/2026\\\/04\\\/Captura-de-ecra-2026-04-30-as-12.50.03.png\",\"datePublished\":\"2026-04-30T11:52:45+00:00\",\"dateModified\":\"2026-04-30T11:52:50+00:00\",\"description\":\"1.\u00ba de maio de regresso ao Castelo de Paderne Cultura\",\"breadcrumb\":{\"@id\":\"https:\\\/\\\/algarve7.pt\\\/index.php\\\/2026\\\/04\\\/1-o-de-maio-de-regresso-ao-castelo-de-paderne\\\/cultura\\\/12\\\/52\\\/#breadcrumb\"},\"inLanguage\":\"pt-PT\",\"potentialAction\":[{\"@type\":\"ReadAction\",\"target\":[\"https:\\\/\\\/algarve7.pt\\\/index.php\\\/2026\\\/04\\\/1-o-de-maio-de-regresso-ao-castelo-de-paderne\\\/cultura\\\/12\\\/52\\\/\"]}]},{\"@type\":\"ImageObject\",\"inLanguage\":\"pt-PT\",\"@id\":\"https:\\\/\\\/algarve7.pt\\\/index.php\\\/2026\\\/04\\\/1-o-de-maio-de-regresso-ao-castelo-de-paderne\\\/cultura\\\/12\\\/52\\\/#primaryimage\",\"url\":\"https:\\\/\\\/algarve7.pt\\\/wp-content\\\/uploads\\\/2026\\\/04\\\/Captura-de-ecra-2026-04-30-as-12.50.03.png\",\"contentUrl\":\"https:\\\/\\\/algarve7.pt\\\/wp-content\\\/uploads\\\/2026\\\/04\\\/Captura-de-ecra-2026-04-30-as-12.50.03.png\",\"width\":800,\"height\":445},{\"@type\":\"BreadcrumbList\",\"@id\":\"https:\\\/\\\/algarve7.pt\\\/index.php\\\/2026\\\/04\\\/1-o-de-maio-de-regresso-ao-castelo-de-paderne\\\/cultura\\\/12\\\/52\\\/#breadcrumb\",\"itemListElement\":[{\"@type\":\"ListItem\",\"position\":1,\"name\":\"In\u00edcio\",\"item\":\"https:\\\/\\\/algarve7.pt\\\/\"},{\"@type\":\"ListItem\",\"position\":2,\"name\":\"1.\u00ba de maio de regresso ao Castelo de Paderne\"}]},{\"@type\":\"WebSite\",\"@id\":\"https:\\\/\\\/algarve7.pt\\\/#website\",\"url\":\"https:\\\/\\\/algarve7.pt\\\/\",\"name\":\"Algarve 7\",\"description\":\"Informa\u00e7\u00e3o sobre o Algarve\",\"publisher\":{\"@id\":\"https:\\\/\\\/algarve7.pt\\\/#organization\"},\"potentialAction\":[{\"@type\":\"SearchAction\",\"target\":{\"@type\":\"EntryPoint\",\"urlTemplate\":\"https:\\\/\\\/algarve7.pt\\\/?s={search_term_string}\"},\"query-input\":{\"@type\":\"PropertyValueSpecification\",\"valueRequired\":true,\"valueName\":\"search_term_string\"}}],\"inLanguage\":\"pt-PT\"},{\"@type\":\"Organization\",\"@id\":\"https:\\\/\\\/algarve7.pt\\\/#organization\",\"name\":\"Algarve 7\",\"url\":\"https:\\\/\\\/algarve7.pt\\\/\",\"logo\":{\"@type\":\"ImageObject\",\"inLanguage\":\"pt-PT\",\"@id\":\"https:\\\/\\\/algarve7.pt\\\/#\\\/schema\\\/logo\\\/image\\\/\",\"url\":\"https:\\\/\\\/algarve7.pt\\\/wp-content\\\/uploads\\\/2020\\\/10\\\/Logo-8.jpg\",\"contentUrl\":\"https:\\\/\\\/algarve7.pt\\\/wp-content\\\/uploads\\\/2020\\\/10\\\/Logo-8.jpg\",\"width\":1680,\"height\":1186,\"caption\":\"Algarve 7\"},\"image\":{\"@id\":\"https:\\\/\\\/algarve7.pt\\\/#\\\/schema\\\/logo\\\/image\\\/\"},\"sameAs\":[\"https:\\\/\\\/www.facebook.com\\\/algarve7\",\"https:\\\/\\\/x.com\\\/Algarvesete\",\"https:\\\/\\\/www.instagram.com\\\/jornalalgarve7\\\/\",\"https:\\\/\\\/www.linkedin.com\\\/company\\\/algarve7\",\"https:\\\/\\\/www.pinterest.pt\\\/geral0939\\\/_created\\\/\"]},{\"@type\":\"Person\",\"@id\":\"https:\\\/\\\/algarve7.pt\\\/#\\\/schema\\\/person\\\/23fa70681308e7b319a3204bcea45e0c\",\"name\":\"Algarve 7\",\"sameAs\":[\"https:\\\/\\\/algarve7.pt\",\"https:\\\/\\\/www.facebook.com\\\/algarve7\"],\"url\":\"https:\\\/\\\/algarve7.pt\\\/index.php\\\/author\\\/geralalgarve7-pt\\\/\"}]}<\/script>\n<!-- \/ Yoast SEO plugin. -->","yoast_head_json":{"title":"1.\u00ba de maio de regresso ao Castelo de Paderne - Algarve 7","description":"1.\u00ba de maio de regresso ao Castelo de Paderne Cultura","robots":{"index":"index","follow":"follow","max-snippet":"max-snippet:-1","max-image-preview":"max-image-preview:large","max-video-preview":"max-video-preview:-1"},"canonical":"https:\/\/algarve7.pt\/index.php\/2026\/04\/1-o-de-maio-de-regresso-ao-castelo-de-paderne\/cultura\/12\/52\/","og_locale":"pt_PT","og_type":"article","og_title":"1.\u00ba de maio de regresso ao Castelo de Paderne - Algarve 7","og_description":"1.\u00ba de maio de regresso ao Castelo de Paderne Cultura","og_url":"https:\/\/algarve7.pt\/index.php\/2026\/04\/1-o-de-maio-de-regresso-ao-castelo-de-paderne\/cultura\/12\/52\/","og_site_name":"Algarve 7","article_publisher":"https:\/\/www.facebook.com\/algarve7","article_author":"https:\/\/www.facebook.com\/algarve7","article_published_time":"2026-04-30T11:52:45+00:00","article_modified_time":"2026-04-30T11:52:50+00:00","og_image":[{"width":800,"height":445,"url":"https:\/\/algarve7.pt\/wp-content\/uploads\/2026\/04\/Captura-de-ecra-2026-04-30-as-12.50.03.png","type":"image\/png"}],"author":"Algarve 7","twitter_card":"summary_large_image","twitter_creator":"@Algarvesete","twitter_site":"@Algarvesete","twitter_misc":{"Escrito por":"Algarve 7","Tempo estimado de leitura":"2 minutos"},"schema":{"@context":"https:\/\/schema.org","@graph":[{"@type":"Article","@id":"https:\/\/algarve7.pt\/index.php\/2026\/04\/1-o-de-maio-de-regresso-ao-castelo-de-paderne\/cultura\/12\/52\/#article","isPartOf":{"@id":"https:\/\/algarve7.pt\/index.php\/2026\/04\/1-o-de-maio-de-regresso-ao-castelo-de-paderne\/cultura\/12\/52\/"},"author":{"name":"Algarve 7","@id":"https:\/\/algarve7.pt\/#\/schema\/person\/23fa70681308e7b319a3204bcea45e0c"},"headline":"1.\u00ba de maio de regresso ao Castelo de Paderne","datePublished":"2026-04-30T11:52:45+00:00","dateModified":"2026-04-30T11:52:50+00:00","mainEntityOfPage":{"@id":"https:\/\/algarve7.pt\/index.php\/2026\/04\/1-o-de-maio-de-regresso-ao-castelo-de-paderne\/cultura\/12\/52\/"},"wordCount":246,"publisher":{"@id":"https:\/\/algarve7.pt\/#organization"},"image":{"@id":"https:\/\/algarve7.pt\/index.php\/2026\/04\/1-o-de-maio-de-regresso-ao-castelo-de-paderne\/cultura\/12\/52\/#primaryimage"},"thumbnailUrl":"https:\/\/algarve7.pt\/wp-content\/uploads\/2026\/04\/Captura-de-ecra-2026-04-30-as-12.50.03.png","keywords":["Algarve","Castelo de Paderne","Cultura","Paderne"],"articleSection":["Cultura"],"inLanguage":"pt-PT"},{"@type":"WebPage","@id":"https:\/\/algarve7.pt\/index.php\/2026\/04\/1-o-de-maio-de-regresso-ao-castelo-de-paderne\/cultura\/12\/52\/","url":"https:\/\/algarve7.pt\/index.php\/2026\/04\/1-o-de-maio-de-regresso-ao-castelo-de-paderne\/cultura\/12\/52\/","name":"1.\u00ba de maio de regresso ao Castelo de Paderne - Algarve 7","isPartOf":{"@id":"https:\/\/algarve7.pt\/#website"},"primaryImageOfPage":{"@id":"https:\/\/algarve7.pt\/index.php\/2026\/04\/1-o-de-maio-de-regresso-ao-castelo-de-paderne\/cultura\/12\/52\/#primaryimage"},"image":{"@id":"https:\/\/algarve7.pt\/index.php\/2026\/04\/1-o-de-maio-de-regresso-ao-castelo-de-paderne\/cultura\/12\/52\/#primaryimage"},"thumbnailUrl":"https:\/\/algarve7.pt\/wp-content\/uploads\/2026\/04\/Captura-de-ecra-2026-04-30-as-12.50.03.png","datePublished":"2026-04-30T11:52:45+00:00","dateModified":"2026-04-30T11:52:50+00:00","description":"1.\u00ba de maio de regresso ao Castelo de Paderne Cultura","breadcrumb":{"@id":"https:\/\/algarve7.pt\/index.php\/2026\/04\/1-o-de-maio-de-regresso-ao-castelo-de-paderne\/cultura\/12\/52\/#breadcrumb"},"inLanguage":"pt-PT","potentialAction":[{"@type":"ReadAction","target":["https:\/\/algarve7.pt\/index.php\/2026\/04\/1-o-de-maio-de-regresso-ao-castelo-de-paderne\/cultura\/12\/52\/"]}]},{"@type":"ImageObject","inLanguage":"pt-PT","@id":"https:\/\/algarve7.pt\/index.php\/2026\/04\/1-o-de-maio-de-regresso-ao-castelo-de-paderne\/cultura\/12\/52\/#primaryimage","url":"https:\/\/algarve7.pt\/wp-content\/uploads\/2026\/04\/Captura-de-ecra-2026-04-30-as-12.50.03.png","contentUrl":"https:\/\/algarve7.pt\/wp-content\/uploads\/2026\/04\/Captura-de-ecra-2026-04-30-as-12.50.03.png","width":800,"height":445},{"@type":"BreadcrumbList","@id":"https:\/\/algarve7.pt\/index.php\/2026\/04\/1-o-de-maio-de-regresso-ao-castelo-de-paderne\/cultura\/12\/52\/#breadcrumb","itemListElement":[{"@type":"ListItem","position":1,"name":"In\u00edcio","item":"https:\/\/algarve7.pt\/"},{"@type":"ListItem","position":2,"name":"1.\u00ba de maio de regresso ao Castelo de Paderne"}]},{"@type":"WebSite","@id":"https:\/\/algarve7.pt\/#website","url":"https:\/\/algarve7.pt\/","name":"Algarve 7","description":"Informa\u00e7\u00e3o sobre o Algarve","publisher":{"@id":"https:\/\/algarve7.pt\/#organization"},"potentialAction":[{"@type":"SearchAction","target":{"@type":"EntryPoint","urlTemplate":"https:\/\/algarve7.pt\/?s={search_term_string}"},"query-input":{"@type":"PropertyValueSpecification","valueRequired":true,"valueName":"search_term_string"}}],"inLanguage":"pt-PT"},{"@type":"Organization","@id":"https:\/\/algarve7.pt\/#organization","name":"Algarve 7","url":"https:\/\/algarve7.pt\/","logo":{"@type":"ImageObject","inLanguage":"pt-PT","@id":"https:\/\/algarve7.pt\/#\/schema\/logo\/image\/","url":"https:\/\/algarve7.pt\/wp-content\/uploads\/2020\/10\/Logo-8.jpg","contentUrl":"https:\/\/algarve7.pt\/wp-content\/uploads\/2020\/10\/Logo-8.jpg","width":1680,"height":1186,"caption":"Algarve 7"},"image":{"@id":"https:\/\/algarve7.pt\/#\/schema\/logo\/image\/"},"sameAs":["https:\/\/www.facebook.com\/algarve7","https:\/\/x.com\/Algarvesete","https:\/\/www.instagram.com\/jornalalgarve7\/","https:\/\/www.linkedin.com\/company\/algarve7","https:\/\/www.pinterest.pt\/geral0939\/_created\/"]},{"@type":"Person","@id":"https:\/\/algarve7.pt\/#\/schema\/person\/23fa70681308e7b319a3204bcea45e0c","name":"Algarve 7","sameAs":["https:\/\/algarve7.pt","https:\/\/www.facebook.com\/algarve7"],"url":"https:\/\/algarve7.pt\/index.php\/author\/geralalgarve7-pt\/"}]}},"jetpack_publicize_connections":[],"jetpack_featured_media_url":"https:\/\/algarve7.pt\/wp-content\/uploads\/2026\/04\/Captura-de-ecra-2026-04-30-as-12.50.03.png","jetpack_shortlink":"https:\/\/wp.me\/pcezmW-g3o","jetpack_sharing_enabled":true,"_links":{"self":[{"href":"https:\/\/algarve7.pt\/index.php\/wp-json\/wp\/v2\/posts\/61714","targetHints":{"allow":["GET"]}}],"collection":[{"href":"https:\/\/algarve7.pt\/index.php\/wp-json\/wp\/v2\/posts"}],"about":[{"href":"https:\/\/algarve7.pt\/index.php\/wp-json\/wp\/v2\/types\/post"}],"author":[{"embeddable":true,"href":"https:\/\/algarve7.pt\/index.php\/wp-json\/wp\/v2\/users\/1"}],"replies":[{"embeddable":true,"href":"https:\/\/algarve7.pt\/index.php\/wp-json\/wp\/v2\/comments?post=61714"}],"version-history":[{"count":1,"href":"https:\/\/algarve7.pt\/index.php\/wp-json\/wp\/v2\/posts\/61714\/revisions"}],"predecessor-version":[{"id":61716,"href":"https:\/\/algarve7.pt\/index.php\/wp-json\/wp\/v2\/posts\/61714\/revisions\/61716"}],"wp:featuredmedia":[{"embeddable":true,"href":"https:\/\/algarve7.pt\/index.php\/wp-json\/wp\/v2\/media\/61715"}],"wp:attachment":[{"href":"https:\/\/algarve7.pt\/index.php\/wp-json\/wp\/v2\/media?parent=61714"}],"wp:term":[{"taxonomy":"category","embeddable":true,"href":"https:\/\/algarve7.pt\/index.php\/wp-json\/wp\/v2\/categories?post=61714"},{"taxonomy":"post_tag","embeddable":true,"href":"https:\/\/algarve7.pt\/index.php\/wp-json\/wp\/v2\/tags?post=61714"}],"curies":[{"name":"wp","href":"https:\/\/api.w.org\/{rel}","templated":true}]}}