{"id":61701,"date":"2026-04-30T12:22:07","date_gmt":"2026-04-30T11:22:07","guid":{"rendered":"https:\/\/algarve7.pt\/?p=61701"},"modified":"2026-04-30T12:22:12","modified_gmt":"2026-04-30T11:22:12","slug":"portimao-vive-em-maio-um-mes-de-elite-desportiva-formacao-e-iniciativas-para-todos","status":"publish","type":"post","link":"https:\/\/algarve7.pt\/index.php\/2026\/04\/portimao-vive-em-maio-um-mes-de-elite-desportiva-formacao-e-iniciativas-para-todos\/desporto\/12\/22\/","title":{"rendered":"Portim\u00e3o vive em maio um m\u00eas de elite desportiva, forma\u00e7\u00e3o e iniciativas para todos"},"content":{"rendered":"\n<p><strong>Portim\u00e3o prepara-se para viver um dos meses mais intensos do calend\u00e1rio desportivo de 2026, com uma agenda que combina grandes competi\u00e7\u00f5es internacionais, provas de forma\u00e7\u00e3o, eventos inclusivos e iniciativas abertas \u00e0 comunidade, refor\u00e7ando o posicionamento do concelho como destino de excel\u00eancia para o turismo desportivo.<\/strong><\/p>\n\n\n\n<p>Ao longo de maio, dezenas de eventos ir\u00e3o mobilizar atletas, equipas, visitantes e p\u00fablico, com impacto direto na economia local, na dinamiza\u00e7\u00e3o do territ\u00f3rio e na afirma\u00e7\u00e3o do prest\u00edgio desportivo de Portim\u00e3o a n\u00edvel nacional e internacional. A maioria das iniciativas tem entrada livre.<\/p>\n\n\n\n<p>Ao acolher provas de elite em modalidades como a gin\u00e1stica r\u00edtmica, o iQFOiL, o automobilismo e o boxe, a par de competi\u00e7\u00f5es de base, atividades de inclus\u00e3o e eventos dirigidos \u00e0s fam\u00edlias, Portim\u00e3o volta a apresentar uma programa\u00e7\u00e3o diversificada, capaz de envolver diferentes p\u00fablicos e promover o desporto como motor de desenvolvimento.<\/p>\n\n\n\n<p><strong>Elite e dimens\u00e3o internacional marcam o m\u00eas<\/strong><\/p>\n\n\n\n<p>Entre os grandes destaques do m\u00eas sobressai o Campeonato da Europa de iQFOiL S\u00e9nior, que traz \u00e0 Praia da Rocha, entre 16 e 23 de maio, os melhores windsurfistas europeus para uma competi\u00e7\u00e3o de elevado n\u00edvel t\u00e9cnico, consolidando Portim\u00e3o como palco privilegiado para grandes eventos n\u00e1uticos.<\/p>\n\n\n\n<p>Tamb\u00e9m em evid\u00eancia estar\u00e1 a gin\u00e1stica r\u00edtmica de elite, com o Torneio Internacional de Gin\u00e1stica R\u00edtmica de Portim\u00e3o, entre 8 e 10 maio, e a prestigiada Ta\u00e7a do Mundo de Gin\u00e1stica R\u00edtmica de 15 a 17 maio, ambas de entrada livre, no Portim\u00e3o Arena, refor\u00e7ando a tradi\u00e7\u00e3o da cidade na organiza\u00e7\u00e3o de competi\u00e7\u00f5es internacionais da modalidade.<\/p>\n\n\n\n<p>A n\u00edvel do desporto motorizado, o Iberian Racing Festival (15 a 17 maio), no Aut\u00f3dromo Internacional do Algarve, e o Rali Cidade de Portim\u00e3o (23 e 24 maio) prometem emo\u00e7\u00e3o dentro e fora de pista, juntando adeptos do automobilismo num m\u00eas particularmente forte para os desportos motorizados.<\/p>\n\n\n\n<p>A agenda internacional integra ainda o Beach Travels Volleyball Camp (2 a 9 maio), o Campeonato Regional Sul OCR, na Marina de Portim\u00e3o (1 a 3 maio), e a Portim\u00e3o Box Cup (28 a 31 maio), torneio internacional de boxe ol\u00edmpico que encerra o m\u00eas com forte proje\u00e7\u00e3o competitiva.<\/p>\n\n\n\n<p><strong>Forma\u00e7\u00e3o e juventude em destaque<\/strong><\/p>\n\n\n\n<p>O arranque de maio evidencia tamb\u00e9m a aposta no desporto de forma\u00e7\u00e3o, com a Liga Pequenos Campe\u00f5es dedicada ao futebol jovem, nos dias 1 e 2 maio, no campo de futebol do Complexo Desportivo da Mexilhoeira Grande dedicada ao futebol jovem, o Campeonato Regional de T\u00e9nis Sub-12 (1 a 3 maio) e o Padel Open de Portim\u00e3o Veteranos 25.000, uma das principais provas nacionais da modalidade.<\/p>\n\n\n\n<p>No dia 23 de maio, a realiza\u00e7\u00e3o da primeira etapa do circuito nacional de Beach Wrestling traz \u00e0 Praia da Rocha os melhores beach wrestlers portugueses na disputa de pontos para apuramento dos campe\u00f5es nacionais de 2026.<\/p>\n\n\n\n<p>No mesmo dia, o Pavilh\u00e3o Desportivo da Escola Jos\u00e9 Sobral da Mexilhoeira Grande, recebe o Sarau G\u00edmnico do CIRM (Clube de Instru\u00e7\u00e3o e Recreio Mexilhoeirense), um evento que promete um final de tarde marcado pela dan\u00e7a, movimento e alegria, celebrando a pr\u00e1tica g\u00edmnica em ambiente din\u00e2mico e participativo.<\/p>\n\n\n\n<p>A fechar o m\u00eas, no dia 28 de maio, a Praia da Rocha recebe o projeto Surf &amp; Rescue, que liga o surf ao salvamento aqu\u00e1tico. Promovido pela Associa\u00e7\u00e3o de Escolas de Surf de Portugal e pelo Instituto de Socorros a N\u00e1ufragos, o programa inclui forma\u00e7\u00e3o te\u00f3rico-pr\u00e1tica para surfistas e nadadores-salvadores, refor\u00e7ando compet\u00eancias de seguran\u00e7a e resgate no mar.<\/p>\n\n\n\n<p><strong>Desporto para todos, inclus\u00e3o e comunidade<\/strong><\/p>\n\n\n\n<p>A dimens\u00e3o comunit\u00e1ria e inclusiva volta a assumir especial relev\u00e2ncia na programa\u00e7\u00e3o de maio, refor\u00e7ando o desporto como espa\u00e7o de participa\u00e7\u00e3o, bem-estar e coes\u00e3o social.&nbsp;<\/p>\n\n\n\n<p>O Encontro de Andebol de Praia para Defici\u00eancia Intelectual, que se realiza a 14 de maio na \u00c1rea Desportiva da Praia da Rocha, evidencia o papel do desporto como instrumento de integra\u00e7\u00e3o e inclus\u00e3o.<\/p>\n\n\n\n<p>J\u00e1 as Olimp\u00edadas S\u00e9nior, agendadas para 20 de maio no Pavilh\u00e3o Gimnodesportivo de Portim\u00e3o, promovem o envelhecimento ativo e o conv\u00edvio intermunicipal.&nbsp;<\/p>\n\n\n\n<p>Destaque ainda para o Beach Tennis, com a realiza\u00e7\u00e3o do Torneio Regional Algarve 2026 e do Torneio Social de Primavera, nos dias 16 e 17 de maio, na Praia da Rocha. A prova regional, de car\u00e1cter oficial, destina-se a jogadores federados e contempla categorias de pares masculinos, femininos e mistos, enquanto o torneio social \u00e9 orientado para iniciantes, promovendo a participa\u00e7\u00e3o, o conv\u00edvio e a pr\u00e1tica da modalidade para todos.<\/p>\n\n\n\n<p>Os interessados em participar devem fazer as inscri\u00e7\u00f5es atrav\u00e9s da app Tie Player ou em beachtennisportimao.pt.<\/p>\n\n\n\n<p>No dia 24 de maio, esta vertente ganha ainda maior express\u00e3o com a realiza\u00e7\u00e3o da 5.\u00aa Caminhada pelo Cora\u00e7\u00e3o, com partida do Complexo Desportivo de Alvor, e do programa Fam\u00edlias em Movimento, durante a manh\u00e3, no Lugar do Rio, duas iniciativas que convidam a popula\u00e7\u00e3o a participar em atividades acess\u00edveis, l\u00fadicas e orientadas para a promo\u00e7\u00e3o de estilos de vida saud\u00e1veis.<\/p>\n\n\n\n<p>Este eixo de proximidade e participa\u00e7\u00e3o confirma uma agenda que n\u00e3o se limita \u00e0 competi\u00e7\u00e3o de alto n\u00edvel, mas que integra o desporto enquanto ferramenta de coes\u00e3o social e bem-estar.<\/p>\n\n\n\n<p><strong>Entrada livre na maioria dos eventos<\/strong><\/p>\n\n\n\n<p>Grande parte dos eventos programados ao longo do m\u00eas tem entrada livre, permitindo ao p\u00fablico acompanhar de perto competi\u00e7\u00f5es internacionais, apoiar atletas e viver o ambiente \u00fanico que Portim\u00e3o proporciona em grandes momentos desportivos.<\/p>\n\n\n\n<p>A din\u00e2mica desportiva prolonga-se em junho com uma nova agenda de grande relev\u00e2ncia, marcada por eventos que refor\u00e7am a proje\u00e7\u00e3o internacional de Portim\u00e3o. Entre os destaques figuram a Sand Series de Beach Tennis Portim\u00e3o (1 a 7 de junho), na Praia da Rocha, o Portim\u00e3o International Tournament U14 (12 a 21 de junho), no Complexo Municipal de T\u00e9nis e Padel de Portim\u00e3o, o Ferrari Challenge (17 a 19 de junho), no Aut\u00f3dromo Internacional do Algarve, e ainda o Challenge Cup Tournaments (25 a 28 de junho), que prometem manter o concelho no centro do panorama desportivo internacional, prolongando o ritmo competitivo e a atratividade do destino ao longo do in\u00edcio do ver\u00e3o.<\/p>\n\n\n\n<p>Com uma agenda intensa, diversa e internacionalizada, maio confirma Portim\u00e3o como territ\u00f3rio onde o desporto se vive em m\u00faltiplas dimens\u00f5es &#8211; da alta competi\u00e7\u00e3o \u00e0 participa\u00e7\u00e3o comunit\u00e1ria, da forma\u00e7\u00e3o \u00e0 promo\u00e7\u00e3o do destino.<\/p>\n\n\n\n<p>Todas as informa\u00e7\u00f5es sobre os eventos, incluindo hor\u00e1rios, locais, condi\u00e7\u00f5es de acesso e eventuais atualiza\u00e7\u00f5es, podem ser consultadas no site Viva Portim\u00e3o, em\u00a0<a href=\"https:\/\/vivaportimao.pt\/\" target=\"_blank\" rel=\"noreferrer noopener\">https:\/\/vivaportimao.pt\/<\/a><\/p>\n","protected":false},"excerpt":{"rendered":"<p>Portim\u00e3o prepara-se para viver um dos meses mais intensos do calend\u00e1rio desportivo de 2026, com uma agenda que combina grandes<\/p>\n","protected":false},"author":1,"featured_media":61702,"comment_status":"closed","ping_status":"closed","sticky":false,"template":"","format":"standard","meta":{"colormag_page_container_layout":"default_layout","colormag_page_sidebar_layout":"default_layout","_monsterinsights_skip_tracking":false,"_monsterinsights_sitenote_active":false,"_monsterinsights_sitenote_note":"","_monsterinsights_sitenote_category":0,"jetpack_post_was_ever_published":false,"_jetpack_newsletter_access":"","_jetpack_dont_email_post_to_subs":false,"_jetpack_newsletter_tier_id":0,"_jetpack_memberships_contains_paywalled_content":false,"_jetpack_memberships_contains_paid_content":false,"footnotes":"","jetpack_publicize_message":"","jetpack_publicize_feature_enabled":true,"jetpack_social_post_already_shared":true,"jetpack_social_options":{"image_generator_settings":{"template":"highway","default_image_id":0,"font":"","enabled":false},"version":2}},"categories":[15],"tags":[36,40,72],"class_list":["post-61701","post","type-post","status-publish","format-standard","has-post-thumbnail","hentry","category-desporto","tag-algarve","tag-desporto","tag-portimao"],"yoast_head":"<!-- This site is optimized with the Yoast SEO plugin v27.5 - https:\/\/yoast.com\/product\/yoast-seo-wordpress\/ -->\n<title>Portim\u00e3o vive em maio um m\u00eas de elite desportiva, forma\u00e7\u00e3o e iniciativas para todos - Algarve 7<\/title>\n<meta name=\"description\" content=\"Portim\u00e3o vive em maio um m\u00eas de elite desportiva, forma\u00e7\u00e3o e iniciativas para todos Desporto\" \/>\n<meta name=\"robots\" content=\"index, follow, max-snippet:-1, max-image-preview:large, max-video-preview:-1\" \/>\n<link rel=\"canonical\" href=\"https:\/\/algarve7.pt\/index.php\/2026\/04\/portimao-vive-em-maio-um-mes-de-elite-desportiva-formacao-e-iniciativas-para-todos\/desporto\/12\/22\/\" \/>\n<meta property=\"og:locale\" content=\"pt_PT\" \/>\n<meta property=\"og:type\" content=\"article\" \/>\n<meta property=\"og:title\" content=\"Portim\u00e3o vive em maio um m\u00eas de elite desportiva, forma\u00e7\u00e3o e iniciativas para todos - Algarve 7\" \/>\n<meta property=\"og:description\" content=\"Portim\u00e3o vive em maio um m\u00eas de elite desportiva, forma\u00e7\u00e3o e iniciativas para todos Desporto\" \/>\n<meta property=\"og:url\" content=\"https:\/\/algarve7.pt\/index.php\/2026\/04\/portimao-vive-em-maio-um-mes-de-elite-desportiva-formacao-e-iniciativas-para-todos\/desporto\/12\/22\/\" \/>\n<meta property=\"og:site_name\" content=\"Algarve 7\" \/>\n<meta property=\"article:publisher\" content=\"https:\/\/www.facebook.com\/algarve7\" \/>\n<meta property=\"article:author\" content=\"https:\/\/www.facebook.com\/algarve7\" \/>\n<meta property=\"article:published_time\" content=\"2026-04-30T11:22:07+00:00\" \/>\n<meta property=\"article:modified_time\" content=\"2026-04-30T11:22:12+00:00\" \/>\n<meta property=\"og:image\" content=\"https:\/\/algarve7.pt\/wp-content\/uploads\/2026\/04\/Beach-Travels-Voleybool-Camp.jpg\" \/>\n\t<meta property=\"og:image:width\" content=\"800\" \/>\n\t<meta property=\"og:image:height\" content=\"445\" \/>\n\t<meta property=\"og:image:type\" content=\"image\/jpeg\" \/>\n<meta name=\"author\" content=\"Algarve 7\" \/>\n<meta name=\"twitter:card\" content=\"summary_large_image\" \/>\n<meta name=\"twitter:creator\" content=\"@Algarvesete\" \/>\n<meta name=\"twitter:site\" content=\"@Algarvesete\" \/>\n<meta name=\"twitter:label1\" content=\"Escrito por\" \/>\n\t<meta name=\"twitter:data1\" content=\"Algarve 7\" \/>\n\t<meta name=\"twitter:label2\" content=\"Tempo estimado de leitura\" \/>\n\t<meta name=\"twitter:data2\" content=\"6 minutos\" \/>\n<script type=\"application\/ld+json\" class=\"yoast-schema-graph\">{\"@context\":\"https:\\\/\\\/schema.org\",\"@graph\":[{\"@type\":\"Article\",\"@id\":\"https:\\\/\\\/algarve7.pt\\\/index.php\\\/2026\\\/04\\\/portimao-vive-em-maio-um-mes-de-elite-desportiva-formacao-e-iniciativas-para-todos\\\/desporto\\\/12\\\/22\\\/#article\",\"isPartOf\":{\"@id\":\"https:\\\/\\\/algarve7.pt\\\/index.php\\\/2026\\\/04\\\/portimao-vive-em-maio-um-mes-de-elite-desportiva-formacao-e-iniciativas-para-todos\\\/desporto\\\/12\\\/22\\\/\"},\"author\":{\"name\":\"Algarve 7\",\"@id\":\"https:\\\/\\\/algarve7.pt\\\/#\\\/schema\\\/person\\\/23fa70681308e7b319a3204bcea45e0c\"},\"headline\":\"Portim\u00e3o vive em maio um m\u00eas de elite desportiva, forma\u00e7\u00e3o e iniciativas para todos\",\"datePublished\":\"2026-04-30T11:22:07+00:00\",\"dateModified\":\"2026-04-30T11:22:12+00:00\",\"mainEntityOfPage\":{\"@id\":\"https:\\\/\\\/algarve7.pt\\\/index.php\\\/2026\\\/04\\\/portimao-vive-em-maio-um-mes-de-elite-desportiva-formacao-e-iniciativas-para-todos\\\/desporto\\\/12\\\/22\\\/\"},\"wordCount\":1158,\"publisher\":{\"@id\":\"https:\\\/\\\/algarve7.pt\\\/#organization\"},\"image\":{\"@id\":\"https:\\\/\\\/algarve7.pt\\\/index.php\\\/2026\\\/04\\\/portimao-vive-em-maio-um-mes-de-elite-desportiva-formacao-e-iniciativas-para-todos\\\/desporto\\\/12\\\/22\\\/#primaryimage\"},\"thumbnailUrl\":\"https:\\\/\\\/algarve7.pt\\\/wp-content\\\/uploads\\\/2026\\\/04\\\/Beach-Travels-Voleybool-Camp.jpg\",\"keywords\":[\"Algarve\",\"Desporto\",\"Portim\u00e3o\"],\"articleSection\":[\"Desporto\"],\"inLanguage\":\"pt-PT\"},{\"@type\":\"WebPage\",\"@id\":\"https:\\\/\\\/algarve7.pt\\\/index.php\\\/2026\\\/04\\\/portimao-vive-em-maio-um-mes-de-elite-desportiva-formacao-e-iniciativas-para-todos\\\/desporto\\\/12\\\/22\\\/\",\"url\":\"https:\\\/\\\/algarve7.pt\\\/index.php\\\/2026\\\/04\\\/portimao-vive-em-maio-um-mes-de-elite-desportiva-formacao-e-iniciativas-para-todos\\\/desporto\\\/12\\\/22\\\/\",\"name\":\"Portim\u00e3o vive em maio um m\u00eas de elite desportiva, forma\u00e7\u00e3o e iniciativas para todos - Algarve 7\",\"isPartOf\":{\"@id\":\"https:\\\/\\\/algarve7.pt\\\/#website\"},\"primaryImageOfPage\":{\"@id\":\"https:\\\/\\\/algarve7.pt\\\/index.php\\\/2026\\\/04\\\/portimao-vive-em-maio-um-mes-de-elite-desportiva-formacao-e-iniciativas-para-todos\\\/desporto\\\/12\\\/22\\\/#primaryimage\"},\"image\":{\"@id\":\"https:\\\/\\\/algarve7.pt\\\/index.php\\\/2026\\\/04\\\/portimao-vive-em-maio-um-mes-de-elite-desportiva-formacao-e-iniciativas-para-todos\\\/desporto\\\/12\\\/22\\\/#primaryimage\"},\"thumbnailUrl\":\"https:\\\/\\\/algarve7.pt\\\/wp-content\\\/uploads\\\/2026\\\/04\\\/Beach-Travels-Voleybool-Camp.jpg\",\"datePublished\":\"2026-04-30T11:22:07+00:00\",\"dateModified\":\"2026-04-30T11:22:12+00:00\",\"description\":\"Portim\u00e3o vive em maio um m\u00eas de elite desportiva, forma\u00e7\u00e3o e iniciativas para todos Desporto\",\"breadcrumb\":{\"@id\":\"https:\\\/\\\/algarve7.pt\\\/index.php\\\/2026\\\/04\\\/portimao-vive-em-maio-um-mes-de-elite-desportiva-formacao-e-iniciativas-para-todos\\\/desporto\\\/12\\\/22\\\/#breadcrumb\"},\"inLanguage\":\"pt-PT\",\"potentialAction\":[{\"@type\":\"ReadAction\",\"target\":[\"https:\\\/\\\/algarve7.pt\\\/index.php\\\/2026\\\/04\\\/portimao-vive-em-maio-um-mes-de-elite-desportiva-formacao-e-iniciativas-para-todos\\\/desporto\\\/12\\\/22\\\/\"]}]},{\"@type\":\"ImageObject\",\"inLanguage\":\"pt-PT\",\"@id\":\"https:\\\/\\\/algarve7.pt\\\/index.php\\\/2026\\\/04\\\/portimao-vive-em-maio-um-mes-de-elite-desportiva-formacao-e-iniciativas-para-todos\\\/desporto\\\/12\\\/22\\\/#primaryimage\",\"url\":\"https:\\\/\\\/algarve7.pt\\\/wp-content\\\/uploads\\\/2026\\\/04\\\/Beach-Travels-Voleybool-Camp.jpg\",\"contentUrl\":\"https:\\\/\\\/algarve7.pt\\\/wp-content\\\/uploads\\\/2026\\\/04\\\/Beach-Travels-Voleybool-Camp.jpg\",\"width\":800,\"height\":445},{\"@type\":\"BreadcrumbList\",\"@id\":\"https:\\\/\\\/algarve7.pt\\\/index.php\\\/2026\\\/04\\\/portimao-vive-em-maio-um-mes-de-elite-desportiva-formacao-e-iniciativas-para-todos\\\/desporto\\\/12\\\/22\\\/#breadcrumb\",\"itemListElement\":[{\"@type\":\"ListItem\",\"position\":1,\"name\":\"In\u00edcio\",\"item\":\"https:\\\/\\\/algarve7.pt\\\/\"},{\"@type\":\"ListItem\",\"position\":2,\"name\":\"Portim\u00e3o vive em maio um m\u00eas de elite desportiva, forma\u00e7\u00e3o e iniciativas para todos\"}]},{\"@type\":\"WebSite\",\"@id\":\"https:\\\/\\\/algarve7.pt\\\/#website\",\"url\":\"https:\\\/\\\/algarve7.pt\\\/\",\"name\":\"Algarve 7\",\"description\":\"Informa\u00e7\u00e3o sobre o Algarve\",\"publisher\":{\"@id\":\"https:\\\/\\\/algarve7.pt\\\/#organization\"},\"potentialAction\":[{\"@type\":\"SearchAction\",\"target\":{\"@type\":\"EntryPoint\",\"urlTemplate\":\"https:\\\/\\\/algarve7.pt\\\/?s={search_term_string}\"},\"query-input\":{\"@type\":\"PropertyValueSpecification\",\"valueRequired\":true,\"valueName\":\"search_term_string\"}}],\"inLanguage\":\"pt-PT\"},{\"@type\":\"Organization\",\"@id\":\"https:\\\/\\\/algarve7.pt\\\/#organization\",\"name\":\"Algarve 7\",\"url\":\"https:\\\/\\\/algarve7.pt\\\/\",\"logo\":{\"@type\":\"ImageObject\",\"inLanguage\":\"pt-PT\",\"@id\":\"https:\\\/\\\/algarve7.pt\\\/#\\\/schema\\\/logo\\\/image\\\/\",\"url\":\"https:\\\/\\\/algarve7.pt\\\/wp-content\\\/uploads\\\/2020\\\/10\\\/Logo-8.jpg\",\"contentUrl\":\"https:\\\/\\\/algarve7.pt\\\/wp-content\\\/uploads\\\/2020\\\/10\\\/Logo-8.jpg\",\"width\":1680,\"height\":1186,\"caption\":\"Algarve 7\"},\"image\":{\"@id\":\"https:\\\/\\\/algarve7.pt\\\/#\\\/schema\\\/logo\\\/image\\\/\"},\"sameAs\":[\"https:\\\/\\\/www.facebook.com\\\/algarve7\",\"https:\\\/\\\/x.com\\\/Algarvesete\",\"https:\\\/\\\/www.instagram.com\\\/jornalalgarve7\\\/\",\"https:\\\/\\\/www.linkedin.com\\\/company\\\/algarve7\",\"https:\\\/\\\/www.pinterest.pt\\\/geral0939\\\/_created\\\/\"]},{\"@type\":\"Person\",\"@id\":\"https:\\\/\\\/algarve7.pt\\\/#\\\/schema\\\/person\\\/23fa70681308e7b319a3204bcea45e0c\",\"name\":\"Algarve 7\",\"sameAs\":[\"https:\\\/\\\/algarve7.pt\",\"https:\\\/\\\/www.facebook.com\\\/algarve7\"],\"url\":\"https:\\\/\\\/algarve7.pt\\\/index.php\\\/author\\\/geralalgarve7-pt\\\/\"}]}<\/script>\n<!-- \/ Yoast SEO plugin. -->","yoast_head_json":{"title":"Portim\u00e3o vive em maio um m\u00eas de elite desportiva, forma\u00e7\u00e3o e iniciativas para todos - Algarve 7","description":"Portim\u00e3o vive em maio um m\u00eas de elite desportiva, forma\u00e7\u00e3o e iniciativas para todos Desporto","robots":{"index":"index","follow":"follow","max-snippet":"max-snippet:-1","max-image-preview":"max-image-preview:large","max-video-preview":"max-video-preview:-1"},"canonical":"https:\/\/algarve7.pt\/index.php\/2026\/04\/portimao-vive-em-maio-um-mes-de-elite-desportiva-formacao-e-iniciativas-para-todos\/desporto\/12\/22\/","og_locale":"pt_PT","og_type":"article","og_title":"Portim\u00e3o vive em maio um m\u00eas de elite desportiva, forma\u00e7\u00e3o e iniciativas para todos - Algarve 7","og_description":"Portim\u00e3o vive em maio um m\u00eas de elite desportiva, forma\u00e7\u00e3o e iniciativas para todos Desporto","og_url":"https:\/\/algarve7.pt\/index.php\/2026\/04\/portimao-vive-em-maio-um-mes-de-elite-desportiva-formacao-e-iniciativas-para-todos\/desporto\/12\/22\/","og_site_name":"Algarve 7","article_publisher":"https:\/\/www.facebook.com\/algarve7","article_author":"https:\/\/www.facebook.com\/algarve7","article_published_time":"2026-04-30T11:22:07+00:00","article_modified_time":"2026-04-30T11:22:12+00:00","og_image":[{"width":800,"height":445,"url":"https:\/\/algarve7.pt\/wp-content\/uploads\/2026\/04\/Beach-Travels-Voleybool-Camp.jpg","type":"image\/jpeg"}],"author":"Algarve 7","twitter_card":"summary_large_image","twitter_creator":"@Algarvesete","twitter_site":"@Algarvesete","twitter_misc":{"Escrito por":"Algarve 7","Tempo estimado de leitura":"6 minutos"},"schema":{"@context":"https:\/\/schema.org","@graph":[{"@type":"Article","@id":"https:\/\/algarve7.pt\/index.php\/2026\/04\/portimao-vive-em-maio-um-mes-de-elite-desportiva-formacao-e-iniciativas-para-todos\/desporto\/12\/22\/#article","isPartOf":{"@id":"https:\/\/algarve7.pt\/index.php\/2026\/04\/portimao-vive-em-maio-um-mes-de-elite-desportiva-formacao-e-iniciativas-para-todos\/desporto\/12\/22\/"},"author":{"name":"Algarve 7","@id":"https:\/\/algarve7.pt\/#\/schema\/person\/23fa70681308e7b319a3204bcea45e0c"},"headline":"Portim\u00e3o vive em maio um m\u00eas de elite desportiva, forma\u00e7\u00e3o e iniciativas para todos","datePublished":"2026-04-30T11:22:07+00:00","dateModified":"2026-04-30T11:22:12+00:00","mainEntityOfPage":{"@id":"https:\/\/algarve7.pt\/index.php\/2026\/04\/portimao-vive-em-maio-um-mes-de-elite-desportiva-formacao-e-iniciativas-para-todos\/desporto\/12\/22\/"},"wordCount":1158,"publisher":{"@id":"https:\/\/algarve7.pt\/#organization"},"image":{"@id":"https:\/\/algarve7.pt\/index.php\/2026\/04\/portimao-vive-em-maio-um-mes-de-elite-desportiva-formacao-e-iniciativas-para-todos\/desporto\/12\/22\/#primaryimage"},"thumbnailUrl":"https:\/\/algarve7.pt\/wp-content\/uploads\/2026\/04\/Beach-Travels-Voleybool-Camp.jpg","keywords":["Algarve","Desporto","Portim\u00e3o"],"articleSection":["Desporto"],"inLanguage":"pt-PT"},{"@type":"WebPage","@id":"https:\/\/algarve7.pt\/index.php\/2026\/04\/portimao-vive-em-maio-um-mes-de-elite-desportiva-formacao-e-iniciativas-para-todos\/desporto\/12\/22\/","url":"https:\/\/algarve7.pt\/index.php\/2026\/04\/portimao-vive-em-maio-um-mes-de-elite-desportiva-formacao-e-iniciativas-para-todos\/desporto\/12\/22\/","name":"Portim\u00e3o vive em maio um m\u00eas de elite desportiva, forma\u00e7\u00e3o e iniciativas para todos - Algarve 7","isPartOf":{"@id":"https:\/\/algarve7.pt\/#website"},"primaryImageOfPage":{"@id":"https:\/\/algarve7.pt\/index.php\/2026\/04\/portimao-vive-em-maio-um-mes-de-elite-desportiva-formacao-e-iniciativas-para-todos\/desporto\/12\/22\/#primaryimage"},"image":{"@id":"https:\/\/algarve7.pt\/index.php\/2026\/04\/portimao-vive-em-maio-um-mes-de-elite-desportiva-formacao-e-iniciativas-para-todos\/desporto\/12\/22\/#primaryimage"},"thumbnailUrl":"https:\/\/algarve7.pt\/wp-content\/uploads\/2026\/04\/Beach-Travels-Voleybool-Camp.jpg","datePublished":"2026-04-30T11:22:07+00:00","dateModified":"2026-04-30T11:22:12+00:00","description":"Portim\u00e3o vive em maio um m\u00eas de elite desportiva, forma\u00e7\u00e3o e iniciativas para todos Desporto","breadcrumb":{"@id":"https:\/\/algarve7.pt\/index.php\/2026\/04\/portimao-vive-em-maio-um-mes-de-elite-desportiva-formacao-e-iniciativas-para-todos\/desporto\/12\/22\/#breadcrumb"},"inLanguage":"pt-PT","potentialAction":[{"@type":"ReadAction","target":["https:\/\/algarve7.pt\/index.php\/2026\/04\/portimao-vive-em-maio-um-mes-de-elite-desportiva-formacao-e-iniciativas-para-todos\/desporto\/12\/22\/"]}]},{"@type":"ImageObject","inLanguage":"pt-PT","@id":"https:\/\/algarve7.pt\/index.php\/2026\/04\/portimao-vive-em-maio-um-mes-de-elite-desportiva-formacao-e-iniciativas-para-todos\/desporto\/12\/22\/#primaryimage","url":"https:\/\/algarve7.pt\/wp-content\/uploads\/2026\/04\/Beach-Travels-Voleybool-Camp.jpg","contentUrl":"https:\/\/algarve7.pt\/wp-content\/uploads\/2026\/04\/Beach-Travels-Voleybool-Camp.jpg","width":800,"height":445},{"@type":"BreadcrumbList","@id":"https:\/\/algarve7.pt\/index.php\/2026\/04\/portimao-vive-em-maio-um-mes-de-elite-desportiva-formacao-e-iniciativas-para-todos\/desporto\/12\/22\/#breadcrumb","itemListElement":[{"@type":"ListItem","position":1,"name":"In\u00edcio","item":"https:\/\/algarve7.pt\/"},{"@type":"ListItem","position":2,"name":"Portim\u00e3o vive em maio um m\u00eas de elite desportiva, forma\u00e7\u00e3o e iniciativas para todos"}]},{"@type":"WebSite","@id":"https:\/\/algarve7.pt\/#website","url":"https:\/\/algarve7.pt\/","name":"Algarve 7","description":"Informa\u00e7\u00e3o sobre o Algarve","publisher":{"@id":"https:\/\/algarve7.pt\/#organization"},"potentialAction":[{"@type":"SearchAction","target":{"@type":"EntryPoint","urlTemplate":"https:\/\/algarve7.pt\/?s={search_term_string}"},"query-input":{"@type":"PropertyValueSpecification","valueRequired":true,"valueName":"search_term_string"}}],"inLanguage":"pt-PT"},{"@type":"Organization","@id":"https:\/\/algarve7.pt\/#organization","name":"Algarve 7","url":"https:\/\/algarve7.pt\/","logo":{"@type":"ImageObject","inLanguage":"pt-PT","@id":"https:\/\/algarve7.pt\/#\/schema\/logo\/image\/","url":"https:\/\/algarve7.pt\/wp-content\/uploads\/2020\/10\/Logo-8.jpg","contentUrl":"https:\/\/algarve7.pt\/wp-content\/uploads\/2020\/10\/Logo-8.jpg","width":1680,"height":1186,"caption":"Algarve 7"},"image":{"@id":"https:\/\/algarve7.pt\/#\/schema\/logo\/image\/"},"sameAs":["https:\/\/www.facebook.com\/algarve7","https:\/\/x.com\/Algarvesete","https:\/\/www.instagram.com\/jornalalgarve7\/","https:\/\/www.linkedin.com\/company\/algarve7","https:\/\/www.pinterest.pt\/geral0939\/_created\/"]},{"@type":"Person","@id":"https:\/\/algarve7.pt\/#\/schema\/person\/23fa70681308e7b319a3204bcea45e0c","name":"Algarve 7","sameAs":["https:\/\/algarve7.pt","https:\/\/www.facebook.com\/algarve7"],"url":"https:\/\/algarve7.pt\/index.php\/author\/geralalgarve7-pt\/"}]}},"jetpack_publicize_connections":[],"jetpack_featured_media_url":"https:\/\/algarve7.pt\/wp-content\/uploads\/2026\/04\/Beach-Travels-Voleybool-Camp.jpg","jetpack_shortlink":"https:\/\/wp.me\/pcezmW-g3b","jetpack_sharing_enabled":true,"_links":{"self":[{"href":"https:\/\/algarve7.pt\/index.php\/wp-json\/wp\/v2\/posts\/61701","targetHints":{"allow":["GET"]}}],"collection":[{"href":"https:\/\/algarve7.pt\/index.php\/wp-json\/wp\/v2\/posts"}],"about":[{"href":"https:\/\/algarve7.pt\/index.php\/wp-json\/wp\/v2\/types\/post"}],"author":[{"embeddable":true,"href":"https:\/\/algarve7.pt\/index.php\/wp-json\/wp\/v2\/users\/1"}],"replies":[{"embeddable":true,"href":"https:\/\/algarve7.pt\/index.php\/wp-json\/wp\/v2\/comments?post=61701"}],"version-history":[{"count":1,"href":"https:\/\/algarve7.pt\/index.php\/wp-json\/wp\/v2\/posts\/61701\/revisions"}],"predecessor-version":[{"id":61703,"href":"https:\/\/algarve7.pt\/index.php\/wp-json\/wp\/v2\/posts\/61701\/revisions\/61703"}],"wp:featuredmedia":[{"embeddable":true,"href":"https:\/\/algarve7.pt\/index.php\/wp-json\/wp\/v2\/media\/61702"}],"wp:attachment":[{"href":"https:\/\/algarve7.pt\/index.php\/wp-json\/wp\/v2\/media?parent=61701"}],"wp:term":[{"taxonomy":"category","embeddable":true,"href":"https:\/\/algarve7.pt\/index.php\/wp-json\/wp\/v2\/categories?post=61701"},{"taxonomy":"post_tag","embeddable":true,"href":"https:\/\/algarve7.pt\/index.php\/wp-json\/wp\/v2\/tags?post=61701"}],"curies":[{"name":"wp","href":"https:\/\/api.w.org\/{rel}","templated":true}]}}