{"id":61691,"date":"2026-04-29T10:55:34","date_gmt":"2026-04-29T09:55:34","guid":{"rendered":"https:\/\/algarve7.pt\/?p=61691"},"modified":"2026-04-29T10:55:43","modified_gmt":"2026-04-29T09:55:43","slug":"assembleia-intermunicipal-reuniu-se-em-faro","status":"publish","type":"post","link":"https:\/\/algarve7.pt\/index.php\/2026\/04\/assembleia-intermunicipal-reuniu-se-em-faro\/atualidade\/10\/55\/","title":{"rendered":"Assembleia Intermunicipal reuniu-se em Faro\u00a0"},"content":{"rendered":"\n<p><strong>Foi a primeira sess\u00e3o de 2026, da Assembleia Intermunicipal do Algarve, e decorreu no Munic\u00edpio de Faro. Na reuni\u00e3o, foram aprovados os Documentos de Presta\u00e7\u00e3o de Contas de 2025 da AMAL e a 1\u00aa Revis\u00e3o ao Or\u00e7amento e Grandes Op\u00e7\u00f5es do Plano para este ano. A CDU viu, tamb\u00e9m, aprovadas uma Mo\u00e7\u00e3o e uma Sauda\u00e7\u00e3o.<\/strong><strong><\/strong><\/p>\n\n\n\n<p>A sess\u00e3o decorreu na segunda-feira, 27 de abril, no Audit\u00f3rio da CCDR Algarve, e contou com a presen\u00e7a de 56 dos 58 membros que integram este \u00f3rg\u00e3o da AMAL.&nbsp;&nbsp;<\/p>\n\n\n\n<p>No Per\u00edodo de antes da Ordem do dia, o Presidente do Conselho Intermunicipal prestou esclarecimentos sobre quest\u00f5es levantadas por alguns deputados intermunicipais, relacionadas com o funcionamento da Algar e dos res\u00edduos, com a mobilidade no Algarve (e a indisponibilidade da CP em integrar, at\u00e9 ao momento, o Passe Intermodal em que a AMAL est\u00e1 a trabalhar) e sobre o desenrolar e o timing das obras na A22, que, apesar de n\u00e3o serem compet\u00eancia da AMAL, Ant\u00f3nio Pina, presidente da Comunidade Intermunicipal, concordou com o facto de representarem, na altura do ver\u00e3o, variados constrangimentos ao tr\u00e2nsito (at\u00e9 porque, inicialmente, foi anunciado que essas obras iriam decorrer no per\u00edodo noturno, para minimizar poss\u00edveis perturba\u00e7\u00f5es).&nbsp;<\/p>\n\n\n\n<p>J\u00e1 no Per\u00edodo da Ordem do Dia, foram apreciados e discutidos dois documentos apresentados pelo grupo de deputados intermunicipais da CDU: a Mo\u00e7\u00e3o&nbsp;<em>\u201cO 52.\u00ba anivers\u00e1rio da Revolu\u00e7\u00e3o &#8211; Comemorar Abril, afirmar e valorizar o Poder Local Democr\u00e1tico<\/em>\u201d e a Sauda\u00e7\u00e3o&nbsp;<em>\u201c50 Anos da Constitui\u00e7\u00e3o da Rep\u00fablica Portuguesa\u201d.&nbsp;<\/em>Ambos os documentos foram aprovados por maioria (com 18 absten\u00e7\u00f5es e 9 votos contra).&nbsp;<\/p>\n\n\n\n<p>Na reuni\u00e3o, foram, igualmente, aprovados, por maioria, os&nbsp;Documentos de Presta\u00e7\u00e3o de Contas do ano de 2025 e a&nbsp;1.\u00aa Revis\u00e3o \u00e0s GOP e Or\u00e7amento 2026 da AMAL. A 1.\u00aa Altera\u00e7\u00e3o ao Plano de Recrutamento e a 1.\u00aa Altera\u00e7\u00e3o ao Mapa de Pessoal relativos a este ano foram aprovados por unanimidade.<\/p>\n\n\n\n<p>O Primeiro-Secret\u00e1rio da AMAL, Joaquim Brand\u00e3o Pires, deu conta da atividade da Comunidade Intermunicipal do Algarve nos \u00faltimos meses. Destacou as \u00e1reas que a AMAL tem como priorit\u00e1rias este ano, nomeadamente a \u00e1rea da Mobilidade (enquanto Autoridade de Transportes a n\u00edvel regional para a vertente rodovi\u00e1ria), os Passes\/t\u00edtulos dispon\u00edveis e o Concurso Internacional para a nova concess\u00e3o do&nbsp;Servi\u00e7o P\u00fablico de Transporte Rodovi\u00e1rio de Passageiros: VAMUS Algarve. Foi, igualmente, focada a quest\u00e3o da A\u00e7\u00e3o&nbsp;Clim\u00e1tica a n\u00edvel municipal e regional,&nbsp;o PIPSE\u25cfALGARVE&nbsp;(Plano Intermunicipal de Promo\u00e7\u00e3o do Sucesso Escolar) e o Plano de Desenvolvimento Social do Algarve.&nbsp;<\/p>\n\n\n\n<p>O Presidente da Assembleia Intermunicipal, Francisco Amaral, terminou a sess\u00e3o informando que ser\u00e1 constitu\u00edda uma comiss\u00e3o&nbsp;para a elabora\u00e7\u00e3o do projeto de um novo e atualizado Regimento da Assembleia Intermunicipal, para o mandato 20252029.&nbsp;<\/p>\n\n\n\n<p>As sess\u00f5es ordin\u00e1rias da Assembleia Intermunicipal da AMAL realizam-se duas vezes por ano, sendo que a pr\u00f3xima dever\u00e1 acontecer em dezembro.&nbsp;&nbsp;<\/p>\n\n\n\n<p>Consulte aqui o conte\u00fado dos documentos da CDU aprovados&nbsp;<\/p>\n\n\n\n<p><a href=\"https:\/\/amal.pt\/comunicacao\/1186-assembleia-intermunicipal-reuniu-se-em-faro\">(<\/a><a href=\"https:\/\/amal.pt\/comunicacao\/1186-assembleia-intermunicipal-reuniu-se-em-faro\">https:\/\/amal.pt\/comunicacao\/1186<\/a><a href=\"https:\/\/amal.pt\/comunicacao\/1186-assembleia-intermunicipal-reuniu-se-em-faro\">&#8211;<\/a><a href=\"https:\/\/amal.pt\/comunicacao\/1186-assembleia-intermunicipal-reuniu-se-em-faro\">assembleia<\/a><a href=\"https:\/\/amal.pt\/comunicacao\/1186-assembleia-intermunicipal-reuniu-se-em-faro\">&#8211;<\/a><a href=\"https:\/\/amal.pt\/comunicacao\/1186-assembleia-intermunicipal-reuniu-se-em-faro\">intermunicipal<\/a><a href=\"https:\/\/amal.pt\/comunicacao\/1186-assembleia-intermunicipal-reuniu-se-em-faro\">&#8211;<\/a><a href=\"https:\/\/amal.pt\/comunicacao\/1186-assembleia-intermunicipal-reuniu-se-em-faro\">reuniu<\/a><a href=\"https:\/\/amal.pt\/comunicacao\/1186-assembleia-intermunicipal-reuniu-se-em-faro\">&#8211;<\/a><a href=\"https:\/\/amal.pt\/comunicacao\/1186-assembleia-intermunicipal-reuniu-se-em-faro\">se<\/a><a href=\"https:\/\/amal.pt\/comunicacao\/1186-assembleia-intermunicipal-reuniu-se-em-faro\">&#8211;<\/a><a href=\"https:\/\/amal.pt\/comunicacao\/1186-assembleia-intermunicipal-reuniu-se-em-faro\">em<\/a><a href=\"https:\/\/amal.pt\/comunicacao\/1186-assembleia-intermunicipal-reuniu-se-em-faro\">&#8211;<\/a><a href=\"https:\/\/amal.pt\/comunicacao\/1186-assembleia-intermunicipal-reuniu-se-em-faro\">faro<\/a><a href=\"https:\/\/amal.pt\/comunicacao\/1186-assembleia-intermunicipal-reuniu-se-em-faro\">)<\/a>:&nbsp;<\/p>\n\n\n\n<ul class=\"wp-block-list\">\n<li><strong>MO\u00c7\u00c3O<\/strong><em>\u00a0<\/em><em>&#8211; \u201cO 52.\u00ba anivers\u00e1rio da Revolu\u00e7\u00e3o &#8211; Comemorar Abril, afirmar e valorizar o\u00a0<\/em><\/li>\n<\/ul>\n\n\n\n<p><em>Poder Local Democr\u00e1tico<\/em>\u201d<\/p>\n\n\n\n<ul class=\"wp-block-list\">\n<li><strong>SAUDA\u00c7\u00c3O<\/strong>\u00a0&#8211;<em>\u201c50 Anos da Constitui\u00e7\u00e3o da Rep\u00fablica Portuguesa\u201d.<\/em><\/li>\n<\/ul>\n\n\n\n<p>A Assembleia Intermunicipal da AMAL \u00e9 constitu\u00edda por 58 membros, eleitos por cada uma das assembleias municipais dos 16 munic\u00edpios. Tem como principais compet\u00eancias: a aprova\u00e7\u00e3o das op\u00e7\u00f5es do plano e do or\u00e7amento, a aprecia\u00e7\u00e3o e vota\u00e7\u00e3o dos documentos de presta\u00e7\u00e3o de contas, a elei\u00e7\u00e3o do secretariado executivo intermunicipal e delibera\u00e7\u00e3o sobre todos os assuntos que visem a prossecu\u00e7\u00e3o dos interesses pr\u00f3prios da Comunidade Intermunicipal.&nbsp;<\/p>\n","protected":false},"excerpt":{"rendered":"<p>Foi a primeira sess\u00e3o de 2026, da Assembleia Intermunicipal do Algarve, e decorreu no Munic\u00edpio de Faro. Na reuni\u00e3o, foram<\/p>\n","protected":false},"author":1,"featured_media":61692,"comment_status":"closed","ping_status":"closed","sticky":false,"template":"","format":"standard","meta":{"colormag_page_container_layout":"default_layout","colormag_page_sidebar_layout":"default_layout","_monsterinsights_skip_tracking":false,"_monsterinsights_sitenote_active":false,"_monsterinsights_sitenote_note":"","_monsterinsights_sitenote_category":0,"jetpack_post_was_ever_published":false,"_jetpack_newsletter_access":"","_jetpack_dont_email_post_to_subs":false,"_jetpack_newsletter_tier_id":0,"_jetpack_memberships_contains_paywalled_content":false,"_jetpack_memberships_contains_paid_content":false,"footnotes":"","jetpack_publicize_message":"","jetpack_publicize_feature_enabled":true,"jetpack_social_post_already_shared":true,"jetpack_social_options":{"image_generator_settings":{"template":"highway","default_image_id":0,"font":"","enabled":false},"version":2}},"categories":[11],"tags":[36,207,62,57],"class_list":["post-61691","post","type-post","status-publish","format-standard","has-post-thumbnail","hentry","category-atualidade","tag-algarve","tag-amal","tag-atualidade","tag-faro"],"yoast_head":"<!-- This site is optimized with the Yoast SEO plugin v27.5 - https:\/\/yoast.com\/product\/yoast-seo-wordpress\/ -->\n<title>Assembleia Intermunicipal reuniu-se em Faro\u00a0 - Algarve 7<\/title>\n<meta name=\"description\" content=\"Assembleia Intermunicipal reuniu-se em Faro\u00a0 Atualidade\" \/>\n<meta name=\"robots\" content=\"index, follow, max-snippet:-1, max-image-preview:large, max-video-preview:-1\" \/>\n<link rel=\"canonical\" href=\"https:\/\/algarve7.pt\/index.php\/2026\/04\/assembleia-intermunicipal-reuniu-se-em-faro\/atualidade\/10\/55\/\" \/>\n<meta property=\"og:locale\" content=\"pt_PT\" \/>\n<meta property=\"og:type\" content=\"article\" \/>\n<meta property=\"og:title\" content=\"Assembleia Intermunicipal reuniu-se em Faro\u00a0 - Algarve 7\" \/>\n<meta property=\"og:description\" content=\"Assembleia Intermunicipal reuniu-se em Faro\u00a0 Atualidade\" \/>\n<meta property=\"og:url\" content=\"https:\/\/algarve7.pt\/index.php\/2026\/04\/assembleia-intermunicipal-reuniu-se-em-faro\/atualidade\/10\/55\/\" \/>\n<meta property=\"og:site_name\" content=\"Algarve 7\" \/>\n<meta property=\"article:publisher\" content=\"https:\/\/www.facebook.com\/algarve7\" \/>\n<meta property=\"article:author\" content=\"https:\/\/www.facebook.com\/algarve7\" \/>\n<meta property=\"article:published_time\" content=\"2026-04-29T09:55:34+00:00\" \/>\n<meta property=\"article:modified_time\" content=\"2026-04-29T09:55:43+00:00\" \/>\n<meta property=\"og:image\" content=\"https:\/\/algarve7.pt\/wp-content\/uploads\/2026\/04\/MESA-da-SESSAO.jpg\" \/>\n\t<meta property=\"og:image:width\" content=\"800\" \/>\n\t<meta property=\"og:image:height\" content=\"445\" \/>\n\t<meta property=\"og:image:type\" content=\"image\/jpeg\" \/>\n<meta name=\"author\" content=\"Algarve 7\" \/>\n<meta name=\"twitter:card\" content=\"summary_large_image\" \/>\n<meta name=\"twitter:creator\" content=\"@Algarvesete\" \/>\n<meta name=\"twitter:site\" content=\"@Algarvesete\" \/>\n<meta name=\"twitter:label1\" content=\"Escrito por\" \/>\n\t<meta name=\"twitter:data1\" content=\"Algarve 7\" \/>\n\t<meta name=\"twitter:label2\" content=\"Tempo estimado de leitura\" \/>\n\t<meta name=\"twitter:data2\" content=\"4 minutos\" \/>\n<script type=\"application\/ld+json\" class=\"yoast-schema-graph\">{\"@context\":\"https:\\\/\\\/schema.org\",\"@graph\":[{\"@type\":\"Article\",\"@id\":\"https:\\\/\\\/algarve7.pt\\\/index.php\\\/2026\\\/04\\\/assembleia-intermunicipal-reuniu-se-em-faro\\\/atualidade\\\/10\\\/55\\\/#article\",\"isPartOf\":{\"@id\":\"https:\\\/\\\/algarve7.pt\\\/index.php\\\/2026\\\/04\\\/assembleia-intermunicipal-reuniu-se-em-faro\\\/atualidade\\\/10\\\/55\\\/\"},\"author\":{\"name\":\"Algarve 7\",\"@id\":\"https:\\\/\\\/algarve7.pt\\\/#\\\/schema\\\/person\\\/23fa70681308e7b319a3204bcea45e0c\"},\"headline\":\"Assembleia Intermunicipal reuniu-se em Faro\u00a0\",\"datePublished\":\"2026-04-29T09:55:34+00:00\",\"dateModified\":\"2026-04-29T09:55:43+00:00\",\"mainEntityOfPage\":{\"@id\":\"https:\\\/\\\/algarve7.pt\\\/index.php\\\/2026\\\/04\\\/assembleia-intermunicipal-reuniu-se-em-faro\\\/atualidade\\\/10\\\/55\\\/\"},\"wordCount\":668,\"publisher\":{\"@id\":\"https:\\\/\\\/algarve7.pt\\\/#organization\"},\"image\":{\"@id\":\"https:\\\/\\\/algarve7.pt\\\/index.php\\\/2026\\\/04\\\/assembleia-intermunicipal-reuniu-se-em-faro\\\/atualidade\\\/10\\\/55\\\/#primaryimage\"},\"thumbnailUrl\":\"https:\\\/\\\/algarve7.pt\\\/wp-content\\\/uploads\\\/2026\\\/04\\\/MESA-da-SESSAO.jpg\",\"keywords\":[\"Algarve\",\"Amal\",\"Atualidade\",\"Faro\"],\"articleSection\":[\"Atualidade\"],\"inLanguage\":\"pt-PT\"},{\"@type\":\"WebPage\",\"@id\":\"https:\\\/\\\/algarve7.pt\\\/index.php\\\/2026\\\/04\\\/assembleia-intermunicipal-reuniu-se-em-faro\\\/atualidade\\\/10\\\/55\\\/\",\"url\":\"https:\\\/\\\/algarve7.pt\\\/index.php\\\/2026\\\/04\\\/assembleia-intermunicipal-reuniu-se-em-faro\\\/atualidade\\\/10\\\/55\\\/\",\"name\":\"Assembleia Intermunicipal reuniu-se em Faro\u00a0 - Algarve 7\",\"isPartOf\":{\"@id\":\"https:\\\/\\\/algarve7.pt\\\/#website\"},\"primaryImageOfPage\":{\"@id\":\"https:\\\/\\\/algarve7.pt\\\/index.php\\\/2026\\\/04\\\/assembleia-intermunicipal-reuniu-se-em-faro\\\/atualidade\\\/10\\\/55\\\/#primaryimage\"},\"image\":{\"@id\":\"https:\\\/\\\/algarve7.pt\\\/index.php\\\/2026\\\/04\\\/assembleia-intermunicipal-reuniu-se-em-faro\\\/atualidade\\\/10\\\/55\\\/#primaryimage\"},\"thumbnailUrl\":\"https:\\\/\\\/algarve7.pt\\\/wp-content\\\/uploads\\\/2026\\\/04\\\/MESA-da-SESSAO.jpg\",\"datePublished\":\"2026-04-29T09:55:34+00:00\",\"dateModified\":\"2026-04-29T09:55:43+00:00\",\"description\":\"Assembleia Intermunicipal reuniu-se em Faro\u00a0 Atualidade\",\"breadcrumb\":{\"@id\":\"https:\\\/\\\/algarve7.pt\\\/index.php\\\/2026\\\/04\\\/assembleia-intermunicipal-reuniu-se-em-faro\\\/atualidade\\\/10\\\/55\\\/#breadcrumb\"},\"inLanguage\":\"pt-PT\",\"potentialAction\":[{\"@type\":\"ReadAction\",\"target\":[\"https:\\\/\\\/algarve7.pt\\\/index.php\\\/2026\\\/04\\\/assembleia-intermunicipal-reuniu-se-em-faro\\\/atualidade\\\/10\\\/55\\\/\"]}]},{\"@type\":\"ImageObject\",\"inLanguage\":\"pt-PT\",\"@id\":\"https:\\\/\\\/algarve7.pt\\\/index.php\\\/2026\\\/04\\\/assembleia-intermunicipal-reuniu-se-em-faro\\\/atualidade\\\/10\\\/55\\\/#primaryimage\",\"url\":\"https:\\\/\\\/algarve7.pt\\\/wp-content\\\/uploads\\\/2026\\\/04\\\/MESA-da-SESSAO.jpg\",\"contentUrl\":\"https:\\\/\\\/algarve7.pt\\\/wp-content\\\/uploads\\\/2026\\\/04\\\/MESA-da-SESSAO.jpg\",\"width\":800,\"height\":445},{\"@type\":\"BreadcrumbList\",\"@id\":\"https:\\\/\\\/algarve7.pt\\\/index.php\\\/2026\\\/04\\\/assembleia-intermunicipal-reuniu-se-em-faro\\\/atualidade\\\/10\\\/55\\\/#breadcrumb\",\"itemListElement\":[{\"@type\":\"ListItem\",\"position\":1,\"name\":\"In\u00edcio\",\"item\":\"https:\\\/\\\/algarve7.pt\\\/\"},{\"@type\":\"ListItem\",\"position\":2,\"name\":\"Assembleia Intermunicipal reuniu-se em Faro\u00a0\"}]},{\"@type\":\"WebSite\",\"@id\":\"https:\\\/\\\/algarve7.pt\\\/#website\",\"url\":\"https:\\\/\\\/algarve7.pt\\\/\",\"name\":\"Algarve 7\",\"description\":\"Informa\u00e7\u00e3o sobre o Algarve\",\"publisher\":{\"@id\":\"https:\\\/\\\/algarve7.pt\\\/#organization\"},\"potentialAction\":[{\"@type\":\"SearchAction\",\"target\":{\"@type\":\"EntryPoint\",\"urlTemplate\":\"https:\\\/\\\/algarve7.pt\\\/?s={search_term_string}\"},\"query-input\":{\"@type\":\"PropertyValueSpecification\",\"valueRequired\":true,\"valueName\":\"search_term_string\"}}],\"inLanguage\":\"pt-PT\"},{\"@type\":\"Organization\",\"@id\":\"https:\\\/\\\/algarve7.pt\\\/#organization\",\"name\":\"Algarve 7\",\"url\":\"https:\\\/\\\/algarve7.pt\\\/\",\"logo\":{\"@type\":\"ImageObject\",\"inLanguage\":\"pt-PT\",\"@id\":\"https:\\\/\\\/algarve7.pt\\\/#\\\/schema\\\/logo\\\/image\\\/\",\"url\":\"https:\\\/\\\/algarve7.pt\\\/wp-content\\\/uploads\\\/2020\\\/10\\\/Logo-8.jpg\",\"contentUrl\":\"https:\\\/\\\/algarve7.pt\\\/wp-content\\\/uploads\\\/2020\\\/10\\\/Logo-8.jpg\",\"width\":1680,\"height\":1186,\"caption\":\"Algarve 7\"},\"image\":{\"@id\":\"https:\\\/\\\/algarve7.pt\\\/#\\\/schema\\\/logo\\\/image\\\/\"},\"sameAs\":[\"https:\\\/\\\/www.facebook.com\\\/algarve7\",\"https:\\\/\\\/x.com\\\/Algarvesete\",\"https:\\\/\\\/www.instagram.com\\\/jornalalgarve7\\\/\",\"https:\\\/\\\/www.linkedin.com\\\/company\\\/algarve7\",\"https:\\\/\\\/www.pinterest.pt\\\/geral0939\\\/_created\\\/\"]},{\"@type\":\"Person\",\"@id\":\"https:\\\/\\\/algarve7.pt\\\/#\\\/schema\\\/person\\\/23fa70681308e7b319a3204bcea45e0c\",\"name\":\"Algarve 7\",\"sameAs\":[\"https:\\\/\\\/algarve7.pt\",\"https:\\\/\\\/www.facebook.com\\\/algarve7\"],\"url\":\"https:\\\/\\\/algarve7.pt\\\/index.php\\\/author\\\/geralalgarve7-pt\\\/\"}]}<\/script>\n<!-- \/ Yoast SEO plugin. -->","yoast_head_json":{"title":"Assembleia Intermunicipal reuniu-se em Faro\u00a0 - Algarve 7","description":"Assembleia Intermunicipal reuniu-se em Faro\u00a0 Atualidade","robots":{"index":"index","follow":"follow","max-snippet":"max-snippet:-1","max-image-preview":"max-image-preview:large","max-video-preview":"max-video-preview:-1"},"canonical":"https:\/\/algarve7.pt\/index.php\/2026\/04\/assembleia-intermunicipal-reuniu-se-em-faro\/atualidade\/10\/55\/","og_locale":"pt_PT","og_type":"article","og_title":"Assembleia Intermunicipal reuniu-se em Faro\u00a0 - Algarve 7","og_description":"Assembleia Intermunicipal reuniu-se em Faro\u00a0 Atualidade","og_url":"https:\/\/algarve7.pt\/index.php\/2026\/04\/assembleia-intermunicipal-reuniu-se-em-faro\/atualidade\/10\/55\/","og_site_name":"Algarve 7","article_publisher":"https:\/\/www.facebook.com\/algarve7","article_author":"https:\/\/www.facebook.com\/algarve7","article_published_time":"2026-04-29T09:55:34+00:00","article_modified_time":"2026-04-29T09:55:43+00:00","og_image":[{"width":800,"height":445,"url":"https:\/\/algarve7.pt\/wp-content\/uploads\/2026\/04\/MESA-da-SESSAO.jpg","type":"image\/jpeg"}],"author":"Algarve 7","twitter_card":"summary_large_image","twitter_creator":"@Algarvesete","twitter_site":"@Algarvesete","twitter_misc":{"Escrito por":"Algarve 7","Tempo estimado de leitura":"4 minutos"},"schema":{"@context":"https:\/\/schema.org","@graph":[{"@type":"Article","@id":"https:\/\/algarve7.pt\/index.php\/2026\/04\/assembleia-intermunicipal-reuniu-se-em-faro\/atualidade\/10\/55\/#article","isPartOf":{"@id":"https:\/\/algarve7.pt\/index.php\/2026\/04\/assembleia-intermunicipal-reuniu-se-em-faro\/atualidade\/10\/55\/"},"author":{"name":"Algarve 7","@id":"https:\/\/algarve7.pt\/#\/schema\/person\/23fa70681308e7b319a3204bcea45e0c"},"headline":"Assembleia Intermunicipal reuniu-se em Faro\u00a0","datePublished":"2026-04-29T09:55:34+00:00","dateModified":"2026-04-29T09:55:43+00:00","mainEntityOfPage":{"@id":"https:\/\/algarve7.pt\/index.php\/2026\/04\/assembleia-intermunicipal-reuniu-se-em-faro\/atualidade\/10\/55\/"},"wordCount":668,"publisher":{"@id":"https:\/\/algarve7.pt\/#organization"},"image":{"@id":"https:\/\/algarve7.pt\/index.php\/2026\/04\/assembleia-intermunicipal-reuniu-se-em-faro\/atualidade\/10\/55\/#primaryimage"},"thumbnailUrl":"https:\/\/algarve7.pt\/wp-content\/uploads\/2026\/04\/MESA-da-SESSAO.jpg","keywords":["Algarve","Amal","Atualidade","Faro"],"articleSection":["Atualidade"],"inLanguage":"pt-PT"},{"@type":"WebPage","@id":"https:\/\/algarve7.pt\/index.php\/2026\/04\/assembleia-intermunicipal-reuniu-se-em-faro\/atualidade\/10\/55\/","url":"https:\/\/algarve7.pt\/index.php\/2026\/04\/assembleia-intermunicipal-reuniu-se-em-faro\/atualidade\/10\/55\/","name":"Assembleia Intermunicipal reuniu-se em Faro\u00a0 - Algarve 7","isPartOf":{"@id":"https:\/\/algarve7.pt\/#website"},"primaryImageOfPage":{"@id":"https:\/\/algarve7.pt\/index.php\/2026\/04\/assembleia-intermunicipal-reuniu-se-em-faro\/atualidade\/10\/55\/#primaryimage"},"image":{"@id":"https:\/\/algarve7.pt\/index.php\/2026\/04\/assembleia-intermunicipal-reuniu-se-em-faro\/atualidade\/10\/55\/#primaryimage"},"thumbnailUrl":"https:\/\/algarve7.pt\/wp-content\/uploads\/2026\/04\/MESA-da-SESSAO.jpg","datePublished":"2026-04-29T09:55:34+00:00","dateModified":"2026-04-29T09:55:43+00:00","description":"Assembleia Intermunicipal reuniu-se em Faro\u00a0 Atualidade","breadcrumb":{"@id":"https:\/\/algarve7.pt\/index.php\/2026\/04\/assembleia-intermunicipal-reuniu-se-em-faro\/atualidade\/10\/55\/#breadcrumb"},"inLanguage":"pt-PT","potentialAction":[{"@type":"ReadAction","target":["https:\/\/algarve7.pt\/index.php\/2026\/04\/assembleia-intermunicipal-reuniu-se-em-faro\/atualidade\/10\/55\/"]}]},{"@type":"ImageObject","inLanguage":"pt-PT","@id":"https:\/\/algarve7.pt\/index.php\/2026\/04\/assembleia-intermunicipal-reuniu-se-em-faro\/atualidade\/10\/55\/#primaryimage","url":"https:\/\/algarve7.pt\/wp-content\/uploads\/2026\/04\/MESA-da-SESSAO.jpg","contentUrl":"https:\/\/algarve7.pt\/wp-content\/uploads\/2026\/04\/MESA-da-SESSAO.jpg","width":800,"height":445},{"@type":"BreadcrumbList","@id":"https:\/\/algarve7.pt\/index.php\/2026\/04\/assembleia-intermunicipal-reuniu-se-em-faro\/atualidade\/10\/55\/#breadcrumb","itemListElement":[{"@type":"ListItem","position":1,"name":"In\u00edcio","item":"https:\/\/algarve7.pt\/"},{"@type":"ListItem","position":2,"name":"Assembleia Intermunicipal reuniu-se em Faro\u00a0"}]},{"@type":"WebSite","@id":"https:\/\/algarve7.pt\/#website","url":"https:\/\/algarve7.pt\/","name":"Algarve 7","description":"Informa\u00e7\u00e3o sobre o Algarve","publisher":{"@id":"https:\/\/algarve7.pt\/#organization"},"potentialAction":[{"@type":"SearchAction","target":{"@type":"EntryPoint","urlTemplate":"https:\/\/algarve7.pt\/?s={search_term_string}"},"query-input":{"@type":"PropertyValueSpecification","valueRequired":true,"valueName":"search_term_string"}}],"inLanguage":"pt-PT"},{"@type":"Organization","@id":"https:\/\/algarve7.pt\/#organization","name":"Algarve 7","url":"https:\/\/algarve7.pt\/","logo":{"@type":"ImageObject","inLanguage":"pt-PT","@id":"https:\/\/algarve7.pt\/#\/schema\/logo\/image\/","url":"https:\/\/algarve7.pt\/wp-content\/uploads\/2020\/10\/Logo-8.jpg","contentUrl":"https:\/\/algarve7.pt\/wp-content\/uploads\/2020\/10\/Logo-8.jpg","width":1680,"height":1186,"caption":"Algarve 7"},"image":{"@id":"https:\/\/algarve7.pt\/#\/schema\/logo\/image\/"},"sameAs":["https:\/\/www.facebook.com\/algarve7","https:\/\/x.com\/Algarvesete","https:\/\/www.instagram.com\/jornalalgarve7\/","https:\/\/www.linkedin.com\/company\/algarve7","https:\/\/www.pinterest.pt\/geral0939\/_created\/"]},{"@type":"Person","@id":"https:\/\/algarve7.pt\/#\/schema\/person\/23fa70681308e7b319a3204bcea45e0c","name":"Algarve 7","sameAs":["https:\/\/algarve7.pt","https:\/\/www.facebook.com\/algarve7"],"url":"https:\/\/algarve7.pt\/index.php\/author\/geralalgarve7-pt\/"}]}},"jetpack_publicize_connections":[],"jetpack_featured_media_url":"https:\/\/algarve7.pt\/wp-content\/uploads\/2026\/04\/MESA-da-SESSAO.jpg","jetpack_shortlink":"https:\/\/wp.me\/pcezmW-g31","jetpack_sharing_enabled":true,"_links":{"self":[{"href":"https:\/\/algarve7.pt\/index.php\/wp-json\/wp\/v2\/posts\/61691","targetHints":{"allow":["GET"]}}],"collection":[{"href":"https:\/\/algarve7.pt\/index.php\/wp-json\/wp\/v2\/posts"}],"about":[{"href":"https:\/\/algarve7.pt\/index.php\/wp-json\/wp\/v2\/types\/post"}],"author":[{"embeddable":true,"href":"https:\/\/algarve7.pt\/index.php\/wp-json\/wp\/v2\/users\/1"}],"replies":[{"embeddable":true,"href":"https:\/\/algarve7.pt\/index.php\/wp-json\/wp\/v2\/comments?post=61691"}],"version-history":[{"count":1,"href":"https:\/\/algarve7.pt\/index.php\/wp-json\/wp\/v2\/posts\/61691\/revisions"}],"predecessor-version":[{"id":61693,"href":"https:\/\/algarve7.pt\/index.php\/wp-json\/wp\/v2\/posts\/61691\/revisions\/61693"}],"wp:featuredmedia":[{"embeddable":true,"href":"https:\/\/algarve7.pt\/index.php\/wp-json\/wp\/v2\/media\/61692"}],"wp:attachment":[{"href":"https:\/\/algarve7.pt\/index.php\/wp-json\/wp\/v2\/media?parent=61691"}],"wp:term":[{"taxonomy":"category","embeddable":true,"href":"https:\/\/algarve7.pt\/index.php\/wp-json\/wp\/v2\/categories?post=61691"},{"taxonomy":"post_tag","embeddable":true,"href":"https:\/\/algarve7.pt\/index.php\/wp-json\/wp\/v2\/tags?post=61691"}],"curies":[{"name":"wp","href":"https:\/\/api.w.org\/{rel}","templated":true}]}}