{"id":61663,"date":"2026-04-28T18:31:10","date_gmt":"2026-04-28T17:31:10","guid":{"rendered":"https:\/\/algarve7.pt\/?p=61663"},"modified":"2026-04-28T18:31:14","modified_gmt":"2026-04-28T17:31:14","slug":"lagos-recordar-viver-e-continuar-a-construir-abril","status":"publish","type":"post","link":"https:\/\/algarve7.pt\/index.php\/2026\/04\/lagos-recordar-viver-e-continuar-a-construir-abril\/cultura\/18\/31\/","title":{"rendered":"Lagos: Recordar, viver e continuar a construir Abril"},"content":{"rendered":"\n<p>Mais do que apenas evocar ou recordar o 25 de Abril, \u00e9 preciso continuar a afirmar a validade deste projeto coletivo de sociedade e participar na sua permanente constru\u00e7\u00e3o. Esta foi a mensagem dominante nos v\u00e1rios discursos proferidos na Sess\u00e3o Solene do 25 de Abril, que, em Lagos, foi, uma vez mais, realizada em espa\u00e7o p\u00fablico, com a interven\u00e7\u00e3o dos \u00f3rg\u00e3os pol\u00edticos do munic\u00edpio, da Assembleia da Juventude e das coletividades locais.<\/p>\n\n\n\n<p>As comemora\u00e7\u00f5es oficiais desta efem\u00e9ride come\u00e7aram bem cedo, na pra\u00e7a mais central da cidade, com o hastear das bandeiras ao som do hino nacional, interpretado pela Banda Filarm\u00f3nica da Sociedade Lacobrigense 1.\u00ba de Maio e Grupo Coral de Lagos. A largada de pombos pelo Clube Columb\u00f3filo de Odi\u00e1xere, num ato simb\u00f3lico de evoca\u00e7\u00e3o da paz, e a interpreta\u00e7\u00e3o \u201cGr\u00e2ndola Vila Morena\u201d, tema de Zeca Afonso escolhido pelo Movimento das For\u00e7as Armadas como segunda senha da Revolu\u00e7\u00e3o dos Cravos, antecederam as interven\u00e7\u00f5es dos grupos pol\u00edticos com assento na Assembleia Municipal (CDU, LCF, CHEGA, AD e PS).<\/p>\n\n\n\n<p>Coube ao presidente da C\u00e2mara Municipal fechar as interven\u00e7\u00f5es desta cerim\u00f3nia comemorativa, n\u00e3o sem antes fazer um amplo agradecimento \u00e0 Assembleia da Juventude pelo trabalho desenvolvido ao longo do ano letivo, o qual permitiu uma sess\u00e3o de debate bastante viva no dia anterior, assim como \u00e0s coletividades culturais, recreativas, desportivas, IPSS, for\u00e7as de seguran\u00e7a, Bombeiros Volunt\u00e1rios de Lagos, Pol\u00edcia Municipal e demais entidades&nbsp;&nbsp;presentes na pra\u00e7a, que todos os dias trabalham em prol da comunidade. Hugo Pereira dirigiu, ainda, uma mensagem de reconhecimento aos anteriores presidentes de c\u00e2mara, respetivas equipas pol\u00edticas, demais ex-autarcas, servi\u00e7os e trabalhadores municipais pelo trabalho desenvolvido ao longo dos \u00faltimos 50 anos. Recordando o 25 de Abril de 1974 como o dia em que Portugal escolheu a liberdade, em que o povo recuperou a sua voz e nasceu o regime democr\u00e1tico, o autarca lacobrigense lembrou, tamb\u00e9m, que a \u201cDemocracia n\u00e3o \u00e9 um dado adquirido; \u00e9 uma constru\u00e7\u00e3o permanente, exigente, viva e inacabada, que garante a liberdade de express\u00e3o, protege os direitos humanos e respeita a diversidade, se faz com participa\u00e7\u00e3o, responsabilidade e o compromisso de n\u00e3o desperdi\u00e7ar o legado da coragem dos militares e de um povo inteiro que a conquistou\u201d. O presidente da autarquia aproveitou a ocasi\u00e3o para alertar para os riscos, reais e atuais, decorrentes da mudan\u00e7a acelerada e do uso que possa ser feito do avan\u00e7o tecnol\u00f3gico, que tantas possibilidades abre, podendo \u201caproximar-nos ou dividir, informar ou manipular, libertar ou controlar\u201d, pelo que o mesmo \u201cs\u00f3 faz sentido se estiver ao servi\u00e7o da dignidade humana\u201d. A instabilidade internacional, os conflitos e tens\u00f5es, a paz amea\u00e7ada, os discursos divisionistas, o imediatismo&nbsp;&nbsp;em detrimento da reflex\u00e3o e o confronto em substitui\u00e7\u00e3o do di\u00e1logo, foram igualmente mencionados como perigos latentes para a ordem mundial e a sa\u00fade dos regimes democr\u00e1ticos, afirmando, por isso, a necessidade de afirma\u00e7\u00e3o de uma Europa coesa, forte, solid\u00e1ria e imbu\u00edda de uma vis\u00e3o estrat\u00e9gica comum, cujos alicerces come\u00e7am em casa, dentro das fronteiras nacionais, construindo um pa\u00eds mais justo, mais competitivo e mais inclusivo, que valorize o trabalho, o m\u00e9rito e a responsabilidade, para dar substancia real \u00e0 liberdade conquistada. Hugo Pereira lembrou, ainda, a Constitui\u00e7\u00e3o da Rep\u00fablica Portuguesa e o Poder Local Democr\u00e1tico como \u201ctraves-mestras da nossa Democracia\u201d, a primeira por ser o garante dos direitos, liberdades e garantias dos cidad\u00e3os e n\u00e3o um problema, e o segundo por ter sido o motor de aproxima\u00e7\u00e3o da Democracia \u00e0s popula\u00e7\u00f5es, melhorando a vida concreta das pessoas. O autarca concluiu a sua alocu\u00e7\u00e3o referindo-se aos desafios que Lagos enfrenta, entre os quais a habita\u00e7\u00e3o, a prioridade mais urgente, o equil\u00edbrio necess\u00e1rio face \u00e0 press\u00e3o urban\u00edstica e tur\u00edstica, assim como a sustentabilidade ambiental e a preserva\u00e7\u00e3o da identidade hist\u00f3rica e cultural, contando com a participa\u00e7\u00e3o de todas as pessoas &#8211; as que aqui nasceram e as que aqui escolheram viver e trabalhar \u2013 para construir um futuro com mais qualidade de vida e mais oportunidades.<\/p>\n\n\n\n<p>Antes disso j\u00e1 tinham usado da palavra a 1.\u00aa secret\u00e1ria da Assembleia Municipal de Lagos e os representantes dos cinco grupos pol\u00edticos com assento neste \u00f3rg\u00e3o, assim como as bancadas da Assembleia da Juventude.<\/p>\n\n\n\n<p>Em representa\u00e7\u00e3o da presidente da Assembleia Municipal, S\u00f3nia Melo manifestou, tamb\u00e9m ela, a gratid\u00e3o aos capit\u00e3es de Abril e reiterou a responsabilidade que todos temos em honrar a sua coragem: \u201cCabe-nos a n\u00f3s proteger esse legado\u201d. Recordando as palavras de vultos grandes na nossa cultura, como Sophia de Mello Breyner (\u201c<em>Esta \u00e9 a madrugada que eu esperava, o dia inicial inteiro e limpo. Onde emergimos da noite e do sil\u00eancio, E livres habitamos a subst\u00e2ncia do tempo<\/em>\u201d), Jos\u00e9 Saramago (\u201cN\u00f3s somos muitas coisas, mas somos sobretudo a mem\u00f3ria que temos de n\u00f3s mesmos \u2026\u201d) e de Fernando Pessoa (\u201c\u2026Tudo vale a pena. Se a alma n\u00e3o \u00e9 pequena\u2026\u201d), a autarca afirmou que a democracia se constr\u00f3i e defende todos os dias, em esp\u00edrito de solidariedade, respeito pela igualdade e pelas institui\u00e7\u00f5es p\u00fablicas, lembrando a pluralidade da composi\u00e7\u00e3o pol\u00edtica da Assembleia Municipal como algo que fortalece a democracia e manifestando o desejo de que a classe pol\u00edtica seja guiada por uma alma grande, para que possa estar \u00e0 altura do legado herdado e defender sempre as conquistas de Abril.<\/p>\n\n\n\n<p>Maria Jo\u00e3o Baptista, representando o grupo municipal do PS, referiu-se ao 25 de Abril como \u201co momento fundador da democracia\u201d. Mais do que uma mudan\u00e7a pol\u00edtica, \u201cfoi uma transforma\u00e7\u00e3o na sociedade, com reflexos na sa\u00fade, na educa\u00e7\u00e3o (o acesso \u00e0 escola tornou-se universal), no trabalho e prote\u00e7\u00e3o social (com o sal\u00e1rio m\u00ednimo, o direito ao descanso e \u00e0 prote\u00e7\u00e3o), na coes\u00e3o territorial (com as infraestruturas b\u00e1sicas de \u00e1gua canalizada, saneamento e eletricidade a chegar a mais habita\u00e7\u00f5es), na vida das mulheres (que conquistaram igualdade de direitos, autonomia, acesso ao trabalho, \u00e0 vida pol\u00edtica e \u00e0 ocupa\u00e7\u00e3o de cargos de maior responsabilidade) e na vida das crian\u00e7as e jovens (pelas oportunidades de futuro que antes n\u00e3o existiam)\u201d. Na sua interven\u00e7\u00e3o sublinhou, ainda, o papel do associativismo, das IPSS, das for\u00e7as de seguran\u00e7a e de outras entidades da sociedade civil que \u201cformam esta rede de pessoas e institui\u00e7\u00f5es que d\u00e1 vida \u00e0 democracia\u201d. Recordando que os valores da justi\u00e7a, da igualdade, da liberdade e da paz n\u00e3o s\u00e3o negoci\u00e1veis, a autarca fez um apelo para que a indiferen\u00e7a n\u00e3o substitua a participa\u00e7\u00e3o e o medo n\u00e3o se sobreponha \u00e0 liberdade.<\/p>\n\n\n\n<p>O grupo municipal da AD foi representado por Nuno Marques, vereador da C\u00e2mara Municipal, que centrou o seu discurso na import\u00e2ncia da participa\u00e7\u00e3o, em especial por parte dos jovens. Lembrando que Abril serviu para acabar com a censura, a fome, o analfabetismo, a mortalidade infantil, a corrup\u00e7\u00e3o, a subalterniza\u00e7\u00e3o das mulheres e tantos outros flagelos que assolaram Portugal durante d\u00e9cadas, o autarca afirmou que \u201co 25 de Abril n\u00e3o foi um destino onde Portugal se instalou naquela madrugada\u201d, mas \u00e9 um caminho que se conquista diariamente e nos imp\u00f5e o dever de participar, por oposi\u00e7\u00e3o ao comodismo, que identificou como a maior amea\u00e7a. Nuno Marques sublinhou, ainda, a import\u00e2ncia da promo\u00e7\u00e3o da literacia social e pol\u00edtica junto dos jovens como a maior esperan\u00e7a para combater os extremismos, lembrando que a Democracia vive de inconformismo e altern\u00e2ncia.<\/p>\n\n\n\n<p>Sandra Oliveira, representando o grupo municipal do CHEGA, reclamou o 25 de Abril como uma data que \u201c<em>pertence a todos os portugueses; n\u00e3o pertence \u00e0 esquerda e \u00e0 direita, nem \u00e0s elites; pertence ao povo<\/em>\u201d. Para esta for\u00e7a pol\u00edtica a liberdade \u00e9 ter sa\u00fade, trabalho e educa\u00e7\u00e3o, menos burocracia e centralismo; \u00e9 ter um pa\u00eds mais justo e seguro, onde trabalhar compense. Na sua interven\u00e7\u00e3o, a autarca lembrou os acontecimentos hist\u00f3ricos p\u00f3s-revolu\u00e7\u00e3o, considerando necess\u00e1rio, nesta celebra\u00e7\u00e3o, valorizar igualmente o 25 de novembro de 1975, \u201c<em>momento em que o 25 de Abril se tornou definitivamente sin\u00f3nimo de liberdade<\/em>\u201d.<\/p>\n\n\n\n<p>\u201c<em>A Democracia n\u00e3o nasce pronta, constr\u00f3i-se todos os dias<\/em>\u201d foi o mote da interven\u00e7\u00e3o de Ana Margarida Martins, em representa\u00e7\u00e3o da Lagos com Futuro (LCF), que apelou \u00e0 participa\u00e7\u00e3o como forma de evitar os perigos que surgem quando as pessoas se afastam da pol\u00edtica e da vida p\u00fablica. Recordando que Abril foi o nascimento de uma promessa, da liberdade de pensar, escolher e participar, mas tamb\u00e9m significou a liberta\u00e7\u00e3o das mulheres portuguesas, a deputada municipal considerou n\u00e3o estar ainda cumprida a igualdade desejada, havendo que continuar essa luta. Referindo-se aos jovens, afirmou que \u201c<em>um pa\u00eds que n\u00e3o d\u00e1 futuro aos seus jovens arrisca-se a perder mais do que talento, arrisca-se a perder tamb\u00e9m a esperan\u00e7a<\/em>\u201d. Manifestando a sua gratid\u00e3o aos que abriram as portas de um futuro mais promissor, n\u00e3o deixou de apelar \u00e0 responsabilidade de todos os que no presente t\u00eam o dever de garantir que essas portas nunca se fechem, concluindo que \u201c<em>a liberdade n\u00e3o \u00e9 um destino, \u00e9 um caminho<\/em>\u201d.<\/p>\n\n\n\n<p>Daniel Jos\u00e9, representando a CDU, lembrou o 25 de Abril como o movimento que permitiu acabar com a guerra colonial, que tantas vidas roubou, dar voz a quem durante d\u00e9cadas tinha permanecido reprimido, em sil\u00eancio e na pobreza, e iniciar um projeto de sociedade assente na liberdade, democracia e numa constitui\u00e7\u00e3o que consagrou o direito \u00e0 educa\u00e7\u00e3o, \u00e0 sa\u00fade, ao trabalho, \u00e0 igualdade, justi\u00e7a e prote\u00e7\u00e3o social. Fazendo refer\u00eancia ao Poder Local Democr\u00e1tico como a resposta mais importante para a transforma\u00e7\u00e3o da sociedade, ao aproximar a pol\u00edtica das pessoas, salientou a necessidade de se continuar a proporcionar espa\u00e7os de participa\u00e7\u00e3o e exigir, no presente, as promessas de Abril, apelando \u00e0 responsabilidade e uni\u00e3o de esfor\u00e7os, sem perder a esperan\u00e7a na concretiza\u00e7\u00e3o plena do projeto iniciado em 25 de abril de 1974.<\/p>\n\n\n\n<p>Pelo meio, os mais jovens tiveram a oportunidade de mostrar o que \u00e9 para si o 25 de Abril. A bancada do Agrupamento de Escolas Gil declamou o poema \u201cO Despertar do Cravo\u201d, da autoria dos membros da Assembleia da Juventude Rita Palma, Raquel Marques e Leonor Quaresma, acompanhados \u00e0 guitarra por Ruben Murphy, que interpretou o instrumental de \u201cPedra Filosofal\u201d. Por sua vez, a bancada do Agrupamento de Escolas J\u00falio Dantas, atrav\u00e9s das alunas Miriam Oliveira e Suri Gorj\u00e3o, recitou dois poemas de Manuel Alegre (&#8220;Liberdade&#8221; e &#8220;Regresso&#8221;) e um excerto da est\u00e2ncia 37 do canto IV de &#8220;Os Lus\u00edadas&#8221;.<\/p>\n\n\n\n<p>As celebra\u00e7\u00f5es estenderam-se ao longo de todo o dia com uma visita guiada, num percurso pelas mem\u00f3rias do 25 de Abril, o tradicional almo\u00e7o comemorativo, e as atividades desportivas tendo como protagonista o Clube de Futebol Esperan\u00e7a de Lagos a marcar o per\u00edodo da tarde, antecedidas pela inaugura\u00e7\u00e3o do novo relvado do Est\u00e1dio Municipal Fernando Cabrita. Na agenda desta efem\u00e9ride a cultura tamb\u00e9m esteve presente, com o concerto \u201cVozes da Liberdade\u201d, apresentado no Centro Cultural pela Orquestra Ligeira de Lagos. Momentos emotivos foram vividos atrav\u00e9s das mem\u00f3rias pessoais partilhadas no Encontro Comunit\u00e1rio decorrido no edif\u00edcio A Paragem, em Bar\u00e3o de S\u00e3o Jo\u00e3o, onde n\u00e3o faltou a m\u00fasica, com a atua\u00e7\u00e3o do Coro da Primavera e temas de Zeca Afonso interpretados por Pedro Pereira (maestro do Coro). Nesta sess\u00e3o houve, ainda, poesia dita com sentimento da autoria de Rosa Roxo, figura emblem\u00e1tica de Bar\u00e3o de S\u00e3o Jo\u00e3o. A hist\u00f3ria tamb\u00e9m se faz da partilha de mem\u00f3rias pessoais, sendo que as do artista Deodato Santos se cruzam com a mem\u00f3ria coletiva de quem viveu fora do pa\u00eds durante a ditadura, por raz\u00f5es pol\u00edticas, e regressou a Portugal para ajudar a construir um mundo novo. Tempos recordados pela voz de Inga, sua esposa, primeira estrangeira a fixar-se em Bar\u00e3o de S\u00e3o Jo\u00e3o e tamb\u00e9m ela dinamizadora dos campos de trabalho internacionais que, logo a seguir ao 25 de Abril, atra\u00edram at\u00e9 \u00e0quela aldeia rural do concelho de Lagos jovens de v\u00e1rias nacionalidades para aqui participarem num projeto comunit\u00e1rio in\u00e9dito. Momentos e viv\u00eancias recordados igualmente atrav\u00e9s da exibi\u00e7\u00e3o de fotografias antigas, em que muitos dos presentes se reconheceram, recordando, com emo\u00e7\u00e3o, familiares e amigos. Aos participantes na iniciativa, organizada pela C\u00e2mara Municipal, atrav\u00e9s do projeto Bar\u00e3o ConVIDA, com o apoio da Junta de Freguesia de Bar\u00e3o de S\u00e3o Jo\u00e3o, foi oferecido simbolicamente um cravo feito em tecido, evocando o simbolismo da data, cujo significado \u00e9 reconhecido por quem o viveu na primeira pessoa, mas tamb\u00e9m pelos mais novos e at\u00e9 por aqueles que aqui se fixaram, vindos de outros pa\u00edses.<\/p>\n","protected":false},"excerpt":{"rendered":"<p>Mais do que apenas evocar ou recordar o 25 de Abril, \u00e9 preciso continuar a afirmar a validade deste projeto<\/p>\n","protected":false},"author":1,"featured_media":61664,"comment_status":"closed","ping_status":"closed","sticky":false,"template":"","format":"standard","meta":{"colormag_page_container_layout":"default_layout","colormag_page_sidebar_layout":"default_layout","_monsterinsights_skip_tracking":false,"_monsterinsights_sitenote_active":false,"_monsterinsights_sitenote_note":"","_monsterinsights_sitenote_category":0,"jetpack_post_was_ever_published":false,"_jetpack_newsletter_access":"","_jetpack_dont_email_post_to_subs":false,"_jetpack_newsletter_tier_id":0,"_jetpack_memberships_contains_paywalled_content":false,"_jetpack_memberships_contains_paid_content":false,"footnotes":"","jetpack_publicize_message":"","jetpack_publicize_feature_enabled":true,"jetpack_social_post_already_shared":true,"jetpack_social_options":{"image_generator_settings":{"template":"highway","default_image_id":0,"font":"","enabled":false},"version":2}},"categories":[14],"tags":[36,35,68],"class_list":["post-61663","post","type-post","status-publish","format-standard","has-post-thumbnail","hentry","category-cultura","tag-algarve","tag-cultura","tag-lagos"],"yoast_head":"<!-- This site is optimized with the Yoast SEO plugin v27.5 - https:\/\/yoast.com\/product\/yoast-seo-wordpress\/ -->\n<title>Lagos: Recordar, viver e continuar a construir Abril - Algarve 7<\/title>\n<meta name=\"description\" content=\"Lagos: Recordar, viver e continuar a construir Abril Cultura\" \/>\n<meta name=\"robots\" content=\"index, follow, max-snippet:-1, max-image-preview:large, max-video-preview:-1\" \/>\n<link rel=\"canonical\" href=\"https:\/\/algarve7.pt\/index.php\/2026\/04\/lagos-recordar-viver-e-continuar-a-construir-abril\/cultura\/18\/31\/\" \/>\n<meta property=\"og:locale\" content=\"pt_PT\" \/>\n<meta property=\"og:type\" content=\"article\" \/>\n<meta property=\"og:title\" content=\"Lagos: Recordar, viver e continuar a construir Abril - Algarve 7\" \/>\n<meta property=\"og:description\" content=\"Lagos: Recordar, viver e continuar a construir Abril Cultura\" \/>\n<meta property=\"og:url\" content=\"https:\/\/algarve7.pt\/index.php\/2026\/04\/lagos-recordar-viver-e-continuar-a-construir-abril\/cultura\/18\/31\/\" \/>\n<meta property=\"og:site_name\" content=\"Algarve 7\" \/>\n<meta property=\"article:publisher\" content=\"https:\/\/www.facebook.com\/algarve7\" \/>\n<meta property=\"article:author\" content=\"https:\/\/www.facebook.com\/algarve7\" \/>\n<meta property=\"article:published_time\" content=\"2026-04-28T17:31:10+00:00\" \/>\n<meta property=\"article:modified_time\" content=\"2026-04-28T17:31:14+00:00\" \/>\n<meta property=\"og:image\" content=\"https:\/\/algarve7.pt\/wp-content\/uploads\/2026\/04\/Cerimonia-25-Abril-8.jpg\" \/>\n\t<meta property=\"og:image:width\" content=\"800\" \/>\n\t<meta property=\"og:image:height\" content=\"445\" \/>\n\t<meta property=\"og:image:type\" content=\"image\/jpeg\" \/>\n<meta name=\"author\" content=\"Algarve 7\" \/>\n<meta name=\"twitter:card\" content=\"summary_large_image\" \/>\n<meta name=\"twitter:creator\" content=\"@Algarvesete\" \/>\n<meta name=\"twitter:site\" content=\"@Algarvesete\" \/>\n<meta name=\"twitter:label1\" content=\"Escrito por\" \/>\n\t<meta name=\"twitter:data1\" content=\"Algarve 7\" \/>\n\t<meta name=\"twitter:label2\" content=\"Tempo estimado de leitura\" \/>\n\t<meta name=\"twitter:data2\" content=\"12 minutos\" \/>\n<script type=\"application\/ld+json\" class=\"yoast-schema-graph\">{\"@context\":\"https:\\\/\\\/schema.org\",\"@graph\":[{\"@type\":\"Article\",\"@id\":\"https:\\\/\\\/algarve7.pt\\\/index.php\\\/2026\\\/04\\\/lagos-recordar-viver-e-continuar-a-construir-abril\\\/cultura\\\/18\\\/31\\\/#article\",\"isPartOf\":{\"@id\":\"https:\\\/\\\/algarve7.pt\\\/index.php\\\/2026\\\/04\\\/lagos-recordar-viver-e-continuar-a-construir-abril\\\/cultura\\\/18\\\/31\\\/\"},\"author\":{\"name\":\"Algarve 7\",\"@id\":\"https:\\\/\\\/algarve7.pt\\\/#\\\/schema\\\/person\\\/23fa70681308e7b319a3204bcea45e0c\"},\"headline\":\"Lagos: Recordar, viver e continuar a construir Abril\",\"datePublished\":\"2026-04-28T17:31:10+00:00\",\"dateModified\":\"2026-04-28T17:31:14+00:00\",\"mainEntityOfPage\":{\"@id\":\"https:\\\/\\\/algarve7.pt\\\/index.php\\\/2026\\\/04\\\/lagos-recordar-viver-e-continuar-a-construir-abril\\\/cultura\\\/18\\\/31\\\/\"},\"wordCount\":2224,\"publisher\":{\"@id\":\"https:\\\/\\\/algarve7.pt\\\/#organization\"},\"image\":{\"@id\":\"https:\\\/\\\/algarve7.pt\\\/index.php\\\/2026\\\/04\\\/lagos-recordar-viver-e-continuar-a-construir-abril\\\/cultura\\\/18\\\/31\\\/#primaryimage\"},\"thumbnailUrl\":\"https:\\\/\\\/algarve7.pt\\\/wp-content\\\/uploads\\\/2026\\\/04\\\/Cerimonia-25-Abril-8.jpg\",\"keywords\":[\"Algarve\",\"Cultura\",\"Lagos\"],\"articleSection\":[\"Cultura\"],\"inLanguage\":\"pt-PT\"},{\"@type\":\"WebPage\",\"@id\":\"https:\\\/\\\/algarve7.pt\\\/index.php\\\/2026\\\/04\\\/lagos-recordar-viver-e-continuar-a-construir-abril\\\/cultura\\\/18\\\/31\\\/\",\"url\":\"https:\\\/\\\/algarve7.pt\\\/index.php\\\/2026\\\/04\\\/lagos-recordar-viver-e-continuar-a-construir-abril\\\/cultura\\\/18\\\/31\\\/\",\"name\":\"Lagos: Recordar, viver e continuar a construir Abril - Algarve 7\",\"isPartOf\":{\"@id\":\"https:\\\/\\\/algarve7.pt\\\/#website\"},\"primaryImageOfPage\":{\"@id\":\"https:\\\/\\\/algarve7.pt\\\/index.php\\\/2026\\\/04\\\/lagos-recordar-viver-e-continuar-a-construir-abril\\\/cultura\\\/18\\\/31\\\/#primaryimage\"},\"image\":{\"@id\":\"https:\\\/\\\/algarve7.pt\\\/index.php\\\/2026\\\/04\\\/lagos-recordar-viver-e-continuar-a-construir-abril\\\/cultura\\\/18\\\/31\\\/#primaryimage\"},\"thumbnailUrl\":\"https:\\\/\\\/algarve7.pt\\\/wp-content\\\/uploads\\\/2026\\\/04\\\/Cerimonia-25-Abril-8.jpg\",\"datePublished\":\"2026-04-28T17:31:10+00:00\",\"dateModified\":\"2026-04-28T17:31:14+00:00\",\"description\":\"Lagos: Recordar, viver e continuar a construir Abril Cultura\",\"breadcrumb\":{\"@id\":\"https:\\\/\\\/algarve7.pt\\\/index.php\\\/2026\\\/04\\\/lagos-recordar-viver-e-continuar-a-construir-abril\\\/cultura\\\/18\\\/31\\\/#breadcrumb\"},\"inLanguage\":\"pt-PT\",\"potentialAction\":[{\"@type\":\"ReadAction\",\"target\":[\"https:\\\/\\\/algarve7.pt\\\/index.php\\\/2026\\\/04\\\/lagos-recordar-viver-e-continuar-a-construir-abril\\\/cultura\\\/18\\\/31\\\/\"]}]},{\"@type\":\"ImageObject\",\"inLanguage\":\"pt-PT\",\"@id\":\"https:\\\/\\\/algarve7.pt\\\/index.php\\\/2026\\\/04\\\/lagos-recordar-viver-e-continuar-a-construir-abril\\\/cultura\\\/18\\\/31\\\/#primaryimage\",\"url\":\"https:\\\/\\\/algarve7.pt\\\/wp-content\\\/uploads\\\/2026\\\/04\\\/Cerimonia-25-Abril-8.jpg\",\"contentUrl\":\"https:\\\/\\\/algarve7.pt\\\/wp-content\\\/uploads\\\/2026\\\/04\\\/Cerimonia-25-Abril-8.jpg\",\"width\":800,\"height\":445,\"caption\":\"Hastear de bandeiras e discursos da cerimonia do 25 de Abril\"},{\"@type\":\"BreadcrumbList\",\"@id\":\"https:\\\/\\\/algarve7.pt\\\/index.php\\\/2026\\\/04\\\/lagos-recordar-viver-e-continuar-a-construir-abril\\\/cultura\\\/18\\\/31\\\/#breadcrumb\",\"itemListElement\":[{\"@type\":\"ListItem\",\"position\":1,\"name\":\"In\u00edcio\",\"item\":\"https:\\\/\\\/algarve7.pt\\\/\"},{\"@type\":\"ListItem\",\"position\":2,\"name\":\"Lagos: Recordar, viver e continuar a construir Abril\"}]},{\"@type\":\"WebSite\",\"@id\":\"https:\\\/\\\/algarve7.pt\\\/#website\",\"url\":\"https:\\\/\\\/algarve7.pt\\\/\",\"name\":\"Algarve 7\",\"description\":\"Informa\u00e7\u00e3o sobre o Algarve\",\"publisher\":{\"@id\":\"https:\\\/\\\/algarve7.pt\\\/#organization\"},\"potentialAction\":[{\"@type\":\"SearchAction\",\"target\":{\"@type\":\"EntryPoint\",\"urlTemplate\":\"https:\\\/\\\/algarve7.pt\\\/?s={search_term_string}\"},\"query-input\":{\"@type\":\"PropertyValueSpecification\",\"valueRequired\":true,\"valueName\":\"search_term_string\"}}],\"inLanguage\":\"pt-PT\"},{\"@type\":\"Organization\",\"@id\":\"https:\\\/\\\/algarve7.pt\\\/#organization\",\"name\":\"Algarve 7\",\"url\":\"https:\\\/\\\/algarve7.pt\\\/\",\"logo\":{\"@type\":\"ImageObject\",\"inLanguage\":\"pt-PT\",\"@id\":\"https:\\\/\\\/algarve7.pt\\\/#\\\/schema\\\/logo\\\/image\\\/\",\"url\":\"https:\\\/\\\/algarve7.pt\\\/wp-content\\\/uploads\\\/2020\\\/10\\\/Logo-8.jpg\",\"contentUrl\":\"https:\\\/\\\/algarve7.pt\\\/wp-content\\\/uploads\\\/2020\\\/10\\\/Logo-8.jpg\",\"width\":1680,\"height\":1186,\"caption\":\"Algarve 7\"},\"image\":{\"@id\":\"https:\\\/\\\/algarve7.pt\\\/#\\\/schema\\\/logo\\\/image\\\/\"},\"sameAs\":[\"https:\\\/\\\/www.facebook.com\\\/algarve7\",\"https:\\\/\\\/x.com\\\/Algarvesete\",\"https:\\\/\\\/www.instagram.com\\\/jornalalgarve7\\\/\",\"https:\\\/\\\/www.linkedin.com\\\/company\\\/algarve7\",\"https:\\\/\\\/www.pinterest.pt\\\/geral0939\\\/_created\\\/\"]},{\"@type\":\"Person\",\"@id\":\"https:\\\/\\\/algarve7.pt\\\/#\\\/schema\\\/person\\\/23fa70681308e7b319a3204bcea45e0c\",\"name\":\"Algarve 7\",\"sameAs\":[\"https:\\\/\\\/algarve7.pt\",\"https:\\\/\\\/www.facebook.com\\\/algarve7\"],\"url\":\"https:\\\/\\\/algarve7.pt\\\/index.php\\\/author\\\/geralalgarve7-pt\\\/\"}]}<\/script>\n<!-- \/ Yoast SEO plugin. -->","yoast_head_json":{"title":"Lagos: Recordar, viver e continuar a construir Abril - Algarve 7","description":"Lagos: Recordar, viver e continuar a construir Abril Cultura","robots":{"index":"index","follow":"follow","max-snippet":"max-snippet:-1","max-image-preview":"max-image-preview:large","max-video-preview":"max-video-preview:-1"},"canonical":"https:\/\/algarve7.pt\/index.php\/2026\/04\/lagos-recordar-viver-e-continuar-a-construir-abril\/cultura\/18\/31\/","og_locale":"pt_PT","og_type":"article","og_title":"Lagos: Recordar, viver e continuar a construir Abril - Algarve 7","og_description":"Lagos: Recordar, viver e continuar a construir Abril Cultura","og_url":"https:\/\/algarve7.pt\/index.php\/2026\/04\/lagos-recordar-viver-e-continuar-a-construir-abril\/cultura\/18\/31\/","og_site_name":"Algarve 7","article_publisher":"https:\/\/www.facebook.com\/algarve7","article_author":"https:\/\/www.facebook.com\/algarve7","article_published_time":"2026-04-28T17:31:10+00:00","article_modified_time":"2026-04-28T17:31:14+00:00","og_image":[{"width":800,"height":445,"url":"https:\/\/algarve7.pt\/wp-content\/uploads\/2026\/04\/Cerimonia-25-Abril-8.jpg","type":"image\/jpeg"}],"author":"Algarve 7","twitter_card":"summary_large_image","twitter_creator":"@Algarvesete","twitter_site":"@Algarvesete","twitter_misc":{"Escrito por":"Algarve 7","Tempo estimado de leitura":"12 minutos"},"schema":{"@context":"https:\/\/schema.org","@graph":[{"@type":"Article","@id":"https:\/\/algarve7.pt\/index.php\/2026\/04\/lagos-recordar-viver-e-continuar-a-construir-abril\/cultura\/18\/31\/#article","isPartOf":{"@id":"https:\/\/algarve7.pt\/index.php\/2026\/04\/lagos-recordar-viver-e-continuar-a-construir-abril\/cultura\/18\/31\/"},"author":{"name":"Algarve 7","@id":"https:\/\/algarve7.pt\/#\/schema\/person\/23fa70681308e7b319a3204bcea45e0c"},"headline":"Lagos: Recordar, viver e continuar a construir Abril","datePublished":"2026-04-28T17:31:10+00:00","dateModified":"2026-04-28T17:31:14+00:00","mainEntityOfPage":{"@id":"https:\/\/algarve7.pt\/index.php\/2026\/04\/lagos-recordar-viver-e-continuar-a-construir-abril\/cultura\/18\/31\/"},"wordCount":2224,"publisher":{"@id":"https:\/\/algarve7.pt\/#organization"},"image":{"@id":"https:\/\/algarve7.pt\/index.php\/2026\/04\/lagos-recordar-viver-e-continuar-a-construir-abril\/cultura\/18\/31\/#primaryimage"},"thumbnailUrl":"https:\/\/algarve7.pt\/wp-content\/uploads\/2026\/04\/Cerimonia-25-Abril-8.jpg","keywords":["Algarve","Cultura","Lagos"],"articleSection":["Cultura"],"inLanguage":"pt-PT"},{"@type":"WebPage","@id":"https:\/\/algarve7.pt\/index.php\/2026\/04\/lagos-recordar-viver-e-continuar-a-construir-abril\/cultura\/18\/31\/","url":"https:\/\/algarve7.pt\/index.php\/2026\/04\/lagos-recordar-viver-e-continuar-a-construir-abril\/cultura\/18\/31\/","name":"Lagos: Recordar, viver e continuar a construir Abril - Algarve 7","isPartOf":{"@id":"https:\/\/algarve7.pt\/#website"},"primaryImageOfPage":{"@id":"https:\/\/algarve7.pt\/index.php\/2026\/04\/lagos-recordar-viver-e-continuar-a-construir-abril\/cultura\/18\/31\/#primaryimage"},"image":{"@id":"https:\/\/algarve7.pt\/index.php\/2026\/04\/lagos-recordar-viver-e-continuar-a-construir-abril\/cultura\/18\/31\/#primaryimage"},"thumbnailUrl":"https:\/\/algarve7.pt\/wp-content\/uploads\/2026\/04\/Cerimonia-25-Abril-8.jpg","datePublished":"2026-04-28T17:31:10+00:00","dateModified":"2026-04-28T17:31:14+00:00","description":"Lagos: Recordar, viver e continuar a construir Abril Cultura","breadcrumb":{"@id":"https:\/\/algarve7.pt\/index.php\/2026\/04\/lagos-recordar-viver-e-continuar-a-construir-abril\/cultura\/18\/31\/#breadcrumb"},"inLanguage":"pt-PT","potentialAction":[{"@type":"ReadAction","target":["https:\/\/algarve7.pt\/index.php\/2026\/04\/lagos-recordar-viver-e-continuar-a-construir-abril\/cultura\/18\/31\/"]}]},{"@type":"ImageObject","inLanguage":"pt-PT","@id":"https:\/\/algarve7.pt\/index.php\/2026\/04\/lagos-recordar-viver-e-continuar-a-construir-abril\/cultura\/18\/31\/#primaryimage","url":"https:\/\/algarve7.pt\/wp-content\/uploads\/2026\/04\/Cerimonia-25-Abril-8.jpg","contentUrl":"https:\/\/algarve7.pt\/wp-content\/uploads\/2026\/04\/Cerimonia-25-Abril-8.jpg","width":800,"height":445,"caption":"Hastear de bandeiras e discursos da cerimonia do 25 de Abril"},{"@type":"BreadcrumbList","@id":"https:\/\/algarve7.pt\/index.php\/2026\/04\/lagos-recordar-viver-e-continuar-a-construir-abril\/cultura\/18\/31\/#breadcrumb","itemListElement":[{"@type":"ListItem","position":1,"name":"In\u00edcio","item":"https:\/\/algarve7.pt\/"},{"@type":"ListItem","position":2,"name":"Lagos: Recordar, viver e continuar a construir Abril"}]},{"@type":"WebSite","@id":"https:\/\/algarve7.pt\/#website","url":"https:\/\/algarve7.pt\/","name":"Algarve 7","description":"Informa\u00e7\u00e3o sobre o Algarve","publisher":{"@id":"https:\/\/algarve7.pt\/#organization"},"potentialAction":[{"@type":"SearchAction","target":{"@type":"EntryPoint","urlTemplate":"https:\/\/algarve7.pt\/?s={search_term_string}"},"query-input":{"@type":"PropertyValueSpecification","valueRequired":true,"valueName":"search_term_string"}}],"inLanguage":"pt-PT"},{"@type":"Organization","@id":"https:\/\/algarve7.pt\/#organization","name":"Algarve 7","url":"https:\/\/algarve7.pt\/","logo":{"@type":"ImageObject","inLanguage":"pt-PT","@id":"https:\/\/algarve7.pt\/#\/schema\/logo\/image\/","url":"https:\/\/algarve7.pt\/wp-content\/uploads\/2020\/10\/Logo-8.jpg","contentUrl":"https:\/\/algarve7.pt\/wp-content\/uploads\/2020\/10\/Logo-8.jpg","width":1680,"height":1186,"caption":"Algarve 7"},"image":{"@id":"https:\/\/algarve7.pt\/#\/schema\/logo\/image\/"},"sameAs":["https:\/\/www.facebook.com\/algarve7","https:\/\/x.com\/Algarvesete","https:\/\/www.instagram.com\/jornalalgarve7\/","https:\/\/www.linkedin.com\/company\/algarve7","https:\/\/www.pinterest.pt\/geral0939\/_created\/"]},{"@type":"Person","@id":"https:\/\/algarve7.pt\/#\/schema\/person\/23fa70681308e7b319a3204bcea45e0c","name":"Algarve 7","sameAs":["https:\/\/algarve7.pt","https:\/\/www.facebook.com\/algarve7"],"url":"https:\/\/algarve7.pt\/index.php\/author\/geralalgarve7-pt\/"}]}},"jetpack_publicize_connections":[],"jetpack_featured_media_url":"https:\/\/algarve7.pt\/wp-content\/uploads\/2026\/04\/Cerimonia-25-Abril-8.jpg","jetpack_shortlink":"https:\/\/wp.me\/pcezmW-g2z","jetpack_sharing_enabled":true,"_links":{"self":[{"href":"https:\/\/algarve7.pt\/index.php\/wp-json\/wp\/v2\/posts\/61663","targetHints":{"allow":["GET"]}}],"collection":[{"href":"https:\/\/algarve7.pt\/index.php\/wp-json\/wp\/v2\/posts"}],"about":[{"href":"https:\/\/algarve7.pt\/index.php\/wp-json\/wp\/v2\/types\/post"}],"author":[{"embeddable":true,"href":"https:\/\/algarve7.pt\/index.php\/wp-json\/wp\/v2\/users\/1"}],"replies":[{"embeddable":true,"href":"https:\/\/algarve7.pt\/index.php\/wp-json\/wp\/v2\/comments?post=61663"}],"version-history":[{"count":1,"href":"https:\/\/algarve7.pt\/index.php\/wp-json\/wp\/v2\/posts\/61663\/revisions"}],"predecessor-version":[{"id":61665,"href":"https:\/\/algarve7.pt\/index.php\/wp-json\/wp\/v2\/posts\/61663\/revisions\/61665"}],"wp:featuredmedia":[{"embeddable":true,"href":"https:\/\/algarve7.pt\/index.php\/wp-json\/wp\/v2\/media\/61664"}],"wp:attachment":[{"href":"https:\/\/algarve7.pt\/index.php\/wp-json\/wp\/v2\/media?parent=61663"}],"wp:term":[{"taxonomy":"category","embeddable":true,"href":"https:\/\/algarve7.pt\/index.php\/wp-json\/wp\/v2\/categories?post=61663"},{"taxonomy":"post_tag","embeddable":true,"href":"https:\/\/algarve7.pt\/index.php\/wp-json\/wp\/v2\/tags?post=61663"}],"curies":[{"name":"wp","href":"https:\/\/api.w.org\/{rel}","templated":true}]}}