{"id":61649,"date":"2026-04-28T16:24:25","date_gmt":"2026-04-28T15:24:25","guid":{"rendered":"https:\/\/algarve7.pt\/?p=61649"},"modified":"2026-04-28T16:24:27","modified_gmt":"2026-04-28T15:24:27","slug":"junta-de-freguesia-de-budens-inicia-entrega-de-dispositivos-de-teleassistencia","status":"publish","type":"post","link":"https:\/\/algarve7.pt\/index.php\/2026\/04\/junta-de-freguesia-de-budens-inicia-entrega-de-dispositivos-de-teleassistencia\/saude\/16\/24\/","title":{"rendered":"Junta de Freguesia de Budens inicia entrega de dispositivos de Teleassist\u00eancia\u00a0"},"content":{"rendered":"\n<p>A Junta de Freguesia de Budens deu in\u00edcio \u00e0 entrega dos primeiros dispositivos de teleassist\u00eancia no \u00e2mbito do projeto Viver+ Budens \u2013 Prote\u00e7\u00e3o que d\u00e1 liberdade, uma iniciativa que visa refor\u00e7ar a seguran\u00e7a, autonomia e bem-estar da popula\u00e7\u00e3o s\u00e9nior da freguesia.<\/p>\n\n\n\n<p>Este projeto, promovido pela Junta de Freguesia, tem como objetivo combater o isolamento social e garantir uma resposta r\u00e1pida em situa\u00e7\u00f5es de emerg\u00eancia, contribuindo para que os idosos possam permanecer nas suas casas com maior tranquilidade e confian\u00e7a.<\/p>\n\n\n\n<p>O servi\u00e7o de teleassist\u00eancia funciona atrav\u00e9s de um dispositivo simples,&nbsp;&nbsp;utilizado como equipamento pessoal, que permite acionar ajuda imediata em caso de necessidade. Com um simples bot\u00e3o, o utilizador estabelece contacto direto com uma central de apoio dispon\u00edvel 24 horas por dia, sendo ativados familiares, redes de proximidade ou servi\u00e7os de emerg\u00eancia sempre que necess\u00e1rio.<\/p>\n\n\n\n<p>A Presidente da Junta de Freguesia de Budens, Ana Cust\u00f3dio, destaca a import\u00e2ncia desta iniciativa:<\/p>\n\n\n\n<p>\u201cEste \u00e9 um projeto que reflete a forma como olhamos para a nossa comunidade. Queremos que os nossos s\u00e9niores se sintam seguros, acompanhados e com confian\u00e7a para viver no seu dia a dia.\u201d<\/p>\n\n\n\n<p>A entrega dos equipamentos est\u00e1 a ser realizada de forma personalizada, com a presen\u00e7a da Presidente da Junta, acompanhada por elementos da equipa, nomeadamente uma funcion\u00e1ria e a tesoureira. Em cada visita, \u00e9 feita uma explica\u00e7\u00e3o detalhada do funcionamento do dispositivo, garantindo que os benefici\u00e1rios compreendem plenamente a sua utiliza\u00e7\u00e3o.<\/p>\n\n\n\n<p>&nbsp;\u201cFazemos quest\u00e3o de estar presentes em cada entrega, com tempo e dedica\u00e7\u00e3o. N\u00e3o se trata apenas de entregar um equipamento, mas de criar uma rela\u00e7\u00e3o de proximidade e confian\u00e7a com cada pessoa\u201d, acrescenta Ana Cust\u00f3dio.<\/p>\n\n\n\n<p>Ap\u00f3s a instala\u00e7\u00e3o dos dispositivos, est\u00e1 previsto um acompanhamento regular aos benefici\u00e1rios, com o objetivo de assegurar o correto funcionamento do servi\u00e7o e esclarecer eventuais d\u00favidas.<\/p>\n\n\n\n<p>O projeto Viver+ Budens insere-se na estrat\u00e9gia da Junta de Freguesia de promo\u00e7\u00e3o de respostas sociais de proximidade, contribuindo para um envelhecimento mais seguro, ativo e integrado na comunidade.<\/p>\n","protected":false},"excerpt":{"rendered":"<p>A Junta de Freguesia de Budens deu in\u00edcio \u00e0 entrega dos primeiros dispositivos de teleassist\u00eancia no \u00e2mbito do projeto Viver+<\/p>\n","protected":false},"author":1,"featured_media":61650,"comment_status":"closed","ping_status":"closed","sticky":false,"template":"","format":"standard","meta":{"colormag_page_container_layout":"default_layout","colormag_page_sidebar_layout":"default_layout","_monsterinsights_skip_tracking":false,"_monsterinsights_sitenote_active":false,"_monsterinsights_sitenote_note":"","_monsterinsights_sitenote_category":0,"jetpack_post_was_ever_published":false,"_jetpack_newsletter_access":"","_jetpack_dont_email_post_to_subs":false,"_jetpack_newsletter_tier_id":0,"_jetpack_memberships_contains_paywalled_content":false,"_jetpack_memberships_contains_paid_content":false,"footnotes":"","jetpack_publicize_message":"","jetpack_publicize_feature_enabled":true,"jetpack_social_post_already_shared":true,"jetpack_social_options":{"image_generator_settings":{"template":"highway","default_image_id":0,"font":"","enabled":false},"version":2}},"categories":[59],"tags":[36,627,58,84],"class_list":["post-61649","post","type-post","status-publish","format-standard","has-post-thumbnail","hentry","category-saude","tag-algarve","tag-budens","tag-saude","tag-vila-do-bispo"],"yoast_head":"<!-- This site is optimized with the Yoast SEO plugin v27.5 - https:\/\/yoast.com\/product\/yoast-seo-wordpress\/ -->\n<title>Junta de Freguesia de Budens inicia entrega de dispositivos de Teleassist\u00eancia\u00a0 - Algarve 7<\/title>\n<meta name=\"description\" content=\"Junta de Freguesia de Budens inicia entrega de dispositivos de Teleassist\u00eancia\u00a0 Sa\u00fade\" \/>\n<meta name=\"robots\" content=\"index, follow, max-snippet:-1, max-image-preview:large, max-video-preview:-1\" \/>\n<link rel=\"canonical\" href=\"https:\/\/algarve7.pt\/index.php\/2026\/04\/junta-de-freguesia-de-budens-inicia-entrega-de-dispositivos-de-teleassistencia\/saude\/16\/24\/\" \/>\n<meta property=\"og:locale\" content=\"pt_PT\" \/>\n<meta property=\"og:type\" content=\"article\" \/>\n<meta property=\"og:title\" content=\"Junta de Freguesia de Budens inicia entrega de dispositivos de Teleassist\u00eancia\u00a0 - Algarve 7\" \/>\n<meta property=\"og:description\" content=\"Junta de Freguesia de Budens inicia entrega de dispositivos de Teleassist\u00eancia\u00a0 Sa\u00fade\" \/>\n<meta property=\"og:url\" content=\"https:\/\/algarve7.pt\/index.php\/2026\/04\/junta-de-freguesia-de-budens-inicia-entrega-de-dispositivos-de-teleassistencia\/saude\/16\/24\/\" \/>\n<meta property=\"og:site_name\" content=\"Algarve 7\" \/>\n<meta property=\"article:publisher\" content=\"https:\/\/www.facebook.com\/algarve7\" \/>\n<meta property=\"article:author\" content=\"https:\/\/www.facebook.com\/algarve7\" \/>\n<meta property=\"article:published_time\" content=\"2026-04-28T15:24:25+00:00\" \/>\n<meta property=\"article:modified_time\" content=\"2026-04-28T15:24:27+00:00\" \/>\n<meta property=\"og:image\" content=\"https:\/\/algarve7.pt\/wp-content\/uploads\/2026\/04\/1000111668.jpg\" \/>\n\t<meta property=\"og:image:width\" content=\"800\" \/>\n\t<meta property=\"og:image:height\" content=\"445\" \/>\n\t<meta property=\"og:image:type\" content=\"image\/jpeg\" \/>\n<meta name=\"author\" content=\"Algarve 7\" \/>\n<meta name=\"twitter:card\" content=\"summary_large_image\" \/>\n<meta name=\"twitter:creator\" content=\"@Algarvesete\" \/>\n<meta name=\"twitter:site\" content=\"@Algarvesete\" \/>\n<meta name=\"twitter:label1\" content=\"Escrito por\" \/>\n\t<meta name=\"twitter:data1\" content=\"Algarve 7\" \/>\n\t<meta name=\"twitter:label2\" content=\"Tempo estimado de leitura\" \/>\n\t<meta name=\"twitter:data2\" content=\"2 minutos\" \/>\n<script type=\"application\/ld+json\" class=\"yoast-schema-graph\">{\"@context\":\"https:\\\/\\\/schema.org\",\"@graph\":[{\"@type\":\"Article\",\"@id\":\"https:\\\/\\\/algarve7.pt\\\/index.php\\\/2026\\\/04\\\/junta-de-freguesia-de-budens-inicia-entrega-de-dispositivos-de-teleassistencia\\\/saude\\\/16\\\/24\\\/#article\",\"isPartOf\":{\"@id\":\"https:\\\/\\\/algarve7.pt\\\/index.php\\\/2026\\\/04\\\/junta-de-freguesia-de-budens-inicia-entrega-de-dispositivos-de-teleassistencia\\\/saude\\\/16\\\/24\\\/\"},\"author\":{\"name\":\"Algarve 7\",\"@id\":\"https:\\\/\\\/algarve7.pt\\\/#\\\/schema\\\/person\\\/23fa70681308e7b319a3204bcea45e0c\"},\"headline\":\"Junta de Freguesia de Budens inicia entrega de dispositivos de Teleassist\u00eancia\u00a0\",\"datePublished\":\"2026-04-28T15:24:25+00:00\",\"dateModified\":\"2026-04-28T15:24:27+00:00\",\"mainEntityOfPage\":{\"@id\":\"https:\\\/\\\/algarve7.pt\\\/index.php\\\/2026\\\/04\\\/junta-de-freguesia-de-budens-inicia-entrega-de-dispositivos-de-teleassistencia\\\/saude\\\/16\\\/24\\\/\"},\"wordCount\":373,\"publisher\":{\"@id\":\"https:\\\/\\\/algarve7.pt\\\/#organization\"},\"image\":{\"@id\":\"https:\\\/\\\/algarve7.pt\\\/index.php\\\/2026\\\/04\\\/junta-de-freguesia-de-budens-inicia-entrega-de-dispositivos-de-teleassistencia\\\/saude\\\/16\\\/24\\\/#primaryimage\"},\"thumbnailUrl\":\"https:\\\/\\\/algarve7.pt\\\/wp-content\\\/uploads\\\/2026\\\/04\\\/1000111668.jpg\",\"keywords\":[\"Algarve\",\"Budens\",\"Sa\u00fade\",\"Vila do Bispo\"],\"articleSection\":[\"Sa\u00fade\"],\"inLanguage\":\"pt-PT\"},{\"@type\":\"WebPage\",\"@id\":\"https:\\\/\\\/algarve7.pt\\\/index.php\\\/2026\\\/04\\\/junta-de-freguesia-de-budens-inicia-entrega-de-dispositivos-de-teleassistencia\\\/saude\\\/16\\\/24\\\/\",\"url\":\"https:\\\/\\\/algarve7.pt\\\/index.php\\\/2026\\\/04\\\/junta-de-freguesia-de-budens-inicia-entrega-de-dispositivos-de-teleassistencia\\\/saude\\\/16\\\/24\\\/\",\"name\":\"Junta de Freguesia de Budens inicia entrega de dispositivos de Teleassist\u00eancia\u00a0 - Algarve 7\",\"isPartOf\":{\"@id\":\"https:\\\/\\\/algarve7.pt\\\/#website\"},\"primaryImageOfPage\":{\"@id\":\"https:\\\/\\\/algarve7.pt\\\/index.php\\\/2026\\\/04\\\/junta-de-freguesia-de-budens-inicia-entrega-de-dispositivos-de-teleassistencia\\\/saude\\\/16\\\/24\\\/#primaryimage\"},\"image\":{\"@id\":\"https:\\\/\\\/algarve7.pt\\\/index.php\\\/2026\\\/04\\\/junta-de-freguesia-de-budens-inicia-entrega-de-dispositivos-de-teleassistencia\\\/saude\\\/16\\\/24\\\/#primaryimage\"},\"thumbnailUrl\":\"https:\\\/\\\/algarve7.pt\\\/wp-content\\\/uploads\\\/2026\\\/04\\\/1000111668.jpg\",\"datePublished\":\"2026-04-28T15:24:25+00:00\",\"dateModified\":\"2026-04-28T15:24:27+00:00\",\"description\":\"Junta de Freguesia de Budens inicia entrega de dispositivos de Teleassist\u00eancia\u00a0 Sa\u00fade\",\"breadcrumb\":{\"@id\":\"https:\\\/\\\/algarve7.pt\\\/index.php\\\/2026\\\/04\\\/junta-de-freguesia-de-budens-inicia-entrega-de-dispositivos-de-teleassistencia\\\/saude\\\/16\\\/24\\\/#breadcrumb\"},\"inLanguage\":\"pt-PT\",\"potentialAction\":[{\"@type\":\"ReadAction\",\"target\":[\"https:\\\/\\\/algarve7.pt\\\/index.php\\\/2026\\\/04\\\/junta-de-freguesia-de-budens-inicia-entrega-de-dispositivos-de-teleassistencia\\\/saude\\\/16\\\/24\\\/\"]}]},{\"@type\":\"ImageObject\",\"inLanguage\":\"pt-PT\",\"@id\":\"https:\\\/\\\/algarve7.pt\\\/index.php\\\/2026\\\/04\\\/junta-de-freguesia-de-budens-inicia-entrega-de-dispositivos-de-teleassistencia\\\/saude\\\/16\\\/24\\\/#primaryimage\",\"url\":\"https:\\\/\\\/algarve7.pt\\\/wp-content\\\/uploads\\\/2026\\\/04\\\/1000111668.jpg\",\"contentUrl\":\"https:\\\/\\\/algarve7.pt\\\/wp-content\\\/uploads\\\/2026\\\/04\\\/1000111668.jpg\",\"width\":800,\"height\":445},{\"@type\":\"BreadcrumbList\",\"@id\":\"https:\\\/\\\/algarve7.pt\\\/index.php\\\/2026\\\/04\\\/junta-de-freguesia-de-budens-inicia-entrega-de-dispositivos-de-teleassistencia\\\/saude\\\/16\\\/24\\\/#breadcrumb\",\"itemListElement\":[{\"@type\":\"ListItem\",\"position\":1,\"name\":\"In\u00edcio\",\"item\":\"https:\\\/\\\/algarve7.pt\\\/\"},{\"@type\":\"ListItem\",\"position\":2,\"name\":\"Junta de Freguesia de Budens inicia entrega de dispositivos de Teleassist\u00eancia\u00a0\"}]},{\"@type\":\"WebSite\",\"@id\":\"https:\\\/\\\/algarve7.pt\\\/#website\",\"url\":\"https:\\\/\\\/algarve7.pt\\\/\",\"name\":\"Algarve 7\",\"description\":\"Informa\u00e7\u00e3o sobre o Algarve\",\"publisher\":{\"@id\":\"https:\\\/\\\/algarve7.pt\\\/#organization\"},\"potentialAction\":[{\"@type\":\"SearchAction\",\"target\":{\"@type\":\"EntryPoint\",\"urlTemplate\":\"https:\\\/\\\/algarve7.pt\\\/?s={search_term_string}\"},\"query-input\":{\"@type\":\"PropertyValueSpecification\",\"valueRequired\":true,\"valueName\":\"search_term_string\"}}],\"inLanguage\":\"pt-PT\"},{\"@type\":\"Organization\",\"@id\":\"https:\\\/\\\/algarve7.pt\\\/#organization\",\"name\":\"Algarve 7\",\"url\":\"https:\\\/\\\/algarve7.pt\\\/\",\"logo\":{\"@type\":\"ImageObject\",\"inLanguage\":\"pt-PT\",\"@id\":\"https:\\\/\\\/algarve7.pt\\\/#\\\/schema\\\/logo\\\/image\\\/\",\"url\":\"https:\\\/\\\/algarve7.pt\\\/wp-content\\\/uploads\\\/2020\\\/10\\\/Logo-8.jpg\",\"contentUrl\":\"https:\\\/\\\/algarve7.pt\\\/wp-content\\\/uploads\\\/2020\\\/10\\\/Logo-8.jpg\",\"width\":1680,\"height\":1186,\"caption\":\"Algarve 7\"},\"image\":{\"@id\":\"https:\\\/\\\/algarve7.pt\\\/#\\\/schema\\\/logo\\\/image\\\/\"},\"sameAs\":[\"https:\\\/\\\/www.facebook.com\\\/algarve7\",\"https:\\\/\\\/x.com\\\/Algarvesete\",\"https:\\\/\\\/www.instagram.com\\\/jornalalgarve7\\\/\",\"https:\\\/\\\/www.linkedin.com\\\/company\\\/algarve7\",\"https:\\\/\\\/www.pinterest.pt\\\/geral0939\\\/_created\\\/\"]},{\"@type\":\"Person\",\"@id\":\"https:\\\/\\\/algarve7.pt\\\/#\\\/schema\\\/person\\\/23fa70681308e7b319a3204bcea45e0c\",\"name\":\"Algarve 7\",\"sameAs\":[\"https:\\\/\\\/algarve7.pt\",\"https:\\\/\\\/www.facebook.com\\\/algarve7\"],\"url\":\"https:\\\/\\\/algarve7.pt\\\/index.php\\\/author\\\/geralalgarve7-pt\\\/\"}]}<\/script>\n<!-- \/ Yoast SEO plugin. -->","yoast_head_json":{"title":"Junta de Freguesia de Budens inicia entrega de dispositivos de Teleassist\u00eancia\u00a0 - Algarve 7","description":"Junta de Freguesia de Budens inicia entrega de dispositivos de Teleassist\u00eancia\u00a0 Sa\u00fade","robots":{"index":"index","follow":"follow","max-snippet":"max-snippet:-1","max-image-preview":"max-image-preview:large","max-video-preview":"max-video-preview:-1"},"canonical":"https:\/\/algarve7.pt\/index.php\/2026\/04\/junta-de-freguesia-de-budens-inicia-entrega-de-dispositivos-de-teleassistencia\/saude\/16\/24\/","og_locale":"pt_PT","og_type":"article","og_title":"Junta de Freguesia de Budens inicia entrega de dispositivos de Teleassist\u00eancia\u00a0 - Algarve 7","og_description":"Junta de Freguesia de Budens inicia entrega de dispositivos de Teleassist\u00eancia\u00a0 Sa\u00fade","og_url":"https:\/\/algarve7.pt\/index.php\/2026\/04\/junta-de-freguesia-de-budens-inicia-entrega-de-dispositivos-de-teleassistencia\/saude\/16\/24\/","og_site_name":"Algarve 7","article_publisher":"https:\/\/www.facebook.com\/algarve7","article_author":"https:\/\/www.facebook.com\/algarve7","article_published_time":"2026-04-28T15:24:25+00:00","article_modified_time":"2026-04-28T15:24:27+00:00","og_image":[{"width":800,"height":445,"url":"https:\/\/algarve7.pt\/wp-content\/uploads\/2026\/04\/1000111668.jpg","type":"image\/jpeg"}],"author":"Algarve 7","twitter_card":"summary_large_image","twitter_creator":"@Algarvesete","twitter_site":"@Algarvesete","twitter_misc":{"Escrito por":"Algarve 7","Tempo estimado de leitura":"2 minutos"},"schema":{"@context":"https:\/\/schema.org","@graph":[{"@type":"Article","@id":"https:\/\/algarve7.pt\/index.php\/2026\/04\/junta-de-freguesia-de-budens-inicia-entrega-de-dispositivos-de-teleassistencia\/saude\/16\/24\/#article","isPartOf":{"@id":"https:\/\/algarve7.pt\/index.php\/2026\/04\/junta-de-freguesia-de-budens-inicia-entrega-de-dispositivos-de-teleassistencia\/saude\/16\/24\/"},"author":{"name":"Algarve 7","@id":"https:\/\/algarve7.pt\/#\/schema\/person\/23fa70681308e7b319a3204bcea45e0c"},"headline":"Junta de Freguesia de Budens inicia entrega de dispositivos de Teleassist\u00eancia\u00a0","datePublished":"2026-04-28T15:24:25+00:00","dateModified":"2026-04-28T15:24:27+00:00","mainEntityOfPage":{"@id":"https:\/\/algarve7.pt\/index.php\/2026\/04\/junta-de-freguesia-de-budens-inicia-entrega-de-dispositivos-de-teleassistencia\/saude\/16\/24\/"},"wordCount":373,"publisher":{"@id":"https:\/\/algarve7.pt\/#organization"},"image":{"@id":"https:\/\/algarve7.pt\/index.php\/2026\/04\/junta-de-freguesia-de-budens-inicia-entrega-de-dispositivos-de-teleassistencia\/saude\/16\/24\/#primaryimage"},"thumbnailUrl":"https:\/\/algarve7.pt\/wp-content\/uploads\/2026\/04\/1000111668.jpg","keywords":["Algarve","Budens","Sa\u00fade","Vila do Bispo"],"articleSection":["Sa\u00fade"],"inLanguage":"pt-PT"},{"@type":"WebPage","@id":"https:\/\/algarve7.pt\/index.php\/2026\/04\/junta-de-freguesia-de-budens-inicia-entrega-de-dispositivos-de-teleassistencia\/saude\/16\/24\/","url":"https:\/\/algarve7.pt\/index.php\/2026\/04\/junta-de-freguesia-de-budens-inicia-entrega-de-dispositivos-de-teleassistencia\/saude\/16\/24\/","name":"Junta de Freguesia de Budens inicia entrega de dispositivos de Teleassist\u00eancia\u00a0 - Algarve 7","isPartOf":{"@id":"https:\/\/algarve7.pt\/#website"},"primaryImageOfPage":{"@id":"https:\/\/algarve7.pt\/index.php\/2026\/04\/junta-de-freguesia-de-budens-inicia-entrega-de-dispositivos-de-teleassistencia\/saude\/16\/24\/#primaryimage"},"image":{"@id":"https:\/\/algarve7.pt\/index.php\/2026\/04\/junta-de-freguesia-de-budens-inicia-entrega-de-dispositivos-de-teleassistencia\/saude\/16\/24\/#primaryimage"},"thumbnailUrl":"https:\/\/algarve7.pt\/wp-content\/uploads\/2026\/04\/1000111668.jpg","datePublished":"2026-04-28T15:24:25+00:00","dateModified":"2026-04-28T15:24:27+00:00","description":"Junta de Freguesia de Budens inicia entrega de dispositivos de Teleassist\u00eancia\u00a0 Sa\u00fade","breadcrumb":{"@id":"https:\/\/algarve7.pt\/index.php\/2026\/04\/junta-de-freguesia-de-budens-inicia-entrega-de-dispositivos-de-teleassistencia\/saude\/16\/24\/#breadcrumb"},"inLanguage":"pt-PT","potentialAction":[{"@type":"ReadAction","target":["https:\/\/algarve7.pt\/index.php\/2026\/04\/junta-de-freguesia-de-budens-inicia-entrega-de-dispositivos-de-teleassistencia\/saude\/16\/24\/"]}]},{"@type":"ImageObject","inLanguage":"pt-PT","@id":"https:\/\/algarve7.pt\/index.php\/2026\/04\/junta-de-freguesia-de-budens-inicia-entrega-de-dispositivos-de-teleassistencia\/saude\/16\/24\/#primaryimage","url":"https:\/\/algarve7.pt\/wp-content\/uploads\/2026\/04\/1000111668.jpg","contentUrl":"https:\/\/algarve7.pt\/wp-content\/uploads\/2026\/04\/1000111668.jpg","width":800,"height":445},{"@type":"BreadcrumbList","@id":"https:\/\/algarve7.pt\/index.php\/2026\/04\/junta-de-freguesia-de-budens-inicia-entrega-de-dispositivos-de-teleassistencia\/saude\/16\/24\/#breadcrumb","itemListElement":[{"@type":"ListItem","position":1,"name":"In\u00edcio","item":"https:\/\/algarve7.pt\/"},{"@type":"ListItem","position":2,"name":"Junta de Freguesia de Budens inicia entrega de dispositivos de Teleassist\u00eancia\u00a0"}]},{"@type":"WebSite","@id":"https:\/\/algarve7.pt\/#website","url":"https:\/\/algarve7.pt\/","name":"Algarve 7","description":"Informa\u00e7\u00e3o sobre o Algarve","publisher":{"@id":"https:\/\/algarve7.pt\/#organization"},"potentialAction":[{"@type":"SearchAction","target":{"@type":"EntryPoint","urlTemplate":"https:\/\/algarve7.pt\/?s={search_term_string}"},"query-input":{"@type":"PropertyValueSpecification","valueRequired":true,"valueName":"search_term_string"}}],"inLanguage":"pt-PT"},{"@type":"Organization","@id":"https:\/\/algarve7.pt\/#organization","name":"Algarve 7","url":"https:\/\/algarve7.pt\/","logo":{"@type":"ImageObject","inLanguage":"pt-PT","@id":"https:\/\/algarve7.pt\/#\/schema\/logo\/image\/","url":"https:\/\/algarve7.pt\/wp-content\/uploads\/2020\/10\/Logo-8.jpg","contentUrl":"https:\/\/algarve7.pt\/wp-content\/uploads\/2020\/10\/Logo-8.jpg","width":1680,"height":1186,"caption":"Algarve 7"},"image":{"@id":"https:\/\/algarve7.pt\/#\/schema\/logo\/image\/"},"sameAs":["https:\/\/www.facebook.com\/algarve7","https:\/\/x.com\/Algarvesete","https:\/\/www.instagram.com\/jornalalgarve7\/","https:\/\/www.linkedin.com\/company\/algarve7","https:\/\/www.pinterest.pt\/geral0939\/_created\/"]},{"@type":"Person","@id":"https:\/\/algarve7.pt\/#\/schema\/person\/23fa70681308e7b319a3204bcea45e0c","name":"Algarve 7","sameAs":["https:\/\/algarve7.pt","https:\/\/www.facebook.com\/algarve7"],"url":"https:\/\/algarve7.pt\/index.php\/author\/geralalgarve7-pt\/"}]}},"jetpack_publicize_connections":[],"jetpack_featured_media_url":"https:\/\/algarve7.pt\/wp-content\/uploads\/2026\/04\/1000111668.jpg","jetpack_shortlink":"https:\/\/wp.me\/pcezmW-g2l","jetpack_sharing_enabled":true,"_links":{"self":[{"href":"https:\/\/algarve7.pt\/index.php\/wp-json\/wp\/v2\/posts\/61649","targetHints":{"allow":["GET"]}}],"collection":[{"href":"https:\/\/algarve7.pt\/index.php\/wp-json\/wp\/v2\/posts"}],"about":[{"href":"https:\/\/algarve7.pt\/index.php\/wp-json\/wp\/v2\/types\/post"}],"author":[{"embeddable":true,"href":"https:\/\/algarve7.pt\/index.php\/wp-json\/wp\/v2\/users\/1"}],"replies":[{"embeddable":true,"href":"https:\/\/algarve7.pt\/index.php\/wp-json\/wp\/v2\/comments?post=61649"}],"version-history":[{"count":1,"href":"https:\/\/algarve7.pt\/index.php\/wp-json\/wp\/v2\/posts\/61649\/revisions"}],"predecessor-version":[{"id":61651,"href":"https:\/\/algarve7.pt\/index.php\/wp-json\/wp\/v2\/posts\/61649\/revisions\/61651"}],"wp:featuredmedia":[{"embeddable":true,"href":"https:\/\/algarve7.pt\/index.php\/wp-json\/wp\/v2\/media\/61650"}],"wp:attachment":[{"href":"https:\/\/algarve7.pt\/index.php\/wp-json\/wp\/v2\/media?parent=61649"}],"wp:term":[{"taxonomy":"category","embeddable":true,"href":"https:\/\/algarve7.pt\/index.php\/wp-json\/wp\/v2\/categories?post=61649"},{"taxonomy":"post_tag","embeddable":true,"href":"https:\/\/algarve7.pt\/index.php\/wp-json\/wp\/v2\/tags?post=61649"}],"curies":[{"name":"wp","href":"https:\/\/api.w.org\/{rel}","templated":true}]}}