{"id":61639,"date":"2026-04-29T08:00:00","date_gmt":"2026-04-29T07:00:00","guid":{"rendered":"https:\/\/algarve7.pt\/?p=61639"},"modified":"2026-04-28T16:03:23","modified_gmt":"2026-04-28T15:03:23","slug":"municipio-de-sao-bras-de-alportel-e-universidade-do-algarve-reforcam-cooperacao","status":"publish","type":"post","link":"https:\/\/algarve7.pt\/index.php\/2026\/04\/municipio-de-sao-bras-de-alportel-e-universidade-do-algarve-reforcam-cooperacao\/educacao\/08\/00\/","title":{"rendered":"Munic\u00edpio de S\u00e3o Br\u00e1s de Alportel e Universidade do Algarve refor\u00e7am coopera\u00e7\u00e3o"},"content":{"rendered":"\n<p><strong>O Munic\u00edpio de S\u00e3o Br\u00e1s de Alportel e a Universidade do Algarve estreitam os seus la\u00e7os de coopera\u00e7\u00e3o, refor\u00e7ando a aproxima\u00e7\u00e3o da academia ao territ\u00f3rio e \u00e0s comunidades.<\/strong><\/p>\n\n\n\n<p>Este refor\u00e7o da colabora\u00e7\u00e3o institucional foi o prop\u00f3sito de uma reuni\u00e3o realizada no in\u00edcio deste m\u00eas, na C\u00e2mara Municipal de S\u00e3o Br\u00e1s de Alportel, que juntou o executivo municipal a tempo inteiro e a magn\u00edfica reitora da Universidade do Algarve, Alexandra Teod\u00f3sio, acompanhada pela sua adjunta, Sofia Vairinhos.<\/p>\n\n\n\n<p>O refor\u00e7o do protocolo j\u00e1 existente entre as duas entidades e o alargamento da coopera\u00e7\u00e3o institucional, com vista ao desenvolvimento de novas iniciativas conjuntas nas \u00e1reas do ensino, da forma\u00e7\u00e3o e investiga\u00e7\u00e3o foram temas abordados na reuni\u00e3o onde foram discutidas oportunidades de colabora\u00e7\u00e3o em diferentes ciclos de estudo, incluindo experi\u00eancias pr\u00e1ticas no terreno, bem como a realiza\u00e7\u00e3o de atividades acad\u00e9micas e cient\u00edficas no concelho.<\/p>\n\n\n\n<p>Foi ainda destacada a import\u00e2ncia de refor\u00e7ar a liga\u00e7\u00e3o entre a comunidade escolar e o tecido empresarial local, nomeadamente no contexto dos Cursos T\u00e9cnicos Superiores Profissionais (CTeSP), promovendo uma maior articula\u00e7\u00e3o entre educa\u00e7\u00e3o, inova\u00e7\u00e3o e desenvolvimento econ\u00f3mico.<\/p>\n\n\n\n<p>A reuni\u00e3o permitiu igualmente abordar iniciativas de valoriza\u00e7\u00e3o do territ\u00f3rio e de dinamiza\u00e7\u00e3o do conhecimento, assim como a possibilidade de realiza\u00e7\u00e3o de eventos acad\u00e9micos e de divulga\u00e7\u00e3o cient\u00edfica em S\u00e3o Br\u00e1s de Alportel, envolvendo escolas, empresas, entidades locais e centros de investiga\u00e7\u00e3o.<\/p>\n\n\n\n<p>Por fim, foram analisadas perspetivas de coopera\u00e7\u00e3o futura na \u00e1rea da investiga\u00e7\u00e3o e da a\u00e7\u00e3o social, incluindo projetos em parceria com estruturas municipais.<\/p>\n\n\n\n<p>\u00c0 margem da reuni\u00e3o foi estabelecido o objetivo de firmar nos pr\u00f3ximos meses o Pacto Conhecimento e Inova\u00e7\u00e3o.<\/p>\n\n\n\n<p>A Universidade do Algarve (UAlg) foi criada oficialmente em 1979, atrav\u00e9s da Lei n.\u00ba 11\/79, de 28 de mar\u00e7o, tendo iniciado a sua atividade letiva em 1983. Resultante de uma vontade regional, tem vindo, ano ap\u00f3s anos, a afirmar-se a n\u00edvel regional, nacional e internacional como um polo de ensino superior no sul do pa\u00eds, com uma forte liga\u00e7\u00e3o ao territ\u00f3rio e \u00e0s comunidades onde se insere.<\/p>\n\n\n\n<p>Este encontro refor\u00e7a o compromisso conjunto de continuar a desenvolver uma rela\u00e7\u00e3o de coopera\u00e7\u00e3o pr\u00f3xima, orientada para a valoriza\u00e7\u00e3o do territ\u00f3rio e das suas comunidades.<\/p>\n","protected":false},"excerpt":{"rendered":"<p>O Munic\u00edpio de S\u00e3o Br\u00e1s de Alportel e a Universidade do Algarve estreitam os seus la\u00e7os de coopera\u00e7\u00e3o, refor\u00e7ando a<\/p>\n","protected":false},"author":1,"featured_media":61640,"comment_status":"closed","ping_status":"closed","sticky":false,"template":"","format":"standard","meta":{"colormag_page_container_layout":"default_layout","colormag_page_sidebar_layout":"default_layout","_monsterinsights_skip_tracking":false,"_monsterinsights_sitenote_active":false,"_monsterinsights_sitenote_note":"","_monsterinsights_sitenote_category":0,"jetpack_post_was_ever_published":false,"_jetpack_newsletter_access":"","_jetpack_dont_email_post_to_subs":false,"_jetpack_newsletter_tier_id":0,"_jetpack_memberships_contains_paywalled_content":false,"_jetpack_memberships_contains_paid_content":false,"footnotes":"","jetpack_publicize_message":"","jetpack_publicize_feature_enabled":true,"jetpack_social_post_already_shared":true,"jetpack_social_options":{"image_generator_settings":{"template":"highway","default_image_id":0,"font":"","enabled":false},"version":2}},"categories":[93],"tags":[36,74,63,182],"class_list":["post-61639","post","type-post","status-publish","format-standard","has-post-thumbnail","hentry","category-educacao","tag-algarve","tag-educacao","tag-sao-bras-de-alportel","tag-ualg"],"yoast_head":"<!-- This site is optimized with the Yoast SEO plugin v27.5 - https:\/\/yoast.com\/product\/yoast-seo-wordpress\/ -->\n<title>Munic\u00edpio de S\u00e3o Br\u00e1s de Alportel e Universidade do Algarve refor\u00e7am coopera\u00e7\u00e3o - Algarve 7<\/title>\n<meta name=\"description\" content=\"Munic\u00edpio de S\u00e3o Br\u00e1s de Alportel e Universidade do Algarve refor\u00e7am coopera\u00e7\u00e3o Educa\u00e7\u00e3o\" \/>\n<meta name=\"robots\" content=\"index, follow, max-snippet:-1, max-image-preview:large, max-video-preview:-1\" \/>\n<link rel=\"canonical\" href=\"https:\/\/algarve7.pt\/index.php\/2026\/04\/municipio-de-sao-bras-de-alportel-e-universidade-do-algarve-reforcam-cooperacao\/educacao\/08\/00\/\" \/>\n<meta property=\"og:locale\" content=\"pt_PT\" \/>\n<meta property=\"og:type\" content=\"article\" \/>\n<meta property=\"og:title\" content=\"Munic\u00edpio de S\u00e3o Br\u00e1s de Alportel e Universidade do Algarve refor\u00e7am coopera\u00e7\u00e3o - Algarve 7\" \/>\n<meta property=\"og:description\" content=\"Munic\u00edpio de S\u00e3o Br\u00e1s de Alportel e Universidade do Algarve refor\u00e7am coopera\u00e7\u00e3o Educa\u00e7\u00e3o\" \/>\n<meta property=\"og:url\" content=\"https:\/\/algarve7.pt\/index.php\/2026\/04\/municipio-de-sao-bras-de-alportel-e-universidade-do-algarve-reforcam-cooperacao\/educacao\/08\/00\/\" \/>\n<meta property=\"og:site_name\" content=\"Algarve 7\" \/>\n<meta property=\"article:publisher\" content=\"https:\/\/www.facebook.com\/algarve7\" \/>\n<meta property=\"article:author\" content=\"https:\/\/www.facebook.com\/algarve7\" \/>\n<meta property=\"article:published_time\" content=\"2026-04-29T07:00:00+00:00\" \/>\n<meta property=\"og:image\" content=\"https:\/\/algarve7.pt\/wp-content\/uploads\/2026\/04\/Reuniao_CMSBA_UALg_2026.jpeg\" \/>\n\t<meta property=\"og:image:width\" content=\"800\" \/>\n\t<meta property=\"og:image:height\" content=\"445\" \/>\n\t<meta property=\"og:image:type\" content=\"image\/jpeg\" \/>\n<meta name=\"author\" content=\"Algarve 7\" \/>\n<meta name=\"twitter:card\" content=\"summary_large_image\" \/>\n<meta name=\"twitter:creator\" content=\"@Algarvesete\" \/>\n<meta name=\"twitter:site\" content=\"@Algarvesete\" \/>\n<meta name=\"twitter:label1\" content=\"Escrito por\" \/>\n\t<meta name=\"twitter:data1\" content=\"Algarve 7\" \/>\n\t<meta name=\"twitter:label2\" content=\"Tempo estimado de leitura\" \/>\n\t<meta name=\"twitter:data2\" content=\"3 minutos\" \/>\n<script type=\"application\/ld+json\" class=\"yoast-schema-graph\">{\"@context\":\"https:\\\/\\\/schema.org\",\"@graph\":[{\"@type\":\"Article\",\"@id\":\"https:\\\/\\\/algarve7.pt\\\/index.php\\\/2026\\\/04\\\/municipio-de-sao-bras-de-alportel-e-universidade-do-algarve-reforcam-cooperacao\\\/educacao\\\/08\\\/00\\\/#article\",\"isPartOf\":{\"@id\":\"https:\\\/\\\/algarve7.pt\\\/index.php\\\/2026\\\/04\\\/municipio-de-sao-bras-de-alportel-e-universidade-do-algarve-reforcam-cooperacao\\\/educacao\\\/08\\\/00\\\/\"},\"author\":{\"name\":\"Algarve 7\",\"@id\":\"https:\\\/\\\/algarve7.pt\\\/#\\\/schema\\\/person\\\/23fa70681308e7b319a3204bcea45e0c\"},\"headline\":\"Munic\u00edpio de S\u00e3o Br\u00e1s de Alportel e Universidade do Algarve refor\u00e7am coopera\u00e7\u00e3o\",\"datePublished\":\"2026-04-29T07:00:00+00:00\",\"mainEntityOfPage\":{\"@id\":\"https:\\\/\\\/algarve7.pt\\\/index.php\\\/2026\\\/04\\\/municipio-de-sao-bras-de-alportel-e-universidade-do-algarve-reforcam-cooperacao\\\/educacao\\\/08\\\/00\\\/\"},\"wordCount\":432,\"publisher\":{\"@id\":\"https:\\\/\\\/algarve7.pt\\\/#organization\"},\"image\":{\"@id\":\"https:\\\/\\\/algarve7.pt\\\/index.php\\\/2026\\\/04\\\/municipio-de-sao-bras-de-alportel-e-universidade-do-algarve-reforcam-cooperacao\\\/educacao\\\/08\\\/00\\\/#primaryimage\"},\"thumbnailUrl\":\"https:\\\/\\\/algarve7.pt\\\/wp-content\\\/uploads\\\/2026\\\/04\\\/Reuniao_CMSBA_UALg_2026.jpeg\",\"keywords\":[\"Algarve\",\"Educa\u00e7\u00e3o\",\"S\u00e3o Br\u00e1s de Alportel\",\"UALG\"],\"articleSection\":[\"Educa\u00e7\u00e3o\"],\"inLanguage\":\"pt-PT\"},{\"@type\":\"WebPage\",\"@id\":\"https:\\\/\\\/algarve7.pt\\\/index.php\\\/2026\\\/04\\\/municipio-de-sao-bras-de-alportel-e-universidade-do-algarve-reforcam-cooperacao\\\/educacao\\\/08\\\/00\\\/\",\"url\":\"https:\\\/\\\/algarve7.pt\\\/index.php\\\/2026\\\/04\\\/municipio-de-sao-bras-de-alportel-e-universidade-do-algarve-reforcam-cooperacao\\\/educacao\\\/08\\\/00\\\/\",\"name\":\"Munic\u00edpio de S\u00e3o Br\u00e1s de Alportel e Universidade do Algarve refor\u00e7am coopera\u00e7\u00e3o - Algarve 7\",\"isPartOf\":{\"@id\":\"https:\\\/\\\/algarve7.pt\\\/#website\"},\"primaryImageOfPage\":{\"@id\":\"https:\\\/\\\/algarve7.pt\\\/index.php\\\/2026\\\/04\\\/municipio-de-sao-bras-de-alportel-e-universidade-do-algarve-reforcam-cooperacao\\\/educacao\\\/08\\\/00\\\/#primaryimage\"},\"image\":{\"@id\":\"https:\\\/\\\/algarve7.pt\\\/index.php\\\/2026\\\/04\\\/municipio-de-sao-bras-de-alportel-e-universidade-do-algarve-reforcam-cooperacao\\\/educacao\\\/08\\\/00\\\/#primaryimage\"},\"thumbnailUrl\":\"https:\\\/\\\/algarve7.pt\\\/wp-content\\\/uploads\\\/2026\\\/04\\\/Reuniao_CMSBA_UALg_2026.jpeg\",\"datePublished\":\"2026-04-29T07:00:00+00:00\",\"description\":\"Munic\u00edpio de S\u00e3o Br\u00e1s de Alportel e Universidade do Algarve refor\u00e7am coopera\u00e7\u00e3o Educa\u00e7\u00e3o\",\"breadcrumb\":{\"@id\":\"https:\\\/\\\/algarve7.pt\\\/index.php\\\/2026\\\/04\\\/municipio-de-sao-bras-de-alportel-e-universidade-do-algarve-reforcam-cooperacao\\\/educacao\\\/08\\\/00\\\/#breadcrumb\"},\"inLanguage\":\"pt-PT\",\"potentialAction\":[{\"@type\":\"ReadAction\",\"target\":[\"https:\\\/\\\/algarve7.pt\\\/index.php\\\/2026\\\/04\\\/municipio-de-sao-bras-de-alportel-e-universidade-do-algarve-reforcam-cooperacao\\\/educacao\\\/08\\\/00\\\/\"]}]},{\"@type\":\"ImageObject\",\"inLanguage\":\"pt-PT\",\"@id\":\"https:\\\/\\\/algarve7.pt\\\/index.php\\\/2026\\\/04\\\/municipio-de-sao-bras-de-alportel-e-universidade-do-algarve-reforcam-cooperacao\\\/educacao\\\/08\\\/00\\\/#primaryimage\",\"url\":\"https:\\\/\\\/algarve7.pt\\\/wp-content\\\/uploads\\\/2026\\\/04\\\/Reuniao_CMSBA_UALg_2026.jpeg\",\"contentUrl\":\"https:\\\/\\\/algarve7.pt\\\/wp-content\\\/uploads\\\/2026\\\/04\\\/Reuniao_CMSBA_UALg_2026.jpeg\",\"width\":800,\"height\":445},{\"@type\":\"BreadcrumbList\",\"@id\":\"https:\\\/\\\/algarve7.pt\\\/index.php\\\/2026\\\/04\\\/municipio-de-sao-bras-de-alportel-e-universidade-do-algarve-reforcam-cooperacao\\\/educacao\\\/08\\\/00\\\/#breadcrumb\",\"itemListElement\":[{\"@type\":\"ListItem\",\"position\":1,\"name\":\"In\u00edcio\",\"item\":\"https:\\\/\\\/algarve7.pt\\\/\"},{\"@type\":\"ListItem\",\"position\":2,\"name\":\"Munic\u00edpio de S\u00e3o Br\u00e1s de Alportel e Universidade do Algarve refor\u00e7am coopera\u00e7\u00e3o\"}]},{\"@type\":\"WebSite\",\"@id\":\"https:\\\/\\\/algarve7.pt\\\/#website\",\"url\":\"https:\\\/\\\/algarve7.pt\\\/\",\"name\":\"Algarve 7\",\"description\":\"Informa\u00e7\u00e3o sobre o Algarve\",\"publisher\":{\"@id\":\"https:\\\/\\\/algarve7.pt\\\/#organization\"},\"potentialAction\":[{\"@type\":\"SearchAction\",\"target\":{\"@type\":\"EntryPoint\",\"urlTemplate\":\"https:\\\/\\\/algarve7.pt\\\/?s={search_term_string}\"},\"query-input\":{\"@type\":\"PropertyValueSpecification\",\"valueRequired\":true,\"valueName\":\"search_term_string\"}}],\"inLanguage\":\"pt-PT\"},{\"@type\":\"Organization\",\"@id\":\"https:\\\/\\\/algarve7.pt\\\/#organization\",\"name\":\"Algarve 7\",\"url\":\"https:\\\/\\\/algarve7.pt\\\/\",\"logo\":{\"@type\":\"ImageObject\",\"inLanguage\":\"pt-PT\",\"@id\":\"https:\\\/\\\/algarve7.pt\\\/#\\\/schema\\\/logo\\\/image\\\/\",\"url\":\"https:\\\/\\\/algarve7.pt\\\/wp-content\\\/uploads\\\/2020\\\/10\\\/Logo-8.jpg\",\"contentUrl\":\"https:\\\/\\\/algarve7.pt\\\/wp-content\\\/uploads\\\/2020\\\/10\\\/Logo-8.jpg\",\"width\":1680,\"height\":1186,\"caption\":\"Algarve 7\"},\"image\":{\"@id\":\"https:\\\/\\\/algarve7.pt\\\/#\\\/schema\\\/logo\\\/image\\\/\"},\"sameAs\":[\"https:\\\/\\\/www.facebook.com\\\/algarve7\",\"https:\\\/\\\/x.com\\\/Algarvesete\",\"https:\\\/\\\/www.instagram.com\\\/jornalalgarve7\\\/\",\"https:\\\/\\\/www.linkedin.com\\\/company\\\/algarve7\",\"https:\\\/\\\/www.pinterest.pt\\\/geral0939\\\/_created\\\/\"]},{\"@type\":\"Person\",\"@id\":\"https:\\\/\\\/algarve7.pt\\\/#\\\/schema\\\/person\\\/23fa70681308e7b319a3204bcea45e0c\",\"name\":\"Algarve 7\",\"sameAs\":[\"https:\\\/\\\/algarve7.pt\",\"https:\\\/\\\/www.facebook.com\\\/algarve7\"],\"url\":\"https:\\\/\\\/algarve7.pt\\\/index.php\\\/author\\\/geralalgarve7-pt\\\/\"}]}<\/script>\n<!-- \/ Yoast SEO plugin. -->","yoast_head_json":{"title":"Munic\u00edpio de S\u00e3o Br\u00e1s de Alportel e Universidade do Algarve refor\u00e7am coopera\u00e7\u00e3o - Algarve 7","description":"Munic\u00edpio de S\u00e3o Br\u00e1s de Alportel e Universidade do Algarve refor\u00e7am coopera\u00e7\u00e3o Educa\u00e7\u00e3o","robots":{"index":"index","follow":"follow","max-snippet":"max-snippet:-1","max-image-preview":"max-image-preview:large","max-video-preview":"max-video-preview:-1"},"canonical":"https:\/\/algarve7.pt\/index.php\/2026\/04\/municipio-de-sao-bras-de-alportel-e-universidade-do-algarve-reforcam-cooperacao\/educacao\/08\/00\/","og_locale":"pt_PT","og_type":"article","og_title":"Munic\u00edpio de S\u00e3o Br\u00e1s de Alportel e Universidade do Algarve refor\u00e7am coopera\u00e7\u00e3o - Algarve 7","og_description":"Munic\u00edpio de S\u00e3o Br\u00e1s de Alportel e Universidade do Algarve refor\u00e7am coopera\u00e7\u00e3o Educa\u00e7\u00e3o","og_url":"https:\/\/algarve7.pt\/index.php\/2026\/04\/municipio-de-sao-bras-de-alportel-e-universidade-do-algarve-reforcam-cooperacao\/educacao\/08\/00\/","og_site_name":"Algarve 7","article_publisher":"https:\/\/www.facebook.com\/algarve7","article_author":"https:\/\/www.facebook.com\/algarve7","article_published_time":"2026-04-29T07:00:00+00:00","og_image":[{"width":800,"height":445,"url":"https:\/\/algarve7.pt\/wp-content\/uploads\/2026\/04\/Reuniao_CMSBA_UALg_2026.jpeg","type":"image\/jpeg"}],"author":"Algarve 7","twitter_card":"summary_large_image","twitter_creator":"@Algarvesete","twitter_site":"@Algarvesete","twitter_misc":{"Escrito por":"Algarve 7","Tempo estimado de leitura":"3 minutos"},"schema":{"@context":"https:\/\/schema.org","@graph":[{"@type":"Article","@id":"https:\/\/algarve7.pt\/index.php\/2026\/04\/municipio-de-sao-bras-de-alportel-e-universidade-do-algarve-reforcam-cooperacao\/educacao\/08\/00\/#article","isPartOf":{"@id":"https:\/\/algarve7.pt\/index.php\/2026\/04\/municipio-de-sao-bras-de-alportel-e-universidade-do-algarve-reforcam-cooperacao\/educacao\/08\/00\/"},"author":{"name":"Algarve 7","@id":"https:\/\/algarve7.pt\/#\/schema\/person\/23fa70681308e7b319a3204bcea45e0c"},"headline":"Munic\u00edpio de S\u00e3o Br\u00e1s de Alportel e Universidade do Algarve refor\u00e7am coopera\u00e7\u00e3o","datePublished":"2026-04-29T07:00:00+00:00","mainEntityOfPage":{"@id":"https:\/\/algarve7.pt\/index.php\/2026\/04\/municipio-de-sao-bras-de-alportel-e-universidade-do-algarve-reforcam-cooperacao\/educacao\/08\/00\/"},"wordCount":432,"publisher":{"@id":"https:\/\/algarve7.pt\/#organization"},"image":{"@id":"https:\/\/algarve7.pt\/index.php\/2026\/04\/municipio-de-sao-bras-de-alportel-e-universidade-do-algarve-reforcam-cooperacao\/educacao\/08\/00\/#primaryimage"},"thumbnailUrl":"https:\/\/algarve7.pt\/wp-content\/uploads\/2026\/04\/Reuniao_CMSBA_UALg_2026.jpeg","keywords":["Algarve","Educa\u00e7\u00e3o","S\u00e3o Br\u00e1s de Alportel","UALG"],"articleSection":["Educa\u00e7\u00e3o"],"inLanguage":"pt-PT"},{"@type":"WebPage","@id":"https:\/\/algarve7.pt\/index.php\/2026\/04\/municipio-de-sao-bras-de-alportel-e-universidade-do-algarve-reforcam-cooperacao\/educacao\/08\/00\/","url":"https:\/\/algarve7.pt\/index.php\/2026\/04\/municipio-de-sao-bras-de-alportel-e-universidade-do-algarve-reforcam-cooperacao\/educacao\/08\/00\/","name":"Munic\u00edpio de S\u00e3o Br\u00e1s de Alportel e Universidade do Algarve refor\u00e7am coopera\u00e7\u00e3o - Algarve 7","isPartOf":{"@id":"https:\/\/algarve7.pt\/#website"},"primaryImageOfPage":{"@id":"https:\/\/algarve7.pt\/index.php\/2026\/04\/municipio-de-sao-bras-de-alportel-e-universidade-do-algarve-reforcam-cooperacao\/educacao\/08\/00\/#primaryimage"},"image":{"@id":"https:\/\/algarve7.pt\/index.php\/2026\/04\/municipio-de-sao-bras-de-alportel-e-universidade-do-algarve-reforcam-cooperacao\/educacao\/08\/00\/#primaryimage"},"thumbnailUrl":"https:\/\/algarve7.pt\/wp-content\/uploads\/2026\/04\/Reuniao_CMSBA_UALg_2026.jpeg","datePublished":"2026-04-29T07:00:00+00:00","description":"Munic\u00edpio de S\u00e3o Br\u00e1s de Alportel e Universidade do Algarve refor\u00e7am coopera\u00e7\u00e3o Educa\u00e7\u00e3o","breadcrumb":{"@id":"https:\/\/algarve7.pt\/index.php\/2026\/04\/municipio-de-sao-bras-de-alportel-e-universidade-do-algarve-reforcam-cooperacao\/educacao\/08\/00\/#breadcrumb"},"inLanguage":"pt-PT","potentialAction":[{"@type":"ReadAction","target":["https:\/\/algarve7.pt\/index.php\/2026\/04\/municipio-de-sao-bras-de-alportel-e-universidade-do-algarve-reforcam-cooperacao\/educacao\/08\/00\/"]}]},{"@type":"ImageObject","inLanguage":"pt-PT","@id":"https:\/\/algarve7.pt\/index.php\/2026\/04\/municipio-de-sao-bras-de-alportel-e-universidade-do-algarve-reforcam-cooperacao\/educacao\/08\/00\/#primaryimage","url":"https:\/\/algarve7.pt\/wp-content\/uploads\/2026\/04\/Reuniao_CMSBA_UALg_2026.jpeg","contentUrl":"https:\/\/algarve7.pt\/wp-content\/uploads\/2026\/04\/Reuniao_CMSBA_UALg_2026.jpeg","width":800,"height":445},{"@type":"BreadcrumbList","@id":"https:\/\/algarve7.pt\/index.php\/2026\/04\/municipio-de-sao-bras-de-alportel-e-universidade-do-algarve-reforcam-cooperacao\/educacao\/08\/00\/#breadcrumb","itemListElement":[{"@type":"ListItem","position":1,"name":"In\u00edcio","item":"https:\/\/algarve7.pt\/"},{"@type":"ListItem","position":2,"name":"Munic\u00edpio de S\u00e3o Br\u00e1s de Alportel e Universidade do Algarve refor\u00e7am coopera\u00e7\u00e3o"}]},{"@type":"WebSite","@id":"https:\/\/algarve7.pt\/#website","url":"https:\/\/algarve7.pt\/","name":"Algarve 7","description":"Informa\u00e7\u00e3o sobre o Algarve","publisher":{"@id":"https:\/\/algarve7.pt\/#organization"},"potentialAction":[{"@type":"SearchAction","target":{"@type":"EntryPoint","urlTemplate":"https:\/\/algarve7.pt\/?s={search_term_string}"},"query-input":{"@type":"PropertyValueSpecification","valueRequired":true,"valueName":"search_term_string"}}],"inLanguage":"pt-PT"},{"@type":"Organization","@id":"https:\/\/algarve7.pt\/#organization","name":"Algarve 7","url":"https:\/\/algarve7.pt\/","logo":{"@type":"ImageObject","inLanguage":"pt-PT","@id":"https:\/\/algarve7.pt\/#\/schema\/logo\/image\/","url":"https:\/\/algarve7.pt\/wp-content\/uploads\/2020\/10\/Logo-8.jpg","contentUrl":"https:\/\/algarve7.pt\/wp-content\/uploads\/2020\/10\/Logo-8.jpg","width":1680,"height":1186,"caption":"Algarve 7"},"image":{"@id":"https:\/\/algarve7.pt\/#\/schema\/logo\/image\/"},"sameAs":["https:\/\/www.facebook.com\/algarve7","https:\/\/x.com\/Algarvesete","https:\/\/www.instagram.com\/jornalalgarve7\/","https:\/\/www.linkedin.com\/company\/algarve7","https:\/\/www.pinterest.pt\/geral0939\/_created\/"]},{"@type":"Person","@id":"https:\/\/algarve7.pt\/#\/schema\/person\/23fa70681308e7b319a3204bcea45e0c","name":"Algarve 7","sameAs":["https:\/\/algarve7.pt","https:\/\/www.facebook.com\/algarve7"],"url":"https:\/\/algarve7.pt\/index.php\/author\/geralalgarve7-pt\/"}]}},"jetpack_publicize_connections":[],"jetpack_featured_media_url":"https:\/\/algarve7.pt\/wp-content\/uploads\/2026\/04\/Reuniao_CMSBA_UALg_2026.jpeg","jetpack_shortlink":"https:\/\/wp.me\/pcezmW-g2b","jetpack_sharing_enabled":true,"_links":{"self":[{"href":"https:\/\/algarve7.pt\/index.php\/wp-json\/wp\/v2\/posts\/61639","targetHints":{"allow":["GET"]}}],"collection":[{"href":"https:\/\/algarve7.pt\/index.php\/wp-json\/wp\/v2\/posts"}],"about":[{"href":"https:\/\/algarve7.pt\/index.php\/wp-json\/wp\/v2\/types\/post"}],"author":[{"embeddable":true,"href":"https:\/\/algarve7.pt\/index.php\/wp-json\/wp\/v2\/users\/1"}],"replies":[{"embeddable":true,"href":"https:\/\/algarve7.pt\/index.php\/wp-json\/wp\/v2\/comments?post=61639"}],"version-history":[{"count":1,"href":"https:\/\/algarve7.pt\/index.php\/wp-json\/wp\/v2\/posts\/61639\/revisions"}],"predecessor-version":[{"id":61641,"href":"https:\/\/algarve7.pt\/index.php\/wp-json\/wp\/v2\/posts\/61639\/revisions\/61641"}],"wp:featuredmedia":[{"embeddable":true,"href":"https:\/\/algarve7.pt\/index.php\/wp-json\/wp\/v2\/media\/61640"}],"wp:attachment":[{"href":"https:\/\/algarve7.pt\/index.php\/wp-json\/wp\/v2\/media?parent=61639"}],"wp:term":[{"taxonomy":"category","embeddable":true,"href":"https:\/\/algarve7.pt\/index.php\/wp-json\/wp\/v2\/categories?post=61639"},{"taxonomy":"post_tag","embeddable":true,"href":"https:\/\/algarve7.pt\/index.php\/wp-json\/wp\/v2\/tags?post=61639"}],"curies":[{"name":"wp","href":"https:\/\/api.w.org\/{rel}","templated":true}]}}