{"id":61636,"date":"2026-04-29T07:45:00","date_gmt":"2026-04-29T06:45:00","guid":{"rendered":"https:\/\/algarve7.pt\/?p=61636"},"modified":"2026-04-28T16:00:19","modified_gmt":"2026-04-28T15:00:19","slug":"olhao-tem-campeao-nacional-ginastica-do-nso-brilha-no-nacional-de-dmt-em-vila-do-conde","status":"publish","type":"post","link":"https:\/\/algarve7.pt\/index.php\/2026\/04\/olhao-tem-campeao-nacional-ginastica-do-nso-brilha-no-nacional-de-dmt-em-vila-do-conde\/desporto\/07\/45\/","title":{"rendered":"Olh\u00e3o tem Campe\u00e3o Nacional: Gin\u00e1stica do NSO brilha no Nacional de DMT em Vila do Conde"},"content":{"rendered":"\n<p>O N\u00facleo do Sporting Clube de Portugal de Olh\u00e3o voltou a estar em evid\u00eancia no panorama da gin\u00e1stica nacional, ao participar no Campeonato Nacional de Duplo Mini-Trampolim (DMT), realizado nos dias 25 e 26 de abril, em Vila do Conde.<\/p>\n\n\n\n<p>A competi\u00e7\u00e3o ficou marcada por presta\u00e7\u00f5es de grande n\u00edvel por parte dos ginastas olhanenses, com destaque para David Lazar, Tom\u00e1s Silva, Diego Paz, Leonor Moreira e Isabela Gon\u00e7alves, que representaram o clube com qualidade, determina\u00e7\u00e3o e esp\u00edrito competitivo.<\/p>\n\n\n\n<p>O grande destaque vai para a conquista de um t\u00edtulo de Campe\u00e3o Nacional de DMT no escal\u00e3o de juvenis, alcan\u00e7ado por Diego Paz, um feito de enorme relev\u00e2ncia que confirma o talento e o trabalho desenvolvido pela Gin\u00e1stica do NSO.<\/p>\n\n\n\n<p>Este resultado refor\u00e7a a afirma\u00e7\u00e3o do clube a n\u00edvel nacional, mostrando a qualidade dos seus ginastas e da equipa t\u00e9cnica. Ap\u00f3s este importante feito, os ginastas continuam focados nos pr\u00f3ximos desafios, com o objetivo de alcan\u00e7ar novos sucessos.<\/p>\n\n\n\n<h4 class=\"wp-block-heading\"><\/h4>\n","protected":false},"excerpt":{"rendered":"<p>O N\u00facleo do Sporting Clube de Portugal de Olh\u00e3o voltou a estar em evid\u00eancia no panorama da gin\u00e1stica nacional, ao<\/p>\n","protected":false},"author":1,"featured_media":61637,"comment_status":"closed","ping_status":"closed","sticky":false,"template":"","format":"standard","meta":{"colormag_page_container_layout":"default_layout","colormag_page_sidebar_layout":"default_layout","_monsterinsights_skip_tracking":false,"_monsterinsights_sitenote_active":false,"_monsterinsights_sitenote_note":"","_monsterinsights_sitenote_category":0,"jetpack_post_was_ever_published":false,"_jetpack_newsletter_access":"","_jetpack_dont_email_post_to_subs":false,"_jetpack_newsletter_tier_id":0,"_jetpack_memberships_contains_paywalled_content":false,"_jetpack_memberships_contains_paid_content":false,"footnotes":"","jetpack_publicize_message":"","jetpack_publicize_feature_enabled":true,"jetpack_social_post_already_shared":true,"jetpack_social_options":{"image_generator_settings":{"template":"highway","default_image_id":0,"font":"","enabled":false},"version":2}},"categories":[15],"tags":[36,40,37],"class_list":["post-61636","post","type-post","status-publish","format-standard","has-post-thumbnail","hentry","category-desporto","tag-algarve","tag-desporto","tag-olhao"],"yoast_head":"<!-- This site is optimized with the Yoast SEO plugin v27.5 - https:\/\/yoast.com\/product\/yoast-seo-wordpress\/ -->\n<title>Olh\u00e3o tem Campe\u00e3o Nacional: Gin\u00e1stica do NSO brilha no Nacional de DMT em Vila do Conde - Algarve 7<\/title>\n<meta name=\"description\" content=\"Olh\u00e3o tem Campe\u00e3o Nacional: Gin\u00e1stica do NSO brilha no Nacional de DMT em Vila do Conde Desporto\" \/>\n<meta name=\"robots\" content=\"index, follow, max-snippet:-1, max-image-preview:large, max-video-preview:-1\" \/>\n<link rel=\"canonical\" href=\"https:\/\/algarve7.pt\/index.php\/2026\/04\/olhao-tem-campeao-nacional-ginastica-do-nso-brilha-no-nacional-de-dmt-em-vila-do-conde\/desporto\/07\/45\/\" \/>\n<meta property=\"og:locale\" content=\"pt_PT\" \/>\n<meta property=\"og:type\" content=\"article\" \/>\n<meta property=\"og:title\" content=\"Olh\u00e3o tem Campe\u00e3o Nacional: Gin\u00e1stica do NSO brilha no Nacional de DMT em Vila do Conde - Algarve 7\" \/>\n<meta property=\"og:description\" content=\"Olh\u00e3o tem Campe\u00e3o Nacional: Gin\u00e1stica do NSO brilha no Nacional de DMT em Vila do Conde Desporto\" \/>\n<meta property=\"og:url\" content=\"https:\/\/algarve7.pt\/index.php\/2026\/04\/olhao-tem-campeao-nacional-ginastica-do-nso-brilha-no-nacional-de-dmt-em-vila-do-conde\/desporto\/07\/45\/\" \/>\n<meta property=\"og:site_name\" content=\"Algarve 7\" \/>\n<meta property=\"article:publisher\" content=\"https:\/\/www.facebook.com\/algarve7\" \/>\n<meta property=\"article:author\" content=\"https:\/\/www.facebook.com\/algarve7\" \/>\n<meta property=\"article:published_time\" content=\"2026-04-29T06:45:00+00:00\" \/>\n<meta property=\"og:image\" content=\"https:\/\/algarve7.pt\/wp-content\/uploads\/2026\/04\/IMG_20260427_152642.jpg\" \/>\n\t<meta property=\"og:image:width\" content=\"800\" \/>\n\t<meta property=\"og:image:height\" content=\"445\" \/>\n\t<meta property=\"og:image:type\" content=\"image\/jpeg\" \/>\n<meta name=\"author\" content=\"Algarve 7\" \/>\n<meta name=\"twitter:card\" content=\"summary_large_image\" \/>\n<meta name=\"twitter:creator\" content=\"@Algarvesete\" \/>\n<meta name=\"twitter:site\" content=\"@Algarvesete\" \/>\n<meta name=\"twitter:label1\" content=\"Escrito por\" \/>\n\t<meta name=\"twitter:data1\" content=\"Algarve 7\" \/>\n\t<meta name=\"twitter:label2\" content=\"Tempo estimado de leitura\" \/>\n\t<meta name=\"twitter:data2\" content=\"2 minutos\" \/>\n<script type=\"application\/ld+json\" class=\"yoast-schema-graph\">{\"@context\":\"https:\\\/\\\/schema.org\",\"@graph\":[{\"@type\":\"Article\",\"@id\":\"https:\\\/\\\/algarve7.pt\\\/index.php\\\/2026\\\/04\\\/olhao-tem-campeao-nacional-ginastica-do-nso-brilha-no-nacional-de-dmt-em-vila-do-conde\\\/desporto\\\/07\\\/45\\\/#article\",\"isPartOf\":{\"@id\":\"https:\\\/\\\/algarve7.pt\\\/index.php\\\/2026\\\/04\\\/olhao-tem-campeao-nacional-ginastica-do-nso-brilha-no-nacional-de-dmt-em-vila-do-conde\\\/desporto\\\/07\\\/45\\\/\"},\"author\":{\"name\":\"Algarve 7\",\"@id\":\"https:\\\/\\\/algarve7.pt\\\/#\\\/schema\\\/person\\\/23fa70681308e7b319a3204bcea45e0c\"},\"headline\":\"Olh\u00e3o tem Campe\u00e3o Nacional: Gin\u00e1stica do NSO brilha no Nacional de DMT em Vila do Conde\",\"datePublished\":\"2026-04-29T06:45:00+00:00\",\"mainEntityOfPage\":{\"@id\":\"https:\\\/\\\/algarve7.pt\\\/index.php\\\/2026\\\/04\\\/olhao-tem-campeao-nacional-ginastica-do-nso-brilha-no-nacional-de-dmt-em-vila-do-conde\\\/desporto\\\/07\\\/45\\\/\"},\"wordCount\":197,\"publisher\":{\"@id\":\"https:\\\/\\\/algarve7.pt\\\/#organization\"},\"image\":{\"@id\":\"https:\\\/\\\/algarve7.pt\\\/index.php\\\/2026\\\/04\\\/olhao-tem-campeao-nacional-ginastica-do-nso-brilha-no-nacional-de-dmt-em-vila-do-conde\\\/desporto\\\/07\\\/45\\\/#primaryimage\"},\"thumbnailUrl\":\"https:\\\/\\\/algarve7.pt\\\/wp-content\\\/uploads\\\/2026\\\/04\\\/IMG_20260427_152642.jpg\",\"keywords\":[\"Algarve\",\"Desporto\",\"Olh\u00e3o\"],\"articleSection\":[\"Desporto\"],\"inLanguage\":\"pt-PT\"},{\"@type\":\"WebPage\",\"@id\":\"https:\\\/\\\/algarve7.pt\\\/index.php\\\/2026\\\/04\\\/olhao-tem-campeao-nacional-ginastica-do-nso-brilha-no-nacional-de-dmt-em-vila-do-conde\\\/desporto\\\/07\\\/45\\\/\",\"url\":\"https:\\\/\\\/algarve7.pt\\\/index.php\\\/2026\\\/04\\\/olhao-tem-campeao-nacional-ginastica-do-nso-brilha-no-nacional-de-dmt-em-vila-do-conde\\\/desporto\\\/07\\\/45\\\/\",\"name\":\"Olh\u00e3o tem Campe\u00e3o Nacional: Gin\u00e1stica do NSO brilha no Nacional de DMT em Vila do Conde - Algarve 7\",\"isPartOf\":{\"@id\":\"https:\\\/\\\/algarve7.pt\\\/#website\"},\"primaryImageOfPage\":{\"@id\":\"https:\\\/\\\/algarve7.pt\\\/index.php\\\/2026\\\/04\\\/olhao-tem-campeao-nacional-ginastica-do-nso-brilha-no-nacional-de-dmt-em-vila-do-conde\\\/desporto\\\/07\\\/45\\\/#primaryimage\"},\"image\":{\"@id\":\"https:\\\/\\\/algarve7.pt\\\/index.php\\\/2026\\\/04\\\/olhao-tem-campeao-nacional-ginastica-do-nso-brilha-no-nacional-de-dmt-em-vila-do-conde\\\/desporto\\\/07\\\/45\\\/#primaryimage\"},\"thumbnailUrl\":\"https:\\\/\\\/algarve7.pt\\\/wp-content\\\/uploads\\\/2026\\\/04\\\/IMG_20260427_152642.jpg\",\"datePublished\":\"2026-04-29T06:45:00+00:00\",\"description\":\"Olh\u00e3o tem Campe\u00e3o Nacional: Gin\u00e1stica do NSO brilha no Nacional de DMT em Vila do Conde Desporto\",\"breadcrumb\":{\"@id\":\"https:\\\/\\\/algarve7.pt\\\/index.php\\\/2026\\\/04\\\/olhao-tem-campeao-nacional-ginastica-do-nso-brilha-no-nacional-de-dmt-em-vila-do-conde\\\/desporto\\\/07\\\/45\\\/#breadcrumb\"},\"inLanguage\":\"pt-PT\",\"potentialAction\":[{\"@type\":\"ReadAction\",\"target\":[\"https:\\\/\\\/algarve7.pt\\\/index.php\\\/2026\\\/04\\\/olhao-tem-campeao-nacional-ginastica-do-nso-brilha-no-nacional-de-dmt-em-vila-do-conde\\\/desporto\\\/07\\\/45\\\/\"]}]},{\"@type\":\"ImageObject\",\"inLanguage\":\"pt-PT\",\"@id\":\"https:\\\/\\\/algarve7.pt\\\/index.php\\\/2026\\\/04\\\/olhao-tem-campeao-nacional-ginastica-do-nso-brilha-no-nacional-de-dmt-em-vila-do-conde\\\/desporto\\\/07\\\/45\\\/#primaryimage\",\"url\":\"https:\\\/\\\/algarve7.pt\\\/wp-content\\\/uploads\\\/2026\\\/04\\\/IMG_20260427_152642.jpg\",\"contentUrl\":\"https:\\\/\\\/algarve7.pt\\\/wp-content\\\/uploads\\\/2026\\\/04\\\/IMG_20260427_152642.jpg\",\"width\":800,\"height\":445},{\"@type\":\"BreadcrumbList\",\"@id\":\"https:\\\/\\\/algarve7.pt\\\/index.php\\\/2026\\\/04\\\/olhao-tem-campeao-nacional-ginastica-do-nso-brilha-no-nacional-de-dmt-em-vila-do-conde\\\/desporto\\\/07\\\/45\\\/#breadcrumb\",\"itemListElement\":[{\"@type\":\"ListItem\",\"position\":1,\"name\":\"In\u00edcio\",\"item\":\"https:\\\/\\\/algarve7.pt\\\/\"},{\"@type\":\"ListItem\",\"position\":2,\"name\":\"Olh\u00e3o tem Campe\u00e3o Nacional: Gin\u00e1stica do NSO brilha no Nacional de DMT em Vila do Conde\"}]},{\"@type\":\"WebSite\",\"@id\":\"https:\\\/\\\/algarve7.pt\\\/#website\",\"url\":\"https:\\\/\\\/algarve7.pt\\\/\",\"name\":\"Algarve 7\",\"description\":\"Informa\u00e7\u00e3o sobre o Algarve\",\"publisher\":{\"@id\":\"https:\\\/\\\/algarve7.pt\\\/#organization\"},\"potentialAction\":[{\"@type\":\"SearchAction\",\"target\":{\"@type\":\"EntryPoint\",\"urlTemplate\":\"https:\\\/\\\/algarve7.pt\\\/?s={search_term_string}\"},\"query-input\":{\"@type\":\"PropertyValueSpecification\",\"valueRequired\":true,\"valueName\":\"search_term_string\"}}],\"inLanguage\":\"pt-PT\"},{\"@type\":\"Organization\",\"@id\":\"https:\\\/\\\/algarve7.pt\\\/#organization\",\"name\":\"Algarve 7\",\"url\":\"https:\\\/\\\/algarve7.pt\\\/\",\"logo\":{\"@type\":\"ImageObject\",\"inLanguage\":\"pt-PT\",\"@id\":\"https:\\\/\\\/algarve7.pt\\\/#\\\/schema\\\/logo\\\/image\\\/\",\"url\":\"https:\\\/\\\/algarve7.pt\\\/wp-content\\\/uploads\\\/2020\\\/10\\\/Logo-8.jpg\",\"contentUrl\":\"https:\\\/\\\/algarve7.pt\\\/wp-content\\\/uploads\\\/2020\\\/10\\\/Logo-8.jpg\",\"width\":1680,\"height\":1186,\"caption\":\"Algarve 7\"},\"image\":{\"@id\":\"https:\\\/\\\/algarve7.pt\\\/#\\\/schema\\\/logo\\\/image\\\/\"},\"sameAs\":[\"https:\\\/\\\/www.facebook.com\\\/algarve7\",\"https:\\\/\\\/x.com\\\/Algarvesete\",\"https:\\\/\\\/www.instagram.com\\\/jornalalgarve7\\\/\",\"https:\\\/\\\/www.linkedin.com\\\/company\\\/algarve7\",\"https:\\\/\\\/www.pinterest.pt\\\/geral0939\\\/_created\\\/\"]},{\"@type\":\"Person\",\"@id\":\"https:\\\/\\\/algarve7.pt\\\/#\\\/schema\\\/person\\\/23fa70681308e7b319a3204bcea45e0c\",\"name\":\"Algarve 7\",\"sameAs\":[\"https:\\\/\\\/algarve7.pt\",\"https:\\\/\\\/www.facebook.com\\\/algarve7\"],\"url\":\"https:\\\/\\\/algarve7.pt\\\/index.php\\\/author\\\/geralalgarve7-pt\\\/\"}]}<\/script>\n<!-- \/ Yoast SEO plugin. -->","yoast_head_json":{"title":"Olh\u00e3o tem Campe\u00e3o Nacional: Gin\u00e1stica do NSO brilha no Nacional de DMT em Vila do Conde - Algarve 7","description":"Olh\u00e3o tem Campe\u00e3o Nacional: Gin\u00e1stica do NSO brilha no Nacional de DMT em Vila do Conde Desporto","robots":{"index":"index","follow":"follow","max-snippet":"max-snippet:-1","max-image-preview":"max-image-preview:large","max-video-preview":"max-video-preview:-1"},"canonical":"https:\/\/algarve7.pt\/index.php\/2026\/04\/olhao-tem-campeao-nacional-ginastica-do-nso-brilha-no-nacional-de-dmt-em-vila-do-conde\/desporto\/07\/45\/","og_locale":"pt_PT","og_type":"article","og_title":"Olh\u00e3o tem Campe\u00e3o Nacional: Gin\u00e1stica do NSO brilha no Nacional de DMT em Vila do Conde - Algarve 7","og_description":"Olh\u00e3o tem Campe\u00e3o Nacional: Gin\u00e1stica do NSO brilha no Nacional de DMT em Vila do Conde Desporto","og_url":"https:\/\/algarve7.pt\/index.php\/2026\/04\/olhao-tem-campeao-nacional-ginastica-do-nso-brilha-no-nacional-de-dmt-em-vila-do-conde\/desporto\/07\/45\/","og_site_name":"Algarve 7","article_publisher":"https:\/\/www.facebook.com\/algarve7","article_author":"https:\/\/www.facebook.com\/algarve7","article_published_time":"2026-04-29T06:45:00+00:00","og_image":[{"width":800,"height":445,"url":"https:\/\/algarve7.pt\/wp-content\/uploads\/2026\/04\/IMG_20260427_152642.jpg","type":"image\/jpeg"}],"author":"Algarve 7","twitter_card":"summary_large_image","twitter_creator":"@Algarvesete","twitter_site":"@Algarvesete","twitter_misc":{"Escrito por":"Algarve 7","Tempo estimado de leitura":"2 minutos"},"schema":{"@context":"https:\/\/schema.org","@graph":[{"@type":"Article","@id":"https:\/\/algarve7.pt\/index.php\/2026\/04\/olhao-tem-campeao-nacional-ginastica-do-nso-brilha-no-nacional-de-dmt-em-vila-do-conde\/desporto\/07\/45\/#article","isPartOf":{"@id":"https:\/\/algarve7.pt\/index.php\/2026\/04\/olhao-tem-campeao-nacional-ginastica-do-nso-brilha-no-nacional-de-dmt-em-vila-do-conde\/desporto\/07\/45\/"},"author":{"name":"Algarve 7","@id":"https:\/\/algarve7.pt\/#\/schema\/person\/23fa70681308e7b319a3204bcea45e0c"},"headline":"Olh\u00e3o tem Campe\u00e3o Nacional: Gin\u00e1stica do NSO brilha no Nacional de DMT em Vila do Conde","datePublished":"2026-04-29T06:45:00+00:00","mainEntityOfPage":{"@id":"https:\/\/algarve7.pt\/index.php\/2026\/04\/olhao-tem-campeao-nacional-ginastica-do-nso-brilha-no-nacional-de-dmt-em-vila-do-conde\/desporto\/07\/45\/"},"wordCount":197,"publisher":{"@id":"https:\/\/algarve7.pt\/#organization"},"image":{"@id":"https:\/\/algarve7.pt\/index.php\/2026\/04\/olhao-tem-campeao-nacional-ginastica-do-nso-brilha-no-nacional-de-dmt-em-vila-do-conde\/desporto\/07\/45\/#primaryimage"},"thumbnailUrl":"https:\/\/algarve7.pt\/wp-content\/uploads\/2026\/04\/IMG_20260427_152642.jpg","keywords":["Algarve","Desporto","Olh\u00e3o"],"articleSection":["Desporto"],"inLanguage":"pt-PT"},{"@type":"WebPage","@id":"https:\/\/algarve7.pt\/index.php\/2026\/04\/olhao-tem-campeao-nacional-ginastica-do-nso-brilha-no-nacional-de-dmt-em-vila-do-conde\/desporto\/07\/45\/","url":"https:\/\/algarve7.pt\/index.php\/2026\/04\/olhao-tem-campeao-nacional-ginastica-do-nso-brilha-no-nacional-de-dmt-em-vila-do-conde\/desporto\/07\/45\/","name":"Olh\u00e3o tem Campe\u00e3o Nacional: Gin\u00e1stica do NSO brilha no Nacional de DMT em Vila do Conde - Algarve 7","isPartOf":{"@id":"https:\/\/algarve7.pt\/#website"},"primaryImageOfPage":{"@id":"https:\/\/algarve7.pt\/index.php\/2026\/04\/olhao-tem-campeao-nacional-ginastica-do-nso-brilha-no-nacional-de-dmt-em-vila-do-conde\/desporto\/07\/45\/#primaryimage"},"image":{"@id":"https:\/\/algarve7.pt\/index.php\/2026\/04\/olhao-tem-campeao-nacional-ginastica-do-nso-brilha-no-nacional-de-dmt-em-vila-do-conde\/desporto\/07\/45\/#primaryimage"},"thumbnailUrl":"https:\/\/algarve7.pt\/wp-content\/uploads\/2026\/04\/IMG_20260427_152642.jpg","datePublished":"2026-04-29T06:45:00+00:00","description":"Olh\u00e3o tem Campe\u00e3o Nacional: Gin\u00e1stica do NSO brilha no Nacional de DMT em Vila do Conde Desporto","breadcrumb":{"@id":"https:\/\/algarve7.pt\/index.php\/2026\/04\/olhao-tem-campeao-nacional-ginastica-do-nso-brilha-no-nacional-de-dmt-em-vila-do-conde\/desporto\/07\/45\/#breadcrumb"},"inLanguage":"pt-PT","potentialAction":[{"@type":"ReadAction","target":["https:\/\/algarve7.pt\/index.php\/2026\/04\/olhao-tem-campeao-nacional-ginastica-do-nso-brilha-no-nacional-de-dmt-em-vila-do-conde\/desporto\/07\/45\/"]}]},{"@type":"ImageObject","inLanguage":"pt-PT","@id":"https:\/\/algarve7.pt\/index.php\/2026\/04\/olhao-tem-campeao-nacional-ginastica-do-nso-brilha-no-nacional-de-dmt-em-vila-do-conde\/desporto\/07\/45\/#primaryimage","url":"https:\/\/algarve7.pt\/wp-content\/uploads\/2026\/04\/IMG_20260427_152642.jpg","contentUrl":"https:\/\/algarve7.pt\/wp-content\/uploads\/2026\/04\/IMG_20260427_152642.jpg","width":800,"height":445},{"@type":"BreadcrumbList","@id":"https:\/\/algarve7.pt\/index.php\/2026\/04\/olhao-tem-campeao-nacional-ginastica-do-nso-brilha-no-nacional-de-dmt-em-vila-do-conde\/desporto\/07\/45\/#breadcrumb","itemListElement":[{"@type":"ListItem","position":1,"name":"In\u00edcio","item":"https:\/\/algarve7.pt\/"},{"@type":"ListItem","position":2,"name":"Olh\u00e3o tem Campe\u00e3o Nacional: Gin\u00e1stica do NSO brilha no Nacional de DMT em Vila do Conde"}]},{"@type":"WebSite","@id":"https:\/\/algarve7.pt\/#website","url":"https:\/\/algarve7.pt\/","name":"Algarve 7","description":"Informa\u00e7\u00e3o sobre o Algarve","publisher":{"@id":"https:\/\/algarve7.pt\/#organization"},"potentialAction":[{"@type":"SearchAction","target":{"@type":"EntryPoint","urlTemplate":"https:\/\/algarve7.pt\/?s={search_term_string}"},"query-input":{"@type":"PropertyValueSpecification","valueRequired":true,"valueName":"search_term_string"}}],"inLanguage":"pt-PT"},{"@type":"Organization","@id":"https:\/\/algarve7.pt\/#organization","name":"Algarve 7","url":"https:\/\/algarve7.pt\/","logo":{"@type":"ImageObject","inLanguage":"pt-PT","@id":"https:\/\/algarve7.pt\/#\/schema\/logo\/image\/","url":"https:\/\/algarve7.pt\/wp-content\/uploads\/2020\/10\/Logo-8.jpg","contentUrl":"https:\/\/algarve7.pt\/wp-content\/uploads\/2020\/10\/Logo-8.jpg","width":1680,"height":1186,"caption":"Algarve 7"},"image":{"@id":"https:\/\/algarve7.pt\/#\/schema\/logo\/image\/"},"sameAs":["https:\/\/www.facebook.com\/algarve7","https:\/\/x.com\/Algarvesete","https:\/\/www.instagram.com\/jornalalgarve7\/","https:\/\/www.linkedin.com\/company\/algarve7","https:\/\/www.pinterest.pt\/geral0939\/_created\/"]},{"@type":"Person","@id":"https:\/\/algarve7.pt\/#\/schema\/person\/23fa70681308e7b319a3204bcea45e0c","name":"Algarve 7","sameAs":["https:\/\/algarve7.pt","https:\/\/www.facebook.com\/algarve7"],"url":"https:\/\/algarve7.pt\/index.php\/author\/geralalgarve7-pt\/"}]}},"jetpack_publicize_connections":[],"jetpack_featured_media_url":"https:\/\/algarve7.pt\/wp-content\/uploads\/2026\/04\/IMG_20260427_152642.jpg","jetpack_shortlink":"https:\/\/wp.me\/pcezmW-g28","jetpack_sharing_enabled":true,"_links":{"self":[{"href":"https:\/\/algarve7.pt\/index.php\/wp-json\/wp\/v2\/posts\/61636","targetHints":{"allow":["GET"]}}],"collection":[{"href":"https:\/\/algarve7.pt\/index.php\/wp-json\/wp\/v2\/posts"}],"about":[{"href":"https:\/\/algarve7.pt\/index.php\/wp-json\/wp\/v2\/types\/post"}],"author":[{"embeddable":true,"href":"https:\/\/algarve7.pt\/index.php\/wp-json\/wp\/v2\/users\/1"}],"replies":[{"embeddable":true,"href":"https:\/\/algarve7.pt\/index.php\/wp-json\/wp\/v2\/comments?post=61636"}],"version-history":[{"count":1,"href":"https:\/\/algarve7.pt\/index.php\/wp-json\/wp\/v2\/posts\/61636\/revisions"}],"predecessor-version":[{"id":61638,"href":"https:\/\/algarve7.pt\/index.php\/wp-json\/wp\/v2\/posts\/61636\/revisions\/61638"}],"wp:featuredmedia":[{"embeddable":true,"href":"https:\/\/algarve7.pt\/index.php\/wp-json\/wp\/v2\/media\/61637"}],"wp:attachment":[{"href":"https:\/\/algarve7.pt\/index.php\/wp-json\/wp\/v2\/media?parent=61636"}],"wp:term":[{"taxonomy":"category","embeddable":true,"href":"https:\/\/algarve7.pt\/index.php\/wp-json\/wp\/v2\/categories?post=61636"},{"taxonomy":"post_tag","embeddable":true,"href":"https:\/\/algarve7.pt\/index.php\/wp-json\/wp\/v2\/tags?post=61636"}],"curies":[{"name":"wp","href":"https:\/\/api.w.org\/{rel}","templated":true}]}}