{"id":61616,"date":"2026-04-28T08:15:00","date_gmt":"2026-04-28T07:15:00","guid":{"rendered":"https:\/\/algarve7.pt\/?p=61616"},"modified":"2026-04-27T17:59:50","modified_gmt":"2026-04-27T16:59:50","slug":"ferias-de-verao-de-portimao-com-novidades","status":"publish","type":"post","link":"https:\/\/algarve7.pt\/index.php\/2026\/04\/ferias-de-verao-de-portimao-com-novidades\/atualidade\/08\/15\/","title":{"rendered":"F\u00e9rias de Ver\u00e3o de Portim\u00e3o com novidades"},"content":{"rendered":"\n<p>O Munic\u00edpio de Portim\u00e3o refor\u00e7ou a capacidade do projeto municipal \u00abF\u00e9rias de Ver\u00e3o\u00bb com um total recorde de 2 mil e 600 vagas, mais 300 que no ano anterior. Na edi\u00e7\u00e3o de 2026, a autarquia n\u00e3o s\u00f3 antecipou o calend\u00e1rio de inscri\u00e7\u00f5es para o in\u00edcio de maio, primeiro turno 11 de maio, como implementou um crit\u00e9rio de prioridade que visa democratizar o acesso, garantindo que o programa beneficie um maior n\u00famero de crian\u00e7as e jovens do concelho. Entre 1 de julho e 7 de agosto, as crian\u00e7as e jovens de Portim\u00e3o com idades entre os 6 e os 18 anos ter\u00e3o assim \u00e0 disposi\u00e7\u00e3o uma edi\u00e7\u00e3o refor\u00e7ada das \u00abF\u00e9rias de Ver\u00e3o Portim\u00e3o\u00bb. Este projeto \u00e2ncora da autarquia, que abrange \u00e1reas desportivas, culturais e ambientais, apresenta este ano ajustes estrat\u00e9gicos fundamentais para melhor servir as fam\u00edlias portimonenses.&nbsp;<\/p>\n\n\n\n<p>A principal novidade desta edi\u00e7\u00e3o est\u00e1 na forma como as vagas s\u00e3o distribu\u00eddas. Para que o investimento municipal chegue a mais fam\u00edlias, ser\u00e1 dada prioridade a participantes de primeira inscri\u00e7\u00e3o. Cada encarregado de educa\u00e7\u00e3o pode garantir uma vaga num turno \u00e0 sua escolha. Caso pretenda inscrever o mesmo jovem num segundo ou terceiro turno, o pedido ficar\u00e1 em lista de espera, sendo apenas validado se existirem vagas dispon\u00edveis ap\u00f3s a coloca\u00e7\u00e3o de novos candidatos para esses per\u00edodos.&nbsp;<\/p>\n\n\n\n<p>Este modelo promove uma distribui\u00e7\u00e3o mais justa das 2 mil e 600 vagas, evitando que alguns participantes ocupem m\u00faltiplos turnos enquanto outros ficam de fora. Assim, o crit\u00e9rio deixa de ser a rapidez da inscri\u00e7\u00e3o e passa a ser o acesso equitativo: cada participante tem prioridade na sua primeira inscri\u00e7\u00e3o.&nbsp;<\/p>\n\n\n\n<p>A edi\u00e7\u00e3o de 2026 estreia as F\u00e9rias Jovens, um n\u00facleo dedicado exclusivamente aos jovens dos 12 aos 18 anos, sediado no Lugar do Rio \u2013 Espa\u00e7o Jovem Portim\u00e3o. Com um hor\u00e1rio mais flex\u00edvel (14h\u201318h), o programa inclui workshops de Intelig\u00eancia Artificial, upcycling de roupa, produ\u00e7\u00e3o de curtas-metragens, dan\u00e7a urbana, fotografia para redes sociais, escrita criativa e arte urbana, al\u00e9m de sess\u00f5es sobre sa\u00fade mental e alimenta\u00e7\u00e3o saud\u00e1vel. Outra novidade \u00e9 a transi\u00e7\u00e3o das F\u00e9rias Culturais e Ambientais para turnos quinzenais, alinhando-se com o calend\u00e1rio das F\u00e9rias Desportivas. A oferta cresce ainda com a abertura de um novo n\u00facleo desportivo na E.B. Eng.\u00ba Nuno Mergulh\u00e3o, vocacionado para crian\u00e7as dos 6 aos 11 anos.&nbsp;<\/p>\n\n\n\n<p>Para garantir a estabilidade tecnol\u00f3gica do processo e assegurar uma resposta eficaz, as inscri\u00e7\u00f5es decorrer\u00e3o online, com abertura marcada para as 10h, atrav\u00e9s do portal do desporto da autarquia, dispon\u00edvel em&nbsp;<a href=\"https:\/\/desporto.cm-portimao.pt\/\">https:\/\/desporto.cm-portimao.pt\/<\/a>. O processo de inscri\u00e7\u00f5es ser\u00e1 efetuado de forma faseada, cumprindo o seguinte calend\u00e1rio: 11 de maio, abertura das inscri\u00e7\u00f5es para o 1.\u00ba turno (atividades de 1 a 10 de julho); 18 de maio, abertura das inscri\u00e7\u00f5es para o 2.\u00ba turno (atividades de 13 a 24 de julho) e 25 de maio, abertura das inscri\u00e7\u00f5es para o 3.\u00ba turno (27 de julho a 7 de agosto).&nbsp;<\/p>\n\n\n\n<p>O projeto distribui-se estrategicamente pelas tr\u00eas freguesias do concelho para garantir a m\u00e1xima proximidade. As F\u00e9rias Desportivas, destinadas a crian\u00e7as dos 6 aos 15 anos, ter\u00e3o lugar no Pavilh\u00e3o Desportivo da Boavista, na E.B. 2,3, D. Martinho Castelo Branco no novo n\u00facleo da E.B. 2,3, Nuno Mergulh\u00e3o, al\u00e9m dos Complexos Desportivos de Alvor e da Mexilhoeira Grande.&nbsp;<\/p>\n\n\n\n<p>Para quem prefere a vertente art\u00edstica, cultural ou o contacto com a natureza, as F\u00e9rias Culturais e Ambientais, destinam-se a crian\u00e7as entre os 6 os 12 anos e concentram-se no Museu de Portim\u00e3o, na Biblioteca Manuel Teixeira Gomes, na Quinta Pedag\u00f3gica e no TEMPO \u2013 Teatro Municipal de Portim\u00e3o.&nbsp;Nestes locais, o hor\u00e1rio das atividades \u00e9 das 9h \u00e0s 17h, com acolhimento a partir das 8h30.&nbsp;<\/p>\n\n\n\n<p>Nas f\u00e9rias jovens (12 aos 18 anos) o programa de atividades decorre no Lugar do Rio \u2013 Espa\u00e7o Jovem e funciona num hor\u00e1rio mais flex\u00edvel, das 14h \u00e0s 18h, com uma agenda que inclui workshops de teatro, upcycling de roupa, intelig\u00eancia artificial, dan\u00e7a urbana e produ\u00e7\u00e3o de curta-metragens. Est\u00e3o ainda previstas oficinas de escrita criativa, fotografia para redes sociais e arte urbana (grafite), a par de sess\u00f5es focadas na sa\u00fade mental e alimenta\u00e7\u00e3o saud\u00e1vel.&nbsp;<\/p>\n\n\n\n<p>O valor da inscri\u00e7\u00e3o \u00e9 de 40 euros por participante e por turno e inclui a participa\u00e7\u00e3o em todas as atividades, seguro de acidentes pessoais e o almo\u00e7o (com exce\u00e7\u00e3o das F\u00e9rias Jovens).<\/p>\n","protected":false},"excerpt":{"rendered":"<p>O Munic\u00edpio de Portim\u00e3o refor\u00e7ou a capacidade do projeto municipal \u00abF\u00e9rias de Ver\u00e3o\u00bb com um total recorde de 2 mil<\/p>\n","protected":false},"author":1,"featured_media":61617,"comment_status":"closed","ping_status":"closed","sticky":false,"template":"","format":"standard","meta":{"colormag_page_container_layout":"default_layout","colormag_page_sidebar_layout":"default_layout","_monsterinsights_skip_tracking":false,"_monsterinsights_sitenote_active":false,"_monsterinsights_sitenote_note":"","_monsterinsights_sitenote_category":0,"jetpack_post_was_ever_published":false,"_jetpack_newsletter_access":"","_jetpack_dont_email_post_to_subs":false,"_jetpack_newsletter_tier_id":0,"_jetpack_memberships_contains_paywalled_content":false,"_jetpack_memberships_contains_paid_content":false,"footnotes":"","jetpack_publicize_message":"","jetpack_publicize_feature_enabled":true,"jetpack_social_post_already_shared":true,"jetpack_social_options":{"image_generator_settings":{"template":"highway","default_image_id":0,"font":"","enabled":false},"version":2}},"categories":[11],"tags":[36,62,72],"class_list":["post-61616","post","type-post","status-publish","format-standard","has-post-thumbnail","hentry","category-atualidade","tag-algarve","tag-atualidade","tag-portimao"],"yoast_head":"<!-- This site is optimized with the Yoast SEO plugin v27.5 - https:\/\/yoast.com\/product\/yoast-seo-wordpress\/ -->\n<title>F\u00e9rias de Ver\u00e3o de Portim\u00e3o com novidades - Algarve 7<\/title>\n<meta name=\"description\" content=\"F\u00e9rias de Ver\u00e3o de Portim\u00e3o com novidades Atualidade\" \/>\n<meta name=\"robots\" content=\"index, follow, max-snippet:-1, max-image-preview:large, max-video-preview:-1\" \/>\n<link rel=\"canonical\" href=\"https:\/\/algarve7.pt\/index.php\/2026\/04\/ferias-de-verao-de-portimao-com-novidades\/atualidade\/08\/15\/\" \/>\n<meta property=\"og:locale\" content=\"pt_PT\" \/>\n<meta property=\"og:type\" content=\"article\" \/>\n<meta property=\"og:title\" content=\"F\u00e9rias de Ver\u00e3o de Portim\u00e3o com novidades - Algarve 7\" \/>\n<meta property=\"og:description\" content=\"F\u00e9rias de Ver\u00e3o de Portim\u00e3o com novidades Atualidade\" \/>\n<meta property=\"og:url\" content=\"https:\/\/algarve7.pt\/index.php\/2026\/04\/ferias-de-verao-de-portimao-com-novidades\/atualidade\/08\/15\/\" \/>\n<meta property=\"og:site_name\" content=\"Algarve 7\" \/>\n<meta property=\"article:publisher\" content=\"https:\/\/www.facebook.com\/algarve7\" \/>\n<meta property=\"article:author\" content=\"https:\/\/www.facebook.com\/algarve7\" \/>\n<meta property=\"article:published_time\" content=\"2026-04-28T07:15:00+00:00\" \/>\n<meta property=\"og:image\" content=\"https:\/\/algarve7.pt\/wp-content\/uploads\/2026\/04\/Ferias-QPP.jpg\" \/>\n\t<meta property=\"og:image:width\" content=\"800\" \/>\n\t<meta property=\"og:image:height\" content=\"445\" \/>\n\t<meta property=\"og:image:type\" content=\"image\/jpeg\" \/>\n<meta name=\"author\" content=\"Algarve 7\" \/>\n<meta name=\"twitter:card\" content=\"summary_large_image\" \/>\n<meta name=\"twitter:creator\" content=\"@Algarvesete\" \/>\n<meta name=\"twitter:site\" content=\"@Algarvesete\" \/>\n<meta name=\"twitter:label1\" content=\"Escrito por\" \/>\n\t<meta name=\"twitter:data1\" content=\"Algarve 7\" \/>\n\t<meta name=\"twitter:label2\" content=\"Tempo estimado de leitura\" \/>\n\t<meta name=\"twitter:data2\" content=\"5 minutos\" \/>\n<script type=\"application\/ld+json\" class=\"yoast-schema-graph\">{\"@context\":\"https:\\\/\\\/schema.org\",\"@graph\":[{\"@type\":\"Article\",\"@id\":\"https:\\\/\\\/algarve7.pt\\\/index.php\\\/2026\\\/04\\\/ferias-de-verao-de-portimao-com-novidades\\\/atualidade\\\/08\\\/15\\\/#article\",\"isPartOf\":{\"@id\":\"https:\\\/\\\/algarve7.pt\\\/index.php\\\/2026\\\/04\\\/ferias-de-verao-de-portimao-com-novidades\\\/atualidade\\\/08\\\/15\\\/\"},\"author\":{\"name\":\"Algarve 7\",\"@id\":\"https:\\\/\\\/algarve7.pt\\\/#\\\/schema\\\/person\\\/23fa70681308e7b319a3204bcea45e0c\"},\"headline\":\"F\u00e9rias de Ver\u00e3o de Portim\u00e3o com novidades\",\"datePublished\":\"2026-04-28T07:15:00+00:00\",\"mainEntityOfPage\":{\"@id\":\"https:\\\/\\\/algarve7.pt\\\/index.php\\\/2026\\\/04\\\/ferias-de-verao-de-portimao-com-novidades\\\/atualidade\\\/08\\\/15\\\/\"},\"wordCount\":788,\"publisher\":{\"@id\":\"https:\\\/\\\/algarve7.pt\\\/#organization\"},\"image\":{\"@id\":\"https:\\\/\\\/algarve7.pt\\\/index.php\\\/2026\\\/04\\\/ferias-de-verao-de-portimao-com-novidades\\\/atualidade\\\/08\\\/15\\\/#primaryimage\"},\"thumbnailUrl\":\"https:\\\/\\\/algarve7.pt\\\/wp-content\\\/uploads\\\/2026\\\/04\\\/Ferias-QPP.jpg\",\"keywords\":[\"Algarve\",\"Atualidade\",\"Portim\u00e3o\"],\"articleSection\":[\"Atualidade\"],\"inLanguage\":\"pt-PT\"},{\"@type\":\"WebPage\",\"@id\":\"https:\\\/\\\/algarve7.pt\\\/index.php\\\/2026\\\/04\\\/ferias-de-verao-de-portimao-com-novidades\\\/atualidade\\\/08\\\/15\\\/\",\"url\":\"https:\\\/\\\/algarve7.pt\\\/index.php\\\/2026\\\/04\\\/ferias-de-verao-de-portimao-com-novidades\\\/atualidade\\\/08\\\/15\\\/\",\"name\":\"F\u00e9rias de Ver\u00e3o de Portim\u00e3o com novidades - Algarve 7\",\"isPartOf\":{\"@id\":\"https:\\\/\\\/algarve7.pt\\\/#website\"},\"primaryImageOfPage\":{\"@id\":\"https:\\\/\\\/algarve7.pt\\\/index.php\\\/2026\\\/04\\\/ferias-de-verao-de-portimao-com-novidades\\\/atualidade\\\/08\\\/15\\\/#primaryimage\"},\"image\":{\"@id\":\"https:\\\/\\\/algarve7.pt\\\/index.php\\\/2026\\\/04\\\/ferias-de-verao-de-portimao-com-novidades\\\/atualidade\\\/08\\\/15\\\/#primaryimage\"},\"thumbnailUrl\":\"https:\\\/\\\/algarve7.pt\\\/wp-content\\\/uploads\\\/2026\\\/04\\\/Ferias-QPP.jpg\",\"datePublished\":\"2026-04-28T07:15:00+00:00\",\"description\":\"F\u00e9rias de Ver\u00e3o de Portim\u00e3o com novidades Atualidade\",\"breadcrumb\":{\"@id\":\"https:\\\/\\\/algarve7.pt\\\/index.php\\\/2026\\\/04\\\/ferias-de-verao-de-portimao-com-novidades\\\/atualidade\\\/08\\\/15\\\/#breadcrumb\"},\"inLanguage\":\"pt-PT\",\"potentialAction\":[{\"@type\":\"ReadAction\",\"target\":[\"https:\\\/\\\/algarve7.pt\\\/index.php\\\/2026\\\/04\\\/ferias-de-verao-de-portimao-com-novidades\\\/atualidade\\\/08\\\/15\\\/\"]}]},{\"@type\":\"ImageObject\",\"inLanguage\":\"pt-PT\",\"@id\":\"https:\\\/\\\/algarve7.pt\\\/index.php\\\/2026\\\/04\\\/ferias-de-verao-de-portimao-com-novidades\\\/atualidade\\\/08\\\/15\\\/#primaryimage\",\"url\":\"https:\\\/\\\/algarve7.pt\\\/wp-content\\\/uploads\\\/2026\\\/04\\\/Ferias-QPP.jpg\",\"contentUrl\":\"https:\\\/\\\/algarve7.pt\\\/wp-content\\\/uploads\\\/2026\\\/04\\\/Ferias-QPP.jpg\",\"width\":800,\"height\":445},{\"@type\":\"BreadcrumbList\",\"@id\":\"https:\\\/\\\/algarve7.pt\\\/index.php\\\/2026\\\/04\\\/ferias-de-verao-de-portimao-com-novidades\\\/atualidade\\\/08\\\/15\\\/#breadcrumb\",\"itemListElement\":[{\"@type\":\"ListItem\",\"position\":1,\"name\":\"In\u00edcio\",\"item\":\"https:\\\/\\\/algarve7.pt\\\/\"},{\"@type\":\"ListItem\",\"position\":2,\"name\":\"F\u00e9rias de Ver\u00e3o de Portim\u00e3o com novidades\"}]},{\"@type\":\"WebSite\",\"@id\":\"https:\\\/\\\/algarve7.pt\\\/#website\",\"url\":\"https:\\\/\\\/algarve7.pt\\\/\",\"name\":\"Algarve 7\",\"description\":\"Informa\u00e7\u00e3o sobre o Algarve\",\"publisher\":{\"@id\":\"https:\\\/\\\/algarve7.pt\\\/#organization\"},\"potentialAction\":[{\"@type\":\"SearchAction\",\"target\":{\"@type\":\"EntryPoint\",\"urlTemplate\":\"https:\\\/\\\/algarve7.pt\\\/?s={search_term_string}\"},\"query-input\":{\"@type\":\"PropertyValueSpecification\",\"valueRequired\":true,\"valueName\":\"search_term_string\"}}],\"inLanguage\":\"pt-PT\"},{\"@type\":\"Organization\",\"@id\":\"https:\\\/\\\/algarve7.pt\\\/#organization\",\"name\":\"Algarve 7\",\"url\":\"https:\\\/\\\/algarve7.pt\\\/\",\"logo\":{\"@type\":\"ImageObject\",\"inLanguage\":\"pt-PT\",\"@id\":\"https:\\\/\\\/algarve7.pt\\\/#\\\/schema\\\/logo\\\/image\\\/\",\"url\":\"https:\\\/\\\/algarve7.pt\\\/wp-content\\\/uploads\\\/2020\\\/10\\\/Logo-8.jpg\",\"contentUrl\":\"https:\\\/\\\/algarve7.pt\\\/wp-content\\\/uploads\\\/2020\\\/10\\\/Logo-8.jpg\",\"width\":1680,\"height\":1186,\"caption\":\"Algarve 7\"},\"image\":{\"@id\":\"https:\\\/\\\/algarve7.pt\\\/#\\\/schema\\\/logo\\\/image\\\/\"},\"sameAs\":[\"https:\\\/\\\/www.facebook.com\\\/algarve7\",\"https:\\\/\\\/x.com\\\/Algarvesete\",\"https:\\\/\\\/www.instagram.com\\\/jornalalgarve7\\\/\",\"https:\\\/\\\/www.linkedin.com\\\/company\\\/algarve7\",\"https:\\\/\\\/www.pinterest.pt\\\/geral0939\\\/_created\\\/\"]},{\"@type\":\"Person\",\"@id\":\"https:\\\/\\\/algarve7.pt\\\/#\\\/schema\\\/person\\\/23fa70681308e7b319a3204bcea45e0c\",\"name\":\"Algarve 7\",\"sameAs\":[\"https:\\\/\\\/algarve7.pt\",\"https:\\\/\\\/www.facebook.com\\\/algarve7\"],\"url\":\"https:\\\/\\\/algarve7.pt\\\/index.php\\\/author\\\/geralalgarve7-pt\\\/\"}]}<\/script>\n<!-- \/ Yoast SEO plugin. -->","yoast_head_json":{"title":"F\u00e9rias de Ver\u00e3o de Portim\u00e3o com novidades - Algarve 7","description":"F\u00e9rias de Ver\u00e3o de Portim\u00e3o com novidades Atualidade","robots":{"index":"index","follow":"follow","max-snippet":"max-snippet:-1","max-image-preview":"max-image-preview:large","max-video-preview":"max-video-preview:-1"},"canonical":"https:\/\/algarve7.pt\/index.php\/2026\/04\/ferias-de-verao-de-portimao-com-novidades\/atualidade\/08\/15\/","og_locale":"pt_PT","og_type":"article","og_title":"F\u00e9rias de Ver\u00e3o de Portim\u00e3o com novidades - Algarve 7","og_description":"F\u00e9rias de Ver\u00e3o de Portim\u00e3o com novidades Atualidade","og_url":"https:\/\/algarve7.pt\/index.php\/2026\/04\/ferias-de-verao-de-portimao-com-novidades\/atualidade\/08\/15\/","og_site_name":"Algarve 7","article_publisher":"https:\/\/www.facebook.com\/algarve7","article_author":"https:\/\/www.facebook.com\/algarve7","article_published_time":"2026-04-28T07:15:00+00:00","og_image":[{"width":800,"height":445,"url":"https:\/\/algarve7.pt\/wp-content\/uploads\/2026\/04\/Ferias-QPP.jpg","type":"image\/jpeg"}],"author":"Algarve 7","twitter_card":"summary_large_image","twitter_creator":"@Algarvesete","twitter_site":"@Algarvesete","twitter_misc":{"Escrito por":"Algarve 7","Tempo estimado de leitura":"5 minutos"},"schema":{"@context":"https:\/\/schema.org","@graph":[{"@type":"Article","@id":"https:\/\/algarve7.pt\/index.php\/2026\/04\/ferias-de-verao-de-portimao-com-novidades\/atualidade\/08\/15\/#article","isPartOf":{"@id":"https:\/\/algarve7.pt\/index.php\/2026\/04\/ferias-de-verao-de-portimao-com-novidades\/atualidade\/08\/15\/"},"author":{"name":"Algarve 7","@id":"https:\/\/algarve7.pt\/#\/schema\/person\/23fa70681308e7b319a3204bcea45e0c"},"headline":"F\u00e9rias de Ver\u00e3o de Portim\u00e3o com novidades","datePublished":"2026-04-28T07:15:00+00:00","mainEntityOfPage":{"@id":"https:\/\/algarve7.pt\/index.php\/2026\/04\/ferias-de-verao-de-portimao-com-novidades\/atualidade\/08\/15\/"},"wordCount":788,"publisher":{"@id":"https:\/\/algarve7.pt\/#organization"},"image":{"@id":"https:\/\/algarve7.pt\/index.php\/2026\/04\/ferias-de-verao-de-portimao-com-novidades\/atualidade\/08\/15\/#primaryimage"},"thumbnailUrl":"https:\/\/algarve7.pt\/wp-content\/uploads\/2026\/04\/Ferias-QPP.jpg","keywords":["Algarve","Atualidade","Portim\u00e3o"],"articleSection":["Atualidade"],"inLanguage":"pt-PT"},{"@type":"WebPage","@id":"https:\/\/algarve7.pt\/index.php\/2026\/04\/ferias-de-verao-de-portimao-com-novidades\/atualidade\/08\/15\/","url":"https:\/\/algarve7.pt\/index.php\/2026\/04\/ferias-de-verao-de-portimao-com-novidades\/atualidade\/08\/15\/","name":"F\u00e9rias de Ver\u00e3o de Portim\u00e3o com novidades - Algarve 7","isPartOf":{"@id":"https:\/\/algarve7.pt\/#website"},"primaryImageOfPage":{"@id":"https:\/\/algarve7.pt\/index.php\/2026\/04\/ferias-de-verao-de-portimao-com-novidades\/atualidade\/08\/15\/#primaryimage"},"image":{"@id":"https:\/\/algarve7.pt\/index.php\/2026\/04\/ferias-de-verao-de-portimao-com-novidades\/atualidade\/08\/15\/#primaryimage"},"thumbnailUrl":"https:\/\/algarve7.pt\/wp-content\/uploads\/2026\/04\/Ferias-QPP.jpg","datePublished":"2026-04-28T07:15:00+00:00","description":"F\u00e9rias de Ver\u00e3o de Portim\u00e3o com novidades Atualidade","breadcrumb":{"@id":"https:\/\/algarve7.pt\/index.php\/2026\/04\/ferias-de-verao-de-portimao-com-novidades\/atualidade\/08\/15\/#breadcrumb"},"inLanguage":"pt-PT","potentialAction":[{"@type":"ReadAction","target":["https:\/\/algarve7.pt\/index.php\/2026\/04\/ferias-de-verao-de-portimao-com-novidades\/atualidade\/08\/15\/"]}]},{"@type":"ImageObject","inLanguage":"pt-PT","@id":"https:\/\/algarve7.pt\/index.php\/2026\/04\/ferias-de-verao-de-portimao-com-novidades\/atualidade\/08\/15\/#primaryimage","url":"https:\/\/algarve7.pt\/wp-content\/uploads\/2026\/04\/Ferias-QPP.jpg","contentUrl":"https:\/\/algarve7.pt\/wp-content\/uploads\/2026\/04\/Ferias-QPP.jpg","width":800,"height":445},{"@type":"BreadcrumbList","@id":"https:\/\/algarve7.pt\/index.php\/2026\/04\/ferias-de-verao-de-portimao-com-novidades\/atualidade\/08\/15\/#breadcrumb","itemListElement":[{"@type":"ListItem","position":1,"name":"In\u00edcio","item":"https:\/\/algarve7.pt\/"},{"@type":"ListItem","position":2,"name":"F\u00e9rias de Ver\u00e3o de Portim\u00e3o com novidades"}]},{"@type":"WebSite","@id":"https:\/\/algarve7.pt\/#website","url":"https:\/\/algarve7.pt\/","name":"Algarve 7","description":"Informa\u00e7\u00e3o sobre o Algarve","publisher":{"@id":"https:\/\/algarve7.pt\/#organization"},"potentialAction":[{"@type":"SearchAction","target":{"@type":"EntryPoint","urlTemplate":"https:\/\/algarve7.pt\/?s={search_term_string}"},"query-input":{"@type":"PropertyValueSpecification","valueRequired":true,"valueName":"search_term_string"}}],"inLanguage":"pt-PT"},{"@type":"Organization","@id":"https:\/\/algarve7.pt\/#organization","name":"Algarve 7","url":"https:\/\/algarve7.pt\/","logo":{"@type":"ImageObject","inLanguage":"pt-PT","@id":"https:\/\/algarve7.pt\/#\/schema\/logo\/image\/","url":"https:\/\/algarve7.pt\/wp-content\/uploads\/2020\/10\/Logo-8.jpg","contentUrl":"https:\/\/algarve7.pt\/wp-content\/uploads\/2020\/10\/Logo-8.jpg","width":1680,"height":1186,"caption":"Algarve 7"},"image":{"@id":"https:\/\/algarve7.pt\/#\/schema\/logo\/image\/"},"sameAs":["https:\/\/www.facebook.com\/algarve7","https:\/\/x.com\/Algarvesete","https:\/\/www.instagram.com\/jornalalgarve7\/","https:\/\/www.linkedin.com\/company\/algarve7","https:\/\/www.pinterest.pt\/geral0939\/_created\/"]},{"@type":"Person","@id":"https:\/\/algarve7.pt\/#\/schema\/person\/23fa70681308e7b319a3204bcea45e0c","name":"Algarve 7","sameAs":["https:\/\/algarve7.pt","https:\/\/www.facebook.com\/algarve7"],"url":"https:\/\/algarve7.pt\/index.php\/author\/geralalgarve7-pt\/"}]}},"jetpack_publicize_connections":[],"jetpack_featured_media_url":"https:\/\/algarve7.pt\/wp-content\/uploads\/2026\/04\/Ferias-QPP.jpg","jetpack_shortlink":"https:\/\/wp.me\/pcezmW-g1O","jetpack_sharing_enabled":true,"_links":{"self":[{"href":"https:\/\/algarve7.pt\/index.php\/wp-json\/wp\/v2\/posts\/61616","targetHints":{"allow":["GET"]}}],"collection":[{"href":"https:\/\/algarve7.pt\/index.php\/wp-json\/wp\/v2\/posts"}],"about":[{"href":"https:\/\/algarve7.pt\/index.php\/wp-json\/wp\/v2\/types\/post"}],"author":[{"embeddable":true,"href":"https:\/\/algarve7.pt\/index.php\/wp-json\/wp\/v2\/users\/1"}],"replies":[{"embeddable":true,"href":"https:\/\/algarve7.pt\/index.php\/wp-json\/wp\/v2\/comments?post=61616"}],"version-history":[{"count":1,"href":"https:\/\/algarve7.pt\/index.php\/wp-json\/wp\/v2\/posts\/61616\/revisions"}],"predecessor-version":[{"id":61618,"href":"https:\/\/algarve7.pt\/index.php\/wp-json\/wp\/v2\/posts\/61616\/revisions\/61618"}],"wp:featuredmedia":[{"embeddable":true,"href":"https:\/\/algarve7.pt\/index.php\/wp-json\/wp\/v2\/media\/61617"}],"wp:attachment":[{"href":"https:\/\/algarve7.pt\/index.php\/wp-json\/wp\/v2\/media?parent=61616"}],"wp:term":[{"taxonomy":"category","embeddable":true,"href":"https:\/\/algarve7.pt\/index.php\/wp-json\/wp\/v2\/categories?post=61616"},{"taxonomy":"post_tag","embeddable":true,"href":"https:\/\/algarve7.pt\/index.php\/wp-json\/wp\/v2\/tags?post=61616"}],"curies":[{"name":"wp","href":"https:\/\/api.w.org\/{rel}","templated":true}]}}