{"id":61604,"date":"2026-04-27T14:12:40","date_gmt":"2026-04-27T13:12:40","guid":{"rendered":"https:\/\/algarve7.pt\/?p=61604"},"modified":"2026-04-27T14:12:43","modified_gmt":"2026-04-27T13:12:43","slug":"parentalidade-positiva-e-os-seus-desafios-forum-de-saude-mental-em-lagoa","status":"publish","type":"post","link":"https:\/\/algarve7.pt\/index.php\/2026\/04\/parentalidade-positiva-e-os-seus-desafios-forum-de-saude-mental-em-lagoa\/saude\/14\/12\/","title":{"rendered":"Parentalidade Positiva e os seus Desafios F\u00f3rum de Sa\u00fade Mental em Lagoa"},"content":{"rendered":"\n<p>A internet faz parte do quotidiano das crian\u00e7as e jovens, trazendo oportunidades, mas tamb\u00e9m novos desafios para as fam\u00edlias.&nbsp;<br>Nesta \u00faltima sess\u00e3o dos F\u00f3runs de Sa\u00fade Mental ser\u00e3o abordados os principais riscos do ambiente digital, formas de preven\u00e7\u00e3o e estrat\u00e9gias para promover uma utiliza\u00e7\u00e3o segura e consciente da tecnologia.&nbsp;<\/p>\n\n\n\n<p><br>Um encontro dirigido a pais, t\u00e9cnicos e comunidade, com ferramentas pr\u00e1ticas para fortalecer o di\u00e1logo em fam\u00edlia e acompanhar de forma mais pr\u00f3xima a realidade digital dos mais novos.&nbsp;<\/p>\n\n\n\n<p><br>Inscri\u00e7\u00e3o:&nbsp;<a href=\"https:\/\/22.idmkt2.com\/go\/6a5bdc40ed887970f-688f78489b4c6b9b3081f62ed457c5d409e5e6zX8e1yXCGeuFe5Yi\" target=\"_blank\" rel=\"noreferrer noopener\"><strong>https:\/\/forms.gle\/pFwDa2kdMV23khFb8<\/strong><\/a><\/p>\n\n\n\n<p>\ud835\udde5\ud835\uddf6\ud835\ude00\ud835\uddf0\ud835\uddfc\ud835\ude00 \ud835\uddf2 \ud835\uddd7\ud835\uddf2\ud835\ude00\ud835\uddee\ud835\uddf3\ud835\uddf6\ud835\uddfc\ud835\ude00 \ud835\uddf1\ud835\uddee \ud835\udddc\ud835\uddfb\ud835\ude01\ud835\uddf2\ud835\uddff\ud835\uddfb\ud835\uddf2\ud835\ude01\u00a0<br>30 de abril | 18h00\u00a0<br> Audit\u00f3rio EB Rio Arade\u00a0<\/p>\n","protected":false},"excerpt":{"rendered":"<p>A internet faz parte do quotidiano das crian\u00e7as e jovens, trazendo oportunidades, mas tamb\u00e9m novos desafios para as fam\u00edlias.&nbsp;Nesta \u00faltima<\/p>\n","protected":false},"author":1,"featured_media":61605,"comment_status":"closed","ping_status":"closed","sticky":false,"template":"","format":"standard","meta":{"colormag_page_container_layout":"default_layout","colormag_page_sidebar_layout":"default_layout","_monsterinsights_skip_tracking":false,"_monsterinsights_sitenote_active":false,"_monsterinsights_sitenote_note":"","_monsterinsights_sitenote_category":0,"jetpack_post_was_ever_published":false,"_jetpack_newsletter_access":"","_jetpack_dont_email_post_to_subs":false,"_jetpack_newsletter_tier_id":0,"_jetpack_memberships_contains_paywalled_content":false,"_jetpack_memberships_contains_paid_content":false,"footnotes":"","jetpack_publicize_message":"","jetpack_publicize_feature_enabled":true,"jetpack_social_post_already_shared":true,"jetpack_social_options":{"image_generator_settings":{"template":"highway","default_image_id":0,"font":"","enabled":false},"version":2}},"categories":[59],"tags":[36,48,58],"class_list":["post-61604","post","type-post","status-publish","format-standard","has-post-thumbnail","hentry","category-saude","tag-algarve","tag-lagoa","tag-saude"],"yoast_head":"<!-- This site is optimized with the Yoast SEO plugin v27.4 - https:\/\/yoast.com\/product\/yoast-seo-wordpress\/ -->\n<title>Parentalidade Positiva e os seus Desafios F\u00f3rum de Sa\u00fade Mental em Lagoa - Algarve 7<\/title>\n<meta name=\"description\" content=\"Parentalidade Positiva e os seus Desafios F\u00f3rum de Sa\u00fade Mental em Lagoa Sa\u00fade\" \/>\n<meta name=\"robots\" content=\"index, follow, max-snippet:-1, max-image-preview:large, max-video-preview:-1\" \/>\n<link rel=\"canonical\" href=\"https:\/\/algarve7.pt\/index.php\/2026\/04\/parentalidade-positiva-e-os-seus-desafios-forum-de-saude-mental-em-lagoa\/saude\/14\/12\/\" \/>\n<meta property=\"og:locale\" content=\"pt_PT\" \/>\n<meta property=\"og:type\" content=\"article\" \/>\n<meta property=\"og:title\" content=\"Parentalidade Positiva e os seus Desafios F\u00f3rum de Sa\u00fade Mental em Lagoa - Algarve 7\" \/>\n<meta property=\"og:description\" content=\"Parentalidade Positiva e os seus Desafios F\u00f3rum de Sa\u00fade Mental em Lagoa Sa\u00fade\" \/>\n<meta property=\"og:url\" content=\"https:\/\/algarve7.pt\/index.php\/2026\/04\/parentalidade-positiva-e-os-seus-desafios-forum-de-saude-mental-em-lagoa\/saude\/14\/12\/\" \/>\n<meta property=\"og:site_name\" content=\"Algarve 7\" \/>\n<meta property=\"article:publisher\" content=\"https:\/\/www.facebook.com\/algarve7\" \/>\n<meta property=\"article:author\" content=\"https:\/\/www.facebook.com\/algarve7\" \/>\n<meta property=\"article:published_time\" content=\"2026-04-27T13:12:40+00:00\" \/>\n<meta property=\"article:modified_time\" content=\"2026-04-27T13:12:43+00:00\" \/>\n<meta property=\"og:image\" content=\"https:\/\/algarve7.pt\/wp-content\/uploads\/2026\/04\/Captura-de-ecra-2026-04-27-as-14.10.14.png\" \/>\n\t<meta property=\"og:image:width\" content=\"800\" \/>\n\t<meta property=\"og:image:height\" content=\"445\" \/>\n\t<meta property=\"og:image:type\" content=\"image\/png\" \/>\n<meta name=\"author\" content=\"Algarve 7\" \/>\n<meta name=\"twitter:card\" content=\"summary_large_image\" \/>\n<meta name=\"twitter:creator\" content=\"@Algarvesete\" \/>\n<meta name=\"twitter:site\" content=\"@Algarvesete\" \/>\n<meta name=\"twitter:label1\" content=\"Escrito por\" \/>\n\t<meta name=\"twitter:data1\" content=\"Algarve 7\" \/>\n\t<meta name=\"twitter:label2\" content=\"Tempo estimado de leitura\" \/>\n\t<meta name=\"twitter:data2\" content=\"1 minuto\" \/>\n<script type=\"application\/ld+json\" class=\"yoast-schema-graph\">{\"@context\":\"https:\\\/\\\/schema.org\",\"@graph\":[{\"@type\":\"Article\",\"@id\":\"https:\\\/\\\/algarve7.pt\\\/index.php\\\/2026\\\/04\\\/parentalidade-positiva-e-os-seus-desafios-forum-de-saude-mental-em-lagoa\\\/saude\\\/14\\\/12\\\/#article\",\"isPartOf\":{\"@id\":\"https:\\\/\\\/algarve7.pt\\\/index.php\\\/2026\\\/04\\\/parentalidade-positiva-e-os-seus-desafios-forum-de-saude-mental-em-lagoa\\\/saude\\\/14\\\/12\\\/\"},\"author\":{\"name\":\"Algarve 7\",\"@id\":\"https:\\\/\\\/algarve7.pt\\\/#\\\/schema\\\/person\\\/23fa70681308e7b319a3204bcea45e0c\"},\"headline\":\"Parentalidade Positiva e os seus Desafios F\u00f3rum de Sa\u00fade Mental em Lagoa\",\"datePublished\":\"2026-04-27T13:12:40+00:00\",\"dateModified\":\"2026-04-27T13:12:43+00:00\",\"mainEntityOfPage\":{\"@id\":\"https:\\\/\\\/algarve7.pt\\\/index.php\\\/2026\\\/04\\\/parentalidade-positiva-e-os-seus-desafios-forum-de-saude-mental-em-lagoa\\\/saude\\\/14\\\/12\\\/\"},\"wordCount\":127,\"publisher\":{\"@id\":\"https:\\\/\\\/algarve7.pt\\\/#organization\"},\"image\":{\"@id\":\"https:\\\/\\\/algarve7.pt\\\/index.php\\\/2026\\\/04\\\/parentalidade-positiva-e-os-seus-desafios-forum-de-saude-mental-em-lagoa\\\/saude\\\/14\\\/12\\\/#primaryimage\"},\"thumbnailUrl\":\"https:\\\/\\\/algarve7.pt\\\/wp-content\\\/uploads\\\/2026\\\/04\\\/Captura-de-ecra-2026-04-27-as-14.10.14.png\",\"keywords\":[\"Algarve\",\"Lagoa\",\"Sa\u00fade\"],\"articleSection\":[\"Sa\u00fade\"],\"inLanguage\":\"pt-PT\"},{\"@type\":\"WebPage\",\"@id\":\"https:\\\/\\\/algarve7.pt\\\/index.php\\\/2026\\\/04\\\/parentalidade-positiva-e-os-seus-desafios-forum-de-saude-mental-em-lagoa\\\/saude\\\/14\\\/12\\\/\",\"url\":\"https:\\\/\\\/algarve7.pt\\\/index.php\\\/2026\\\/04\\\/parentalidade-positiva-e-os-seus-desafios-forum-de-saude-mental-em-lagoa\\\/saude\\\/14\\\/12\\\/\",\"name\":\"Parentalidade Positiva e os seus Desafios F\u00f3rum de Sa\u00fade Mental em Lagoa - Algarve 7\",\"isPartOf\":{\"@id\":\"https:\\\/\\\/algarve7.pt\\\/#website\"},\"primaryImageOfPage\":{\"@id\":\"https:\\\/\\\/algarve7.pt\\\/index.php\\\/2026\\\/04\\\/parentalidade-positiva-e-os-seus-desafios-forum-de-saude-mental-em-lagoa\\\/saude\\\/14\\\/12\\\/#primaryimage\"},\"image\":{\"@id\":\"https:\\\/\\\/algarve7.pt\\\/index.php\\\/2026\\\/04\\\/parentalidade-positiva-e-os-seus-desafios-forum-de-saude-mental-em-lagoa\\\/saude\\\/14\\\/12\\\/#primaryimage\"},\"thumbnailUrl\":\"https:\\\/\\\/algarve7.pt\\\/wp-content\\\/uploads\\\/2026\\\/04\\\/Captura-de-ecra-2026-04-27-as-14.10.14.png\",\"datePublished\":\"2026-04-27T13:12:40+00:00\",\"dateModified\":\"2026-04-27T13:12:43+00:00\",\"description\":\"Parentalidade Positiva e os seus Desafios F\u00f3rum de Sa\u00fade Mental em Lagoa Sa\u00fade\",\"breadcrumb\":{\"@id\":\"https:\\\/\\\/algarve7.pt\\\/index.php\\\/2026\\\/04\\\/parentalidade-positiva-e-os-seus-desafios-forum-de-saude-mental-em-lagoa\\\/saude\\\/14\\\/12\\\/#breadcrumb\"},\"inLanguage\":\"pt-PT\",\"potentialAction\":[{\"@type\":\"ReadAction\",\"target\":[\"https:\\\/\\\/algarve7.pt\\\/index.php\\\/2026\\\/04\\\/parentalidade-positiva-e-os-seus-desafios-forum-de-saude-mental-em-lagoa\\\/saude\\\/14\\\/12\\\/\"]}]},{\"@type\":\"ImageObject\",\"inLanguage\":\"pt-PT\",\"@id\":\"https:\\\/\\\/algarve7.pt\\\/index.php\\\/2026\\\/04\\\/parentalidade-positiva-e-os-seus-desafios-forum-de-saude-mental-em-lagoa\\\/saude\\\/14\\\/12\\\/#primaryimage\",\"url\":\"https:\\\/\\\/algarve7.pt\\\/wp-content\\\/uploads\\\/2026\\\/04\\\/Captura-de-ecra-2026-04-27-as-14.10.14.png\",\"contentUrl\":\"https:\\\/\\\/algarve7.pt\\\/wp-content\\\/uploads\\\/2026\\\/04\\\/Captura-de-ecra-2026-04-27-as-14.10.14.png\",\"width\":800,\"height\":445},{\"@type\":\"BreadcrumbList\",\"@id\":\"https:\\\/\\\/algarve7.pt\\\/index.php\\\/2026\\\/04\\\/parentalidade-positiva-e-os-seus-desafios-forum-de-saude-mental-em-lagoa\\\/saude\\\/14\\\/12\\\/#breadcrumb\",\"itemListElement\":[{\"@type\":\"ListItem\",\"position\":1,\"name\":\"In\u00edcio\",\"item\":\"https:\\\/\\\/algarve7.pt\\\/\"},{\"@type\":\"ListItem\",\"position\":2,\"name\":\"Parentalidade Positiva e os seus Desafios F\u00f3rum de Sa\u00fade Mental em Lagoa\"}]},{\"@type\":\"WebSite\",\"@id\":\"https:\\\/\\\/algarve7.pt\\\/#website\",\"url\":\"https:\\\/\\\/algarve7.pt\\\/\",\"name\":\"Algarve 7\",\"description\":\"Informa\u00e7\u00e3o sobre o Algarve\",\"publisher\":{\"@id\":\"https:\\\/\\\/algarve7.pt\\\/#organization\"},\"potentialAction\":[{\"@type\":\"SearchAction\",\"target\":{\"@type\":\"EntryPoint\",\"urlTemplate\":\"https:\\\/\\\/algarve7.pt\\\/?s={search_term_string}\"},\"query-input\":{\"@type\":\"PropertyValueSpecification\",\"valueRequired\":true,\"valueName\":\"search_term_string\"}}],\"inLanguage\":\"pt-PT\"},{\"@type\":\"Organization\",\"@id\":\"https:\\\/\\\/algarve7.pt\\\/#organization\",\"name\":\"Algarve 7\",\"url\":\"https:\\\/\\\/algarve7.pt\\\/\",\"logo\":{\"@type\":\"ImageObject\",\"inLanguage\":\"pt-PT\",\"@id\":\"https:\\\/\\\/algarve7.pt\\\/#\\\/schema\\\/logo\\\/image\\\/\",\"url\":\"https:\\\/\\\/algarve7.pt\\\/wp-content\\\/uploads\\\/2020\\\/10\\\/Logo-8.jpg\",\"contentUrl\":\"https:\\\/\\\/algarve7.pt\\\/wp-content\\\/uploads\\\/2020\\\/10\\\/Logo-8.jpg\",\"width\":1680,\"height\":1186,\"caption\":\"Algarve 7\"},\"image\":{\"@id\":\"https:\\\/\\\/algarve7.pt\\\/#\\\/schema\\\/logo\\\/image\\\/\"},\"sameAs\":[\"https:\\\/\\\/www.facebook.com\\\/algarve7\",\"https:\\\/\\\/x.com\\\/Algarvesete\",\"https:\\\/\\\/www.instagram.com\\\/jornalalgarve7\\\/\",\"https:\\\/\\\/www.linkedin.com\\\/company\\\/algarve7\",\"https:\\\/\\\/www.pinterest.pt\\\/geral0939\\\/_created\\\/\"]},{\"@type\":\"Person\",\"@id\":\"https:\\\/\\\/algarve7.pt\\\/#\\\/schema\\\/person\\\/23fa70681308e7b319a3204bcea45e0c\",\"name\":\"Algarve 7\",\"sameAs\":[\"https:\\\/\\\/algarve7.pt\",\"https:\\\/\\\/www.facebook.com\\\/algarve7\"],\"url\":\"https:\\\/\\\/algarve7.pt\\\/index.php\\\/author\\\/geralalgarve7-pt\\\/\"}]}<\/script>\n<!-- \/ Yoast SEO plugin. -->","yoast_head_json":{"title":"Parentalidade Positiva e os seus Desafios F\u00f3rum de Sa\u00fade Mental em Lagoa - Algarve 7","description":"Parentalidade Positiva e os seus Desafios F\u00f3rum de Sa\u00fade Mental em Lagoa Sa\u00fade","robots":{"index":"index","follow":"follow","max-snippet":"max-snippet:-1","max-image-preview":"max-image-preview:large","max-video-preview":"max-video-preview:-1"},"canonical":"https:\/\/algarve7.pt\/index.php\/2026\/04\/parentalidade-positiva-e-os-seus-desafios-forum-de-saude-mental-em-lagoa\/saude\/14\/12\/","og_locale":"pt_PT","og_type":"article","og_title":"Parentalidade Positiva e os seus Desafios F\u00f3rum de Sa\u00fade Mental em Lagoa - Algarve 7","og_description":"Parentalidade Positiva e os seus Desafios F\u00f3rum de Sa\u00fade Mental em Lagoa Sa\u00fade","og_url":"https:\/\/algarve7.pt\/index.php\/2026\/04\/parentalidade-positiva-e-os-seus-desafios-forum-de-saude-mental-em-lagoa\/saude\/14\/12\/","og_site_name":"Algarve 7","article_publisher":"https:\/\/www.facebook.com\/algarve7","article_author":"https:\/\/www.facebook.com\/algarve7","article_published_time":"2026-04-27T13:12:40+00:00","article_modified_time":"2026-04-27T13:12:43+00:00","og_image":[{"width":800,"height":445,"url":"https:\/\/algarve7.pt\/wp-content\/uploads\/2026\/04\/Captura-de-ecra-2026-04-27-as-14.10.14.png","type":"image\/png"}],"author":"Algarve 7","twitter_card":"summary_large_image","twitter_creator":"@Algarvesete","twitter_site":"@Algarvesete","twitter_misc":{"Escrito por":"Algarve 7","Tempo estimado de leitura":"1 minuto"},"schema":{"@context":"https:\/\/schema.org","@graph":[{"@type":"Article","@id":"https:\/\/algarve7.pt\/index.php\/2026\/04\/parentalidade-positiva-e-os-seus-desafios-forum-de-saude-mental-em-lagoa\/saude\/14\/12\/#article","isPartOf":{"@id":"https:\/\/algarve7.pt\/index.php\/2026\/04\/parentalidade-positiva-e-os-seus-desafios-forum-de-saude-mental-em-lagoa\/saude\/14\/12\/"},"author":{"name":"Algarve 7","@id":"https:\/\/algarve7.pt\/#\/schema\/person\/23fa70681308e7b319a3204bcea45e0c"},"headline":"Parentalidade Positiva e os seus Desafios F\u00f3rum de Sa\u00fade Mental em Lagoa","datePublished":"2026-04-27T13:12:40+00:00","dateModified":"2026-04-27T13:12:43+00:00","mainEntityOfPage":{"@id":"https:\/\/algarve7.pt\/index.php\/2026\/04\/parentalidade-positiva-e-os-seus-desafios-forum-de-saude-mental-em-lagoa\/saude\/14\/12\/"},"wordCount":127,"publisher":{"@id":"https:\/\/algarve7.pt\/#organization"},"image":{"@id":"https:\/\/algarve7.pt\/index.php\/2026\/04\/parentalidade-positiva-e-os-seus-desafios-forum-de-saude-mental-em-lagoa\/saude\/14\/12\/#primaryimage"},"thumbnailUrl":"https:\/\/algarve7.pt\/wp-content\/uploads\/2026\/04\/Captura-de-ecra-2026-04-27-as-14.10.14.png","keywords":["Algarve","Lagoa","Sa\u00fade"],"articleSection":["Sa\u00fade"],"inLanguage":"pt-PT"},{"@type":"WebPage","@id":"https:\/\/algarve7.pt\/index.php\/2026\/04\/parentalidade-positiva-e-os-seus-desafios-forum-de-saude-mental-em-lagoa\/saude\/14\/12\/","url":"https:\/\/algarve7.pt\/index.php\/2026\/04\/parentalidade-positiva-e-os-seus-desafios-forum-de-saude-mental-em-lagoa\/saude\/14\/12\/","name":"Parentalidade Positiva e os seus Desafios F\u00f3rum de Sa\u00fade Mental em Lagoa - Algarve 7","isPartOf":{"@id":"https:\/\/algarve7.pt\/#website"},"primaryImageOfPage":{"@id":"https:\/\/algarve7.pt\/index.php\/2026\/04\/parentalidade-positiva-e-os-seus-desafios-forum-de-saude-mental-em-lagoa\/saude\/14\/12\/#primaryimage"},"image":{"@id":"https:\/\/algarve7.pt\/index.php\/2026\/04\/parentalidade-positiva-e-os-seus-desafios-forum-de-saude-mental-em-lagoa\/saude\/14\/12\/#primaryimage"},"thumbnailUrl":"https:\/\/algarve7.pt\/wp-content\/uploads\/2026\/04\/Captura-de-ecra-2026-04-27-as-14.10.14.png","datePublished":"2026-04-27T13:12:40+00:00","dateModified":"2026-04-27T13:12:43+00:00","description":"Parentalidade Positiva e os seus Desafios F\u00f3rum de Sa\u00fade Mental em Lagoa Sa\u00fade","breadcrumb":{"@id":"https:\/\/algarve7.pt\/index.php\/2026\/04\/parentalidade-positiva-e-os-seus-desafios-forum-de-saude-mental-em-lagoa\/saude\/14\/12\/#breadcrumb"},"inLanguage":"pt-PT","potentialAction":[{"@type":"ReadAction","target":["https:\/\/algarve7.pt\/index.php\/2026\/04\/parentalidade-positiva-e-os-seus-desafios-forum-de-saude-mental-em-lagoa\/saude\/14\/12\/"]}]},{"@type":"ImageObject","inLanguage":"pt-PT","@id":"https:\/\/algarve7.pt\/index.php\/2026\/04\/parentalidade-positiva-e-os-seus-desafios-forum-de-saude-mental-em-lagoa\/saude\/14\/12\/#primaryimage","url":"https:\/\/algarve7.pt\/wp-content\/uploads\/2026\/04\/Captura-de-ecra-2026-04-27-as-14.10.14.png","contentUrl":"https:\/\/algarve7.pt\/wp-content\/uploads\/2026\/04\/Captura-de-ecra-2026-04-27-as-14.10.14.png","width":800,"height":445},{"@type":"BreadcrumbList","@id":"https:\/\/algarve7.pt\/index.php\/2026\/04\/parentalidade-positiva-e-os-seus-desafios-forum-de-saude-mental-em-lagoa\/saude\/14\/12\/#breadcrumb","itemListElement":[{"@type":"ListItem","position":1,"name":"In\u00edcio","item":"https:\/\/algarve7.pt\/"},{"@type":"ListItem","position":2,"name":"Parentalidade Positiva e os seus Desafios F\u00f3rum de Sa\u00fade Mental em Lagoa"}]},{"@type":"WebSite","@id":"https:\/\/algarve7.pt\/#website","url":"https:\/\/algarve7.pt\/","name":"Algarve 7","description":"Informa\u00e7\u00e3o sobre o Algarve","publisher":{"@id":"https:\/\/algarve7.pt\/#organization"},"potentialAction":[{"@type":"SearchAction","target":{"@type":"EntryPoint","urlTemplate":"https:\/\/algarve7.pt\/?s={search_term_string}"},"query-input":{"@type":"PropertyValueSpecification","valueRequired":true,"valueName":"search_term_string"}}],"inLanguage":"pt-PT"},{"@type":"Organization","@id":"https:\/\/algarve7.pt\/#organization","name":"Algarve 7","url":"https:\/\/algarve7.pt\/","logo":{"@type":"ImageObject","inLanguage":"pt-PT","@id":"https:\/\/algarve7.pt\/#\/schema\/logo\/image\/","url":"https:\/\/algarve7.pt\/wp-content\/uploads\/2020\/10\/Logo-8.jpg","contentUrl":"https:\/\/algarve7.pt\/wp-content\/uploads\/2020\/10\/Logo-8.jpg","width":1680,"height":1186,"caption":"Algarve 7"},"image":{"@id":"https:\/\/algarve7.pt\/#\/schema\/logo\/image\/"},"sameAs":["https:\/\/www.facebook.com\/algarve7","https:\/\/x.com\/Algarvesete","https:\/\/www.instagram.com\/jornalalgarve7\/","https:\/\/www.linkedin.com\/company\/algarve7","https:\/\/www.pinterest.pt\/geral0939\/_created\/"]},{"@type":"Person","@id":"https:\/\/algarve7.pt\/#\/schema\/person\/23fa70681308e7b319a3204bcea45e0c","name":"Algarve 7","sameAs":["https:\/\/algarve7.pt","https:\/\/www.facebook.com\/algarve7"],"url":"https:\/\/algarve7.pt\/index.php\/author\/geralalgarve7-pt\/"}]}},"jetpack_publicize_connections":[],"jetpack_featured_media_url":"https:\/\/algarve7.pt\/wp-content\/uploads\/2026\/04\/Captura-de-ecra-2026-04-27-as-14.10.14.png","jetpack_shortlink":"https:\/\/wp.me\/pcezmW-g1C","jetpack_sharing_enabled":true,"_links":{"self":[{"href":"https:\/\/algarve7.pt\/index.php\/wp-json\/wp\/v2\/posts\/61604","targetHints":{"allow":["GET"]}}],"collection":[{"href":"https:\/\/algarve7.pt\/index.php\/wp-json\/wp\/v2\/posts"}],"about":[{"href":"https:\/\/algarve7.pt\/index.php\/wp-json\/wp\/v2\/types\/post"}],"author":[{"embeddable":true,"href":"https:\/\/algarve7.pt\/index.php\/wp-json\/wp\/v2\/users\/1"}],"replies":[{"embeddable":true,"href":"https:\/\/algarve7.pt\/index.php\/wp-json\/wp\/v2\/comments?post=61604"}],"version-history":[{"count":1,"href":"https:\/\/algarve7.pt\/index.php\/wp-json\/wp\/v2\/posts\/61604\/revisions"}],"predecessor-version":[{"id":61606,"href":"https:\/\/algarve7.pt\/index.php\/wp-json\/wp\/v2\/posts\/61604\/revisions\/61606"}],"wp:featuredmedia":[{"embeddable":true,"href":"https:\/\/algarve7.pt\/index.php\/wp-json\/wp\/v2\/media\/61605"}],"wp:attachment":[{"href":"https:\/\/algarve7.pt\/index.php\/wp-json\/wp\/v2\/media?parent=61604"}],"wp:term":[{"taxonomy":"category","embeddable":true,"href":"https:\/\/algarve7.pt\/index.php\/wp-json\/wp\/v2\/categories?post=61604"},{"taxonomy":"post_tag","embeddable":true,"href":"https:\/\/algarve7.pt\/index.php\/wp-json\/wp\/v2\/tags?post=61604"}],"curies":[{"name":"wp","href":"https:\/\/api.w.org\/{rel}","templated":true}]}}